{"id":7796,"date":"2023-08-11T12:26:00","date_gmt":"2023-08-11T10:26:00","guid":{"rendered":"https:\/\/pakuten.pl\/blog\/?p=7796"},"modified":"2023-08-09T13:51:11","modified_gmt":"2023-08-09T11:51:11","slug":"jesienne-stylizacje-czas-odswiezyc-swoja-szafe-na-chlodniejsze-dni","status":"publish","type":"post","link":"https:\/\/pakuten.pl\/blog\/jesienne-stylizacje-czas-odswiezyc-swoja-szafe-na-chlodniejsze-dni\/","title":{"rendered":"Jesienne stylizacje, czas od\u015bwie\u017cy\u0107 swoj\u0105 szaf\u0119 na ch\u0142odniejsze dni ."},"content":{"rendered":"\n<p><strong>Inspiruj\u0105ce stylizacje jesienne , czerpiemy z r\u00f3\u017cnych rzeczy i sytuacji oraz pogody. Magia jesiennych li\u015bci te\u017c robi du\u017ce wra\u017cenie , kt\u00f3re mo\u017ce wp\u0142yn\u0105\u0107 na twoj\u0105 stylizacje czy samopoczucie. Jesie\u0144 to magiczny okres, kiedy li\u015bcie zmieniaj\u0105 kolor, a powietrze nape\u0142nia si\u0119 ch\u0142odem i \u015bwie\u017co\u015bci\u0105. To tak\u017ce czas, kiedy mo\u017cemy zaszale\u0107 ze stylizacjami, interfejsem wygody z mod\u0105 i unikalnym, jesiennym wygl\u0105dem. W tym artykule odkryjemy \u015bwiat jesieni w \u015brodowisku mody, wdra\u017camy pomys\u0142y na stylizacje, kt\u00f3re oka\u017c\u0105 Ci tw\u00f3j styl nawet w ch\u0142odniejszych dniach.<\/strong><\/p>\n<p><img loading=\"lazy\" class=\"aligncenter size-full wp-image-5820\" src=\"https:\/\/pakuten.pl\/blog\/wp-content\/uploads\/2021\/11\/Bluzki-w-wydaniu-s\u0301wia\u0328tecznym.png\" alt=\"\" width=\"960\" height=\"640\" \/><\/p>\n<h2><span style=\"color: #ff9900;\">Swetry wracaj\u0105 do szaf !<\/span><\/h2>\n<p>Koniecznie musisz mie\u0107 w zapasie du\u017co swetr\u00f3w nie tylko tych jedno kolorowych ale w\u0142a\u015bnie tych kolorowych .Odejd\u017a od Monotonii: W jesienne dni, kiedy natura jest pe\u0142na kolor\u00f3w, dlaczego Twoja garderoba musi by\u0107 monochromatyczn\u0105? Wzorzyste swetry w krat\u0119, paski, czy geometryczne motywy dodaj\u0105 \u017cycia i Twoim stylizacjom. U\u0142\u00f3\u017c je z prostymi spodniami lub sp\u00f3dnicami, tworz\u0105c harmonijn\u0105 ca\u0142o\u015b\u0107.<\/p>\n<p><img loading=\"lazy\" class=\"aligncenter size-full wp-image-7799\" src=\"https:\/\/pakuten.pl\/blog\/wp-content\/uploads\/2023\/08\/1-51.jpg\" alt=\"\" width=\"1280\" height=\"1706\" \/><\/p>\n<h2><span style=\"color: #ff9900;\">Jakie spodnie i buty ?<\/span><\/h2>\n<p>Spodnie Wysokiej Jako\u015bci to Klucz do Elegancji. Jesie\u0144 na czas, kiedy mo\u017cesz doda\u0107 z szafy swoje ulubione spodnie, kt\u00f3re by\u0142y nieu\u017cywane przez ca\u0142e lato. Zainwestuj w modele wysokiej jako\u015bci, takie jak sk\u00f3rzane legginsy lub spodnie o\u0142\u00f3wkowe. Te klasyki nie tylko dodaj\u0105 elegancji, ale mog\u0105 by\u0107 baz\u0105 dla wielu r\u00f3\u017cnych stylizacji.<\/p>\n<p>Kozaki i Botki &#8211; Poczuj Ciep\u0142o i Styl. Jesienne stylizacje cz\u0119sto wymagaj\u0105 odpowiedniego obuwia. Kozaki do kolan lub botek do doskona\u0142ych wybor\u00f3w. Nie tylko do sta\u0142ego ogrzewania, ale tak\u017ce na pod\u0142\u0105czenie stylu i elegancji. Dobierz kozaki w neutralnych kolorach, aby zosta\u0142y u\u017cyte do zestawiania z dodatkowymi ubraniami czy dodatkami.<\/p>\n<p><img loading=\"lazy\" class=\"aligncenter size-full wp-image-7800\" src=\"https:\/\/pakuten.pl\/blog\/wp-content\/uploads\/2023\/08\/1-08.jpg\" alt=\"\" width=\"1280\" height=\"1707\" \/><\/p>\n<h2><span style=\"color: #ff9900;\">Jakie nakrycia g\u0142owy wykorzysta\u0107 ?<\/span><\/h2>\n<p>Nakrycia G\u0142owy\u00a0 czyli inaczej jesienna korona. Czapki i czapki z daszkiem nie tylko chroni\u0105 przed ch\u0142odem, ale tak\u017ce dodaj\u0105 charakteru Twoim stylizacjom. Wybierz mi\u0119dzy we\u0142nian\u0105 beretk\u0105 a bejsbol\u00f3wk\u0105 w modnych wzorach. Nakrycie g\u0142owy mo\u017ce by\u0107 szczeg\u00f3lnym akcentem, kt\u00f3ry podkre\u015bla Twoj\u0105 osobowo\u015b\u0107.<\/p>\n<p>\u00a0<\/p>\n<div class=\"product-box-container\">\r\n<div class=\"one_third \" style=\"\">\r\n<div class=\"product-box\">\r\n<a href=\"https:\/\/pakuten.pl\/33216-73667-ciemnobezowa-koszulowa-sukienka-z-paskiem-pemello-ciemnobezowy.html\" target=\"_blank\">\r\n <img src=\"https:\/\/media.pakuten.pl\/200182-large_default\/ciemnobezowa-koszulowa-sukienka-z-paskiem-pemello.jpg\" alt=\"Ciemnobe\u017cowa koszulowa sukienka z paskiem Pemello\"\/>\r\n<\/a>\r\n<p>\r\n<a href=\"https:\/\/pakuten.pl\/33216-73667-ciemnobezowa-koszulowa-sukienka-z-paskiem-pemello-ciemnobezowy.html\" target=\"_blank\">\r\nCiemnobe\u017cowa koszulowa sukienka z paskiem Pemello\r\n<\/a><\/p>\r\n  <p>Cena: 165,99\u00a0z\u0142<\/p>\r\n<a href=\"https:\/\/pakuten.pl\/33216-73667-ciemnobezowa-koszulowa-sukienka-z-paskiem-pemello-ciemnobezowy.html\" target=\"_blank\" class=\"button\">\r\nZobacz w sklepie\r\n<\/a>\r\n<\/div>\r\n<\/div>\r\n<div class=\"one_third \" style=\"\">\r\n<div class=\"product-box\">\r\n<a href=\"https:\/\/pakuten.pl\/33232-73712-wzorzysty-sweter-eugeniaa-wzor-2-wzor-2.html\" target=\"_blank\">\r\n  <img src=\"https:\/\/media.pakuten.pl\/201260-large_default\/wzorzysty-sweter-eugeniaa-wzor-2.jpg\" alt=\"Wzorzysty sweter Eugeniaa - wz\u00f3r 2\"\/>\r\n<\/a>\r\n<p>\r\n<a href=\"https:\/\/pakuten.pl\/33232-73712-wzorzysty-sweter-eugeniaa-wzor-2-wzor-2.html\" target=\"_blank\">\r\nWzorzysty sweter Eugeniaa - wz\u00f3r 2\r\n<\/a><\/p>\r\n  <p>Cena: 39,99\u00a0z\u0142<\/p>\r\n<a href=\"https:\/\/pakuten.pl\/33232-73712-wzorzysty-sweter-eugeniaa-wzor-2-wzor-2.html\" target=\"_blank\" class=\"button\">\r\nZobacz w sklepie\r\n<\/a>\r\n<\/div>\r\n<\/div>\r\n<div class=\"one_third last \" style=\"\">\r\n<div class=\"product-box\">\r\n<a href=\"https:\/\/pakuten.pl\/33226-73684-sukienka-koszulowa-z-guzikami-esella-ecru-ecru.html\" target=\"_blank\">\r\n  <img src=\"https:\/\/media.pakuten.pl\/200217-large_default\/sukienka-koszulowa-z-guzikami-esella-ecru.jpg\" alt=\"Sukienka koszulowa z guzikami Esella - ecru\"\/>\r\n<\/a>\r\n<p>\r\n<a href=\"https:\/\/pakuten.pl\/33226-73684-sukienka-koszulowa-z-guzikami-esella-ecru-ecru.html\" target=\"_blank\">\r\nSukienka koszulowa z guzikami Esella - ecru\r\n<\/a><\/p>\r\n  <p>Cena: 163,31\u00a0z\u0142<\/p>\r\n<a href=\"https:\/\/pakuten.pl\/33226-73684-sukienka-koszulowa-z-guzikami-esella-ecru-ecru.html\" target=\"_blank\" class=\"button\">\r\nZobacz w sklepie\r\n<\/a>\r\n<\/div>\r\n<\/div><br class=\"clear\"\/>\r\n<\/div>\n<h2><span style=\"color: #ff9900;\">Jakich kolor\u00f3w u\u017cywa\u0107 jesieni\u0105 ?<\/span><\/h2>\n<p>Jesienna Kolorystyka jest inspirowana natur\u0105. Jesie\u0144 kojarzy si\u0119 z ciep\u0142ymi barwami: br\u0105zami, \u017c\u00f3\u0142cieniami, bordo czy g\u0142\u0119bok\u0105 zieleni\u0105. Postaw na palety kolor\u00f3w, kt\u00f3ra oddaje pi\u0119kno tego sezonu. Mo\u017cesz do\u0142\u0105czy\u0107 te barwy w swoich stylizacjach, wchodz\u0105cych w sk\u0142ad produktu.<\/p>\n<p>\u00a0Jesie\u0144 to nie tylko czas przestrzegania przyrody, ale tak\u017ce mo\u017cliwo\u015b\u0107 eksperymentowania ze swoim stylem. Warowanie, stosowanie wzor\u00f3w i kolor\u00f3w, a tak\u017ce inwestowanie w jako\u015b\u0107 odzie\u017cy i obuwia, to kluczowe elementy tworzenia udanych jesiennych stylizacji. Pami\u0119taj, \u017ce spos\u00f3b po\u0142\u0105czenia z wygod\u0105, a Tw\u00f3j ubi\u00f3r mo\u017ce by\u0107 odzwierciedleniem Twojej osobowo\u015bci, nawet w tych ch\u0142odniejszych kryteriach.<\/p>\n<p>\u00a0<\/p>\n<p><img loading=\"lazy\" class=\"aligncenter size-full wp-image-7801\" src=\"https:\/\/pakuten.pl\/blog\/wp-content\/uploads\/2023\/08\/2-52.jpg\" alt=\"\" width=\"2688\" height=\"3584\" \/><\/p>\n<p>\u00a0<\/p>\n\n\n<div class=\"kk-star-ratings kksr-auto kksr-align-right kksr-valign-bottom\"\n    data-payload='{&quot;align&quot;:&quot;right&quot;,&quot;id&quot;:&quot;7796&quot;,&quot;slug&quot;:&quot;default&quot;,&quot;valign&quot;:&quot;bottom&quot;,&quot;ignore&quot;:&quot;&quot;,&quot;reference&quot;:&quot;auto&quot;,&quot;class&quot;:&quot;&quot;,&quot;count&quot;:&quot;1&quot;,&quot;legendonly&quot;:&quot;&quot;,&quot;readonly&quot;:&quot;&quot;,&quot;score&quot;:&quot;1&quot;,&quot;starsonly&quot;:&quot;&quot;,&quot;best&quot;:&quot;5&quot;,&quot;gap&quot;:&quot;5&quot;,&quot;greet&quot;:&quot;Rate this post&quot;,&quot;legend&quot;:&quot;1\\\/5 - (1 vote)&quot;,&quot;size&quot;:&quot;24&quot;,&quot;width&quot;:&quot;26.5&quot;,&quot;_legend&quot;:&quot;{score}\\\/{best} - ({count} {votes})&quot;,&quot;font_factor&quot;:&quot;1.25&quot;}'>\n            \n<div class=\"kksr-stars\">\n    \n<div class=\"kksr-stars-inactive\">\n            <div class=\"kksr-star\" data-star=\"1\" style=\"padding-right: 5px\">\n            \n\n<div class=\"kksr-icon\" style=\"width: 24px; height: 24px;\"><\/div>\n        <\/div>\n            <div class=\"kksr-star\" data-star=\"2\" style=\"padding-right: 5px\">\n            \n\n<div class=\"kksr-icon\" style=\"width: 24px; height: 24px;\"><\/div>\n        <\/div>\n            <div class=\"kksr-star\" data-star=\"3\" style=\"padding-right: 5px\">\n            \n\n<div class=\"kksr-icon\" style=\"width: 24px; height: 24px;\"><\/div>\n        <\/div>\n            <div class=\"kksr-star\" data-star=\"4\" style=\"padding-right: 5px\">\n            \n\n<div class=\"kksr-icon\" style=\"width: 24px; height: 24px;\"><\/div>\n        <\/div>\n            <div class=\"kksr-star\" data-star=\"5\" style=\"padding-right: 5px\">\n            \n\n<div class=\"kksr-icon\" style=\"width: 24px; height: 24px;\"><\/div>\n        <\/div>\n    <\/div>\n    \n<div class=\"kksr-stars-active\" style=\"width: 26.5px;\">\n            <div class=\"kksr-star\" style=\"padding-right: 5px\">\n            \n\n<div class=\"kksr-icon\" style=\"width: 24px; height: 24px;\"><\/div>\n        <\/div>\n            <div class=\"kksr-star\" style=\"padding-right: 5px\">\n            \n\n<div class=\"kksr-icon\" style=\"width: 24px; height: 24px;\"><\/div>\n        <\/div>\n            <div class=\"kksr-star\" style=\"padding-right: 5px\">\n            \n\n<div class=\"kksr-icon\" style=\"width: 24px; height: 24px;\"><\/div>\n        <\/div>\n            <div class=\"kksr-star\" style=\"padding-right: 5px\">\n            \n\n<div class=\"kksr-icon\" style=\"width: 24px; height: 24px;\"><\/div>\n        <\/div>\n            <div class=\"kksr-star\" style=\"padding-right: 5px\">\n            \n\n<div class=\"kksr-icon\" style=\"width: 24px; height: 24px;\"><\/div>\n        <\/div>\n    <\/div>\n<\/div>\n                \n\n<div class=\"kksr-legend\" style=\"font-size: 19.2px;\">\n            1\/5 - (1 vote)    <\/div>\n    <\/div>\n","protected":false},"excerpt":{"rendered":"<p>Inspiruj\u0105ce stylizacje jesienne , czerpiemy z r\u00f3\u017cnych rzeczy i sytuacji oraz pogody. Magia jesiennych li\u015bci te\u017c robi du\u017ce wra\u017cenie , kt\u00f3re mo\u017ce wp\u0142yn\u0105\u0107 na twoj\u0105 stylizacje czy samopoczucie. Jesie\u0144 to magiczny okres, kiedy li\u015bcie zmieniaj\u0105 kolor, a powietrze nape\u0142nia si\u0119 ch\u0142odem i \u015bwie\u017co\u015bci\u0105. To tak\u017ce czas, kiedy mo\u017cemy zaszale\u0107 ze stylizacjami, interfejsem wygody z mod\u0105 i unikalnym, jesiennym wygl\u0105dem. W tym artykule odkryjemy \u015bwiat jesieni w \u015brodowisku mody, wdra\u017camy pomys\u0142y na stylizacje, kt\u00f3re oka\u017c\u0105 Ci tw\u00f3j styl nawet w ch\u0142odniejszych dniach.<\/p>\n","protected":false},"author":3,"featured_media":7805,"comment_status":"open","ping_status":"open","sticky":false,"template":"","format":"standard","meta":[],"categories":[3],"tags":[],"yoast_head":"<!-- This site is optimized with the Yoast SEO plugin v18.4.1 - https:\/\/yoast.com\/wordpress\/plugins\/seo\/ -->\n<title>Jesienne stylizacje, czas od\u015bwie\u017cy\u0107 swoj\u0105 szaf\u0119 na ch\u0142odniejsze dni . - Pakuten blog<\/title>\n<meta name=\"description\" content=\"Inspiruj\u0105ce stylizacje jesienne , czerpiemy z r\u00f3\u017cnych rzeczy i sytuacji oraz pogody. Magia jesiennych li\u015bci te\u017c robi du\u017ce wra\u017cenie , kt\u00f3re mo\u017ce wp\u0142yn\u0105\u0107 na twoj\u0105 stylizacje czy samopoczucie. Jesie\u0144 to magiczny okres, kiedy li\u015bcie zmieniaj\u0105 kolor, a powietrze nape\u0142nia si\u0119 ch\u0142odem i \u015bwie\u017co\u015bci\u0105. To tak\u017ce czas, kiedy mo\u017cemy zaszale\u0107 ze stylizacjami, interfejsem wygody z mod\u0105 i unikalnym, jesiennym wygl\u0105dem. W tym artykule odkryjemy \u015bwiat jesieni w \u015brodowisku mody, wdra\u017camy pomys\u0142y na stylizacje, kt\u00f3re oka\u017c\u0105 Ci tw\u00f3j styl nawet w ch\u0142odniejszych dniach.\" \/>\n<meta name=\"robots\" content=\"index, follow, max-snippet:-1, max-image-preview:large, max-video-preview:-1\" \/>\n<link rel=\"canonical\" href=\"https:\/\/pakuten.pl\/blog\/jesienne-stylizacje-czas-odswiezyc-swoja-szafe-na-chlodniejsze-dni\/\" \/>\n<meta property=\"og:locale\" content=\"pl_PL\" \/>\n<meta property=\"og:type\" content=\"article\" \/>\n<meta property=\"og:title\" content=\"Jesienne stylizacje, czas od\u015bwie\u017cy\u0107 swoj\u0105 szaf\u0119 na ch\u0142odniejsze dni . - Pakuten blog\" \/>\n<meta property=\"og:description\" content=\"Inspiruj\u0105ce stylizacje jesienne , czerpiemy z r\u00f3\u017cnych rzeczy i sytuacji oraz pogody. Magia jesiennych li\u015bci te\u017c robi du\u017ce wra\u017cenie , kt\u00f3re mo\u017ce wp\u0142yn\u0105\u0107 na twoj\u0105 stylizacje czy samopoczucie. Jesie\u0144 to magiczny okres, kiedy li\u015bcie zmieniaj\u0105 kolor, a powietrze nape\u0142nia si\u0119 ch\u0142odem i \u015bwie\u017co\u015bci\u0105. To tak\u017ce czas, kiedy mo\u017cemy zaszale\u0107 ze stylizacjami, interfejsem wygody z mod\u0105 i unikalnym, jesiennym wygl\u0105dem. W tym artykule odkryjemy \u015bwiat jesieni w \u015brodowisku mody, wdra\u017camy pomys\u0142y na stylizacje, kt\u00f3re oka\u017c\u0105 Ci tw\u00f3j styl nawet w ch\u0142odniejszych dniach.\" \/>\n<meta property=\"og:url\" content=\"https:\/\/pakuten.pl\/blog\/jesienne-stylizacje-czas-odswiezyc-swoja-szafe-na-chlodniejsze-dni\/\" \/>\n<meta property=\"og:site_name\" content=\"Pakuten blog\" \/>\n<meta property=\"article:published_time\" content=\"2023-08-11T10:26:00+00:00\" \/>\n<meta property=\"article:modified_time\" content=\"2023-08-09T11:51:11+00:00\" \/>\n<meta property=\"og:image\" content=\"https:\/\/pakuten.pl\/blog\/wp-content\/uploads\/2023\/08\/Jesienne-stylizacje-czas-ods\u0301wiez\u0307yc\u0301-swoja\u0328-szafe\u0328-na-chlodniejsze-dni-..jpg\" \/>\n\t<meta property=\"og:image:width\" content=\"1280\" \/>\n\t<meta property=\"og:image:height\" content=\"853\" \/>\n\t<meta property=\"og:image:type\" content=\"image\/jpeg\" \/>\n<meta name=\"twitter:card\" content=\"summary_large_image\" \/>\n<meta name=\"twitter:label1\" content=\"Napisane przez\" \/>\n\t<meta name=\"twitter:data1\" content=\"Pakuten Girl\" \/>\n\t<meta name=\"twitter:label2\" content=\"Szacowany czas czytania\" \/>\n\t<meta name=\"twitter:data2\" content=\"4 minuty\" \/>\n<script type=\"application\/ld+json\" class=\"yoast-schema-graph\">{\"@context\":\"https:\/\/schema.org\",\"@graph\":[{\"@type\":\"Organization\",\"@id\":\"https:\/\/pakuten.pl\/blog\/#organization\",\"name\":\"Pakuten\",\"url\":\"https:\/\/pakuten.pl\/blog\/\",\"sameAs\":[],\"logo\":{\"@type\":\"ImageObject\",\"@id\":\"https:\/\/pakuten.pl\/blog\/#logo\",\"inLanguage\":\"pl-PL\",\"url\":\"http:\/\/pakuten.pl\/blog\/wp-content\/uploads\/2018\/01\/pakuten_logo.png\",\"contentUrl\":\"http:\/\/pakuten.pl\/blog\/wp-content\/uploads\/2018\/01\/pakuten_logo.png\",\"width\":300,\"height\":120,\"caption\":\"Pakuten\"},\"image\":{\"@id\":\"https:\/\/pakuten.pl\/blog\/#logo\"}},{\"@type\":\"WebSite\",\"@id\":\"https:\/\/pakuten.pl\/blog\/#website\",\"url\":\"https:\/\/pakuten.pl\/blog\/\",\"name\":\"Pakuten blog\",\"description\":\"Blog sklepu internetowego pakuten.pl\",\"publisher\":{\"@id\":\"https:\/\/pakuten.pl\/blog\/#organization\"},\"potentialAction\":[{\"@type\":\"SearchAction\",\"target\":{\"@type\":\"EntryPoint\",\"urlTemplate\":\"https:\/\/pakuten.pl\/blog\/?s={search_term_string}\"},\"query-input\":\"required name=search_term_string\"}],\"inLanguage\":\"pl-PL\"},{\"@type\":\"ImageObject\",\"@id\":\"https:\/\/pakuten.pl\/blog\/jesienne-stylizacje-czas-odswiezyc-swoja-szafe-na-chlodniejsze-dni\/#primaryimage\",\"inLanguage\":\"pl-PL\",\"url\":\"https:\/\/pakuten.pl\/blog\/wp-content\/uploads\/2023\/08\/Jesienne-stylizacje-czas-ods\u0301wiez\u0307yc\u0301-swoja\u0328-szafe\u0328-na-chlodniejsze-dni-..jpg\",\"contentUrl\":\"https:\/\/pakuten.pl\/blog\/wp-content\/uploads\/2023\/08\/Jesienne-stylizacje-czas-ods\u0301wiez\u0307yc\u0301-swoja\u0328-szafe\u0328-na-chlodniejsze-dni-..jpg\",\"width\":1280,\"height\":853},{\"@type\":\"WebPage\",\"@id\":\"https:\/\/pakuten.pl\/blog\/jesienne-stylizacje-czas-odswiezyc-swoja-szafe-na-chlodniejsze-dni\/#webpage\",\"url\":\"https:\/\/pakuten.pl\/blog\/jesienne-stylizacje-czas-odswiezyc-swoja-szafe-na-chlodniejsze-dni\/\",\"name\":\"Jesienne stylizacje, czas od\u015bwie\u017cy\u0107 swoj\u0105 szaf\u0119 na ch\u0142odniejsze dni . - Pakuten blog\",\"isPartOf\":{\"@id\":\"https:\/\/pakuten.pl\/blog\/#website\"},\"primaryImageOfPage\":{\"@id\":\"https:\/\/pakuten.pl\/blog\/jesienne-stylizacje-czas-odswiezyc-swoja-szafe-na-chlodniejsze-dni\/#primaryimage\"},\"datePublished\":\"2023-08-11T10:26:00+00:00\",\"dateModified\":\"2023-08-09T11:51:11+00:00\",\"description\":\"Inspiruj\u0105ce stylizacje jesienne , czerpiemy z r\u00f3\u017cnych rzeczy i sytuacji oraz pogody. Magia jesiennych li\u015bci te\u017c robi du\u017ce wra\u017cenie , kt\u00f3re mo\u017ce wp\u0142yn\u0105\u0107 na twoj\u0105 stylizacje czy samopoczucie. Jesie\u0144 to magiczny okres, kiedy li\u015bcie zmieniaj\u0105 kolor, a powietrze nape\u0142nia si\u0119 ch\u0142odem i \u015bwie\u017co\u015bci\u0105. To tak\u017ce czas, kiedy mo\u017cemy zaszale\u0107 ze stylizacjami, interfejsem wygody z mod\u0105 i unikalnym, jesiennym wygl\u0105dem. W tym artykule odkryjemy \u015bwiat jesieni w \u015brodowisku mody, wdra\u017camy pomys\u0142y na stylizacje, kt\u00f3re oka\u017c\u0105 Ci tw\u00f3j styl nawet w ch\u0142odniejszych dniach.\",\"breadcrumb\":{\"@id\":\"https:\/\/pakuten.pl\/blog\/jesienne-stylizacje-czas-odswiezyc-swoja-szafe-na-chlodniejsze-dni\/#breadcrumb\"},\"inLanguage\":\"pl-PL\",\"potentialAction\":[{\"@type\":\"ReadAction\",\"target\":[\"https:\/\/pakuten.pl\/blog\/jesienne-stylizacje-czas-odswiezyc-swoja-szafe-na-chlodniejsze-dni\/\"]}]},{\"@type\":\"BreadcrumbList\",\"@id\":\"https:\/\/pakuten.pl\/blog\/jesienne-stylizacje-czas-odswiezyc-swoja-szafe-na-chlodniejsze-dni\/#breadcrumb\",\"itemListElement\":[{\"@type\":\"ListItem\",\"position\":1,\"name\":\"Strona g\u0142\u00f3wna\",\"item\":\"https:\/\/pakuten.pl\/blog\/\"},{\"@type\":\"ListItem\",\"position\":2,\"name\":\"Jesienne stylizacje, czas od\u015bwie\u017cy\u0107 swoj\u0105 szaf\u0119 na ch\u0142odniejsze dni .\"}]},{\"@type\":\"Article\",\"@id\":\"https:\/\/pakuten.pl\/blog\/jesienne-stylizacje-czas-odswiezyc-swoja-szafe-na-chlodniejsze-dni\/#article\",\"isPartOf\":{\"@id\":\"https:\/\/pakuten.pl\/blog\/jesienne-stylizacje-czas-odswiezyc-swoja-szafe-na-chlodniejsze-dni\/#webpage\"},\"author\":{\"@id\":\"https:\/\/pakuten.pl\/blog\/#\/schema\/person\/d7133af30211381a4e4536d088384556\"},\"headline\":\"Jesienne stylizacje, czas od\u015bwie\u017cy\u0107 swoj\u0105 szaf\u0119 na ch\u0142odniejsze dni .\",\"datePublished\":\"2023-08-11T10:26:00+00:00\",\"dateModified\":\"2023-08-09T11:51:11+00:00\",\"mainEntityOfPage\":{\"@id\":\"https:\/\/pakuten.pl\/blog\/jesienne-stylizacje-czas-odswiezyc-swoja-szafe-na-chlodniejsze-dni\/#webpage\"},\"wordCount\":491,\"commentCount\":0,\"publisher\":{\"@id\":\"https:\/\/pakuten.pl\/blog\/#organization\"},\"image\":{\"@id\":\"https:\/\/pakuten.pl\/blog\/jesienne-stylizacje-czas-odswiezyc-swoja-szafe-na-chlodniejsze-dni\/#primaryimage\"},\"thumbnailUrl\":\"https:\/\/pakuten.pl\/blog\/wp-content\/uploads\/2023\/08\/Jesienne-stylizacje-czas-ods\u0301wiez\u0307yc\u0301-swoja\u0328-szafe\u0328-na-chlodniejsze-dni-..jpg\",\"articleSection\":[\"Top Trends\"],\"inLanguage\":\"pl-PL\",\"potentialAction\":[{\"@type\":\"CommentAction\",\"name\":\"Comment\",\"target\":[\"https:\/\/pakuten.pl\/blog\/jesienne-stylizacje-czas-odswiezyc-swoja-szafe-na-chlodniejsze-dni\/#respond\"]}]},{\"@type\":\"Person\",\"@id\":\"https:\/\/pakuten.pl\/blog\/#\/schema\/person\/d7133af30211381a4e4536d088384556\",\"name\":\"Pakuten Girl\",\"image\":{\"@type\":\"ImageObject\",\"@id\":\"https:\/\/pakuten.pl\/blog\/#personlogo\",\"inLanguage\":\"pl-PL\",\"url\":\"https:\/\/secure.gravatar.com\/avatar\/d3df41de2caf92e6cfded9430c2ff352?s=96&d=mm&r=g\",\"contentUrl\":\"https:\/\/secure.gravatar.com\/avatar\/d3df41de2caf92e6cfded9430c2ff352?s=96&d=mm&r=g\",\"caption\":\"Pakuten Girl\"},\"description\":\"Cze\u015b\u0107, nazywam si\u0119 Ola. Kocham Netflixa, sals\u0119, nowo\u015bci kosmetyczne i najnowsze trendy w modzie.\",\"url\":\"https:\/\/pakuten.pl\/blog\/author\/pakuten-girl\/\"}]}<\/script>\n<!-- \/ Yoast SEO plugin. -->","yoast_head_json":{"title":"Jesienne stylizacje, czas od\u015bwie\u017cy\u0107 swoj\u0105 szaf\u0119 na ch\u0142odniejsze dni . - Pakuten blog","description":"Inspiruj\u0105ce stylizacje jesienne , czerpiemy z r\u00f3\u017cnych rzeczy i sytuacji oraz pogody. Magia jesiennych li\u015bci te\u017c robi du\u017ce wra\u017cenie , kt\u00f3re mo\u017ce wp\u0142yn\u0105\u0107 na twoj\u0105 stylizacje czy samopoczucie. Jesie\u0144 to magiczny okres, kiedy li\u015bcie zmieniaj\u0105 kolor, a powietrze nape\u0142nia si\u0119 ch\u0142odem i \u015bwie\u017co\u015bci\u0105. To tak\u017ce czas, kiedy mo\u017cemy zaszale\u0107 ze stylizacjami, interfejsem wygody z mod\u0105 i unikalnym, jesiennym wygl\u0105dem. W tym artykule odkryjemy \u015bwiat jesieni w \u015brodowisku mody, wdra\u017camy pomys\u0142y na stylizacje, kt\u00f3re oka\u017c\u0105 Ci tw\u00f3j styl nawet w ch\u0142odniejszych dniach.","robots":{"index":"index","follow":"follow","max-snippet":"max-snippet:-1","max-image-preview":"max-image-preview:large","max-video-preview":"max-video-preview:-1"},"canonical":"https:\/\/pakuten.pl\/blog\/jesienne-stylizacje-czas-odswiezyc-swoja-szafe-na-chlodniejsze-dni\/","og_locale":"pl_PL","og_type":"article","og_title":"Jesienne stylizacje, czas od\u015bwie\u017cy\u0107 swoj\u0105 szaf\u0119 na ch\u0142odniejsze dni . - Pakuten blog","og_description":"Inspiruj\u0105ce stylizacje jesienne , czerpiemy z r\u00f3\u017cnych rzeczy i sytuacji oraz pogody. Magia jesiennych li\u015bci te\u017c robi du\u017ce wra\u017cenie , kt\u00f3re mo\u017ce wp\u0142yn\u0105\u0107 na twoj\u0105 stylizacje czy samopoczucie. Jesie\u0144 to magiczny okres, kiedy li\u015bcie zmieniaj\u0105 kolor, a powietrze nape\u0142nia si\u0119 ch\u0142odem i \u015bwie\u017co\u015bci\u0105. To tak\u017ce czas, kiedy mo\u017cemy zaszale\u0107 ze stylizacjami, interfejsem wygody z mod\u0105 i unikalnym, jesiennym wygl\u0105dem. W tym artykule odkryjemy \u015bwiat jesieni w \u015brodowisku mody, wdra\u017camy pomys\u0142y na stylizacje, kt\u00f3re oka\u017c\u0105 Ci tw\u00f3j styl nawet w ch\u0142odniejszych dniach.","og_url":"https:\/\/pakuten.pl\/blog\/jesienne-stylizacje-czas-odswiezyc-swoja-szafe-na-chlodniejsze-dni\/","og_site_name":"Pakuten blog","article_published_time":"2023-08-11T10:26:00+00:00","article_modified_time":"2023-08-09T11:51:11+00:00","og_image":[{"width":1280,"height":853,"url":"https:\/\/pakuten.pl\/blog\/wp-content\/uploads\/2023\/08\/Jesienne-stylizacje-czas-ods\u0301wiez\u0307yc\u0301-swoja\u0328-szafe\u0328-na-chlodniejsze-dni-..jpg","type":"image\/jpeg"}],"twitter_card":"summary_large_image","twitter_misc":{"Napisane przez":"Pakuten Girl","Szacowany czas czytania":"4 minuty"},"schema":{"@context":"https:\/\/schema.org","@graph":[{"@type":"Organization","@id":"https:\/\/pakuten.pl\/blog\/#organization","name":"Pakuten","url":"https:\/\/pakuten.pl\/blog\/","sameAs":[],"logo":{"@type":"ImageObject","@id":"https:\/\/pakuten.pl\/blog\/#logo","inLanguage":"pl-PL","url":"http:\/\/pakuten.pl\/blog\/wp-content\/uploads\/2018\/01\/pakuten_logo.png","contentUrl":"http:\/\/pakuten.pl\/blog\/wp-content\/uploads\/2018\/01\/pakuten_logo.png","width":300,"height":120,"caption":"Pakuten"},"image":{"@id":"https:\/\/pakuten.pl\/blog\/#logo"}},{"@type":"WebSite","@id":"https:\/\/pakuten.pl\/blog\/#website","url":"https:\/\/pakuten.pl\/blog\/","name":"Pakuten blog","description":"Blog sklepu internetowego pakuten.pl","publisher":{"@id":"https:\/\/pakuten.pl\/blog\/#organization"},"potentialAction":[{"@type":"SearchAction","target":{"@type":"EntryPoint","urlTemplate":"https:\/\/pakuten.pl\/blog\/?s={search_term_string}"},"query-input":"required name=search_term_string"}],"inLanguage":"pl-PL"},{"@type":"ImageObject","@id":"https:\/\/pakuten.pl\/blog\/jesienne-stylizacje-czas-odswiezyc-swoja-szafe-na-chlodniejsze-dni\/#primaryimage","inLanguage":"pl-PL","url":"https:\/\/pakuten.pl\/blog\/wp-content\/uploads\/2023\/08\/Jesienne-stylizacje-czas-ods\u0301wiez\u0307yc\u0301-swoja\u0328-szafe\u0328-na-chlodniejsze-dni-..jpg","contentUrl":"https:\/\/pakuten.pl\/blog\/wp-content\/uploads\/2023\/08\/Jesienne-stylizacje-czas-ods\u0301wiez\u0307yc\u0301-swoja\u0328-szafe\u0328-na-chlodniejsze-dni-..jpg","width":1280,"height":853},{"@type":"WebPage","@id":"https:\/\/pakuten.pl\/blog\/jesienne-stylizacje-czas-odswiezyc-swoja-szafe-na-chlodniejsze-dni\/#webpage","url":"https:\/\/pakuten.pl\/blog\/jesienne-stylizacje-czas-odswiezyc-swoja-szafe-na-chlodniejsze-dni\/","name":"Jesienne stylizacje, czas od\u015bwie\u017cy\u0107 swoj\u0105 szaf\u0119 na ch\u0142odniejsze dni . - Pakuten blog","isPartOf":{"@id":"https:\/\/pakuten.pl\/blog\/#website"},"primaryImageOfPage":{"@id":"https:\/\/pakuten.pl\/blog\/jesienne-stylizacje-czas-odswiezyc-swoja-szafe-na-chlodniejsze-dni\/#primaryimage"},"datePublished":"2023-08-11T10:26:00+00:00","dateModified":"2023-08-09T11:51:11+00:00","description":"Inspiruj\u0105ce stylizacje jesienne , czerpiemy z r\u00f3\u017cnych rzeczy i sytuacji oraz pogody. Magia jesiennych li\u015bci te\u017c robi du\u017ce wra\u017cenie , kt\u00f3re mo\u017ce wp\u0142yn\u0105\u0107 na twoj\u0105 stylizacje czy samopoczucie. Jesie\u0144 to magiczny okres, kiedy li\u015bcie zmieniaj\u0105 kolor, a powietrze nape\u0142nia si\u0119 ch\u0142odem i \u015bwie\u017co\u015bci\u0105. To tak\u017ce czas, kiedy mo\u017cemy zaszale\u0107 ze stylizacjami, interfejsem wygody z mod\u0105 i unikalnym, jesiennym wygl\u0105dem. W tym artykule odkryjemy \u015bwiat jesieni w \u015brodowisku mody, wdra\u017camy pomys\u0142y na stylizacje, kt\u00f3re oka\u017c\u0105 Ci tw\u00f3j styl nawet w ch\u0142odniejszych dniach.","breadcrumb":{"@id":"https:\/\/pakuten.pl\/blog\/jesienne-stylizacje-czas-odswiezyc-swoja-szafe-na-chlodniejsze-dni\/#breadcrumb"},"inLanguage":"pl-PL","potentialAction":[{"@type":"ReadAction","target":["https:\/\/pakuten.pl\/blog\/jesienne-stylizacje-czas-odswiezyc-swoja-szafe-na-chlodniejsze-dni\/"]}]},{"@type":"BreadcrumbList","@id":"https:\/\/pakuten.pl\/blog\/jesienne-stylizacje-czas-odswiezyc-swoja-szafe-na-chlodniejsze-dni\/#breadcrumb","itemListElement":[{"@type":"ListItem","position":1,"name":"Strona g\u0142\u00f3wna","item":"https:\/\/pakuten.pl\/blog\/"},{"@type":"ListItem","position":2,"name":"Jesienne stylizacje, czas od\u015bwie\u017cy\u0107 swoj\u0105 szaf\u0119 na ch\u0142odniejsze dni ."}]},{"@type":"Article","@id":"https:\/\/pakuten.pl\/blog\/jesienne-stylizacje-czas-odswiezyc-swoja-szafe-na-chlodniejsze-dni\/#article","isPartOf":{"@id":"https:\/\/pakuten.pl\/blog\/jesienne-stylizacje-czas-odswiezyc-swoja-szafe-na-chlodniejsze-dni\/#webpage"},"author":{"@id":"https:\/\/pakuten.pl\/blog\/#\/schema\/person\/d7133af30211381a4e4536d088384556"},"headline":"Jesienne stylizacje, czas od\u015bwie\u017cy\u0107 swoj\u0105 szaf\u0119 na ch\u0142odniejsze dni .","datePublished":"2023-08-11T10:26:00+00:00","dateModified":"2023-08-09T11:51:11+00:00","mainEntityOfPage":{"@id":"https:\/\/pakuten.pl\/blog\/jesienne-stylizacje-czas-odswiezyc-swoja-szafe-na-chlodniejsze-dni\/#webpage"},"wordCount":491,"commentCount":0,"publisher":{"@id":"https:\/\/pakuten.pl\/blog\/#organization"},"image":{"@id":"https:\/\/pakuten.pl\/blog\/jesienne-stylizacje-czas-odswiezyc-swoja-szafe-na-chlodniejsze-dni\/#primaryimage"},"thumbnailUrl":"https:\/\/pakuten.pl\/blog\/wp-content\/uploads\/2023\/08\/Jesienne-stylizacje-czas-ods\u0301wiez\u0307yc\u0301-swoja\u0328-szafe\u0328-na-chlodniejsze-dni-..jpg","articleSection":["Top Trends"],"inLanguage":"pl-PL","potentialAction":[{"@type":"CommentAction","name":"Comment","target":["https:\/\/pakuten.pl\/blog\/jesienne-stylizacje-czas-odswiezyc-swoja-szafe-na-chlodniejsze-dni\/#respond"]}]},{"@type":"Person","@id":"https:\/\/pakuten.pl\/blog\/#\/schema\/person\/d7133af30211381a4e4536d088384556","name":"Pakuten Girl","image":{"@type":"ImageObject","@id":"https:\/\/pakuten.pl\/blog\/#personlogo","inLanguage":"pl-PL","url":"https:\/\/secure.gravatar.com\/avatar\/d3df41de2caf92e6cfded9430c2ff352?s=96&d=mm&r=g","contentUrl":"https:\/\/secure.gravatar.com\/avatar\/d3df41de2caf92e6cfded9430c2ff352?s=96&d=mm&r=g","caption":"Pakuten Girl"},"description":"Cze\u015b\u0107, nazywam si\u0119 Ola. Kocham Netflixa, sals\u0119, nowo\u015bci kosmetyczne i najnowsze trendy w modzie.","url":"https:\/\/pakuten.pl\/blog\/author\/pakuten-girl\/"}]}},"_links":{"self":[{"href":"https:\/\/pakuten.pl\/blog\/wp-json\/wp\/v2\/posts\/7796"}],"collection":[{"href":"https:\/\/pakuten.pl\/blog\/wp-json\/wp\/v2\/posts"}],"about":[{"href":"https:\/\/pakuten.pl\/blog\/wp-json\/wp\/v2\/types\/post"}],"author":[{"embeddable":true,"href":"https:\/\/pakuten.pl\/blog\/wp-json\/wp\/v2\/users\/3"}],"replies":[{"embeddable":true,"href":"https:\/\/pakuten.pl\/blog\/wp-json\/wp\/v2\/comments?post=7796"}],"version-history":[{"count":2,"href":"https:\/\/pakuten.pl\/blog\/wp-json\/wp\/v2\/posts\/7796\/revisions"}],"predecessor-version":[{"id":7803,"href":"https:\/\/pakuten.pl\/blog\/wp-json\/wp\/v2\/posts\/7796\/revisions\/7803"}],"wp:featuredmedia":[{"embeddable":true,"href":"https:\/\/pakuten.pl\/blog\/wp-json\/wp\/v2\/media\/7805"}],"wp:attachment":[{"href":"https:\/\/pakuten.pl\/blog\/wp-json\/wp\/v2\/media?parent=7796"}],"wp:term":[{"taxonomy":"category","embeddable":true,"href":"https:\/\/pakuten.pl\/blog\/wp-json\/wp\/v2\/categories?post=7796"},{"taxonomy":"post_tag","embeddable":true,"href":"https:\/\/pakuten.pl\/blog\/wp-json\/wp\/v2\/tags?post=7796"}],"curies":[{"name":"wp","href":"https:\/\/api.w.org\/{rel}","templated":true}]}}