{"id":7890,"date":"2023-10-19T08:23:47","date_gmt":"2023-10-19T06:23:47","guid":{"rendered":"https:\/\/pakuten.pl\/blog\/?p=7890"},"modified":"2025-11-27T11:17:56","modified_gmt":"2025-11-27T10:17:56","slug":"jakie-kurtki-wybrac-w-okresie-jesienno-zimowym-zobacz-najmodniejsze-propozycje","status":"publish","type":"post","link":"https:\/\/pakuten.pl\/blog\/jakie-kurtki-wybrac-w-okresie-jesienno-zimowym-zobacz-najmodniejsze-propozycje\/","title":{"rendered":"Jakie kurtki wybra\u0107 w okresie jesiennym? Zobacz najmodniejsze propozycje"},"content":{"rendered":"\n<p><span style=\"font-weight: 400;\">Zmiana aury za oknem to zazwyczaj moment, w kt\u00f3rym zaczynamy nerwowo przegl\u0105da\u0107 zawarto\u015b\u0107 szafy. Kiedy temperatura gwa\u0142townie spada, a poranki staj\u0105 si\u0119 mro\u017ane, ciep\u0142e okrycie przestaje by\u0107 tylko elementem stylizacji, a staje si\u0119 nasz\u0105 pierwsz\u0105 lini\u0105 obrony przed ch\u0142odem.\u00a0<\/span><\/p>\n<p><span style=\"font-weight: 400;\">W sezonie jesie\u0144-zima 2025 moda wierzchnia idzie w parze z potrzebami codzienno\u015bci, \u0142\u0105cz\u0105c w sobie odrobin\u0119 nostalgii za dawnymi latami, futurystyczne wizje oraz, co najwa\u017cniejsze, wygod\u0119. Dobrze dobrana kurtka potrafi sprawi\u0107, \u017ce nawet najbardziej ponury, listopadowy dzie\u0144 stanie si\u0119 zno\u015bny. Warto przyjrze\u0107 si\u0119, co w tym roku proponuj\u0105 projektanci i jak te pomys\u0142y przek\u0142adaj\u0105 si\u0119 na realne \u017cycie w mie\u015bcie.<\/span><\/p>\n<h2><b>Jakie kurtki s\u0105 najlepsze na jesie\u0144 i zim\u0119? Kr\u00f3tki przegl\u0105d trend\u00f3w 2025<\/b><\/h2>\n<p><span style=\"font-weight: 400;\">Rok 2025 w modzie przyni\u00f3s\u0142 ciekawe przetasowania. Zamiast jednego, sztywnego nakazu, co nale\u017cy nosi\u0107, otrzymujemy pe\u0142n\u0105 dowolno\u015b\u0107 interpretacji. Na ulicach wida\u0107 wyra\u017any podzia\u0142 na dwa obozy.\u00a0<\/span><\/p>\n<div class=\"product-box-container\">\r\n<div class=\"one_third \" style=\"\">\r\n<div class=\"product-box\">\r\n<a href=\"https:\/\/pakuten.pl\/47235-95731-zielona-kurtka-zapinana-na-guziki-abigail-zielony.html\" target=\"_blank\">\r\n <img src=\"https:\/\/media.pakuten.pl\/270963-large_default\/zielona-kurtka-zapinana-na-guziki-abigail.jpg\" alt=\"Zielona kurtka zapinana na guziki Abigail\"\/>\r\n<\/a>\r\n<p>\r\n<a href=\"https:\/\/pakuten.pl\/47235-95731-zielona-kurtka-zapinana-na-guziki-abigail-zielony.html\" target=\"_blank\">\r\nZielona kurtka zapinana na guziki Abigail\r\n<\/a><\/p>\r\n  <p>Cena: 69,99\u00a0z\u0142<\/p>\r\n<a href=\"https:\/\/pakuten.pl\/47235-95731-zielona-kurtka-zapinana-na-guziki-abigail-zielony.html\" target=\"_blank\" class=\"button\">\r\nZobacz w sklepie\r\n<\/a>\r\n<\/div>\r\n<\/div>\r\n<div class=\"one_third \" style=\"\">\r\n<div class=\"product-box\">\r\n<a href=\"https:\/\/pakuten.pl\/47402-95926-kolorowa-pikowana-kurtka-rypsyma-wzor-3-wzor-3.html\" target=\"_blank\">\r\n  <img src=\"https:\/\/media.pakuten.pl\/271628-large_default\/kolorowa-pikowana-kurtka-rypsyma-wzor-3.jpg\" alt=\"Kolorowa pikowana kurtka Rypsyma - wz\u00f3r 3\"\/>\r\n<\/a>\r\n<p>\r\n<a href=\"https:\/\/pakuten.pl\/47402-95926-kolorowa-pikowana-kurtka-rypsyma-wzor-3-wzor-3.html\" target=\"_blank\">\r\nKolorowa pikowana kurtka Rypsyma - wz\u00f3r 3\r\n<\/a><\/p>\r\n  <p>Cena: 29,99\u00a0z\u0142<\/p>\r\n<a href=\"https:\/\/pakuten.pl\/47402-95926-kolorowa-pikowana-kurtka-rypsyma-wzor-3-wzor-3.html\" target=\"_blank\" class=\"button\">\r\nZobacz w sklepie\r\n<\/a>\r\n<\/div>\r\n<\/div>\r\n<div class=\"one_third last \" style=\"\">\r\n<div class=\"product-box\">\r\n<a href=\"https:\/\/pakuten.pl\/47007-95340-kurtka-zapinana-na-zamek-taralyn-mocha-mousse-mocha-mousse.html\" target=\"_blank\">\r\n  <img src=\"https:\/\/media.pakuten.pl\/269836-large_default\/kurtka-zapinana-na-zamek-taralyn-mocha-mousse.jpg\" alt=\"Kurtka zapinana na zamek Taralyn - mocha mousse\"\/>\r\n<\/a>\r\n<p>\r\n<a href=\"https:\/\/pakuten.pl\/47007-95340-kurtka-zapinana-na-zamek-taralyn-mocha-mousse-mocha-mousse.html\" target=\"_blank\">\r\nKurtka zapinana na zamek Taralyn - mocha mousse\r\n<\/a><\/p>\r\n  <p>Cena: 59,99\u00a0z\u0142<\/p>\r\n<a href=\"https:\/\/pakuten.pl\/47007-95340-kurtka-zapinana-na-zamek-taralyn-mocha-mousse-mocha-mousse.html\" target=\"_blank\" class=\"button\">\r\nZobacz w sklepie\r\n<\/a>\r\n<\/div>\r\n<\/div><br class=\"clear\"\/>\r\n<\/div>\n<p><span style=\"font-weight: 400;\">Pierwszy z nich ho\u0142duje dyskretnej elegancji i wysokiej jako\u015bci materia\u0142om, gdzie krzykliwe logo ust\u0119puje miejsca szlachetnym fakturom. Drugi nurt to fascynacja odzie\u017c\u0105 techniczn\u0105, kt\u00f3ra do tej pory zarezerwowana by\u0142a raczej na g\u00f3rskie wyprawy ni\u017c na spacer po centrum miasta.\u00a0<\/span><\/p>\n<p><span style=\"font-weight: 400;\">Wsp\u00f3lnym mianownikiem tych trend\u00f3w jest warstwowo\u015b\u0107 i zabawa obj\u0119to\u015bci\u0105. Nowoczesne technologie pozwalaj\u0105 na tworzenie ubra\u0144, kt\u00f3re grzej\u0105, nie wa\u017c\u0105c przy tym tony, co daje ogromne pole do popisu w kwestii formy i kroju. Nie musisz ju\u017c marzn\u0105\u0107 w imi\u0119 mody, bo w tym sezonie to w\u0142a\u015bnie komfort termiczny sta\u0142 si\u0119 wyznacznikiem dobrego stylu.<\/span><\/p>\n<h2><b>Kurtki puchowe \u2013 ciep\u0142o, lekko i ultra\u00admodnie<\/b><\/h2>\n<p><span style=\"font-weight: 400;\">Trudno wyobrazi\u0107 sobie polsk\u0105 zim\u0119 bez porz\u0105dnej puch\u00f3wki. To rozwi\u0105zanie, kt\u00f3re od lat ratuje nas przed mrozem, ale w 2025 roku przechodzi spor\u0105 metamorfoz\u0119. Z jednej strony mamy bardzo kr\u00f3tkie modele, ko\u0144cz\u0105ce si\u0119 w okolicach talii, kt\u00f3re \u015bwietnie eksponuj\u0105 spodnie z wysokim stanem i wyd\u0142u\u017caj\u0105 optycznie nogi \u2013 to \u015bwietna opcja na l\u017cejsze dni.\u00a0<\/span><\/p>\n<p><span style=\"font-weight: 400;\">Z drugiej strony, dla os\u00f3b, kt\u00f3re najch\u0119tniej nie wychodzi\u0142yby z \u0142\u00f3\u017cka, przygotowano p\u0142aszcze przypominaj\u0105ce wielkie, pikowane ko\u0142dry. S\u0105 d\u0142ugie, obszerne i otulaj\u0105ce. Co ciekawe, w tym roku puch\u00f3wki nabieraj\u0105 blasku. Matowe wyko\u0144czenia ust\u0119puj\u0105 miejsca materia\u0142om winylowym, lakierowanym, a nawet metalicznym, co nadaje im nieco kosmicznego charakteru. Zmienia si\u0119 te\u017c spos\u00f3b pikowania \u2013 tradycyjne pasy zast\u0119powane s\u0105 przez romby czy nieregularne wzory, co dodaje kurtkom unikalno\u015bci.<\/span><\/p>\n<h2><b>Klasyczne we\u0142niane p\u0142aszcze \u2013 elegancja na ch\u0142odne dni<\/b><\/h2>\n<p><span style=\"font-weight: 400;\">Je\u015bli wolisz co\u015b bardziej formalnego ni\u017c sportowa kurtka, we\u0142niany p\u0142aszcz b\u0119dzie strza\u0142em w dziesi\u0105tk\u0119. To element garderoby, kt\u00f3ry dodaje szyku nawet najprostszej stylizacji z d\u017cinsami i swetrem. W obecnym sezonie dominuj\u0105 fasony szlafrokowe, czyli te mi\u0119kkie, bez guzik\u00f3w, wi\u0105zane jedynie paskiem w talii. Pi\u0119knie pracuj\u0105 na sylwetce i pozwalaj\u0105 na swobodne otulenie si\u0119 materia\u0142em.\u00a0<\/span><\/p>\n<p><span style=\"font-weight: 400;\">Drug\u0105 siln\u0105 tendencj\u0105 s\u0105 p\u0142aszcze o m\u0119skim rodowodzie \u2013 proste, dwurz\u0119dowe, z mocno zarysowanymi ramionami. Wygl\u0105daj\u0105 one bardzo nowocze\u015bnie i dodaj\u0105 pewno\u015bci siebie. Najwa\u017cniejsz\u0105 rzecz\u0105 przy wyborze p\u0142aszcza nie jest jednak kr\u00f3j, a metka ze sk\u0142adem. Aby p\u0142aszcz rzeczywi\u015bcie grza\u0142, a nie tylko wygl\u0105da\u0142, powinien mie\u0107 w sk\u0142adzie przewag\u0119 we\u0142ny, ewentualnie z domieszk\u0105 alpaki lub kaszmiru. Tylko naturalne w\u0142\u00f3kno zapewni odpowiedni\u0105 izolacj\u0119 i sprawi, \u017ce p\u0142aszcz pos\u0142u\u017cy przez lata.<\/span><\/p>\n<h2><b>Parki i anoraki \u2013 idealne na codzienne wyj\u015bcia<\/b><\/h2>\n<p><span style=\"font-weight: 400;\">Inspiracje stylem militarnym i odzie\u017c\u0105 robocz\u0105 s\u0105 wci\u0105\u017c \u017cywe, co wida\u0107 po popularno\u015bci parek i anorak\u00f3w. To kurtki stworzone do zada\u0144 specjalnych w miejskiej d\u017cungli. Kolorystyka opiera si\u0119 na barwach ziemi \u2013 od khaki, przez oliwk\u0119, a\u017c po g\u0142\u0119boki granat. Wsp\u00f3\u0142czesne parki wyr\u00f3\u017cniaj\u0105 si\u0119 przede wszystkim praktyczno\u015bci\u0105. Posiadaj\u0105 obszerne kaptury, cz\u0119sto wyko\u0144czone sztucznym futrem, kt\u00f3re skutecznie chroni\u0105 twarz przed \u015bniegiem i wiatrem.\u00a0<\/span><\/p>\n<p><span style=\"font-weight: 400;\">Niekt\u00f3re wyposa\u017cone s\u0105 w systemy troczk\u00f3w i \u015bci\u0105gaczy, dzi\u0119ki czemu bezkszta\u0142tny worek mo\u017cna w kilka sekund zamieni\u0107 w kurtk\u0119 podkre\u015blaj\u0105c\u0105 tali\u0119. Nie do przecenienia jest te\u017c ilo\u015b\u0107 kieszeni \u2013 g\u0142\u0119bokich i zapinanych, w kt\u00f3rych zmie\u015bcisz wszystko, co niezb\u0119dne, cz\u0119sto uwalniaj\u0105c r\u0119ce od noszenia torebki. Materia\u0142y s\u0105 zazwyczaj impregnowane, wi\u0119c jesienna m\u017cawka nie b\u0119dzie im straszna.<\/span><\/p>\n<h2><b>Sk\u00f3rzane i ekosk\u00f3rzane kurtki \u2013 stylowe propozycje na \u0142agodniejsz\u0105 jesie\u0144<\/b><\/h2>\n<p><span style=\"font-weight: 400;\">Zanim temperatura spadnie znacznie poni\u017cej zera, ulice nale\u017c\u0105 do kurtek sk\u00f3rzanych. W tym roku nie chodzi jednak o cienkie ramoneski, a o solidne konstrukcje. Wielkim hitem s\u0105 kurtki typu pilotka, czyli sk\u00f3rzane okrycia podszyte grubym ko\u017cuchem, widocznym przy ko\u0142nierzu i mankietach. \u0141\u0105cz\u0105 one rockowy charakter z przytulnym ciep\u0142em.\u00a0<\/span><\/p>\n<p><span style=\"font-weight: 400;\">Modne s\u0105 r\u00f3wnie\u017c przeskalowane ramoneski, pod kt\u00f3re bez problemu w\u0142o\u017cysz gruby golf. Warto zwr\u00f3ci\u0107 uwag\u0119 na wyko\u0144czenie sk\u00f3ry \u2013 w cenie jest efekt vintage. Kurtka ma wygl\u0105da\u0107 na nieco znoszon\u0105, z przetarciami, jakby\u015bmy wyci\u0105gn\u0119li j\u0105 z szafy po rodzicach. Kolorystycznie odchodzimy od czerni na rzecz g\u0142\u0119bokich br\u0105z\u00f3w w odcieniu gorzkiej czekolady czy ciemnego burgundu, co jest ciekaw\u0105 odmian\u0105 w jesiennej palecie barw.<\/span><\/p>\n<h2><b>Modne kolory i fasony na sezon jesie\u0144\u2013zima 2025<\/b><\/h2>\n<p><span style=\"font-weight: 400;\">Je\u015bli chodzi o kolorystyk\u0119, ten sezon nale\u017cy do br\u0105zu. Czekoladowe odcienie s\u0105 \u0142agodniejsze dla urody ni\u017c czer\u0144, a r\u00f3wnie uniwersalne. Opr\u00f3cz nich na wieszakach znajdziemy sporo szaro\u015bci \u2013 od jasnych popieli po grafit \u2013 oraz energetyczne czerwienie, kt\u00f3re maj\u0105 za zadanie prze\u0142ama\u0107 zimow\u0105 szarug\u0119.\u00a0<\/span><\/p>\n<p><span style=\"font-weight: 400;\">Odwa\u017cniejsi mog\u0105 si\u0119gn\u0105\u0107 po srebro lub z\u0142oto, szczeg\u00f3lnie w przypadku kurtek puchowych. Co do fason\u00f3w, nadal lubimy lu\u017ane kroje typu oversize, kt\u00f3re pozwalaj\u0105 na ubranie si\u0119 &#8222;na cebulk\u0119&#8221;. Jednak coraz cz\u0119\u015bciej te obszerne formy s\u0105 ujarzmiane paskami lub \u015bci\u0105gaczami, co pozwala zachowa\u0107 proporcje sylwetki i unikn\u0105\u0107 efektu bezkszta\u0142tnej bry\u0142y.<\/span><\/p>\n<h2><b>Jak dobra\u0107 kurtk\u0119 do swojej sylwetki i stylu \u017cycia?<\/b><\/h2>\n<p><span style=\"font-weight: 400;\">Wyb\u00f3r kurtki powinien by\u0107 podyktowany nie tylko trendami, ale przede wszystkim tym, jak w niej wygl\u0105damy i jak \u017cyjemy. Posiadaczki figury klepsydry b\u0119d\u0105 \u015bwietnie wygl\u0105da\u0107 w modelach z paskiem, kt\u00f3re zaznacz\u0105 tali\u0119. Osoby o sylwetce jab\u0142ka doceni\u0105 proste, jednorz\u0119dowe kroje, kt\u00f3re nie opinaj\u0105 brzucha, a eksponuj\u0105 nogi. Z kolei przy ni\u017cszym wzro\u015bcie warto uwa\u017ca\u0107 na d\u0142ugo\u015b\u0107 maxi, kt\u00f3ra mo\u017ce przyt\u0142oczy\u0107 \u2013 bezpieczniejsze b\u0119d\u0105 kurtki ko\u0144cz\u0105ce si\u0119 w okolicach bioder.\u00a0<\/span><\/p>\n<p><span style=\"font-weight: 400;\">R\u00f3wnie istotny jest nasz tryb \u017cycia. Je\u015bli wsz\u0119dzie je\u017adzisz samochodem, d\u0142uga i gruba puch\u00f3wka b\u0119dzie po prostu niewygodna i kr\u0119puj\u0105ca ruchy. W takim przypadku lepiej sprawdzi si\u0119 kr\u00f3tszy model. Natomiast je\u015bli sp\u0119dzasz du\u017co czasu na przystankach lub d\u0142ugich spacerach z psem, d\u0142uga kurtka os\u0142aniaj\u0105ca uda i kolana b\u0119dzie wybawieniem.<\/span><\/p>\n<h2><b>Praktyczne wskaz\u00f3wki: materia\u0142, ocieplenie i elementy, na kt\u00f3re warto zwr\u00f3ci\u0107 uwag\u0119<\/b><\/h2>\n<p><span style=\"font-weight: 400;\">Warto po\u015bwi\u0119ci\u0107 chwil\u0119 na analiz\u0119 techniczn\u0105 kurtki. Sercem zimowego okrycia jest wype\u0142nienie. Naturalny puch jest bezkonkurencyjny je\u015bli chodzi o izolacj\u0119 i lekko\u015b\u0107, ale jest dro\u017cszy i trudniejszy w praniu. Syntetyczne zamienniki s\u0105 coraz lepszej jako\u015bci, nie uczulaj\u0105 i \u0142atwiej o nie dba\u0107 w domowych warunkach, cho\u0107 bywaj\u0105 nieco ci\u0119\u017csze. Materia\u0142 zewn\u0119trzny powinien by\u0107 g\u0119sty i odporny na zaci\u0105gni\u0119cia.\u00a0<\/span><\/p>\n<p><span style=\"font-weight: 400;\">Sprawd\u017a te\u017c, czy kurtka posiada warstw\u0119 hydrofobow\u0105, dzi\u0119ki kt\u00f3rej woda sp\u0142ywa po powierzchni zamiast wsi\u0105ka\u0107 w materia\u0142. Solidne \u015bci\u0105gacze wewn\u0105trz r\u0119kaw\u00f3w to bariera dla zimnego powietrza, wysoka st\u00f3jka zast\u0105pi szalik, a zamek, kt\u00f3ry mo\u017cna rozpi\u0105\u0107 od do\u0142u, to ogromne u\u0142atwienie przy siadaniu w d\u0142ugim p\u0142aszczu.<\/span><\/p>\n<h2><b>Kt\u00f3ra kurtka b\u0119dzie Twoim numerem jeden w tym sezonie?<\/b><\/h2>\n<p><span style=\"font-weight: 400;\">Je\u015bli stawiasz na elegancj\u0119, we\u0142niany p\u0142aszcz lub ko\u017cuch b\u0119d\u0105 dobr\u0105 inwestycj\u0105 na lata. Je\u015bli jeste\u015b zmarzluchem, nic nie zast\u0105pi porz\u0105dnej, d\u0142ugiej puch\u00f3wki. Natomiast dla aktywnych, ceni\u0105cych niezawodno\u015b\u0107, najlepsza b\u0119dzie techniczna parka.<\/span><\/p>\n\n\n<div class=\"kk-star-ratings kksr-auto kksr-align-right kksr-valign-bottom\"\n    data-payload='{&quot;align&quot;:&quot;right&quot;,&quot;id&quot;:&quot;7890&quot;,&quot;slug&quot;:&quot;default&quot;,&quot;valign&quot;:&quot;bottom&quot;,&quot;ignore&quot;:&quot;&quot;,&quot;reference&quot;:&quot;auto&quot;,&quot;class&quot;:&quot;&quot;,&quot;count&quot;:&quot;2&quot;,&quot;legendonly&quot;:&quot;&quot;,&quot;readonly&quot;:&quot;&quot;,&quot;score&quot;:&quot;3&quot;,&quot;starsonly&quot;:&quot;&quot;,&quot;best&quot;:&quot;5&quot;,&quot;gap&quot;:&quot;5&quot;,&quot;greet&quot;:&quot;Rate this post&quot;,&quot;legend&quot;:&quot;3\\\/5 - (2 votes)&quot;,&quot;size&quot;:&quot;24&quot;,&quot;width&quot;:&quot;84.5&quot;,&quot;_legend&quot;:&quot;{score}\\\/{best} - ({count} {votes})&quot;,&quot;font_factor&quot;:&quot;1.25&quot;}'>\n            \n<div class=\"kksr-stars\">\n    \n<div class=\"kksr-stars-inactive\">\n            <div class=\"kksr-star\" data-star=\"1\" style=\"padding-right: 5px\">\n            \n\n<div class=\"kksr-icon\" style=\"width: 24px; height: 24px;\"><\/div>\n        <\/div>\n            <div class=\"kksr-star\" data-star=\"2\" style=\"padding-right: 5px\">\n            \n\n<div class=\"kksr-icon\" style=\"width: 24px; height: 24px;\"><\/div>\n        <\/div>\n            <div class=\"kksr-star\" data-star=\"3\" style=\"padding-right: 5px\">\n            \n\n<div class=\"kksr-icon\" style=\"width: 24px; height: 24px;\"><\/div>\n        <\/div>\n            <div class=\"kksr-star\" data-star=\"4\" style=\"padding-right: 5px\">\n            \n\n<div class=\"kksr-icon\" style=\"width: 24px; height: 24px;\"><\/div>\n        <\/div>\n            <div class=\"kksr-star\" data-star=\"5\" style=\"padding-right: 5px\">\n            \n\n<div class=\"kksr-icon\" style=\"width: 24px; height: 24px;\"><\/div>\n        <\/div>\n    <\/div>\n    \n<div class=\"kksr-stars-active\" style=\"width: 84.5px;\">\n            <div class=\"kksr-star\" style=\"padding-right: 5px\">\n            \n\n<div class=\"kksr-icon\" style=\"width: 24px; height: 24px;\"><\/div>\n        <\/div>\n            <div class=\"kksr-star\" style=\"padding-right: 5px\">\n            \n\n<div class=\"kksr-icon\" style=\"width: 24px; height: 24px;\"><\/div>\n        <\/div>\n            <div class=\"kksr-star\" style=\"padding-right: 5px\">\n            \n\n<div class=\"kksr-icon\" style=\"width: 24px; height: 24px;\"><\/div>\n        <\/div>\n            <div class=\"kksr-star\" style=\"padding-right: 5px\">\n            \n\n<div class=\"kksr-icon\" style=\"width: 24px; height: 24px;\"><\/div>\n        <\/div>\n            <div class=\"kksr-star\" style=\"padding-right: 5px\">\n            \n\n<div class=\"kksr-icon\" style=\"width: 24px; height: 24px;\"><\/div>\n        <\/div>\n    <\/div>\n<\/div>\n                \n\n<div class=\"kksr-legend\" style=\"font-size: 19.2px;\">\n            3\/5 - (2 votes)    <\/div>\n    <\/div>\n","protected":false},"excerpt":{"rendered":"<p>Sezon jesienno-zimowy to czas, gdy moda staje si\u0119 nie tylko kwesti\u0105 stylu, ale r\u00f3wnie\u017c czystej konieczno\u015bci. W tym okresie warto wi\u0119c zainwestowa\u0107 w kurtki, kt\u00f3re nie tylko utrzymaj\u0105 nas w cieple, ale tak\u017ce dodadz\u0105 charakteru naszym stylizacjom. Na naszym sklepie internetowym Pakuten.pl znajdziesz mn\u00f3stwo inspiracji modowych oraz propozycji kt\u00f3re Ci\u0119 zachwyc\u0105.<\/p>\n","protected":false},"author":3,"featured_media":7892,"comment_status":"open","ping_status":"open","sticky":false,"template":"","format":"standard","meta":[],"categories":[4],"tags":[],"yoast_head":"<!-- This site is optimized with the Yoast SEO plugin v18.4.1 - https:\/\/yoast.com\/wordpress\/plugins\/seo\/ -->\n<title>Jakie kurtki wybra\u0107 w okresie jesiennym? Zobacz najmodniejsze propozycje - Pakuten blog<\/title>\n<meta name=\"description\" content=\"Sezon jesienno-zimowy to czas, gdy moda staje si\u0119 nie tylko kwesti\u0105 stylu, ale r\u00f3wnie\u017c czystej konieczno\u015bci. W tym okresie warto wi\u0119c zainwestowa\u0107 w kurtki, kt\u00f3re nie tylko utrzymaj\u0105 nas w cieple, ale tak\u017ce dodadz\u0105 charakteru naszym stylizacjom. Na naszym sklepie internetowym Pakuten.pl znajdziesz mn\u00f3stwo inspiracji modowych oraz propozycji kt\u00f3re Ci\u0119 zachwyc\u0105.\" \/>\n<meta name=\"robots\" content=\"index, follow, max-snippet:-1, max-image-preview:large, max-video-preview:-1\" \/>\n<link rel=\"canonical\" href=\"https:\/\/pakuten.pl\/blog\/jakie-kurtki-wybrac-w-okresie-jesienno-zimowym-zobacz-najmodniejsze-propozycje\/\" \/>\n<meta property=\"og:locale\" content=\"pl_PL\" \/>\n<meta property=\"og:type\" content=\"article\" \/>\n<meta property=\"og:title\" content=\"Jakie kurtki wybra\u0107 w okresie jesiennym? Zobacz najmodniejsze propozycje - Pakuten blog\" \/>\n<meta property=\"og:description\" content=\"Sezon jesienno-zimowy to czas, gdy moda staje si\u0119 nie tylko kwesti\u0105 stylu, ale r\u00f3wnie\u017c czystej konieczno\u015bci. W tym okresie warto wi\u0119c zainwestowa\u0107 w kurtki, kt\u00f3re nie tylko utrzymaj\u0105 nas w cieple, ale tak\u017ce dodadz\u0105 charakteru naszym stylizacjom. Na naszym sklepie internetowym Pakuten.pl znajdziesz mn\u00f3stwo inspiracji modowych oraz propozycji kt\u00f3re Ci\u0119 zachwyc\u0105.\" \/>\n<meta property=\"og:url\" content=\"https:\/\/pakuten.pl\/blog\/jakie-kurtki-wybrac-w-okresie-jesienno-zimowym-zobacz-najmodniejsze-propozycje\/\" \/>\n<meta property=\"og:site_name\" content=\"Pakuten blog\" \/>\n<meta property=\"article:published_time\" content=\"2023-10-19T06:23:47+00:00\" \/>\n<meta property=\"article:modified_time\" content=\"2025-11-27T10:17:56+00:00\" \/>\n<meta property=\"og:image\" content=\"https:\/\/pakuten.pl\/blog\/wp-content\/uploads\/2023\/10\/Jakie-kurtki-wybrac\u0301-w-okresie-jesienno-zimowym-Zobacz-najmodniejsze-propozycje..jpg\" \/>\n\t<meta property=\"og:image:width\" content=\"1280\" \/>\n\t<meta property=\"og:image:height\" content=\"853\" \/>\n\t<meta property=\"og:image:type\" content=\"image\/jpeg\" \/>\n<meta name=\"twitter:card\" content=\"summary_large_image\" \/>\n<meta name=\"twitter:label1\" content=\"Napisane przez\" \/>\n\t<meta name=\"twitter:data1\" content=\"Pakuten Girl\" \/>\n\t<meta name=\"twitter:label2\" content=\"Szacowany czas czytania\" \/>\n\t<meta name=\"twitter:data2\" content=\"7 minut\" \/>\n<script type=\"application\/ld+json\" class=\"yoast-schema-graph\">{\"@context\":\"https:\/\/schema.org\",\"@graph\":[{\"@type\":\"Organization\",\"@id\":\"https:\/\/pakuten.pl\/blog\/#organization\",\"name\":\"Pakuten\",\"url\":\"https:\/\/pakuten.pl\/blog\/\",\"sameAs\":[],\"logo\":{\"@type\":\"ImageObject\",\"@id\":\"https:\/\/pakuten.pl\/blog\/#logo\",\"inLanguage\":\"pl-PL\",\"url\":\"http:\/\/pakuten.pl\/blog\/wp-content\/uploads\/2018\/01\/pakuten_logo.png\",\"contentUrl\":\"http:\/\/pakuten.pl\/blog\/wp-content\/uploads\/2018\/01\/pakuten_logo.png\",\"width\":300,\"height\":120,\"caption\":\"Pakuten\"},\"image\":{\"@id\":\"https:\/\/pakuten.pl\/blog\/#logo\"}},{\"@type\":\"WebSite\",\"@id\":\"https:\/\/pakuten.pl\/blog\/#website\",\"url\":\"https:\/\/pakuten.pl\/blog\/\",\"name\":\"Pakuten blog\",\"description\":\"Blog sklepu internetowego pakuten.pl\",\"publisher\":{\"@id\":\"https:\/\/pakuten.pl\/blog\/#organization\"},\"potentialAction\":[{\"@type\":\"SearchAction\",\"target\":{\"@type\":\"EntryPoint\",\"urlTemplate\":\"https:\/\/pakuten.pl\/blog\/?s={search_term_string}\"},\"query-input\":\"required name=search_term_string\"}],\"inLanguage\":\"pl-PL\"},{\"@type\":\"ImageObject\",\"@id\":\"https:\/\/pakuten.pl\/blog\/jakie-kurtki-wybrac-w-okresie-jesienno-zimowym-zobacz-najmodniejsze-propozycje\/#primaryimage\",\"inLanguage\":\"pl-PL\",\"url\":\"https:\/\/pakuten.pl\/blog\/wp-content\/uploads\/2023\/10\/Jakie-kurtki-wybrac\u0301-w-okresie-jesienno-zimowym-Zobacz-najmodniejsze-propozycje..jpg\",\"contentUrl\":\"https:\/\/pakuten.pl\/blog\/wp-content\/uploads\/2023\/10\/Jakie-kurtki-wybrac\u0301-w-okresie-jesienno-zimowym-Zobacz-najmodniejsze-propozycje..jpg\",\"width\":1280,\"height\":853},{\"@type\":\"WebPage\",\"@id\":\"https:\/\/pakuten.pl\/blog\/jakie-kurtki-wybrac-w-okresie-jesienno-zimowym-zobacz-najmodniejsze-propozycje\/#webpage\",\"url\":\"https:\/\/pakuten.pl\/blog\/jakie-kurtki-wybrac-w-okresie-jesienno-zimowym-zobacz-najmodniejsze-propozycje\/\",\"name\":\"Jakie kurtki wybra\u0107 w okresie jesiennym? Zobacz najmodniejsze propozycje - Pakuten blog\",\"isPartOf\":{\"@id\":\"https:\/\/pakuten.pl\/blog\/#website\"},\"primaryImageOfPage\":{\"@id\":\"https:\/\/pakuten.pl\/blog\/jakie-kurtki-wybrac-w-okresie-jesienno-zimowym-zobacz-najmodniejsze-propozycje\/#primaryimage\"},\"datePublished\":\"2023-10-19T06:23:47+00:00\",\"dateModified\":\"2025-11-27T10:17:56+00:00\",\"description\":\"Sezon jesienno-zimowy to czas, gdy moda staje si\u0119 nie tylko kwesti\u0105 stylu, ale r\u00f3wnie\u017c czystej konieczno\u015bci. W tym okresie warto wi\u0119c zainwestowa\u0107 w kurtki, kt\u00f3re nie tylko utrzymaj\u0105 nas w cieple, ale tak\u017ce dodadz\u0105 charakteru naszym stylizacjom. Na naszym sklepie internetowym Pakuten.pl znajdziesz mn\u00f3stwo inspiracji modowych oraz propozycji kt\u00f3re Ci\u0119 zachwyc\u0105.\",\"breadcrumb\":{\"@id\":\"https:\/\/pakuten.pl\/blog\/jakie-kurtki-wybrac-w-okresie-jesienno-zimowym-zobacz-najmodniejsze-propozycje\/#breadcrumb\"},\"inLanguage\":\"pl-PL\",\"potentialAction\":[{\"@type\":\"ReadAction\",\"target\":[\"https:\/\/pakuten.pl\/blog\/jakie-kurtki-wybrac-w-okresie-jesienno-zimowym-zobacz-najmodniejsze-propozycje\/\"]}]},{\"@type\":\"BreadcrumbList\",\"@id\":\"https:\/\/pakuten.pl\/blog\/jakie-kurtki-wybrac-w-okresie-jesienno-zimowym-zobacz-najmodniejsze-propozycje\/#breadcrumb\",\"itemListElement\":[{\"@type\":\"ListItem\",\"position\":1,\"name\":\"Strona g\u0142\u00f3wna\",\"item\":\"https:\/\/pakuten.pl\/blog\/\"},{\"@type\":\"ListItem\",\"position\":2,\"name\":\"Jakie kurtki wybra\u0107 w okresie jesiennym? Zobacz najmodniejsze propozycje\"}]},{\"@type\":\"Article\",\"@id\":\"https:\/\/pakuten.pl\/blog\/jakie-kurtki-wybrac-w-okresie-jesienno-zimowym-zobacz-najmodniejsze-propozycje\/#article\",\"isPartOf\":{\"@id\":\"https:\/\/pakuten.pl\/blog\/jakie-kurtki-wybrac-w-okresie-jesienno-zimowym-zobacz-najmodniejsze-propozycje\/#webpage\"},\"author\":{\"@id\":\"https:\/\/pakuten.pl\/blog\/#\/schema\/person\/d7133af30211381a4e4536d088384556\"},\"headline\":\"Jakie kurtki wybra\u0107 w okresie jesiennym? Zobacz najmodniejsze propozycje\",\"datePublished\":\"2023-10-19T06:23:47+00:00\",\"dateModified\":\"2025-11-27T10:17:56+00:00\",\"mainEntityOfPage\":{\"@id\":\"https:\/\/pakuten.pl\/blog\/jakie-kurtki-wybrac-w-okresie-jesienno-zimowym-zobacz-najmodniejsze-propozycje\/#webpage\"},\"wordCount\":1365,\"commentCount\":0,\"publisher\":{\"@id\":\"https:\/\/pakuten.pl\/blog\/#organization\"},\"image\":{\"@id\":\"https:\/\/pakuten.pl\/blog\/jakie-kurtki-wybrac-w-okresie-jesienno-zimowym-zobacz-najmodniejsze-propozycje\/#primaryimage\"},\"thumbnailUrl\":\"https:\/\/pakuten.pl\/blog\/wp-content\/uploads\/2023\/10\/Jakie-kurtki-wybrac\u0301-w-okresie-jesienno-zimowym-Zobacz-najmodniejsze-propozycje..jpg\",\"articleSection\":[\"Tips&amp;Tricks\"],\"inLanguage\":\"pl-PL\",\"potentialAction\":[{\"@type\":\"CommentAction\",\"name\":\"Comment\",\"target\":[\"https:\/\/pakuten.pl\/blog\/jakie-kurtki-wybrac-w-okresie-jesienno-zimowym-zobacz-najmodniejsze-propozycje\/#respond\"]}]},{\"@type\":\"Person\",\"@id\":\"https:\/\/pakuten.pl\/blog\/#\/schema\/person\/d7133af30211381a4e4536d088384556\",\"name\":\"Pakuten Girl\",\"image\":{\"@type\":\"ImageObject\",\"@id\":\"https:\/\/pakuten.pl\/blog\/#personlogo\",\"inLanguage\":\"pl-PL\",\"url\":\"https:\/\/secure.gravatar.com\/avatar\/d3df41de2caf92e6cfded9430c2ff352?s=96&d=mm&r=g\",\"contentUrl\":\"https:\/\/secure.gravatar.com\/avatar\/d3df41de2caf92e6cfded9430c2ff352?s=96&d=mm&r=g\",\"caption\":\"Pakuten Girl\"},\"description\":\"Cze\u015b\u0107, nazywam si\u0119 Ola. Kocham Netflixa, sals\u0119, nowo\u015bci kosmetyczne i najnowsze trendy w modzie.\",\"url\":\"https:\/\/pakuten.pl\/blog\/author\/pakuten-girl\/\"}]}<\/script>\n<!-- \/ Yoast SEO plugin. -->","yoast_head_json":{"title":"Jakie kurtki wybra\u0107 w okresie jesiennym? Zobacz najmodniejsze propozycje - Pakuten blog","description":"Sezon jesienno-zimowy to czas, gdy moda staje si\u0119 nie tylko kwesti\u0105 stylu, ale r\u00f3wnie\u017c czystej konieczno\u015bci. W tym okresie warto wi\u0119c zainwestowa\u0107 w kurtki, kt\u00f3re nie tylko utrzymaj\u0105 nas w cieple, ale tak\u017ce dodadz\u0105 charakteru naszym stylizacjom. Na naszym sklepie internetowym Pakuten.pl znajdziesz mn\u00f3stwo inspiracji modowych oraz propozycji kt\u00f3re Ci\u0119 zachwyc\u0105.","robots":{"index":"index","follow":"follow","max-snippet":"max-snippet:-1","max-image-preview":"max-image-preview:large","max-video-preview":"max-video-preview:-1"},"canonical":"https:\/\/pakuten.pl\/blog\/jakie-kurtki-wybrac-w-okresie-jesienno-zimowym-zobacz-najmodniejsze-propozycje\/","og_locale":"pl_PL","og_type":"article","og_title":"Jakie kurtki wybra\u0107 w okresie jesiennym? Zobacz najmodniejsze propozycje - Pakuten blog","og_description":"Sezon jesienno-zimowy to czas, gdy moda staje si\u0119 nie tylko kwesti\u0105 stylu, ale r\u00f3wnie\u017c czystej konieczno\u015bci. W tym okresie warto wi\u0119c zainwestowa\u0107 w kurtki, kt\u00f3re nie tylko utrzymaj\u0105 nas w cieple, ale tak\u017ce dodadz\u0105 charakteru naszym stylizacjom. Na naszym sklepie internetowym Pakuten.pl znajdziesz mn\u00f3stwo inspiracji modowych oraz propozycji kt\u00f3re Ci\u0119 zachwyc\u0105.","og_url":"https:\/\/pakuten.pl\/blog\/jakie-kurtki-wybrac-w-okresie-jesienno-zimowym-zobacz-najmodniejsze-propozycje\/","og_site_name":"Pakuten blog","article_published_time":"2023-10-19T06:23:47+00:00","article_modified_time":"2025-11-27T10:17:56+00:00","og_image":[{"width":1280,"height":853,"url":"https:\/\/pakuten.pl\/blog\/wp-content\/uploads\/2023\/10\/Jakie-kurtki-wybrac\u0301-w-okresie-jesienno-zimowym-Zobacz-najmodniejsze-propozycje..jpg","type":"image\/jpeg"}],"twitter_card":"summary_large_image","twitter_misc":{"Napisane przez":"Pakuten Girl","Szacowany czas czytania":"7 minut"},"schema":{"@context":"https:\/\/schema.org","@graph":[{"@type":"Organization","@id":"https:\/\/pakuten.pl\/blog\/#organization","name":"Pakuten","url":"https:\/\/pakuten.pl\/blog\/","sameAs":[],"logo":{"@type":"ImageObject","@id":"https:\/\/pakuten.pl\/blog\/#logo","inLanguage":"pl-PL","url":"http:\/\/pakuten.pl\/blog\/wp-content\/uploads\/2018\/01\/pakuten_logo.png","contentUrl":"http:\/\/pakuten.pl\/blog\/wp-content\/uploads\/2018\/01\/pakuten_logo.png","width":300,"height":120,"caption":"Pakuten"},"image":{"@id":"https:\/\/pakuten.pl\/blog\/#logo"}},{"@type":"WebSite","@id":"https:\/\/pakuten.pl\/blog\/#website","url":"https:\/\/pakuten.pl\/blog\/","name":"Pakuten blog","description":"Blog sklepu internetowego pakuten.pl","publisher":{"@id":"https:\/\/pakuten.pl\/blog\/#organization"},"potentialAction":[{"@type":"SearchAction","target":{"@type":"EntryPoint","urlTemplate":"https:\/\/pakuten.pl\/blog\/?s={search_term_string}"},"query-input":"required name=search_term_string"}],"inLanguage":"pl-PL"},{"@type":"ImageObject","@id":"https:\/\/pakuten.pl\/blog\/jakie-kurtki-wybrac-w-okresie-jesienno-zimowym-zobacz-najmodniejsze-propozycje\/#primaryimage","inLanguage":"pl-PL","url":"https:\/\/pakuten.pl\/blog\/wp-content\/uploads\/2023\/10\/Jakie-kurtki-wybrac\u0301-w-okresie-jesienno-zimowym-Zobacz-najmodniejsze-propozycje..jpg","contentUrl":"https:\/\/pakuten.pl\/blog\/wp-content\/uploads\/2023\/10\/Jakie-kurtki-wybrac\u0301-w-okresie-jesienno-zimowym-Zobacz-najmodniejsze-propozycje..jpg","width":1280,"height":853},{"@type":"WebPage","@id":"https:\/\/pakuten.pl\/blog\/jakie-kurtki-wybrac-w-okresie-jesienno-zimowym-zobacz-najmodniejsze-propozycje\/#webpage","url":"https:\/\/pakuten.pl\/blog\/jakie-kurtki-wybrac-w-okresie-jesienno-zimowym-zobacz-najmodniejsze-propozycje\/","name":"Jakie kurtki wybra\u0107 w okresie jesiennym? Zobacz najmodniejsze propozycje - Pakuten blog","isPartOf":{"@id":"https:\/\/pakuten.pl\/blog\/#website"},"primaryImageOfPage":{"@id":"https:\/\/pakuten.pl\/blog\/jakie-kurtki-wybrac-w-okresie-jesienno-zimowym-zobacz-najmodniejsze-propozycje\/#primaryimage"},"datePublished":"2023-10-19T06:23:47+00:00","dateModified":"2025-11-27T10:17:56+00:00","description":"Sezon jesienno-zimowy to czas, gdy moda staje si\u0119 nie tylko kwesti\u0105 stylu, ale r\u00f3wnie\u017c czystej konieczno\u015bci. W tym okresie warto wi\u0119c zainwestowa\u0107 w kurtki, kt\u00f3re nie tylko utrzymaj\u0105 nas w cieple, ale tak\u017ce dodadz\u0105 charakteru naszym stylizacjom. Na naszym sklepie internetowym Pakuten.pl znajdziesz mn\u00f3stwo inspiracji modowych oraz propozycji kt\u00f3re Ci\u0119 zachwyc\u0105.","breadcrumb":{"@id":"https:\/\/pakuten.pl\/blog\/jakie-kurtki-wybrac-w-okresie-jesienno-zimowym-zobacz-najmodniejsze-propozycje\/#breadcrumb"},"inLanguage":"pl-PL","potentialAction":[{"@type":"ReadAction","target":["https:\/\/pakuten.pl\/blog\/jakie-kurtki-wybrac-w-okresie-jesienno-zimowym-zobacz-najmodniejsze-propozycje\/"]}]},{"@type":"BreadcrumbList","@id":"https:\/\/pakuten.pl\/blog\/jakie-kurtki-wybrac-w-okresie-jesienno-zimowym-zobacz-najmodniejsze-propozycje\/#breadcrumb","itemListElement":[{"@type":"ListItem","position":1,"name":"Strona g\u0142\u00f3wna","item":"https:\/\/pakuten.pl\/blog\/"},{"@type":"ListItem","position":2,"name":"Jakie kurtki wybra\u0107 w okresie jesiennym? Zobacz najmodniejsze propozycje"}]},{"@type":"Article","@id":"https:\/\/pakuten.pl\/blog\/jakie-kurtki-wybrac-w-okresie-jesienno-zimowym-zobacz-najmodniejsze-propozycje\/#article","isPartOf":{"@id":"https:\/\/pakuten.pl\/blog\/jakie-kurtki-wybrac-w-okresie-jesienno-zimowym-zobacz-najmodniejsze-propozycje\/#webpage"},"author":{"@id":"https:\/\/pakuten.pl\/blog\/#\/schema\/person\/d7133af30211381a4e4536d088384556"},"headline":"Jakie kurtki wybra\u0107 w okresie jesiennym? Zobacz najmodniejsze propozycje","datePublished":"2023-10-19T06:23:47+00:00","dateModified":"2025-11-27T10:17:56+00:00","mainEntityOfPage":{"@id":"https:\/\/pakuten.pl\/blog\/jakie-kurtki-wybrac-w-okresie-jesienno-zimowym-zobacz-najmodniejsze-propozycje\/#webpage"},"wordCount":1365,"commentCount":0,"publisher":{"@id":"https:\/\/pakuten.pl\/blog\/#organization"},"image":{"@id":"https:\/\/pakuten.pl\/blog\/jakie-kurtki-wybrac-w-okresie-jesienno-zimowym-zobacz-najmodniejsze-propozycje\/#primaryimage"},"thumbnailUrl":"https:\/\/pakuten.pl\/blog\/wp-content\/uploads\/2023\/10\/Jakie-kurtki-wybrac\u0301-w-okresie-jesienno-zimowym-Zobacz-najmodniejsze-propozycje..jpg","articleSection":["Tips&amp;Tricks"],"inLanguage":"pl-PL","potentialAction":[{"@type":"CommentAction","name":"Comment","target":["https:\/\/pakuten.pl\/blog\/jakie-kurtki-wybrac-w-okresie-jesienno-zimowym-zobacz-najmodniejsze-propozycje\/#respond"]}]},{"@type":"Person","@id":"https:\/\/pakuten.pl\/blog\/#\/schema\/person\/d7133af30211381a4e4536d088384556","name":"Pakuten Girl","image":{"@type":"ImageObject","@id":"https:\/\/pakuten.pl\/blog\/#personlogo","inLanguage":"pl-PL","url":"https:\/\/secure.gravatar.com\/avatar\/d3df41de2caf92e6cfded9430c2ff352?s=96&d=mm&r=g","contentUrl":"https:\/\/secure.gravatar.com\/avatar\/d3df41de2caf92e6cfded9430c2ff352?s=96&d=mm&r=g","caption":"Pakuten Girl"},"description":"Cze\u015b\u0107, nazywam si\u0119 Ola. Kocham Netflixa, sals\u0119, nowo\u015bci kosmetyczne i najnowsze trendy w modzie.","url":"https:\/\/pakuten.pl\/blog\/author\/pakuten-girl\/"}]}},"_links":{"self":[{"href":"https:\/\/pakuten.pl\/blog\/wp-json\/wp\/v2\/posts\/7890"}],"collection":[{"href":"https:\/\/pakuten.pl\/blog\/wp-json\/wp\/v2\/posts"}],"about":[{"href":"https:\/\/pakuten.pl\/blog\/wp-json\/wp\/v2\/types\/post"}],"author":[{"embeddable":true,"href":"https:\/\/pakuten.pl\/blog\/wp-json\/wp\/v2\/users\/3"}],"replies":[{"embeddable":true,"href":"https:\/\/pakuten.pl\/blog\/wp-json\/wp\/v2\/comments?post=7890"}],"version-history":[{"count":6,"href":"https:\/\/pakuten.pl\/blog\/wp-json\/wp\/v2\/posts\/7890\/revisions"}],"predecessor-version":[{"id":10549,"href":"https:\/\/pakuten.pl\/blog\/wp-json\/wp\/v2\/posts\/7890\/revisions\/10549"}],"wp:featuredmedia":[{"embeddable":true,"href":"https:\/\/pakuten.pl\/blog\/wp-json\/wp\/v2\/media\/7892"}],"wp:attachment":[{"href":"https:\/\/pakuten.pl\/blog\/wp-json\/wp\/v2\/media?parent=7890"}],"wp:term":[{"taxonomy":"category","embeddable":true,"href":"https:\/\/pakuten.pl\/blog\/wp-json\/wp\/v2\/categories?post=7890"},{"taxonomy":"post_tag","embeddable":true,"href":"https:\/\/pakuten.pl\/blog\/wp-json\/wp\/v2\/tags?post=7890"}],"curies":[{"name":"wp","href":"https:\/\/api.w.org\/{rel}","templated":true}]}}