{"id":7911,"date":"2023-10-27T10:29:01","date_gmt":"2023-10-27T08:29:01","guid":{"rendered":"https:\/\/pakuten.pl\/blog\/?p=7911"},"modified":"2023-10-27T10:29:03","modified_gmt":"2023-10-27T08:29:03","slug":"jakie-najmodniejsze-dodatki-dobrac-do-jesiennych-stylizacji","status":"publish","type":"post","link":"https:\/\/pakuten.pl\/blog\/jakie-najmodniejsze-dodatki-dobrac-do-jesiennych-stylizacji\/","title":{"rendered":"Jakie najmodniejsze dodatki dobra\u0107 do jesiennych stylizacji ?"},"content":{"rendered":"\n<p class=\"p1\"><strong>Jesie\u0144 to jedna z najpi\u0119kniejszych p\u00f3r roku, kt\u00f3ra obfituje w r\u00f3\u017cnorodno\u015b\u0107 kolor\u00f3w i tekstur. To tak\u017ce doskona\u0142y moment, aby uzupe\u0142ni\u0107 swoj\u0105 garderob\u0119 o nowe dodatki, kt\u00f3re nadadz\u0105 Twoim jesiennym stylizacjom charakteru i wyrazisto\u015bci. Dzi\u015b przyjrzymy si\u0119 najmodniejszym dodatkom, kt\u00f3re idealnie pasuj\u0105 do jesiennych ubra\u0144.<\/strong><\/p>\n<h2><span style=\"color: #ff9900;\">Szalik , chusta i kapelusze<\/span><\/h2>\n<p class=\"p1\">Jesienne dni mog\u0105 by\u0107 ch\u0142odniejsze, wi\u0119c dobrym pomys\u0142em jest inwestycja w ciep\u0142y i stylowy szalik lub chust\u0119. Wybierz modele w klasycznych kolorach, takich jak br\u0105z, szaro\u015b\u0107, burgund czy butelkowa ziele\u0144, kt\u00f3re doskonale komponuj\u0105 si\u0119 z jesienn\u0105 palet\u0105 barw. Szalik lub chusta to nie tylko \u017ar\u00f3d\u0142o ciep\u0142a, ale tak\u017ce \u015bwietny spos\u00f3b, aby doda\u0107 swojej stylizacji nieco elegancji. Kapelusze s\u0105 niezast\u0105pionym dodatkiem jesieni. Mog\u0105 doda\u0107 Twojej stylizacji charakteru i oryginalno\u015bci. Wybierz mi\u0119kkie kapelusze we\u0142niane lub filcowe, kt\u00f3re nie tylko utrzymaj\u0105 Ci\u0119 w cieple, ale tak\u017ce dodadz\u0105 Ci uroku. Kapelusz w odcieniach br\u0105zu, czerni czy granatu b\u0119dzie pasowa\u0142 do wielu jesiennych outfit\u00f3w.<\/p>\n<div class=\"product-box-container\">\r\n<div class=\"one_third \" style=\"\">\r\n<div class=\"product-box\">\r\n<a href=\"https:\/\/pakuten.pl\/34871-76576-pudrowa-bluzka-z-ozdobnymi-rekawami-kielen-pudrowy.html\" target=\"_blank\">\r\n <img src=\"https:\/\/media.pakuten.pl\/207790-large_default\/pudrowa-bluzka-z-ozdobnymi-rekawami-kielen.jpg\" alt=\"Pudrowa bluzka z ozdobnymi r\u0119kawami Kielen\"\/>\r\n<\/a>\r\n<p>\r\n<a href=\"https:\/\/pakuten.pl\/34871-76576-pudrowa-bluzka-z-ozdobnymi-rekawami-kielen-pudrowy.html\" target=\"_blank\">\r\nPudrowa bluzka z ozdobnymi r\u0119kawami Kielen\r\n<\/a><\/p>\r\n  <p>Cena: 93,31\u00a0z\u0142<\/p>\r\n<a href=\"https:\/\/pakuten.pl\/34871-76576-pudrowa-bluzka-z-ozdobnymi-rekawami-kielen-pudrowy.html\" target=\"_blank\" class=\"button\">\r\nZobacz w sklepie\r\n<\/a>\r\n<\/div>\r\n<\/div>\r\n<div class=\"one_third \" style=\"\">\r\n<div class=\"product-box\">\r\n<a href=\"https:\/\/pakuten.pl\/34855-76551-malinowa-asymetryczna-welurowa-bluzka-pirjo-malinowy.html\" target=\"_blank\">\r\n  <img src=\"https:\/\/media.pakuten.pl\/207708-large_default\/malinowa-asymetryczna-welurowa-bluzka-pirjo.jpg\" alt=\"Malinowa asymetryczna welurowa bluzka Pirjo\"\/>\r\n<\/a>\r\n<p>\r\n<a href=\"https:\/\/pakuten.pl\/34855-76551-malinowa-asymetryczna-welurowa-bluzka-pirjo-malinowy.html\" target=\"_blank\">\r\nMalinowa asymetryczna welurowa bluzka Pirjo\r\n<\/a><\/p>\r\n  <p>Cena: 39,99\u00a0z\u0142<\/p>\r\n<a href=\"https:\/\/pakuten.pl\/34855-76551-malinowa-asymetryczna-welurowa-bluzka-pirjo-malinowy.html\" target=\"_blank\" class=\"button\">\r\nZobacz w sklepie\r\n<\/a>\r\n<\/div>\r\n<\/div>\r\n<div class=\"one_third last \" style=\"\">\r\n<div class=\"product-box\">\r\n<a href=\"https:\/\/pakuten.pl\/34852-76544-biala-bluzka-z-tiulowymi-rekawami-onniko-bialy.html\" target=\"_blank\">\r\n  <img src=\"https:\/\/media.pakuten.pl\/207694-large_default\/biala-bluzka-z-tiulowymi-rekawami-onniko.jpg\" alt=\"Bia\u0142a bluzka z tiulowymi r\u0119kawami Onniko\"\/>\r\n<\/a>\r\n<p>\r\n<a href=\"https:\/\/pakuten.pl\/34852-76544-biala-bluzka-z-tiulowymi-rekawami-onniko-bialy.html\" target=\"_blank\">\r\nBia\u0142a bluzka z tiulowymi r\u0119kawami Onniko\r\n<\/a><\/p>\r\n  <p>Cena: 73,49\u00a0z\u0142<\/p>\r\n<a href=\"https:\/\/pakuten.pl\/34852-76544-biala-bluzka-z-tiulowymi-rekawami-onniko-bialy.html\" target=\"_blank\" class=\"button\">\r\nZobacz w sklepie\r\n<\/a>\r\n<\/div>\r\n<\/div><br class=\"clear\"\/>\r\n<\/div>\n<h2><span style=\"color: #ff9900;\">Sztywne torby<\/span><\/h2>\n<p class=\"p1\">Jesie\u0144 to czas, gdy potrzebujesz przewozi\u0107 wi\u0119cej rzeczy ze sob\u0105, takich jak parasol, szalik, czy sk\u0142adane buty. Dlatego warto zainwestowa\u0107 w stylow\u0105 i pojemn\u0105 torb\u0119. Sztywne torby wykonane z naturalnej sk\u00f3ry lub zamszu s\u0105 teraz bardzo modne. Wybierz klasyczny model w odcieniach br\u0105zu lub burgundu, kt\u00f3ry doskonale uzupe\u0142ni Twoje jesiennie stylizacje.<\/p>\n<h2><span style=\"color: #ff9900;\">Ozdobne spinki do w\u0142os\u00f3w i bi\u017cuteria w odcieniach jesieni<\/span><\/h2>\n<p class=\"p1\">Dla wielu z nas jesie\u0144 to czas, kiedy w\u0142osy zaczynaj\u0105 przeszkadza\u0107 w twarzy pod wp\u0142ywem wiatru. Rozwi\u0105zaniem s\u0105 ozdobne spinki do w\u0142os\u00f3w. Wybierz modele zdobione per\u0142ami, kryszta\u0142kami lub kamieniami szlachetnymi. Spinki do w\u0142os\u00f3w nie tylko utrzymaj\u0105 Twoje w\u0142osy na miejscu, ale tak\u017ce dodadz\u0105 uroku Twojej fryzurze. Mo\u017cesz eksperymentowa\u0107 z bi\u017cuteri\u0105 w ciep\u0142ych odcieniach. Wybierz bransoletki, naszyjniki i kolczyki z naturalnych kamieni, takich jak ametyst, granat czy bursztyn. Te kolory doskonale komponuj\u0105 si\u0119 z jesienn\u0105 palet\u0105 barw i dodadz\u0105 elegancji Twoim stylizacjom.<\/p>\n<div class=\"product-box-container\">\r\n<div class=\"one_third \" style=\"\">\r\n<div class=\"product-box\">\r\n<a href=\"https:\/\/pakuten.pl\/34851-76555-sweter-w-paski-z-dekoltem-luciana-wzor-1-wzor-1.html\" target=\"_blank\">\r\n <img src=\"https:\/\/media.pakuten.pl\/207689-large_default\/sweter-w-paski-z-dekoltem-luciana-wzor-1.jpg\" alt=\"Sweter w paski z dekoltem Luciana - wz\u00f3r 1\"\/>\r\n<\/a>\r\n<p>\r\n<a href=\"https:\/\/pakuten.pl\/34851-76555-sweter-w-paski-z-dekoltem-luciana-wzor-1-wzor-1.html\" target=\"_blank\">\r\nSweter w paski z dekoltem Luciana - wz\u00f3r 1\r\n<\/a><\/p>\r\n  <p>Cena: 69,99\u00a0z\u0142<\/p>\r\n<a href=\"https:\/\/pakuten.pl\/34851-76555-sweter-w-paski-z-dekoltem-luciana-wzor-1-wzor-1.html\" target=\"_blank\" class=\"button\">\r\nZobacz w sklepie\r\n<\/a>\r\n<\/div>\r\n<\/div>\r\n<div class=\"one_third \" style=\"\">\r\n<div class=\"product-box\">\r\n<a href=\"https:\/\/pakuten.pl\/34847-76546-biala-bluzka-z-ozdobnymi-rekawami-zokkena-bialy.html\" target=\"_blank\">\r\n  <img src=\"https:\/\/media.pakuten.pl\/207669-large_default\/biala-bluzka-z-ozdobnymi-rekawami-zokkena.jpg\" alt=\"Bia\u0142a bluzka z ozdobnymi r\u0119kawami Zokkena\"\/>\r\n<\/a>\r\n<p>\r\n<a href=\"https:\/\/pakuten.pl\/34847-76546-biala-bluzka-z-ozdobnymi-rekawami-zokkena-bialy.html\" target=\"_blank\">\r\nBia\u0142a bluzka z ozdobnymi r\u0119kawami Zokkena\r\n<\/a><\/p>\r\n  <p>Cena: 39,99\u00a0z\u0142<\/p>\r\n<a href=\"https:\/\/pakuten.pl\/34847-76546-biala-bluzka-z-ozdobnymi-rekawami-zokkena-bialy.html\" target=\"_blank\" class=\"button\">\r\nZobacz w sklepie\r\n<\/a>\r\n<\/div>\r\n<\/div>\r\n<div class=\"one_third last \" style=\"\">\r\n<div class=\"product-box\">\r\n<a href=\"https:\/\/pakuten.pl\/34837-76526-bezowa-swetrowa-sukienka-z-ozdobnym-szalem-i-broszka-inkeri-bezowy.html\" target=\"_blank\">\r\n  <img src=\"https:\/\/media.pakuten.pl\/207628-large_default\/bezowa-swetrowa-sukienka-z-ozdobnym-szalem-i-broszka-inkeri.jpg\" alt=\"Be\u017cowa swetrowa sukienka z ozdobnym szalem i broszk\u0105 Inkeri\"\/>\r\n<\/a>\r\n<p>\r\n<a href=\"https:\/\/pakuten.pl\/34837-76526-bezowa-swetrowa-sukienka-z-ozdobnym-szalem-i-broszka-inkeri-bezowy.html\" target=\"_blank\">\r\nBe\u017cowa swetrowa sukienka z ozdobnym szalem i broszk\u0105 Inkeri\r\n<\/a><\/p>\r\n  <p>Cena: 93,31\u00a0z\u0142<\/p>\r\n<a href=\"https:\/\/pakuten.pl\/34837-76526-bezowa-swetrowa-sukienka-z-ozdobnym-szalem-i-broszka-inkeri-bezowy.html\" target=\"_blank\" class=\"button\">\r\nZobacz w sklepie\r\n<\/a>\r\n<\/div>\r\n<\/div><br class=\"clear\"\/>\r\n<\/div>\n<h2><span style=\"color: #ff9900;\">Buty na grubszej podeszwie<\/span><\/h2>\n<p class=\"p1\">Buty na grubszej podeszwie s\u0105 zar\u00f3wno stylowe, jak i praktyczne na jesienny okres. Botki czy kozaki na grubszej podeszwie nie tylko utrzymaj\u0105 Ci\u0119 w cieple, ale tak\u017ce dodadz\u0105 pewno\u015bci kroku. Wybierz modele w odcieniach br\u0105zu, czerni lub oliwki, kt\u00f3re b\u0119d\u0105 pasowa\u0107 do wielu jesiennych ubra\u0144.<\/p>\n<p class=\"p1\">Podsumowuj\u0105c, jesie\u0144 to czas, gdy mo\u017cemy bawi\u0107 si\u0119 mod\u0105 i dodatkami. Szaliki, kapelusze, torby, ozdobne spinki do w\u0142os\u00f3w, bi\u017cuteria i buty na grubszej podeszwie to tylko niekt\u00f3re z modnych dodatk\u00f3w, kt\u00f3re mog\u0105 uzupe\u0142ni\u0107 Twoje jesiennie stylizacje. Pami\u0119taj o tym, \u017ce moda to tak\u017ce zabawa, wi\u0119c \u015bmia\u0142o eksperymentuj i tw\u00f3rz unikalne kombinacje, kt\u00f3re b\u0119d\u0105 wyra\u017ca\u0107 Twoj\u0105 osobowo\u015b\u0107.<\/p>\n\n\n<div class=\"kk-star-ratings kksr-auto kksr-align-right kksr-valign-bottom\"\n    data-payload='{&quot;align&quot;:&quot;right&quot;,&quot;id&quot;:&quot;7911&quot;,&quot;slug&quot;:&quot;default&quot;,&quot;valign&quot;:&quot;bottom&quot;,&quot;ignore&quot;:&quot;&quot;,&quot;reference&quot;:&quot;auto&quot;,&quot;class&quot;:&quot;&quot;,&quot;count&quot;:&quot;2&quot;,&quot;legendonly&quot;:&quot;&quot;,&quot;readonly&quot;:&quot;&quot;,&quot;score&quot;:&quot;1&quot;,&quot;starsonly&quot;:&quot;&quot;,&quot;best&quot;:&quot;5&quot;,&quot;gap&quot;:&quot;5&quot;,&quot;greet&quot;:&quot;Rate this post&quot;,&quot;legend&quot;:&quot;1\\\/5 - (2 votes)&quot;,&quot;size&quot;:&quot;24&quot;,&quot;width&quot;:&quot;26.5&quot;,&quot;_legend&quot;:&quot;{score}\\\/{best} - ({count} {votes})&quot;,&quot;font_factor&quot;:&quot;1.25&quot;}'>\n            \n<div class=\"kksr-stars\">\n    \n<div class=\"kksr-stars-inactive\">\n            <div class=\"kksr-star\" data-star=\"1\" style=\"padding-right: 5px\">\n            \n\n<div class=\"kksr-icon\" style=\"width: 24px; height: 24px;\"><\/div>\n        <\/div>\n            <div class=\"kksr-star\" data-star=\"2\" style=\"padding-right: 5px\">\n            \n\n<div class=\"kksr-icon\" style=\"width: 24px; height: 24px;\"><\/div>\n        <\/div>\n            <div class=\"kksr-star\" data-star=\"3\" style=\"padding-right: 5px\">\n            \n\n<div class=\"kksr-icon\" style=\"width: 24px; height: 24px;\"><\/div>\n        <\/div>\n            <div class=\"kksr-star\" data-star=\"4\" style=\"padding-right: 5px\">\n            \n\n<div class=\"kksr-icon\" style=\"width: 24px; height: 24px;\"><\/div>\n        <\/div>\n            <div class=\"kksr-star\" data-star=\"5\" style=\"padding-right: 5px\">\n            \n\n<div class=\"kksr-icon\" style=\"width: 24px; height: 24px;\"><\/div>\n        <\/div>\n    <\/div>\n    \n<div class=\"kksr-stars-active\" style=\"width: 26.5px;\">\n            <div class=\"kksr-star\" style=\"padding-right: 5px\">\n            \n\n<div class=\"kksr-icon\" style=\"width: 24px; height: 24px;\"><\/div>\n        <\/div>\n            <div class=\"kksr-star\" style=\"padding-right: 5px\">\n            \n\n<div class=\"kksr-icon\" style=\"width: 24px; height: 24px;\"><\/div>\n        <\/div>\n            <div class=\"kksr-star\" style=\"padding-right: 5px\">\n            \n\n<div class=\"kksr-icon\" style=\"width: 24px; height: 24px;\"><\/div>\n        <\/div>\n            <div class=\"kksr-star\" style=\"padding-right: 5px\">\n            \n\n<div class=\"kksr-icon\" style=\"width: 24px; height: 24px;\"><\/div>\n        <\/div>\n            <div class=\"kksr-star\" style=\"padding-right: 5px\">\n            \n\n<div class=\"kksr-icon\" style=\"width: 24px; height: 24px;\"><\/div>\n        <\/div>\n    <\/div>\n<\/div>\n                \n\n<div class=\"kksr-legend\" style=\"font-size: 19.2px;\">\n            1\/5 - (2 votes)    <\/div>\n    <\/div>\n","protected":false},"excerpt":{"rendered":"<p class=\"p1\" style=\"margin: 0px; font-variant-numeric: normal; font-variant-east-asian: normal; font-variant-alternates: normal; font-kerning: auto; font-optical-sizing: auto; font-feature-settings: normal; font-variation-settings: normal; font-variant-position: normal; font-stretch: normal; font-size: 13px; line-height: normal; font-family: 'Helvetica Neue'; color: #000000;\">Jesie\u0144 to jedna z najpi\u0119kniejszych p\u00f3r roku, kt\u00f3ra obfituje w r\u00f3\u017cnorodno\u015b\u0107 kolor\u00f3w i tekstur. To tak\u017ce doskona\u0142y moment, aby uzupe\u0142ni\u0107 swoj\u0105 garderob\u0119 o nowe dodatki, kt\u00f3re nadadz\u0105 Twoim jesiennym stylizacjom charakteru i wyrazisto\u015bci. Dzi\u015b przyjrzymy si\u0119 najmodniejszym dodatkom, kt\u00f3re idealnie pasuj\u0105 do jesiennych ubra\u0144.<\/p>\n","protected":false},"author":3,"featured_media":7913,"comment_status":"open","ping_status":"open","sticky":false,"template":"","format":"standard","meta":[],"categories":[4],"tags":[],"yoast_head":"<!-- This site is optimized with the Yoast SEO plugin v18.4.1 - https:\/\/yoast.com\/wordpress\/plugins\/seo\/ -->\n<title>Jakie najmodniejsze dodatki dobra\u0107 do jesiennych stylizacji ? - Pakuten blog<\/title>\n<meta name=\"description\" content=\"Jesie\u0144 to jedna z najpi\u0119kniejszych p\u00f3r roku, kt\u00f3ra obfituje w r\u00f3\u017cnorodno\u015b\u0107 kolor\u00f3w i tekstur. To tak\u017ce doskona\u0142y moment, aby uzupe\u0142ni\u0107 swoj\u0105 garderob\u0119 o nowe dodatki, kt\u00f3re nadadz\u0105 Twoim jesiennym stylizacjom charakteru i wyrazisto\u015bci. Dzi\u015b przyjrzymy si\u0119 najmodniejszym dodatkom, kt\u00f3re idealnie pasuj\u0105 do jesiennych ubra\u0144.\" \/>\n<meta name=\"robots\" content=\"index, follow, max-snippet:-1, max-image-preview:large, max-video-preview:-1\" \/>\n<link rel=\"canonical\" href=\"https:\/\/pakuten.pl\/blog\/jakie-najmodniejsze-dodatki-dobrac-do-jesiennych-stylizacji\/\" \/>\n<meta property=\"og:locale\" content=\"pl_PL\" \/>\n<meta property=\"og:type\" content=\"article\" \/>\n<meta property=\"og:title\" content=\"Jakie najmodniejsze dodatki dobra\u0107 do jesiennych stylizacji ? - Pakuten blog\" \/>\n<meta property=\"og:description\" content=\"Jesie\u0144 to jedna z najpi\u0119kniejszych p\u00f3r roku, kt\u00f3ra obfituje w r\u00f3\u017cnorodno\u015b\u0107 kolor\u00f3w i tekstur. To tak\u017ce doskona\u0142y moment, aby uzupe\u0142ni\u0107 swoj\u0105 garderob\u0119 o nowe dodatki, kt\u00f3re nadadz\u0105 Twoim jesiennym stylizacjom charakteru i wyrazisto\u015bci. Dzi\u015b przyjrzymy si\u0119 najmodniejszym dodatkom, kt\u00f3re idealnie pasuj\u0105 do jesiennych ubra\u0144.\" \/>\n<meta property=\"og:url\" content=\"https:\/\/pakuten.pl\/blog\/jakie-najmodniejsze-dodatki-dobrac-do-jesiennych-stylizacji\/\" \/>\n<meta property=\"og:site_name\" content=\"Pakuten blog\" \/>\n<meta property=\"article:published_time\" content=\"2023-10-27T08:29:01+00:00\" \/>\n<meta property=\"article:modified_time\" content=\"2023-10-27T08:29:03+00:00\" \/>\n<meta property=\"og:image\" content=\"https:\/\/pakuten.pl\/blog\/wp-content\/uploads\/2023\/10\/Jakie-najmodniejsze-dodatki-dobrac\u0301-do-jesiennych-stylizacji-.jpg\" \/>\n\t<meta property=\"og:image:width\" content=\"1280\" \/>\n\t<meta property=\"og:image:height\" content=\"853\" \/>\n\t<meta property=\"og:image:type\" content=\"image\/jpeg\" \/>\n<meta name=\"twitter:card\" content=\"summary_large_image\" \/>\n<meta name=\"twitter:label1\" content=\"Napisane przez\" \/>\n\t<meta name=\"twitter:data1\" content=\"Pakuten Girl\" \/>\n\t<meta name=\"twitter:label2\" content=\"Szacowany czas czytania\" \/>\n\t<meta name=\"twitter:data2\" content=\"3 minuty\" \/>\n<script type=\"application\/ld+json\" class=\"yoast-schema-graph\">{\"@context\":\"https:\/\/schema.org\",\"@graph\":[{\"@type\":\"Organization\",\"@id\":\"https:\/\/pakuten.pl\/blog\/#organization\",\"name\":\"Pakuten\",\"url\":\"https:\/\/pakuten.pl\/blog\/\",\"sameAs\":[],\"logo\":{\"@type\":\"ImageObject\",\"@id\":\"https:\/\/pakuten.pl\/blog\/#logo\",\"inLanguage\":\"pl-PL\",\"url\":\"http:\/\/pakuten.pl\/blog\/wp-content\/uploads\/2018\/01\/pakuten_logo.png\",\"contentUrl\":\"http:\/\/pakuten.pl\/blog\/wp-content\/uploads\/2018\/01\/pakuten_logo.png\",\"width\":300,\"height\":120,\"caption\":\"Pakuten\"},\"image\":{\"@id\":\"https:\/\/pakuten.pl\/blog\/#logo\"}},{\"@type\":\"WebSite\",\"@id\":\"https:\/\/pakuten.pl\/blog\/#website\",\"url\":\"https:\/\/pakuten.pl\/blog\/\",\"name\":\"Pakuten blog\",\"description\":\"Blog sklepu internetowego pakuten.pl\",\"publisher\":{\"@id\":\"https:\/\/pakuten.pl\/blog\/#organization\"},\"potentialAction\":[{\"@type\":\"SearchAction\",\"target\":{\"@type\":\"EntryPoint\",\"urlTemplate\":\"https:\/\/pakuten.pl\/blog\/?s={search_term_string}\"},\"query-input\":\"required name=search_term_string\"}],\"inLanguage\":\"pl-PL\"},{\"@type\":\"ImageObject\",\"@id\":\"https:\/\/pakuten.pl\/blog\/jakie-najmodniejsze-dodatki-dobrac-do-jesiennych-stylizacji\/#primaryimage\",\"inLanguage\":\"pl-PL\",\"url\":\"https:\/\/pakuten.pl\/blog\/wp-content\/uploads\/2023\/10\/Jakie-najmodniejsze-dodatki-dobrac\u0301-do-jesiennych-stylizacji-.jpg\",\"contentUrl\":\"https:\/\/pakuten.pl\/blog\/wp-content\/uploads\/2023\/10\/Jakie-najmodniejsze-dodatki-dobrac\u0301-do-jesiennych-stylizacji-.jpg\",\"width\":1280,\"height\":853},{\"@type\":\"WebPage\",\"@id\":\"https:\/\/pakuten.pl\/blog\/jakie-najmodniejsze-dodatki-dobrac-do-jesiennych-stylizacji\/#webpage\",\"url\":\"https:\/\/pakuten.pl\/blog\/jakie-najmodniejsze-dodatki-dobrac-do-jesiennych-stylizacji\/\",\"name\":\"Jakie najmodniejsze dodatki dobra\u0107 do jesiennych stylizacji ? - Pakuten blog\",\"isPartOf\":{\"@id\":\"https:\/\/pakuten.pl\/blog\/#website\"},\"primaryImageOfPage\":{\"@id\":\"https:\/\/pakuten.pl\/blog\/jakie-najmodniejsze-dodatki-dobrac-do-jesiennych-stylizacji\/#primaryimage\"},\"datePublished\":\"2023-10-27T08:29:01+00:00\",\"dateModified\":\"2023-10-27T08:29:03+00:00\",\"description\":\"Jesie\u0144 to jedna z najpi\u0119kniejszych p\u00f3r roku, kt\u00f3ra obfituje w r\u00f3\u017cnorodno\u015b\u0107 kolor\u00f3w i tekstur. To tak\u017ce doskona\u0142y moment, aby uzupe\u0142ni\u0107 swoj\u0105 garderob\u0119 o nowe dodatki, kt\u00f3re nadadz\u0105 Twoim jesiennym stylizacjom charakteru i wyrazisto\u015bci. Dzi\u015b przyjrzymy si\u0119 najmodniejszym dodatkom, kt\u00f3re idealnie pasuj\u0105 do jesiennych ubra\u0144.\",\"breadcrumb\":{\"@id\":\"https:\/\/pakuten.pl\/blog\/jakie-najmodniejsze-dodatki-dobrac-do-jesiennych-stylizacji\/#breadcrumb\"},\"inLanguage\":\"pl-PL\",\"potentialAction\":[{\"@type\":\"ReadAction\",\"target\":[\"https:\/\/pakuten.pl\/blog\/jakie-najmodniejsze-dodatki-dobrac-do-jesiennych-stylizacji\/\"]}]},{\"@type\":\"BreadcrumbList\",\"@id\":\"https:\/\/pakuten.pl\/blog\/jakie-najmodniejsze-dodatki-dobrac-do-jesiennych-stylizacji\/#breadcrumb\",\"itemListElement\":[{\"@type\":\"ListItem\",\"position\":1,\"name\":\"Strona g\u0142\u00f3wna\",\"item\":\"https:\/\/pakuten.pl\/blog\/\"},{\"@type\":\"ListItem\",\"position\":2,\"name\":\"Jakie najmodniejsze dodatki dobra\u0107 do jesiennych stylizacji ?\"}]},{\"@type\":\"Article\",\"@id\":\"https:\/\/pakuten.pl\/blog\/jakie-najmodniejsze-dodatki-dobrac-do-jesiennych-stylizacji\/#article\",\"isPartOf\":{\"@id\":\"https:\/\/pakuten.pl\/blog\/jakie-najmodniejsze-dodatki-dobrac-do-jesiennych-stylizacji\/#webpage\"},\"author\":{\"@id\":\"https:\/\/pakuten.pl\/blog\/#\/schema\/person\/d7133af30211381a4e4536d088384556\"},\"headline\":\"Jakie najmodniejsze dodatki dobra\u0107 do jesiennych stylizacji ?\",\"datePublished\":\"2023-10-27T08:29:01+00:00\",\"dateModified\":\"2023-10-27T08:29:03+00:00\",\"mainEntityOfPage\":{\"@id\":\"https:\/\/pakuten.pl\/blog\/jakie-najmodniejsze-dodatki-dobrac-do-jesiennych-stylizacji\/#webpage\"},\"wordCount\":501,\"commentCount\":0,\"publisher\":{\"@id\":\"https:\/\/pakuten.pl\/blog\/#organization\"},\"image\":{\"@id\":\"https:\/\/pakuten.pl\/blog\/jakie-najmodniejsze-dodatki-dobrac-do-jesiennych-stylizacji\/#primaryimage\"},\"thumbnailUrl\":\"https:\/\/pakuten.pl\/blog\/wp-content\/uploads\/2023\/10\/Jakie-najmodniejsze-dodatki-dobrac\u0301-do-jesiennych-stylizacji-.jpg\",\"articleSection\":[\"Tips&amp;Tricks\"],\"inLanguage\":\"pl-PL\",\"potentialAction\":[{\"@type\":\"CommentAction\",\"name\":\"Comment\",\"target\":[\"https:\/\/pakuten.pl\/blog\/jakie-najmodniejsze-dodatki-dobrac-do-jesiennych-stylizacji\/#respond\"]}]},{\"@type\":\"Person\",\"@id\":\"https:\/\/pakuten.pl\/blog\/#\/schema\/person\/d7133af30211381a4e4536d088384556\",\"name\":\"Pakuten Girl\",\"image\":{\"@type\":\"ImageObject\",\"@id\":\"https:\/\/pakuten.pl\/blog\/#personlogo\",\"inLanguage\":\"pl-PL\",\"url\":\"https:\/\/secure.gravatar.com\/avatar\/d3df41de2caf92e6cfded9430c2ff352?s=96&d=mm&r=g\",\"contentUrl\":\"https:\/\/secure.gravatar.com\/avatar\/d3df41de2caf92e6cfded9430c2ff352?s=96&d=mm&r=g\",\"caption\":\"Pakuten Girl\"},\"description\":\"Cze\u015b\u0107, nazywam si\u0119 Ola. Kocham Netflixa, sals\u0119, nowo\u015bci kosmetyczne i najnowsze trendy w modzie.\",\"url\":\"https:\/\/pakuten.pl\/blog\/author\/pakuten-girl\/\"}]}<\/script>\n<!-- \/ Yoast SEO plugin. -->","yoast_head_json":{"title":"Jakie najmodniejsze dodatki dobra\u0107 do jesiennych stylizacji ? - Pakuten blog","description":"Jesie\u0144 to jedna z najpi\u0119kniejszych p\u00f3r roku, kt\u00f3ra obfituje w r\u00f3\u017cnorodno\u015b\u0107 kolor\u00f3w i tekstur. To tak\u017ce doskona\u0142y moment, aby uzupe\u0142ni\u0107 swoj\u0105 garderob\u0119 o nowe dodatki, kt\u00f3re nadadz\u0105 Twoim jesiennym stylizacjom charakteru i wyrazisto\u015bci. Dzi\u015b przyjrzymy si\u0119 najmodniejszym dodatkom, kt\u00f3re idealnie pasuj\u0105 do jesiennych ubra\u0144.","robots":{"index":"index","follow":"follow","max-snippet":"max-snippet:-1","max-image-preview":"max-image-preview:large","max-video-preview":"max-video-preview:-1"},"canonical":"https:\/\/pakuten.pl\/blog\/jakie-najmodniejsze-dodatki-dobrac-do-jesiennych-stylizacji\/","og_locale":"pl_PL","og_type":"article","og_title":"Jakie najmodniejsze dodatki dobra\u0107 do jesiennych stylizacji ? - Pakuten blog","og_description":"Jesie\u0144 to jedna z najpi\u0119kniejszych p\u00f3r roku, kt\u00f3ra obfituje w r\u00f3\u017cnorodno\u015b\u0107 kolor\u00f3w i tekstur. To tak\u017ce doskona\u0142y moment, aby uzupe\u0142ni\u0107 swoj\u0105 garderob\u0119 o nowe dodatki, kt\u00f3re nadadz\u0105 Twoim jesiennym stylizacjom charakteru i wyrazisto\u015bci. Dzi\u015b przyjrzymy si\u0119 najmodniejszym dodatkom, kt\u00f3re idealnie pasuj\u0105 do jesiennych ubra\u0144.","og_url":"https:\/\/pakuten.pl\/blog\/jakie-najmodniejsze-dodatki-dobrac-do-jesiennych-stylizacji\/","og_site_name":"Pakuten blog","article_published_time":"2023-10-27T08:29:01+00:00","article_modified_time":"2023-10-27T08:29:03+00:00","og_image":[{"width":1280,"height":853,"url":"https:\/\/pakuten.pl\/blog\/wp-content\/uploads\/2023\/10\/Jakie-najmodniejsze-dodatki-dobrac\u0301-do-jesiennych-stylizacji-.jpg","type":"image\/jpeg"}],"twitter_card":"summary_large_image","twitter_misc":{"Napisane przez":"Pakuten Girl","Szacowany czas czytania":"3 minuty"},"schema":{"@context":"https:\/\/schema.org","@graph":[{"@type":"Organization","@id":"https:\/\/pakuten.pl\/blog\/#organization","name":"Pakuten","url":"https:\/\/pakuten.pl\/blog\/","sameAs":[],"logo":{"@type":"ImageObject","@id":"https:\/\/pakuten.pl\/blog\/#logo","inLanguage":"pl-PL","url":"http:\/\/pakuten.pl\/blog\/wp-content\/uploads\/2018\/01\/pakuten_logo.png","contentUrl":"http:\/\/pakuten.pl\/blog\/wp-content\/uploads\/2018\/01\/pakuten_logo.png","width":300,"height":120,"caption":"Pakuten"},"image":{"@id":"https:\/\/pakuten.pl\/blog\/#logo"}},{"@type":"WebSite","@id":"https:\/\/pakuten.pl\/blog\/#website","url":"https:\/\/pakuten.pl\/blog\/","name":"Pakuten blog","description":"Blog sklepu internetowego pakuten.pl","publisher":{"@id":"https:\/\/pakuten.pl\/blog\/#organization"},"potentialAction":[{"@type":"SearchAction","target":{"@type":"EntryPoint","urlTemplate":"https:\/\/pakuten.pl\/blog\/?s={search_term_string}"},"query-input":"required name=search_term_string"}],"inLanguage":"pl-PL"},{"@type":"ImageObject","@id":"https:\/\/pakuten.pl\/blog\/jakie-najmodniejsze-dodatki-dobrac-do-jesiennych-stylizacji\/#primaryimage","inLanguage":"pl-PL","url":"https:\/\/pakuten.pl\/blog\/wp-content\/uploads\/2023\/10\/Jakie-najmodniejsze-dodatki-dobrac\u0301-do-jesiennych-stylizacji-.jpg","contentUrl":"https:\/\/pakuten.pl\/blog\/wp-content\/uploads\/2023\/10\/Jakie-najmodniejsze-dodatki-dobrac\u0301-do-jesiennych-stylizacji-.jpg","width":1280,"height":853},{"@type":"WebPage","@id":"https:\/\/pakuten.pl\/blog\/jakie-najmodniejsze-dodatki-dobrac-do-jesiennych-stylizacji\/#webpage","url":"https:\/\/pakuten.pl\/blog\/jakie-najmodniejsze-dodatki-dobrac-do-jesiennych-stylizacji\/","name":"Jakie najmodniejsze dodatki dobra\u0107 do jesiennych stylizacji ? - Pakuten blog","isPartOf":{"@id":"https:\/\/pakuten.pl\/blog\/#website"},"primaryImageOfPage":{"@id":"https:\/\/pakuten.pl\/blog\/jakie-najmodniejsze-dodatki-dobrac-do-jesiennych-stylizacji\/#primaryimage"},"datePublished":"2023-10-27T08:29:01+00:00","dateModified":"2023-10-27T08:29:03+00:00","description":"Jesie\u0144 to jedna z najpi\u0119kniejszych p\u00f3r roku, kt\u00f3ra obfituje w r\u00f3\u017cnorodno\u015b\u0107 kolor\u00f3w i tekstur. To tak\u017ce doskona\u0142y moment, aby uzupe\u0142ni\u0107 swoj\u0105 garderob\u0119 o nowe dodatki, kt\u00f3re nadadz\u0105 Twoim jesiennym stylizacjom charakteru i wyrazisto\u015bci. Dzi\u015b przyjrzymy si\u0119 najmodniejszym dodatkom, kt\u00f3re idealnie pasuj\u0105 do jesiennych ubra\u0144.","breadcrumb":{"@id":"https:\/\/pakuten.pl\/blog\/jakie-najmodniejsze-dodatki-dobrac-do-jesiennych-stylizacji\/#breadcrumb"},"inLanguage":"pl-PL","potentialAction":[{"@type":"ReadAction","target":["https:\/\/pakuten.pl\/blog\/jakie-najmodniejsze-dodatki-dobrac-do-jesiennych-stylizacji\/"]}]},{"@type":"BreadcrumbList","@id":"https:\/\/pakuten.pl\/blog\/jakie-najmodniejsze-dodatki-dobrac-do-jesiennych-stylizacji\/#breadcrumb","itemListElement":[{"@type":"ListItem","position":1,"name":"Strona g\u0142\u00f3wna","item":"https:\/\/pakuten.pl\/blog\/"},{"@type":"ListItem","position":2,"name":"Jakie najmodniejsze dodatki dobra\u0107 do jesiennych stylizacji ?"}]},{"@type":"Article","@id":"https:\/\/pakuten.pl\/blog\/jakie-najmodniejsze-dodatki-dobrac-do-jesiennych-stylizacji\/#article","isPartOf":{"@id":"https:\/\/pakuten.pl\/blog\/jakie-najmodniejsze-dodatki-dobrac-do-jesiennych-stylizacji\/#webpage"},"author":{"@id":"https:\/\/pakuten.pl\/blog\/#\/schema\/person\/d7133af30211381a4e4536d088384556"},"headline":"Jakie najmodniejsze dodatki dobra\u0107 do jesiennych stylizacji ?","datePublished":"2023-10-27T08:29:01+00:00","dateModified":"2023-10-27T08:29:03+00:00","mainEntityOfPage":{"@id":"https:\/\/pakuten.pl\/blog\/jakie-najmodniejsze-dodatki-dobrac-do-jesiennych-stylizacji\/#webpage"},"wordCount":501,"commentCount":0,"publisher":{"@id":"https:\/\/pakuten.pl\/blog\/#organization"},"image":{"@id":"https:\/\/pakuten.pl\/blog\/jakie-najmodniejsze-dodatki-dobrac-do-jesiennych-stylizacji\/#primaryimage"},"thumbnailUrl":"https:\/\/pakuten.pl\/blog\/wp-content\/uploads\/2023\/10\/Jakie-najmodniejsze-dodatki-dobrac\u0301-do-jesiennych-stylizacji-.jpg","articleSection":["Tips&amp;Tricks"],"inLanguage":"pl-PL","potentialAction":[{"@type":"CommentAction","name":"Comment","target":["https:\/\/pakuten.pl\/blog\/jakie-najmodniejsze-dodatki-dobrac-do-jesiennych-stylizacji\/#respond"]}]},{"@type":"Person","@id":"https:\/\/pakuten.pl\/blog\/#\/schema\/person\/d7133af30211381a4e4536d088384556","name":"Pakuten Girl","image":{"@type":"ImageObject","@id":"https:\/\/pakuten.pl\/blog\/#personlogo","inLanguage":"pl-PL","url":"https:\/\/secure.gravatar.com\/avatar\/d3df41de2caf92e6cfded9430c2ff352?s=96&d=mm&r=g","contentUrl":"https:\/\/secure.gravatar.com\/avatar\/d3df41de2caf92e6cfded9430c2ff352?s=96&d=mm&r=g","caption":"Pakuten Girl"},"description":"Cze\u015b\u0107, nazywam si\u0119 Ola. Kocham Netflixa, sals\u0119, nowo\u015bci kosmetyczne i najnowsze trendy w modzie.","url":"https:\/\/pakuten.pl\/blog\/author\/pakuten-girl\/"}]}},"_links":{"self":[{"href":"https:\/\/pakuten.pl\/blog\/wp-json\/wp\/v2\/posts\/7911"}],"collection":[{"href":"https:\/\/pakuten.pl\/blog\/wp-json\/wp\/v2\/posts"}],"about":[{"href":"https:\/\/pakuten.pl\/blog\/wp-json\/wp\/v2\/types\/post"}],"author":[{"embeddable":true,"href":"https:\/\/pakuten.pl\/blog\/wp-json\/wp\/v2\/users\/3"}],"replies":[{"embeddable":true,"href":"https:\/\/pakuten.pl\/blog\/wp-json\/wp\/v2\/comments?post=7911"}],"version-history":[{"count":2,"href":"https:\/\/pakuten.pl\/blog\/wp-json\/wp\/v2\/posts\/7911\/revisions"}],"predecessor-version":[{"id":7915,"href":"https:\/\/pakuten.pl\/blog\/wp-json\/wp\/v2\/posts\/7911\/revisions\/7915"}],"wp:featuredmedia":[{"embeddable":true,"href":"https:\/\/pakuten.pl\/blog\/wp-json\/wp\/v2\/media\/7913"}],"wp:attachment":[{"href":"https:\/\/pakuten.pl\/blog\/wp-json\/wp\/v2\/media?parent=7911"}],"wp:term":[{"taxonomy":"category","embeddable":true,"href":"https:\/\/pakuten.pl\/blog\/wp-json\/wp\/v2\/categories?post=7911"},{"taxonomy":"post_tag","embeddable":true,"href":"https:\/\/pakuten.pl\/blog\/wp-json\/wp\/v2\/tags?post=7911"}],"curies":[{"name":"wp","href":"https:\/\/api.w.org\/{rel}","templated":true}]}}