{"id":796,"date":"2018-05-17T12:16:42","date_gmt":"2018-05-17T10:16:42","guid":{"rendered":"http:\/\/pakuten.pl\/blog\/?p=796"},"modified":"2021-09-15T10:02:36","modified_gmt":"2021-09-15T08:02:36","slug":"5-inspirujacych-stylizacji-na-wesele-jak-sie-ubrac-na-wesele-jako-gosc","status":"publish","type":"post","link":"https:\/\/pakuten.pl\/blog\/5-inspirujacych-stylizacji-na-wesele-jak-sie-ubrac-na-wesele-jako-gosc\/","title":{"rendered":"5 inspiruj\u0105cych stylizacji na wesele. Jak si\u0119 ubra\u0107 na wesele jako go\u015b\u0107?"},"content":{"rendered":"<p><strong>Sezon \u015blubny w pe\u0142ni, a Ty nadal zastanawiasz si\u0119, jakie stylizacje na wesele sprawdz\u0105 si\u0119 najlepiej? Wiemy, \u017ce ubranie si\u0119 jako go\u015b\u0107 potrafi by\u0107 nieraz wi\u0119kszym wyzwaniem ni\u017c znalezienie idealnej sukni \u015blubnej! Jak si\u0119 ubra\u0107 na wesele? Zobacz nasze 5 inspiracji i wybierz t\u0105, kt\u00f3ra najbardziej do Ciebie pasuje!<\/strong><\/p>\n<p>Odpowied\u017a na to, jak si\u0119 ubra\u0107 na wesele mo\u017ce zale\u017ce\u0107 od kilku czynnik\u00f3w. Przede wszystkim zwr\u00f3\u0107 uwag\u0119 na pogod\u0119. Nie jest to \u0142atwe ze wzgl\u0119du na zmieniaj\u0105ce si\u0119 prognozy, ale w sezonie letnim temperatura rzadko kiedy mo\u017ce zaskoczy\u0107 tak, \u017ceby ca\u0142kowicie pokrzy\u017cowa\u0107 Twoje plany. Warto jednak zawsze by\u0107 przygotowanym na wypadek stosunkowo ch\u0142odnego, deszczowego dnia w \u015brodku lipca. <span style=\"color: #ff9900;\"><strong><a style=\"color: #ff9900;\" href=\"https:\/\/pakuten.pl\/117-marynarki-i-garnitury\">Uniwersalna jasna marynarka<\/a><\/strong><\/span> lub elegancki wiosenny p\u0142aszczyk b\u0119d\u0105 dobrym ko\u0142em ratunkowym, kiedy pogoda zaskoczy Ci\u0119 na dzie\u0144 przed uroczysto\u015bci\u0105!<\/p>\n<h2>Subtelny fason, w kt\u00f3rym przeta\u0144czysz ca\u0142\u0105 noc<\/h2>\n<p>Letnie stylizacje weselne musz\u0105 by\u0107 przede wszystkim subtelne. Staraj si\u0119 unika\u0107 czerni, kt\u00f3ra na takie uroczysto\u015bci nie sprawdza si\u0119 tak dobrze, jak inne, ja\u015bniejsze kolory. Postaw te\u017c na fason, kt\u00f3ry z jednej strony podkre\u015bli Twoj\u0105 figur\u0119, z drugiej za\u015b b\u0119dzie lekki w odbiorze. Nie zapominaj o wygodzie \u2013 przecie\u017c musisz w tej kreacji przeta\u0144czy\u0107 ca\u0142\u0105 noc! Wi\u0105zana sukienka z ozdobn\u0105 kokard\u0105 to idealne rozwi\u0105zanie i trafiona odpowied\u017a na pytanie, jak ubra\u0107 si\u0119 na wesele!<\/p>\n<blockquote class=\"instagram-media\" style=\"background: #FFF; border: 0; border-radius: 3px; box-shadow: 0 0 1px 0 rgba(0,0,0,0.5),0 1px 10px 0 rgba(0,0,0,0.15); margin: 1px; max-width: 658px; padding: 0; width: calc(100% - 2px);\" data-instgrm-permalink=\"https:\/\/www.instagram.com\/p\/Bij8vphAnnP\/\" data-instgrm-version=\"8\">\n<div style=\"padding: 8px;\">\n<div style=\"background: #F8F8F8; line-height: 0; margin-top: 40px; padding: 62.4537037037037% 0; text-align: center; width: 100%;\">\n<div style=\"background: url(data:image\/png; base64,ivborw0kggoaaaansuheugaaacwaaaascamaaaapwqozaaaabgdbtueaalgpc\/xhbqaaaafzukdcak7ohokaaaamuexurczmzpf399fx1+bm5mzy9amaaadisurbvdjlvzxbesmgces5\/p8\/t9furvcrmu73jwlzosgsiizurcjo\/ad+eqjjb4hv8bft+idpqocx1wjosbfhh2xssxeiyn3uli\/6mnree07uiwjev8ueowds88ly97kqytlijkktuybbruayvh5wohixmpi5we58ek028czwyuqdlkpg1bkb4nnm+veanfhqn1k4+gpt6ugqcvu2h2ovuif\/gwufyy8owepdyzsa3avcqpvovvzzz2vtnn2wu8qzvjddeto90gsy9mvlqtgysy231mxry6i2ggqjrty0l8fxcxfcbbhwrsyyaaaaaelftksuqmcc); display: block; height: 44px; margin: 0 auto -44px; position: relative; top: -22px; width: 44px;\"><\/div>\n<\/div>\n<p style=\"color: #c9c8cd; font-family: Arial,sans-serif; font-size: 14px; line-height: 17px; margin-bottom: 0; margin-top: 8px; overflow: hidden; padding: 8px 0 7px; text-align: center; text-overflow: ellipsis; white-space: nowrap;\"><a style=\"color: #c9c8cd; font-family: Arial,sans-serif; font-size: 14px; font-style: normal; font-weight: normal; line-height: 17px; text-decoration: none;\" href=\"https:\/\/www.instagram.com\/p\/Bij8vphAnnP\/\" target=\"_blank\" rel=\"noopener\">Post udost\u0119pniony przez Hi, I\u2019m a n d i \u2661 (@fruity.sky)<\/a> <time style=\"font-family: Arial,sans-serif; font-size: 14px; line-height: 17px;\" datetime=\"2018-05-09T15:27:51+00:00\">Maj 9, 2018 o 8:27 PDT<\/time><\/p>\n<\/div>\n<\/blockquote>\n<p><script async=\"\" defer=\"\" src=\"\/\/www.instagram.com\/embed.js\"><\/script><\/p>\n<div class=\"product-box-container\">\r\n<div class=\"one_third \" style=\"\">\r\n<div class=\"product-box\">\r\n<a href=\"\" target=\"_blank\">\r\n <img src=\"\" alt=\"\"\/>\r\n<\/a>\r\n<p>\r\n<a href=\"\" target=\"_blank\">\r\n\r\n<\/a><\/p>\r\n  <p>Cena: <\/p>\r\n<a href=\"\" target=\"_blank\" class=\"button\">\r\nZobacz w sklepie\r\n<\/a>\r\n<\/div>\r\n<\/div>\r\n<div class=\"one_third \" style=\"\">\r\n<div class=\"product-box\">\r\n<a href=\"https:\/\/pakuten.pl\/3309-12119-zjawiskowa-sukienka-z-kokarda-czarny.html\" target=\"_blank\">\r\n  <img src=\"https:\/\/media.pakuten.pl\/40141-large_default\/zjawiskowa-sukienka-z-kokarda.jpg\" alt=\"ZJAWISKOWA SUKIENKA Z KOKARD\u0104\"\/>\r\n<\/a>\r\n<p>\r\n<a href=\"https:\/\/pakuten.pl\/3309-12119-zjawiskowa-sukienka-z-kokarda-czarny.html\" target=\"_blank\">\r\nZJAWISKOWA SUKIENKA Z KOKARD\u0104\r\n<\/a><\/p>\r\n  <p>Cena: 47,59\u00a0z\u0142<\/p>\r\n<a href=\"https:\/\/pakuten.pl\/3309-12119-zjawiskowa-sukienka-z-kokarda-czarny.html\" target=\"_blank\" class=\"button\">\r\nZobacz w sklepie\r\n<\/a>\r\n<\/div>\r\n<\/div>\r\n<div class=\"one_third last \" style=\"\">\r\n<div class=\"product-box\">\r\n<a href=\"\" target=\"_blank\">\r\n  <img src=\"\" alt=\"\"\/>\r\n<\/a>\r\n<p>\r\n<a href=\"\" target=\"_blank\">\r\n\r\n<\/a><\/p>\r\n  <p>Cena: <\/p>\r\n<a href=\"\" target=\"_blank\" class=\"button\">\r\nZobacz w sklepie\r\n<\/a>\r\n<\/div>\r\n<\/div><br class=\"clear\"\/>\r\n<\/div>\n<h2>Stylizacje na wesele w intensywnym kolorze<\/h2>\n<p>Opr\u00f3cz czerni istnieje jeszcze jeden kolor, kt\u00f3ry nie jest przeznaczony na stylizacje weselne dla go\u015bci. To oczywi\u015bcie biel, kt\u00f3ra zawsze zarezerwowana jest dla Panny M\u0142odej. Jak ubra\u0107 si\u0119 na wesele, kiedy dwie klasyczne barwy nie s\u0105 dobrze widziane? Postaw na wyrazisty kolor i zobacz, jaka drzemie w nim si\u0142a! Kobalt, <span style=\"color: #ff9900;\"><strong><a style=\"color: #ff9900;\" href=\"https:\/\/pakuten.pl\/blog\/rozswietl-swoja-stylizacje-najmodniejszym-kolorem-tego-roku-jaki-kolor-pasuje-do-zoltego\/\" target=\"_blank\" rel=\"noopener\">modna \u017c\u00f3\u0142\u0107<\/a><\/strong><\/span>, a mo\u017ce magnetyczna fuksja? Dobierz odcie\u0144, kt\u00f3ry najlepiej pasuje do Twojej karnacji i typu urody. B\u0119dziesz mile zaskoczona ilo\u015bci\u0105 komplement\u00f3w, kt\u00f3re otrzymasz!<\/p>\n<blockquote class=\"instagram-media\" style=\"background: #FFF; border: 0; border-radius: 3px; box-shadow: 0 0 1px 0 rgba(0,0,0,0.5),0 1px 10px 0 rgba(0,0,0,0.15); margin: 1px; max-width: 658px; padding: 0; width: calc(100% - 2px);\" data-instgrm-permalink=\"https:\/\/www.instagram.com\/p\/Bfog8s1lTWU\/\" data-instgrm-version=\"8\">\n<div style=\"padding: 8px;\">\n<div style=\"background: #F8F8F8; line-height: 0; margin-top: 40px; padding: 62.5% 0; text-align: center; width: 100%;\">\n<div style=\"background: url(data:image\/png; base64,ivborw0kggoaaaansuheugaaacwaaaascamaaaapwqozaaaabgdbtueaalgpc\/xhbqaaaafzukdcak7ohokaaaamuexurczmzpf399fx1+bm5mzy9amaaadisurbvdjlvzxbesmgces5\/p8\/t9furvcrmu73jwlzosgsiizurcjo\/ad+eqjjb4hv8bft+idpqocx1wjosbfhh2xssxeiyn3uli\/6mnree07uiwjev8ueowds88ly97kqytlijkktuybbruayvh5wohixmpi5we58ek028czwyuqdlkpg1bkb4nnm+veanfhqn1k4+gpt6ugqcvu2h2ovuif\/gwufyy8owepdyzsa3avcqpvovvzzz2vtnn2wu8qzvjddeto90gsy9mvlqtgysy231mxry6i2ggqjrty0l8fxcxfcbbhwrsyyaaaaaelftksuqmcc); display: block; height: 44px; margin: 0 auto -44px; position: relative; top: -22px; width: 44px;\"><\/div>\n<\/div>\n<p style=\"color: #c9c8cd; font-family: Arial,sans-serif; font-size: 14px; line-height: 17px; margin-bottom: 0; margin-top: 8px; overflow: hidden; padding: 8px 0 7px; text-align: center; text-overflow: ellipsis; white-space: nowrap;\"><a style=\"color: #c9c8cd; font-family: Arial,sans-serif; font-size: 14px; font-style: normal; font-weight: normal; line-height: 17px; text-decoration: none;\" href=\"https:\/\/www.instagram.com\/p\/Bfog8s1lTWU\/\" target=\"_blank\" rel=\"noopener\">Post udost\u0119pniony przez Carmen Catal\u00e1n \u2728 (@bridalada)<\/a> <time style=\"font-family: Arial,sans-serif; font-size: 14px; line-height: 17px;\" datetime=\"2018-02-25T20:27:00+00:00\">Lut 25, 2018 o 12:27 PST<\/time><\/p>\n<\/div>\n<\/blockquote>\n<p><script async=\"\" defer=\"\" src=\"\/\/www.instagram.com\/embed.js\"><\/script><\/p>\n<div class=\"product-box-container\">\r\n<div class=\"one_half \" style=\"\">\r\n<div class=\"product-box\">\r\n<div class=\"product-box-image\">\r\n<a href=\"\" target=\"_blank\">\r\n<img src=\"\" alt=\"\"\/>\r\n<\/a>\r\n<\/div>\r\n<p>\r\n<a href=\"\" target=\"_blank\">\r\n\r\n<\/a><\/p>\r\n  <p>Cena: <\/p>\r\n<a href=\"\" target=\"_blank\" class=\"button\">\r\nZobacz w sklepie\r\n<\/a>\r\n<\/div>\r\n<\/div>\r\n<div class=\"one_half last \" style=\"\">\r\n<div class=\"product-box\">\r\n<div class=\"product-box-image\">\r\n<a href=\"\" target=\"_blank\">\r\n<img src=\"\"  alt=\"\"\/>\r\n<\/a>\r\n<\/div>\r\n<a href=\"\" target=\"_blank\">\r\n\r\n<\/a>\r\n  <p>Cena: <\/p>\r\n<a href=\"\" target=\"_blank\" class=\"button\">\r\nZobacz w sklepie\r\n<\/a>\r\n<\/div>\r\n<\/div><br class=\"clear\"\/>\r\n<\/div>\n<h2>Jak si\u0119 ubra\u0107 na wesele? Postaw na dodatki w roli g\u0142\u00f3wnej<\/h2>\n<p>Je\u015bli jednak kolorowy total look to dla Ciebie za du\u017co, zdecyduj si\u0119 na niebanalne dodatki, kt\u00f3re doskonale dope\u0142niaj\u0105 wszystkie stylizacje na wesele. Du\u017ce kolczyki z nietypowymi ozdobami, a mo\u017ce torebka o finezyjnym kszta\u0142cie i kolorze? Je\u015bli kochasz mod\u0119 i nie boisz si\u0119 odwa\u017cnych dodatk\u00f3w, mo\u017cesz te\u017c poszuka\u0107 but\u00f3w, kt\u00f3re dodadz\u0105 charakteru ca\u0142ej stylizacji. Pami\u0119taj, \u017ce musz\u0105 by\u0107 te\u017c wygodne i pasowa\u0107 do reszty stroju. Do <span style=\"color: #ff9900;\"><strong><a style=\"color: #ff9900;\" href=\"https:\/\/pakuten.pl\/69-sukienki-na-okazje\">zwiewnych sukienek na specjaln\u0105 okazj\u0119<\/a><\/strong><\/span> doskonale sprawdz\u0105 si\u0119 te\u017c <span style=\"color: #ff9900;\"><strong><a style=\"color: #ff9900;\" href=\"https:\/\/pakuten.pl\/51-akcesoria\">ozdobne wianki na g\u0142ow\u0119<\/a><\/strong><\/span>. Z bogatymi dodatkami najlepiej sprawdzaj\u0105 si\u0119 klasyczne i stonowane stylizacje weselne.<\/p>\n<blockquote class=\"instagram-media\" style=\"background: #FFF; border: 0; border-radius: 3px; box-shadow: 0 0 1px 0 rgba(0,0,0,0.5),0 1px 10px 0 rgba(0,0,0,0.15); margin: 1px; max-width: 658px; padding: 0; width: calc(100% - 2px);\" data-instgrm-permalink=\"https:\/\/www.instagram.com\/p\/BgwePYjhNd6\/\" data-instgrm-version=\"8\">\n<div style=\"padding: 8px;\">\n<div style=\"background: #F8F8F8; line-height: 0; margin-top: 40px; padding: 50% 0; text-align: center; width: 100%;\">\n<div style=\"background: url(data:image\/png; base64,ivborw0kggoaaaansuheugaaacwaaaascamaaaapwqozaaaabgdbtueaalgpc\/xhbqaaaafzukdcak7ohokaaaamuexurczmzpf399fx1+bm5mzy9amaaadisurbvdjlvzxbesmgces5\/p8\/t9furvcrmu73jwlzosgsiizurcjo\/ad+eqjjb4hv8bft+idpqocx1wjosbfhh2xssxeiyn3uli\/6mnree07uiwjev8ueowds88ly97kqytlijkktuybbruayvh5wohixmpi5we58ek028czwyuqdlkpg1bkb4nnm+veanfhqn1k4+gpt6ugqcvu2h2ovuif\/gwufyy8owepdyzsa3avcqpvovvzzz2vtnn2wu8qzvjddeto90gsy9mvlqtgysy231mxry6i2ggqjrty0l8fxcxfcbbhwrsyyaaaaaelftksuqmcc); display: block; height: 44px; margin: 0 auto -44px; position: relative; top: -22px; width: 44px;\"><\/div>\n<\/div>\n<p style=\"color: #c9c8cd; font-family: Arial,sans-serif; font-size: 14px; line-height: 17px; margin-bottom: 0; margin-top: 8px; overflow: hidden; padding: 8px 0 7px; text-align: center; text-overflow: ellipsis; white-space: nowrap;\"><a style=\"color: #c9c8cd; font-family: Arial,sans-serif; font-size: 14px; font-style: normal; font-weight: normal; line-height: 17px; text-decoration: none;\" href=\"https:\/\/www.instagram.com\/p\/BgwePYjhNd6\/\" target=\"_blank\" rel=\"noopener\">Post udost\u0119pniony przez Mar\u00eda Turiel Soler (@meryturiel)<\/a> <time style=\"font-family: Arial,sans-serif; font-size: 14px; line-height: 17px;\" datetime=\"2018-03-25T19:08:39+00:00\">Mar 25, 2018 o 12:08 PDT<\/time><\/p>\n<\/div>\n<\/blockquote>\n<p><script async=\"\" defer=\"\" src=\"\/\/www.instagram.com\/embed.js\"><\/script><\/p>\n<blockquote class=\"instagram-media\" style=\"background: #FFF; border: 0; border-radius: 3px; box-shadow: 0 0 1px 0 rgba(0,0,0,0.5),0 1px 10px 0 rgba(0,0,0,0.15); margin: 1px; max-width: 658px; padding: 0; width: calc(100% - 2px);\" data-instgrm-permalink=\"https:\/\/www.instagram.com\/p\/BW-3RsPDGjA\/\" data-instgrm-version=\"8\">\n<div style=\"padding: 8px;\">\n<div style=\"background: #F8F8F8; line-height: 0; margin-top: 40px; padding: 62.5% 0; text-align: center; width: 100%;\">\n<div style=\"background: url(data:image\/png; base64,ivborw0kggoaaaansuheugaaacwaaaascamaaaapwqozaaaabgdbtueaalgpc\/xhbqaaaafzukdcak7ohokaaaamuexurczmzpf399fx1+bm5mzy9amaaadisurbvdjlvzxbesmgces5\/p8\/t9furvcrmu73jwlzosgsiizurcjo\/ad+eqjjb4hv8bft+idpqocx1wjosbfhh2xssxeiyn3uli\/6mnree07uiwjev8ueowds88ly97kqytlijkktuybbruayvh5wohixmpi5we58ek028czwyuqdlkpg1bkb4nnm+veanfhqn1k4+gpt6ugqcvu2h2ovuif\/gwufyy8owepdyzsa3avcqpvovvzzz2vtnn2wu8qzvjddeto90gsy9mvlqtgysy231mxry6i2ggqjrty0l8fxcxfcbbhwrsyyaaaaaelftksuqmcc); display: block; height: 44px; margin: 0 auto -44px; position: relative; top: -22px; width: 44px;\"><\/div>\n<\/div>\n<p style=\"color: #c9c8cd; font-family: Arial,sans-serif; font-size: 14px; line-height: 17px; margin-bottom: 0; margin-top: 8px; overflow: hidden; padding: 8px 0 7px; text-align: center; text-overflow: ellipsis; white-space: nowrap;\"><a style=\"color: #c9c8cd; font-family: Arial,sans-serif; font-size: 14px; font-style: normal; font-weight: normal; line-height: 17px; text-decoration: none;\" href=\"https:\/\/www.instagram.com\/p\/BW-3RsPDGjA\/\" target=\"_blank\" rel=\"noopener\">Post udost\u0119pniony przez Ciara O&#8217;Doherty (@ciaraodoherty)<\/a> <time style=\"font-family: Arial,sans-serif; font-size: 14px; line-height: 17px;\" datetime=\"2017-07-25T20:02:50+00:00\">Lip 25, 2017 o 1:02 PDT<\/time><\/p>\n<\/div>\n<\/blockquote>\n<p><script async=\"\" defer=\"\" src=\"\/\/www.instagram.com\/embed.js\"><\/script><\/p>\n<h2>Stylizacje weselne w klasycznej ods\u0142onie<\/h2>\n<p>Jak ubra\u0107 si\u0119 na wesele, kiedy nie przepadasz za mocnymi dodatkami, fiku\u015bnym fasonem i mocnym kolorem? To oczywiste \u2014 postaw na sto procent klasyki! Klasyczna stylizacja w postaci sukienki dopasowanej do Twojej sylwetki, w ulubionym, niekoniecznie intensywnym kolorze to zestaw, w kt\u00f3rym zawsze b\u0119dziesz \u015bwietnie wygl\u0105da\u0107. Dodaj do stroju <span style=\"color: #ff9900;\"><strong><a style=\"color: #ff9900;\" href=\"https:\/\/pakuten.pl\/87-buty\">wygodne szpilki<\/a><\/strong><\/span>, subteln\u0105 bi\u017cuteri\u0119 i<span style=\"color: #000000;\"> okulary przeciws\u0142oneczne w pasuj\u0105cym fasonie.<\/span> Klasyka nigdy nie przemija i zawsze jest strza\u0142em w dziesi\u0105tk\u0119!<\/p>\n<blockquote class=\"instagram-media\" style=\"background: #FFF; border: 0; border-radius: 3px; box-shadow: 0 0 1px 0 rgba(0,0,0,0.5),0 1px 10px 0 rgba(0,0,0,0.15); margin: 1px; max-width: 658px; padding: 0; width: calc(100% - 2px);\" data-instgrm-permalink=\"https:\/\/www.instagram.com\/p\/BihEs_VFuds\/\" data-instgrm-version=\"8\">\n<div style=\"padding: 8px;\">\n<div style=\"background: #F8F8F8; line-height: 0; margin-top: 40px; padding: 62.48665955176094% 0; text-align: center; width: 100%;\">\n<div style=\"background: url(data:image\/png; base64,ivborw0kggoaaaansuheugaaacwaaaascamaaaapwqozaaaabgdbtueaalgpc\/xhbqaaaafzukdcak7ohokaaaamuexurczmzpf399fx1+bm5mzy9amaaadisurbvdjlvzxbesmgces5\/p8\/t9furvcrmu73jwlzosgsiizurcjo\/ad+eqjjb4hv8bft+idpqocx1wjosbfhh2xssxeiyn3uli\/6mnree07uiwjev8ueowds88ly97kqytlijkktuybbruayvh5wohixmpi5we58ek028czwyuqdlkpg1bkb4nnm+veanfhqn1k4+gpt6ugqcvu2h2ovuif\/gwufyy8owepdyzsa3avcqpvovvzzz2vtnn2wu8qzvjddeto90gsy9mvlqtgysy231mxry6i2ggqjrty0l8fxcxfcbbhwrsyyaaaaaelftksuqmcc); display: block; height: 44px; margin: 0 auto -44px; position: relative; top: -22px; width: 44px;\"><\/div>\n<\/div>\n<p style=\"color: #c9c8cd; font-family: Arial,sans-serif; font-size: 14px; line-height: 17px; margin-bottom: 0; margin-top: 8px; overflow: hidden; padding: 8px 0 7px; text-align: center; text-overflow: ellipsis; white-space: nowrap;\"><a style=\"color: #c9c8cd; font-family: Arial,sans-serif; font-size: 14px; font-style: normal; font-weight: normal; line-height: 17px; text-decoration: none;\" href=\"https:\/\/www.instagram.com\/p\/BihEs_VFuds\/\" target=\"_blank\" rel=\"noopener\">Post udost\u0119pniony przez Carmen Catal\u00e1n \u2728 (@bridalada)<\/a> <time style=\"font-family: Arial,sans-serif; font-size: 14px; line-height: 17px;\" datetime=\"2018-05-08T12:39:41+00:00\">Maj 8, 2018 o 5:39 PDT<\/time><\/p>\n<\/div>\n<\/blockquote>\n<p><script async=\"\" defer=\"\" src=\"\/\/www.instagram.com\/embed.js\"><\/script><\/p>\n<p class=\"Tre\" style=\"text-align: justify;\">Teraz na pewno odpowied\u017a na to, jak si\u0119 ubra\u0107 na wesele jest znacznie prostsza! Mo\u017cesz postawi\u0107 na ciekawy fason lub kolor albo na finezyjne dodatki, kt\u00f3re b\u0119d\u0105 gra\u0142y g\u0142\u00f3wn\u0105 rol\u0119. Je\u015bli najlepiej czujesz si\u0119 w sprawdzonych stylizacjach, klasyka to zdecydowanie Twoja bajka! W weselnej stylizacji najwa\u017cniejsza jest wygoda, dobry gust i pami\u0119\u0107 o tym, \u017ce to Panna M\u0142oda jest w tym dniu najwa\u017cniejsza \ud83d\ude09<\/p>\n\n\n<div class=\"kk-star-ratings kksr-auto kksr-align-right kksr-valign-bottom\"\n    data-payload='{&quot;align&quot;:&quot;right&quot;,&quot;id&quot;:&quot;796&quot;,&quot;slug&quot;:&quot;default&quot;,&quot;valign&quot;:&quot;bottom&quot;,&quot;ignore&quot;:&quot;&quot;,&quot;reference&quot;:&quot;auto&quot;,&quot;class&quot;:&quot;&quot;,&quot;count&quot;:&quot;8&quot;,&quot;legendonly&quot;:&quot;&quot;,&quot;readonly&quot;:&quot;&quot;,&quot;score&quot;:&quot;2.5&quot;,&quot;starsonly&quot;:&quot;&quot;,&quot;best&quot;:&quot;5&quot;,&quot;gap&quot;:&quot;5&quot;,&quot;greet&quot;:&quot;Rate this post&quot;,&quot;legend&quot;:&quot;2.5\\\/5 - (8 votes)&quot;,&quot;size&quot;:&quot;24&quot;,&quot;width&quot;:&quot;70&quot;,&quot;_legend&quot;:&quot;{score}\\\/{best} - ({count} {votes})&quot;,&quot;font_factor&quot;:&quot;1.25&quot;}'>\n            \n<div class=\"kksr-stars\">\n    \n<div class=\"kksr-stars-inactive\">\n            <div class=\"kksr-star\" data-star=\"1\" style=\"padding-right: 5px\">\n            \n\n<div class=\"kksr-icon\" style=\"width: 24px; height: 24px;\"><\/div>\n        <\/div>\n            <div class=\"kksr-star\" data-star=\"2\" style=\"padding-right: 5px\">\n            \n\n<div class=\"kksr-icon\" style=\"width: 24px; height: 24px;\"><\/div>\n        <\/div>\n            <div class=\"kksr-star\" data-star=\"3\" style=\"padding-right: 5px\">\n            \n\n<div class=\"kksr-icon\" style=\"width: 24px; height: 24px;\"><\/div>\n        <\/div>\n            <div class=\"kksr-star\" data-star=\"4\" style=\"padding-right: 5px\">\n            \n\n<div class=\"kksr-icon\" style=\"width: 24px; height: 24px;\"><\/div>\n        <\/div>\n            <div class=\"kksr-star\" data-star=\"5\" style=\"padding-right: 5px\">\n            \n\n<div class=\"kksr-icon\" style=\"width: 24px; height: 24px;\"><\/div>\n        <\/div>\n    <\/div>\n    \n<div class=\"kksr-stars-active\" style=\"width: 70px;\">\n            <div class=\"kksr-star\" style=\"padding-right: 5px\">\n            \n\n<div class=\"kksr-icon\" style=\"width: 24px; height: 24px;\"><\/div>\n        <\/div>\n            <div class=\"kksr-star\" style=\"padding-right: 5px\">\n            \n\n<div class=\"kksr-icon\" style=\"width: 24px; height: 24px;\"><\/div>\n        <\/div>\n            <div class=\"kksr-star\" style=\"padding-right: 5px\">\n            \n\n<div class=\"kksr-icon\" style=\"width: 24px; height: 24px;\"><\/div>\n        <\/div>\n            <div class=\"kksr-star\" style=\"padding-right: 5px\">\n            \n\n<div class=\"kksr-icon\" style=\"width: 24px; height: 24px;\"><\/div>\n        <\/div>\n            <div class=\"kksr-star\" style=\"padding-right: 5px\">\n            \n\n<div class=\"kksr-icon\" style=\"width: 24px; height: 24px;\"><\/div>\n        <\/div>\n    <\/div>\n<\/div>\n                \n\n<div class=\"kksr-legend\" style=\"font-size: 19.2px;\">\n            2.5\/5 - (8 votes)    <\/div>\n    <\/div>\n","protected":false},"excerpt":{"rendered":"<p>Sezon \u015blubny w pe\u0142ni, a Ty nadal zastanawiasz si\u0119, jakie stylizacje na wesele sprawdz\u0105 si\u0119 najlepiej? Wiemy, \u017ce ubranie si\u0119 jako go\u015b\u0107 potrafi by\u0107 nieraz wi\u0119kszym wyzwaniem ni\u017c znalezienie idealnej sukni \u015blubnej! Jak si\u0119 ubra\u0107 na wesele? Zobacz nasze 4 inspiracje i wybierz t\u0105, kt\u00f3ra najbardziej do Ciebie pasuje!<\/p>\n","protected":false},"author":3,"featured_media":800,"comment_status":"open","ping_status":"open","sticky":false,"template":"","format":"standard","meta":[],"categories":[4],"tags":[70,17],"yoast_head":"<!-- This site is optimized with the Yoast SEO plugin v18.4.1 - https:\/\/yoast.com\/wordpress\/plugins\/seo\/ -->\n<title>5 inspiruj\u0105cych stylizacji na wesele. Jak si\u0119 ubra\u0107 na wesele jako go\u015b\u0107? - Pakuten blog<\/title>\n<meta name=\"robots\" content=\"index, follow, max-snippet:-1, max-image-preview:large, max-video-preview:-1\" \/>\n<link rel=\"canonical\" href=\"https:\/\/pakuten.pl\/blog\/5-inspirujacych-stylizacji-na-wesele-jak-sie-ubrac-na-wesele-jako-gosc\/\" \/>\n<meta property=\"og:locale\" content=\"pl_PL\" \/>\n<meta property=\"og:type\" content=\"article\" \/>\n<meta property=\"og:title\" content=\"5 inspiruj\u0105cych stylizacji na wesele. Jak si\u0119 ubra\u0107 na wesele jako go\u015b\u0107? - Pakuten blog\" \/>\n<meta property=\"og:description\" content=\"Sezon \u015blubny w pe\u0142ni, a Ty nadal zastanawiasz si\u0119, jakie stylizacje na wesele sprawdz\u0105 si\u0119 najlepiej? Wiemy, \u017ce ubranie si\u0119 jako go\u015b\u0107 potrafi by\u0107 nieraz wi\u0119kszym wyzwaniem ni\u017c znalezienie idealnej sukni \u015blubnej! Jak si\u0119 ubra\u0107 na wesele? Zobacz nasze 4 inspiracje i wybierz t\u0105, kt\u00f3ra najbardziej do Ciebie pasuje!\" \/>\n<meta property=\"og:url\" content=\"https:\/\/pakuten.pl\/blog\/5-inspirujacych-stylizacji-na-wesele-jak-sie-ubrac-na-wesele-jako-gosc\/\" \/>\n<meta property=\"og:site_name\" content=\"Pakuten blog\" \/>\n<meta property=\"article:published_time\" content=\"2018-05-17T10:16:42+00:00\" \/>\n<meta property=\"article:modified_time\" content=\"2021-09-15T08:02:36+00:00\" \/>\n<meta property=\"og:image\" content=\"https:\/\/pakuten.pl\/blog\/wp-content\/uploads\/2018\/05\/5-inspiruj\u0105cych-stylizacji-na-wesele.-Jak-si\u0119-ubra\u0107-na-wesele-jako-go\u015b\u0107-min.jpeg\" \/>\n\t<meta property=\"og:image:width\" content=\"1280\" \/>\n\t<meta property=\"og:image:height\" content=\"853\" \/>\n\t<meta property=\"og:image:type\" content=\"image\/jpeg\" \/>\n<meta name=\"twitter:card\" content=\"summary_large_image\" \/>\n<meta name=\"twitter:label1\" content=\"Napisane przez\" \/>\n\t<meta name=\"twitter:data1\" content=\"Pakuten Girl\" \/>\n\t<meta name=\"twitter:label2\" content=\"Szacowany czas czytania\" \/>\n\t<meta name=\"twitter:data2\" content=\"3 minuty\" \/>\n<script type=\"application\/ld+json\" class=\"yoast-schema-graph\">{\"@context\":\"https:\/\/schema.org\",\"@graph\":[{\"@type\":\"Organization\",\"@id\":\"https:\/\/pakuten.pl\/blog\/#organization\",\"name\":\"Pakuten\",\"url\":\"https:\/\/pakuten.pl\/blog\/\",\"sameAs\":[],\"logo\":{\"@type\":\"ImageObject\",\"@id\":\"https:\/\/pakuten.pl\/blog\/#logo\",\"inLanguage\":\"pl-PL\",\"url\":\"http:\/\/pakuten.pl\/blog\/wp-content\/uploads\/2018\/01\/pakuten_logo.png\",\"contentUrl\":\"http:\/\/pakuten.pl\/blog\/wp-content\/uploads\/2018\/01\/pakuten_logo.png\",\"width\":300,\"height\":120,\"caption\":\"Pakuten\"},\"image\":{\"@id\":\"https:\/\/pakuten.pl\/blog\/#logo\"}},{\"@type\":\"WebSite\",\"@id\":\"https:\/\/pakuten.pl\/blog\/#website\",\"url\":\"https:\/\/pakuten.pl\/blog\/\",\"name\":\"Pakuten blog\",\"description\":\"Blog sklepu internetowego pakuten.pl\",\"publisher\":{\"@id\":\"https:\/\/pakuten.pl\/blog\/#organization\"},\"potentialAction\":[{\"@type\":\"SearchAction\",\"target\":{\"@type\":\"EntryPoint\",\"urlTemplate\":\"https:\/\/pakuten.pl\/blog\/?s={search_term_string}\"},\"query-input\":\"required name=search_term_string\"}],\"inLanguage\":\"pl-PL\"},{\"@type\":\"ImageObject\",\"@id\":\"https:\/\/pakuten.pl\/blog\/5-inspirujacych-stylizacji-na-wesele-jak-sie-ubrac-na-wesele-jako-gosc\/#primaryimage\",\"inLanguage\":\"pl-PL\",\"url\":\"https:\/\/pakuten.pl\/blog\/wp-content\/uploads\/2018\/05\/5-inspiruj\u0105cych-stylizacji-na-wesele.-Jak-si\u0119-ubra\u0107-na-wesele-jako-go\u015b\u0107-min.jpeg\",\"contentUrl\":\"https:\/\/pakuten.pl\/blog\/wp-content\/uploads\/2018\/05\/5-inspiruj\u0105cych-stylizacji-na-wesele.-Jak-si\u0119-ubra\u0107-na-wesele-jako-go\u015b\u0107-min.jpeg\",\"width\":1280,\"height\":853,\"caption\":\"5 inspiruj\u0105cych stylizacji na wesele. Jak si\u0119 ubra\u0107 na wesele jako go\u015b\u0107\"},{\"@type\":\"WebPage\",\"@id\":\"https:\/\/pakuten.pl\/blog\/5-inspirujacych-stylizacji-na-wesele-jak-sie-ubrac-na-wesele-jako-gosc\/#webpage\",\"url\":\"https:\/\/pakuten.pl\/blog\/5-inspirujacych-stylizacji-na-wesele-jak-sie-ubrac-na-wesele-jako-gosc\/\",\"name\":\"5 inspiruj\u0105cych stylizacji na wesele. Jak si\u0119 ubra\u0107 na wesele jako go\u015b\u0107? - Pakuten blog\",\"isPartOf\":{\"@id\":\"https:\/\/pakuten.pl\/blog\/#website\"},\"primaryImageOfPage\":{\"@id\":\"https:\/\/pakuten.pl\/blog\/5-inspirujacych-stylizacji-na-wesele-jak-sie-ubrac-na-wesele-jako-gosc\/#primaryimage\"},\"datePublished\":\"2018-05-17T10:16:42+00:00\",\"dateModified\":\"2021-09-15T08:02:36+00:00\",\"breadcrumb\":{\"@id\":\"https:\/\/pakuten.pl\/blog\/5-inspirujacych-stylizacji-na-wesele-jak-sie-ubrac-na-wesele-jako-gosc\/#breadcrumb\"},\"inLanguage\":\"pl-PL\",\"potentialAction\":[{\"@type\":\"ReadAction\",\"target\":[\"https:\/\/pakuten.pl\/blog\/5-inspirujacych-stylizacji-na-wesele-jak-sie-ubrac-na-wesele-jako-gosc\/\"]}]},{\"@type\":\"BreadcrumbList\",\"@id\":\"https:\/\/pakuten.pl\/blog\/5-inspirujacych-stylizacji-na-wesele-jak-sie-ubrac-na-wesele-jako-gosc\/#breadcrumb\",\"itemListElement\":[{\"@type\":\"ListItem\",\"position\":1,\"name\":\"Strona g\u0142\u00f3wna\",\"item\":\"https:\/\/pakuten.pl\/blog\/\"},{\"@type\":\"ListItem\",\"position\":2,\"name\":\"5 inspiruj\u0105cych stylizacji na wesele. Jak si\u0119 ubra\u0107 na wesele jako go\u015b\u0107?\"}]},{\"@type\":\"Article\",\"@id\":\"https:\/\/pakuten.pl\/blog\/5-inspirujacych-stylizacji-na-wesele-jak-sie-ubrac-na-wesele-jako-gosc\/#article\",\"isPartOf\":{\"@id\":\"https:\/\/pakuten.pl\/blog\/5-inspirujacych-stylizacji-na-wesele-jak-sie-ubrac-na-wesele-jako-gosc\/#webpage\"},\"author\":{\"@id\":\"https:\/\/pakuten.pl\/blog\/#\/schema\/person\/d7133af30211381a4e4536d088384556\"},\"headline\":\"5 inspiruj\u0105cych stylizacji na wesele. Jak si\u0119 ubra\u0107 na wesele jako go\u015b\u0107?\",\"datePublished\":\"2018-05-17T10:16:42+00:00\",\"dateModified\":\"2021-09-15T08:02:36+00:00\",\"mainEntityOfPage\":{\"@id\":\"https:\/\/pakuten.pl\/blog\/5-inspirujacych-stylizacji-na-wesele-jak-sie-ubrac-na-wesele-jako-gosc\/#webpage\"},\"wordCount\":683,\"commentCount\":0,\"publisher\":{\"@id\":\"https:\/\/pakuten.pl\/blog\/#organization\"},\"image\":{\"@id\":\"https:\/\/pakuten.pl\/blog\/5-inspirujacych-stylizacji-na-wesele-jak-sie-ubrac-na-wesele-jako-gosc\/#primaryimage\"},\"thumbnailUrl\":\"https:\/\/pakuten.pl\/blog\/wp-content\/uploads\/2018\/05\/5-inspiruj\u0105cych-stylizacji-na-wesele.-Jak-si\u0119-ubra\u0107-na-wesele-jako-go\u015b\u0107-min.jpeg\",\"keywords\":[\"stylizacja na imprez\u0119\",\"sukienka koktajlowa\"],\"articleSection\":[\"Tips&amp;Tricks\"],\"inLanguage\":\"pl-PL\",\"potentialAction\":[{\"@type\":\"CommentAction\",\"name\":\"Comment\",\"target\":[\"https:\/\/pakuten.pl\/blog\/5-inspirujacych-stylizacji-na-wesele-jak-sie-ubrac-na-wesele-jako-gosc\/#respond\"]}]},{\"@type\":\"Person\",\"@id\":\"https:\/\/pakuten.pl\/blog\/#\/schema\/person\/d7133af30211381a4e4536d088384556\",\"name\":\"Pakuten Girl\",\"image\":{\"@type\":\"ImageObject\",\"@id\":\"https:\/\/pakuten.pl\/blog\/#personlogo\",\"inLanguage\":\"pl-PL\",\"url\":\"https:\/\/secure.gravatar.com\/avatar\/d3df41de2caf92e6cfded9430c2ff352?s=96&d=mm&r=g\",\"contentUrl\":\"https:\/\/secure.gravatar.com\/avatar\/d3df41de2caf92e6cfded9430c2ff352?s=96&d=mm&r=g\",\"caption\":\"Pakuten Girl\"},\"description\":\"Cze\u015b\u0107, nazywam si\u0119 Ola. Kocham Netflixa, sals\u0119, nowo\u015bci kosmetyczne i najnowsze trendy w modzie.\",\"url\":\"https:\/\/pakuten.pl\/blog\/author\/pakuten-girl\/\"}]}<\/script>\n<!-- \/ Yoast SEO plugin. -->","yoast_head_json":{"title":"5 inspiruj\u0105cych stylizacji na wesele. Jak si\u0119 ubra\u0107 na wesele jako go\u015b\u0107? - Pakuten blog","robots":{"index":"index","follow":"follow","max-snippet":"max-snippet:-1","max-image-preview":"max-image-preview:large","max-video-preview":"max-video-preview:-1"},"canonical":"https:\/\/pakuten.pl\/blog\/5-inspirujacych-stylizacji-na-wesele-jak-sie-ubrac-na-wesele-jako-gosc\/","og_locale":"pl_PL","og_type":"article","og_title":"5 inspiruj\u0105cych stylizacji na wesele. Jak si\u0119 ubra\u0107 na wesele jako go\u015b\u0107? - Pakuten blog","og_description":"Sezon \u015blubny w pe\u0142ni, a Ty nadal zastanawiasz si\u0119, jakie stylizacje na wesele sprawdz\u0105 si\u0119 najlepiej? Wiemy, \u017ce ubranie si\u0119 jako go\u015b\u0107 potrafi by\u0107 nieraz wi\u0119kszym wyzwaniem ni\u017c znalezienie idealnej sukni \u015blubnej! Jak si\u0119 ubra\u0107 na wesele? Zobacz nasze 4 inspiracje i wybierz t\u0105, kt\u00f3ra najbardziej do Ciebie pasuje!","og_url":"https:\/\/pakuten.pl\/blog\/5-inspirujacych-stylizacji-na-wesele-jak-sie-ubrac-na-wesele-jako-gosc\/","og_site_name":"Pakuten blog","article_published_time":"2018-05-17T10:16:42+00:00","article_modified_time":"2021-09-15T08:02:36+00:00","og_image":[{"width":1280,"height":853,"url":"https:\/\/pakuten.pl\/blog\/wp-content\/uploads\/2018\/05\/5-inspiruj\u0105cych-stylizacji-na-wesele.-Jak-si\u0119-ubra\u0107-na-wesele-jako-go\u015b\u0107-min.jpeg","type":"image\/jpeg"}],"twitter_card":"summary_large_image","twitter_misc":{"Napisane przez":"Pakuten Girl","Szacowany czas czytania":"3 minuty"},"schema":{"@context":"https:\/\/schema.org","@graph":[{"@type":"Organization","@id":"https:\/\/pakuten.pl\/blog\/#organization","name":"Pakuten","url":"https:\/\/pakuten.pl\/blog\/","sameAs":[],"logo":{"@type":"ImageObject","@id":"https:\/\/pakuten.pl\/blog\/#logo","inLanguage":"pl-PL","url":"http:\/\/pakuten.pl\/blog\/wp-content\/uploads\/2018\/01\/pakuten_logo.png","contentUrl":"http:\/\/pakuten.pl\/blog\/wp-content\/uploads\/2018\/01\/pakuten_logo.png","width":300,"height":120,"caption":"Pakuten"},"image":{"@id":"https:\/\/pakuten.pl\/blog\/#logo"}},{"@type":"WebSite","@id":"https:\/\/pakuten.pl\/blog\/#website","url":"https:\/\/pakuten.pl\/blog\/","name":"Pakuten blog","description":"Blog sklepu internetowego pakuten.pl","publisher":{"@id":"https:\/\/pakuten.pl\/blog\/#organization"},"potentialAction":[{"@type":"SearchAction","target":{"@type":"EntryPoint","urlTemplate":"https:\/\/pakuten.pl\/blog\/?s={search_term_string}"},"query-input":"required name=search_term_string"}],"inLanguage":"pl-PL"},{"@type":"ImageObject","@id":"https:\/\/pakuten.pl\/blog\/5-inspirujacych-stylizacji-na-wesele-jak-sie-ubrac-na-wesele-jako-gosc\/#primaryimage","inLanguage":"pl-PL","url":"https:\/\/pakuten.pl\/blog\/wp-content\/uploads\/2018\/05\/5-inspiruj\u0105cych-stylizacji-na-wesele.-Jak-si\u0119-ubra\u0107-na-wesele-jako-go\u015b\u0107-min.jpeg","contentUrl":"https:\/\/pakuten.pl\/blog\/wp-content\/uploads\/2018\/05\/5-inspiruj\u0105cych-stylizacji-na-wesele.-Jak-si\u0119-ubra\u0107-na-wesele-jako-go\u015b\u0107-min.jpeg","width":1280,"height":853,"caption":"5 inspiruj\u0105cych stylizacji na wesele. Jak si\u0119 ubra\u0107 na wesele jako go\u015b\u0107"},{"@type":"WebPage","@id":"https:\/\/pakuten.pl\/blog\/5-inspirujacych-stylizacji-na-wesele-jak-sie-ubrac-na-wesele-jako-gosc\/#webpage","url":"https:\/\/pakuten.pl\/blog\/5-inspirujacych-stylizacji-na-wesele-jak-sie-ubrac-na-wesele-jako-gosc\/","name":"5 inspiruj\u0105cych stylizacji na wesele. Jak si\u0119 ubra\u0107 na wesele jako go\u015b\u0107? - Pakuten blog","isPartOf":{"@id":"https:\/\/pakuten.pl\/blog\/#website"},"primaryImageOfPage":{"@id":"https:\/\/pakuten.pl\/blog\/5-inspirujacych-stylizacji-na-wesele-jak-sie-ubrac-na-wesele-jako-gosc\/#primaryimage"},"datePublished":"2018-05-17T10:16:42+00:00","dateModified":"2021-09-15T08:02:36+00:00","breadcrumb":{"@id":"https:\/\/pakuten.pl\/blog\/5-inspirujacych-stylizacji-na-wesele-jak-sie-ubrac-na-wesele-jako-gosc\/#breadcrumb"},"inLanguage":"pl-PL","potentialAction":[{"@type":"ReadAction","target":["https:\/\/pakuten.pl\/blog\/5-inspirujacych-stylizacji-na-wesele-jak-sie-ubrac-na-wesele-jako-gosc\/"]}]},{"@type":"BreadcrumbList","@id":"https:\/\/pakuten.pl\/blog\/5-inspirujacych-stylizacji-na-wesele-jak-sie-ubrac-na-wesele-jako-gosc\/#breadcrumb","itemListElement":[{"@type":"ListItem","position":1,"name":"Strona g\u0142\u00f3wna","item":"https:\/\/pakuten.pl\/blog\/"},{"@type":"ListItem","position":2,"name":"5 inspiruj\u0105cych stylizacji na wesele. Jak si\u0119 ubra\u0107 na wesele jako go\u015b\u0107?"}]},{"@type":"Article","@id":"https:\/\/pakuten.pl\/blog\/5-inspirujacych-stylizacji-na-wesele-jak-sie-ubrac-na-wesele-jako-gosc\/#article","isPartOf":{"@id":"https:\/\/pakuten.pl\/blog\/5-inspirujacych-stylizacji-na-wesele-jak-sie-ubrac-na-wesele-jako-gosc\/#webpage"},"author":{"@id":"https:\/\/pakuten.pl\/blog\/#\/schema\/person\/d7133af30211381a4e4536d088384556"},"headline":"5 inspiruj\u0105cych stylizacji na wesele. Jak si\u0119 ubra\u0107 na wesele jako go\u015b\u0107?","datePublished":"2018-05-17T10:16:42+00:00","dateModified":"2021-09-15T08:02:36+00:00","mainEntityOfPage":{"@id":"https:\/\/pakuten.pl\/blog\/5-inspirujacych-stylizacji-na-wesele-jak-sie-ubrac-na-wesele-jako-gosc\/#webpage"},"wordCount":683,"commentCount":0,"publisher":{"@id":"https:\/\/pakuten.pl\/blog\/#organization"},"image":{"@id":"https:\/\/pakuten.pl\/blog\/5-inspirujacych-stylizacji-na-wesele-jak-sie-ubrac-na-wesele-jako-gosc\/#primaryimage"},"thumbnailUrl":"https:\/\/pakuten.pl\/blog\/wp-content\/uploads\/2018\/05\/5-inspiruj\u0105cych-stylizacji-na-wesele.-Jak-si\u0119-ubra\u0107-na-wesele-jako-go\u015b\u0107-min.jpeg","keywords":["stylizacja na imprez\u0119","sukienka koktajlowa"],"articleSection":["Tips&amp;Tricks"],"inLanguage":"pl-PL","potentialAction":[{"@type":"CommentAction","name":"Comment","target":["https:\/\/pakuten.pl\/blog\/5-inspirujacych-stylizacji-na-wesele-jak-sie-ubrac-na-wesele-jako-gosc\/#respond"]}]},{"@type":"Person","@id":"https:\/\/pakuten.pl\/blog\/#\/schema\/person\/d7133af30211381a4e4536d088384556","name":"Pakuten Girl","image":{"@type":"ImageObject","@id":"https:\/\/pakuten.pl\/blog\/#personlogo","inLanguage":"pl-PL","url":"https:\/\/secure.gravatar.com\/avatar\/d3df41de2caf92e6cfded9430c2ff352?s=96&d=mm&r=g","contentUrl":"https:\/\/secure.gravatar.com\/avatar\/d3df41de2caf92e6cfded9430c2ff352?s=96&d=mm&r=g","caption":"Pakuten Girl"},"description":"Cze\u015b\u0107, nazywam si\u0119 Ola. Kocham Netflixa, sals\u0119, nowo\u015bci kosmetyczne i najnowsze trendy w modzie.","url":"https:\/\/pakuten.pl\/blog\/author\/pakuten-girl\/"}]}},"_links":{"self":[{"href":"https:\/\/pakuten.pl\/blog\/wp-json\/wp\/v2\/posts\/796"}],"collection":[{"href":"https:\/\/pakuten.pl\/blog\/wp-json\/wp\/v2\/posts"}],"about":[{"href":"https:\/\/pakuten.pl\/blog\/wp-json\/wp\/v2\/types\/post"}],"author":[{"embeddable":true,"href":"https:\/\/pakuten.pl\/blog\/wp-json\/wp\/v2\/users\/3"}],"replies":[{"embeddable":true,"href":"https:\/\/pakuten.pl\/blog\/wp-json\/wp\/v2\/comments?post=796"}],"version-history":[{"count":6,"href":"https:\/\/pakuten.pl\/blog\/wp-json\/wp\/v2\/posts\/796\/revisions"}],"predecessor-version":[{"id":5658,"href":"https:\/\/pakuten.pl\/blog\/wp-json\/wp\/v2\/posts\/796\/revisions\/5658"}],"wp:featuredmedia":[{"embeddable":true,"href":"https:\/\/pakuten.pl\/blog\/wp-json\/wp\/v2\/media\/800"}],"wp:attachment":[{"href":"https:\/\/pakuten.pl\/blog\/wp-json\/wp\/v2\/media?parent=796"}],"wp:term":[{"taxonomy":"category","embeddable":true,"href":"https:\/\/pakuten.pl\/blog\/wp-json\/wp\/v2\/categories?post=796"},{"taxonomy":"post_tag","embeddable":true,"href":"https:\/\/pakuten.pl\/blog\/wp-json\/wp\/v2\/tags?post=796"}],"curies":[{"name":"wp","href":"https:\/\/api.w.org\/{rel}","templated":true}]}}