{"id":7974,"date":"2023-12-01T09:21:39","date_gmt":"2023-12-01T08:21:39","guid":{"rendered":"https:\/\/pakuten.pl\/blog\/?p=7974"},"modified":"2023-12-01T09:22:20","modified_gmt":"2023-12-01T08:22:20","slug":"ubrania-idealne-na-swieta-i-nie-tylko","status":"publish","type":"post","link":"https:\/\/pakuten.pl\/blog\/ubrania-idealne-na-swieta-i-nie-tylko\/","title":{"rendered":"Ubrania idealne na \u015bwi\u0119ta i nie tylko."},"content":{"rendered":"\n<p class=\"p1\"><strong>\u015awi\u0119ta to wyj\u0105tkowy czas w roku, kiedy mo\u017cemy b\u0142yszcze\u0107 w swoim najpi\u0119kniejszym wydaniu. Niezale\u017cnie od tego, czy sp\u0119dzasz je w gronie rodziny, przyjaci\u00f3\u0142, czy mo\u017ce na romantycznej kolacji, wa\u017cne jest, aby wybra\u0107 odpowiednie <span style=\"color: #ff9900;\"><a style=\"color: #ff9900;\" href=\"https:\/\/pakuten.pl\/86-ubrania\" target=\"_blank\" rel=\"noopener\">ubrania<\/a><\/span>. W tym blogu podpowiemy Ci, jakie ubrania s\u0105 idealne na \u015bwi\u0119ta i nie tylko, aby\u015b zawsze czu\u0142 si\u0119 pewnie i stylowo.<\/strong><\/p>\n<h2><span style=\"color: #ff9900;\">Elegancki sweter na Bo\u017ce Narodzenie<\/span><\/h2>\n<p class=\"p1\"><span style=\"color: #ff9900;\"><a style=\"color: #ff9900;\" href=\"https:\/\/pakuten.pl\/28-swetry\" target=\"_blank\" rel=\"noopener\">Sweter<\/a><\/span> mo\u017ce by\u0107 znacznie bardziej elegancki ni\u017c my\u015blisz. Wybieraj\u0105c sweter o delikatnym haftowanym wzorze, z\u0142otych lub srebrnych zdobieniach, b\u0105d\u017a te\u017c z mi\u0119kkiego kaszmiru, stworzysz idealny str\u00f3j na Wigili\u0119. Po\u0142\u0105cz go z eleganckimi spodniami lub sp\u00f3dnic\u0105 i dodaj delikatne bi\u017cuterie, aby dope\u0142ni\u0107 look.<\/p>\n<div class=\"product-box-container\">\r\n<div class=\"one_third \" style=\"\">\r\n<div class=\"product-box\">\r\n<a href=\"https:\/\/pakuten.pl\/34990-76794-miodowy-rozpinany-sweter-z-guzikami-daniela-miodowy.html\" target=\"_blank\">\r\n <img src=\"https:\/\/media.pakuten.pl\/208349-large_default\/miodowy-rozpinany-sweter-z-guzikami-daniela.jpg\" alt=\"Miodowy rozpinany sweter z guzikami Daniela\"\/>\r\n<\/a>\r\n<p>\r\n<a href=\"https:\/\/pakuten.pl\/34990-76794-miodowy-rozpinany-sweter-z-guzikami-daniela-miodowy.html\" target=\"_blank\">\r\nMiodowy rozpinany sweter z guzikami Daniela\r\n<\/a><\/p>\r\n  <p>Cena: 29,99\u00a0z\u0142<\/p>\r\n<a href=\"https:\/\/pakuten.pl\/34990-76794-miodowy-rozpinany-sweter-z-guzikami-daniela-miodowy.html\" target=\"_blank\" class=\"button\">\r\nZobacz w sklepie\r\n<\/a>\r\n<\/div>\r\n<\/div>\r\n<div class=\"one_third \" style=\"\">\r\n<div class=\"product-box\">\r\n<a href=\"https:\/\/pakuten.pl\/34513-76084-blekitny-azurkowy-sweter-oversize-avery-blekitny.html\" target=\"_blank\">\r\n  <img src=\"https:\/\/media.pakuten.pl\/206223-large_default\/blekitny-azurkowy-sweter-oversize-avery.jpg\" alt=\"B\u0142\u0119kitny a\u017curkowy sweter oversize Avery\"\/>\r\n<\/a>\r\n<p>\r\n<a href=\"https:\/\/pakuten.pl\/34513-76084-blekitny-azurkowy-sweter-oversize-avery-blekitny.html\" target=\"_blank\">\r\nB\u0142\u0119kitny a\u017curkowy sweter oversize Avery\r\n<\/a><\/p>\r\n  <p>Cena: 29,99\u00a0z\u0142<\/p>\r\n<a href=\"https:\/\/pakuten.pl\/34513-76084-blekitny-azurkowy-sweter-oversize-avery-blekitny.html\" target=\"_blank\" class=\"button\">\r\nZobacz w sklepie\r\n<\/a>\r\n<\/div>\r\n<\/div>\r\n<div class=\"one_third last \" style=\"\">\r\n<div class=\"product-box\">\r\n<a href=\"https:\/\/pakuten.pl\/35024-76846-pudrowy-sweter-z-golfem-i-ozdobnym-splotem-pozkko-pudrowy.html\" target=\"_blank\">\r\n  <img src=\"https:\/\/media.pakuten.pl\/208552-large_default\/pudrowy-sweter-z-golfem-i-ozdobnym-splotem-pozkko.jpg\" alt=\"Pudrowy sweter z golfem i ozdobnym splotem Pozkko\"\/>\r\n<\/a>\r\n<p>\r\n<a href=\"https:\/\/pakuten.pl\/35024-76846-pudrowy-sweter-z-golfem-i-ozdobnym-splotem-pozkko-pudrowy.html\" target=\"_blank\">\r\nPudrowy sweter z golfem i ozdobnym splotem Pozkko\r\n<\/a><\/p>\r\n  <p>Cena: 39,99\u00a0z\u0142<\/p>\r\n<a href=\"https:\/\/pakuten.pl\/35024-76846-pudrowy-sweter-z-golfem-i-ozdobnym-splotem-pozkko-pudrowy.html\" target=\"_blank\" class=\"button\">\r\nZobacz w sklepie\r\n<\/a>\r\n<\/div>\r\n<\/div><br class=\"clear\"\/>\r\n<\/div>\n<h2><span style=\"color: #ff9900;\">Sukienka koktajlowa<\/span><\/h2>\n<p class=\"p1\">Je\u015bli planujesz wyj\u0105tkow\u0105 kolacj\u0119 z bliskimi lub wyj\u015bcie na sylwestrow\u0105 imprez\u0119, <span style=\"color: #ff9900;\"><a style=\"color: #ff9900;\" href=\"https:\/\/pakuten.pl\/27-sukienki\" target=\"_blank\" rel=\"noopener\">sukienka<\/a><\/span> koktajlowa zawsze jest trafionym wyborem. Wybieraj\u0105c klasyczn\u0105 czarn\u0105 sukienk\u0119 lub odwa\u017caj\u0105c si\u0119 na czerwon\u0105 lub z\u0142ot\u0105, z pewno\u015bci\u0105 przyci\u0105gniesz uwag\u0119. Pami\u0119taj o dopasowanych butach i kopert\u00f3wce oraz delikatnych dodatkach.<\/p>\n<div class=\"product-box-container\">\r\n<div class=\"one_third \" style=\"\">\r\n<div class=\"product-box\">\r\n<a href=\"https:\/\/pakuten.pl\/35668-78008-satynowa-sukienka-z-wiazaniem-na-dekolcie-madame-butelkowa-zielen-butelkowa-zielen.html\" target=\"_blank\">\r\n <img src=\"https:\/\/media.pakuten.pl\/211840-large_default\/satynowa-sukienka-z-wiazaniem-na-dekolcie-madame-butelkowa-zielen.jpg\" alt=\"Satynowa sukienka z wi\u0105zaniem na dekolcie Madame - butelkowa ziele\u0144\"\/>\r\n<\/a>\r\n<p>\r\n<a href=\"https:\/\/pakuten.pl\/35668-78008-satynowa-sukienka-z-wiazaniem-na-dekolcie-madame-butelkowa-zielen-butelkowa-zielen.html\" target=\"_blank\">\r\nSatynowa sukienka z wi\u0105zaniem na dekolcie Madame - butelkowa ziele\u0144\r\n<\/a><\/p>\r\n  <p>Cena: 116,63\u00a0z\u0142<\/p>\r\n<a href=\"https:\/\/pakuten.pl\/35668-78008-satynowa-sukienka-z-wiazaniem-na-dekolcie-madame-butelkowa-zielen-butelkowa-zielen.html\" target=\"_blank\" class=\"button\">\r\nZobacz w sklepie\r\n<\/a>\r\n<\/div>\r\n<\/div>\r\n<div class=\"one_third \" style=\"\">\r\n<div class=\"product-box\">\r\n<a href=\"https:\/\/pakuten.pl\/29374-67432-malinowa-sukienka-z-blyszczaca-nitka-i-przekladanym-dekoltem-beliaaa-malinowy.html\" target=\"_blank\">\r\n  <img src=\"https:\/\/media.pakuten.pl\/181734-large_default\/malinowa-sukienka-z-blyszczaca-nitka-i-przekladanym-dekoltem-beliaaa.jpg\" alt=\"Malinowa sukienka z b\u0142yszcz\u0105c\u0105 nitk\u0105 i przek\u0142adanym dekoltem Beliaaa\"\/>\r\n<\/a>\r\n<p>\r\n<a href=\"https:\/\/pakuten.pl\/29374-67432-malinowa-sukienka-z-blyszczaca-nitka-i-przekladanym-dekoltem-beliaaa-malinowy.html\" target=\"_blank\">\r\nMalinowa sukienka z b\u0142yszcz\u0105c\u0105 nitk\u0105 i przek\u0142adanym dekoltem Beliaaa\r\n<\/a><\/p>\r\n  <p>Cena: 49,99\u00a0z\u0142<\/p>\r\n<a href=\"https:\/\/pakuten.pl\/29374-67432-malinowa-sukienka-z-blyszczaca-nitka-i-przekladanym-dekoltem-beliaaa-malinowy.html\" target=\"_blank\" class=\"button\">\r\nZobacz w sklepie\r\n<\/a>\r\n<\/div>\r\n<\/div>\r\n<div class=\"one_third last \" style=\"\">\r\n<div class=\"product-box\">\r\n<a href=\"https:\/\/pakuten.pl\/35650-77970-czarna-prazkowana-mini-sukienka-z-tiulem-i-perelkami-kasidia-czarny.html\" target=\"_blank\">\r\n  <img src=\"https:\/\/media.pakuten.pl\/211748-large_default\/czarna-prazkowana-mini-sukienka-z-tiulem-i-perelkami-kasidia.jpg\" alt=\"Czarna pr\u0105\u017ckowana mini sukienka z tiulem i pere\u0142kami Kasidia\"\/>\r\n<\/a>\r\n<p>\r\n<a href=\"https:\/\/pakuten.pl\/35650-77970-czarna-prazkowana-mini-sukienka-z-tiulem-i-perelkami-kasidia-czarny.html\" target=\"_blank\">\r\nCzarna pr\u0105\u017ckowana mini sukienka z tiulem i pere\u0142kami Kasidia\r\n<\/a><\/p>\r\n  <p>Cena: 139,99\u00a0z\u0142<\/p>\r\n<a href=\"https:\/\/pakuten.pl\/35650-77970-czarna-prazkowana-mini-sukienka-z-tiulem-i-perelkami-kasidia-czarny.html\" target=\"_blank\" class=\"button\">\r\nZobacz w sklepie\r\n<\/a>\r\n<\/div>\r\n<\/div><br class=\"clear\"\/>\r\n<\/div>\n<h2><span style=\"color: #ff9900;\">\u015awi\u0105teczne dodatki<\/span><\/h2>\n<p class=\"p1\">Czasem wystarczy kilka \u015bwi\u0105tecznych dodatk\u00f3w, aby stworzy\u0107 idealny \u015bwi\u0105teczny look. Dodaj do swojej codziennej stylizacji czerwony szalik, zielon\u0105 apaszk\u0119 lub broszk\u0119 w kszta\u0142cie choinki. To subtelny spos\u00f3b, aby wyrazi\u0107 swoj\u0105 rado\u015b\u0107 z nadchodz\u0105cych \u015bwi\u0105t.<\/p>\n<h2><span style=\"color: #ff9900;\">Klasyczny garnitur<\/span><\/h2>\n<p class=\"p1\">Je\u015bli preferujesz bardziej formalny look, klasyczny garnitur zawsze jest dobrym wyborem. Dobierz go w stonowanym kolorze, takim jak granatowy lub szary, i zestaw z bia\u0142\u0105 koszul\u0105 oraz krawatem. Ten str\u00f3j nadaje si\u0119 zar\u00f3wno na firmowe przyj\u0119cia \u015bwi\u0105teczne, jak i na sylwestrowe wyj\u015bcie.<\/p>\n<h2><span style=\"color: #ff9900;\">Ciep\u0142y p\u0142aszcz<\/span><\/h2>\n<p class=\"p1\">Nie zapomnij tak\u017ce o ciep\u0142ym p\u0142aszczu na zimowe dni. Wybieraj\u0105c p\u0142aszcz w intensywnym kolorze, takim jak czerwie\u0144 lub butelkowa ziele\u0144, dodasz swojej stylizacji charakteru. P\u0142aszcz mo\u017ce by\u0107 zar\u00f3wno elegancki, jak i casualowy, w zale\u017cno\u015bci od okazji.<\/p>\n<h2><span style=\"color: #ff9900;\">Buty i akcesoria<\/span><\/h2>\n<p class=\"p1\">Odpowiednie buty i akcesoria to klucz do udanej stylizacji. Na \u015bwi\u0119ta i okoliczno\u015bci specjalne wybieraj eleganckie szpilki lub klasyczne mokasyny. Dobierz do nich torebk\u0119 lub kopert\u00f3wk\u0119 w tonacji pasuj\u0105cej do reszty stroju. Bi\u017cuteria, takie jak z\u0142ote lub srebrne kolczyki oraz bransoletki, dodadz\u0105 blasku Twojej stylizacji.<\/p>\n<p>\u00a0<\/p>\n<div class=\"flex-1 overflow-hidden\">\n<div class=\"react-scroll-to-bottom--css-ujvcr-79elbk h-full\">\n<div class=\"react-scroll-to-bottom--css-ujvcr-1n7m0yu\">\n<div class=\"flex flex-col pb-9 text-sm\">\n<div class=\"w-full text-token-text-primary\" data-testid=\"conversation-turn-3\">\n<div class=\"px-4 py-2 justify-center text-base md:gap-6 m-auto\">\n<div class=\"flex flex-1 text-base mx-auto gap-3 md:px-5 lg:px-1 xl:px-5 md:max-w-3xl lg:max-w-[40rem] xl:max-w-[48rem] } group final-completion\">\n<div class=\"relative flex w-full flex-col lg:w-[calc(100%-115px)] agent-turn\">\n<div class=\"flex-col gap-1 md:gap-3\">\n<div class=\"flex flex-grow flex-col max-w-full\">\n<div class=\"min-h-[20px] text-message flex flex-col items-start gap-3 whitespace-pre-wrap break-words [.text-message+&amp;]:mt-5 overflow-x-auto\" data-message-author-role=\"assistant\" data-message-id=\"e008e116-3ccc-47b6-85bf-c3eb1c364dbf\">\n<div class=\"markdown prose w-full break-words dark:prose-invert light\">\n<p>\u015awi\u0119ta to czas, kiedy mo\u017cesz b\u0142yszcze\u0107 w wyj\u0105tkowych ubraniach. Niezale\u017cnie od tego, czy wolisz eleganck\u0105 sukienk\u0119, klasyczny garnitur, czy wyj\u0105tkowy sweter, wa\u017cne jest, aby\u015b czu\u0142 si\u0119 pewnie i komfortowo w swojej stylizacji. Dodaj\u0105c \u015bwi\u0105teczne dodatki, mo\u017cesz wprowadzi\u0107 odrobin\u0119 magii \u015bwi\u0105t do swojego codziennego looku. Pami\u0119taj, \u017ce najwa\u017cniejsze jest to, aby ubrania podkre\u015bla\u0142y Twoj\u0105 osobowo\u015b\u0107 i sprawia\u0142y, \u017ce czujesz si\u0119 wyj\u0105tkowo w tym wyj\u0105tkowym czasie roku. Weso\u0142ych \u015awi\u0105t!<\/p>\n<p>\u00a0<\/p>\n<\/div>\n<\/div>\n<\/div>\n<\/div>\n<\/div>\n<\/div>\n<\/div>\n<\/div>\n<button class=\"cursor-pointer absolute z-10 rounded-full bg-clip-padding border text-gray-600 dark:border-white\/10 dark:bg-white\/10 dark:text-gray-200 right-1\/2 border-black\/10 bg-token-surface-primary bottom-5\"><\/button><\/div>\n<\/div>\n<\/div>\n<\/div>\n\n\n<div class=\"kk-star-ratings kksr-auto kksr-align-right kksr-valign-bottom\"\n    data-payload='{&quot;align&quot;:&quot;right&quot;,&quot;id&quot;:&quot;7974&quot;,&quot;slug&quot;:&quot;default&quot;,&quot;valign&quot;:&quot;bottom&quot;,&quot;ignore&quot;:&quot;&quot;,&quot;reference&quot;:&quot;auto&quot;,&quot;class&quot;:&quot;&quot;,&quot;count&quot;:&quot;0&quot;,&quot;legendonly&quot;:&quot;&quot;,&quot;readonly&quot;:&quot;&quot;,&quot;score&quot;:&quot;0&quot;,&quot;starsonly&quot;:&quot;&quot;,&quot;best&quot;:&quot;5&quot;,&quot;gap&quot;:&quot;5&quot;,&quot;greet&quot;:&quot;Rate this post&quot;,&quot;legend&quot;:&quot;0\\\/5 - (0 votes)&quot;,&quot;size&quot;:&quot;24&quot;,&quot;width&quot;:&quot;0&quot;,&quot;_legend&quot;:&quot;{score}\\\/{best} - ({count} {votes})&quot;,&quot;font_factor&quot;:&quot;1.25&quot;}'>\n            \n<div class=\"kksr-stars\">\n    \n<div class=\"kksr-stars-inactive\">\n            <div class=\"kksr-star\" data-star=\"1\" style=\"padding-right: 5px\">\n            \n\n<div class=\"kksr-icon\" style=\"width: 24px; height: 24px;\"><\/div>\n        <\/div>\n            <div class=\"kksr-star\" data-star=\"2\" style=\"padding-right: 5px\">\n            \n\n<div class=\"kksr-icon\" style=\"width: 24px; height: 24px;\"><\/div>\n        <\/div>\n            <div class=\"kksr-star\" data-star=\"3\" style=\"padding-right: 5px\">\n            \n\n<div class=\"kksr-icon\" style=\"width: 24px; height: 24px;\"><\/div>\n        <\/div>\n            <div class=\"kksr-star\" data-star=\"4\" style=\"padding-right: 5px\">\n            \n\n<div class=\"kksr-icon\" style=\"width: 24px; height: 24px;\"><\/div>\n        <\/div>\n            <div class=\"kksr-star\" data-star=\"5\" style=\"padding-right: 5px\">\n            \n\n<div class=\"kksr-icon\" style=\"width: 24px; height: 24px;\"><\/div>\n        <\/div>\n    <\/div>\n    \n<div class=\"kksr-stars-active\" style=\"width: 0px;\">\n            <div class=\"kksr-star\" style=\"padding-right: 5px\">\n            \n\n<div class=\"kksr-icon\" style=\"width: 24px; height: 24px;\"><\/div>\n        <\/div>\n            <div class=\"kksr-star\" style=\"padding-right: 5px\">\n            \n\n<div class=\"kksr-icon\" style=\"width: 24px; height: 24px;\"><\/div>\n        <\/div>\n            <div class=\"kksr-star\" style=\"padding-right: 5px\">\n            \n\n<div class=\"kksr-icon\" style=\"width: 24px; height: 24px;\"><\/div>\n        <\/div>\n            <div class=\"kksr-star\" style=\"padding-right: 5px\">\n            \n\n<div class=\"kksr-icon\" style=\"width: 24px; height: 24px;\"><\/div>\n        <\/div>\n            <div class=\"kksr-star\" style=\"padding-right: 5px\">\n            \n\n<div class=\"kksr-icon\" style=\"width: 24px; height: 24px;\"><\/div>\n        <\/div>\n    <\/div>\n<\/div>\n                \n\n<div class=\"kksr-legend\" style=\"font-size: 19.2px;\">\n            <span class=\"kksr-muted\">Rate this post<\/span>\n    <\/div>\n    <\/div>\n","protected":false},"excerpt":{"rendered":"<p class=\"p1\" style=\"margin: 0px; font-variant-numeric: normal; font-variant-east-asian: normal; font-variant-alternates: normal; font-kerning: auto; font-optical-sizing: auto; font-feature-settings: normal; font-variation-settings: normal; font-variant-position: normal; font-stretch: normal; font-size: 13px; line-height: normal; font-family: 'Helvetica Neue'; color: #000000;\">\u015awi\u0119ta to wyj\u0105tkowy czas w roku, kiedy mo\u017cemy b\u0142yszcze\u0107 w swoim najpi\u0119kniejszym wydaniu. Niezale\u017cnie od tego, czy sp\u0119dzasz je w gronie rodziny, przyjaci\u00f3\u0142, czy mo\u017ce na romantycznej kolacji, wa\u017cne jest, aby wybra\u0107 odpowiednie ubrania. W tym blogu podpowiemy Ci, jakie ubrania s\u0105 idealne na \u015bwi\u0119ta i nie tylko, aby\u015b zawsze czu\u0142 si\u0119 pewnie i stylowo.<\/p>\n","protected":false},"author":3,"featured_media":7976,"comment_status":"open","ping_status":"open","sticky":false,"template":"","format":"standard","meta":[],"categories":[4],"tags":[],"yoast_head":"<!-- This site is optimized with the Yoast SEO plugin v18.4.1 - https:\/\/yoast.com\/wordpress\/plugins\/seo\/ -->\n<title>Ubrania idealne na \u015bwi\u0119ta i nie tylko. - Pakuten blog<\/title>\n<meta name=\"description\" content=\"\u015awi\u0119ta to wyj\u0105tkowy czas w roku, kiedy mo\u017cemy b\u0142yszcze\u0107 w swoim najpi\u0119kniejszym wydaniu. Niezale\u017cnie od tego, czy sp\u0119dzasz je w gronie rodziny, przyjaci\u00f3\u0142, czy mo\u017ce na romantycznej kolacji, wa\u017cne jest, aby wybra\u0107 odpowiednie ubrania. W tym blogu podpowiemy Ci, jakie ubrania s\u0105 idealne na \u015bwi\u0119ta i nie tylko, aby\u015b zawsze czu\u0142 si\u0119 pewnie i stylowo.\" \/>\n<meta name=\"robots\" content=\"index, follow, max-snippet:-1, max-image-preview:large, max-video-preview:-1\" \/>\n<link rel=\"canonical\" href=\"https:\/\/pakuten.pl\/blog\/ubrania-idealne-na-swieta-i-nie-tylko\/\" \/>\n<meta property=\"og:locale\" content=\"pl_PL\" \/>\n<meta property=\"og:type\" content=\"article\" \/>\n<meta property=\"og:title\" content=\"Ubrania idealne na \u015bwi\u0119ta i nie tylko. - Pakuten blog\" \/>\n<meta property=\"og:description\" content=\"\u015awi\u0119ta to wyj\u0105tkowy czas w roku, kiedy mo\u017cemy b\u0142yszcze\u0107 w swoim najpi\u0119kniejszym wydaniu. Niezale\u017cnie od tego, czy sp\u0119dzasz je w gronie rodziny, przyjaci\u00f3\u0142, czy mo\u017ce na romantycznej kolacji, wa\u017cne jest, aby wybra\u0107 odpowiednie ubrania. W tym blogu podpowiemy Ci, jakie ubrania s\u0105 idealne na \u015bwi\u0119ta i nie tylko, aby\u015b zawsze czu\u0142 si\u0119 pewnie i stylowo.\" \/>\n<meta property=\"og:url\" content=\"https:\/\/pakuten.pl\/blog\/ubrania-idealne-na-swieta-i-nie-tylko\/\" \/>\n<meta property=\"og:site_name\" content=\"Pakuten blog\" \/>\n<meta property=\"article:published_time\" content=\"2023-12-01T08:21:39+00:00\" \/>\n<meta property=\"article:modified_time\" content=\"2023-12-01T08:22:20+00:00\" \/>\n<meta property=\"og:image\" content=\"https:\/\/pakuten.pl\/blog\/wp-content\/uploads\/2023\/12\/Ubrania-idealne-na-s\u0301wie\u0328ta-i-nie-tylko..jpg\" \/>\n\t<meta property=\"og:image:width\" content=\"1280\" \/>\n\t<meta property=\"og:image:height\" content=\"853\" \/>\n\t<meta property=\"og:image:type\" content=\"image\/jpeg\" \/>\n<meta name=\"twitter:card\" content=\"summary_large_image\" \/>\n<meta name=\"twitter:label1\" content=\"Napisane przez\" \/>\n\t<meta name=\"twitter:data1\" content=\"Pakuten Girl\" \/>\n\t<meta name=\"twitter:label2\" content=\"Szacowany czas czytania\" \/>\n\t<meta name=\"twitter:data2\" content=\"3 minuty\" \/>\n<script type=\"application\/ld+json\" class=\"yoast-schema-graph\">{\"@context\":\"https:\/\/schema.org\",\"@graph\":[{\"@type\":\"Organization\",\"@id\":\"https:\/\/pakuten.pl\/blog\/#organization\",\"name\":\"Pakuten\",\"url\":\"https:\/\/pakuten.pl\/blog\/\",\"sameAs\":[],\"logo\":{\"@type\":\"ImageObject\",\"@id\":\"https:\/\/pakuten.pl\/blog\/#logo\",\"inLanguage\":\"pl-PL\",\"url\":\"http:\/\/pakuten.pl\/blog\/wp-content\/uploads\/2018\/01\/pakuten_logo.png\",\"contentUrl\":\"http:\/\/pakuten.pl\/blog\/wp-content\/uploads\/2018\/01\/pakuten_logo.png\",\"width\":300,\"height\":120,\"caption\":\"Pakuten\"},\"image\":{\"@id\":\"https:\/\/pakuten.pl\/blog\/#logo\"}},{\"@type\":\"WebSite\",\"@id\":\"https:\/\/pakuten.pl\/blog\/#website\",\"url\":\"https:\/\/pakuten.pl\/blog\/\",\"name\":\"Pakuten blog\",\"description\":\"Blog sklepu internetowego pakuten.pl\",\"publisher\":{\"@id\":\"https:\/\/pakuten.pl\/blog\/#organization\"},\"potentialAction\":[{\"@type\":\"SearchAction\",\"target\":{\"@type\":\"EntryPoint\",\"urlTemplate\":\"https:\/\/pakuten.pl\/blog\/?s={search_term_string}\"},\"query-input\":\"required name=search_term_string\"}],\"inLanguage\":\"pl-PL\"},{\"@type\":\"ImageObject\",\"@id\":\"https:\/\/pakuten.pl\/blog\/ubrania-idealne-na-swieta-i-nie-tylko\/#primaryimage\",\"inLanguage\":\"pl-PL\",\"url\":\"https:\/\/pakuten.pl\/blog\/wp-content\/uploads\/2023\/12\/Ubrania-idealne-na-s\u0301wie\u0328ta-i-nie-tylko..jpg\",\"contentUrl\":\"https:\/\/pakuten.pl\/blog\/wp-content\/uploads\/2023\/12\/Ubrania-idealne-na-s\u0301wie\u0328ta-i-nie-tylko..jpg\",\"width\":1280,\"height\":853},{\"@type\":\"WebPage\",\"@id\":\"https:\/\/pakuten.pl\/blog\/ubrania-idealne-na-swieta-i-nie-tylko\/#webpage\",\"url\":\"https:\/\/pakuten.pl\/blog\/ubrania-idealne-na-swieta-i-nie-tylko\/\",\"name\":\"Ubrania idealne na \u015bwi\u0119ta i nie tylko. - Pakuten blog\",\"isPartOf\":{\"@id\":\"https:\/\/pakuten.pl\/blog\/#website\"},\"primaryImageOfPage\":{\"@id\":\"https:\/\/pakuten.pl\/blog\/ubrania-idealne-na-swieta-i-nie-tylko\/#primaryimage\"},\"datePublished\":\"2023-12-01T08:21:39+00:00\",\"dateModified\":\"2023-12-01T08:22:20+00:00\",\"description\":\"\u015awi\u0119ta to wyj\u0105tkowy czas w roku, kiedy mo\u017cemy b\u0142yszcze\u0107 w swoim najpi\u0119kniejszym wydaniu. Niezale\u017cnie od tego, czy sp\u0119dzasz je w gronie rodziny, przyjaci\u00f3\u0142, czy mo\u017ce na romantycznej kolacji, wa\u017cne jest, aby wybra\u0107 odpowiednie ubrania. W tym blogu podpowiemy Ci, jakie ubrania s\u0105 idealne na \u015bwi\u0119ta i nie tylko, aby\u015b zawsze czu\u0142 si\u0119 pewnie i stylowo.\",\"breadcrumb\":{\"@id\":\"https:\/\/pakuten.pl\/blog\/ubrania-idealne-na-swieta-i-nie-tylko\/#breadcrumb\"},\"inLanguage\":\"pl-PL\",\"potentialAction\":[{\"@type\":\"ReadAction\",\"target\":[\"https:\/\/pakuten.pl\/blog\/ubrania-idealne-na-swieta-i-nie-tylko\/\"]}]},{\"@type\":\"BreadcrumbList\",\"@id\":\"https:\/\/pakuten.pl\/blog\/ubrania-idealne-na-swieta-i-nie-tylko\/#breadcrumb\",\"itemListElement\":[{\"@type\":\"ListItem\",\"position\":1,\"name\":\"Strona g\u0142\u00f3wna\",\"item\":\"https:\/\/pakuten.pl\/blog\/\"},{\"@type\":\"ListItem\",\"position\":2,\"name\":\"Ubrania idealne na \u015bwi\u0119ta i nie tylko.\"}]},{\"@type\":\"Article\",\"@id\":\"https:\/\/pakuten.pl\/blog\/ubrania-idealne-na-swieta-i-nie-tylko\/#article\",\"isPartOf\":{\"@id\":\"https:\/\/pakuten.pl\/blog\/ubrania-idealne-na-swieta-i-nie-tylko\/#webpage\"},\"author\":{\"@id\":\"https:\/\/pakuten.pl\/blog\/#\/schema\/person\/d7133af30211381a4e4536d088384556\"},\"headline\":\"Ubrania idealne na \u015bwi\u0119ta i nie tylko.\",\"datePublished\":\"2023-12-01T08:21:39+00:00\",\"dateModified\":\"2023-12-01T08:22:20+00:00\",\"mainEntityOfPage\":{\"@id\":\"https:\/\/pakuten.pl\/blog\/ubrania-idealne-na-swieta-i-nie-tylko\/#webpage\"},\"wordCount\":493,\"commentCount\":0,\"publisher\":{\"@id\":\"https:\/\/pakuten.pl\/blog\/#organization\"},\"image\":{\"@id\":\"https:\/\/pakuten.pl\/blog\/ubrania-idealne-na-swieta-i-nie-tylko\/#primaryimage\"},\"thumbnailUrl\":\"https:\/\/pakuten.pl\/blog\/wp-content\/uploads\/2023\/12\/Ubrania-idealne-na-s\u0301wie\u0328ta-i-nie-tylko..jpg\",\"articleSection\":[\"Tips&amp;Tricks\"],\"inLanguage\":\"pl-PL\",\"potentialAction\":[{\"@type\":\"CommentAction\",\"name\":\"Comment\",\"target\":[\"https:\/\/pakuten.pl\/blog\/ubrania-idealne-na-swieta-i-nie-tylko\/#respond\"]}]},{\"@type\":\"Person\",\"@id\":\"https:\/\/pakuten.pl\/blog\/#\/schema\/person\/d7133af30211381a4e4536d088384556\",\"name\":\"Pakuten Girl\",\"image\":{\"@type\":\"ImageObject\",\"@id\":\"https:\/\/pakuten.pl\/blog\/#personlogo\",\"inLanguage\":\"pl-PL\",\"url\":\"https:\/\/secure.gravatar.com\/avatar\/d3df41de2caf92e6cfded9430c2ff352?s=96&d=mm&r=g\",\"contentUrl\":\"https:\/\/secure.gravatar.com\/avatar\/d3df41de2caf92e6cfded9430c2ff352?s=96&d=mm&r=g\",\"caption\":\"Pakuten Girl\"},\"description\":\"Cze\u015b\u0107, nazywam si\u0119 Ola. Kocham Netflixa, sals\u0119, nowo\u015bci kosmetyczne i najnowsze trendy w modzie.\",\"url\":\"https:\/\/pakuten.pl\/blog\/author\/pakuten-girl\/\"}]}<\/script>\n<!-- \/ Yoast SEO plugin. -->","yoast_head_json":{"title":"Ubrania idealne na \u015bwi\u0119ta i nie tylko. - Pakuten blog","description":"\u015awi\u0119ta to wyj\u0105tkowy czas w roku, kiedy mo\u017cemy b\u0142yszcze\u0107 w swoim najpi\u0119kniejszym wydaniu. Niezale\u017cnie od tego, czy sp\u0119dzasz je w gronie rodziny, przyjaci\u00f3\u0142, czy mo\u017ce na romantycznej kolacji, wa\u017cne jest, aby wybra\u0107 odpowiednie ubrania. W tym blogu podpowiemy Ci, jakie ubrania s\u0105 idealne na \u015bwi\u0119ta i nie tylko, aby\u015b zawsze czu\u0142 si\u0119 pewnie i stylowo.","robots":{"index":"index","follow":"follow","max-snippet":"max-snippet:-1","max-image-preview":"max-image-preview:large","max-video-preview":"max-video-preview:-1"},"canonical":"https:\/\/pakuten.pl\/blog\/ubrania-idealne-na-swieta-i-nie-tylko\/","og_locale":"pl_PL","og_type":"article","og_title":"Ubrania idealne na \u015bwi\u0119ta i nie tylko. - Pakuten blog","og_description":"\u015awi\u0119ta to wyj\u0105tkowy czas w roku, kiedy mo\u017cemy b\u0142yszcze\u0107 w swoim najpi\u0119kniejszym wydaniu. Niezale\u017cnie od tego, czy sp\u0119dzasz je w gronie rodziny, przyjaci\u00f3\u0142, czy mo\u017ce na romantycznej kolacji, wa\u017cne jest, aby wybra\u0107 odpowiednie ubrania. W tym blogu podpowiemy Ci, jakie ubrania s\u0105 idealne na \u015bwi\u0119ta i nie tylko, aby\u015b zawsze czu\u0142 si\u0119 pewnie i stylowo.","og_url":"https:\/\/pakuten.pl\/blog\/ubrania-idealne-na-swieta-i-nie-tylko\/","og_site_name":"Pakuten blog","article_published_time":"2023-12-01T08:21:39+00:00","article_modified_time":"2023-12-01T08:22:20+00:00","og_image":[{"width":1280,"height":853,"url":"https:\/\/pakuten.pl\/blog\/wp-content\/uploads\/2023\/12\/Ubrania-idealne-na-s\u0301wie\u0328ta-i-nie-tylko..jpg","type":"image\/jpeg"}],"twitter_card":"summary_large_image","twitter_misc":{"Napisane przez":"Pakuten Girl","Szacowany czas czytania":"3 minuty"},"schema":{"@context":"https:\/\/schema.org","@graph":[{"@type":"Organization","@id":"https:\/\/pakuten.pl\/blog\/#organization","name":"Pakuten","url":"https:\/\/pakuten.pl\/blog\/","sameAs":[],"logo":{"@type":"ImageObject","@id":"https:\/\/pakuten.pl\/blog\/#logo","inLanguage":"pl-PL","url":"http:\/\/pakuten.pl\/blog\/wp-content\/uploads\/2018\/01\/pakuten_logo.png","contentUrl":"http:\/\/pakuten.pl\/blog\/wp-content\/uploads\/2018\/01\/pakuten_logo.png","width":300,"height":120,"caption":"Pakuten"},"image":{"@id":"https:\/\/pakuten.pl\/blog\/#logo"}},{"@type":"WebSite","@id":"https:\/\/pakuten.pl\/blog\/#website","url":"https:\/\/pakuten.pl\/blog\/","name":"Pakuten blog","description":"Blog sklepu internetowego pakuten.pl","publisher":{"@id":"https:\/\/pakuten.pl\/blog\/#organization"},"potentialAction":[{"@type":"SearchAction","target":{"@type":"EntryPoint","urlTemplate":"https:\/\/pakuten.pl\/blog\/?s={search_term_string}"},"query-input":"required name=search_term_string"}],"inLanguage":"pl-PL"},{"@type":"ImageObject","@id":"https:\/\/pakuten.pl\/blog\/ubrania-idealne-na-swieta-i-nie-tylko\/#primaryimage","inLanguage":"pl-PL","url":"https:\/\/pakuten.pl\/blog\/wp-content\/uploads\/2023\/12\/Ubrania-idealne-na-s\u0301wie\u0328ta-i-nie-tylko..jpg","contentUrl":"https:\/\/pakuten.pl\/blog\/wp-content\/uploads\/2023\/12\/Ubrania-idealne-na-s\u0301wie\u0328ta-i-nie-tylko..jpg","width":1280,"height":853},{"@type":"WebPage","@id":"https:\/\/pakuten.pl\/blog\/ubrania-idealne-na-swieta-i-nie-tylko\/#webpage","url":"https:\/\/pakuten.pl\/blog\/ubrania-idealne-na-swieta-i-nie-tylko\/","name":"Ubrania idealne na \u015bwi\u0119ta i nie tylko. - Pakuten blog","isPartOf":{"@id":"https:\/\/pakuten.pl\/blog\/#website"},"primaryImageOfPage":{"@id":"https:\/\/pakuten.pl\/blog\/ubrania-idealne-na-swieta-i-nie-tylko\/#primaryimage"},"datePublished":"2023-12-01T08:21:39+00:00","dateModified":"2023-12-01T08:22:20+00:00","description":"\u015awi\u0119ta to wyj\u0105tkowy czas w roku, kiedy mo\u017cemy b\u0142yszcze\u0107 w swoim najpi\u0119kniejszym wydaniu. Niezale\u017cnie od tego, czy sp\u0119dzasz je w gronie rodziny, przyjaci\u00f3\u0142, czy mo\u017ce na romantycznej kolacji, wa\u017cne jest, aby wybra\u0107 odpowiednie ubrania. W tym blogu podpowiemy Ci, jakie ubrania s\u0105 idealne na \u015bwi\u0119ta i nie tylko, aby\u015b zawsze czu\u0142 si\u0119 pewnie i stylowo.","breadcrumb":{"@id":"https:\/\/pakuten.pl\/blog\/ubrania-idealne-na-swieta-i-nie-tylko\/#breadcrumb"},"inLanguage":"pl-PL","potentialAction":[{"@type":"ReadAction","target":["https:\/\/pakuten.pl\/blog\/ubrania-idealne-na-swieta-i-nie-tylko\/"]}]},{"@type":"BreadcrumbList","@id":"https:\/\/pakuten.pl\/blog\/ubrania-idealne-na-swieta-i-nie-tylko\/#breadcrumb","itemListElement":[{"@type":"ListItem","position":1,"name":"Strona g\u0142\u00f3wna","item":"https:\/\/pakuten.pl\/blog\/"},{"@type":"ListItem","position":2,"name":"Ubrania idealne na \u015bwi\u0119ta i nie tylko."}]},{"@type":"Article","@id":"https:\/\/pakuten.pl\/blog\/ubrania-idealne-na-swieta-i-nie-tylko\/#article","isPartOf":{"@id":"https:\/\/pakuten.pl\/blog\/ubrania-idealne-na-swieta-i-nie-tylko\/#webpage"},"author":{"@id":"https:\/\/pakuten.pl\/blog\/#\/schema\/person\/d7133af30211381a4e4536d088384556"},"headline":"Ubrania idealne na \u015bwi\u0119ta i nie tylko.","datePublished":"2023-12-01T08:21:39+00:00","dateModified":"2023-12-01T08:22:20+00:00","mainEntityOfPage":{"@id":"https:\/\/pakuten.pl\/blog\/ubrania-idealne-na-swieta-i-nie-tylko\/#webpage"},"wordCount":493,"commentCount":0,"publisher":{"@id":"https:\/\/pakuten.pl\/blog\/#organization"},"image":{"@id":"https:\/\/pakuten.pl\/blog\/ubrania-idealne-na-swieta-i-nie-tylko\/#primaryimage"},"thumbnailUrl":"https:\/\/pakuten.pl\/blog\/wp-content\/uploads\/2023\/12\/Ubrania-idealne-na-s\u0301wie\u0328ta-i-nie-tylko..jpg","articleSection":["Tips&amp;Tricks"],"inLanguage":"pl-PL","potentialAction":[{"@type":"CommentAction","name":"Comment","target":["https:\/\/pakuten.pl\/blog\/ubrania-idealne-na-swieta-i-nie-tylko\/#respond"]}]},{"@type":"Person","@id":"https:\/\/pakuten.pl\/blog\/#\/schema\/person\/d7133af30211381a4e4536d088384556","name":"Pakuten Girl","image":{"@type":"ImageObject","@id":"https:\/\/pakuten.pl\/blog\/#personlogo","inLanguage":"pl-PL","url":"https:\/\/secure.gravatar.com\/avatar\/d3df41de2caf92e6cfded9430c2ff352?s=96&d=mm&r=g","contentUrl":"https:\/\/secure.gravatar.com\/avatar\/d3df41de2caf92e6cfded9430c2ff352?s=96&d=mm&r=g","caption":"Pakuten Girl"},"description":"Cze\u015b\u0107, nazywam si\u0119 Ola. Kocham Netflixa, sals\u0119, nowo\u015bci kosmetyczne i najnowsze trendy w modzie.","url":"https:\/\/pakuten.pl\/blog\/author\/pakuten-girl\/"}]}},"_links":{"self":[{"href":"https:\/\/pakuten.pl\/blog\/wp-json\/wp\/v2\/posts\/7974"}],"collection":[{"href":"https:\/\/pakuten.pl\/blog\/wp-json\/wp\/v2\/posts"}],"about":[{"href":"https:\/\/pakuten.pl\/blog\/wp-json\/wp\/v2\/types\/post"}],"author":[{"embeddable":true,"href":"https:\/\/pakuten.pl\/blog\/wp-json\/wp\/v2\/users\/3"}],"replies":[{"embeddable":true,"href":"https:\/\/pakuten.pl\/blog\/wp-json\/wp\/v2\/comments?post=7974"}],"version-history":[{"count":2,"href":"https:\/\/pakuten.pl\/blog\/wp-json\/wp\/v2\/posts\/7974\/revisions"}],"predecessor-version":[{"id":7978,"href":"https:\/\/pakuten.pl\/blog\/wp-json\/wp\/v2\/posts\/7974\/revisions\/7978"}],"wp:featuredmedia":[{"embeddable":true,"href":"https:\/\/pakuten.pl\/blog\/wp-json\/wp\/v2\/media\/7976"}],"wp:attachment":[{"href":"https:\/\/pakuten.pl\/blog\/wp-json\/wp\/v2\/media?parent=7974"}],"wp:term":[{"taxonomy":"category","embeddable":true,"href":"https:\/\/pakuten.pl\/blog\/wp-json\/wp\/v2\/categories?post=7974"},{"taxonomy":"post_tag","embeddable":true,"href":"https:\/\/pakuten.pl\/blog\/wp-json\/wp\/v2\/tags?post=7974"}],"curies":[{"name":"wp","href":"https:\/\/api.w.org\/{rel}","templated":true}]}}