{"id":7996,"date":"2023-12-11T07:57:05","date_gmt":"2023-12-11T06:57:05","guid":{"rendered":"https:\/\/pakuten.pl\/blog\/?p=7996"},"modified":"2023-12-11T07:57:40","modified_gmt":"2023-12-11T06:57:40","slug":"jakie-paznokcie-na-okres-swiateczno-sylwestrowy","status":"publish","type":"post","link":"https:\/\/pakuten.pl\/blog\/jakie-paznokcie-na-okres-swiateczno-sylwestrowy\/","title":{"rendered":"Jakie paznokcie na okres \u015bwi\u0105teczno- sylwestrowy ?"},"content":{"rendered":"\n<p class=\"p1\"><strong>Okres \u015bwi\u0105teczno-sylwestrowy to czas pe\u0142en magii, spotka\u0144 rodzinnych i przyj\u0119\u0107. To tak\u017ce doskona\u0142a okazja do wyra\u017cenia siebie za pomoc\u0105 kreatywnych wzor\u00f3w na paznokciach. Je\u015bli zastanawiasz si\u0119, jakie paznokcie wybra\u0107 na te wyj\u0105tkowe okazje, jeste\u015b we w\u0142a\u015bciwym miejscu. Poni\u017cej przedstawiam kilka inspiracji na \u015bwi\u0105teczne i sylwestrowe paznokcie.<\/strong><\/p>\n<h2><span style=\"color: #ff9900;\">Czerwone paznokcie z brokatem<\/span><\/h2>\n<p class=\"p1\">Czerwony kolor to nieod\u0142\u0105czny element \u015bwi\u0105t Bo\u017cego Narodzenia. Mo\u017cesz wybra\u0107 klasyczny czerwony lakier i doda\u0107 mu blasku, nak\u0142adaj\u0105c na niego brokat w tonacji z\u0142ota lub srebra. Efekt b\u0119dzie wyj\u0105tkowy i idealnie pasuj\u0105cy do klimatu \u015bwi\u0105tecznego.<\/p>\n<p><img loading=\"lazy\" class=\"aligncenter size-full wp-image-8002\" src=\"https:\/\/pakuten.pl\/blog\/wp-content\/uploads\/2023\/12\/63a0779a10a56_o_medium.jpg\" alt=\"\" width=\"640\" height=\"473\" \/><\/p>\n<h2><span style=\"color: #ff9900;\">\u015awi\u0105teczne motywy<\/span><\/h2>\n<p class=\"p1\">Je\u015bli jeste\u015b fanem tradycji \u015bwi\u0105tecznych, zainspiruj si\u0119 motywami takimi jak choinka, gwiazda, renifer czy cukrowa laska. Mo\u017cesz namalowa\u0107 te wzory na jednym lub kilku paznokciach, tworz\u0105c efektowne kompozycje.<\/p>\n<p><img loading=\"lazy\" class=\"aligncenter size-full wp-image-8003\" src=\"https:\/\/pakuten.pl\/blog\/wp-content\/uploads\/2023\/12\/1669719480.jpg\" alt=\"\" width=\"825\" height=\"510\" \/><\/p>\n<h2><span style=\"color: #ff9900;\">Sylwestrowa elegancja<\/span><\/h2>\n<p class=\"p1\">Na sylwestra warto postawi\u0107 na elegancj\u0119. Wybierz paznokcie w kolorze czarnym lub ciemnym granatowym, a nast\u0119pnie dodaj im efektowne zdobienia, takie jak z\u0142ote lub srebrne paski, kropki czy gwiazdki. To stworzy efekt glamour i b\u0119dzie pasowa\u0107 do wieczornego stroju na sylwestra.<\/p>\n<h2><span style=\"color: #ff9900;\">Klasyczna biel czy french manicure w \u015bwi\u0105tecznym stylu<\/span><\/h2>\n<p class=\"p1\">Je\u015bli preferujesz stonowane kolory, bia\u0142a karnacja na paznokciach jest zawsze eleganckim wyborem. Mo\u017cesz doda\u0107 jej \u015bwi\u0105tecznego uroku, nak\u0142adaj\u0105c drobne srebrne lub z\u0142ote zdobienia lub b\u0142yszcz\u0105cy lakier. Klasyczna francuska manikiurka mo\u017ce r\u00f3wnie\u017c by\u0107 dostosowana do okresu \u015bwi\u0105tecznego. Zamiast tradycyjnego bia\u0142ego ko\u0144c\u00f3wki paznokcia, u\u017cyj czerwonego lub zielonego koloru. To subtelna, ale stylowa odmiana klasycznego wzoru.<\/p>\n<p><img loading=\"lazy\" class=\"aligncenter size-full wp-image-8004\" src=\"https:\/\/pakuten.pl\/blog\/wp-content\/uploads\/2023\/12\/z30003928Vmleczny-french-manicure.jpg\" alt=\"\" width=\"960\" height=\"640\" \/><\/p>\n<h2><span style=\"color: #ff9900;\">Glitter i brokat i akcenty na jednym paznokciu<\/span><\/h2>\n<p class=\"p1\">\u015awi\u0119ta to czas blasku i b\u0142ysku, dlatego warto postawi\u0107 na paznokcie zdobione brokatem i b\u0142yszcz\u0105cymi drobinkami. Mo\u017cesz wybra\u0107 lakier z wbudowanym brokatem lub doda\u0107 go na wierzch innych kolor\u00f3w paznokci. To gwarantuje efekt wow! Je\u015bli nie jeste\u015b pewna, jaki wz\u00f3r wybra\u0107 na wszystkie paznokcie, mo\u017cesz postawi\u0107 na jednym paznokciu efektowny akcent. To mo\u017ce by\u0107 jedna z\u0142ota gwiazda, srebrna kropka lub malutka choinka.<\/p>\n<p>\u00a0<\/p>\n<p class=\"p1\">Pami\u0119taj, \u017ce wa\u017cne jest r\u00f3wnie\u017c zadbanie o kondycj\u0119 swoich paznokci. Regularnie nawil\u017caj d\u0142onie i paznokcie, stosuj od\u017cywki, a tak\u017ce nie zapomnij o bazie i topie, kt\u00f3re przed\u0142u\u017c\u0105 trwa\u0142o\u015b\u0107 Twojego manicure.<\/p>\n<p class=\"p1\">Niech Twoje paznokcie na okres \u015bwi\u0105teczno-sylwestrowy dodadz\u0105 Ci pewno\u015bci siebie i podkre\u015bl\u0105 magi\u0119 tego wyj\u0105tkowego czasu. Teraz mo\u017cesz cieszy\u0107 si\u0119 tym okresem w pe\u0142ni!<\/p>\n<p>\u00a0<\/p>\n\n\n<div class=\"kk-star-ratings kksr-auto kksr-align-right kksr-valign-bottom\"\n    data-payload='{&quot;align&quot;:&quot;right&quot;,&quot;id&quot;:&quot;7996&quot;,&quot;slug&quot;:&quot;default&quot;,&quot;valign&quot;:&quot;bottom&quot;,&quot;ignore&quot;:&quot;&quot;,&quot;reference&quot;:&quot;auto&quot;,&quot;class&quot;:&quot;&quot;,&quot;count&quot;:&quot;1&quot;,&quot;legendonly&quot;:&quot;&quot;,&quot;readonly&quot;:&quot;&quot;,&quot;score&quot;:&quot;1&quot;,&quot;starsonly&quot;:&quot;&quot;,&quot;best&quot;:&quot;5&quot;,&quot;gap&quot;:&quot;5&quot;,&quot;greet&quot;:&quot;Rate this post&quot;,&quot;legend&quot;:&quot;1\\\/5 - (1 vote)&quot;,&quot;size&quot;:&quot;24&quot;,&quot;width&quot;:&quot;26.5&quot;,&quot;_legend&quot;:&quot;{score}\\\/{best} - ({count} {votes})&quot;,&quot;font_factor&quot;:&quot;1.25&quot;}'>\n            \n<div class=\"kksr-stars\">\n    \n<div class=\"kksr-stars-inactive\">\n            <div class=\"kksr-star\" data-star=\"1\" style=\"padding-right: 5px\">\n            \n\n<div class=\"kksr-icon\" style=\"width: 24px; height: 24px;\"><\/div>\n        <\/div>\n            <div class=\"kksr-star\" data-star=\"2\" style=\"padding-right: 5px\">\n            \n\n<div class=\"kksr-icon\" style=\"width: 24px; height: 24px;\"><\/div>\n        <\/div>\n            <div class=\"kksr-star\" data-star=\"3\" style=\"padding-right: 5px\">\n            \n\n<div class=\"kksr-icon\" style=\"width: 24px; height: 24px;\"><\/div>\n        <\/div>\n            <div class=\"kksr-star\" data-star=\"4\" style=\"padding-right: 5px\">\n            \n\n<div class=\"kksr-icon\" style=\"width: 24px; height: 24px;\"><\/div>\n        <\/div>\n            <div class=\"kksr-star\" data-star=\"5\" style=\"padding-right: 5px\">\n            \n\n<div class=\"kksr-icon\" style=\"width: 24px; height: 24px;\"><\/div>\n        <\/div>\n    <\/div>\n    \n<div class=\"kksr-stars-active\" style=\"width: 26.5px;\">\n            <div class=\"kksr-star\" style=\"padding-right: 5px\">\n            \n\n<div class=\"kksr-icon\" style=\"width: 24px; height: 24px;\"><\/div>\n        <\/div>\n            <div class=\"kksr-star\" style=\"padding-right: 5px\">\n            \n\n<div class=\"kksr-icon\" style=\"width: 24px; height: 24px;\"><\/div>\n        <\/div>\n            <div class=\"kksr-star\" style=\"padding-right: 5px\">\n            \n\n<div class=\"kksr-icon\" style=\"width: 24px; height: 24px;\"><\/div>\n        <\/div>\n            <div class=\"kksr-star\" style=\"padding-right: 5px\">\n            \n\n<div class=\"kksr-icon\" style=\"width: 24px; height: 24px;\"><\/div>\n        <\/div>\n            <div class=\"kksr-star\" style=\"padding-right: 5px\">\n            \n\n<div class=\"kksr-icon\" style=\"width: 24px; height: 24px;\"><\/div>\n        <\/div>\n    <\/div>\n<\/div>\n                \n\n<div class=\"kksr-legend\" style=\"font-size: 19.2px;\">\n            1\/5 - (1 vote)    <\/div>\n    <\/div>\n","protected":false},"excerpt":{"rendered":"<p class=\"p1\" style=\"margin: 0px; font-variant-numeric: normal; font-variant-east-asian: normal; font-variant-alternates: normal; font-kerning: auto; font-optical-sizing: auto; font-feature-settings: normal; font-variation-settings: normal; font-variant-position: normal; font-stretch: normal; font-size: 13px; line-height: normal; font-family: 'Helvetica Neue'; color: #000000;\">Okres \u015bwi\u0105teczno-sylwestrowy to czas pe\u0142en magii, spotka\u0144 rodzinnych i przyj\u0119\u0107. To tak\u017ce doskona\u0142a okazja do wyra\u017cenia siebie za pomoc\u0105 kreatywnych wzor\u00f3w na paznokciach. Je\u015bli zastanawiasz si\u0119, jakie paznokcie wybra\u0107 na te wyj\u0105tkowe okazje, jeste\u015b we w\u0142a\u015bciwym miejscu. Poni\u017cej przedstawiam kilka inspiracji na \u015bwi\u0105teczne i sylwestrowe paznokcie.<\/p>\n","protected":false},"author":3,"featured_media":8001,"comment_status":"open","ping_status":"open","sticky":false,"template":"","format":"standard","meta":[],"categories":[4],"tags":[],"yoast_head":"<!-- This site is optimized with the Yoast SEO plugin v18.4.1 - https:\/\/yoast.com\/wordpress\/plugins\/seo\/ -->\n<title>Jakie paznokcie na okres \u015bwi\u0105teczno- sylwestrowy ? - Pakuten blog<\/title>\n<meta name=\"description\" content=\"Okres \u015bwi\u0105teczno-sylwestrowy to czas pe\u0142en magii, spotka\u0144 rodzinnych i przyj\u0119\u0107. To tak\u017ce doskona\u0142a okazja do wyra\u017cenia siebie za pomoc\u0105 kreatywnych wzor\u00f3w na paznokciach. Je\u015bli zastanawiasz si\u0119, jakie paznokcie wybra\u0107 na te wyj\u0105tkowe okazje, jeste\u015b we w\u0142a\u015bciwym miejscu. Poni\u017cej przedstawiam kilka inspiracji na \u015bwi\u0105teczne i sylwestrowe paznokcie.\" \/>\n<meta name=\"robots\" content=\"index, follow, max-snippet:-1, max-image-preview:large, max-video-preview:-1\" \/>\n<link rel=\"canonical\" href=\"https:\/\/pakuten.pl\/blog\/jakie-paznokcie-na-okres-swiateczno-sylwestrowy\/\" \/>\n<meta property=\"og:locale\" content=\"pl_PL\" \/>\n<meta property=\"og:type\" content=\"article\" \/>\n<meta property=\"og:title\" content=\"Jakie paznokcie na okres \u015bwi\u0105teczno- sylwestrowy ? - Pakuten blog\" \/>\n<meta property=\"og:description\" content=\"Okres \u015bwi\u0105teczno-sylwestrowy to czas pe\u0142en magii, spotka\u0144 rodzinnych i przyj\u0119\u0107. To tak\u017ce doskona\u0142a okazja do wyra\u017cenia siebie za pomoc\u0105 kreatywnych wzor\u00f3w na paznokciach. Je\u015bli zastanawiasz si\u0119, jakie paznokcie wybra\u0107 na te wyj\u0105tkowe okazje, jeste\u015b we w\u0142a\u015bciwym miejscu. Poni\u017cej przedstawiam kilka inspiracji na \u015bwi\u0105teczne i sylwestrowe paznokcie.\" \/>\n<meta property=\"og:url\" content=\"https:\/\/pakuten.pl\/blog\/jakie-paznokcie-na-okres-swiateczno-sylwestrowy\/\" \/>\n<meta property=\"og:site_name\" content=\"Pakuten blog\" \/>\n<meta property=\"article:published_time\" content=\"2023-12-11T06:57:05+00:00\" \/>\n<meta property=\"article:modified_time\" content=\"2023-12-11T06:57:40+00:00\" \/>\n<meta property=\"og:image\" content=\"https:\/\/pakuten.pl\/blog\/wp-content\/uploads\/2023\/12\/Jakie-paznokcie-na-okres-s\u0301wia\u0328teczno-sylwestrowy-.jpg\" \/>\n\t<meta property=\"og:image:width\" content=\"1280\" \/>\n\t<meta property=\"og:image:height\" content=\"853\" \/>\n\t<meta property=\"og:image:type\" content=\"image\/jpeg\" \/>\n<meta name=\"twitter:card\" content=\"summary_large_image\" \/>\n<meta name=\"twitter:label1\" content=\"Napisane przez\" \/>\n\t<meta name=\"twitter:data1\" content=\"Pakuten Girl\" \/>\n\t<meta name=\"twitter:label2\" content=\"Szacowany czas czytania\" \/>\n\t<meta name=\"twitter:data2\" content=\"3 minuty\" \/>\n<script type=\"application\/ld+json\" class=\"yoast-schema-graph\">{\"@context\":\"https:\/\/schema.org\",\"@graph\":[{\"@type\":\"Organization\",\"@id\":\"https:\/\/pakuten.pl\/blog\/#organization\",\"name\":\"Pakuten\",\"url\":\"https:\/\/pakuten.pl\/blog\/\",\"sameAs\":[],\"logo\":{\"@type\":\"ImageObject\",\"@id\":\"https:\/\/pakuten.pl\/blog\/#logo\",\"inLanguage\":\"pl-PL\",\"url\":\"http:\/\/pakuten.pl\/blog\/wp-content\/uploads\/2018\/01\/pakuten_logo.png\",\"contentUrl\":\"http:\/\/pakuten.pl\/blog\/wp-content\/uploads\/2018\/01\/pakuten_logo.png\",\"width\":300,\"height\":120,\"caption\":\"Pakuten\"},\"image\":{\"@id\":\"https:\/\/pakuten.pl\/blog\/#logo\"}},{\"@type\":\"WebSite\",\"@id\":\"https:\/\/pakuten.pl\/blog\/#website\",\"url\":\"https:\/\/pakuten.pl\/blog\/\",\"name\":\"Pakuten blog\",\"description\":\"Blog sklepu internetowego pakuten.pl\",\"publisher\":{\"@id\":\"https:\/\/pakuten.pl\/blog\/#organization\"},\"potentialAction\":[{\"@type\":\"SearchAction\",\"target\":{\"@type\":\"EntryPoint\",\"urlTemplate\":\"https:\/\/pakuten.pl\/blog\/?s={search_term_string}\"},\"query-input\":\"required name=search_term_string\"}],\"inLanguage\":\"pl-PL\"},{\"@type\":\"ImageObject\",\"@id\":\"https:\/\/pakuten.pl\/blog\/jakie-paznokcie-na-okres-swiateczno-sylwestrowy\/#primaryimage\",\"inLanguage\":\"pl-PL\",\"url\":\"https:\/\/pakuten.pl\/blog\/wp-content\/uploads\/2023\/12\/Jakie-paznokcie-na-okres-s\u0301wia\u0328teczno-sylwestrowy-.jpg\",\"contentUrl\":\"https:\/\/pakuten.pl\/blog\/wp-content\/uploads\/2023\/12\/Jakie-paznokcie-na-okres-s\u0301wia\u0328teczno-sylwestrowy-.jpg\",\"width\":1280,\"height\":853},{\"@type\":\"WebPage\",\"@id\":\"https:\/\/pakuten.pl\/blog\/jakie-paznokcie-na-okres-swiateczno-sylwestrowy\/#webpage\",\"url\":\"https:\/\/pakuten.pl\/blog\/jakie-paznokcie-na-okres-swiateczno-sylwestrowy\/\",\"name\":\"Jakie paznokcie na okres \u015bwi\u0105teczno- sylwestrowy ? - Pakuten blog\",\"isPartOf\":{\"@id\":\"https:\/\/pakuten.pl\/blog\/#website\"},\"primaryImageOfPage\":{\"@id\":\"https:\/\/pakuten.pl\/blog\/jakie-paznokcie-na-okres-swiateczno-sylwestrowy\/#primaryimage\"},\"datePublished\":\"2023-12-11T06:57:05+00:00\",\"dateModified\":\"2023-12-11T06:57:40+00:00\",\"description\":\"Okres \u015bwi\u0105teczno-sylwestrowy to czas pe\u0142en magii, spotka\u0144 rodzinnych i przyj\u0119\u0107. To tak\u017ce doskona\u0142a okazja do wyra\u017cenia siebie za pomoc\u0105 kreatywnych wzor\u00f3w na paznokciach. Je\u015bli zastanawiasz si\u0119, jakie paznokcie wybra\u0107 na te wyj\u0105tkowe okazje, jeste\u015b we w\u0142a\u015bciwym miejscu. Poni\u017cej przedstawiam kilka inspiracji na \u015bwi\u0105teczne i sylwestrowe paznokcie.\",\"breadcrumb\":{\"@id\":\"https:\/\/pakuten.pl\/blog\/jakie-paznokcie-na-okres-swiateczno-sylwestrowy\/#breadcrumb\"},\"inLanguage\":\"pl-PL\",\"potentialAction\":[{\"@type\":\"ReadAction\",\"target\":[\"https:\/\/pakuten.pl\/blog\/jakie-paznokcie-na-okres-swiateczno-sylwestrowy\/\"]}]},{\"@type\":\"BreadcrumbList\",\"@id\":\"https:\/\/pakuten.pl\/blog\/jakie-paznokcie-na-okres-swiateczno-sylwestrowy\/#breadcrumb\",\"itemListElement\":[{\"@type\":\"ListItem\",\"position\":1,\"name\":\"Strona g\u0142\u00f3wna\",\"item\":\"https:\/\/pakuten.pl\/blog\/\"},{\"@type\":\"ListItem\",\"position\":2,\"name\":\"Jakie paznokcie na okres \u015bwi\u0105teczno- sylwestrowy ?\"}]},{\"@type\":\"Article\",\"@id\":\"https:\/\/pakuten.pl\/blog\/jakie-paznokcie-na-okres-swiateczno-sylwestrowy\/#article\",\"isPartOf\":{\"@id\":\"https:\/\/pakuten.pl\/blog\/jakie-paznokcie-na-okres-swiateczno-sylwestrowy\/#webpage\"},\"author\":{\"@id\":\"https:\/\/pakuten.pl\/blog\/#\/schema\/person\/d7133af30211381a4e4536d088384556\"},\"headline\":\"Jakie paznokcie na okres \u015bwi\u0105teczno- sylwestrowy ?\",\"datePublished\":\"2023-12-11T06:57:05+00:00\",\"dateModified\":\"2023-12-11T06:57:40+00:00\",\"mainEntityOfPage\":{\"@id\":\"https:\/\/pakuten.pl\/blog\/jakie-paznokcie-na-okres-swiateczno-sylwestrowy\/#webpage\"},\"wordCount\":425,\"commentCount\":0,\"publisher\":{\"@id\":\"https:\/\/pakuten.pl\/blog\/#organization\"},\"image\":{\"@id\":\"https:\/\/pakuten.pl\/blog\/jakie-paznokcie-na-okres-swiateczno-sylwestrowy\/#primaryimage\"},\"thumbnailUrl\":\"https:\/\/pakuten.pl\/blog\/wp-content\/uploads\/2023\/12\/Jakie-paznokcie-na-okres-s\u0301wia\u0328teczno-sylwestrowy-.jpg\",\"articleSection\":[\"Tips&amp;Tricks\"],\"inLanguage\":\"pl-PL\",\"potentialAction\":[{\"@type\":\"CommentAction\",\"name\":\"Comment\",\"target\":[\"https:\/\/pakuten.pl\/blog\/jakie-paznokcie-na-okres-swiateczno-sylwestrowy\/#respond\"]}]},{\"@type\":\"Person\",\"@id\":\"https:\/\/pakuten.pl\/blog\/#\/schema\/person\/d7133af30211381a4e4536d088384556\",\"name\":\"Pakuten Girl\",\"image\":{\"@type\":\"ImageObject\",\"@id\":\"https:\/\/pakuten.pl\/blog\/#personlogo\",\"inLanguage\":\"pl-PL\",\"url\":\"https:\/\/secure.gravatar.com\/avatar\/d3df41de2caf92e6cfded9430c2ff352?s=96&d=mm&r=g\",\"contentUrl\":\"https:\/\/secure.gravatar.com\/avatar\/d3df41de2caf92e6cfded9430c2ff352?s=96&d=mm&r=g\",\"caption\":\"Pakuten Girl\"},\"description\":\"Cze\u015b\u0107, nazywam si\u0119 Ola. Kocham Netflixa, sals\u0119, nowo\u015bci kosmetyczne i najnowsze trendy w modzie.\",\"url\":\"https:\/\/pakuten.pl\/blog\/author\/pakuten-girl\/\"}]}<\/script>\n<!-- \/ Yoast SEO plugin. -->","yoast_head_json":{"title":"Jakie paznokcie na okres \u015bwi\u0105teczno- sylwestrowy ? - Pakuten blog","description":"Okres \u015bwi\u0105teczno-sylwestrowy to czas pe\u0142en magii, spotka\u0144 rodzinnych i przyj\u0119\u0107. To tak\u017ce doskona\u0142a okazja do wyra\u017cenia siebie za pomoc\u0105 kreatywnych wzor\u00f3w na paznokciach. Je\u015bli zastanawiasz si\u0119, jakie paznokcie wybra\u0107 na te wyj\u0105tkowe okazje, jeste\u015b we w\u0142a\u015bciwym miejscu. Poni\u017cej przedstawiam kilka inspiracji na \u015bwi\u0105teczne i sylwestrowe paznokcie.","robots":{"index":"index","follow":"follow","max-snippet":"max-snippet:-1","max-image-preview":"max-image-preview:large","max-video-preview":"max-video-preview:-1"},"canonical":"https:\/\/pakuten.pl\/blog\/jakie-paznokcie-na-okres-swiateczno-sylwestrowy\/","og_locale":"pl_PL","og_type":"article","og_title":"Jakie paznokcie na okres \u015bwi\u0105teczno- sylwestrowy ? - Pakuten blog","og_description":"Okres \u015bwi\u0105teczno-sylwestrowy to czas pe\u0142en magii, spotka\u0144 rodzinnych i przyj\u0119\u0107. To tak\u017ce doskona\u0142a okazja do wyra\u017cenia siebie za pomoc\u0105 kreatywnych wzor\u00f3w na paznokciach. Je\u015bli zastanawiasz si\u0119, jakie paznokcie wybra\u0107 na te wyj\u0105tkowe okazje, jeste\u015b we w\u0142a\u015bciwym miejscu. Poni\u017cej przedstawiam kilka inspiracji na \u015bwi\u0105teczne i sylwestrowe paznokcie.","og_url":"https:\/\/pakuten.pl\/blog\/jakie-paznokcie-na-okres-swiateczno-sylwestrowy\/","og_site_name":"Pakuten blog","article_published_time":"2023-12-11T06:57:05+00:00","article_modified_time":"2023-12-11T06:57:40+00:00","og_image":[{"width":1280,"height":853,"url":"https:\/\/pakuten.pl\/blog\/wp-content\/uploads\/2023\/12\/Jakie-paznokcie-na-okres-s\u0301wia\u0328teczno-sylwestrowy-.jpg","type":"image\/jpeg"}],"twitter_card":"summary_large_image","twitter_misc":{"Napisane przez":"Pakuten Girl","Szacowany czas czytania":"3 minuty"},"schema":{"@context":"https:\/\/schema.org","@graph":[{"@type":"Organization","@id":"https:\/\/pakuten.pl\/blog\/#organization","name":"Pakuten","url":"https:\/\/pakuten.pl\/blog\/","sameAs":[],"logo":{"@type":"ImageObject","@id":"https:\/\/pakuten.pl\/blog\/#logo","inLanguage":"pl-PL","url":"http:\/\/pakuten.pl\/blog\/wp-content\/uploads\/2018\/01\/pakuten_logo.png","contentUrl":"http:\/\/pakuten.pl\/blog\/wp-content\/uploads\/2018\/01\/pakuten_logo.png","width":300,"height":120,"caption":"Pakuten"},"image":{"@id":"https:\/\/pakuten.pl\/blog\/#logo"}},{"@type":"WebSite","@id":"https:\/\/pakuten.pl\/blog\/#website","url":"https:\/\/pakuten.pl\/blog\/","name":"Pakuten blog","description":"Blog sklepu internetowego pakuten.pl","publisher":{"@id":"https:\/\/pakuten.pl\/blog\/#organization"},"potentialAction":[{"@type":"SearchAction","target":{"@type":"EntryPoint","urlTemplate":"https:\/\/pakuten.pl\/blog\/?s={search_term_string}"},"query-input":"required name=search_term_string"}],"inLanguage":"pl-PL"},{"@type":"ImageObject","@id":"https:\/\/pakuten.pl\/blog\/jakie-paznokcie-na-okres-swiateczno-sylwestrowy\/#primaryimage","inLanguage":"pl-PL","url":"https:\/\/pakuten.pl\/blog\/wp-content\/uploads\/2023\/12\/Jakie-paznokcie-na-okres-s\u0301wia\u0328teczno-sylwestrowy-.jpg","contentUrl":"https:\/\/pakuten.pl\/blog\/wp-content\/uploads\/2023\/12\/Jakie-paznokcie-na-okres-s\u0301wia\u0328teczno-sylwestrowy-.jpg","width":1280,"height":853},{"@type":"WebPage","@id":"https:\/\/pakuten.pl\/blog\/jakie-paznokcie-na-okres-swiateczno-sylwestrowy\/#webpage","url":"https:\/\/pakuten.pl\/blog\/jakie-paznokcie-na-okres-swiateczno-sylwestrowy\/","name":"Jakie paznokcie na okres \u015bwi\u0105teczno- sylwestrowy ? - Pakuten blog","isPartOf":{"@id":"https:\/\/pakuten.pl\/blog\/#website"},"primaryImageOfPage":{"@id":"https:\/\/pakuten.pl\/blog\/jakie-paznokcie-na-okres-swiateczno-sylwestrowy\/#primaryimage"},"datePublished":"2023-12-11T06:57:05+00:00","dateModified":"2023-12-11T06:57:40+00:00","description":"Okres \u015bwi\u0105teczno-sylwestrowy to czas pe\u0142en magii, spotka\u0144 rodzinnych i przyj\u0119\u0107. To tak\u017ce doskona\u0142a okazja do wyra\u017cenia siebie za pomoc\u0105 kreatywnych wzor\u00f3w na paznokciach. Je\u015bli zastanawiasz si\u0119, jakie paznokcie wybra\u0107 na te wyj\u0105tkowe okazje, jeste\u015b we w\u0142a\u015bciwym miejscu. Poni\u017cej przedstawiam kilka inspiracji na \u015bwi\u0105teczne i sylwestrowe paznokcie.","breadcrumb":{"@id":"https:\/\/pakuten.pl\/blog\/jakie-paznokcie-na-okres-swiateczno-sylwestrowy\/#breadcrumb"},"inLanguage":"pl-PL","potentialAction":[{"@type":"ReadAction","target":["https:\/\/pakuten.pl\/blog\/jakie-paznokcie-na-okres-swiateczno-sylwestrowy\/"]}]},{"@type":"BreadcrumbList","@id":"https:\/\/pakuten.pl\/blog\/jakie-paznokcie-na-okres-swiateczno-sylwestrowy\/#breadcrumb","itemListElement":[{"@type":"ListItem","position":1,"name":"Strona g\u0142\u00f3wna","item":"https:\/\/pakuten.pl\/blog\/"},{"@type":"ListItem","position":2,"name":"Jakie paznokcie na okres \u015bwi\u0105teczno- sylwestrowy ?"}]},{"@type":"Article","@id":"https:\/\/pakuten.pl\/blog\/jakie-paznokcie-na-okres-swiateczno-sylwestrowy\/#article","isPartOf":{"@id":"https:\/\/pakuten.pl\/blog\/jakie-paznokcie-na-okres-swiateczno-sylwestrowy\/#webpage"},"author":{"@id":"https:\/\/pakuten.pl\/blog\/#\/schema\/person\/d7133af30211381a4e4536d088384556"},"headline":"Jakie paznokcie na okres \u015bwi\u0105teczno- sylwestrowy ?","datePublished":"2023-12-11T06:57:05+00:00","dateModified":"2023-12-11T06:57:40+00:00","mainEntityOfPage":{"@id":"https:\/\/pakuten.pl\/blog\/jakie-paznokcie-na-okres-swiateczno-sylwestrowy\/#webpage"},"wordCount":425,"commentCount":0,"publisher":{"@id":"https:\/\/pakuten.pl\/blog\/#organization"},"image":{"@id":"https:\/\/pakuten.pl\/blog\/jakie-paznokcie-na-okres-swiateczno-sylwestrowy\/#primaryimage"},"thumbnailUrl":"https:\/\/pakuten.pl\/blog\/wp-content\/uploads\/2023\/12\/Jakie-paznokcie-na-okres-s\u0301wia\u0328teczno-sylwestrowy-.jpg","articleSection":["Tips&amp;Tricks"],"inLanguage":"pl-PL","potentialAction":[{"@type":"CommentAction","name":"Comment","target":["https:\/\/pakuten.pl\/blog\/jakie-paznokcie-na-okres-swiateczno-sylwestrowy\/#respond"]}]},{"@type":"Person","@id":"https:\/\/pakuten.pl\/blog\/#\/schema\/person\/d7133af30211381a4e4536d088384556","name":"Pakuten Girl","image":{"@type":"ImageObject","@id":"https:\/\/pakuten.pl\/blog\/#personlogo","inLanguage":"pl-PL","url":"https:\/\/secure.gravatar.com\/avatar\/d3df41de2caf92e6cfded9430c2ff352?s=96&d=mm&r=g","contentUrl":"https:\/\/secure.gravatar.com\/avatar\/d3df41de2caf92e6cfded9430c2ff352?s=96&d=mm&r=g","caption":"Pakuten Girl"},"description":"Cze\u015b\u0107, nazywam si\u0119 Ola. Kocham Netflixa, sals\u0119, nowo\u015bci kosmetyczne i najnowsze trendy w modzie.","url":"https:\/\/pakuten.pl\/blog\/author\/pakuten-girl\/"}]}},"_links":{"self":[{"href":"https:\/\/pakuten.pl\/blog\/wp-json\/wp\/v2\/posts\/7996"}],"collection":[{"href":"https:\/\/pakuten.pl\/blog\/wp-json\/wp\/v2\/posts"}],"about":[{"href":"https:\/\/pakuten.pl\/blog\/wp-json\/wp\/v2\/types\/post"}],"author":[{"embeddable":true,"href":"https:\/\/pakuten.pl\/blog\/wp-json\/wp\/v2\/users\/3"}],"replies":[{"embeddable":true,"href":"https:\/\/pakuten.pl\/blog\/wp-json\/wp\/v2\/comments?post=7996"}],"version-history":[{"count":3,"href":"https:\/\/pakuten.pl\/blog\/wp-json\/wp\/v2\/posts\/7996\/revisions"}],"predecessor-version":[{"id":8005,"href":"https:\/\/pakuten.pl\/blog\/wp-json\/wp\/v2\/posts\/7996\/revisions\/8005"}],"wp:featuredmedia":[{"embeddable":true,"href":"https:\/\/pakuten.pl\/blog\/wp-json\/wp\/v2\/media\/8001"}],"wp:attachment":[{"href":"https:\/\/pakuten.pl\/blog\/wp-json\/wp\/v2\/media?parent=7996"}],"wp:term":[{"taxonomy":"category","embeddable":true,"href":"https:\/\/pakuten.pl\/blog\/wp-json\/wp\/v2\/categories?post=7996"},{"taxonomy":"post_tag","embeddable":true,"href":"https:\/\/pakuten.pl\/blog\/wp-json\/wp\/v2\/tags?post=7996"}],"curies":[{"name":"wp","href":"https:\/\/api.w.org\/{rel}","templated":true}]}}