{"id":8141,"date":"2024-02-02T11:12:00","date_gmt":"2024-02-02T10:12:00","guid":{"rendered":"https:\/\/pakuten.pl\/blog\/?p=8141"},"modified":"2024-01-22T11:16:45","modified_gmt":"2024-01-22T10:16:45","slug":"propozycje-stylizacji-na-walentynkowy-wieczor","status":"publish","type":"post","link":"https:\/\/pakuten.pl\/blog\/propozycje-stylizacji-na-walentynkowy-wieczor\/","title":{"rendered":"Propozycje stylizacji na walentynkowy wiecz\u00f3r."},"content":{"rendered":"\n<p><strong>Walentynki zbli\u017caj\u0105 si\u0119 wielkimi krokami, co oznacza, \u017ce nadszed\u0142 czas, aby zastanowi\u0107 si\u0119 nad odpowiedni\u0105 stylizacj\u0105 na ten romantyczny wiecz\u00f3r. Dla wielu z nas jest to doskona\u0142a okazja, aby wygl\u0105da\u0107 osza\u0142amiaj\u0105co i podkre\u015bli\u0107 swoj\u0105 mi\u0142o\u015b\u0107. Niezale\u017cnie od tego, czy planujesz romantyczn\u0105 kolacj\u0119 z ukochan\u0105 osob\u0105, wiecz\u00f3r ze znajomymi czy po prostu celebracj\u0119 samego siebie, oto kilka propozycji stylizacji, kt\u00f3re z pewno\u015bci\u0105 zachwyc\u0105!<\/strong><\/p>\n<p>\u00a0<\/p>\n<h2><span style=\"color: #ff9900;\">Klasyczna elegancja<\/span><\/h2>\n<p>Je\u015bli chcesz wygl\u0105da\u0107 wyj\u0105tkowo elegancko i klasycznie, postaw na <span style=\"color: #ff9900;\"><a style=\"color: #ff9900;\" href=\"https:\/\/pakuten.pl\/27-sukienki?kolor=czarny\" target=\"_blank\" rel=\"noopener\">ma\u0142\u0105 czarn\u0105 sukienk\u0119<\/a><\/span>. Ta ikoniczna kreacja zawsze b\u0119dzie trafionym wyborem na Walentynki. Dobierz do niej czerwone szpilki i delikatn\u0105 bi\u017cuteri\u0119. Skup si\u0119 na romantycznych detalach, takich jak koronka czy satyna, aby podkre\u015bli\u0107 atmosfer\u0119 tego wyj\u0105tkowego wieczoru.<\/p>\n<div class=\"product-box-container\">\r\n<div class=\"one_third \" style=\"\">\r\n<div class=\"product-box\">\r\n<a href=\"https:\/\/pakuten.pl\/36098-78746-czarna-sukienka-z-tiulowymi-wstawkami-w-talii-kamekaa-czarny.html\" target=\"_blank\">\r\n <img src=\"https:\/\/media.pakuten.pl\/213967-large_default\/czarna-sukienka-z-tiulowymi-wstawkami-w-talii-kamekaa.jpg\" alt=\"Czarna sukienka z tiulowymi wstawkami w talii Kamekaa\"\/>\r\n<\/a>\r\n<p>\r\n<a href=\"https:\/\/pakuten.pl\/36098-78746-czarna-sukienka-z-tiulowymi-wstawkami-w-talii-kamekaa-czarny.html\" target=\"_blank\">\r\nCzarna sukienka z tiulowymi wstawkami w talii Kamekaa\r\n<\/a><\/p>\r\n  <p>Cena: 116,63\u00a0z\u0142<\/p>\r\n<a href=\"https:\/\/pakuten.pl\/36098-78746-czarna-sukienka-z-tiulowymi-wstawkami-w-talii-kamekaa-czarny.html\" target=\"_blank\" class=\"button\">\r\nZobacz w sklepie\r\n<\/a>\r\n<\/div>\r\n<\/div>\r\n<div class=\"one_third \" style=\"\">\r\n<div class=\"product-box\">\r\n<a href=\"https:\/\/pakuten.pl\/36085-78722-czarna-sukienka-z-tiulowymi-rekawami-i-dekoltem-olyene-czarny.html\" target=\"_blank\">\r\n  <img src=\"https:\/\/media.pakuten.pl\/213865-large_default\/czarna-sukienka-z-tiulowymi-rekawami-i-dekoltem-olyene.jpg\" alt=\"Czarna sukienka z tiulowymi r\u0119kawami i dekoltem Olyene\"\/>\r\n<\/a>\r\n<p>\r\n<a href=\"https:\/\/pakuten.pl\/36085-78722-czarna-sukienka-z-tiulowymi-rekawami-i-dekoltem-olyene-czarny.html\" target=\"_blank\">\r\nCzarna sukienka z tiulowymi r\u0119kawami i dekoltem Olyene\r\n<\/a><\/p>\r\n  <p>Cena: 105,99\u00a0z\u0142<\/p>\r\n<a href=\"https:\/\/pakuten.pl\/36085-78722-czarna-sukienka-z-tiulowymi-rekawami-i-dekoltem-olyene-czarny.html\" target=\"_blank\" class=\"button\">\r\nZobacz w sklepie\r\n<\/a>\r\n<\/div>\r\n<\/div>\r\n<div class=\"one_third last \" style=\"\">\r\n<div class=\"product-box\">\r\n<a href=\"https:\/\/pakuten.pl\/36115-78792-czarna-satynowa-sukienka-z-kokarda-na-plecach-erilmoo-czarny.html\" target=\"_blank\">\r\n  <img src=\"https:\/\/media.pakuten.pl\/228959-large_default\/czarna-satynowa-sukienka-z-kokarda-na-plecach-erilmoo.jpg\" alt=\"Czarna satynowa sukienka z kokard\u0105 na plecach Erilmoo\"\/>\r\n<\/a>\r\n<p>\r\n<a href=\"https:\/\/pakuten.pl\/36115-78792-czarna-satynowa-sukienka-z-kokarda-na-plecach-erilmoo-czarny.html\" target=\"_blank\">\r\nCzarna satynowa sukienka z kokard\u0105 na plecach Erilmoo\r\n<\/a><\/p>\r\n  <p>Cena: 29,99\u00a0z\u0142<\/p>\r\n<a href=\"https:\/\/pakuten.pl\/36115-78792-czarna-satynowa-sukienka-z-kokarda-na-plecach-erilmoo-czarny.html\" target=\"_blank\" class=\"button\">\r\nZobacz w sklepie\r\n<\/a>\r\n<\/div>\r\n<\/div><br class=\"clear\"\/>\r\n<\/div>\n<h2><span style=\"color: #ff9900;\">Romantyczny boho-chic<\/span><\/h2>\n<p>Je\u015bli jeste\u015b bardziej zainteresowana luzem i swobod\u0105, wybierz romantyczny look boho-chic. Wybierz sukienk\u0119 w pastelowych kolorach, z falbanami lub <span style=\"color: #ff9900;\"><a style=\"color: #ff9900;\" href=\"https:\/\/pakuten.pl\/207-sukienki-w-kwiaty\" target=\"_blank\" rel=\"noopener\">kwiecistym wzorem<\/a><\/span>. Zestaw j\u0105 z botkami na obcasach i d\u0142ugim naszyjnikiem. Delikatny makija\u017c i naturalnie falowane w\u0142osy doko\u0144cz\u0105 ca\u0142\u0105 stylizacj\u0119.<\/p>\n<h2><span style=\"color: #ff9900;\">Styl rockowy z nutk\u0105 romantyzmu<\/span><\/h2>\n<p>Je\u015bli jeste\u015b fank\u0105 bardziej surowego stylu, postaw na po\u0142\u0105czenie sk\u00f3ry i koronki. Wybierz czarn\u0105 sp\u00f3dnic\u0119 lub spodnie ze sk\u00f3ry ekologicznej i zestaw je z delikatn\u0105 koronkow\u0105 bluzk\u0105. Buty na obcasach i sk\u00f3rzana ramoneska dope\u0142ni\u0105 stylizacj\u0119 z nutk\u0105 rockowej nonszalancji.<\/p>\n<p><img loading=\"lazy\" class=\"aligncenter size-full wp-image-8150\" src=\"https:\/\/pakuten.pl\/blog\/wp-content\/uploads\/2024\/01\/Bez-nazwy-3.jpg\" alt=\"\" width=\"760\" height=\"960\" \/><\/p>\n<h2><span style=\"color: #ff9900;\">Garnitur Damski: Twoje Nowe Must-Have na Walentynki<\/span><\/h2>\n<p>Garnitur damski to zdecydowanie jedna z tych rzeczy, kt\u00f3re mog\u0105 odmieni\u0107 Tw\u00f3j look i sprawi\u0107, \u017ce poczujesz si\u0119 nie tylko stylowo, ale r\u00f3wnie\u017c pewnie i elegancko. Niezale\u017cnie od tego, czy masz plan na romantyczne Walentynki, wa\u017cne spotkanie biznesowe czy chcesz wyrazi\u0107 swoj\u0105 indywidualno\u015b\u0107 w codziennym ubiorze, garnitur damski jest wszechstronnym elementem garderoby, kt\u00f3ry warto mie\u0107.<\/p>\n<div class=\"product-box-container\">\r\n<div class=\"one_third \" style=\"\">\r\n<div class=\"product-box\">\r\n<a href=\"https:\/\/pakuten.pl\/36091-78742-trzyczesciowy-komplet-garniturowy-lashel-brudny-roz-brudny-roz.html\" target=\"_blank\">\r\n <img src=\"https:\/\/media.pakuten.pl\/214112-large_default\/trzyczesciowy-komplet-garniturowy-lashel-brudny-roz.jpg\" alt=\"Trzycz\u0119\u015bciowy komplet garniturowy Lashel - brudny r\u00f3\u017c\"\/>\r\n<\/a>\r\n<p>\r\n<a href=\"https:\/\/pakuten.pl\/36091-78742-trzyczesciowy-komplet-garniturowy-lashel-brudny-roz-brudny-roz.html\" target=\"_blank\">\r\nTrzycz\u0119\u015bciowy komplet garniturowy Lashel - brudny r\u00f3\u017c\r\n<\/a><\/p>\r\n  <p>Cena: 149,99\u00a0z\u0142<\/p>\r\n<a href=\"https:\/\/pakuten.pl\/36091-78742-trzyczesciowy-komplet-garniturowy-lashel-brudny-roz-brudny-roz.html\" target=\"_blank\" class=\"button\">\r\nZobacz w sklepie\r\n<\/a>\r\n<\/div>\r\n<\/div>\r\n<div class=\"one_third \" style=\"\">\r\n<div class=\"product-box\">\r\n<a href=\"https:\/\/pakuten.pl\/36093-78769-jasnobezowy-trzyczesciowy-komplet-garniturowy-lashel-jasnobezowy.html\" target=\"_blank\">\r\n  <img src=\"https:\/\/media.pakuten.pl\/213980-large_default\/jasnobezowy-trzyczesciowy-komplet-garniturowy-lashel.jpg\" alt=\"Jasnobe\u017cowy trzycz\u0119\u015bciowy komplet garniturowy Lashel\"\/>\r\n<\/a>\r\n<p>\r\n<a href=\"https:\/\/pakuten.pl\/36093-78769-jasnobezowy-trzyczesciowy-komplet-garniturowy-lashel-jasnobezowy.html\" target=\"_blank\">\r\nJasnobe\u017cowy trzycz\u0119\u015bciowy komplet garniturowy Lashel\r\n<\/a><\/p>\r\n  <p>Cena: 149,99\u00a0z\u0142<\/p>\r\n<a href=\"https:\/\/pakuten.pl\/36093-78769-jasnobezowy-trzyczesciowy-komplet-garniturowy-lashel-jasnobezowy.html\" target=\"_blank\" class=\"button\">\r\nZobacz w sklepie\r\n<\/a>\r\n<\/div>\r\n<\/div>\r\n<div class=\"one_third last \" style=\"\">\r\n<div class=\"product-box\">\r\n<a href=\"https:\/\/pakuten.pl\/36090-78730-trzyczesciowy-komplet-garniturowy-lashel-fuksja-fuksja.html\" target=\"_blank\">\r\n  <img src=\"https:\/\/media.pakuten.pl\/214041-large_default\/trzyczesciowy-komplet-garniturowy-lashel-fuksja.jpg\" alt=\"Trzycz\u0119\u015bciowy komplet garniturowy Lashel - fuksja\"\/>\r\n<\/a>\r\n<p>\r\n<a href=\"https:\/\/pakuten.pl\/36090-78730-trzyczesciowy-komplet-garniturowy-lashel-fuksja-fuksja.html\" target=\"_blank\">\r\nTrzycz\u0119\u015bciowy komplet garniturowy Lashel - fuksja\r\n<\/a><\/p>\r\n  <p>Cena: 149,99\u00a0z\u0142<\/p>\r\n<a href=\"https:\/\/pakuten.pl\/36090-78730-trzyczesciowy-komplet-garniturowy-lashel-fuksja-fuksja.html\" target=\"_blank\" class=\"button\">\r\nZobacz w sklepie\r\n<\/a>\r\n<\/div>\r\n<\/div><br class=\"clear\"\/>\r\n<\/div>\n<h2><span style=\"color: #ff9900;\">Romantyczna pi\u017camka<\/span><\/h2>\n<p>Je\u015bli preferujesz sp\u0119dzi\u0107 walentynkowy wiecz\u00f3r w domu w komfortowej atmosferze, mo\u017cesz zainwestowa\u0107 w\u00a0lub zestaw bielizny, kt\u00f3ry jest jednocze\u015bnie wygodny i atrakcyjny. Wybierz pi\u017camk\u0119 w delikatnym kolorze, takim jak r\u00f3\u017c czy czerwie\u0144, z koronkowymi detalami. To \u015bwietna opcja na romantyczn\u0105 noc w dw\u00f3jk\u0119.<\/p>\n<p><img loading=\"lazy\" class=\"aligncenter size-full wp-image-8155\" src=\"https:\/\/pakuten.pl\/blog\/wp-content\/uploads\/2024\/01\/pizamki.jpg\" alt=\"\" width=\"741\" height=\"960\" \/><\/p>\n<h2><span style=\"color: #ff9900;\">Stylowa bielizna<\/span><\/h2>\n<p>Elegancka bielizna mo\u017ce by\u0107 znakomit\u0105 propozycj\u0105 na walentynkowy wiecz\u00f3r. Wybierz zestaw <span style=\"color: #ff9900;\"><a style=\"color: #ff9900;\" href=\"https:\/\/pakuten.pl\/14-bielizna\" target=\"_blank\" rel=\"noopener\">bielizny<\/a><\/span>, kt\u00f3ry podkre\u015bli Twoje atuty i sprawi, \u017ce poczujesz si\u0119 pewnie i atrakcyjnie. Niech bielizna stanie si\u0119 Twoj\u0105 tajemnicz\u0105 broni\u0105 na t\u0119 romantyczn\u0105 noc.<\/p>\n<h2><span style=\"color: #ff9900;\">Dodatki i makija\u017c<\/span><\/h2>\n<p>Nie zapomnij o dodatkach i makija\u017cu, kt\u00f3re doda Twojej stylizacji charakteru. Czerwona szminka zawsze jest hitem na Walentynki, a delikatne z\u0142ote lub srebrne dodatki sprawi\u0105, \u017ce b\u0119dziesz b\u0142yszcze\u0107.<\/p>\n<p>\u00a0<\/p>\n<blockquote class=\"instagram-media\" style=\"background: #FFF; border: 0; border-radius: 3px; box-shadow: 0 0 1px 0 rgba(0,0,0,0.5),0 1px 10px 0 rgba(0,0,0,0.15); margin: 1px; max-width: 540px; min-width: 326px; padding: 0; width: calc(100% - 2px);\" data-instgrm-permalink=\"https:\/\/www.instagram.com\/reel\/C2QAgW5s9To\/?utm_source=ig_embed&amp;utm_campaign=loading\" data-instgrm-version=\"14\">\n<div style=\"padding: 16px;\">\n<div style=\"display: flex; flex-direction: row; align-items: center;\">\n<div style=\"background-color: #f4f4f4; border-radius: 50%; flex-grow: 0; height: 40px; margin-right: 14px; width: 40px;\">\u00a0<\/div>\n<div style=\"display: flex; flex-direction: column; flex-grow: 1; justify-content: center;\">\n<div style=\"background-color: #f4f4f4; border-radius: 4px; flex-grow: 0; height: 14px; margin-bottom: 6px; width: 100px;\">\u00a0<\/div>\n<div style=\"background-color: #f4f4f4; border-radius: 4px; flex-grow: 0; height: 14px; width: 60px;\">\u00a0<\/div>\n<\/div>\n<\/div>\n<div style=\"padding: 19% 0;\">\u00a0<\/div>\n<div style=\"display: block; height: 50px; margin: 0 auto 12px; width: 50px;\">\u00a0<\/div>\n<div style=\"padding-top: 8px;\">\n<div style=\"color: #3897f0; font-family: Arial,sans-serif; font-size: 14px; font-style: normal; font-weight: 550; line-height: 18px;\">Wy\u015bwietl ten post na Instagramie<\/div>\n<\/div>\n<div style=\"padding: 12.5% 0;\">\u00a0<\/div>\n<div style=\"display: flex; flex-direction: row; margin-bottom: 14px; align-items: center;\">\n<div>\n<div style=\"background-color: #f4f4f4; border-radius: 50%; height: 12.5px; width: 12.5px; transform: translateX(0px) translateY(7px);\">\u00a0<\/div>\n<div style=\"background-color: #f4f4f4; height: 12.5px; transform: rotate(-45deg) translateX(3px) translateY(1px); width: 12.5px; flex-grow: 0; margin-right: 14px; margin-left: 2px;\">\u00a0<\/div>\n<div style=\"background-color: #f4f4f4; border-radius: 50%; height: 12.5px; width: 12.5px; transform: translateX(9px) translateY(-18px);\">\u00a0<\/div>\n<\/div>\n<div style=\"margin-left: 8px;\">\n<div style=\"background-color: #f4f4f4; border-radius: 50%; flex-grow: 0; height: 20px; width: 20px;\">\u00a0<\/div>\n<div style=\"width: 0; height: 0; border-top: 2px solid transparent; border-left: 6px solid #f4f4f4; border-bottom: 2px solid transparent; transform: translateX(16px) translateY(-4px) rotate(30deg);\">\u00a0<\/div>\n<\/div>\n<div style=\"margin-left: auto;\">\n<div style=\"width: 0px; border-top: 8px solid #F4F4F4; border-right: 8px solid transparent; transform: translateY(16px);\">\u00a0<\/div>\n<div style=\"background-color: #f4f4f4; flex-grow: 0; height: 12px; width: 16px; transform: translateY(-4px);\">\u00a0<\/div>\n<div style=\"width: 0; height: 0; border-top: 8px solid #F4F4F4; border-left: 8px solid transparent; transform: translateY(-4px) translateX(8px);\">\u00a0<\/div>\n<\/div>\n<\/div>\n<div style=\"display: flex; flex-direction: column; flex-grow: 1; justify-content: center; margin-bottom: 24px;\">\n<div style=\"background-color: #f4f4f4; border-radius: 4px; flex-grow: 0; height: 14px; margin-bottom: 6px; width: 224px;\">\u00a0<\/div>\n<div style=\"background-color: #f4f4f4; border-radius: 4px; flex-grow: 0; height: 14px; width: 144px;\">\u00a0<\/div>\n<\/div>\n<p style=\"color: #c9c8cd; font-family: Arial,sans-serif; font-size: 14px; line-height: 17px; margin-bottom: 0; margin-top: 8px; overflow: hidden; padding: 8px 0 7px; text-align: center; text-overflow: ellipsis; white-space: nowrap;\"><a style=\"color: #c9c8cd; font-family: Arial,sans-serif; font-size: 14px; font-style: normal; font-weight: normal; line-height: 17px; text-decoration: none;\" href=\"https:\/\/www.instagram.com\/reel\/C2QAgW5s9To\/?utm_source=ig_embed&amp;utm_campaign=loading\" target=\"_blank\" rel=\"noopener\">Post udost\u0119pniony przez Pakuten.pl \u2022 Modna i tania odzie\u017c damska (@pakuten.official)<\/a><\/p>\n<\/div>\n<\/blockquote>\n<p><script async src=\"\/\/www.instagram.com\/embed.js\"><\/script><\/p>\n<p>Pami\u0119taj, \u017ce najwa\u017cniejsze jest to, aby czu\u0107 si\u0119 komfortowo i pewnie w swojej stylizacji. Niezale\u017cnie od tego, czy wybierasz si\u0119 na romantyczn\u0105 kolacj\u0119 czy wiecz\u00f3r ze znajomymi, najwa\u017cniejsze jest, aby\u015b czu\u0142a si\u0119 wyj\u0105tkowo. Walentynki to doskona\u0142a okazja, aby celebrowa\u0107 mi\u0142o\u015b\u0107, zar\u00f3wno t\u0119 do partnera, jak i do samej siebie. Warto wi\u0119c zadba\u0107 o wyj\u0105tkow\u0105 stylizacj\u0119, kt\u00f3ra podkre\u015bli t\u0119 wyj\u0105tkow\u0105 okazj\u0119!<\/p>\n<p>Mamy nadziej\u0119, \u017ce te propozycje stylizacji pomog\u0105 Ci znale\u017a\u0107 inspiracj\u0119 na walentynkowy wiecz\u00f3r. Cieszymy si\u0119, \u017ce mo\u017cemy by\u0107 cz\u0119\u015bci\u0105 tego magicznego dnia, i \u017cyczymy Ci wszystkiego najlepszego w mi\u0142o\u015bci!<\/p>\n\n\n<div class=\"kk-star-ratings kksr-auto kksr-align-right kksr-valign-bottom\"\n    data-payload='{&quot;align&quot;:&quot;right&quot;,&quot;id&quot;:&quot;8141&quot;,&quot;slug&quot;:&quot;default&quot;,&quot;valign&quot;:&quot;bottom&quot;,&quot;ignore&quot;:&quot;&quot;,&quot;reference&quot;:&quot;auto&quot;,&quot;class&quot;:&quot;&quot;,&quot;count&quot;:&quot;0&quot;,&quot;legendonly&quot;:&quot;&quot;,&quot;readonly&quot;:&quot;&quot;,&quot;score&quot;:&quot;0&quot;,&quot;starsonly&quot;:&quot;&quot;,&quot;best&quot;:&quot;5&quot;,&quot;gap&quot;:&quot;5&quot;,&quot;greet&quot;:&quot;Rate this post&quot;,&quot;legend&quot;:&quot;0\\\/5 - (0 votes)&quot;,&quot;size&quot;:&quot;24&quot;,&quot;width&quot;:&quot;0&quot;,&quot;_legend&quot;:&quot;{score}\\\/{best} - ({count} {votes})&quot;,&quot;font_factor&quot;:&quot;1.25&quot;}'>\n            \n<div class=\"kksr-stars\">\n    \n<div class=\"kksr-stars-inactive\">\n            <div class=\"kksr-star\" data-star=\"1\" style=\"padding-right: 5px\">\n            \n\n<div class=\"kksr-icon\" style=\"width: 24px; height: 24px;\"><\/div>\n        <\/div>\n            <div class=\"kksr-star\" data-star=\"2\" style=\"padding-right: 5px\">\n            \n\n<div class=\"kksr-icon\" style=\"width: 24px; height: 24px;\"><\/div>\n        <\/div>\n            <div class=\"kksr-star\" data-star=\"3\" style=\"padding-right: 5px\">\n            \n\n<div class=\"kksr-icon\" style=\"width: 24px; height: 24px;\"><\/div>\n        <\/div>\n            <div class=\"kksr-star\" data-star=\"4\" style=\"padding-right: 5px\">\n            \n\n<div class=\"kksr-icon\" style=\"width: 24px; height: 24px;\"><\/div>\n        <\/div>\n            <div class=\"kksr-star\" data-star=\"5\" style=\"padding-right: 5px\">\n            \n\n<div class=\"kksr-icon\" style=\"width: 24px; height: 24px;\"><\/div>\n        <\/div>\n    <\/div>\n    \n<div class=\"kksr-stars-active\" style=\"width: 0px;\">\n            <div class=\"kksr-star\" style=\"padding-right: 5px\">\n            \n\n<div class=\"kksr-icon\" style=\"width: 24px; height: 24px;\"><\/div>\n        <\/div>\n            <div class=\"kksr-star\" style=\"padding-right: 5px\">\n            \n\n<div class=\"kksr-icon\" style=\"width: 24px; height: 24px;\"><\/div>\n        <\/div>\n            <div class=\"kksr-star\" style=\"padding-right: 5px\">\n            \n\n<div class=\"kksr-icon\" style=\"width: 24px; height: 24px;\"><\/div>\n        <\/div>\n            <div class=\"kksr-star\" style=\"padding-right: 5px\">\n            \n\n<div class=\"kksr-icon\" style=\"width: 24px; height: 24px;\"><\/div>\n        <\/div>\n            <div class=\"kksr-star\" style=\"padding-right: 5px\">\n            \n\n<div class=\"kksr-icon\" style=\"width: 24px; height: 24px;\"><\/div>\n        <\/div>\n    <\/div>\n<\/div>\n                \n\n<div class=\"kksr-legend\" style=\"font-size: 19.2px;\">\n            <span class=\"kksr-muted\">Rate this post<\/span>\n    <\/div>\n    <\/div>\n","protected":false},"excerpt":{"rendered":"<p>Walentynki zbli\u017caj\u0105 si\u0119 wielkimi krokami, co oznacza, \u017ce nadszed\u0142 czas, aby zastanowi\u0107 si\u0119 nad odpowiedni\u0105 stylizacj\u0105 na ten romantyczny wiecz\u00f3r. Dla wielu z nas jest to doskona\u0142a okazja, aby wygl\u0105da\u0107 osza\u0142amiaj\u0105co i podkre\u015bli\u0107 swoj\u0105 mi\u0142o\u015b\u0107. Niezale\u017cnie od tego, czy planujesz romantyczn\u0105 kolacj\u0119 z ukochan\u0105 osob\u0105, wiecz\u00f3r ze znajomymi czy po prostu celebracj\u0119 samego siebie, oto kilka propozycji stylizacji, kt\u00f3re z pewno\u015bci\u0105 zachwyc\u0105!<\/p>\n","protected":false},"author":3,"featured_media":8145,"comment_status":"open","ping_status":"open","sticky":false,"template":"","format":"standard","meta":[],"categories":[4],"tags":[],"yoast_head":"<!-- This site is optimized with the Yoast SEO plugin v18.4.1 - https:\/\/yoast.com\/wordpress\/plugins\/seo\/ -->\n<title>Propozycje stylizacji na walentynkowy wiecz\u00f3r. - Pakuten blog<\/title>\n<meta name=\"description\" content=\"Walentynki zbli\u017caj\u0105 si\u0119 wielkimi krokami, co oznacza, \u017ce nadszed\u0142 czas, aby zastanowi\u0107 si\u0119 nad odpowiedni\u0105 stylizacj\u0105 na ten romantyczny wiecz\u00f3r. Dla wielu z nas jest to doskona\u0142a okazja, aby wygl\u0105da\u0107 osza\u0142amiaj\u0105co i podkre\u015bli\u0107 swoj\u0105 mi\u0142o\u015b\u0107. Niezale\u017cnie od tego, czy planujesz romantyczn\u0105 kolacj\u0119 z ukochan\u0105 osob\u0105, wiecz\u00f3r ze znajomymi czy po prostu celebracj\u0119 samego siebie, oto kilka propozycji stylizacji, kt\u00f3re z pewno\u015bci\u0105 zachwyc\u0105!\" \/>\n<meta name=\"robots\" content=\"index, follow, max-snippet:-1, max-image-preview:large, max-video-preview:-1\" \/>\n<link rel=\"canonical\" href=\"https:\/\/pakuten.pl\/blog\/propozycje-stylizacji-na-walentynkowy-wieczor\/\" \/>\n<meta property=\"og:locale\" content=\"pl_PL\" \/>\n<meta property=\"og:type\" content=\"article\" \/>\n<meta property=\"og:title\" content=\"Propozycje stylizacji na walentynkowy wiecz\u00f3r. - Pakuten blog\" \/>\n<meta property=\"og:description\" content=\"Walentynki zbli\u017caj\u0105 si\u0119 wielkimi krokami, co oznacza, \u017ce nadszed\u0142 czas, aby zastanowi\u0107 si\u0119 nad odpowiedni\u0105 stylizacj\u0105 na ten romantyczny wiecz\u00f3r. Dla wielu z nas jest to doskona\u0142a okazja, aby wygl\u0105da\u0107 osza\u0142amiaj\u0105co i podkre\u015bli\u0107 swoj\u0105 mi\u0142o\u015b\u0107. Niezale\u017cnie od tego, czy planujesz romantyczn\u0105 kolacj\u0119 z ukochan\u0105 osob\u0105, wiecz\u00f3r ze znajomymi czy po prostu celebracj\u0119 samego siebie, oto kilka propozycji stylizacji, kt\u00f3re z pewno\u015bci\u0105 zachwyc\u0105!\" \/>\n<meta property=\"og:url\" content=\"https:\/\/pakuten.pl\/blog\/propozycje-stylizacji-na-walentynkowy-wieczor\/\" \/>\n<meta property=\"og:site_name\" content=\"Pakuten blog\" \/>\n<meta property=\"article:published_time\" content=\"2024-02-02T10:12:00+00:00\" \/>\n<meta property=\"article:modified_time\" content=\"2024-01-22T10:16:45+00:00\" \/>\n<meta property=\"og:image\" content=\"https:\/\/pakuten.pl\/blog\/wp-content\/uploads\/2024\/01\/Propozycje-stylizacji-na-walentynkowy-wieczo\u0301r.jpg\" \/>\n\t<meta property=\"og:image:width\" content=\"1280\" \/>\n\t<meta property=\"og:image:height\" content=\"853\" \/>\n\t<meta property=\"og:image:type\" content=\"image\/jpeg\" \/>\n<meta name=\"twitter:card\" content=\"summary_large_image\" \/>\n<meta name=\"twitter:label1\" content=\"Napisane przez\" \/>\n\t<meta name=\"twitter:data1\" content=\"Pakuten Girl\" \/>\n\t<meta name=\"twitter:label2\" content=\"Szacowany czas czytania\" \/>\n\t<meta name=\"twitter:data2\" content=\"4 minuty\" \/>\n<script type=\"application\/ld+json\" class=\"yoast-schema-graph\">{\"@context\":\"https:\/\/schema.org\",\"@graph\":[{\"@type\":\"Organization\",\"@id\":\"https:\/\/pakuten.pl\/blog\/#organization\",\"name\":\"Pakuten\",\"url\":\"https:\/\/pakuten.pl\/blog\/\",\"sameAs\":[],\"logo\":{\"@type\":\"ImageObject\",\"@id\":\"https:\/\/pakuten.pl\/blog\/#logo\",\"inLanguage\":\"pl-PL\",\"url\":\"http:\/\/pakuten.pl\/blog\/wp-content\/uploads\/2018\/01\/pakuten_logo.png\",\"contentUrl\":\"http:\/\/pakuten.pl\/blog\/wp-content\/uploads\/2018\/01\/pakuten_logo.png\",\"width\":300,\"height\":120,\"caption\":\"Pakuten\"},\"image\":{\"@id\":\"https:\/\/pakuten.pl\/blog\/#logo\"}},{\"@type\":\"WebSite\",\"@id\":\"https:\/\/pakuten.pl\/blog\/#website\",\"url\":\"https:\/\/pakuten.pl\/blog\/\",\"name\":\"Pakuten blog\",\"description\":\"Blog sklepu internetowego pakuten.pl\",\"publisher\":{\"@id\":\"https:\/\/pakuten.pl\/blog\/#organization\"},\"potentialAction\":[{\"@type\":\"SearchAction\",\"target\":{\"@type\":\"EntryPoint\",\"urlTemplate\":\"https:\/\/pakuten.pl\/blog\/?s={search_term_string}\"},\"query-input\":\"required name=search_term_string\"}],\"inLanguage\":\"pl-PL\"},{\"@type\":\"ImageObject\",\"@id\":\"https:\/\/pakuten.pl\/blog\/propozycje-stylizacji-na-walentynkowy-wieczor\/#primaryimage\",\"inLanguage\":\"pl-PL\",\"url\":\"https:\/\/pakuten.pl\/blog\/wp-content\/uploads\/2024\/01\/Propozycje-stylizacji-na-walentynkowy-wieczo\u0301r.jpg\",\"contentUrl\":\"https:\/\/pakuten.pl\/blog\/wp-content\/uploads\/2024\/01\/Propozycje-stylizacji-na-walentynkowy-wieczo\u0301r.jpg\",\"width\":1280,\"height\":853},{\"@type\":\"WebPage\",\"@id\":\"https:\/\/pakuten.pl\/blog\/propozycje-stylizacji-na-walentynkowy-wieczor\/#webpage\",\"url\":\"https:\/\/pakuten.pl\/blog\/propozycje-stylizacji-na-walentynkowy-wieczor\/\",\"name\":\"Propozycje stylizacji na walentynkowy wiecz\u00f3r. - Pakuten blog\",\"isPartOf\":{\"@id\":\"https:\/\/pakuten.pl\/blog\/#website\"},\"primaryImageOfPage\":{\"@id\":\"https:\/\/pakuten.pl\/blog\/propozycje-stylizacji-na-walentynkowy-wieczor\/#primaryimage\"},\"datePublished\":\"2024-02-02T10:12:00+00:00\",\"dateModified\":\"2024-01-22T10:16:45+00:00\",\"description\":\"Walentynki zbli\u017caj\u0105 si\u0119 wielkimi krokami, co oznacza, \u017ce nadszed\u0142 czas, aby zastanowi\u0107 si\u0119 nad odpowiedni\u0105 stylizacj\u0105 na ten romantyczny wiecz\u00f3r. Dla wielu z nas jest to doskona\u0142a okazja, aby wygl\u0105da\u0107 osza\u0142amiaj\u0105co i podkre\u015bli\u0107 swoj\u0105 mi\u0142o\u015b\u0107. Niezale\u017cnie od tego, czy planujesz romantyczn\u0105 kolacj\u0119 z ukochan\u0105 osob\u0105, wiecz\u00f3r ze znajomymi czy po prostu celebracj\u0119 samego siebie, oto kilka propozycji stylizacji, kt\u00f3re z pewno\u015bci\u0105 zachwyc\u0105!\",\"breadcrumb\":{\"@id\":\"https:\/\/pakuten.pl\/blog\/propozycje-stylizacji-na-walentynkowy-wieczor\/#breadcrumb\"},\"inLanguage\":\"pl-PL\",\"potentialAction\":[{\"@type\":\"ReadAction\",\"target\":[\"https:\/\/pakuten.pl\/blog\/propozycje-stylizacji-na-walentynkowy-wieczor\/\"]}]},{\"@type\":\"BreadcrumbList\",\"@id\":\"https:\/\/pakuten.pl\/blog\/propozycje-stylizacji-na-walentynkowy-wieczor\/#breadcrumb\",\"itemListElement\":[{\"@type\":\"ListItem\",\"position\":1,\"name\":\"Strona g\u0142\u00f3wna\",\"item\":\"https:\/\/pakuten.pl\/blog\/\"},{\"@type\":\"ListItem\",\"position\":2,\"name\":\"Propozycje stylizacji na walentynkowy wiecz\u00f3r.\"}]},{\"@type\":\"Article\",\"@id\":\"https:\/\/pakuten.pl\/blog\/propozycje-stylizacji-na-walentynkowy-wieczor\/#article\",\"isPartOf\":{\"@id\":\"https:\/\/pakuten.pl\/blog\/propozycje-stylizacji-na-walentynkowy-wieczor\/#webpage\"},\"author\":{\"@id\":\"https:\/\/pakuten.pl\/blog\/#\/schema\/person\/d7133af30211381a4e4536d088384556\"},\"headline\":\"Propozycje stylizacji na walentynkowy wiecz\u00f3r.\",\"datePublished\":\"2024-02-02T10:12:00+00:00\",\"dateModified\":\"2024-01-22T10:16:45+00:00\",\"mainEntityOfPage\":{\"@id\":\"https:\/\/pakuten.pl\/blog\/propozycje-stylizacji-na-walentynkowy-wieczor\/#webpage\"},\"wordCount\":579,\"commentCount\":0,\"publisher\":{\"@id\":\"https:\/\/pakuten.pl\/blog\/#organization\"},\"image\":{\"@id\":\"https:\/\/pakuten.pl\/blog\/propozycje-stylizacji-na-walentynkowy-wieczor\/#primaryimage\"},\"thumbnailUrl\":\"https:\/\/pakuten.pl\/blog\/wp-content\/uploads\/2024\/01\/Propozycje-stylizacji-na-walentynkowy-wieczo\u0301r.jpg\",\"articleSection\":[\"Tips&amp;Tricks\"],\"inLanguage\":\"pl-PL\",\"potentialAction\":[{\"@type\":\"CommentAction\",\"name\":\"Comment\",\"target\":[\"https:\/\/pakuten.pl\/blog\/propozycje-stylizacji-na-walentynkowy-wieczor\/#respond\"]}]},{\"@type\":\"Person\",\"@id\":\"https:\/\/pakuten.pl\/blog\/#\/schema\/person\/d7133af30211381a4e4536d088384556\",\"name\":\"Pakuten Girl\",\"image\":{\"@type\":\"ImageObject\",\"@id\":\"https:\/\/pakuten.pl\/blog\/#personlogo\",\"inLanguage\":\"pl-PL\",\"url\":\"https:\/\/secure.gravatar.com\/avatar\/d3df41de2caf92e6cfded9430c2ff352?s=96&d=mm&r=g\",\"contentUrl\":\"https:\/\/secure.gravatar.com\/avatar\/d3df41de2caf92e6cfded9430c2ff352?s=96&d=mm&r=g\",\"caption\":\"Pakuten Girl\"},\"description\":\"Cze\u015b\u0107, nazywam si\u0119 Ola. Kocham Netflixa, sals\u0119, nowo\u015bci kosmetyczne i najnowsze trendy w modzie.\",\"url\":\"https:\/\/pakuten.pl\/blog\/author\/pakuten-girl\/\"}]}<\/script>\n<!-- \/ Yoast SEO plugin. -->","yoast_head_json":{"title":"Propozycje stylizacji na walentynkowy wiecz\u00f3r. - Pakuten blog","description":"Walentynki zbli\u017caj\u0105 si\u0119 wielkimi krokami, co oznacza, \u017ce nadszed\u0142 czas, aby zastanowi\u0107 si\u0119 nad odpowiedni\u0105 stylizacj\u0105 na ten romantyczny wiecz\u00f3r. Dla wielu z nas jest to doskona\u0142a okazja, aby wygl\u0105da\u0107 osza\u0142amiaj\u0105co i podkre\u015bli\u0107 swoj\u0105 mi\u0142o\u015b\u0107. Niezale\u017cnie od tego, czy planujesz romantyczn\u0105 kolacj\u0119 z ukochan\u0105 osob\u0105, wiecz\u00f3r ze znajomymi czy po prostu celebracj\u0119 samego siebie, oto kilka propozycji stylizacji, kt\u00f3re z pewno\u015bci\u0105 zachwyc\u0105!","robots":{"index":"index","follow":"follow","max-snippet":"max-snippet:-1","max-image-preview":"max-image-preview:large","max-video-preview":"max-video-preview:-1"},"canonical":"https:\/\/pakuten.pl\/blog\/propozycje-stylizacji-na-walentynkowy-wieczor\/","og_locale":"pl_PL","og_type":"article","og_title":"Propozycje stylizacji na walentynkowy wiecz\u00f3r. - Pakuten blog","og_description":"Walentynki zbli\u017caj\u0105 si\u0119 wielkimi krokami, co oznacza, \u017ce nadszed\u0142 czas, aby zastanowi\u0107 si\u0119 nad odpowiedni\u0105 stylizacj\u0105 na ten romantyczny wiecz\u00f3r. Dla wielu z nas jest to doskona\u0142a okazja, aby wygl\u0105da\u0107 osza\u0142amiaj\u0105co i podkre\u015bli\u0107 swoj\u0105 mi\u0142o\u015b\u0107. Niezale\u017cnie od tego, czy planujesz romantyczn\u0105 kolacj\u0119 z ukochan\u0105 osob\u0105, wiecz\u00f3r ze znajomymi czy po prostu celebracj\u0119 samego siebie, oto kilka propozycji stylizacji, kt\u00f3re z pewno\u015bci\u0105 zachwyc\u0105!","og_url":"https:\/\/pakuten.pl\/blog\/propozycje-stylizacji-na-walentynkowy-wieczor\/","og_site_name":"Pakuten blog","article_published_time":"2024-02-02T10:12:00+00:00","article_modified_time":"2024-01-22T10:16:45+00:00","og_image":[{"width":1280,"height":853,"url":"https:\/\/pakuten.pl\/blog\/wp-content\/uploads\/2024\/01\/Propozycje-stylizacji-na-walentynkowy-wieczo\u0301r.jpg","type":"image\/jpeg"}],"twitter_card":"summary_large_image","twitter_misc":{"Napisane przez":"Pakuten Girl","Szacowany czas czytania":"4 minuty"},"schema":{"@context":"https:\/\/schema.org","@graph":[{"@type":"Organization","@id":"https:\/\/pakuten.pl\/blog\/#organization","name":"Pakuten","url":"https:\/\/pakuten.pl\/blog\/","sameAs":[],"logo":{"@type":"ImageObject","@id":"https:\/\/pakuten.pl\/blog\/#logo","inLanguage":"pl-PL","url":"http:\/\/pakuten.pl\/blog\/wp-content\/uploads\/2018\/01\/pakuten_logo.png","contentUrl":"http:\/\/pakuten.pl\/blog\/wp-content\/uploads\/2018\/01\/pakuten_logo.png","width":300,"height":120,"caption":"Pakuten"},"image":{"@id":"https:\/\/pakuten.pl\/blog\/#logo"}},{"@type":"WebSite","@id":"https:\/\/pakuten.pl\/blog\/#website","url":"https:\/\/pakuten.pl\/blog\/","name":"Pakuten blog","description":"Blog sklepu internetowego pakuten.pl","publisher":{"@id":"https:\/\/pakuten.pl\/blog\/#organization"},"potentialAction":[{"@type":"SearchAction","target":{"@type":"EntryPoint","urlTemplate":"https:\/\/pakuten.pl\/blog\/?s={search_term_string}"},"query-input":"required name=search_term_string"}],"inLanguage":"pl-PL"},{"@type":"ImageObject","@id":"https:\/\/pakuten.pl\/blog\/propozycje-stylizacji-na-walentynkowy-wieczor\/#primaryimage","inLanguage":"pl-PL","url":"https:\/\/pakuten.pl\/blog\/wp-content\/uploads\/2024\/01\/Propozycje-stylizacji-na-walentynkowy-wieczo\u0301r.jpg","contentUrl":"https:\/\/pakuten.pl\/blog\/wp-content\/uploads\/2024\/01\/Propozycje-stylizacji-na-walentynkowy-wieczo\u0301r.jpg","width":1280,"height":853},{"@type":"WebPage","@id":"https:\/\/pakuten.pl\/blog\/propozycje-stylizacji-na-walentynkowy-wieczor\/#webpage","url":"https:\/\/pakuten.pl\/blog\/propozycje-stylizacji-na-walentynkowy-wieczor\/","name":"Propozycje stylizacji na walentynkowy wiecz\u00f3r. - Pakuten blog","isPartOf":{"@id":"https:\/\/pakuten.pl\/blog\/#website"},"primaryImageOfPage":{"@id":"https:\/\/pakuten.pl\/blog\/propozycje-stylizacji-na-walentynkowy-wieczor\/#primaryimage"},"datePublished":"2024-02-02T10:12:00+00:00","dateModified":"2024-01-22T10:16:45+00:00","description":"Walentynki zbli\u017caj\u0105 si\u0119 wielkimi krokami, co oznacza, \u017ce nadszed\u0142 czas, aby zastanowi\u0107 si\u0119 nad odpowiedni\u0105 stylizacj\u0105 na ten romantyczny wiecz\u00f3r. Dla wielu z nas jest to doskona\u0142a okazja, aby wygl\u0105da\u0107 osza\u0142amiaj\u0105co i podkre\u015bli\u0107 swoj\u0105 mi\u0142o\u015b\u0107. Niezale\u017cnie od tego, czy planujesz romantyczn\u0105 kolacj\u0119 z ukochan\u0105 osob\u0105, wiecz\u00f3r ze znajomymi czy po prostu celebracj\u0119 samego siebie, oto kilka propozycji stylizacji, kt\u00f3re z pewno\u015bci\u0105 zachwyc\u0105!","breadcrumb":{"@id":"https:\/\/pakuten.pl\/blog\/propozycje-stylizacji-na-walentynkowy-wieczor\/#breadcrumb"},"inLanguage":"pl-PL","potentialAction":[{"@type":"ReadAction","target":["https:\/\/pakuten.pl\/blog\/propozycje-stylizacji-na-walentynkowy-wieczor\/"]}]},{"@type":"BreadcrumbList","@id":"https:\/\/pakuten.pl\/blog\/propozycje-stylizacji-na-walentynkowy-wieczor\/#breadcrumb","itemListElement":[{"@type":"ListItem","position":1,"name":"Strona g\u0142\u00f3wna","item":"https:\/\/pakuten.pl\/blog\/"},{"@type":"ListItem","position":2,"name":"Propozycje stylizacji na walentynkowy wiecz\u00f3r."}]},{"@type":"Article","@id":"https:\/\/pakuten.pl\/blog\/propozycje-stylizacji-na-walentynkowy-wieczor\/#article","isPartOf":{"@id":"https:\/\/pakuten.pl\/blog\/propozycje-stylizacji-na-walentynkowy-wieczor\/#webpage"},"author":{"@id":"https:\/\/pakuten.pl\/blog\/#\/schema\/person\/d7133af30211381a4e4536d088384556"},"headline":"Propozycje stylizacji na walentynkowy wiecz\u00f3r.","datePublished":"2024-02-02T10:12:00+00:00","dateModified":"2024-01-22T10:16:45+00:00","mainEntityOfPage":{"@id":"https:\/\/pakuten.pl\/blog\/propozycje-stylizacji-na-walentynkowy-wieczor\/#webpage"},"wordCount":579,"commentCount":0,"publisher":{"@id":"https:\/\/pakuten.pl\/blog\/#organization"},"image":{"@id":"https:\/\/pakuten.pl\/blog\/propozycje-stylizacji-na-walentynkowy-wieczor\/#primaryimage"},"thumbnailUrl":"https:\/\/pakuten.pl\/blog\/wp-content\/uploads\/2024\/01\/Propozycje-stylizacji-na-walentynkowy-wieczo\u0301r.jpg","articleSection":["Tips&amp;Tricks"],"inLanguage":"pl-PL","potentialAction":[{"@type":"CommentAction","name":"Comment","target":["https:\/\/pakuten.pl\/blog\/propozycje-stylizacji-na-walentynkowy-wieczor\/#respond"]}]},{"@type":"Person","@id":"https:\/\/pakuten.pl\/blog\/#\/schema\/person\/d7133af30211381a4e4536d088384556","name":"Pakuten Girl","image":{"@type":"ImageObject","@id":"https:\/\/pakuten.pl\/blog\/#personlogo","inLanguage":"pl-PL","url":"https:\/\/secure.gravatar.com\/avatar\/d3df41de2caf92e6cfded9430c2ff352?s=96&d=mm&r=g","contentUrl":"https:\/\/secure.gravatar.com\/avatar\/d3df41de2caf92e6cfded9430c2ff352?s=96&d=mm&r=g","caption":"Pakuten Girl"},"description":"Cze\u015b\u0107, nazywam si\u0119 Ola. Kocham Netflixa, sals\u0119, nowo\u015bci kosmetyczne i najnowsze trendy w modzie.","url":"https:\/\/pakuten.pl\/blog\/author\/pakuten-girl\/"}]}},"_links":{"self":[{"href":"https:\/\/pakuten.pl\/blog\/wp-json\/wp\/v2\/posts\/8141"}],"collection":[{"href":"https:\/\/pakuten.pl\/blog\/wp-json\/wp\/v2\/posts"}],"about":[{"href":"https:\/\/pakuten.pl\/blog\/wp-json\/wp\/v2\/types\/post"}],"author":[{"embeddable":true,"href":"https:\/\/pakuten.pl\/blog\/wp-json\/wp\/v2\/users\/3"}],"replies":[{"embeddable":true,"href":"https:\/\/pakuten.pl\/blog\/wp-json\/wp\/v2\/comments?post=8141"}],"version-history":[{"count":14,"href":"https:\/\/pakuten.pl\/blog\/wp-json\/wp\/v2\/posts\/8141\/revisions"}],"predecessor-version":[{"id":8159,"href":"https:\/\/pakuten.pl\/blog\/wp-json\/wp\/v2\/posts\/8141\/revisions\/8159"}],"wp:featuredmedia":[{"embeddable":true,"href":"https:\/\/pakuten.pl\/blog\/wp-json\/wp\/v2\/media\/8145"}],"wp:attachment":[{"href":"https:\/\/pakuten.pl\/blog\/wp-json\/wp\/v2\/media?parent=8141"}],"wp:term":[{"taxonomy":"category","embeddable":true,"href":"https:\/\/pakuten.pl\/blog\/wp-json\/wp\/v2\/categories?post=8141"},{"taxonomy":"post_tag","embeddable":true,"href":"https:\/\/pakuten.pl\/blog\/wp-json\/wp\/v2\/tags?post=8141"}],"curies":[{"name":"wp","href":"https:\/\/api.w.org\/{rel}","templated":true}]}}