{"id":8204,"date":"2024-02-16T13:42:00","date_gmt":"2024-02-16T12:42:00","guid":{"rendered":"https:\/\/pakuten.pl\/blog\/?p=8204"},"modified":"2024-02-01T13:54:05","modified_gmt":"2024-02-01T12:54:05","slug":"najmodniejsze-odcienie-tej-wiosny-kolory-ktore-krolowac-beda-w-sezonie-wiosenno-letnim-2024","status":"publish","type":"post","link":"https:\/\/pakuten.pl\/blog\/najmodniejsze-odcienie-tej-wiosny-kolory-ktore-krolowac-beda-w-sezonie-wiosenno-letnim-2024\/","title":{"rendered":"Najmodniejsze Odcienie tej Wiosny: Kolory, kt\u00f3re kr\u00f3lowa\u0107 b\u0119d\u0105 w Sezonie wiosenno-letnim 2024."},"content":{"rendered":"\n<p class=\"p1\"><strong>Wiosna 2024 zbli\u017ca si\u0119 wielkimi krokami, a wraz z ni\u0105 nowe trendy w modzie. Ten sezon wiosenno-letni obiecuje by\u0107 ekscytuj\u0105cy pod wzgl\u0119dem kolorystycznym. W tym roku projektanci stawiaj\u0105 na wyraziste, ale jednocze\u015bnie harmonijne po\u0142\u0105czenia. Sprawd\u017amy, jakie kolory b\u0119d\u0105 dominowa\u0107 w modzie i jak mo\u017cemy je stylizowa\u0107, aby wygl\u0105da\u0107 modnie i \u015bwie\u017co.<\/strong><\/p>\n<h2 class=\"p1\"><span style=\"color: #ff9900;\"><b>\u017bywy Koral \u2013 Energetyczny i Pe\u0142en \u017bycia<\/b><\/span><\/h2>\n<p class=\"p1\">Koralowa czerwie\u0144 to jeden z najbardziej po\u017c\u0105danych odcieni tej wiosny. Jest to ciep\u0142y, \u017cywy kolor, kt\u00f3ry doskonale odzwierciedla energi\u0119 i optymizm. Idealnie komponuje si\u0119 zar\u00f3wno z biel\u0105, jak i z ciemniejszymi odcieniami, tworz\u0105c stylowe i odwa\u017cne zestawienia.<\/p>\n<p><img loading=\"lazy\" class=\"aligncenter size-full wp-image-8209\" src=\"https:\/\/pakuten.pl\/blog\/wp-content\/uploads\/2024\/02\/af442a17af41cc55b2407f438bc3b3b6.jpeg\" alt=\"\" width=\"736\" height=\"1308\" \/><\/p>\n<h2 class=\"p1\"><span style=\"color: #ff9900;\"><b>Pastelowy B\u0142\u0119kit \u2013 Spok\u00f3j i Delikatno\u015b\u0107<\/b><\/span><\/h2>\n<p class=\"p1\">Pastelowy b\u0142\u0119kit to kwintesencja wiosennej \u015bwie\u017co\u015bci i delikatno\u015bci. Ten subtelny odcie\u0144 przynosi ze sob\u0105 uczucie spokoju i lekko\u015bci, b\u0119d\u0105c idealnym wyborem na ciep\u0142e, s\u0142oneczne dni. W sezonie wiosenno-letnim 2024 pastelowy b\u0142\u0119kit pojawia si\u0119 w r\u00f3\u017cnorodnych ods\u0142onach \u2013 od eleganckich sukienek, przez casualowe koszule, a\u017c po stylowe akcesoria.<\/p>\n<div class=\"product-box-container\">\r\n<div class=\"one_third \" style=\"\">\r\n<div class=\"product-box\">\r\n<a href=\"https:\/\/pakuten.pl\/34792-76462-blekitny-komplet-dresowy-ze-stojka-leitta-blekitny.html\" target=\"_blank\">\r\n <img src=\"https:\/\/media.pakuten.pl\/207443-large_default\/blekitny-komplet-dresowy-ze-stojka-leitta.jpg\" alt=\"B\u0142\u0119kitny komplet dresowy ze st\u00f3jk\u0105 Leitta\"\/>\r\n<\/a>\r\n<p>\r\n<a href=\"https:\/\/pakuten.pl\/34792-76462-blekitny-komplet-dresowy-ze-stojka-leitta-blekitny.html\" target=\"_blank\">\r\nB\u0142\u0119kitny komplet dresowy ze st\u00f3jk\u0105 Leitta\r\n<\/a><\/p>\r\n  <p>Cena: 99,99\u00a0z\u0142<\/p>\r\n<a href=\"https:\/\/pakuten.pl\/34792-76462-blekitny-komplet-dresowy-ze-stojka-leitta-blekitny.html\" target=\"_blank\" class=\"button\">\r\nZobacz w sklepie\r\n<\/a>\r\n<\/div>\r\n<\/div>\r\n<div class=\"one_third \" style=\"\">\r\n<div class=\"product-box\">\r\n<a href=\"https:\/\/pakuten.pl\/31902-71600-blekitny-komplet-jak-sukienka-z-przewiazaniem-wettella-blekitny.html\" target=\"_blank\">\r\n  <img src=\"https:\/\/media.pakuten.pl\/193732-large_default\/blekitny-komplet-jak-sukienka-z-przewiazaniem-wettella.jpg\" alt=\"B\u0142\u0119kitny komplet jak sukienka z przewi\u0105zaniem Wettella\"\/>\r\n<\/a>\r\n<p>\r\n<a href=\"https:\/\/pakuten.pl\/31902-71600-blekitny-komplet-jak-sukienka-z-przewiazaniem-wettella-blekitny.html\" target=\"_blank\">\r\nB\u0142\u0119kitny komplet jak sukienka z przewi\u0105zaniem Wettella\r\n<\/a><\/p>\r\n  <p>Cena: 139,99\u00a0z\u0142<\/p>\r\n<a href=\"https:\/\/pakuten.pl\/31902-71600-blekitny-komplet-jak-sukienka-z-przewiazaniem-wettella-blekitny.html\" target=\"_blank\" class=\"button\">\r\nZobacz w sklepie\r\n<\/a>\r\n<\/div>\r\n<\/div>\r\n<div class=\"one_third last \" style=\"\">\r\n<div class=\"product-box\">\r\n<a href=\"https:\/\/pakuten.pl\/32456-72475-blekitna-sukienka-z-krotkim-rekawem-i-wiazaniem-na-plecach-tyfani-blekitny.html\" target=\"_blank\">\r\n  <img src=\"https:\/\/media.pakuten.pl\/196463-large_default\/blekitna-sukienka-z-krotkim-rekawem-i-wiazaniem-na-plecach-tyfani.jpg\" alt=\"B\u0142\u0119kitna sukienka z kr\u00f3tkim r\u0119kawem i wi\u0105zaniem na plecach Tyfani\"\/>\r\n<\/a>\r\n<p>\r\n<a href=\"https:\/\/pakuten.pl\/32456-72475-blekitna-sukienka-z-krotkim-rekawem-i-wiazaniem-na-plecach-tyfani-blekitny.html\" target=\"_blank\">\r\nB\u0142\u0119kitna sukienka z kr\u00f3tkim r\u0119kawem i wi\u0105zaniem na plecach Tyfani\r\n<\/a><\/p>\r\n  <p>Cena: 54,99\u00a0z\u0142<\/p>\r\n<a href=\"https:\/\/pakuten.pl\/32456-72475-blekitna-sukienka-z-krotkim-rekawem-i-wiazaniem-na-plecach-tyfani-blekitny.html\" target=\"_blank\" class=\"button\">\r\nZobacz w sklepie\r\n<\/a>\r\n<\/div>\r\n<\/div><br class=\"clear\"\/>\r\n<\/div>\n<p class=\"p1\">Ten kolor doskonale pasuje do lekkich, przewiewnych tkanin, takich jak bawe\u0142na, len czy jedwab. Wspaniale prezentuje si\u0119 w lu\u017anych, zwiewnych sukienkach, kt\u00f3re s\u0105 idealne na spacer po pla\u017cy lub wakacyjny obiad. W po\u0142\u0105czeniu z biel\u0105 tworzy wyrafinowan\u0105, ale jednocze\u015bnie swobodn\u0105 estetyk\u0119, idealn\u0105 na letnie dni.<\/p>\n<p class=\"p1\">Pastelowy b\u0142\u0119kit jest r\u00f3wnie\u017c doskona\u0142ym wyborem na formalne okazje. Wybierz elegancki garnitur w tym odcieniu, aby wyr\u00f3\u017cni\u0107 si\u0119 na tle tradycyjnych, ciemnych kolor\u00f3w. Dla kobiet, delikatna bluzka w pastelowym b\u0142\u0119kicie po\u0142\u0105czona z o\u0142\u00f3wkow\u0105 sp\u00f3dnic\u0105 lub eleganckimi spodniami to zestawienie idealne na biznesowe spotkania.<\/p>\n<h2 class=\"p1\"><span style=\"color: #ff9900;\"><b>Klasyczna Biel \u2013 Elegancja w Najczystszej Formie<\/b><\/span><\/h2>\n<p class=\"p1\">Biel w modzie to symbol czysto\u015bci, prostoty i niewymuszonej elegancji. W sezonie wiosenno-letnim 2024 biel powraca w wielkim stylu, prezentuj\u0105c si\u0119 jako dominuj\u0105cy kolor w r\u00f3\u017cnorodnych stylizacjach. Od lekkich, przewiewnych sukienek, przez eleganckie garnitury, po casualowe t-shirty i spodnie \u2013 biel demonstruje swoj\u0105 wszechstronno\u015b\u0107.<\/p>\n<div class=\"product-box-container\">\r\n<div class=\"one_third \" style=\"\">\r\n<div class=\"product-box\">\r\n<a href=\"https:\/\/pakuten.pl\/36257-78983-biala-szyfonowa-bluzka-typu-hiszpanka-sellenies-bialy.html\" target=\"_blank\">\r\n <img src=\"https:\/\/media.pakuten.pl\/214620-large_default\/biala-szyfonowa-bluzka-typu-hiszpanka-sellenies.jpg\" alt=\"Bia\u0142a szyfonowa bluzka typu hiszpanka Sellenies\"\/>\r\n<\/a>\r\n<p>\r\n<a href=\"https:\/\/pakuten.pl\/36257-78983-biala-szyfonowa-bluzka-typu-hiszpanka-sellenies-bialy.html\" target=\"_blank\">\r\nBia\u0142a szyfonowa bluzka typu hiszpanka Sellenies\r\n<\/a><\/p>\r\n  <p>Cena: 39,99\u00a0z\u0142<\/p>\r\n<a href=\"https:\/\/pakuten.pl\/36257-78983-biala-szyfonowa-bluzka-typu-hiszpanka-sellenies-bialy.html\" target=\"_blank\" class=\"button\">\r\nZobacz w sklepie\r\n<\/a>\r\n<\/div>\r\n<\/div>\r\n<div class=\"one_third \" style=\"\">\r\n<div class=\"product-box\">\r\n<a href=\"https:\/\/pakuten.pl\/36243-78953-biala-koszulka-z-dekoltem-w-serek-miniaa-bialy.html\" target=\"_blank\">\r\n  <img src=\"https:\/\/media.pakuten.pl\/214534-large_default\/biala-koszulka-z-dekoltem-w-serek-miniaa.jpg\" alt=\"Bia\u0142a koszulka z dekoltem w serek Miniaa\"\/>\r\n<\/a>\r\n<p>\r\n<a href=\"https:\/\/pakuten.pl\/36243-78953-biala-koszulka-z-dekoltem-w-serek-miniaa-bialy.html\" target=\"_blank\">\r\nBia\u0142a koszulka z dekoltem w serek Miniaa\r\n<\/a><\/p>\r\n  <p>Cena: 19,99\u00a0z\u0142<\/p>\r\n<a href=\"https:\/\/pakuten.pl\/36243-78953-biala-koszulka-z-dekoltem-w-serek-miniaa-bialy.html\" target=\"_blank\" class=\"button\">\r\nZobacz w sklepie\r\n<\/a>\r\n<\/div>\r\n<\/div>\r\n<div class=\"one_third last \" style=\"\">\r\n<div class=\"product-box\">\r\n<a href=\"https:\/\/pakuten.pl\/36112-78789-biala-bluzka-z-szyfonowymi-rekawami-julotte-bialy.html\" target=\"_blank\">\r\n  <img src=\"https:\/\/media.pakuten.pl\/214130-large_default\/biala-bluzka-z-szyfonowymi-rekawami-julotte.jpg\" alt=\"Bia\u0142a bluzka z szyfonowymi r\u0119kawami Julotte\"\/>\r\n<\/a>\r\n<p>\r\n<a href=\"https:\/\/pakuten.pl\/36112-78789-biala-bluzka-z-szyfonowymi-rekawami-julotte-bialy.html\" target=\"_blank\">\r\nBia\u0142a bluzka z szyfonowymi r\u0119kawami Julotte\r\n<\/a><\/p>\r\n  <p>Cena: 34,99\u00a0z\u0142<\/p>\r\n<a href=\"https:\/\/pakuten.pl\/36112-78789-biala-bluzka-z-szyfonowymi-rekawami-julotte-bialy.html\" target=\"_blank\" class=\"button\">\r\nZobacz w sklepie\r\n<\/a>\r\n<\/div>\r\n<\/div><br class=\"clear\"\/>\r\n<\/div>\n<p class=\"p1\">W tym sezonie total look w bieli to must-have. Wyobra\u017a sobie lekk\u0105, bia\u0142\u0105 <span style=\"color: #ff9900;\"><a style=\"color: #ff9900;\" href=\"https:\/\/pakuten.pl\/27-sukienki?kolor=bialy\" target=\"_blank\" rel=\"noopener\">sukienk\u0119<\/a><\/span>, idealn\u0105 na letni spacer czy romantyczn\u0105 kolacj\u0119. Garnitury w kolorze czystej bieli to r\u00f3wnie\u017c hit \u2013 \u0142\u0105cz\u0105 w sobie formalno\u015b\u0107 i nowoczesny wygl\u0105d, idealne na biznesowe spotkania lub wydarzenia wieczorowe.<\/p>\n<p class=\"p1\">Aby doda\u0107 stylizacji g\u0142\u0119bi, warto poeksperymentowa\u0107 z fakturami i materia\u0142ami. Mieszanie bia\u0142ej koronki, <span style=\"color: #ff9900;\"><a style=\"color: #ff9900;\" href=\"https:\/\/pakuten.pl\/195-sukienki-satynowe\" target=\"_blank\" rel=\"noopener\">satyny<\/a><\/span> i bawe\u0142ny mo\u017ce stworzy\u0107 interesuj\u0105cy, wielowymiarowy efekt. Dodatki w kolorze z\u0142ota lub srebra doskonale podkre\u015bl\u0105 elegancj\u0119 bieli, a delikatne pastele dodadz\u0105 stylizacji subtelno\u015bci.<\/p>\n<p class=\"p1\">Biel \u015bwietnie wsp\u00f3\u0142gra tak\u017ce z mocniejszymi akcentami kolorystycznymi. Ma\u0142a czarna torebka, czerwone szpilki czy niebieski pasek mog\u0105 nada\u0107 charakteru i indywidualno\u015bci Twojemu outfitowi.<\/p>\n<h2 class=\"p1\"><span style=\"color: #ff9900;\"><b>Miodowy Be\u017c \u2013 Ciep\u0142o i Naturalno\u015b\u0107<\/b><\/span><\/h2>\n<p class=\"p1\">Miodowy be\u017c to idealny kolor dla tych, kt\u00f3rzy ceni\u0105 naturalne barwy. Jest to odcie\u0144 ciep\u0142y, przyjemny dla oka i \u0142atwy w stylizacji. Doskonale sprawdzi si\u0119 w zestawieniach z biel\u0105, br\u0105zem, a tak\u017ce z \u017cywszymi kolorami.<\/p>\n<p><img loading=\"lazy\" class=\"aligncenter size-full wp-image-8216\" src=\"https:\/\/pakuten.pl\/blog\/wp-content\/uploads\/2024\/02\/Bez-nazwy-1.jpg\" alt=\"\" width=\"742\" height=\"1000\" \/><\/p>\n<h2 class=\"p1\"><span style=\"color: #ff9900;\"><b>Intensywny Fiolet \u2013 Tajemniczo\u015b\u0107 i Elegancja<\/b><\/span><\/h2>\n<p class=\"p1\">Fiolet w intensywnym wydaniu to propozycja dla mi\u0142o\u015bnik\u00f3w elegancji. Ten g\u0142\u0119boki i tajemniczy kolor \u015bwietnie wygl\u0105da w po\u0142\u0105czeniu z ja\u015bniejszymi barwami, tworz\u0105c wyrafinowane i zmys\u0142owe stylizacje.<\/p>\n<p><img loading=\"lazy\" class=\"aligncenter size-full wp-image-8212\" src=\"https:\/\/pakuten.pl\/blog\/wp-content\/uploads\/2024\/02\/Luxury-fashion-independent-designers-_-SSENSE.jpeg\" alt=\"\" width=\"600\" height=\"600\" \/><\/p>\n<h2 class=\"p1\"><span style=\"color: #ff9900;\"><b>Soczysta Pomara\u0144cza \u2013 Energia i Rado\u015b\u0107<\/b><\/span><\/h2>\n<p class=\"p1\">Pomara\u0144cza to kolejny energetyczny kolor tej wiosny. Jest to odcie\u0144 pe\u0142en \u017cycia, idealny na ciep\u0142e dni. Doskonale \u0142\u0105czy si\u0119 z biel\u0105, czerni\u0105, ale tak\u017ce z kontrastuj\u0105cymi kolorami takimi jak b\u0142\u0119kit czy ziele\u0144.<\/p>\n<p><img loading=\"lazy\" class=\"aligncenter size-full wp-image-8213\" src=\"https:\/\/pakuten.pl\/blog\/wp-content\/uploads\/2024\/02\/pomarancz.jpg\" alt=\"\" width=\"1280\" height=\"853\" \/><\/p>\n<h2 class=\"p1\"><span style=\"color: #ff9900;\"><b>Jak Stylizowa\u0107 Modne Kolory?<\/b><\/span><\/h2>\n<p class=\"p1\">Kluczem do stylizacji tych modnych kolor\u00f3w jest r\u00f3wnowaga. Je\u015bli wybierasz wyrazisty kolor, tak jak neonowa ziele\u0144 czy soczysta pomara\u0144cza, po\u0142\u0105cz go z neutralnymi barwami, aby nie przyt\u0142oczy\u0107 ca\u0142o\u015bci. Dla mi\u0142o\u015bnik\u00f3w subtelniejszych stylizacji, pastelowy b\u0142\u0119kit czy miodowy be\u017c b\u0119d\u0105 idealnymi bazami do tworzenia delikatnych, wiosennych zestawie\u0144.<\/p>\n<p class=\"p1\">W modzie wiosenno-letniej 2024 kr\u00f3luj\u0105 zar\u00f3wno intensywne, jak i subtelne odcienie. Wa\u017cne jest, aby znale\u017a\u0107 kolor, kt\u00f3ry najlepiej oddaje Tw\u00f3j indywidualny styl i samopoczucie. Eksperymentuj, \u0142\u0105cz r\u00f3\u017cne barwy i tw\u00f3rz stylizacje, kt\u00f3re sprawi\u0105, \u017ce b\u0119dziesz si\u0119 czu\u0107 wyj\u0105tkowo i modnie ka\u017cdego dnia.<\/p>\n<blockquote class=\"instagram-media\" style=\"background: #FFF; border: 0; border-radius: 3px; box-shadow: 0 0 1px 0 rgba(0,0,0,0.5),0 1px 10px 0 rgba(0,0,0,0.15); margin: 1px; max-width: 540px; min-width: 326px; padding: 0; width: calc(100% - 2px);\" data-instgrm-permalink=\"https:\/\/www.instagram.com\/p\/C1UPVilMP_m\/?utm_source=ig_embed&amp;utm_campaign=loading\" data-instgrm-version=\"14\">\n<div style=\"padding: 16px;\">\n<div style=\"display: flex; flex-direction: row; align-items: center;\">\n<div style=\"background-color: #f4f4f4; border-radius: 50%; flex-grow: 0; height: 40px; margin-right: 14px; width: 40px;\">\u00a0<\/div>\n<div style=\"display: flex; flex-direction: column; flex-grow: 1; justify-content: center;\">\n<div style=\"background-color: #f4f4f4; border-radius: 4px; flex-grow: 0; height: 14px; margin-bottom: 6px; width: 100px;\">\u00a0<\/div>\n<div style=\"background-color: #f4f4f4; border-radius: 4px; flex-grow: 0; height: 14px; width: 60px;\">\u00a0<\/div>\n<\/div>\n<\/div>\n<div style=\"padding: 19% 0;\">\u00a0<\/div>\n<div style=\"display: block; height: 50px; margin: 0 auto 12px; width: 50px;\">\u00a0<\/div>\n<div style=\"padding-top: 8px;\">\n<div style=\"color: #3897f0; font-family: Arial,sans-serif; font-size: 14px; font-style: normal; font-weight: 550; line-height: 18px;\">Wy\u015bwietl ten post na Instagramie<\/div>\n<\/div>\n<div style=\"padding: 12.5% 0;\">\u00a0<\/div>\n<div style=\"display: flex; flex-direction: row; margin-bottom: 14px; align-items: center;\">\n<div>\n<div style=\"background-color: #f4f4f4; border-radius: 50%; height: 12.5px; width: 12.5px; transform: translateX(0px) translateY(7px);\">\u00a0<\/div>\n<div style=\"background-color: #f4f4f4; height: 12.5px; transform: rotate(-45deg) translateX(3px) translateY(1px); width: 12.5px; flex-grow: 0; margin-right: 14px; margin-left: 2px;\">\u00a0<\/div>\n<div style=\"background-color: #f4f4f4; border-radius: 50%; height: 12.5px; width: 12.5px; transform: translateX(9px) translateY(-18px);\">\u00a0<\/div>\n<\/div>\n<div style=\"margin-left: 8px;\">\n<div style=\"background-color: #f4f4f4; border-radius: 50%; flex-grow: 0; height: 20px; width: 20px;\">\u00a0<\/div>\n<div style=\"width: 0; height: 0; border-top: 2px solid transparent; border-left: 6px solid #f4f4f4; border-bottom: 2px solid transparent; transform: translateX(16px) translateY(-4px) rotate(30deg);\">\u00a0<\/div>\n<\/div>\n<div style=\"margin-left: auto;\">\n<div style=\"width: 0px; border-top: 8px solid #F4F4F4; border-right: 8px solid transparent; transform: translateY(16px);\">\u00a0<\/div>\n<div style=\"background-color: #f4f4f4; flex-grow: 0; height: 12px; width: 16px; transform: translateY(-4px);\">\u00a0<\/div>\n<div style=\"width: 0; height: 0; border-top: 8px solid #F4F4F4; border-left: 8px solid transparent; transform: translateY(-4px) translateX(8px);\">\u00a0<\/div>\n<\/div>\n<\/div>\n<div style=\"display: flex; flex-direction: column; flex-grow: 1; justify-content: center; margin-bottom: 24px;\">\n<div style=\"background-color: #f4f4f4; border-radius: 4px; flex-grow: 0; height: 14px; margin-bottom: 6px; width: 224px;\">\u00a0<\/div>\n<div style=\"background-color: #f4f4f4; border-radius: 4px; flex-grow: 0; height: 14px; width: 144px;\">\u00a0<\/div>\n<\/div>\n<p style=\"color: #c9c8cd; font-family: Arial,sans-serif; font-size: 14px; line-height: 17px; margin-bottom: 0; margin-top: 8px; overflow: hidden; padding: 8px 0 7px; text-align: center; text-overflow: ellipsis; white-space: nowrap;\"><a style=\"color: #c9c8cd; font-family: Arial,sans-serif; font-size: 14px; font-style: normal; font-weight: normal; line-height: 17px; text-decoration: none;\" href=\"https:\/\/www.instagram.com\/p\/C1UPVilMP_m\/?utm_source=ig_embed&amp;utm_campaign=loading\" target=\"_blank\" rel=\"noopener\">Post udost\u0119pniony przez Vogue Polska (@vogue.polska)<\/a><\/p>\n<\/div>\n<\/blockquote>\n<p><script async src=\"\/\/www.instagram.com\/embed.js\"><\/script><\/p>\n<p>\u00a0<\/p>\n<p class=\"p1\">Pami\u0119taj, \u017ce moda to nie tylko ubrania, ale tak\u017ce spos\u00f3b, w jaki si\u0119 nimi wyra\u017casz. Wybieraj kolory, kt\u00f3re odzwierciedlaj\u0105 Twoj\u0105 osobowo\u015b\u0107 i nastr\u00f3j. Wiosna 2024 to idealny czas na zabaw\u0119 mod\u0105 i eksplorowanie nowych trend\u00f3w kolorystycznych.<\/p>\n\n\n<div class=\"kk-star-ratings kksr-auto kksr-align-right kksr-valign-bottom\"\n    data-payload='{&quot;align&quot;:&quot;right&quot;,&quot;id&quot;:&quot;8204&quot;,&quot;slug&quot;:&quot;default&quot;,&quot;valign&quot;:&quot;bottom&quot;,&quot;ignore&quot;:&quot;&quot;,&quot;reference&quot;:&quot;auto&quot;,&quot;class&quot;:&quot;&quot;,&quot;count&quot;:&quot;1&quot;,&quot;legendonly&quot;:&quot;&quot;,&quot;readonly&quot;:&quot;&quot;,&quot;score&quot;:&quot;1&quot;,&quot;starsonly&quot;:&quot;&quot;,&quot;best&quot;:&quot;5&quot;,&quot;gap&quot;:&quot;5&quot;,&quot;greet&quot;:&quot;Rate this post&quot;,&quot;legend&quot;:&quot;1\\\/5 - (1 vote)&quot;,&quot;size&quot;:&quot;24&quot;,&quot;width&quot;:&quot;26.5&quot;,&quot;_legend&quot;:&quot;{score}\\\/{best} - ({count} {votes})&quot;,&quot;font_factor&quot;:&quot;1.25&quot;}'>\n            \n<div class=\"kksr-stars\">\n    \n<div class=\"kksr-stars-inactive\">\n            <div class=\"kksr-star\" data-star=\"1\" style=\"padding-right: 5px\">\n            \n\n<div class=\"kksr-icon\" style=\"width: 24px; height: 24px;\"><\/div>\n        <\/div>\n            <div class=\"kksr-star\" data-star=\"2\" style=\"padding-right: 5px\">\n            \n\n<div class=\"kksr-icon\" style=\"width: 24px; height: 24px;\"><\/div>\n        <\/div>\n            <div class=\"kksr-star\" data-star=\"3\" style=\"padding-right: 5px\">\n            \n\n<div class=\"kksr-icon\" style=\"width: 24px; height: 24px;\"><\/div>\n        <\/div>\n            <div class=\"kksr-star\" data-star=\"4\" style=\"padding-right: 5px\">\n            \n\n<div class=\"kksr-icon\" style=\"width: 24px; height: 24px;\"><\/div>\n        <\/div>\n            <div class=\"kksr-star\" data-star=\"5\" style=\"padding-right: 5px\">\n            \n\n<div class=\"kksr-icon\" style=\"width: 24px; height: 24px;\"><\/div>\n        <\/div>\n    <\/div>\n    \n<div class=\"kksr-stars-active\" style=\"width: 26.5px;\">\n            <div class=\"kksr-star\" style=\"padding-right: 5px\">\n            \n\n<div class=\"kksr-icon\" style=\"width: 24px; height: 24px;\"><\/div>\n        <\/div>\n            <div class=\"kksr-star\" style=\"padding-right: 5px\">\n            \n\n<div class=\"kksr-icon\" style=\"width: 24px; height: 24px;\"><\/div>\n        <\/div>\n            <div class=\"kksr-star\" style=\"padding-right: 5px\">\n            \n\n<div class=\"kksr-icon\" style=\"width: 24px; height: 24px;\"><\/div>\n        <\/div>\n            <div class=\"kksr-star\" style=\"padding-right: 5px\">\n            \n\n<div class=\"kksr-icon\" style=\"width: 24px; height: 24px;\"><\/div>\n        <\/div>\n            <div class=\"kksr-star\" style=\"padding-right: 5px\">\n            \n\n<div class=\"kksr-icon\" style=\"width: 24px; height: 24px;\"><\/div>\n        <\/div>\n    <\/div>\n<\/div>\n                \n\n<div class=\"kksr-legend\" style=\"font-size: 19.2px;\">\n            1\/5 - (1 vote)    <\/div>\n    <\/div>\n","protected":false},"excerpt":{"rendered":"<p>Wiosna 2024 zbli\u017ca si\u0119 wielkimi krokami, a wraz z ni\u0105 nowe trendy w modzie. Ten sezon wiosenno-letni obiecuje by\u0107 ekscytuj\u0105cy pod wzgl\u0119dem kolorystycznym. W tym roku projektanci stawiaj\u0105 na wyraziste, ale jednocze\u015bnie harmonijne po\u0142\u0105czenia. Sprawd\u017amy, jakie kolory b\u0119d\u0105 dominowa\u0107 w modzie i jak mo\u017cemy je stylizowa\u0107, aby wygl\u0105da\u0107 modnie i \u015bwie\u017co.<\/p>\n","protected":false},"author":3,"featured_media":8206,"comment_status":"open","ping_status":"open","sticky":false,"template":"","format":"standard","meta":[],"categories":[3],"tags":[],"yoast_head":"<!-- This site is optimized with the Yoast SEO plugin v18.4.1 - https:\/\/yoast.com\/wordpress\/plugins\/seo\/ -->\n<title>Najmodniejsze Odcienie tej Wiosny: Kolory, kt\u00f3re kr\u00f3lowa\u0107 b\u0119d\u0105 w Sezonie wiosenno-letnim 2024. - Pakuten blog<\/title>\n<meta name=\"description\" content=\"Wiosna 2024 zbli\u017ca si\u0119 wielkimi krokami, a wraz z ni\u0105 nowe trendy w modzie. Ten sezon wiosenno-letni obiecuje by\u0107 ekscytuj\u0105cy pod wzgl\u0119dem kolorystycznym. W tym roku projektanci stawiaj\u0105 na wyraziste, ale jednocze\u015bnie harmonijne po\u0142\u0105czenia. Sprawd\u017amy, jakie kolory b\u0119d\u0105 dominowa\u0107 w modzie i jak mo\u017cemy je stylizowa\u0107, aby wygl\u0105da\u0107 modnie i \u015bwie\u017co.\" \/>\n<meta name=\"robots\" content=\"index, follow, max-snippet:-1, max-image-preview:large, max-video-preview:-1\" \/>\n<link rel=\"canonical\" href=\"https:\/\/pakuten.pl\/blog\/najmodniejsze-odcienie-tej-wiosny-kolory-ktore-krolowac-beda-w-sezonie-wiosenno-letnim-2024\/\" \/>\n<meta property=\"og:locale\" content=\"pl_PL\" \/>\n<meta property=\"og:type\" content=\"article\" \/>\n<meta property=\"og:title\" content=\"Najmodniejsze Odcienie tej Wiosny: Kolory, kt\u00f3re kr\u00f3lowa\u0107 b\u0119d\u0105 w Sezonie wiosenno-letnim 2024. - Pakuten blog\" \/>\n<meta property=\"og:description\" content=\"Wiosna 2024 zbli\u017ca si\u0119 wielkimi krokami, a wraz z ni\u0105 nowe trendy w modzie. Ten sezon wiosenno-letni obiecuje by\u0107 ekscytuj\u0105cy pod wzgl\u0119dem kolorystycznym. W tym roku projektanci stawiaj\u0105 na wyraziste, ale jednocze\u015bnie harmonijne po\u0142\u0105czenia. Sprawd\u017amy, jakie kolory b\u0119d\u0105 dominowa\u0107 w modzie i jak mo\u017cemy je stylizowa\u0107, aby wygl\u0105da\u0107 modnie i \u015bwie\u017co.\" \/>\n<meta property=\"og:url\" content=\"https:\/\/pakuten.pl\/blog\/najmodniejsze-odcienie-tej-wiosny-kolory-ktore-krolowac-beda-w-sezonie-wiosenno-letnim-2024\/\" \/>\n<meta property=\"og:site_name\" content=\"Pakuten blog\" \/>\n<meta property=\"article:published_time\" content=\"2024-02-16T12:42:00+00:00\" \/>\n<meta property=\"article:modified_time\" content=\"2024-02-01T12:54:05+00:00\" \/>\n<meta property=\"og:image\" content=\"https:\/\/pakuten.pl\/blog\/wp-content\/uploads\/2024\/02\/Najmodniejsze-Odcienie-tej-Wiosny_Kolory-kto\u0301re-kro\u0301lowac\u0301-be\u0328da\u0328-w-Sezonie-wiosenno-letnim-2024.jpg\" \/>\n\t<meta property=\"og:image:width\" content=\"1280\" \/>\n\t<meta property=\"og:image:height\" content=\"853\" \/>\n\t<meta property=\"og:image:type\" content=\"image\/jpeg\" \/>\n<meta name=\"twitter:card\" content=\"summary_large_image\" \/>\n<meta name=\"twitter:label1\" content=\"Napisane przez\" \/>\n\t<meta name=\"twitter:data1\" content=\"Pakuten Girl\" \/>\n\t<meta name=\"twitter:label2\" content=\"Szacowany czas czytania\" \/>\n\t<meta name=\"twitter:data2\" content=\"5 minut\" \/>\n<script type=\"application\/ld+json\" class=\"yoast-schema-graph\">{\"@context\":\"https:\/\/schema.org\",\"@graph\":[{\"@type\":\"Organization\",\"@id\":\"https:\/\/pakuten.pl\/blog\/#organization\",\"name\":\"Pakuten\",\"url\":\"https:\/\/pakuten.pl\/blog\/\",\"sameAs\":[],\"logo\":{\"@type\":\"ImageObject\",\"@id\":\"https:\/\/pakuten.pl\/blog\/#logo\",\"inLanguage\":\"pl-PL\",\"url\":\"http:\/\/pakuten.pl\/blog\/wp-content\/uploads\/2018\/01\/pakuten_logo.png\",\"contentUrl\":\"http:\/\/pakuten.pl\/blog\/wp-content\/uploads\/2018\/01\/pakuten_logo.png\",\"width\":300,\"height\":120,\"caption\":\"Pakuten\"},\"image\":{\"@id\":\"https:\/\/pakuten.pl\/blog\/#logo\"}},{\"@type\":\"WebSite\",\"@id\":\"https:\/\/pakuten.pl\/blog\/#website\",\"url\":\"https:\/\/pakuten.pl\/blog\/\",\"name\":\"Pakuten blog\",\"description\":\"Blog sklepu internetowego pakuten.pl\",\"publisher\":{\"@id\":\"https:\/\/pakuten.pl\/blog\/#organization\"},\"potentialAction\":[{\"@type\":\"SearchAction\",\"target\":{\"@type\":\"EntryPoint\",\"urlTemplate\":\"https:\/\/pakuten.pl\/blog\/?s={search_term_string}\"},\"query-input\":\"required name=search_term_string\"}],\"inLanguage\":\"pl-PL\"},{\"@type\":\"ImageObject\",\"@id\":\"https:\/\/pakuten.pl\/blog\/najmodniejsze-odcienie-tej-wiosny-kolory-ktore-krolowac-beda-w-sezonie-wiosenno-letnim-2024\/#primaryimage\",\"inLanguage\":\"pl-PL\",\"url\":\"https:\/\/pakuten.pl\/blog\/wp-content\/uploads\/2024\/02\/Najmodniejsze-Odcienie-tej-Wiosny_Kolory-kto\u0301re-kro\u0301lowac\u0301-be\u0328da\u0328-w-Sezonie-wiosenno-letnim-2024.jpg\",\"contentUrl\":\"https:\/\/pakuten.pl\/blog\/wp-content\/uploads\/2024\/02\/Najmodniejsze-Odcienie-tej-Wiosny_Kolory-kto\u0301re-kro\u0301lowac\u0301-be\u0328da\u0328-w-Sezonie-wiosenno-letnim-2024.jpg\",\"width\":1280,\"height\":853},{\"@type\":\"WebPage\",\"@id\":\"https:\/\/pakuten.pl\/blog\/najmodniejsze-odcienie-tej-wiosny-kolory-ktore-krolowac-beda-w-sezonie-wiosenno-letnim-2024\/#webpage\",\"url\":\"https:\/\/pakuten.pl\/blog\/najmodniejsze-odcienie-tej-wiosny-kolory-ktore-krolowac-beda-w-sezonie-wiosenno-letnim-2024\/\",\"name\":\"Najmodniejsze Odcienie tej Wiosny: Kolory, kt\u00f3re kr\u00f3lowa\u0107 b\u0119d\u0105 w Sezonie wiosenno-letnim 2024. - Pakuten blog\",\"isPartOf\":{\"@id\":\"https:\/\/pakuten.pl\/blog\/#website\"},\"primaryImageOfPage\":{\"@id\":\"https:\/\/pakuten.pl\/blog\/najmodniejsze-odcienie-tej-wiosny-kolory-ktore-krolowac-beda-w-sezonie-wiosenno-letnim-2024\/#primaryimage\"},\"datePublished\":\"2024-02-16T12:42:00+00:00\",\"dateModified\":\"2024-02-01T12:54:05+00:00\",\"description\":\"Wiosna 2024 zbli\u017ca si\u0119 wielkimi krokami, a wraz z ni\u0105 nowe trendy w modzie. Ten sezon wiosenno-letni obiecuje by\u0107 ekscytuj\u0105cy pod wzgl\u0119dem kolorystycznym. W tym roku projektanci stawiaj\u0105 na wyraziste, ale jednocze\u015bnie harmonijne po\u0142\u0105czenia. Sprawd\u017amy, jakie kolory b\u0119d\u0105 dominowa\u0107 w modzie i jak mo\u017cemy je stylizowa\u0107, aby wygl\u0105da\u0107 modnie i \u015bwie\u017co.\",\"breadcrumb\":{\"@id\":\"https:\/\/pakuten.pl\/blog\/najmodniejsze-odcienie-tej-wiosny-kolory-ktore-krolowac-beda-w-sezonie-wiosenno-letnim-2024\/#breadcrumb\"},\"inLanguage\":\"pl-PL\",\"potentialAction\":[{\"@type\":\"ReadAction\",\"target\":[\"https:\/\/pakuten.pl\/blog\/najmodniejsze-odcienie-tej-wiosny-kolory-ktore-krolowac-beda-w-sezonie-wiosenno-letnim-2024\/\"]}]},{\"@type\":\"BreadcrumbList\",\"@id\":\"https:\/\/pakuten.pl\/blog\/najmodniejsze-odcienie-tej-wiosny-kolory-ktore-krolowac-beda-w-sezonie-wiosenno-letnim-2024\/#breadcrumb\",\"itemListElement\":[{\"@type\":\"ListItem\",\"position\":1,\"name\":\"Strona g\u0142\u00f3wna\",\"item\":\"https:\/\/pakuten.pl\/blog\/\"},{\"@type\":\"ListItem\",\"position\":2,\"name\":\"Najmodniejsze Odcienie tej Wiosny: Kolory, kt\u00f3re kr\u00f3lowa\u0107 b\u0119d\u0105 w Sezonie wiosenno-letnim 2024.\"}]},{\"@type\":\"Article\",\"@id\":\"https:\/\/pakuten.pl\/blog\/najmodniejsze-odcienie-tej-wiosny-kolory-ktore-krolowac-beda-w-sezonie-wiosenno-letnim-2024\/#article\",\"isPartOf\":{\"@id\":\"https:\/\/pakuten.pl\/blog\/najmodniejsze-odcienie-tej-wiosny-kolory-ktore-krolowac-beda-w-sezonie-wiosenno-letnim-2024\/#webpage\"},\"author\":{\"@id\":\"https:\/\/pakuten.pl\/blog\/#\/schema\/person\/d7133af30211381a4e4536d088384556\"},\"headline\":\"Najmodniejsze Odcienie tej Wiosny: Kolory, kt\u00f3re kr\u00f3lowa\u0107 b\u0119d\u0105 w Sezonie wiosenno-letnim 2024.\",\"datePublished\":\"2024-02-16T12:42:00+00:00\",\"dateModified\":\"2024-02-01T12:54:05+00:00\",\"mainEntityOfPage\":{\"@id\":\"https:\/\/pakuten.pl\/blog\/najmodniejsze-odcienie-tej-wiosny-kolory-ktore-krolowac-beda-w-sezonie-wiosenno-letnim-2024\/#webpage\"},\"wordCount\":782,\"commentCount\":0,\"publisher\":{\"@id\":\"https:\/\/pakuten.pl\/blog\/#organization\"},\"image\":{\"@id\":\"https:\/\/pakuten.pl\/blog\/najmodniejsze-odcienie-tej-wiosny-kolory-ktore-krolowac-beda-w-sezonie-wiosenno-letnim-2024\/#primaryimage\"},\"thumbnailUrl\":\"https:\/\/pakuten.pl\/blog\/wp-content\/uploads\/2024\/02\/Najmodniejsze-Odcienie-tej-Wiosny_Kolory-kto\u0301re-kro\u0301lowac\u0301-be\u0328da\u0328-w-Sezonie-wiosenno-letnim-2024.jpg\",\"articleSection\":[\"Top Trends\"],\"inLanguage\":\"pl-PL\",\"potentialAction\":[{\"@type\":\"CommentAction\",\"name\":\"Comment\",\"target\":[\"https:\/\/pakuten.pl\/blog\/najmodniejsze-odcienie-tej-wiosny-kolory-ktore-krolowac-beda-w-sezonie-wiosenno-letnim-2024\/#respond\"]}]},{\"@type\":\"Person\",\"@id\":\"https:\/\/pakuten.pl\/blog\/#\/schema\/person\/d7133af30211381a4e4536d088384556\",\"name\":\"Pakuten Girl\",\"image\":{\"@type\":\"ImageObject\",\"@id\":\"https:\/\/pakuten.pl\/blog\/#personlogo\",\"inLanguage\":\"pl-PL\",\"url\":\"https:\/\/secure.gravatar.com\/avatar\/d3df41de2caf92e6cfded9430c2ff352?s=96&d=mm&r=g\",\"contentUrl\":\"https:\/\/secure.gravatar.com\/avatar\/d3df41de2caf92e6cfded9430c2ff352?s=96&d=mm&r=g\",\"caption\":\"Pakuten Girl\"},\"description\":\"Cze\u015b\u0107, nazywam si\u0119 Ola. Kocham Netflixa, sals\u0119, nowo\u015bci kosmetyczne i najnowsze trendy w modzie.\",\"url\":\"https:\/\/pakuten.pl\/blog\/author\/pakuten-girl\/\"}]}<\/script>\n<!-- \/ Yoast SEO plugin. -->","yoast_head_json":{"title":"Najmodniejsze Odcienie tej Wiosny: Kolory, kt\u00f3re kr\u00f3lowa\u0107 b\u0119d\u0105 w Sezonie wiosenno-letnim 2024. - Pakuten blog","description":"Wiosna 2024 zbli\u017ca si\u0119 wielkimi krokami, a wraz z ni\u0105 nowe trendy w modzie. Ten sezon wiosenno-letni obiecuje by\u0107 ekscytuj\u0105cy pod wzgl\u0119dem kolorystycznym. W tym roku projektanci stawiaj\u0105 na wyraziste, ale jednocze\u015bnie harmonijne po\u0142\u0105czenia. Sprawd\u017amy, jakie kolory b\u0119d\u0105 dominowa\u0107 w modzie i jak mo\u017cemy je stylizowa\u0107, aby wygl\u0105da\u0107 modnie i \u015bwie\u017co.","robots":{"index":"index","follow":"follow","max-snippet":"max-snippet:-1","max-image-preview":"max-image-preview:large","max-video-preview":"max-video-preview:-1"},"canonical":"https:\/\/pakuten.pl\/blog\/najmodniejsze-odcienie-tej-wiosny-kolory-ktore-krolowac-beda-w-sezonie-wiosenno-letnim-2024\/","og_locale":"pl_PL","og_type":"article","og_title":"Najmodniejsze Odcienie tej Wiosny: Kolory, kt\u00f3re kr\u00f3lowa\u0107 b\u0119d\u0105 w Sezonie wiosenno-letnim 2024. - Pakuten blog","og_description":"Wiosna 2024 zbli\u017ca si\u0119 wielkimi krokami, a wraz z ni\u0105 nowe trendy w modzie. Ten sezon wiosenno-letni obiecuje by\u0107 ekscytuj\u0105cy pod wzgl\u0119dem kolorystycznym. W tym roku projektanci stawiaj\u0105 na wyraziste, ale jednocze\u015bnie harmonijne po\u0142\u0105czenia. Sprawd\u017amy, jakie kolory b\u0119d\u0105 dominowa\u0107 w modzie i jak mo\u017cemy je stylizowa\u0107, aby wygl\u0105da\u0107 modnie i \u015bwie\u017co.","og_url":"https:\/\/pakuten.pl\/blog\/najmodniejsze-odcienie-tej-wiosny-kolory-ktore-krolowac-beda-w-sezonie-wiosenno-letnim-2024\/","og_site_name":"Pakuten blog","article_published_time":"2024-02-16T12:42:00+00:00","article_modified_time":"2024-02-01T12:54:05+00:00","og_image":[{"width":1280,"height":853,"url":"https:\/\/pakuten.pl\/blog\/wp-content\/uploads\/2024\/02\/Najmodniejsze-Odcienie-tej-Wiosny_Kolory-kto\u0301re-kro\u0301lowac\u0301-be\u0328da\u0328-w-Sezonie-wiosenno-letnim-2024.jpg","type":"image\/jpeg"}],"twitter_card":"summary_large_image","twitter_misc":{"Napisane przez":"Pakuten Girl","Szacowany czas czytania":"5 minut"},"schema":{"@context":"https:\/\/schema.org","@graph":[{"@type":"Organization","@id":"https:\/\/pakuten.pl\/blog\/#organization","name":"Pakuten","url":"https:\/\/pakuten.pl\/blog\/","sameAs":[],"logo":{"@type":"ImageObject","@id":"https:\/\/pakuten.pl\/blog\/#logo","inLanguage":"pl-PL","url":"http:\/\/pakuten.pl\/blog\/wp-content\/uploads\/2018\/01\/pakuten_logo.png","contentUrl":"http:\/\/pakuten.pl\/blog\/wp-content\/uploads\/2018\/01\/pakuten_logo.png","width":300,"height":120,"caption":"Pakuten"},"image":{"@id":"https:\/\/pakuten.pl\/blog\/#logo"}},{"@type":"WebSite","@id":"https:\/\/pakuten.pl\/blog\/#website","url":"https:\/\/pakuten.pl\/blog\/","name":"Pakuten blog","description":"Blog sklepu internetowego pakuten.pl","publisher":{"@id":"https:\/\/pakuten.pl\/blog\/#organization"},"potentialAction":[{"@type":"SearchAction","target":{"@type":"EntryPoint","urlTemplate":"https:\/\/pakuten.pl\/blog\/?s={search_term_string}"},"query-input":"required name=search_term_string"}],"inLanguage":"pl-PL"},{"@type":"ImageObject","@id":"https:\/\/pakuten.pl\/blog\/najmodniejsze-odcienie-tej-wiosny-kolory-ktore-krolowac-beda-w-sezonie-wiosenno-letnim-2024\/#primaryimage","inLanguage":"pl-PL","url":"https:\/\/pakuten.pl\/blog\/wp-content\/uploads\/2024\/02\/Najmodniejsze-Odcienie-tej-Wiosny_Kolory-kto\u0301re-kro\u0301lowac\u0301-be\u0328da\u0328-w-Sezonie-wiosenno-letnim-2024.jpg","contentUrl":"https:\/\/pakuten.pl\/blog\/wp-content\/uploads\/2024\/02\/Najmodniejsze-Odcienie-tej-Wiosny_Kolory-kto\u0301re-kro\u0301lowac\u0301-be\u0328da\u0328-w-Sezonie-wiosenno-letnim-2024.jpg","width":1280,"height":853},{"@type":"WebPage","@id":"https:\/\/pakuten.pl\/blog\/najmodniejsze-odcienie-tej-wiosny-kolory-ktore-krolowac-beda-w-sezonie-wiosenno-letnim-2024\/#webpage","url":"https:\/\/pakuten.pl\/blog\/najmodniejsze-odcienie-tej-wiosny-kolory-ktore-krolowac-beda-w-sezonie-wiosenno-letnim-2024\/","name":"Najmodniejsze Odcienie tej Wiosny: Kolory, kt\u00f3re kr\u00f3lowa\u0107 b\u0119d\u0105 w Sezonie wiosenno-letnim 2024. - Pakuten blog","isPartOf":{"@id":"https:\/\/pakuten.pl\/blog\/#website"},"primaryImageOfPage":{"@id":"https:\/\/pakuten.pl\/blog\/najmodniejsze-odcienie-tej-wiosny-kolory-ktore-krolowac-beda-w-sezonie-wiosenno-letnim-2024\/#primaryimage"},"datePublished":"2024-02-16T12:42:00+00:00","dateModified":"2024-02-01T12:54:05+00:00","description":"Wiosna 2024 zbli\u017ca si\u0119 wielkimi krokami, a wraz z ni\u0105 nowe trendy w modzie. Ten sezon wiosenno-letni obiecuje by\u0107 ekscytuj\u0105cy pod wzgl\u0119dem kolorystycznym. W tym roku projektanci stawiaj\u0105 na wyraziste, ale jednocze\u015bnie harmonijne po\u0142\u0105czenia. Sprawd\u017amy, jakie kolory b\u0119d\u0105 dominowa\u0107 w modzie i jak mo\u017cemy je stylizowa\u0107, aby wygl\u0105da\u0107 modnie i \u015bwie\u017co.","breadcrumb":{"@id":"https:\/\/pakuten.pl\/blog\/najmodniejsze-odcienie-tej-wiosny-kolory-ktore-krolowac-beda-w-sezonie-wiosenno-letnim-2024\/#breadcrumb"},"inLanguage":"pl-PL","potentialAction":[{"@type":"ReadAction","target":["https:\/\/pakuten.pl\/blog\/najmodniejsze-odcienie-tej-wiosny-kolory-ktore-krolowac-beda-w-sezonie-wiosenno-letnim-2024\/"]}]},{"@type":"BreadcrumbList","@id":"https:\/\/pakuten.pl\/blog\/najmodniejsze-odcienie-tej-wiosny-kolory-ktore-krolowac-beda-w-sezonie-wiosenno-letnim-2024\/#breadcrumb","itemListElement":[{"@type":"ListItem","position":1,"name":"Strona g\u0142\u00f3wna","item":"https:\/\/pakuten.pl\/blog\/"},{"@type":"ListItem","position":2,"name":"Najmodniejsze Odcienie tej Wiosny: Kolory, kt\u00f3re kr\u00f3lowa\u0107 b\u0119d\u0105 w Sezonie wiosenno-letnim 2024."}]},{"@type":"Article","@id":"https:\/\/pakuten.pl\/blog\/najmodniejsze-odcienie-tej-wiosny-kolory-ktore-krolowac-beda-w-sezonie-wiosenno-letnim-2024\/#article","isPartOf":{"@id":"https:\/\/pakuten.pl\/blog\/najmodniejsze-odcienie-tej-wiosny-kolory-ktore-krolowac-beda-w-sezonie-wiosenno-letnim-2024\/#webpage"},"author":{"@id":"https:\/\/pakuten.pl\/blog\/#\/schema\/person\/d7133af30211381a4e4536d088384556"},"headline":"Najmodniejsze Odcienie tej Wiosny: Kolory, kt\u00f3re kr\u00f3lowa\u0107 b\u0119d\u0105 w Sezonie wiosenno-letnim 2024.","datePublished":"2024-02-16T12:42:00+00:00","dateModified":"2024-02-01T12:54:05+00:00","mainEntityOfPage":{"@id":"https:\/\/pakuten.pl\/blog\/najmodniejsze-odcienie-tej-wiosny-kolory-ktore-krolowac-beda-w-sezonie-wiosenno-letnim-2024\/#webpage"},"wordCount":782,"commentCount":0,"publisher":{"@id":"https:\/\/pakuten.pl\/blog\/#organization"},"image":{"@id":"https:\/\/pakuten.pl\/blog\/najmodniejsze-odcienie-tej-wiosny-kolory-ktore-krolowac-beda-w-sezonie-wiosenno-letnim-2024\/#primaryimage"},"thumbnailUrl":"https:\/\/pakuten.pl\/blog\/wp-content\/uploads\/2024\/02\/Najmodniejsze-Odcienie-tej-Wiosny_Kolory-kto\u0301re-kro\u0301lowac\u0301-be\u0328da\u0328-w-Sezonie-wiosenno-letnim-2024.jpg","articleSection":["Top Trends"],"inLanguage":"pl-PL","potentialAction":[{"@type":"CommentAction","name":"Comment","target":["https:\/\/pakuten.pl\/blog\/najmodniejsze-odcienie-tej-wiosny-kolory-ktore-krolowac-beda-w-sezonie-wiosenno-letnim-2024\/#respond"]}]},{"@type":"Person","@id":"https:\/\/pakuten.pl\/blog\/#\/schema\/person\/d7133af30211381a4e4536d088384556","name":"Pakuten Girl","image":{"@type":"ImageObject","@id":"https:\/\/pakuten.pl\/blog\/#personlogo","inLanguage":"pl-PL","url":"https:\/\/secure.gravatar.com\/avatar\/d3df41de2caf92e6cfded9430c2ff352?s=96&d=mm&r=g","contentUrl":"https:\/\/secure.gravatar.com\/avatar\/d3df41de2caf92e6cfded9430c2ff352?s=96&d=mm&r=g","caption":"Pakuten Girl"},"description":"Cze\u015b\u0107, nazywam si\u0119 Ola. Kocham Netflixa, sals\u0119, nowo\u015bci kosmetyczne i najnowsze trendy w modzie.","url":"https:\/\/pakuten.pl\/blog\/author\/pakuten-girl\/"}]}},"_links":{"self":[{"href":"https:\/\/pakuten.pl\/blog\/wp-json\/wp\/v2\/posts\/8204"}],"collection":[{"href":"https:\/\/pakuten.pl\/blog\/wp-json\/wp\/v2\/posts"}],"about":[{"href":"https:\/\/pakuten.pl\/blog\/wp-json\/wp\/v2\/types\/post"}],"author":[{"embeddable":true,"href":"https:\/\/pakuten.pl\/blog\/wp-json\/wp\/v2\/users\/3"}],"replies":[{"embeddable":true,"href":"https:\/\/pakuten.pl\/blog\/wp-json\/wp\/v2\/comments?post=8204"}],"version-history":[{"count":8,"href":"https:\/\/pakuten.pl\/blog\/wp-json\/wp\/v2\/posts\/8204\/revisions"}],"predecessor-version":[{"id":8218,"href":"https:\/\/pakuten.pl\/blog\/wp-json\/wp\/v2\/posts\/8204\/revisions\/8218"}],"wp:featuredmedia":[{"embeddable":true,"href":"https:\/\/pakuten.pl\/blog\/wp-json\/wp\/v2\/media\/8206"}],"wp:attachment":[{"href":"https:\/\/pakuten.pl\/blog\/wp-json\/wp\/v2\/media?parent=8204"}],"wp:term":[{"taxonomy":"category","embeddable":true,"href":"https:\/\/pakuten.pl\/blog\/wp-json\/wp\/v2\/categories?post=8204"},{"taxonomy":"post_tag","embeddable":true,"href":"https:\/\/pakuten.pl\/blog\/wp-json\/wp\/v2\/tags?post=8204"}],"curies":[{"name":"wp","href":"https:\/\/api.w.org\/{rel}","templated":true}]}}