{"id":8235,"date":"2024-02-23T14:32:00","date_gmt":"2024-02-23T13:32:00","guid":{"rendered":"https:\/\/pakuten.pl\/blog\/?p=8235"},"modified":"2024-02-06T14:48:11","modified_gmt":"2024-02-06T13:48:11","slug":"jak-zadbac-o-wlosy-po-sezonie-zimowym-przywroc-wlosom-blask-i-zdrowy-wyglad","status":"publish","type":"post","link":"https:\/\/pakuten.pl\/blog\/jak-zadbac-o-wlosy-po-sezonie-zimowym-przywroc-wlosom-blask-i-zdrowy-wyglad\/","title":{"rendered":"Jak zadba\u0107 o w\u0142osy po sezonie zimowym? Przywr\u00f3\u0107 w\u0142osom blask i zdrowy wygl\u0105d."},"content":{"rendered":"\n<p>\u00a0<\/p>\n<p class=\"p1\"><strong>Zako\u0144czenie sezonu zimowego to nie tylko czas na zmian\u0119 <span style=\"color: #ff9900;\"><a style=\"color: #ff9900;\" href=\"https:\/\/pakuten.pl\/53-nowosci\" target=\"_blank\" rel=\"noopener\">garderoby<\/a><\/span>, ale r\u00f3wnie\u017c okazja do przyjrzenia si\u0119 bli\u017cej kondycji naszych w\u0142os\u00f3w. Niskie temperatury, sucho\u015b\u0107 powietrza w ogrzewanych pomieszczeniach oraz noszenie czapek mog\u0105 mie\u0107 negatywny wp\u0142yw na stan naszej fryzury. Aby przywr\u00f3ci\u0107 w\u0142osom blask i zdrowy wygl\u0105d, warto wprowadzi\u0107 kilka kluczowych zmian w codziennej piel\u0119gnacji. Oto sprawdzone porady, jak zadba\u0107 o w\u0142osy po sezonie zimowym.<\/strong><\/p>\n<h2 class=\"p1\"><span style=\"color: #ff9900;\"><b>Nawil\u017canie i od\u017cywianie w\u0142os\u00f3w zim\u0105<\/b><\/span><\/h2>\n<p class=\"p1\">Intensywne nawil\u017canie jest kluczowe, aby utrzyma\u0107 w\u0142osy w dobrej kondycji podczas zimy. <strong>Zastosowanie bogatych w sk\u0142adniki od\u017cywcze masek do w\u0142os\u00f3w mo\u017ce znacz\u0105co poprawi\u0107 ich stan. Zw\u0142aszcza je\u015bli s\u0105 one regularnie stosowane.<\/strong> Wybieraj\u0105c produkty do piel\u0119gnacji, warto zwr\u00f3ci\u0107 uwag\u0119 na te zawieraj\u0105ce naturalne oleje, takie jak olej arganowy, kokosowy lub jojoba, kt\u00f3re nie tylko nawil\u017caj\u0105, ale r\u00f3wnie\u017c tworz\u0105 na powierzchni w\u0142os\u00f3w ochronn\u0105 warstw\u0119, zapobiegaj\u0105c utracie wilgoci. Dodatkowo, stosowanie od\u017cywek bez sp\u0142ukiwania mo\u017ce pom\u00f3c w utrzymaniu optymalnego poziomu nawil\u017cenia przez ca\u0142y dzie\u0144, chroni\u0105c w\u0142osy przed szkodliwym dzia\u0142aniem zimnego wiatru i suchego powietrza w pomieszczeniach.<\/p>\n<div class=\"product-box-container\">\r\n<div class=\"one_third \" style=\"\">\r\n<div class=\"product-box\">\r\n<a href=\"https:\/\/pakuten.pl\/36515-79437-bezowy-komplet-dresowy-bluza-legginsy-veronna-bezowy.html\" target=\"_blank\">\r\n <img src=\"https:\/\/media.pakuten.pl\/215734-large_default\/bezowy-komplet-dresowy-bluza-legginsy-veronna.jpg\" alt=\"Be\u017cowy komplet dresowy bluza + legginsy Veronna\"\/>\r\n<\/a>\r\n<p>\r\n<a href=\"https:\/\/pakuten.pl\/36515-79437-bezowy-komplet-dresowy-bluza-legginsy-veronna-bezowy.html\" target=\"_blank\">\r\nBe\u017cowy komplet dresowy bluza + legginsy Veronna\r\n<\/a><\/p>\r\n  <p>Cena: 89,99\u00a0z\u0142<\/p>\r\n<a href=\"https:\/\/pakuten.pl\/36515-79437-bezowy-komplet-dresowy-bluza-legginsy-veronna-bezowy.html\" target=\"_blank\" class=\"button\">\r\nZobacz w sklepie\r\n<\/a>\r\n<\/div>\r\n<\/div>\r\n<div class=\"one_third \" style=\"\">\r\n<div class=\"product-box\">\r\n<a href=\"https:\/\/pakuten.pl\/36486-79385-bluza-z-ozdobna-kokarda-kittel-fuksja-fuksja.html\" target=\"_blank\">\r\n  <img src=\"https:\/\/media.pakuten.pl\/215582-large_default\/bluza-z-ozdobna-kokarda-kittel-fuksja.jpg\" alt=\"Bluza z ozdobn\u0105 kokard\u0105 Kittel - fuksja\"\/>\r\n<\/a>\r\n<p>\r\n<a href=\"https:\/\/pakuten.pl\/36486-79385-bluza-z-ozdobna-kokarda-kittel-fuksja-fuksja.html\" target=\"_blank\">\r\nBluza z ozdobn\u0105 kokard\u0105 Kittel - fuksja\r\n<\/a><\/p>\r\n  <p>Cena: 112,69\u00a0z\u0142<\/p>\r\n<a href=\"https:\/\/pakuten.pl\/36486-79385-bluza-z-ozdobna-kokarda-kittel-fuksja-fuksja.html\" target=\"_blank\" class=\"button\">\r\nZobacz w sklepie\r\n<\/a>\r\n<\/div>\r\n<\/div>\r\n<div class=\"one_third last \" style=\"\">\r\n<div class=\"product-box\">\r\n<a href=\"https:\/\/pakuten.pl\/36300-79043-czarna-prazkowana-dopasowana-sukienka-z-dekoltem-w-serek-nazioo-czarny.html\" target=\"_blank\">\r\n  <img src=\"https:\/\/media.pakuten.pl\/214807-large_default\/czarna-prazkowana-dopasowana-sukienka-z-dekoltem-w-serek-nazioo.jpg\" alt=\"Czarna pr\u0105\u017ckowana dopasowana sukienka z dekoltem w serek Nazioo\"\/>\r\n<\/a>\r\n<p>\r\n<a href=\"https:\/\/pakuten.pl\/36300-79043-czarna-prazkowana-dopasowana-sukienka-z-dekoltem-w-serek-nazioo-czarny.html\" target=\"_blank\">\r\nCzarna pr\u0105\u017ckowana dopasowana sukienka z dekoltem w serek Nazioo\r\n<\/a><\/p>\r\n  <p>Cena: 39,99\u00a0z\u0142<\/p>\r\n<a href=\"https:\/\/pakuten.pl\/36300-79043-czarna-prazkowana-dopasowana-sukienka-z-dekoltem-w-serek-nazioo-czarny.html\" target=\"_blank\" class=\"button\">\r\nZobacz w sklepie\r\n<\/a>\r\n<\/div>\r\n<\/div><br class=\"clear\"\/>\r\n<\/div>\n<p class=\"p1\"><strong>Pij du\u017co wody.<\/strong> Nawil\u017cenie organizmu od \u015brodka jest r\u00f3wnie wa\u017cne jak stosowanie odpowiednich kosmetyk\u00f3w. Woda pomaga utrzyma\u0107 w\u0142osy w dobrej kondycji, zapobiegaj\u0105c ich przesuszeniu.<\/p>\n<p>\u00a0<\/p>\n<blockquote class=\"instagram-media\" style=\"background: #FFF; border: 0; border-radius: 3px; box-shadow: 0 0 1px 0 rgba(0,0,0,0.5),0 1px 10px 0 rgba(0,0,0,0.15); margin: 1px; max-width: 540px; min-width: 326px; padding: 0; width: calc(100% - 2px);\" data-instgrm-permalink=\"https:\/\/www.instagram.com\/reel\/C04iDqCoqzH\/?utm_source=ig_embed&amp;utm_campaign=loading\" data-instgrm-version=\"14\">\n<div style=\"padding: 16px;\">\n<div style=\"display: flex; flex-direction: row; align-items: center;\">\n<div style=\"background-color: #f4f4f4; border-radius: 50%; flex-grow: 0; height: 40px; margin-right: 14px; width: 40px;\">\u00a0<\/div>\n<div style=\"display: flex; flex-direction: column; flex-grow: 1; justify-content: center;\">\n<div style=\"background-color: #f4f4f4; border-radius: 4px; flex-grow: 0; height: 14px; margin-bottom: 6px; width: 100px;\">\u00a0<\/div>\n<div style=\"background-color: #f4f4f4; border-radius: 4px; flex-grow: 0; height: 14px; width: 60px;\">\u00a0<\/div>\n<\/div>\n<\/div>\n<div style=\"padding: 19% 0;\">\u00a0<\/div>\n<div style=\"display: block; height: 50px; margin: 0 auto 12px; width: 50px;\">\u00a0<\/div>\n<div style=\"padding-top: 8px;\">\n<div style=\"color: #3897f0; font-family: Arial,sans-serif; font-size: 14px; font-style: normal; font-weight: 550; line-height: 18px;\">Wy\u015bwietl ten post na Instagramie<\/div>\n<\/div>\n<div style=\"padding: 12.5% 0;\">\u00a0<\/div>\n<div style=\"display: flex; flex-direction: row; margin-bottom: 14px; align-items: center;\">\n<div>\n<div style=\"background-color: #f4f4f4; border-radius: 50%; height: 12.5px; width: 12.5px; transform: translateX(0px) translateY(7px);\">\u00a0<\/div>\n<div style=\"background-color: #f4f4f4; height: 12.5px; transform: rotate(-45deg) translateX(3px) translateY(1px); width: 12.5px; flex-grow: 0; margin-right: 14px; margin-left: 2px;\">\u00a0<\/div>\n<div style=\"background-color: #f4f4f4; border-radius: 50%; height: 12.5px; width: 12.5px; transform: translateX(9px) translateY(-18px);\">\u00a0<\/div>\n<\/div>\n<div style=\"margin-left: 8px;\">\n<div style=\"background-color: #f4f4f4; border-radius: 50%; flex-grow: 0; height: 20px; width: 20px;\">\u00a0<\/div>\n<div style=\"width: 0; height: 0; border-top: 2px solid transparent; border-left: 6px solid #f4f4f4; border-bottom: 2px solid transparent; transform: translateX(16px) translateY(-4px) rotate(30deg);\">\u00a0<\/div>\n<\/div>\n<div style=\"margin-left: auto;\">\n<div style=\"width: 0px; border-top: 8px solid #F4F4F4; border-right: 8px solid transparent; transform: translateY(16px);\">\u00a0<\/div>\n<div style=\"background-color: #f4f4f4; flex-grow: 0; height: 12px; width: 16px; transform: translateY(-4px);\">\u00a0<\/div>\n<div style=\"width: 0; height: 0; border-top: 8px solid #F4F4F4; border-left: 8px solid transparent; transform: translateY(-4px) translateX(8px);\">\u00a0<\/div>\n<\/div>\n<\/div>\n<div style=\"display: flex; flex-direction: column; flex-grow: 1; justify-content: center; margin-bottom: 24px;\">\n<div style=\"background-color: #f4f4f4; border-radius: 4px; flex-grow: 0; height: 14px; margin-bottom: 6px; width: 224px;\">\u00a0<\/div>\n<div style=\"background-color: #f4f4f4; border-radius: 4px; flex-grow: 0; height: 14px; width: 144px;\">\u00a0<\/div>\n<\/div>\n<p style=\"color: #c9c8cd; font-family: Arial,sans-serif; font-size: 14px; line-height: 17px; margin-bottom: 0; margin-top: 8px; overflow: hidden; padding: 8px 0 7px; text-align: center; text-overflow: ellipsis; white-space: nowrap;\"><a style=\"color: #c9c8cd; font-family: Arial,sans-serif; font-size: 14px; font-style: normal; font-weight: normal; line-height: 17px; text-decoration: none;\" href=\"https:\/\/www.instagram.com\/reel\/C04iDqCoqzH\/?utm_source=ig_embed&amp;utm_campaign=loading\" target=\"_blank\" rel=\"noopener\">Post udost\u0119pniony przez Olga Poniatowska | mgr Kosmetolog-Trycholog\ud83d\udc86\u200d\u2640\ufe0f\ud83d\udc69\u200d\u2695\ufe0f (@towietrycholog)<\/a><\/p>\n<\/div>\n<\/blockquote>\n<p><script async src=\"\/\/www.instagram.com\/embed.js\"><\/script><\/p>\n<h2 class=\"p1\"><span style=\"color: #ff9900;\"><b>Ochrona w\u0142os\u00f3w przed zimnem<\/b><\/span><\/h2>\n<p class=\"p1\">Noszenie czapek jest jednym ze sposob\u00f3w ochrony w\u0142os\u00f3w przed mrozem. Jednak mo\u017ce to r\u00f3wnie\u017c prowadzi\u0107 do ich elektryzowania si\u0119 i p\u0142askiego wygl\u0105du. Wybieraj\u0105c czapki z naturalnych materia\u0142\u00f3w, takich jak bawe\u0142na lub we\u0142na, minimalizujemy ryzyko statycznego elektryzowania si\u0119 w\u0142os\u00f3w. Dodatkowo, aplikacja produkt\u00f3w antystatycznych lub lekkich olejk\u00f3w do ko\u0144c\u00f3wek w\u0142os\u00f3w przed wyj\u015bciem na zewn\u0105trz mo\u017ce pom\u00f3c w utrzymaniu ich w dobrej kondycji. Wa\u017cne jest te\u017c, aby pami\u0119ta\u0107 o delikatnym czesaniu w\u0142os\u00f3w przed i po noszeniu czapki, co pomo\u017ce zapobiec pl\u0105taniu i \u0142amaniu si\u0119 w\u0142os\u00f3w.<\/p>\n<h2 class=\"p1\"><span style=\"color: #ff9900;\"><b>Ograniczenie zabieg\u00f3w stylizacyjnych<\/b><\/span><\/h2>\n<p class=\"p1\">Zim\u0105 w\u0142osy s\u0105 szczeg\u00f3lnie nara\u017cone na uszkodzenia. Ogranicz u\u017cywanie urz\u0105dze\u0144 emituj\u0105cych ciep\u0142o, jak suszarki, lok\u00f3wki czy prostownice. Je\u017celi musisz z nich korzysta\u0107, nie zapomnij o stosowaniu produkt\u00f3w termoochronnych, kt\u00f3re zminimalizuj\u0105 szkody spowodowane wysok\u0105 temperatur\u0105.<\/p>\n<p><img loading=\"lazy\" class=\"aligncenter size-full wp-image-8246\" src=\"https:\/\/pakuten.pl\/blog\/wp-content\/uploads\/2024\/02\/Projekt-bez-nazwy-4.jpg\" alt=\"\" width=\"1280\" height=\"853\" \/><\/p>\n<h2 class=\"p1\"><span style=\"color: #ff9900;\"><b>Delikatne mycie i suszenie<\/b><\/span><\/h2>\n<p class=\"p1\">U\u017cywaj \u0142agodnych szampon\u00f3w i ciep\u0142ej (nie gor\u0105cej) wody. Po myciu delikatnie osusz w\u0142osy r\u0119cznikiem, unikaj\u0105c gwa\u0142townego tarzania, co mo\u017ce prowadzi\u0107 do ich uszkodzenia. <strong>Suszenie w\u0142os\u00f3w u nasady jest istotnym elementem piel\u0119gnacji<\/strong>, kt\u00f3ry ma znacz\u0105cy wp\u0142yw na og\u00f3lny wygl\u0105d i zdrowie w\u0142os\u00f3w. Cho\u0107 naturalne suszenie w\u0142os\u00f3w jest zalecane jako najmniej inwazyjna metoda, w praktyce nie zawsze jest to mo\u017cliwe, szczeg\u00f3lnie w ch\u0142odniejsze dni lub gdy czas nagli.<\/p>\n<p class=\"p1\">Skupienie si\u0119 na suszeniu w\u0142os\u00f3w u nasady, zw\u0142aszcza przy u\u017cyciu suszarki, ma kilka kluczowych zalet:<\/p>\n<p class=\"p1\"><b>&#8211; Zwi\u0119kszenie obj\u0119to\u015bci<\/b><\/p>\n<p class=\"p1\"><b>&#8211; Lepsza stylizacja<\/b><\/p>\n<p class=\"p1\"><b>&#8211; Zmniejszenie ryzyka powstawania \u0142upie\u017cu <\/b>Wilgo\u0107 zatrzymywana u nasady w\u0142os\u00f3w mo\u017ce stwarza\u0107 idealne warunki dla rozwoju grzyb\u00f3w i bakterii. To z kolei mo\u017ce prowadzi\u0107 do problem\u00f3w sk\u00f3rnych, takich jak \u0142upie\u017c. Regularne i dok\u0142adne suszenie w\u0142os\u00f3w, szczeg\u00f3lnie u nasady, pomaga w utrzymaniu sk\u00f3ry g\u0142owy w dobrej kondycji i zapobiega powstawaniu niepo\u017c\u0105danych dolegliwo\u015bci.<\/p>\n<p class=\"p1\"><b>&#8211; Poprawa kr\u0105\u017cenia sk\u00f3ry g\u0142owy<\/b><\/p>\n<p class=\"p1\">U\u017cywaj szczotki z naturalnym w\u0142osiem lub specjalnych szczotek antystatycznych, kt\u00f3re delikatnie rozczesuj\u0105 w\u0142osy, nie powoduj\u0105c ich elektryzowania si\u0119 i \u0142amania.<\/p>\n<p><img loading=\"lazy\" class=\"aligncenter size-full wp-image-8242\" src=\"https:\/\/pakuten.pl\/blog\/wp-content\/uploads\/2024\/02\/Projekt-bez-nazwy-3.jpg\" alt=\"\" width=\"1120\" height=\"746\" \/><\/p>\n<h2 class=\"p1\"><span style=\"color: #ff9900;\"><b>Zimowa dieta dla zdrowych w\u0142os\u00f3w<\/b><\/span><\/h2>\n<p class=\"p1\">Nie mo\u017cna przeceni\u0107 roli, jak\u0105 odgrywa dieta w utrzymaniu zdrowia w\u0142os\u00f3w, szczeg\u00f3lnie zim\u0105. Spo\u017cywanie pokarm\u00f3w bogatych w witaminy i minera\u0142y wspomaga nie tylko og\u00f3lny stan zdrowia, ale r\u00f3wnie\u017c kondycj\u0119 w\u0142os\u00f3w. Witaminy z grupy B, witamina E, \u017celazo, cynk oraz omega-3 to sk\u0142adniki, kt\u00f3re powinny znale\u017a\u0107 si\u0119 w zimowym menu. Produkty takie jak ryby t\u0142uste, orzechy, nasiona, zielone warzywa li\u015bciaste oraz owoce, takie jak awokado, s\u0105 doskona\u0142ymi \u017ar\u00f3d\u0142ami tych cennych sk\u0142adnik\u00f3w. W\u0142\u0105czenie ich do codziennej diety mo\u017ce znacz\u0105co wp\u0142yn\u0105\u0107 na popraw\u0119 struktury w\u0142os\u00f3w, ich wytrzyma\u0142o\u015bci i po\u0142ysku.<\/p>\n<p><img loading=\"lazy\" class=\"aligncenter size-full wp-image-8243\" src=\"https:\/\/pakuten.pl\/blog\/wp-content\/uploads\/2024\/02\/warzywa1.jpg\" alt=\"\" width=\"499\" height=\"874\" \/><\/p>\n<h2 class=\"p1\"><span style=\"color: #ff9900;\"><b>Regularne wizyty u fryzjera<\/b><\/span><\/h2>\n<p class=\"p1\">Regularne przycinanie ko\u0144c\u00f3wek zapobiegnie rozdwajaniu si\u0119 w\u0142os\u00f3w, co jest szczeg\u00f3lnie wa\u017cne zim\u0105, kiedy w\u0142osy s\u0105 bardziej podatne na uszkodzenia. Odwiedzaj fryzjera co 6-8 tygodni, aby utrzyma\u0107 w\u0142osy w najlepszej kondycji.<\/p>\n<h2 class=\"p1\"><span style=\"color: #ff9900;\"><b>Unikaj gor\u0105cych prysznic\u00f3w<\/b><\/span><\/h2>\n<p class=\"p1\">Cho\u0107 gor\u0105ca woda mo\u017ce wydawa\u0107 si\u0119 koj\u0105ca zim\u0105, mo\u017ce przyczynia\u0107 si\u0119 do dodatkowego wysuszania w\u0142os\u00f3w i sk\u00f3ry g\u0142owy. Ogranicz czas sp\u0119dzany pod gor\u0105cym prysznicem i myj g\u0142ow\u0119 w ciep\u0142ej, a nie gor\u0105cej wodzie.<\/p>\n<p class=\"p1\">Odpowiednia piel\u0119gnacja w\u0142os\u00f3w po sezonie zimowym oraz ich ochrona w trakcie ch\u0142odnych miesi\u0119cy s\u0105 kluczowe dla utrzymania zdrowia, blasku i si\u0142y w\u0142os\u00f3w. Zim\u0105 w\u0142osy wymagaj\u0105 szczeg\u00f3lnego traktowania, kt\u00f3re obejmuje intensywne nawil\u017canie, ochron\u0119 przed niskimi temperaturami i ograniczenie stosowania urz\u0105dze\u0144 emituj\u0105cych ciep\u0142o. Wa\u017cne jest r\u00f3wnie\u017c regularne przycinanie ko\u0144c\u00f3wek, stosowanie produkt\u00f3w z filtrami UV wiosn\u0105 oraz dba\u0142o\u015b\u0107 o zdrow\u0105 diet\u0119 bogat\u0105 w witaminy i minera\u0142y.<\/p>\n<p class=\"p1\">Pami\u0119taj\u0105c o tych wskaz\u00f3wkach i dostosowuj\u0105c piel\u0119gnacj\u0119 w\u0142os\u00f3w do trudnych zimowych warunk\u00f3w, mo\u017cesz pom\u00f3c swoim w\u0142osom przetrwa\u0107 ten okres w dobrej kondycji i przygotowa\u0107 je na powitanie wiosny w pe\u0142ni zdrowia i blasku.<\/p>\n\n\n<div class=\"kk-star-ratings kksr-auto kksr-align-right kksr-valign-bottom\"\n    data-payload='{&quot;align&quot;:&quot;right&quot;,&quot;id&quot;:&quot;8235&quot;,&quot;slug&quot;:&quot;default&quot;,&quot;valign&quot;:&quot;bottom&quot;,&quot;ignore&quot;:&quot;&quot;,&quot;reference&quot;:&quot;auto&quot;,&quot;class&quot;:&quot;&quot;,&quot;count&quot;:&quot;1&quot;,&quot;legendonly&quot;:&quot;&quot;,&quot;readonly&quot;:&quot;&quot;,&quot;score&quot;:&quot;1&quot;,&quot;starsonly&quot;:&quot;&quot;,&quot;best&quot;:&quot;5&quot;,&quot;gap&quot;:&quot;5&quot;,&quot;greet&quot;:&quot;Rate this post&quot;,&quot;legend&quot;:&quot;1\\\/5 - (1 vote)&quot;,&quot;size&quot;:&quot;24&quot;,&quot;width&quot;:&quot;26.5&quot;,&quot;_legend&quot;:&quot;{score}\\\/{best} - ({count} {votes})&quot;,&quot;font_factor&quot;:&quot;1.25&quot;}'>\n            \n<div class=\"kksr-stars\">\n    \n<div class=\"kksr-stars-inactive\">\n            <div class=\"kksr-star\" data-star=\"1\" style=\"padding-right: 5px\">\n            \n\n<div class=\"kksr-icon\" style=\"width: 24px; height: 24px;\"><\/div>\n        <\/div>\n            <div class=\"kksr-star\" data-star=\"2\" style=\"padding-right: 5px\">\n            \n\n<div class=\"kksr-icon\" style=\"width: 24px; height: 24px;\"><\/div>\n        <\/div>\n            <div class=\"kksr-star\" data-star=\"3\" style=\"padding-right: 5px\">\n            \n\n<div class=\"kksr-icon\" style=\"width: 24px; height: 24px;\"><\/div>\n        <\/div>\n            <div class=\"kksr-star\" data-star=\"4\" style=\"padding-right: 5px\">\n            \n\n<div class=\"kksr-icon\" style=\"width: 24px; height: 24px;\"><\/div>\n        <\/div>\n            <div class=\"kksr-star\" data-star=\"5\" style=\"padding-right: 5px\">\n            \n\n<div class=\"kksr-icon\" style=\"width: 24px; height: 24px;\"><\/div>\n        <\/div>\n    <\/div>\n    \n<div class=\"kksr-stars-active\" style=\"width: 26.5px;\">\n            <div class=\"kksr-star\" style=\"padding-right: 5px\">\n            \n\n<div class=\"kksr-icon\" style=\"width: 24px; height: 24px;\"><\/div>\n        <\/div>\n            <div class=\"kksr-star\" style=\"padding-right: 5px\">\n            \n\n<div class=\"kksr-icon\" style=\"width: 24px; height: 24px;\"><\/div>\n        <\/div>\n            <div class=\"kksr-star\" style=\"padding-right: 5px\">\n            \n\n<div class=\"kksr-icon\" style=\"width: 24px; height: 24px;\"><\/div>\n        <\/div>\n            <div class=\"kksr-star\" style=\"padding-right: 5px\">\n            \n\n<div class=\"kksr-icon\" style=\"width: 24px; height: 24px;\"><\/div>\n        <\/div>\n            <div class=\"kksr-star\" style=\"padding-right: 5px\">\n            \n\n<div class=\"kksr-icon\" style=\"width: 24px; height: 24px;\"><\/div>\n        <\/div>\n    <\/div>\n<\/div>\n                \n\n<div class=\"kksr-legend\" style=\"font-size: 19.2px;\">\n            1\/5 - (1 vote)    <\/div>\n    <\/div>\n","protected":false},"excerpt":{"rendered":"<p>Zako\u0144czenie sezonu zimowego to nie tylko czas na zmian\u0119 garderoby, ale r\u00f3wnie\u017c okazja do przyjrzenia si\u0119 bli\u017cej kondycji naszych w\u0142os\u00f3w. Niskie temperatury, sucho\u015b\u0107 powietrza w ogrzewanych pomieszczeniach oraz noszenie czapek mog\u0105 mie\u0107 negatywny wp\u0142yw na stan naszej fryzury. Aby przywr\u00f3ci\u0107 w\u0142osom blask i zdrowy wygl\u0105d, warto wprowadzi\u0107 kilka kluczowych zmian w codziennej piel\u0119gnacji. Oto sprawdzone porady, jak zadba\u0107 o w\u0142osy po sezonie zimowym.<\/p>\n","protected":false},"author":3,"featured_media":8239,"comment_status":"open","ping_status":"open","sticky":false,"template":"","format":"standard","meta":[],"categories":[3],"tags":[],"yoast_head":"<!-- This site is optimized with the Yoast SEO plugin v18.4.1 - https:\/\/yoast.com\/wordpress\/plugins\/seo\/ -->\n<title>Jak zadba\u0107 o w\u0142osy po sezonie zimowym? Przywr\u00f3\u0107 w\u0142osom blask i zdrowy wygl\u0105d. - Pakuten blog<\/title>\n<meta name=\"description\" content=\"Zako\u0144czenie sezonu zimowego to nie tylko czas na zmian\u0119 garderoby, ale r\u00f3wnie\u017c okazja do przyjrzenia si\u0119 bli\u017cej kondycji naszych w\u0142os\u00f3w. Niskie temperatury, sucho\u015b\u0107 powietrza w ogrzewanych pomieszczeniach oraz noszenie czapek mog\u0105 mie\u0107 negatywny wp\u0142yw na stan naszej fryzury. Aby przywr\u00f3ci\u0107 w\u0142osom blask i zdrowy wygl\u0105d, warto wprowadzi\u0107 kilka kluczowych zmian w codziennej piel\u0119gnacji. Oto sprawdzone porady, jak zadba\u0107 o w\u0142osy po sezonie zimowym.\" \/>\n<meta name=\"robots\" content=\"index, follow, max-snippet:-1, max-image-preview:large, max-video-preview:-1\" \/>\n<link rel=\"canonical\" href=\"https:\/\/pakuten.pl\/blog\/jak-zadbac-o-wlosy-po-sezonie-zimowym-przywroc-wlosom-blask-i-zdrowy-wyglad\/\" \/>\n<meta property=\"og:locale\" content=\"pl_PL\" \/>\n<meta property=\"og:type\" content=\"article\" \/>\n<meta property=\"og:title\" content=\"Jak zadba\u0107 o w\u0142osy po sezonie zimowym? Przywr\u00f3\u0107 w\u0142osom blask i zdrowy wygl\u0105d. - Pakuten blog\" \/>\n<meta property=\"og:description\" content=\"Zako\u0144czenie sezonu zimowego to nie tylko czas na zmian\u0119 garderoby, ale r\u00f3wnie\u017c okazja do przyjrzenia si\u0119 bli\u017cej kondycji naszych w\u0142os\u00f3w. Niskie temperatury, sucho\u015b\u0107 powietrza w ogrzewanych pomieszczeniach oraz noszenie czapek mog\u0105 mie\u0107 negatywny wp\u0142yw na stan naszej fryzury. Aby przywr\u00f3ci\u0107 w\u0142osom blask i zdrowy wygl\u0105d, warto wprowadzi\u0107 kilka kluczowych zmian w codziennej piel\u0119gnacji. Oto sprawdzone porady, jak zadba\u0107 o w\u0142osy po sezonie zimowym.\" \/>\n<meta property=\"og:url\" content=\"https:\/\/pakuten.pl\/blog\/jak-zadbac-o-wlosy-po-sezonie-zimowym-przywroc-wlosom-blask-i-zdrowy-wyglad\/\" \/>\n<meta property=\"og:site_name\" content=\"Pakuten blog\" \/>\n<meta property=\"article:published_time\" content=\"2024-02-23T13:32:00+00:00\" \/>\n<meta property=\"article:modified_time\" content=\"2024-02-06T13:48:11+00:00\" \/>\n<meta property=\"og:image\" content=\"https:\/\/pakuten.pl\/blog\/wp-content\/uploads\/2024\/02\/Jak-zadbac\u0301-o-wlosy-po-sezonie-zimowym-Przywro\u0301cic\u0301-wlosom-blask-i-zdrowy-wygla\u0328d..jpg\" \/>\n\t<meta property=\"og:image:width\" content=\"1280\" \/>\n\t<meta property=\"og:image:height\" content=\"853\" \/>\n\t<meta property=\"og:image:type\" content=\"image\/jpeg\" \/>\n<meta name=\"twitter:card\" content=\"summary_large_image\" \/>\n<meta name=\"twitter:label1\" content=\"Napisane przez\" \/>\n\t<meta name=\"twitter:data1\" content=\"Pakuten Girl\" \/>\n\t<meta name=\"twitter:label2\" content=\"Szacowany czas czytania\" \/>\n\t<meta name=\"twitter:data2\" content=\"6 minut\" \/>\n<script type=\"application\/ld+json\" class=\"yoast-schema-graph\">{\"@context\":\"https:\/\/schema.org\",\"@graph\":[{\"@type\":\"Organization\",\"@id\":\"https:\/\/pakuten.pl\/blog\/#organization\",\"name\":\"Pakuten\",\"url\":\"https:\/\/pakuten.pl\/blog\/\",\"sameAs\":[],\"logo\":{\"@type\":\"ImageObject\",\"@id\":\"https:\/\/pakuten.pl\/blog\/#logo\",\"inLanguage\":\"pl-PL\",\"url\":\"http:\/\/pakuten.pl\/blog\/wp-content\/uploads\/2018\/01\/pakuten_logo.png\",\"contentUrl\":\"http:\/\/pakuten.pl\/blog\/wp-content\/uploads\/2018\/01\/pakuten_logo.png\",\"width\":300,\"height\":120,\"caption\":\"Pakuten\"},\"image\":{\"@id\":\"https:\/\/pakuten.pl\/blog\/#logo\"}},{\"@type\":\"WebSite\",\"@id\":\"https:\/\/pakuten.pl\/blog\/#website\",\"url\":\"https:\/\/pakuten.pl\/blog\/\",\"name\":\"Pakuten blog\",\"description\":\"Blog sklepu internetowego pakuten.pl\",\"publisher\":{\"@id\":\"https:\/\/pakuten.pl\/blog\/#organization\"},\"potentialAction\":[{\"@type\":\"SearchAction\",\"target\":{\"@type\":\"EntryPoint\",\"urlTemplate\":\"https:\/\/pakuten.pl\/blog\/?s={search_term_string}\"},\"query-input\":\"required name=search_term_string\"}],\"inLanguage\":\"pl-PL\"},{\"@type\":\"ImageObject\",\"@id\":\"https:\/\/pakuten.pl\/blog\/jak-zadbac-o-wlosy-po-sezonie-zimowym-przywroc-wlosom-blask-i-zdrowy-wyglad\/#primaryimage\",\"inLanguage\":\"pl-PL\",\"url\":\"https:\/\/pakuten.pl\/blog\/wp-content\/uploads\/2024\/02\/Jak-zadbac\u0301-o-wlosy-po-sezonie-zimowym-Przywro\u0301cic\u0301-wlosom-blask-i-zdrowy-wygla\u0328d..jpg\",\"contentUrl\":\"https:\/\/pakuten.pl\/blog\/wp-content\/uploads\/2024\/02\/Jak-zadbac\u0301-o-wlosy-po-sezonie-zimowym-Przywro\u0301cic\u0301-wlosom-blask-i-zdrowy-wygla\u0328d..jpg\",\"width\":1280,\"height\":853},{\"@type\":\"WebPage\",\"@id\":\"https:\/\/pakuten.pl\/blog\/jak-zadbac-o-wlosy-po-sezonie-zimowym-przywroc-wlosom-blask-i-zdrowy-wyglad\/#webpage\",\"url\":\"https:\/\/pakuten.pl\/blog\/jak-zadbac-o-wlosy-po-sezonie-zimowym-przywroc-wlosom-blask-i-zdrowy-wyglad\/\",\"name\":\"Jak zadba\u0107 o w\u0142osy po sezonie zimowym? Przywr\u00f3\u0107 w\u0142osom blask i zdrowy wygl\u0105d. - Pakuten blog\",\"isPartOf\":{\"@id\":\"https:\/\/pakuten.pl\/blog\/#website\"},\"primaryImageOfPage\":{\"@id\":\"https:\/\/pakuten.pl\/blog\/jak-zadbac-o-wlosy-po-sezonie-zimowym-przywroc-wlosom-blask-i-zdrowy-wyglad\/#primaryimage\"},\"datePublished\":\"2024-02-23T13:32:00+00:00\",\"dateModified\":\"2024-02-06T13:48:11+00:00\",\"description\":\"Zako\u0144czenie sezonu zimowego to nie tylko czas na zmian\u0119 garderoby, ale r\u00f3wnie\u017c okazja do przyjrzenia si\u0119 bli\u017cej kondycji naszych w\u0142os\u00f3w. Niskie temperatury, sucho\u015b\u0107 powietrza w ogrzewanych pomieszczeniach oraz noszenie czapek mog\u0105 mie\u0107 negatywny wp\u0142yw na stan naszej fryzury. Aby przywr\u00f3ci\u0107 w\u0142osom blask i zdrowy wygl\u0105d, warto wprowadzi\u0107 kilka kluczowych zmian w codziennej piel\u0119gnacji. Oto sprawdzone porady, jak zadba\u0107 o w\u0142osy po sezonie zimowym.\",\"breadcrumb\":{\"@id\":\"https:\/\/pakuten.pl\/blog\/jak-zadbac-o-wlosy-po-sezonie-zimowym-przywroc-wlosom-blask-i-zdrowy-wyglad\/#breadcrumb\"},\"inLanguage\":\"pl-PL\",\"potentialAction\":[{\"@type\":\"ReadAction\",\"target\":[\"https:\/\/pakuten.pl\/blog\/jak-zadbac-o-wlosy-po-sezonie-zimowym-przywroc-wlosom-blask-i-zdrowy-wyglad\/\"]}]},{\"@type\":\"BreadcrumbList\",\"@id\":\"https:\/\/pakuten.pl\/blog\/jak-zadbac-o-wlosy-po-sezonie-zimowym-przywroc-wlosom-blask-i-zdrowy-wyglad\/#breadcrumb\",\"itemListElement\":[{\"@type\":\"ListItem\",\"position\":1,\"name\":\"Strona g\u0142\u00f3wna\",\"item\":\"https:\/\/pakuten.pl\/blog\/\"},{\"@type\":\"ListItem\",\"position\":2,\"name\":\"Jak zadba\u0107 o w\u0142osy po sezonie zimowym? Przywr\u00f3\u0107 w\u0142osom blask i zdrowy wygl\u0105d.\"}]},{\"@type\":\"Article\",\"@id\":\"https:\/\/pakuten.pl\/blog\/jak-zadbac-o-wlosy-po-sezonie-zimowym-przywroc-wlosom-blask-i-zdrowy-wyglad\/#article\",\"isPartOf\":{\"@id\":\"https:\/\/pakuten.pl\/blog\/jak-zadbac-o-wlosy-po-sezonie-zimowym-przywroc-wlosom-blask-i-zdrowy-wyglad\/#webpage\"},\"author\":{\"@id\":\"https:\/\/pakuten.pl\/blog\/#\/schema\/person\/d7133af30211381a4e4536d088384556\"},\"headline\":\"Jak zadba\u0107 o w\u0142osy po sezonie zimowym? Przywr\u00f3\u0107 w\u0142osom blask i zdrowy wygl\u0105d.\",\"datePublished\":\"2024-02-23T13:32:00+00:00\",\"dateModified\":\"2024-02-06T13:48:11+00:00\",\"mainEntityOfPage\":{\"@id\":\"https:\/\/pakuten.pl\/blog\/jak-zadbac-o-wlosy-po-sezonie-zimowym-przywroc-wlosom-blask-i-zdrowy-wyglad\/#webpage\"},\"wordCount\":1012,\"commentCount\":0,\"publisher\":{\"@id\":\"https:\/\/pakuten.pl\/blog\/#organization\"},\"image\":{\"@id\":\"https:\/\/pakuten.pl\/blog\/jak-zadbac-o-wlosy-po-sezonie-zimowym-przywroc-wlosom-blask-i-zdrowy-wyglad\/#primaryimage\"},\"thumbnailUrl\":\"https:\/\/pakuten.pl\/blog\/wp-content\/uploads\/2024\/02\/Jak-zadbac\u0301-o-wlosy-po-sezonie-zimowym-Przywro\u0301cic\u0301-wlosom-blask-i-zdrowy-wygla\u0328d..jpg\",\"articleSection\":[\"Top Trends\"],\"inLanguage\":\"pl-PL\",\"potentialAction\":[{\"@type\":\"CommentAction\",\"name\":\"Comment\",\"target\":[\"https:\/\/pakuten.pl\/blog\/jak-zadbac-o-wlosy-po-sezonie-zimowym-przywroc-wlosom-blask-i-zdrowy-wyglad\/#respond\"]}]},{\"@type\":\"Person\",\"@id\":\"https:\/\/pakuten.pl\/blog\/#\/schema\/person\/d7133af30211381a4e4536d088384556\",\"name\":\"Pakuten Girl\",\"image\":{\"@type\":\"ImageObject\",\"@id\":\"https:\/\/pakuten.pl\/blog\/#personlogo\",\"inLanguage\":\"pl-PL\",\"url\":\"https:\/\/secure.gravatar.com\/avatar\/d3df41de2caf92e6cfded9430c2ff352?s=96&d=mm&r=g\",\"contentUrl\":\"https:\/\/secure.gravatar.com\/avatar\/d3df41de2caf92e6cfded9430c2ff352?s=96&d=mm&r=g\",\"caption\":\"Pakuten Girl\"},\"description\":\"Cze\u015b\u0107, nazywam si\u0119 Ola. Kocham Netflixa, sals\u0119, nowo\u015bci kosmetyczne i najnowsze trendy w modzie.\",\"url\":\"https:\/\/pakuten.pl\/blog\/author\/pakuten-girl\/\"}]}<\/script>\n<!-- \/ Yoast SEO plugin. -->","yoast_head_json":{"title":"Jak zadba\u0107 o w\u0142osy po sezonie zimowym? Przywr\u00f3\u0107 w\u0142osom blask i zdrowy wygl\u0105d. - Pakuten blog","description":"Zako\u0144czenie sezonu zimowego to nie tylko czas na zmian\u0119 garderoby, ale r\u00f3wnie\u017c okazja do przyjrzenia si\u0119 bli\u017cej kondycji naszych w\u0142os\u00f3w. Niskie temperatury, sucho\u015b\u0107 powietrza w ogrzewanych pomieszczeniach oraz noszenie czapek mog\u0105 mie\u0107 negatywny wp\u0142yw na stan naszej fryzury. Aby przywr\u00f3ci\u0107 w\u0142osom blask i zdrowy wygl\u0105d, warto wprowadzi\u0107 kilka kluczowych zmian w codziennej piel\u0119gnacji. Oto sprawdzone porady, jak zadba\u0107 o w\u0142osy po sezonie zimowym.","robots":{"index":"index","follow":"follow","max-snippet":"max-snippet:-1","max-image-preview":"max-image-preview:large","max-video-preview":"max-video-preview:-1"},"canonical":"https:\/\/pakuten.pl\/blog\/jak-zadbac-o-wlosy-po-sezonie-zimowym-przywroc-wlosom-blask-i-zdrowy-wyglad\/","og_locale":"pl_PL","og_type":"article","og_title":"Jak zadba\u0107 o w\u0142osy po sezonie zimowym? Przywr\u00f3\u0107 w\u0142osom blask i zdrowy wygl\u0105d. - Pakuten blog","og_description":"Zako\u0144czenie sezonu zimowego to nie tylko czas na zmian\u0119 garderoby, ale r\u00f3wnie\u017c okazja do przyjrzenia si\u0119 bli\u017cej kondycji naszych w\u0142os\u00f3w. Niskie temperatury, sucho\u015b\u0107 powietrza w ogrzewanych pomieszczeniach oraz noszenie czapek mog\u0105 mie\u0107 negatywny wp\u0142yw na stan naszej fryzury. Aby przywr\u00f3ci\u0107 w\u0142osom blask i zdrowy wygl\u0105d, warto wprowadzi\u0107 kilka kluczowych zmian w codziennej piel\u0119gnacji. Oto sprawdzone porady, jak zadba\u0107 o w\u0142osy po sezonie zimowym.","og_url":"https:\/\/pakuten.pl\/blog\/jak-zadbac-o-wlosy-po-sezonie-zimowym-przywroc-wlosom-blask-i-zdrowy-wyglad\/","og_site_name":"Pakuten blog","article_published_time":"2024-02-23T13:32:00+00:00","article_modified_time":"2024-02-06T13:48:11+00:00","og_image":[{"width":1280,"height":853,"url":"https:\/\/pakuten.pl\/blog\/wp-content\/uploads\/2024\/02\/Jak-zadbac\u0301-o-wlosy-po-sezonie-zimowym-Przywro\u0301cic\u0301-wlosom-blask-i-zdrowy-wygla\u0328d..jpg","type":"image\/jpeg"}],"twitter_card":"summary_large_image","twitter_misc":{"Napisane przez":"Pakuten Girl","Szacowany czas czytania":"6 minut"},"schema":{"@context":"https:\/\/schema.org","@graph":[{"@type":"Organization","@id":"https:\/\/pakuten.pl\/blog\/#organization","name":"Pakuten","url":"https:\/\/pakuten.pl\/blog\/","sameAs":[],"logo":{"@type":"ImageObject","@id":"https:\/\/pakuten.pl\/blog\/#logo","inLanguage":"pl-PL","url":"http:\/\/pakuten.pl\/blog\/wp-content\/uploads\/2018\/01\/pakuten_logo.png","contentUrl":"http:\/\/pakuten.pl\/blog\/wp-content\/uploads\/2018\/01\/pakuten_logo.png","width":300,"height":120,"caption":"Pakuten"},"image":{"@id":"https:\/\/pakuten.pl\/blog\/#logo"}},{"@type":"WebSite","@id":"https:\/\/pakuten.pl\/blog\/#website","url":"https:\/\/pakuten.pl\/blog\/","name":"Pakuten blog","description":"Blog sklepu internetowego pakuten.pl","publisher":{"@id":"https:\/\/pakuten.pl\/blog\/#organization"},"potentialAction":[{"@type":"SearchAction","target":{"@type":"EntryPoint","urlTemplate":"https:\/\/pakuten.pl\/blog\/?s={search_term_string}"},"query-input":"required name=search_term_string"}],"inLanguage":"pl-PL"},{"@type":"ImageObject","@id":"https:\/\/pakuten.pl\/blog\/jak-zadbac-o-wlosy-po-sezonie-zimowym-przywroc-wlosom-blask-i-zdrowy-wyglad\/#primaryimage","inLanguage":"pl-PL","url":"https:\/\/pakuten.pl\/blog\/wp-content\/uploads\/2024\/02\/Jak-zadbac\u0301-o-wlosy-po-sezonie-zimowym-Przywro\u0301cic\u0301-wlosom-blask-i-zdrowy-wygla\u0328d..jpg","contentUrl":"https:\/\/pakuten.pl\/blog\/wp-content\/uploads\/2024\/02\/Jak-zadbac\u0301-o-wlosy-po-sezonie-zimowym-Przywro\u0301cic\u0301-wlosom-blask-i-zdrowy-wygla\u0328d..jpg","width":1280,"height":853},{"@type":"WebPage","@id":"https:\/\/pakuten.pl\/blog\/jak-zadbac-o-wlosy-po-sezonie-zimowym-przywroc-wlosom-blask-i-zdrowy-wyglad\/#webpage","url":"https:\/\/pakuten.pl\/blog\/jak-zadbac-o-wlosy-po-sezonie-zimowym-przywroc-wlosom-blask-i-zdrowy-wyglad\/","name":"Jak zadba\u0107 o w\u0142osy po sezonie zimowym? Przywr\u00f3\u0107 w\u0142osom blask i zdrowy wygl\u0105d. - Pakuten blog","isPartOf":{"@id":"https:\/\/pakuten.pl\/blog\/#website"},"primaryImageOfPage":{"@id":"https:\/\/pakuten.pl\/blog\/jak-zadbac-o-wlosy-po-sezonie-zimowym-przywroc-wlosom-blask-i-zdrowy-wyglad\/#primaryimage"},"datePublished":"2024-02-23T13:32:00+00:00","dateModified":"2024-02-06T13:48:11+00:00","description":"Zako\u0144czenie sezonu zimowego to nie tylko czas na zmian\u0119 garderoby, ale r\u00f3wnie\u017c okazja do przyjrzenia si\u0119 bli\u017cej kondycji naszych w\u0142os\u00f3w. Niskie temperatury, sucho\u015b\u0107 powietrza w ogrzewanych pomieszczeniach oraz noszenie czapek mog\u0105 mie\u0107 negatywny wp\u0142yw na stan naszej fryzury. Aby przywr\u00f3ci\u0107 w\u0142osom blask i zdrowy wygl\u0105d, warto wprowadzi\u0107 kilka kluczowych zmian w codziennej piel\u0119gnacji. Oto sprawdzone porady, jak zadba\u0107 o w\u0142osy po sezonie zimowym.","breadcrumb":{"@id":"https:\/\/pakuten.pl\/blog\/jak-zadbac-o-wlosy-po-sezonie-zimowym-przywroc-wlosom-blask-i-zdrowy-wyglad\/#breadcrumb"},"inLanguage":"pl-PL","potentialAction":[{"@type":"ReadAction","target":["https:\/\/pakuten.pl\/blog\/jak-zadbac-o-wlosy-po-sezonie-zimowym-przywroc-wlosom-blask-i-zdrowy-wyglad\/"]}]},{"@type":"BreadcrumbList","@id":"https:\/\/pakuten.pl\/blog\/jak-zadbac-o-wlosy-po-sezonie-zimowym-przywroc-wlosom-blask-i-zdrowy-wyglad\/#breadcrumb","itemListElement":[{"@type":"ListItem","position":1,"name":"Strona g\u0142\u00f3wna","item":"https:\/\/pakuten.pl\/blog\/"},{"@type":"ListItem","position":2,"name":"Jak zadba\u0107 o w\u0142osy po sezonie zimowym? Przywr\u00f3\u0107 w\u0142osom blask i zdrowy wygl\u0105d."}]},{"@type":"Article","@id":"https:\/\/pakuten.pl\/blog\/jak-zadbac-o-wlosy-po-sezonie-zimowym-przywroc-wlosom-blask-i-zdrowy-wyglad\/#article","isPartOf":{"@id":"https:\/\/pakuten.pl\/blog\/jak-zadbac-o-wlosy-po-sezonie-zimowym-przywroc-wlosom-blask-i-zdrowy-wyglad\/#webpage"},"author":{"@id":"https:\/\/pakuten.pl\/blog\/#\/schema\/person\/d7133af30211381a4e4536d088384556"},"headline":"Jak zadba\u0107 o w\u0142osy po sezonie zimowym? Przywr\u00f3\u0107 w\u0142osom blask i zdrowy wygl\u0105d.","datePublished":"2024-02-23T13:32:00+00:00","dateModified":"2024-02-06T13:48:11+00:00","mainEntityOfPage":{"@id":"https:\/\/pakuten.pl\/blog\/jak-zadbac-o-wlosy-po-sezonie-zimowym-przywroc-wlosom-blask-i-zdrowy-wyglad\/#webpage"},"wordCount":1012,"commentCount":0,"publisher":{"@id":"https:\/\/pakuten.pl\/blog\/#organization"},"image":{"@id":"https:\/\/pakuten.pl\/blog\/jak-zadbac-o-wlosy-po-sezonie-zimowym-przywroc-wlosom-blask-i-zdrowy-wyglad\/#primaryimage"},"thumbnailUrl":"https:\/\/pakuten.pl\/blog\/wp-content\/uploads\/2024\/02\/Jak-zadbac\u0301-o-wlosy-po-sezonie-zimowym-Przywro\u0301cic\u0301-wlosom-blask-i-zdrowy-wygla\u0328d..jpg","articleSection":["Top Trends"],"inLanguage":"pl-PL","potentialAction":[{"@type":"CommentAction","name":"Comment","target":["https:\/\/pakuten.pl\/blog\/jak-zadbac-o-wlosy-po-sezonie-zimowym-przywroc-wlosom-blask-i-zdrowy-wyglad\/#respond"]}]},{"@type":"Person","@id":"https:\/\/pakuten.pl\/blog\/#\/schema\/person\/d7133af30211381a4e4536d088384556","name":"Pakuten Girl","image":{"@type":"ImageObject","@id":"https:\/\/pakuten.pl\/blog\/#personlogo","inLanguage":"pl-PL","url":"https:\/\/secure.gravatar.com\/avatar\/d3df41de2caf92e6cfded9430c2ff352?s=96&d=mm&r=g","contentUrl":"https:\/\/secure.gravatar.com\/avatar\/d3df41de2caf92e6cfded9430c2ff352?s=96&d=mm&r=g","caption":"Pakuten Girl"},"description":"Cze\u015b\u0107, nazywam si\u0119 Ola. Kocham Netflixa, sals\u0119, nowo\u015bci kosmetyczne i najnowsze trendy w modzie.","url":"https:\/\/pakuten.pl\/blog\/author\/pakuten-girl\/"}]}},"_links":{"self":[{"href":"https:\/\/pakuten.pl\/blog\/wp-json\/wp\/v2\/posts\/8235"}],"collection":[{"href":"https:\/\/pakuten.pl\/blog\/wp-json\/wp\/v2\/posts"}],"about":[{"href":"https:\/\/pakuten.pl\/blog\/wp-json\/wp\/v2\/types\/post"}],"author":[{"embeddable":true,"href":"https:\/\/pakuten.pl\/blog\/wp-json\/wp\/v2\/users\/3"}],"replies":[{"embeddable":true,"href":"https:\/\/pakuten.pl\/blog\/wp-json\/wp\/v2\/comments?post=8235"}],"version-history":[{"count":10,"href":"https:\/\/pakuten.pl\/blog\/wp-json\/wp\/v2\/posts\/8235\/revisions"}],"predecessor-version":[{"id":8250,"href":"https:\/\/pakuten.pl\/blog\/wp-json\/wp\/v2\/posts\/8235\/revisions\/8250"}],"wp:featuredmedia":[{"embeddable":true,"href":"https:\/\/pakuten.pl\/blog\/wp-json\/wp\/v2\/media\/8239"}],"wp:attachment":[{"href":"https:\/\/pakuten.pl\/blog\/wp-json\/wp\/v2\/media?parent=8235"}],"wp:term":[{"taxonomy":"category","embeddable":true,"href":"https:\/\/pakuten.pl\/blog\/wp-json\/wp\/v2\/categories?post=8235"},{"taxonomy":"post_tag","embeddable":true,"href":"https:\/\/pakuten.pl\/blog\/wp-json\/wp\/v2\/tags?post=8235"}],"curies":[{"name":"wp","href":"https:\/\/api.w.org\/{rel}","templated":true}]}}