{"id":8283,"date":"2024-03-04T09:42:00","date_gmt":"2024-03-04T08:42:00","guid":{"rendered":"https:\/\/pakuten.pl\/blog\/?p=8283"},"modified":"2024-02-15T10:09:35","modified_gmt":"2024-02-15T09:09:35","slug":"jak-wybrac-idealna-stylizacje-na-dzien-kobiet-podkreslenie-urody-i-stylowe-akcenty","status":"publish","type":"post","link":"https:\/\/pakuten.pl\/blog\/jak-wybrac-idealna-stylizacje-na-dzien-kobiet-podkreslenie-urody-i-stylowe-akcenty\/","title":{"rendered":"Jak Wybra\u0107 Idealn\u0105 Stylizacj\u0119 na Dzie\u0144 Kobiet: Podkre\u015blenie Urody i Stylowe Akcenty"},"content":{"rendered":"\n<p class=\"p1\"><strong>\u015awi\u0119to Dnia Kobiet zbli\u017ca si\u0119 wielkimi krokami, co oznacza, \u017ce czas zastanowi\u0107 si\u0119 nad idealn\u0105 stylizacj\u0105, kt\u00f3ra podkre\u015bli nie tylko nasz\u0105 urod\u0119, ale r\u00f3wnie\u017c symbolicznie wyrazi si\u0142\u0119 i elegancj\u0119 kobiecej natury. Oto kilka inspiracji i wskaz\u00f3wek, jak stworzy\u0107 wyj\u0105tkow\u0105 i stylow\u0105 kreacj\u0119 na ten wyj\u0105tkowy dzie\u0144.<\/strong><\/p>\n<h2 class=\"p1\"><span style=\"color: #ff9900;\">Wybierz Klasyczny Elegancki Look<\/span><\/h2>\n<p class=\"p1\">Je\u015bli zale\u017cy Ci na klasycznym wygl\u0105dzie, postaw na eleganck\u0105 <span style=\"color: #ff9900;\"><a style=\"color: #ff9900;\" href=\"https:\/\/pakuten.pl\/27-sukienki\" target=\"_blank\" rel=\"noopener\">sukienk\u0119<\/a><\/span> w neutralnym kolorze, kt\u00f3ra podkre\u015bli Twoj\u0105 kobiec\u0105 sylwetk\u0119. Mo\u017cesz wybra\u0107 klasyczny fason o\u0142\u00f3wkowy lub lekko rozkloszowan\u0105 sukienk\u0119, kt\u00f3ra doda lekko\u015bci Twojej stylizacji. Dodaj do niej delikatne akcenty bi\u017cuteryjne, takie jak z\u0142ote lub srebrne kolczyki i bransoletka, kt\u00f3re uzupe\u0142ni\u0105 Tw\u00f3j wygl\u0105d. W\u0142osy mo\u017cesz pu\u015bci\u0107 swobodnie lub zwi\u0105za\u0107 w elegancki kok, co dodatkowo podkre\u015bli Tw\u00f3j szyk i elegancj\u0119.<\/p>\n<div class=\"product-box-container\">\r\n<div class=\"one_third \" style=\"\">\r\n<div class=\"product-box\">\r\n<a href=\"https:\/\/pakuten.pl\/36672-79666-bezowa-sukienka-midi-z-rozcieciem-valenittna-bezowy.html\" target=\"_blank\">\r\n <img src=\"https:\/\/media.pakuten.pl\/216477-large_default\/bezowa-sukienka-midi-z-rozcieciem-valenittna.jpg\" alt=\"Be\u017cowa sukienka midi z rozci\u0119ciem Valenittna\"\/>\r\n<\/a>\r\n<p>\r\n<a href=\"https:\/\/pakuten.pl\/36672-79666-bezowa-sukienka-midi-z-rozcieciem-valenittna-bezowy.html\" target=\"_blank\">\r\nBe\u017cowa sukienka midi z rozci\u0119ciem Valenittna\r\n<\/a><\/p>\r\n  <p>Cena: 39,99\u00a0z\u0142<\/p>\r\n<a href=\"https:\/\/pakuten.pl\/36672-79666-bezowa-sukienka-midi-z-rozcieciem-valenittna-bezowy.html\" target=\"_blank\" class=\"button\">\r\nZobacz w sklepie\r\n<\/a>\r\n<\/div>\r\n<\/div>\r\n<div class=\"one_third \" style=\"\">\r\n<div class=\"product-box\">\r\n<a href=\"https:\/\/pakuten.pl\/36644-79631-sukienka-z-przekladanym-dekoltem-i-marszczeniem-ellies-morski-morski.html\" target=\"_blank\">\r\n  <img src=\"https:\/\/media.pakuten.pl\/216322-large_default\/sukienka-z-przekladanym-dekoltem-i-marszczeniem-ellies-morski.jpg\" alt=\"Sukienka z przek\u0142adanym dekoltem i marszczeniem Ellies - morski\"\/>\r\n<\/a>\r\n<p>\r\n<a href=\"https:\/\/pakuten.pl\/36644-79631-sukienka-z-przekladanym-dekoltem-i-marszczeniem-ellies-morski-morski.html\" target=\"_blank\">\r\nSukienka z przek\u0142adanym dekoltem i marszczeniem Ellies - morski\r\n<\/a><\/p>\r\n  <p>Cena: 111,99\u00a0z\u0142<\/p>\r\n<a href=\"https:\/\/pakuten.pl\/36644-79631-sukienka-z-przekladanym-dekoltem-i-marszczeniem-ellies-morski-morski.html\" target=\"_blank\" class=\"button\">\r\nZobacz w sklepie\r\n<\/a>\r\n<\/div>\r\n<\/div>\r\n<div class=\"one_third last \" style=\"\">\r\n<div class=\"product-box\">\r\n<a href=\"https:\/\/pakuten.pl\/36666-79654-czarna-sukienka-z-bufkami-makaila-czarny.html\" target=\"_blank\">\r\n  <img src=\"https:\/\/media.pakuten.pl\/216433-large_default\/czarna-sukienka-z-bufkami-makaila.jpg\" alt=\"Czarna sukienka z bufkami Makaila\"\/>\r\n<\/a>\r\n<p>\r\n<a href=\"https:\/\/pakuten.pl\/36666-79654-czarna-sukienka-z-bufkami-makaila-czarny.html\" target=\"_blank\">\r\nCzarna sukienka z bufkami Makaila\r\n<\/a><\/p>\r\n  <p>Cena: 39,99\u00a0z\u0142<\/p>\r\n<a href=\"https:\/\/pakuten.pl\/36666-79654-czarna-sukienka-z-bufkami-makaila-czarny.html\" target=\"_blank\" class=\"button\">\r\nZobacz w sklepie\r\n<\/a>\r\n<\/div>\r\n<\/div><br class=\"clear\"\/>\r\n<\/div>\n<h2 class=\"p1\"><span style=\"color: #ff9900;\">Wzmacniaj Si\u0142\u0119 Kobieco\u015bci Kolorem<\/span><\/h2>\n<p class=\"p1\">Kolor ma ogromne znaczenie w kreowaniu nastroju i wyrazisto\u015bci naszej stylizacji. W dzie\u0144 kobiet warto postawi\u0107 na kobiece i subtelne kolory, takie jak pastele czy g\u0142\u0119bokie odcienie r\u00f3\u017cu czy fioletu. Wybierz kolor, kt\u00f3ry najlepiej podkre\u015bla Twoj\u0105 urod\u0119 i dodaje pewno\u015bci siebie.<\/p>\n<div class=\"product-box-container\">\r\n<div class=\"one_third \" style=\"\">\r\n<div class=\"product-box\">\r\n<a href=\"https:\/\/pakuten.pl\/36623-79604-kwiecista-rozkloszowana-sukienka-z-przekladanym-dekoltem-elizebeth-e4-e4.html\" target=\"_blank\">\r\n <img src=\"https:\/\/media.pakuten.pl\/216224-large_default\/kwiecista-rozkloszowana-sukienka-z-przekladanym-dekoltem-elizebeth-e4.jpg\" alt=\"Kwiecista rozkloszowana sukienka z przek\u0142adanym dekoltem Elizebeth - E4\"\/>\r\n<\/a>\r\n<p>\r\n<a href=\"https:\/\/pakuten.pl\/36623-79604-kwiecista-rozkloszowana-sukienka-z-przekladanym-dekoltem-elizebeth-e4-e4.html\" target=\"_blank\">\r\nKwiecista rozkloszowana sukienka z przek\u0142adanym dekoltem Elizebeth - E4\r\n<\/a><\/p>\r\n  <p>Cena: 110,59\u00a0z\u0142<\/p>\r\n<a href=\"https:\/\/pakuten.pl\/36623-79604-kwiecista-rozkloszowana-sukienka-z-przekladanym-dekoltem-elizebeth-e4-e4.html\" target=\"_blank\" class=\"button\">\r\nZobacz w sklepie\r\n<\/a>\r\n<\/div>\r\n<\/div>\r\n<div class=\"one_third \" style=\"\">\r\n<div class=\"product-box\">\r\n<a href=\"https:\/\/pakuten.pl\/36086-78738-malinowa-sukienka-z-tiulowymi-rekawami-i-dekoltem-olyene-malinowy.html\" target=\"_blank\">\r\n  <img src=\"https:\/\/media.pakuten.pl\/213884-large_default\/malinowa-sukienka-z-tiulowymi-rekawami-i-dekoltem-olyene.jpg\" alt=\"Malinowa sukienka z tiulowymi r\u0119kawami i dekoltem Olyene\"\/>\r\n<\/a>\r\n<p>\r\n<a href=\"https:\/\/pakuten.pl\/36086-78738-malinowa-sukienka-z-tiulowymi-rekawami-i-dekoltem-olyene-malinowy.html\" target=\"_blank\">\r\nMalinowa sukienka z tiulowymi r\u0119kawami i dekoltem Olyene\r\n<\/a><\/p>\r\n  <p>Cena: 105,99\u00a0z\u0142<\/p>\r\n<a href=\"https:\/\/pakuten.pl\/36086-78738-malinowa-sukienka-z-tiulowymi-rekawami-i-dekoltem-olyene-malinowy.html\" target=\"_blank\" class=\"button\">\r\nZobacz w sklepie\r\n<\/a>\r\n<\/div>\r\n<\/div>\r\n<div class=\"one_third last \" style=\"\">\r\n<div class=\"product-box\">\r\n<a href=\"https:\/\/pakuten.pl\/36625-79608-wzorzysta-sukienka-z-marszczeniem-na-dekolcie-meilan-j5-j5.html\" target=\"_blank\">\r\n  <img src=\"https:\/\/media.pakuten.pl\/216233-large_default\/wzorzysta-sukienka-z-marszczeniem-na-dekolcie-meilan-j5.jpg\" alt=\"Wzorzysta sukienka z marszczeniem na dekolcie Meilan - J5\"\/>\r\n<\/a>\r\n<p>\r\n<a href=\"https:\/\/pakuten.pl\/36625-79608-wzorzysta-sukienka-z-marszczeniem-na-dekolcie-meilan-j5-j5.html\" target=\"_blank\">\r\nWzorzysta sukienka z marszczeniem na dekolcie Meilan - J5\r\n<\/a><\/p>\r\n  <p>Cena: 79,99\u00a0z\u0142<\/p>\r\n<a href=\"https:\/\/pakuten.pl\/36625-79608-wzorzysta-sukienka-z-marszczeniem-na-dekolcie-meilan-j5-j5.html\" target=\"_blank\" class=\"button\">\r\nZobacz w sklepie\r\n<\/a>\r\n<\/div>\r\n<\/div><br class=\"clear\"\/>\r\n<\/div>\n<h2 class=\"p1\"><span style=\"color: #ff9900;\">Nie Zapominaj o Komforcie<\/span><\/h2>\n<p class=\"p1\">Niezale\u017cnie od tego, jak pi\u0119knie wygl\u0105da Twoja stylizacja, komfort powinien by\u0107 zawsze priorytetem. Wybieraj ubrania, w kt\u00f3rych czujesz si\u0119 swobodnie i pewnie, co pozwoli Ci cieszy\u0107 si\u0119 ka\u017cd\u0105 chwil\u0105 tego wyj\u0105tkowego dnia bez dyskomfortu.<\/p>\n<div class=\"product-box-container\">\r\n<div class=\"one_third \" style=\"\">\r\n<div class=\"product-box\">\r\n<a href=\"https:\/\/pakuten.pl\/36256-78979-pudrowa-szyfonowa-bluzka-typu-hiszpanka-sellenies-pudrowy.html\" target=\"_blank\">\r\n <img src=\"https:\/\/media.pakuten.pl\/214898-large_default\/pudrowa-szyfonowa-bluzka-typu-hiszpanka-sellenies.jpg\" alt=\"Pudrowa szyfonowa bluzka typu hiszpanka Sellenies\"\/>\r\n<\/a>\r\n<p>\r\n<a href=\"https:\/\/pakuten.pl\/36256-78979-pudrowa-szyfonowa-bluzka-typu-hiszpanka-sellenies-pudrowy.html\" target=\"_blank\">\r\nPudrowa szyfonowa bluzka typu hiszpanka Sellenies\r\n<\/a><\/p>\r\n  <p>Cena: 39,99\u00a0z\u0142<\/p>\r\n<a href=\"https:\/\/pakuten.pl\/36256-78979-pudrowa-szyfonowa-bluzka-typu-hiszpanka-sellenies-pudrowy.html\" target=\"_blank\" class=\"button\">\r\nZobacz w sklepie\r\n<\/a>\r\n<\/div>\r\n<\/div>\r\n<div class=\"one_third \" style=\"\">\r\n<div class=\"product-box\">\r\n<a href=\"https:\/\/pakuten.pl\/36298-79046-prazkowana-dopasowana-sukienka-z-dekoltem-w-serek-nazioo-brudny-roz-brudny-roz.html\" target=\"_blank\">\r\n  <img src=\"https:\/\/media.pakuten.pl\/214813-large_default\/prazkowana-dopasowana-sukienka-z-dekoltem-w-serek-nazioo-brudny-roz.jpg\" alt=\"Pr\u0105\u017ckowana dopasowana sukienka z dekoltem w serek Nazioo - brudny r\u00f3\u017c\"\/>\r\n<\/a>\r\n<p>\r\n<a href=\"https:\/\/pakuten.pl\/36298-79046-prazkowana-dopasowana-sukienka-z-dekoltem-w-serek-nazioo-brudny-roz-brudny-roz.html\" target=\"_blank\">\r\nPr\u0105\u017ckowana dopasowana sukienka z dekoltem w serek Nazioo - brudny r\u00f3\u017c\r\n<\/a><\/p>\r\n  <p>Cena: 39,99\u00a0z\u0142<\/p>\r\n<a href=\"https:\/\/pakuten.pl\/36298-79046-prazkowana-dopasowana-sukienka-z-dekoltem-w-serek-nazioo-brudny-roz-brudny-roz.html\" target=\"_blank\" class=\"button\">\r\nZobacz w sklepie\r\n<\/a>\r\n<\/div>\r\n<\/div>\r\n<div class=\"one_third last \" style=\"\">\r\n<div class=\"product-box\">\r\n<a href=\"https:\/\/pakuten.pl\/36244-78957-koszulka-z-dekoltem-w-serek-miniaa-brudny-roz-brudny-roz.html\" target=\"_blank\">\r\n  <img src=\"https:\/\/media.pakuten.pl\/214546-large_default\/koszulka-z-dekoltem-w-serek-miniaa-brudny-roz.jpg\" alt=\"Koszulka z dekoltem w serek Miniaa - brudny r\u00f3\u017c\"\/>\r\n<\/a>\r\n<p>\r\n<a href=\"https:\/\/pakuten.pl\/36244-78957-koszulka-z-dekoltem-w-serek-miniaa-brudny-roz-brudny-roz.html\" target=\"_blank\">\r\nKoszulka z dekoltem w serek Miniaa - brudny r\u00f3\u017c\r\n<\/a><\/p>\r\n  <p>Cena: 19,99\u00a0z\u0142<\/p>\r\n<a href=\"https:\/\/pakuten.pl\/36244-78957-koszulka-z-dekoltem-w-serek-miniaa-brudny-roz-brudny-roz.html\" target=\"_blank\" class=\"button\">\r\nZobacz w sklepie\r\n<\/a>\r\n<\/div>\r\n<\/div><br class=\"clear\"\/>\r\n<\/div>\n<h2 class=\"p1\"><span style=\"color: #ff9900;\">Postaw na Stylowy Kombinezon<\/span><\/h2>\n<p class=\"p1\">Je\u015bli preferujesz bardziej nowoczesny i awangardowy look, <span style=\"color: #ff9900;\"><a style=\"color: #ff9900;\" href=\"https:\/\/pakuten.pl\/21-kombinezony\" target=\"_blank\" rel=\"noopener\">kombinezon<\/a><\/span> b\u0119dzie doskona\u0142ym wyborem. Wybierz model o dopasowanym kroju, kt\u00f3ry podkre\u015bli Twoj\u0105 sylwetk\u0119, a jednocze\u015bnie b\u0119dzie wygodny w noszeniu. Kombinezon w neutralnym kolorze, jak czarny czy granatowy, z subtelnymi detalami, jak na przyk\u0142ad z\u0142ote guziki czy ozdobne szwy, b\u0119dzie idealny na t\u0119 okazj\u0119. Po\u0142\u0105cz go z eleganckimi szpilkami i minimalistyczn\u0105 torebk\u0105, aby stworzy\u0107 kompletn\u0105 i szykown\u0105 stylizacj\u0119.<\/p>\n<p>\u00a0<\/p>\n<blockquote class=\"instagram-media\" style=\"background: #FFF; border: 0; border-radius: 3px; box-shadow: 0 0 1px 0 rgba(0,0,0,0.5),0 1px 10px 0 rgba(0,0,0,0.15); margin: 1px; max-width: 540px; min-width: 326px; padding: 0; width: calc(100% - 2px);\" data-instgrm-permalink=\"https:\/\/www.instagram.com\/reel\/C270plooiuY\/?utm_source=ig_embed&amp;utm_campaign=loading\" data-instgrm-version=\"14\">\n<div style=\"padding: 16px;\">\n<div style=\"display: flex; flex-direction: row; align-items: center;\">\n<div style=\"background-color: #f4f4f4; border-radius: 50%; flex-grow: 0; height: 40px; margin-right: 14px; width: 40px;\">\u00a0<\/div>\n<div style=\"display: flex; flex-direction: column; flex-grow: 1; justify-content: center;\">\n<div style=\"background-color: #f4f4f4; border-radius: 4px; flex-grow: 0; height: 14px; margin-bottom: 6px; width: 100px;\">\u00a0<\/div>\n<div style=\"background-color: #f4f4f4; border-radius: 4px; flex-grow: 0; height: 14px; width: 60px;\">\u00a0<\/div>\n<\/div>\n<\/div>\n<div style=\"padding: 19% 0;\">\u00a0<\/div>\n<div style=\"display: block; height: 50px; margin: 0 auto 12px; width: 50px;\">\u00a0<\/div>\n<div style=\"padding-top: 8px;\">\n<div style=\"color: #3897f0; font-family: Arial,sans-serif; font-size: 14px; font-style: normal; font-weight: 550; line-height: 18px;\">Wy\u015bwietl ten post na Instagramie<\/div>\n<\/div>\n<div style=\"padding: 12.5% 0;\">\u00a0<\/div>\n<div style=\"display: flex; flex-direction: row; margin-bottom: 14px; align-items: center;\">\n<div>\n<div style=\"background-color: #f4f4f4; border-radius: 50%; height: 12.5px; width: 12.5px; transform: translateX(0px) translateY(7px);\">\u00a0<\/div>\n<div style=\"background-color: #f4f4f4; height: 12.5px; transform: rotate(-45deg) translateX(3px) translateY(1px); width: 12.5px; flex-grow: 0; margin-right: 14px; margin-left: 2px;\">\u00a0<\/div>\n<div style=\"background-color: #f4f4f4; border-radius: 50%; height: 12.5px; width: 12.5px; transform: translateX(9px) translateY(-18px);\">\u00a0<\/div>\n<\/div>\n<div style=\"margin-left: 8px;\">\n<div style=\"background-color: #f4f4f4; border-radius: 50%; flex-grow: 0; height: 20px; width: 20px;\">\u00a0<\/div>\n<div style=\"width: 0; height: 0; border-top: 2px solid transparent; border-left: 6px solid #f4f4f4; border-bottom: 2px solid transparent; transform: translateX(16px) translateY(-4px) rotate(30deg);\">\u00a0<\/div>\n<\/div>\n<div style=\"margin-left: auto;\">\n<div style=\"width: 0px; border-top: 8px solid #F4F4F4; border-right: 8px solid transparent; transform: translateY(16px);\">\u00a0<\/div>\n<div style=\"background-color: #f4f4f4; flex-grow: 0; height: 12px; width: 16px; transform: translateY(-4px);\">\u00a0<\/div>\n<div style=\"width: 0; height: 0; border-top: 8px solid #F4F4F4; border-left: 8px solid transparent; transform: translateY(-4px) translateX(8px);\">\u00a0<\/div>\n<\/div>\n<\/div>\n<div style=\"display: flex; flex-direction: column; flex-grow: 1; justify-content: center; margin-bottom: 24px;\">\n<div style=\"background-color: #f4f4f4; border-radius: 4px; flex-grow: 0; height: 14px; margin-bottom: 6px; width: 224px;\">\u00a0<\/div>\n<div style=\"background-color: #f4f4f4; border-radius: 4px; flex-grow: 0; height: 14px; width: 144px;\">\u00a0<\/div>\n<\/div>\n<p style=\"color: #c9c8cd; font-family: Arial,sans-serif; font-size: 14px; line-height: 17px; margin-bottom: 0; margin-top: 8px; overflow: hidden; padding: 8px 0 7px; text-align: center; text-overflow: ellipsis; white-space: nowrap;\"><a style=\"color: #c9c8cd; font-family: Arial,sans-serif; font-size: 14px; font-style: normal; font-weight: normal; line-height: 17px; text-decoration: none;\" href=\"https:\/\/www.instagram.com\/reel\/C270plooiuY\/?utm_source=ig_embed&amp;utm_campaign=loading\" target=\"_blank\" rel=\"noopener\">Post udost\u0119pniony przez Dominika Ca\u0142ka | Moda | Lifestyle | Kobiece stylizacje (@dominika_calka)<\/a><\/p>\n<\/div>\n<\/blockquote>\n<p><script async src=\"\/\/www.instagram.com\/embed.js\"><\/script><\/p>\n<h2 class=\"p1\"><span style=\"color: #ff9900;\">Osi\u0105gnij Perfekcyjny Look w Komplecie<\/span><\/h2>\n<p class=\"p1\">Kolejn\u0105 opcj\u0105 jest wyb\u00f3r kompletnego zestawu sk\u0142adaj\u0105cego si\u0119 z <span style=\"color: #ff9900;\"><a style=\"color: #ff9900;\" href=\"https:\/\/pakuten.pl\/117-marynarki-i-garnitury\" target=\"_blank\" rel=\"noopener\">marynarki<\/a><\/span> i sp\u00f3dnicy lub spodni. Dobierz dopasowane, ale jednocze\u015bnie wygodne spodnie lub sp\u00f3dnic\u0119 o klasycznym kroju, kt\u00f3re podkre\u015bl\u0105 Twoj\u0105 sylwetk\u0119. Po\u0142\u0105cz je z eleganck\u0105 marynark\u0105 w kontrastuj\u0105cym lub dopasowanym kolorze, tworz\u0105c harmonijny i zbalansowany look. Dodaj do tego delikatn\u0105 bi\u017cuteri\u0119 i eleganckie szpilki, aby uzyska\u0107 efektown\u0105 stylizacj\u0119, kt\u00f3ra zwr\u00f3ci na Ciebie uwag\u0119 podczas obchod\u00f3w \u015awi\u0119ta Dnia Kobiet.<\/p>\n<p>\u00a0<\/p>\n<blockquote class=\"instagram-media\" style=\"background: #FFF; border: 0; border-radius: 3px; box-shadow: 0 0 1px 0 rgba(0,0,0,0.5),0 1px 10px 0 rgba(0,0,0,0.15); margin: 1px; max-width: 540px; min-width: 326px; padding: 0; width: calc(100% - 2px);\" data-instgrm-permalink=\"https:\/\/www.instagram.com\/reel\/C29RevfMuPQ\/?utm_source=ig_embed&amp;utm_campaign=loading\" data-instgrm-version=\"14\">\n<div style=\"padding: 16px;\">\n<div style=\"display: flex; flex-direction: row; align-items: center;\">\n<div style=\"background-color: #f4f4f4; border-radius: 50%; flex-grow: 0; height: 40px; margin-right: 14px; width: 40px;\">\u00a0<\/div>\n<div style=\"display: flex; flex-direction: column; flex-grow: 1; justify-content: center;\">\n<div style=\"background-color: #f4f4f4; border-radius: 4px; flex-grow: 0; height: 14px; margin-bottom: 6px; width: 100px;\">\u00a0<\/div>\n<div style=\"background-color: #f4f4f4; border-radius: 4px; flex-grow: 0; height: 14px; width: 60px;\">\u00a0<\/div>\n<\/div>\n<\/div>\n<div style=\"padding: 19% 0;\">\u00a0<\/div>\n<div style=\"display: block; height: 50px; margin: 0 auto 12px; width: 50px;\">\u00a0<\/div>\n<div style=\"padding-top: 8px;\">\n<div style=\"color: #3897f0; font-family: Arial,sans-serif; font-size: 14px; font-style: normal; font-weight: 550; line-height: 18px;\">Wy\u015bwietl ten post na Instagramie<\/div>\n<\/div>\n<div style=\"padding: 12.5% 0;\">\u00a0<\/div>\n<div style=\"display: flex; flex-direction: row; margin-bottom: 14px; align-items: center;\">\n<div>\n<div style=\"background-color: #f4f4f4; border-radius: 50%; height: 12.5px; width: 12.5px; transform: translateX(0px) translateY(7px);\">\u00a0<\/div>\n<div style=\"background-color: #f4f4f4; height: 12.5px; transform: rotate(-45deg) translateX(3px) translateY(1px); width: 12.5px; flex-grow: 0; margin-right: 14px; margin-left: 2px;\">\u00a0<\/div>\n<div style=\"background-color: #f4f4f4; border-radius: 50%; height: 12.5px; width: 12.5px; transform: translateX(9px) translateY(-18px);\">\u00a0<\/div>\n<\/div>\n<div style=\"margin-left: 8px;\">\n<div style=\"background-color: #f4f4f4; border-radius: 50%; flex-grow: 0; height: 20px; width: 20px;\">\u00a0<\/div>\n<div style=\"width: 0; height: 0; border-top: 2px solid transparent; border-left: 6px solid #f4f4f4; border-bottom: 2px solid transparent; transform: translateX(16px) translateY(-4px) rotate(30deg);\">\u00a0<\/div>\n<\/div>\n<div style=\"margin-left: auto;\">\n<div style=\"width: 0px; border-top: 8px solid #F4F4F4; border-right: 8px solid transparent; transform: translateY(16px);\">\u00a0<\/div>\n<div style=\"background-color: #f4f4f4; flex-grow: 0; height: 12px; width: 16px; transform: translateY(-4px);\">\u00a0<\/div>\n<div style=\"width: 0; height: 0; border-top: 8px solid #F4F4F4; border-left: 8px solid transparent; transform: translateY(-4px) translateX(8px);\">\u00a0<\/div>\n<\/div>\n<\/div>\n<div style=\"display: flex; flex-direction: column; flex-grow: 1; justify-content: center; margin-bottom: 24px;\">\n<div style=\"background-color: #f4f4f4; border-radius: 4px; flex-grow: 0; height: 14px; margin-bottom: 6px; width: 224px;\">\u00a0<\/div>\n<div style=\"background-color: #f4f4f4; border-radius: 4px; flex-grow: 0; height: 14px; width: 144px;\">\u00a0<\/div>\n<\/div>\n<p style=\"color: #c9c8cd; font-family: Arial,sans-serif; font-size: 14px; line-height: 17px; margin-bottom: 0; margin-top: 8px; overflow: hidden; padding: 8px 0 7px; text-align: center; text-overflow: ellipsis; white-space: nowrap;\"><a style=\"color: #c9c8cd; font-family: Arial,sans-serif; font-size: 14px; font-style: normal; font-weight: normal; line-height: 17px; text-decoration: none;\" href=\"https:\/\/www.instagram.com\/reel\/C29RevfMuPQ\/?utm_source=ig_embed&amp;utm_campaign=loading\" target=\"_blank\" rel=\"noopener\">Post udost\u0119pniony przez Pakuten.pl \u2022 Modna i tania odzie\u017c damska (@pakuten.official)<\/a><\/p>\n<\/div>\n<\/blockquote>\n<p><script async src=\"\/\/www.instagram.com\/embed.js\"><\/script><\/p>\n<p>Osi\u0105gnij Perfekcyjny Look w Komplecie poprzez dob\u00f3r kolorowego zestawu, kt\u00f3ry wyr\u00f3\u017cni Ci\u0119 z t\u0142umu i podkre\u015bli Twoj\u0105 wyj\u0105tkowo\u015b\u0107. Wybierz komplety w \u015bmia\u0142ych kolorach, takich jak intensywna czerwie\u0144, g\u0142\u0119boki niebieski czy jasny r\u00f3\u017c, kt\u00f3re dodadz\u0105 energii i rado\u015bci Twojej stylizacji. Dopasowane spodnie lub sp\u00f3dnica w kontrastowym odcieniu do marynarki stworz\u0105 harmonijn\u0105 ca\u0142o\u015b\u0107, a jednocze\u015bnie pozwol\u0105 Ci wyrazi\u0107 sw\u00f3j indywidualny styl. Postaw na modne zestawy z wzorzystymi elementami lub ciekawymi detalami, kt\u00f3re dodadz\u0105 oryginalno\u015bci i \u015bwie\u017co\u015bci Twojemu wygl\u0105dowi. Niech kolorowy komplet b\u0119dzie Twoim sposobem na wyra\u017cenie rado\u015bci z bycia kobiet\u0105 i celebracj\u0119 Twojej unikalno\u015bci w dniu pe\u0142nym wyj\u0105tkowych okazji.<\/p>\n<div class=\"product-box-container\">\r\n<div class=\"one_third \" style=\"\">\r\n<div class=\"product-box\">\r\n<a href=\"https:\/\/pakuten.pl\/36189-78894-komplet-garniturowy-ze-spodniczko-spodenkami-lopell-fuksja-fuksja.html\" target=\"_blank\">\r\n <img src=\"https:\/\/media.pakuten.pl\/214391-large_default\/komplet-garniturowy-ze-spodniczko-spodenkami-lopell-fuksja.jpg\" alt=\"Komplet garniturowy ze sp\u00f3dniczko-spodenkami Lopell - fuksja\"\/>\r\n<\/a>\r\n<p>\r\n<a href=\"https:\/\/pakuten.pl\/36189-78894-komplet-garniturowy-ze-spodniczko-spodenkami-lopell-fuksja-fuksja.html\" target=\"_blank\">\r\nKomplet garniturowy ze sp\u00f3dniczko-spodenkami Lopell - fuksja\r\n<\/a><\/p>\r\n  <p>Cena: 99,99\u00a0z\u0142<\/p>\r\n<a href=\"https:\/\/pakuten.pl\/36189-78894-komplet-garniturowy-ze-spodniczko-spodenkami-lopell-fuksja-fuksja.html\" target=\"_blank\" class=\"button\">\r\nZobacz w sklepie\r\n<\/a>\r\n<\/div>\r\n<\/div>\r\n<div class=\"one_third \" style=\"\">\r\n<div class=\"product-box\">\r\n<a href=\"https:\/\/pakuten.pl\/36090-78730-trzyczesciowy-komplet-garniturowy-lashel-fuksja-fuksja.html\" target=\"_blank\">\r\n  <img src=\"https:\/\/media.pakuten.pl\/214041-large_default\/trzyczesciowy-komplet-garniturowy-lashel-fuksja.jpg\" alt=\"Trzycz\u0119\u015bciowy komplet garniturowy Lashel - fuksja\"\/>\r\n<\/a>\r\n<p>\r\n<a href=\"https:\/\/pakuten.pl\/36090-78730-trzyczesciowy-komplet-garniturowy-lashel-fuksja-fuksja.html\" target=\"_blank\">\r\nTrzycz\u0119\u015bciowy komplet garniturowy Lashel - fuksja\r\n<\/a><\/p>\r\n  <p>Cena: 149,99\u00a0z\u0142<\/p>\r\n<a href=\"https:\/\/pakuten.pl\/36090-78730-trzyczesciowy-komplet-garniturowy-lashel-fuksja-fuksja.html\" target=\"_blank\" class=\"button\">\r\nZobacz w sklepie\r\n<\/a>\r\n<\/div>\r\n<\/div>\r\n<div class=\"one_third last \" style=\"\">\r\n<div class=\"product-box\">\r\n<a href=\"https:\/\/pakuten.pl\/36188-78896-malinowy-komplet-garniturowy-ze-spodniczko-spodenkami-lopell-malinowy.html\" target=\"_blank\">\r\n  <img src=\"https:\/\/media.pakuten.pl\/214383-large_default\/malinowy-komplet-garniturowy-ze-spodniczko-spodenkami-lopell.jpg\" alt=\"Malinowy komplet garniturowy ze sp\u00f3dniczko-spodenkami Lopell\"\/>\r\n<\/a>\r\n<p>\r\n<a href=\"https:\/\/pakuten.pl\/36188-78896-malinowy-komplet-garniturowy-ze-spodniczko-spodenkami-lopell-malinowy.html\" target=\"_blank\">\r\nMalinowy komplet garniturowy ze sp\u00f3dniczko-spodenkami Lopell\r\n<\/a><\/p>\r\n  <p>Cena: 99,99\u00a0z\u0142<\/p>\r\n<a href=\"https:\/\/pakuten.pl\/36188-78896-malinowy-komplet-garniturowy-ze-spodniczko-spodenkami-lopell-malinowy.html\" target=\"_blank\" class=\"button\">\r\nZobacz w sklepie\r\n<\/a>\r\n<\/div>\r\n<\/div><br class=\"clear\"\/>\r\n<\/div>\n<h2 class=\"p1\"><span style=\"color: #ff9900;\">Stawiaj na Kobiece Dodatki<\/span><\/h2>\n<p class=\"p1\">Detale mog\u0105 zdzia\u0142a\u0107 cuda w Twojej stylizacji. Wybierz torebk\u0119 o wyj\u0105tkowym kszta\u0142cie lub wzorze, kt\u00f3ry b\u0119dzie stanowi\u0142 efektowny akcent. Kwiatowy motyw lub delikatna koronka to doskona\u0142y wyb\u00f3r na t\u0119 okazj\u0119, dodaj\u0105c romantyczny i subtelny akcent do Twojego wygl\u0105du.<\/p>\n<h2 class=\"p1\"><span style=\"color: #ff9900;\">Stw\u00f3rz Wyj\u0105tkow\u0105 Stylizacj\u0119 z Sukienk\u0105 na Dwa Sposoby<\/span><\/h2>\n<p class=\"p1\">Alternatywnie, mo\u017cesz wybra\u0107 sukienk\u0119, kt\u00f3ra pozwoli Ci na stworzenie dw\u00f3ch r\u00f3\u017cnych stylizacji. Na przyk\u0142ad, sukienka z od\u0142\u0105czanym r\u0119kawem lub obszernym paskiem, kt\u00f3ry pozwoli Ci na zmian\u0119 wygl\u0105du w zale\u017cno\u015bci od nastroju. Mo\u017cesz nosi\u0107 j\u0105 jako eleganck\u0105 sukienk\u0119 wieczorow\u0105 lub jako bardziej swobodn\u0105 i lekk\u0105 wersj\u0119 na przyk\u0142ad z denimow\u0105 kamizelk\u0105 i trampkami.<\/p>\n<p><img loading=\"lazy\" class=\"aligncenter size-full wp-image-8292\" src=\"https:\/\/pakuten.pl\/blog\/wp-content\/uploads\/2024\/02\/Butelkowa-zwiewna-sukienka-szyfonowa-LIVIA-L_XL.jpeg\" alt=\"\" width=\"735\" height=\"616\" \/><\/p>\n<p class=\"p1\">Podsumowuj\u0105c, \u015awi\u0119to Dnia Kobiet to doskona\u0142a okazja, aby wyrazi\u0107 swoj\u0105 kobieco\u015b\u0107 poprzez stylow\u0105 i eleganck\u0105 stylizacj\u0119. Pami\u0119taj o wyborze ubra\u0144 i dodatk\u00f3w, kt\u00f3re podkre\u015blaj\u0105 Twoj\u0105 urod\u0119 i sprawiaj\u0105, \u017ce poczujesz si\u0119 wyj\u0105tkowo. Niech ten dzie\u0144 b\u0119dzie dla Ciebie czasem celebracji si\u0142y, delikatno\u015bci i elegancji kobiecej natury!<\/p>\n\n\n<div class=\"kk-star-ratings kksr-auto kksr-align-right kksr-valign-bottom\"\n    data-payload='{&quot;align&quot;:&quot;right&quot;,&quot;id&quot;:&quot;8283&quot;,&quot;slug&quot;:&quot;default&quot;,&quot;valign&quot;:&quot;bottom&quot;,&quot;ignore&quot;:&quot;&quot;,&quot;reference&quot;:&quot;auto&quot;,&quot;class&quot;:&quot;&quot;,&quot;count&quot;:&quot;1&quot;,&quot;legendonly&quot;:&quot;&quot;,&quot;readonly&quot;:&quot;&quot;,&quot;score&quot;:&quot;1&quot;,&quot;starsonly&quot;:&quot;&quot;,&quot;best&quot;:&quot;5&quot;,&quot;gap&quot;:&quot;5&quot;,&quot;greet&quot;:&quot;Rate this post&quot;,&quot;legend&quot;:&quot;1\\\/5 - (1 vote)&quot;,&quot;size&quot;:&quot;24&quot;,&quot;width&quot;:&quot;26.5&quot;,&quot;_legend&quot;:&quot;{score}\\\/{best} - ({count} {votes})&quot;,&quot;font_factor&quot;:&quot;1.25&quot;}'>\n            \n<div class=\"kksr-stars\">\n    \n<div class=\"kksr-stars-inactive\">\n            <div class=\"kksr-star\" data-star=\"1\" style=\"padding-right: 5px\">\n            \n\n<div class=\"kksr-icon\" style=\"width: 24px; height: 24px;\"><\/div>\n        <\/div>\n            <div class=\"kksr-star\" data-star=\"2\" style=\"padding-right: 5px\">\n            \n\n<div class=\"kksr-icon\" style=\"width: 24px; height: 24px;\"><\/div>\n        <\/div>\n            <div class=\"kksr-star\" data-star=\"3\" style=\"padding-right: 5px\">\n            \n\n<div class=\"kksr-icon\" style=\"width: 24px; height: 24px;\"><\/div>\n        <\/div>\n            <div class=\"kksr-star\" data-star=\"4\" style=\"padding-right: 5px\">\n            \n\n<div class=\"kksr-icon\" style=\"width: 24px; height: 24px;\"><\/div>\n        <\/div>\n            <div class=\"kksr-star\" data-star=\"5\" style=\"padding-right: 5px\">\n            \n\n<div class=\"kksr-icon\" style=\"width: 24px; height: 24px;\"><\/div>\n        <\/div>\n    <\/div>\n    \n<div class=\"kksr-stars-active\" style=\"width: 26.5px;\">\n            <div class=\"kksr-star\" style=\"padding-right: 5px\">\n            \n\n<div class=\"kksr-icon\" style=\"width: 24px; height: 24px;\"><\/div>\n        <\/div>\n            <div class=\"kksr-star\" style=\"padding-right: 5px\">\n            \n\n<div class=\"kksr-icon\" style=\"width: 24px; height: 24px;\"><\/div>\n        <\/div>\n            <div class=\"kksr-star\" style=\"padding-right: 5px\">\n            \n\n<div class=\"kksr-icon\" style=\"width: 24px; height: 24px;\"><\/div>\n        <\/div>\n            <div class=\"kksr-star\" style=\"padding-right: 5px\">\n            \n\n<div class=\"kksr-icon\" style=\"width: 24px; height: 24px;\"><\/div>\n        <\/div>\n            <div class=\"kksr-star\" style=\"padding-right: 5px\">\n            \n\n<div class=\"kksr-icon\" style=\"width: 24px; height: 24px;\"><\/div>\n        <\/div>\n    <\/div>\n<\/div>\n                \n\n<div class=\"kksr-legend\" style=\"font-size: 19.2px;\">\n            1\/5 - (1 vote)    <\/div>\n    <\/div>\n","protected":false},"excerpt":{"rendered":"<p>\u015awi\u0119to Dnia Kobiet zbli\u017ca si\u0119 wielkimi krokami, co oznacza, \u017ce czas zastanowi\u0107 si\u0119 nad idealn\u0105 stylizacj\u0105, kt\u00f3ra podkre\u015bli nie tylko nasz\u0105 urod\u0119, ale r\u00f3wnie\u017c symbolicznie wyrazi si\u0142\u0119 i elegancj\u0119 kobiecej natury. Oto kilka inspiracji i wskaz\u00f3wek, jak stworzy\u0107 wyj\u0105tkow\u0105 i stylow\u0105 kreacj\u0119 na ten wyj\u0105tkowy dzie\u0144.<\/p>\n","protected":false},"author":3,"featured_media":8289,"comment_status":"open","ping_status":"open","sticky":false,"template":"","format":"standard","meta":[],"categories":[5],"tags":[],"yoast_head":"<!-- This site is optimized with the Yoast SEO plugin v18.4.1 - https:\/\/yoast.com\/wordpress\/plugins\/seo\/ -->\n<title>Jak Wybra\u0107 Idealn\u0105 Stylizacj\u0119 na Dzie\u0144 Kobiet: Podkre\u015blenie Urody i Stylowe Akcenty - Pakuten blog<\/title>\n<meta name=\"description\" content=\"\u015awi\u0119to Dnia Kobiet zbli\u017ca si\u0119 wielkimi krokami, co oznacza, \u017ce czas zastanowi\u0107 si\u0119 nad idealn\u0105 stylizacj\u0105, kt\u00f3ra podkre\u015bli nie tylko nasz\u0105 urod\u0119, ale r\u00f3wnie\u017c symbolicznie wyrazi si\u0142\u0119 i elegancj\u0119 kobiecej natury. Oto kilka inspiracji i wskaz\u00f3wek, jak stworzy\u0107 wyj\u0105tkow\u0105 i stylow\u0105 kreacj\u0119 na ten wyj\u0105tkowy dzie\u0144.\" \/>\n<meta name=\"robots\" content=\"index, follow, max-snippet:-1, max-image-preview:large, max-video-preview:-1\" \/>\n<link rel=\"canonical\" href=\"https:\/\/pakuten.pl\/blog\/jak-wybrac-idealna-stylizacje-na-dzien-kobiet-podkreslenie-urody-i-stylowe-akcenty\/\" \/>\n<meta property=\"og:locale\" content=\"pl_PL\" \/>\n<meta property=\"og:type\" content=\"article\" \/>\n<meta property=\"og:title\" content=\"Jak Wybra\u0107 Idealn\u0105 Stylizacj\u0119 na Dzie\u0144 Kobiet: Podkre\u015blenie Urody i Stylowe Akcenty - Pakuten blog\" \/>\n<meta property=\"og:description\" content=\"\u015awi\u0119to Dnia Kobiet zbli\u017ca si\u0119 wielkimi krokami, co oznacza, \u017ce czas zastanowi\u0107 si\u0119 nad idealn\u0105 stylizacj\u0105, kt\u00f3ra podkre\u015bli nie tylko nasz\u0105 urod\u0119, ale r\u00f3wnie\u017c symbolicznie wyrazi si\u0142\u0119 i elegancj\u0119 kobiecej natury. Oto kilka inspiracji i wskaz\u00f3wek, jak stworzy\u0107 wyj\u0105tkow\u0105 i stylow\u0105 kreacj\u0119 na ten wyj\u0105tkowy dzie\u0144.\" \/>\n<meta property=\"og:url\" content=\"https:\/\/pakuten.pl\/blog\/jak-wybrac-idealna-stylizacje-na-dzien-kobiet-podkreslenie-urody-i-stylowe-akcenty\/\" \/>\n<meta property=\"og:site_name\" content=\"Pakuten blog\" \/>\n<meta property=\"article:published_time\" content=\"2024-03-04T08:42:00+00:00\" \/>\n<meta property=\"article:modified_time\" content=\"2024-02-15T09:09:35+00:00\" \/>\n<meta property=\"og:image\" content=\"https:\/\/pakuten.pl\/blog\/wp-content\/uploads\/2024\/02\/Jak-Wybrac\u0301-Idealna\u0328-Stylizacje\u0328-na-Dzien\u0301-Kobiet_-Podkres\u0301lenie-Urody-i-Stylowe-Akcenty.jpg\" \/>\n\t<meta property=\"og:image:width\" content=\"1280\" \/>\n\t<meta property=\"og:image:height\" content=\"853\" \/>\n\t<meta property=\"og:image:type\" content=\"image\/jpeg\" \/>\n<meta name=\"twitter:card\" content=\"summary_large_image\" \/>\n<meta name=\"twitter:label1\" content=\"Napisane przez\" \/>\n\t<meta name=\"twitter:data1\" content=\"Pakuten Girl\" \/>\n\t<meta name=\"twitter:label2\" content=\"Szacowany czas czytania\" \/>\n\t<meta name=\"twitter:data2\" content=\"5 minut\" \/>\n<script type=\"application\/ld+json\" class=\"yoast-schema-graph\">{\"@context\":\"https:\/\/schema.org\",\"@graph\":[{\"@type\":\"Organization\",\"@id\":\"https:\/\/pakuten.pl\/blog\/#organization\",\"name\":\"Pakuten\",\"url\":\"https:\/\/pakuten.pl\/blog\/\",\"sameAs\":[],\"logo\":{\"@type\":\"ImageObject\",\"@id\":\"https:\/\/pakuten.pl\/blog\/#logo\",\"inLanguage\":\"pl-PL\",\"url\":\"http:\/\/pakuten.pl\/blog\/wp-content\/uploads\/2018\/01\/pakuten_logo.png\",\"contentUrl\":\"http:\/\/pakuten.pl\/blog\/wp-content\/uploads\/2018\/01\/pakuten_logo.png\",\"width\":300,\"height\":120,\"caption\":\"Pakuten\"},\"image\":{\"@id\":\"https:\/\/pakuten.pl\/blog\/#logo\"}},{\"@type\":\"WebSite\",\"@id\":\"https:\/\/pakuten.pl\/blog\/#website\",\"url\":\"https:\/\/pakuten.pl\/blog\/\",\"name\":\"Pakuten blog\",\"description\":\"Blog sklepu internetowego pakuten.pl\",\"publisher\":{\"@id\":\"https:\/\/pakuten.pl\/blog\/#organization\"},\"potentialAction\":[{\"@type\":\"SearchAction\",\"target\":{\"@type\":\"EntryPoint\",\"urlTemplate\":\"https:\/\/pakuten.pl\/blog\/?s={search_term_string}\"},\"query-input\":\"required name=search_term_string\"}],\"inLanguage\":\"pl-PL\"},{\"@type\":\"ImageObject\",\"@id\":\"https:\/\/pakuten.pl\/blog\/jak-wybrac-idealna-stylizacje-na-dzien-kobiet-podkreslenie-urody-i-stylowe-akcenty\/#primaryimage\",\"inLanguage\":\"pl-PL\",\"url\":\"https:\/\/pakuten.pl\/blog\/wp-content\/uploads\/2024\/02\/Jak-Wybrac\u0301-Idealna\u0328-Stylizacje\u0328-na-Dzien\u0301-Kobiet_-Podkres\u0301lenie-Urody-i-Stylowe-Akcenty.jpg\",\"contentUrl\":\"https:\/\/pakuten.pl\/blog\/wp-content\/uploads\/2024\/02\/Jak-Wybrac\u0301-Idealna\u0328-Stylizacje\u0328-na-Dzien\u0301-Kobiet_-Podkres\u0301lenie-Urody-i-Stylowe-Akcenty.jpg\",\"width\":1280,\"height\":853},{\"@type\":\"WebPage\",\"@id\":\"https:\/\/pakuten.pl\/blog\/jak-wybrac-idealna-stylizacje-na-dzien-kobiet-podkreslenie-urody-i-stylowe-akcenty\/#webpage\",\"url\":\"https:\/\/pakuten.pl\/blog\/jak-wybrac-idealna-stylizacje-na-dzien-kobiet-podkreslenie-urody-i-stylowe-akcenty\/\",\"name\":\"Jak Wybra\u0107 Idealn\u0105 Stylizacj\u0119 na Dzie\u0144 Kobiet: Podkre\u015blenie Urody i Stylowe Akcenty - Pakuten blog\",\"isPartOf\":{\"@id\":\"https:\/\/pakuten.pl\/blog\/#website\"},\"primaryImageOfPage\":{\"@id\":\"https:\/\/pakuten.pl\/blog\/jak-wybrac-idealna-stylizacje-na-dzien-kobiet-podkreslenie-urody-i-stylowe-akcenty\/#primaryimage\"},\"datePublished\":\"2024-03-04T08:42:00+00:00\",\"dateModified\":\"2024-02-15T09:09:35+00:00\",\"description\":\"\u015awi\u0119to Dnia Kobiet zbli\u017ca si\u0119 wielkimi krokami, co oznacza, \u017ce czas zastanowi\u0107 si\u0119 nad idealn\u0105 stylizacj\u0105, kt\u00f3ra podkre\u015bli nie tylko nasz\u0105 urod\u0119, ale r\u00f3wnie\u017c symbolicznie wyrazi si\u0142\u0119 i elegancj\u0119 kobiecej natury. Oto kilka inspiracji i wskaz\u00f3wek, jak stworzy\u0107 wyj\u0105tkow\u0105 i stylow\u0105 kreacj\u0119 na ten wyj\u0105tkowy dzie\u0144.\",\"breadcrumb\":{\"@id\":\"https:\/\/pakuten.pl\/blog\/jak-wybrac-idealna-stylizacje-na-dzien-kobiet-podkreslenie-urody-i-stylowe-akcenty\/#breadcrumb\"},\"inLanguage\":\"pl-PL\",\"potentialAction\":[{\"@type\":\"ReadAction\",\"target\":[\"https:\/\/pakuten.pl\/blog\/jak-wybrac-idealna-stylizacje-na-dzien-kobiet-podkreslenie-urody-i-stylowe-akcenty\/\"]}]},{\"@type\":\"BreadcrumbList\",\"@id\":\"https:\/\/pakuten.pl\/blog\/jak-wybrac-idealna-stylizacje-na-dzien-kobiet-podkreslenie-urody-i-stylowe-akcenty\/#breadcrumb\",\"itemListElement\":[{\"@type\":\"ListItem\",\"position\":1,\"name\":\"Strona g\u0142\u00f3wna\",\"item\":\"https:\/\/pakuten.pl\/blog\/\"},{\"@type\":\"ListItem\",\"position\":2,\"name\":\"Jak Wybra\u0107 Idealn\u0105 Stylizacj\u0119 na Dzie\u0144 Kobiet: Podkre\u015blenie Urody i Stylowe Akcenty\"}]},{\"@type\":\"Article\",\"@id\":\"https:\/\/pakuten.pl\/blog\/jak-wybrac-idealna-stylizacje-na-dzien-kobiet-podkreslenie-urody-i-stylowe-akcenty\/#article\",\"isPartOf\":{\"@id\":\"https:\/\/pakuten.pl\/blog\/jak-wybrac-idealna-stylizacje-na-dzien-kobiet-podkreslenie-urody-i-stylowe-akcenty\/#webpage\"},\"author\":{\"@id\":\"https:\/\/pakuten.pl\/blog\/#\/schema\/person\/d7133af30211381a4e4536d088384556\"},\"headline\":\"Jak Wybra\u0107 Idealn\u0105 Stylizacj\u0119 na Dzie\u0144 Kobiet: Podkre\u015blenie Urody i Stylowe Akcenty\",\"datePublished\":\"2024-03-04T08:42:00+00:00\",\"dateModified\":\"2024-02-15T09:09:35+00:00\",\"mainEntityOfPage\":{\"@id\":\"https:\/\/pakuten.pl\/blog\/jak-wybrac-idealna-stylizacje-na-dzien-kobiet-podkreslenie-urody-i-stylowe-akcenty\/#webpage\"},\"wordCount\":809,\"commentCount\":0,\"publisher\":{\"@id\":\"https:\/\/pakuten.pl\/blog\/#organization\"},\"image\":{\"@id\":\"https:\/\/pakuten.pl\/blog\/jak-wybrac-idealna-stylizacje-na-dzien-kobiet-podkreslenie-urody-i-stylowe-akcenty\/#primaryimage\"},\"thumbnailUrl\":\"https:\/\/pakuten.pl\/blog\/wp-content\/uploads\/2024\/02\/Jak-Wybrac\u0301-Idealna\u0328-Stylizacje\u0328-na-Dzien\u0301-Kobiet_-Podkres\u0301lenie-Urody-i-Stylowe-Akcenty.jpg\",\"articleSection\":[\"Inspirations\"],\"inLanguage\":\"pl-PL\",\"potentialAction\":[{\"@type\":\"CommentAction\",\"name\":\"Comment\",\"target\":[\"https:\/\/pakuten.pl\/blog\/jak-wybrac-idealna-stylizacje-na-dzien-kobiet-podkreslenie-urody-i-stylowe-akcenty\/#respond\"]}]},{\"@type\":\"Person\",\"@id\":\"https:\/\/pakuten.pl\/blog\/#\/schema\/person\/d7133af30211381a4e4536d088384556\",\"name\":\"Pakuten Girl\",\"image\":{\"@type\":\"ImageObject\",\"@id\":\"https:\/\/pakuten.pl\/blog\/#personlogo\",\"inLanguage\":\"pl-PL\",\"url\":\"https:\/\/secure.gravatar.com\/avatar\/d3df41de2caf92e6cfded9430c2ff352?s=96&d=mm&r=g\",\"contentUrl\":\"https:\/\/secure.gravatar.com\/avatar\/d3df41de2caf92e6cfded9430c2ff352?s=96&d=mm&r=g\",\"caption\":\"Pakuten Girl\"},\"description\":\"Cze\u015b\u0107, nazywam si\u0119 Ola. Kocham Netflixa, sals\u0119, nowo\u015bci kosmetyczne i najnowsze trendy w modzie.\",\"url\":\"https:\/\/pakuten.pl\/blog\/author\/pakuten-girl\/\"}]}<\/script>\n<!-- \/ Yoast SEO plugin. -->","yoast_head_json":{"title":"Jak Wybra\u0107 Idealn\u0105 Stylizacj\u0119 na Dzie\u0144 Kobiet: Podkre\u015blenie Urody i Stylowe Akcenty - Pakuten blog","description":"\u015awi\u0119to Dnia Kobiet zbli\u017ca si\u0119 wielkimi krokami, co oznacza, \u017ce czas zastanowi\u0107 si\u0119 nad idealn\u0105 stylizacj\u0105, kt\u00f3ra podkre\u015bli nie tylko nasz\u0105 urod\u0119, ale r\u00f3wnie\u017c symbolicznie wyrazi si\u0142\u0119 i elegancj\u0119 kobiecej natury. Oto kilka inspiracji i wskaz\u00f3wek, jak stworzy\u0107 wyj\u0105tkow\u0105 i stylow\u0105 kreacj\u0119 na ten wyj\u0105tkowy dzie\u0144.","robots":{"index":"index","follow":"follow","max-snippet":"max-snippet:-1","max-image-preview":"max-image-preview:large","max-video-preview":"max-video-preview:-1"},"canonical":"https:\/\/pakuten.pl\/blog\/jak-wybrac-idealna-stylizacje-na-dzien-kobiet-podkreslenie-urody-i-stylowe-akcenty\/","og_locale":"pl_PL","og_type":"article","og_title":"Jak Wybra\u0107 Idealn\u0105 Stylizacj\u0119 na Dzie\u0144 Kobiet: Podkre\u015blenie Urody i Stylowe Akcenty - Pakuten blog","og_description":"\u015awi\u0119to Dnia Kobiet zbli\u017ca si\u0119 wielkimi krokami, co oznacza, \u017ce czas zastanowi\u0107 si\u0119 nad idealn\u0105 stylizacj\u0105, kt\u00f3ra podkre\u015bli nie tylko nasz\u0105 urod\u0119, ale r\u00f3wnie\u017c symbolicznie wyrazi si\u0142\u0119 i elegancj\u0119 kobiecej natury. Oto kilka inspiracji i wskaz\u00f3wek, jak stworzy\u0107 wyj\u0105tkow\u0105 i stylow\u0105 kreacj\u0119 na ten wyj\u0105tkowy dzie\u0144.","og_url":"https:\/\/pakuten.pl\/blog\/jak-wybrac-idealna-stylizacje-na-dzien-kobiet-podkreslenie-urody-i-stylowe-akcenty\/","og_site_name":"Pakuten blog","article_published_time":"2024-03-04T08:42:00+00:00","article_modified_time":"2024-02-15T09:09:35+00:00","og_image":[{"width":1280,"height":853,"url":"https:\/\/pakuten.pl\/blog\/wp-content\/uploads\/2024\/02\/Jak-Wybrac\u0301-Idealna\u0328-Stylizacje\u0328-na-Dzien\u0301-Kobiet_-Podkres\u0301lenie-Urody-i-Stylowe-Akcenty.jpg","type":"image\/jpeg"}],"twitter_card":"summary_large_image","twitter_misc":{"Napisane przez":"Pakuten Girl","Szacowany czas czytania":"5 minut"},"schema":{"@context":"https:\/\/schema.org","@graph":[{"@type":"Organization","@id":"https:\/\/pakuten.pl\/blog\/#organization","name":"Pakuten","url":"https:\/\/pakuten.pl\/blog\/","sameAs":[],"logo":{"@type":"ImageObject","@id":"https:\/\/pakuten.pl\/blog\/#logo","inLanguage":"pl-PL","url":"http:\/\/pakuten.pl\/blog\/wp-content\/uploads\/2018\/01\/pakuten_logo.png","contentUrl":"http:\/\/pakuten.pl\/blog\/wp-content\/uploads\/2018\/01\/pakuten_logo.png","width":300,"height":120,"caption":"Pakuten"},"image":{"@id":"https:\/\/pakuten.pl\/blog\/#logo"}},{"@type":"WebSite","@id":"https:\/\/pakuten.pl\/blog\/#website","url":"https:\/\/pakuten.pl\/blog\/","name":"Pakuten blog","description":"Blog sklepu internetowego pakuten.pl","publisher":{"@id":"https:\/\/pakuten.pl\/blog\/#organization"},"potentialAction":[{"@type":"SearchAction","target":{"@type":"EntryPoint","urlTemplate":"https:\/\/pakuten.pl\/blog\/?s={search_term_string}"},"query-input":"required name=search_term_string"}],"inLanguage":"pl-PL"},{"@type":"ImageObject","@id":"https:\/\/pakuten.pl\/blog\/jak-wybrac-idealna-stylizacje-na-dzien-kobiet-podkreslenie-urody-i-stylowe-akcenty\/#primaryimage","inLanguage":"pl-PL","url":"https:\/\/pakuten.pl\/blog\/wp-content\/uploads\/2024\/02\/Jak-Wybrac\u0301-Idealna\u0328-Stylizacje\u0328-na-Dzien\u0301-Kobiet_-Podkres\u0301lenie-Urody-i-Stylowe-Akcenty.jpg","contentUrl":"https:\/\/pakuten.pl\/blog\/wp-content\/uploads\/2024\/02\/Jak-Wybrac\u0301-Idealna\u0328-Stylizacje\u0328-na-Dzien\u0301-Kobiet_-Podkres\u0301lenie-Urody-i-Stylowe-Akcenty.jpg","width":1280,"height":853},{"@type":"WebPage","@id":"https:\/\/pakuten.pl\/blog\/jak-wybrac-idealna-stylizacje-na-dzien-kobiet-podkreslenie-urody-i-stylowe-akcenty\/#webpage","url":"https:\/\/pakuten.pl\/blog\/jak-wybrac-idealna-stylizacje-na-dzien-kobiet-podkreslenie-urody-i-stylowe-akcenty\/","name":"Jak Wybra\u0107 Idealn\u0105 Stylizacj\u0119 na Dzie\u0144 Kobiet: Podkre\u015blenie Urody i Stylowe Akcenty - Pakuten blog","isPartOf":{"@id":"https:\/\/pakuten.pl\/blog\/#website"},"primaryImageOfPage":{"@id":"https:\/\/pakuten.pl\/blog\/jak-wybrac-idealna-stylizacje-na-dzien-kobiet-podkreslenie-urody-i-stylowe-akcenty\/#primaryimage"},"datePublished":"2024-03-04T08:42:00+00:00","dateModified":"2024-02-15T09:09:35+00:00","description":"\u015awi\u0119to Dnia Kobiet zbli\u017ca si\u0119 wielkimi krokami, co oznacza, \u017ce czas zastanowi\u0107 si\u0119 nad idealn\u0105 stylizacj\u0105, kt\u00f3ra podkre\u015bli nie tylko nasz\u0105 urod\u0119, ale r\u00f3wnie\u017c symbolicznie wyrazi si\u0142\u0119 i elegancj\u0119 kobiecej natury. Oto kilka inspiracji i wskaz\u00f3wek, jak stworzy\u0107 wyj\u0105tkow\u0105 i stylow\u0105 kreacj\u0119 na ten wyj\u0105tkowy dzie\u0144.","breadcrumb":{"@id":"https:\/\/pakuten.pl\/blog\/jak-wybrac-idealna-stylizacje-na-dzien-kobiet-podkreslenie-urody-i-stylowe-akcenty\/#breadcrumb"},"inLanguage":"pl-PL","potentialAction":[{"@type":"ReadAction","target":["https:\/\/pakuten.pl\/blog\/jak-wybrac-idealna-stylizacje-na-dzien-kobiet-podkreslenie-urody-i-stylowe-akcenty\/"]}]},{"@type":"BreadcrumbList","@id":"https:\/\/pakuten.pl\/blog\/jak-wybrac-idealna-stylizacje-na-dzien-kobiet-podkreslenie-urody-i-stylowe-akcenty\/#breadcrumb","itemListElement":[{"@type":"ListItem","position":1,"name":"Strona g\u0142\u00f3wna","item":"https:\/\/pakuten.pl\/blog\/"},{"@type":"ListItem","position":2,"name":"Jak Wybra\u0107 Idealn\u0105 Stylizacj\u0119 na Dzie\u0144 Kobiet: Podkre\u015blenie Urody i Stylowe Akcenty"}]},{"@type":"Article","@id":"https:\/\/pakuten.pl\/blog\/jak-wybrac-idealna-stylizacje-na-dzien-kobiet-podkreslenie-urody-i-stylowe-akcenty\/#article","isPartOf":{"@id":"https:\/\/pakuten.pl\/blog\/jak-wybrac-idealna-stylizacje-na-dzien-kobiet-podkreslenie-urody-i-stylowe-akcenty\/#webpage"},"author":{"@id":"https:\/\/pakuten.pl\/blog\/#\/schema\/person\/d7133af30211381a4e4536d088384556"},"headline":"Jak Wybra\u0107 Idealn\u0105 Stylizacj\u0119 na Dzie\u0144 Kobiet: Podkre\u015blenie Urody i Stylowe Akcenty","datePublished":"2024-03-04T08:42:00+00:00","dateModified":"2024-02-15T09:09:35+00:00","mainEntityOfPage":{"@id":"https:\/\/pakuten.pl\/blog\/jak-wybrac-idealna-stylizacje-na-dzien-kobiet-podkreslenie-urody-i-stylowe-akcenty\/#webpage"},"wordCount":809,"commentCount":0,"publisher":{"@id":"https:\/\/pakuten.pl\/blog\/#organization"},"image":{"@id":"https:\/\/pakuten.pl\/blog\/jak-wybrac-idealna-stylizacje-na-dzien-kobiet-podkreslenie-urody-i-stylowe-akcenty\/#primaryimage"},"thumbnailUrl":"https:\/\/pakuten.pl\/blog\/wp-content\/uploads\/2024\/02\/Jak-Wybrac\u0301-Idealna\u0328-Stylizacje\u0328-na-Dzien\u0301-Kobiet_-Podkres\u0301lenie-Urody-i-Stylowe-Akcenty.jpg","articleSection":["Inspirations"],"inLanguage":"pl-PL","potentialAction":[{"@type":"CommentAction","name":"Comment","target":["https:\/\/pakuten.pl\/blog\/jak-wybrac-idealna-stylizacje-na-dzien-kobiet-podkreslenie-urody-i-stylowe-akcenty\/#respond"]}]},{"@type":"Person","@id":"https:\/\/pakuten.pl\/blog\/#\/schema\/person\/d7133af30211381a4e4536d088384556","name":"Pakuten Girl","image":{"@type":"ImageObject","@id":"https:\/\/pakuten.pl\/blog\/#personlogo","inLanguage":"pl-PL","url":"https:\/\/secure.gravatar.com\/avatar\/d3df41de2caf92e6cfded9430c2ff352?s=96&d=mm&r=g","contentUrl":"https:\/\/secure.gravatar.com\/avatar\/d3df41de2caf92e6cfded9430c2ff352?s=96&d=mm&r=g","caption":"Pakuten Girl"},"description":"Cze\u015b\u0107, nazywam si\u0119 Ola. Kocham Netflixa, sals\u0119, nowo\u015bci kosmetyczne i najnowsze trendy w modzie.","url":"https:\/\/pakuten.pl\/blog\/author\/pakuten-girl\/"}]}},"_links":{"self":[{"href":"https:\/\/pakuten.pl\/blog\/wp-json\/wp\/v2\/posts\/8283"}],"collection":[{"href":"https:\/\/pakuten.pl\/blog\/wp-json\/wp\/v2\/posts"}],"about":[{"href":"https:\/\/pakuten.pl\/blog\/wp-json\/wp\/v2\/types\/post"}],"author":[{"embeddable":true,"href":"https:\/\/pakuten.pl\/blog\/wp-json\/wp\/v2\/users\/3"}],"replies":[{"embeddable":true,"href":"https:\/\/pakuten.pl\/blog\/wp-json\/wp\/v2\/comments?post=8283"}],"version-history":[{"count":8,"href":"https:\/\/pakuten.pl\/blog\/wp-json\/wp\/v2\/posts\/8283\/revisions"}],"predecessor-version":[{"id":8294,"href":"https:\/\/pakuten.pl\/blog\/wp-json\/wp\/v2\/posts\/8283\/revisions\/8294"}],"wp:featuredmedia":[{"embeddable":true,"href":"https:\/\/pakuten.pl\/blog\/wp-json\/wp\/v2\/media\/8289"}],"wp:attachment":[{"href":"https:\/\/pakuten.pl\/blog\/wp-json\/wp\/v2\/media?parent=8283"}],"wp:term":[{"taxonomy":"category","embeddable":true,"href":"https:\/\/pakuten.pl\/blog\/wp-json\/wp\/v2\/categories?post=8283"},{"taxonomy":"post_tag","embeddable":true,"href":"https:\/\/pakuten.pl\/blog\/wp-json\/wp\/v2\/tags?post=8283"}],"curies":[{"name":"wp","href":"https:\/\/api.w.org\/{rel}","templated":true}]}}