{"id":8308,"date":"2024-03-11T11:13:00","date_gmt":"2024-03-11T10:13:00","guid":{"rendered":"https:\/\/pakuten.pl\/blog\/?p=8308"},"modified":"2024-02-20T11:16:54","modified_gmt":"2024-02-20T10:16:54","slug":"wiosenna-odnowa-garderoby-jak-odswiezyc-swoja-szafe-na-nowy-sezon","status":"publish","type":"post","link":"https:\/\/pakuten.pl\/blog\/wiosenna-odnowa-garderoby-jak-odswiezyc-swoja-szafe-na-nowy-sezon\/","title":{"rendered":"Wiosenna odnowa garderoby: Jak od\u015bwie\u017cy\u0107 swoj\u0105 szaf\u0119 na nowy sezon"},"content":{"rendered":"\n<p class=\"p1\"><strong>Wiosna to okres, kiedy natura budzi si\u0119 do \u017cycia. Z ni\u0105 budzi si\u0119 r\u00f3wnie\u017c nasza ch\u0119\u0107 do zmian i od\u015bwie\u017cenia otaczaj\u0105cej nas przestrzeni \u2013 w tym naszej garderoby. Zmiana sezonu jest idealnym momentem, aby spojrze\u0107 na swoj\u0105 szaf\u0119 nowym okiem. Przemy\u015ble\u0107 swoje modowe wybory i zastanowi\u0107 si\u0119, jak mo\u017cemy od\u015bwie\u017cy\u0107 swoje stylizacje bez konieczno\u015bci ca\u0142kowitej rewolucji. W tym wpisie podziel\u0119 si\u0119 z Wami kilkoma wskaz\u00f3wkami, jak skutecznie i z pomys\u0142em przeprowadzi\u0107 wiosenn\u0105 odnow\u0119 garderoby, aby cieszy\u0107 si\u0119 \u015bwie\u017cym i od\u015bwie\u017conym lookiem.<\/strong><\/p>\n<p>\u00a0<\/p>\n<h2 class=\"p1\"><span style=\"color: #ff9900;\">Przegl\u0105d i selekcja \u2013 pierwszy krok do odnowy<\/span><\/h2>\n<p class=\"p1\">Pocz\u0105tkiem ka\u017cdej zmiany jest przegl\u0105d tego, co ju\u017c posiadamy. Zatem wyjmijmy wszystko z szafy i dok\u0142adnie przeanalizujmy ka\u017cdy element. To czas na szczere pytania do siebie samego: &#8222;Czy to jeszcze nosz\u0119?&#8221;, &#8222;Czy ten element pasuje do mojego aktualnego stylu \u017cycia czy te\u017c jest tylko pami\u0105tk\u0105 przesz\u0142o\u015bci?&#8221;. Elementy, kt\u00f3re nie przynios\u0105 nam rado\u015bci ani nie znajd\u0105 swojego miejsca w naszych przysz\u0142ych stylizacjach, mog\u0105 znale\u017a\u0107 nowy dom. Darowanie ich innym, sprzeda\u017c lub recycling to nie tylko ekologiczne, ale i przemy\u015blane podej\u015bcie do mody.<\/p>\n<p><img loading=\"lazy\" class=\"aligncenter size-full wp-image-8312\" src=\"https:\/\/pakuten.pl\/blog\/wp-content\/uploads\/2024\/02\/1-1.jpeg\" alt=\"\" width=\"726\" height=\"926\" \/><\/p>\n<h2 class=\"p1\"><span style=\"color: #ff9900;\">Naprawa i od\u015bwie\u017cenie \u2013 drugie \u017cycie ubra\u0144<\/span><\/h2>\n<p class=\"p1\">Nast\u0119pnie, zwr\u00f3\u0107my uwag\u0119 na ubrania wymagaj\u0105ce drobnych napraw. Czasami wystarczy naprawi\u0107 guzik, zszy\u0107 rozprut\u0105 szl\u00f3wk\u0119, aby ulubione spodnie czy bluzka mog\u0142y zn\u00f3w zaj\u0105\u0107 zaszczytne miejsce w naszej garderobie. Ponadto, niekt\u00f3re ubrania mog\u0105 zyska\u0107 nowe \u017cycie dzi\u0119ki przer\u00f3bkom \u2013 zmiana d\u0142ugo\u015bci <span style=\"color: #ff9900;\"><a style=\"color: #ff9900;\" href=\"https:\/\/pakuten.pl\/27-sukienki?order=product.date_add.desc\" target=\"_blank\" rel=\"noopener\">sukienki<\/a><\/span> czy zw\u0119\u017cenie kurtki mo\u017ce ca\u0142kowicie odmieni\u0107 ich charakter i sprawi\u0107, \u017ce b\u0119dziemy je nosi\u0107 z now\u0105 przyjemno\u015bci\u0105.<\/p>\n<blockquote class=\"instagram-media\" style=\"background: #FFF; border: 0; border-radius: 3px; box-shadow: 0 0 1px 0 rgba(0,0,0,0.5),0 1px 10px 0 rgba(0,0,0,0.15); margin: 1px; max-width: 540px; min-width: 326px; padding: 0; width: calc(100% - 2px);\" data-instgrm-permalink=\"https:\/\/www.instagram.com\/reel\/C3cjtDntDt3\/?utm_source=ig_embed&amp;utm_campaign=loading\" data-instgrm-version=\"14\">\n<div style=\"padding: 16px;\">\n<div style=\"display: flex; flex-direction: row; align-items: center;\">\n<div style=\"background-color: #f4f4f4; border-radius: 50%; flex-grow: 0; height: 40px; margin-right: 14px; width: 40px;\">\u00a0<\/div>\n<div style=\"display: flex; flex-direction: column; flex-grow: 1; justify-content: center;\">\n<div style=\"background-color: #f4f4f4; border-radius: 4px; flex-grow: 0; height: 14px; margin-bottom: 6px; width: 100px;\">\u00a0<\/div>\n<div style=\"background-color: #f4f4f4; border-radius: 4px; flex-grow: 0; height: 14px; width: 60px;\">\u00a0<\/div>\n<\/div>\n<\/div>\n<div style=\"padding: 19% 0;\">\u00a0<\/div>\n<div style=\"display: block; height: 50px; margin: 0 auto 12px; width: 50px;\">\u00a0<\/div>\n<div style=\"padding-top: 8px;\">\n<div style=\"color: #3897f0; font-family: Arial,sans-serif; font-size: 14px; font-style: normal; font-weight: 550; line-height: 18px;\">Wy\u015bwietl ten post na Instagramie<\/div>\n<\/div>\n<div style=\"padding: 12.5% 0;\">\u00a0<\/div>\n<div style=\"display: flex; flex-direction: row; margin-bottom: 14px; align-items: center;\">\n<div>\n<div style=\"background-color: #f4f4f4; border-radius: 50%; height: 12.5px; width: 12.5px; transform: translateX(0px) translateY(7px);\">\u00a0<\/div>\n<div style=\"background-color: #f4f4f4; height: 12.5px; transform: rotate(-45deg) translateX(3px) translateY(1px); width: 12.5px; flex-grow: 0; margin-right: 14px; margin-left: 2px;\">\u00a0<\/div>\n<div style=\"background-color: #f4f4f4; border-radius: 50%; height: 12.5px; width: 12.5px; transform: translateX(9px) translateY(-18px);\">\u00a0<\/div>\n<\/div>\n<div style=\"margin-left: 8px;\">\n<div style=\"background-color: #f4f4f4; border-radius: 50%; flex-grow: 0; height: 20px; width: 20px;\">\u00a0<\/div>\n<div style=\"width: 0; height: 0; border-top: 2px solid transparent; border-left: 6px solid #f4f4f4; border-bottom: 2px solid transparent; transform: translateX(16px) translateY(-4px) rotate(30deg);\">\u00a0<\/div>\n<\/div>\n<div style=\"margin-left: auto;\">\n<div style=\"width: 0px; border-top: 8px solid #F4F4F4; border-right: 8px solid transparent; transform: translateY(16px);\">\u00a0<\/div>\n<div style=\"background-color: #f4f4f4; flex-grow: 0; height: 12px; width: 16px; transform: translateY(-4px);\">\u00a0<\/div>\n<div style=\"width: 0; height: 0; border-top: 8px solid #F4F4F4; border-left: 8px solid transparent; transform: translateY(-4px) translateX(8px);\">\u00a0<\/div>\n<\/div>\n<\/div>\n<div style=\"display: flex; flex-direction: column; flex-grow: 1; justify-content: center; margin-bottom: 24px;\">\n<div style=\"background-color: #f4f4f4; border-radius: 4px; flex-grow: 0; height: 14px; margin-bottom: 6px; width: 224px;\">\u00a0<\/div>\n<div style=\"background-color: #f4f4f4; border-radius: 4px; flex-grow: 0; height: 14px; width: 144px;\">\u00a0<\/div>\n<\/div>\n<p style=\"color: #c9c8cd; font-family: Arial,sans-serif; font-size: 14px; line-height: 17px; margin-bottom: 0; margin-top: 8px; overflow: hidden; padding: 8px 0 7px; text-align: center; text-overflow: ellipsis; white-space: nowrap;\"><a style=\"color: #c9c8cd; font-family: Arial,sans-serif; font-size: 14px; font-style: normal; font-weight: normal; line-height: 17px; text-decoration: none;\" href=\"https:\/\/www.instagram.com\/reel\/C3cjtDntDt3\/?utm_source=ig_embed&amp;utm_campaign=loading\" target=\"_blank\" rel=\"noopener\">Post udost\u0119pniony przez Pakuten.pl \u2022 Modna i tania odzie\u017c damska (@pakuten.official)<\/a><\/p>\n<\/div>\n<\/blockquote>\n<p><script async=\"\" src=\"\/\/www.instagram.com\/embed.js\"><\/script><\/p>\n<h2 class=\"p1\"><span style=\"color: #ff9900;\">Klasyki i inwestycje \u2013 fundament ka\u017cdej garderoby<\/span><\/h2>\n<p class=\"p1\">Kluczowym elementem wiosennej odnowy jest r\u00f3wnie\u017c przemy\u015blane inwestowanie w ubrania, kt\u00f3re s\u0105 ponadczasowe i mog\u0105 s\u0142u\u017cy\u0107 nam przez wiele sezon\u00f3w. Klasyczne kroje, wysoka jako\u015b\u0107 wykonania i uniwersalno\u015b\u0107 to cechy, na kt\u00f3re warto zwraca\u0107 uwag\u0119. Bia\u0142a <span style=\"color: #ff9900;\"><a style=\"color: #ff9900;\" href=\"https:\/\/pakuten.pl\/59-koszule\" target=\"_blank\" rel=\"noopener\">koszula<\/a><\/span>, dobrze skrojone <span style=\"color: #ff9900;\"><a style=\"color: #ff9900;\" href=\"https:\/\/pakuten.pl\/25-spodnie\" target=\"_blank\" rel=\"noopener\">spodnie<\/a><\/span>, klasyczna <span style=\"color: #ff9900;\"><a style=\"color: #ff9900;\" href=\"https:\/\/pakuten.pl\/178-sukienki-czarne\" target=\"_blank\" rel=\"noopener\">ma\u0142a czarna<\/a><\/span> \u2013 to elementy, kt\u00f3re stanowi\u0105 solidny fundament ka\u017cdej garderoby i pozwalaj\u0105 na tworzenie r\u00f3\u017cnorodnych zestawie\u0144.<\/p>\n<p><img loading=\"lazy\" class=\"aligncenter size-full wp-image-8313\" src=\"https:\/\/pakuten.pl\/blog\/wp-content\/uploads\/2024\/02\/Bez-nazwy-c2.jpg\" alt=\"\" width=\"741\" height=\"1000\" \/><\/p>\n<div class=\"product-box-container\">\r\n<div class=\"one_third \" style=\"\">\r\n<div class=\"product-box\">\r\n<a href=\"https:\/\/pakuten.pl\/31319-70518-bialy-garnitur-marynarka-i-spodnie-keikaa-bialy.html\" target=\"_blank\">\r\n <img src=\"https:\/\/media.pakuten.pl\/191047-large_default\/bialy-garnitur-marynarka-i-spodnie-keikaa.jpg\" alt=\"Bia\u0142y garnitur marynarka i spodnie Keikaa\"\/>\r\n<\/a>\r\n<p>\r\n<a href=\"https:\/\/pakuten.pl\/31319-70518-bialy-garnitur-marynarka-i-spodnie-keikaa-bialy.html\" target=\"_blank\">\r\nBia\u0142y garnitur marynarka i spodnie Keikaa\r\n<\/a><\/p>\r\n  <p>Cena: 199,99\u00a0z\u0142<\/p>\r\n<a href=\"https:\/\/pakuten.pl\/31319-70518-bialy-garnitur-marynarka-i-spodnie-keikaa-bialy.html\" target=\"_blank\" class=\"button\">\r\nZobacz w sklepie\r\n<\/a>\r\n<\/div>\r\n<\/div>\r\n<div class=\"one_third \" style=\"\">\r\n<div class=\"product-box\">\r\n<a href=\"https:\/\/pakuten.pl\/36740-79769-bezowa-bluza-dresowa-ze-stojka-i-zamkiem-henri-bezowy.html\" target=\"_blank\">\r\n  <img src=\"https:\/\/media.pakuten.pl\/216822-large_default\/bezowa-bluza-dresowa-ze-stojka-i-zamkiem-henri.jpg\" alt=\"Be\u017cowa bluza dresowa ze st\u00f3jk\u0105 i zamkiem Henri\"\/>\r\n<\/a>\r\n<p>\r\n<a href=\"https:\/\/pakuten.pl\/36740-79769-bezowa-bluza-dresowa-ze-stojka-i-zamkiem-henri-bezowy.html\" target=\"_blank\">\r\nBe\u017cowa bluza dresowa ze st\u00f3jk\u0105 i zamkiem Henri\r\n<\/a><\/p>\r\n  <p>Cena: 116,64\u00a0z\u0142<\/p>\r\n<a href=\"https:\/\/pakuten.pl\/36740-79769-bezowa-bluza-dresowa-ze-stojka-i-zamkiem-henri-bezowy.html\" target=\"_blank\" class=\"button\">\r\nZobacz w sklepie\r\n<\/a>\r\n<\/div>\r\n<\/div>\r\n<div class=\"one_third last \" style=\"\">\r\n<div class=\"product-box\">\r\n<a href=\"https:\/\/pakuten.pl\/36712-79727-czarne-body-z-szyfonowymi-rekawami-samillo-czarny.html\" target=\"_blank\">\r\n  <img src=\"https:\/\/media.pakuten.pl\/216672-large_default\/czarne-body-z-szyfonowymi-rekawami-samillo.jpg\" alt=\"Czarne body z szyfonowymi r\u0119kawami Samillo\"\/>\r\n<\/a>\r\n<p>\r\n<a href=\"https:\/\/pakuten.pl\/36712-79727-czarne-body-z-szyfonowymi-rekawami-samillo-czarny.html\" target=\"_blank\">\r\nCzarne body z szyfonowymi r\u0119kawami Samillo\r\n<\/a><\/p>\r\n  <p>Cena: 39,99\u00a0z\u0142<\/p>\r\n<a href=\"https:\/\/pakuten.pl\/36712-79727-czarne-body-z-szyfonowymi-rekawami-samillo-czarny.html\" target=\"_blank\" class=\"button\">\r\nZobacz w sklepie\r\n<\/a>\r\n<\/div>\r\n<\/div><br class=\"clear\"\/>\r\n<\/div>\n<h2 class=\"p1\"><span style=\"color: #ff9900;\">Akcenty i dodatki \u2013 magia w detalach<\/span><\/h2>\n<p class=\"p1\">Nie mo\u017cna zapomnie\u0107 o dodatkach, kt\u00f3re s\u0105 jak czarodziejska r\u00f3\u017cd\u017cka w \u015bwiecie mody. Nowa torebka, oryginalna bi\u017cuteria czy kolorowy szal mog\u0105 ca\u0142kowicie odmieni\u0107 nawet najprostsz\u0105 stylizacj\u0119, dodaj\u0105c jej charakteru i \u015bwie\u017co\u015bci. Wiosna to idealny czas, aby eksperymentowa\u0107 z kolorami, wzorami i fakturami \u2013 niech dodatki stan\u0105 si\u0119 wyrazistym akcentem Waszego wiosennego looku.<\/p>\n<p>\u00a0<\/p>\n<blockquote class=\"instagram-media\" style=\"background: #FFF; border: 0; border-radius: 3px; box-shadow: 0 0 1px 0 rgba(0,0,0,0.5),0 1px 10px 0 rgba(0,0,0,0.15); margin: 1px; max-width: 540px; min-width: 326px; padding: 0; width: calc(100% - 2px);\" data-instgrm-permalink=\"https:\/\/www.instagram.com\/reel\/C2MsR8PMih8\/?utm_source=ig_embed&amp;utm_campaign=loading\" data-instgrm-version=\"14\">\n<div style=\"padding: 16px;\">\n<div style=\"display: flex; flex-direction: row; align-items: center;\">\n<div style=\"background-color: #f4f4f4; border-radius: 50%; flex-grow: 0; height: 40px; margin-right: 14px; width: 40px;\">\u00a0<\/div>\n<div style=\"display: flex; flex-direction: column; flex-grow: 1; justify-content: center;\">\n<div style=\"background-color: #f4f4f4; border-radius: 4px; flex-grow: 0; height: 14px; margin-bottom: 6px; width: 100px;\">\u00a0<\/div>\n<div style=\"background-color: #f4f4f4; border-radius: 4px; flex-grow: 0; height: 14px; width: 60px;\">\u00a0<\/div>\n<\/div>\n<\/div>\n<div style=\"padding: 19% 0;\">\u00a0<\/div>\n<div style=\"display: block; height: 50px; margin: 0 auto 12px; width: 50px;\">\u00a0<\/div>\n<div style=\"padding-top: 8px;\">\n<div style=\"color: #3897f0; font-family: Arial,sans-serif; font-size: 14px; font-style: normal; font-weight: 550; line-height: 18px;\">Wy\u015bwietl ten post na Instagramie<\/div>\n<\/div>\n<div style=\"padding: 12.5% 0;\">\u00a0<\/div>\n<div style=\"display: flex; flex-direction: row; margin-bottom: 14px; align-items: center;\">\n<div>\n<div style=\"background-color: #f4f4f4; border-radius: 50%; height: 12.5px; width: 12.5px; transform: translateX(0px) translateY(7px);\">\u00a0<\/div>\n<div style=\"background-color: #f4f4f4; height: 12.5px; transform: rotate(-45deg) translateX(3px) translateY(1px); width: 12.5px; flex-grow: 0; margin-right: 14px; margin-left: 2px;\">\u00a0<\/div>\n<div style=\"background-color: #f4f4f4; border-radius: 50%; height: 12.5px; width: 12.5px; transform: translateX(9px) translateY(-18px);\">\u00a0<\/div>\n<\/div>\n<div style=\"margin-left: 8px;\">\n<div style=\"background-color: #f4f4f4; border-radius: 50%; flex-grow: 0; height: 20px; width: 20px;\">\u00a0<\/div>\n<div style=\"width: 0; height: 0; border-top: 2px solid transparent; border-left: 6px solid #f4f4f4; border-bottom: 2px solid transparent; transform: translateX(16px) translateY(-4px) rotate(30deg);\">\u00a0<\/div>\n<\/div>\n<div style=\"margin-left: auto;\">\n<div style=\"width: 0px; border-top: 8px solid #F4F4F4; border-right: 8px solid transparent; transform: translateY(16px);\">\u00a0<\/div>\n<div style=\"background-color: #f4f4f4; flex-grow: 0; height: 12px; width: 16px; transform: translateY(-4px);\">\u00a0<\/div>\n<div style=\"width: 0; height: 0; border-top: 8px solid #F4F4F4; border-left: 8px solid transparent; transform: translateY(-4px) translateX(8px);\">\u00a0<\/div>\n<\/div>\n<\/div>\n<div style=\"display: flex; flex-direction: column; flex-grow: 1; justify-content: center; margin-bottom: 24px;\">\n<div style=\"background-color: #f4f4f4; border-radius: 4px; flex-grow: 0; height: 14px; margin-bottom: 6px; width: 224px;\">\u00a0<\/div>\n<div style=\"background-color: #f4f4f4; border-radius: 4px; flex-grow: 0; height: 14px; width: 144px;\">\u00a0<\/div>\n<\/div>\n<p style=\"color: #c9c8cd; font-family: Arial,sans-serif; font-size: 14px; line-height: 17px; margin-bottom: 0; margin-top: 8px; overflow: hidden; padding: 8px 0 7px; text-align: center; text-overflow: ellipsis; white-space: nowrap;\"><a style=\"color: #c9c8cd; font-family: Arial,sans-serif; font-size: 14px; font-style: normal; font-weight: normal; line-height: 17px; text-decoration: none;\" href=\"https:\/\/www.instagram.com\/reel\/C2MsR8PMih8\/?utm_source=ig_embed&amp;utm_campaign=loading\" target=\"_blank\" rel=\"noopener\">Post udost\u0119pniony przez Pakuten.pl \u2022 Modna i tania odzie\u017c damska (@pakuten.official)<\/a><\/p>\n<\/div>\n<\/blockquote>\n<p><script async=\"\" src=\"\/\/www.instagram.com\/embed.js\"><\/script><\/p>\n<h2 class=\"p1\"><span style=\"color: #ff9900;\">Second-hand i wymiana \u2013 odkrywanie nowych mo\u017cliwo\u015bci<\/span><\/h2>\n<p class=\"p1\">W poszukiwaniu unikatowych pere\u0142ek warto zajrze\u0107 do second-hand\u00f3w lub zorganizowa\u0107 wymian\u0119 ubra\u0144 z przyjaci\u00f3\u0142mi. To fantastyczny spos\u00f3b na od\u015bwie\u017cenie garderoby bez nadwyr\u0119\u017cania bud\u017cetu i dodatkowe korzy\u015bci dla \u015brodowiska. Cz\u0119sto w takich miejscach mo\u017cna znale\u017a\u0107 nietuzinkowe elementy, kt\u00f3re wprowadz\u0105 do naszej szafy powiew \u015bwie\u017co\u015bci i oryginalno\u015bci.<\/p>\n<p><img loading=\"lazy\" class=\"aligncenter size-full wp-image-8315\" src=\"https:\/\/pakuten.pl\/blog\/wp-content\/uploads\/2024\/02\/3.jpeg\" alt=\"\" width=\"736\" height=\"1103\" \/><\/p>\n<h2 class=\"p1\"><span style=\"color: #ff9900;\">Porz\u0105dek i organizacja \u2013 klucz do harmonii<\/span><\/h2>\n<p class=\"p1\">Ostatnim, ale r\u00f3wnie wa\u017cnym aspektem wiosennej odnowy garderoby jest odpowiednia organizacja przechowywanych ubra\u0144. Uporz\u0105dkowana szafa, gdzie ka\u017cdy element ma swoje miejsce, nie tylko u\u0142atwia codzienne decyzje dotycz\u0105ce stylizacji, ale tak\u017ce pozwala na lepsze zarz\u0105dzanie posiadanymi zasobami. Warto zatem po\u015bwi\u0119ci\u0107 czas na przemy\u015blane rozmieszczenie ubra\u0144, tak aby te najcz\u0119\u015bciej noszone by\u0142y zawsze pod r\u0119k\u0105, a te sezonowe mog\u0142y odpocz\u0105\u0107 do nast\u0119pnej okazji.<\/p>\n<p>\u00a0<\/p>\n<p class=\"p1\">Wiosenna odnowa garderoby to proces, kt\u00f3ry wymaga czasu, refleksji i kreatywno\u015bci. Nie jest to jedynie kwestia zakup\u00f3w, ale przede wszystkim umiej\u0119tno\u015b\u0107 zarz\u0105dzania tym, co ju\u017c posiadamy, dokonywania \u015bwiadomych wybor\u00f3w i inwestowania w ubrania, kt\u00f3re b\u0119d\u0105 s\u0142u\u017cy\u0107 nam przez lata. Pami\u0119tajmy, \u017ce moda to nie tylko ubrania, ale spos\u00f3b na wyra\u017cenie siebie \u2013 niech ta wiosenna odnowa b\u0119dzie dla Was okazj\u0105 do eksperyment\u00f3w, odkrywania nowych styl\u00f3w i czerpania rado\u015bci z w\u0142asnego wizerunku.<\/p>\n\n\n<div class=\"kk-star-ratings kksr-auto kksr-align-right kksr-valign-bottom\"\n    data-payload='{&quot;align&quot;:&quot;right&quot;,&quot;id&quot;:&quot;8308&quot;,&quot;slug&quot;:&quot;default&quot;,&quot;valign&quot;:&quot;bottom&quot;,&quot;ignore&quot;:&quot;&quot;,&quot;reference&quot;:&quot;auto&quot;,&quot;class&quot;:&quot;&quot;,&quot;count&quot;:&quot;0&quot;,&quot;legendonly&quot;:&quot;&quot;,&quot;readonly&quot;:&quot;&quot;,&quot;score&quot;:&quot;0&quot;,&quot;starsonly&quot;:&quot;&quot;,&quot;best&quot;:&quot;5&quot;,&quot;gap&quot;:&quot;5&quot;,&quot;greet&quot;:&quot;Rate this post&quot;,&quot;legend&quot;:&quot;0\\\/5 - (0 votes)&quot;,&quot;size&quot;:&quot;24&quot;,&quot;width&quot;:&quot;0&quot;,&quot;_legend&quot;:&quot;{score}\\\/{best} - ({count} {votes})&quot;,&quot;font_factor&quot;:&quot;1.25&quot;}'>\n            \n<div class=\"kksr-stars\">\n    \n<div class=\"kksr-stars-inactive\">\n            <div class=\"kksr-star\" data-star=\"1\" style=\"padding-right: 5px\">\n            \n\n<div class=\"kksr-icon\" style=\"width: 24px; height: 24px;\"><\/div>\n        <\/div>\n            <div class=\"kksr-star\" data-star=\"2\" style=\"padding-right: 5px\">\n            \n\n<div class=\"kksr-icon\" style=\"width: 24px; height: 24px;\"><\/div>\n        <\/div>\n            <div class=\"kksr-star\" data-star=\"3\" style=\"padding-right: 5px\">\n            \n\n<div class=\"kksr-icon\" style=\"width: 24px; height: 24px;\"><\/div>\n        <\/div>\n            <div class=\"kksr-star\" data-star=\"4\" style=\"padding-right: 5px\">\n            \n\n<div class=\"kksr-icon\" style=\"width: 24px; height: 24px;\"><\/div>\n        <\/div>\n            <div class=\"kksr-star\" data-star=\"5\" style=\"padding-right: 5px\">\n            \n\n<div class=\"kksr-icon\" style=\"width: 24px; height: 24px;\"><\/div>\n        <\/div>\n    <\/div>\n    \n<div class=\"kksr-stars-active\" style=\"width: 0px;\">\n            <div class=\"kksr-star\" style=\"padding-right: 5px\">\n            \n\n<div class=\"kksr-icon\" style=\"width: 24px; height: 24px;\"><\/div>\n        <\/div>\n            <div class=\"kksr-star\" style=\"padding-right: 5px\">\n            \n\n<div class=\"kksr-icon\" style=\"width: 24px; height: 24px;\"><\/div>\n        <\/div>\n            <div class=\"kksr-star\" style=\"padding-right: 5px\">\n            \n\n<div class=\"kksr-icon\" style=\"width: 24px; height: 24px;\"><\/div>\n        <\/div>\n            <div class=\"kksr-star\" style=\"padding-right: 5px\">\n            \n\n<div class=\"kksr-icon\" style=\"width: 24px; height: 24px;\"><\/div>\n        <\/div>\n            <div class=\"kksr-star\" style=\"padding-right: 5px\">\n            \n\n<div class=\"kksr-icon\" style=\"width: 24px; height: 24px;\"><\/div>\n        <\/div>\n    <\/div>\n<\/div>\n                \n\n<div class=\"kksr-legend\" style=\"font-size: 19.2px;\">\n            <span class=\"kksr-muted\">Rate this post<\/span>\n    <\/div>\n    <\/div>\n","protected":false},"excerpt":{"rendered":"<p>Wiosna to okres, kiedy natura budzi si\u0119 do \u017cycia. Z ni\u0105 budzi si\u0119 r\u00f3wnie\u017c nasza ch\u0119\u0107 do zmian i od\u015bwie\u017cenia otaczaj\u0105cej nas przestrzeni \u2013 w tym naszej garderoby. Zmiana sezonu jest idealnym momentem, aby spojrze\u0107 na swoj\u0105 szaf\u0119 nowym okiem. Przemy\u015ble\u0107 swoje modowe wybory i zastanowi\u0107 si\u0119, jak mo\u017cemy od\u015bwie\u017cy\u0107 swoje stylizacje bez konieczno\u015bci ca\u0142kowitej rewolucji. W tym wpisie podziel\u0119 si\u0119 z Wami kilkoma wskaz\u00f3wkami, jak skutecznie i z pomys\u0142em przeprowadzi\u0107 wiosenn\u0105 odnow\u0119 garderoby, aby cieszy\u0107 si\u0119 \u015bwie\u017cym i od\u015bwie\u017conym lookiem.<\/p>\n","protected":false},"author":3,"featured_media":8310,"comment_status":"open","ping_status":"open","sticky":false,"template":"","format":"standard","meta":[],"categories":[3],"tags":[],"yoast_head":"<!-- This site is optimized with the Yoast SEO plugin v18.4.1 - https:\/\/yoast.com\/wordpress\/plugins\/seo\/ -->\n<title>Wiosenna odnowa garderoby: Jak od\u015bwie\u017cy\u0107 swoj\u0105 szaf\u0119 na nowy sezon - Pakuten blog<\/title>\n<meta name=\"description\" content=\"Wiosna to okres, kiedy natura budzi si\u0119 do \u017cycia. Z ni\u0105 budzi si\u0119 r\u00f3wnie\u017c nasza ch\u0119\u0107 do zmian i od\u015bwie\u017cenia otaczaj\u0105cej nas przestrzeni \u2013 w tym naszej garderoby. Zmiana sezonu jest idealnym momentem, aby spojrze\u0107 na swoj\u0105 szaf\u0119 nowym okiem. Przemy\u015ble\u0107 swoje modowe wybory i zastanowi\u0107 si\u0119, jak mo\u017cemy od\u015bwie\u017cy\u0107 swoje stylizacje bez konieczno\u015bci ca\u0142kowitej rewolucji. W tym wpisie podziel\u0119 si\u0119 z Wami kilkoma wskaz\u00f3wkami, jak skutecznie i z pomys\u0142em przeprowadzi\u0107 wiosenn\u0105 odnow\u0119 garderoby, aby cieszy\u0107 si\u0119 \u015bwie\u017cym i od\u015bwie\u017conym lookiem.\" \/>\n<meta name=\"robots\" content=\"index, follow, max-snippet:-1, max-image-preview:large, max-video-preview:-1\" \/>\n<link rel=\"canonical\" href=\"https:\/\/pakuten.pl\/blog\/wiosenna-odnowa-garderoby-jak-odswiezyc-swoja-szafe-na-nowy-sezon\/\" \/>\n<meta property=\"og:locale\" content=\"pl_PL\" \/>\n<meta property=\"og:type\" content=\"article\" \/>\n<meta property=\"og:title\" content=\"Wiosenna odnowa garderoby: Jak od\u015bwie\u017cy\u0107 swoj\u0105 szaf\u0119 na nowy sezon - Pakuten blog\" \/>\n<meta property=\"og:description\" content=\"Wiosna to okres, kiedy natura budzi si\u0119 do \u017cycia. Z ni\u0105 budzi si\u0119 r\u00f3wnie\u017c nasza ch\u0119\u0107 do zmian i od\u015bwie\u017cenia otaczaj\u0105cej nas przestrzeni \u2013 w tym naszej garderoby. Zmiana sezonu jest idealnym momentem, aby spojrze\u0107 na swoj\u0105 szaf\u0119 nowym okiem. Przemy\u015ble\u0107 swoje modowe wybory i zastanowi\u0107 si\u0119, jak mo\u017cemy od\u015bwie\u017cy\u0107 swoje stylizacje bez konieczno\u015bci ca\u0142kowitej rewolucji. W tym wpisie podziel\u0119 si\u0119 z Wami kilkoma wskaz\u00f3wkami, jak skutecznie i z pomys\u0142em przeprowadzi\u0107 wiosenn\u0105 odnow\u0119 garderoby, aby cieszy\u0107 si\u0119 \u015bwie\u017cym i od\u015bwie\u017conym lookiem.\" \/>\n<meta property=\"og:url\" content=\"https:\/\/pakuten.pl\/blog\/wiosenna-odnowa-garderoby-jak-odswiezyc-swoja-szafe-na-nowy-sezon\/\" \/>\n<meta property=\"og:site_name\" content=\"Pakuten blog\" \/>\n<meta property=\"article:published_time\" content=\"2024-03-11T10:13:00+00:00\" \/>\n<meta property=\"article:modified_time\" content=\"2024-02-20T10:16:54+00:00\" \/>\n<meta property=\"og:image\" content=\"https:\/\/pakuten.pl\/blog\/wp-content\/uploads\/2024\/02\/Wiosenna-odnowa-garderoby_Jak-ods\u0301wiez\u0307yc\u0301-swoja\u0328-szafe\u0328-na-nowy-sezon.jpg\" \/>\n\t<meta property=\"og:image:width\" content=\"1280\" \/>\n\t<meta property=\"og:image:height\" content=\"853\" \/>\n\t<meta property=\"og:image:type\" content=\"image\/jpeg\" \/>\n<meta name=\"twitter:card\" content=\"summary_large_image\" \/>\n<meta name=\"twitter:label1\" content=\"Napisane przez\" \/>\n\t<meta name=\"twitter:data1\" content=\"Pakuten Girl\" \/>\n\t<meta name=\"twitter:label2\" content=\"Szacowany czas czytania\" \/>\n\t<meta name=\"twitter:data2\" content=\"5 minut\" \/>\n<script type=\"application\/ld+json\" class=\"yoast-schema-graph\">{\"@context\":\"https:\/\/schema.org\",\"@graph\":[{\"@type\":\"Organization\",\"@id\":\"https:\/\/pakuten.pl\/blog\/#organization\",\"name\":\"Pakuten\",\"url\":\"https:\/\/pakuten.pl\/blog\/\",\"sameAs\":[],\"logo\":{\"@type\":\"ImageObject\",\"@id\":\"https:\/\/pakuten.pl\/blog\/#logo\",\"inLanguage\":\"pl-PL\",\"url\":\"http:\/\/pakuten.pl\/blog\/wp-content\/uploads\/2018\/01\/pakuten_logo.png\",\"contentUrl\":\"http:\/\/pakuten.pl\/blog\/wp-content\/uploads\/2018\/01\/pakuten_logo.png\",\"width\":300,\"height\":120,\"caption\":\"Pakuten\"},\"image\":{\"@id\":\"https:\/\/pakuten.pl\/blog\/#logo\"}},{\"@type\":\"WebSite\",\"@id\":\"https:\/\/pakuten.pl\/blog\/#website\",\"url\":\"https:\/\/pakuten.pl\/blog\/\",\"name\":\"Pakuten blog\",\"description\":\"Blog sklepu internetowego pakuten.pl\",\"publisher\":{\"@id\":\"https:\/\/pakuten.pl\/blog\/#organization\"},\"potentialAction\":[{\"@type\":\"SearchAction\",\"target\":{\"@type\":\"EntryPoint\",\"urlTemplate\":\"https:\/\/pakuten.pl\/blog\/?s={search_term_string}\"},\"query-input\":\"required name=search_term_string\"}],\"inLanguage\":\"pl-PL\"},{\"@type\":\"ImageObject\",\"@id\":\"https:\/\/pakuten.pl\/blog\/wiosenna-odnowa-garderoby-jak-odswiezyc-swoja-szafe-na-nowy-sezon\/#primaryimage\",\"inLanguage\":\"pl-PL\",\"url\":\"https:\/\/pakuten.pl\/blog\/wp-content\/uploads\/2024\/02\/Wiosenna-odnowa-garderoby_Jak-ods\u0301wiez\u0307yc\u0301-swoja\u0328-szafe\u0328-na-nowy-sezon.jpg\",\"contentUrl\":\"https:\/\/pakuten.pl\/blog\/wp-content\/uploads\/2024\/02\/Wiosenna-odnowa-garderoby_Jak-ods\u0301wiez\u0307yc\u0301-swoja\u0328-szafe\u0328-na-nowy-sezon.jpg\",\"width\":1280,\"height\":853},{\"@type\":\"WebPage\",\"@id\":\"https:\/\/pakuten.pl\/blog\/wiosenna-odnowa-garderoby-jak-odswiezyc-swoja-szafe-na-nowy-sezon\/#webpage\",\"url\":\"https:\/\/pakuten.pl\/blog\/wiosenna-odnowa-garderoby-jak-odswiezyc-swoja-szafe-na-nowy-sezon\/\",\"name\":\"Wiosenna odnowa garderoby: Jak od\u015bwie\u017cy\u0107 swoj\u0105 szaf\u0119 na nowy sezon - Pakuten blog\",\"isPartOf\":{\"@id\":\"https:\/\/pakuten.pl\/blog\/#website\"},\"primaryImageOfPage\":{\"@id\":\"https:\/\/pakuten.pl\/blog\/wiosenna-odnowa-garderoby-jak-odswiezyc-swoja-szafe-na-nowy-sezon\/#primaryimage\"},\"datePublished\":\"2024-03-11T10:13:00+00:00\",\"dateModified\":\"2024-02-20T10:16:54+00:00\",\"description\":\"Wiosna to okres, kiedy natura budzi si\u0119 do \u017cycia. Z ni\u0105 budzi si\u0119 r\u00f3wnie\u017c nasza ch\u0119\u0107 do zmian i od\u015bwie\u017cenia otaczaj\u0105cej nas przestrzeni \u2013 w tym naszej garderoby. Zmiana sezonu jest idealnym momentem, aby spojrze\u0107 na swoj\u0105 szaf\u0119 nowym okiem. Przemy\u015ble\u0107 swoje modowe wybory i zastanowi\u0107 si\u0119, jak mo\u017cemy od\u015bwie\u017cy\u0107 swoje stylizacje bez konieczno\u015bci ca\u0142kowitej rewolucji. W tym wpisie podziel\u0119 si\u0119 z Wami kilkoma wskaz\u00f3wkami, jak skutecznie i z pomys\u0142em przeprowadzi\u0107 wiosenn\u0105 odnow\u0119 garderoby, aby cieszy\u0107 si\u0119 \u015bwie\u017cym i od\u015bwie\u017conym lookiem.\",\"breadcrumb\":{\"@id\":\"https:\/\/pakuten.pl\/blog\/wiosenna-odnowa-garderoby-jak-odswiezyc-swoja-szafe-na-nowy-sezon\/#breadcrumb\"},\"inLanguage\":\"pl-PL\",\"potentialAction\":[{\"@type\":\"ReadAction\",\"target\":[\"https:\/\/pakuten.pl\/blog\/wiosenna-odnowa-garderoby-jak-odswiezyc-swoja-szafe-na-nowy-sezon\/\"]}]},{\"@type\":\"BreadcrumbList\",\"@id\":\"https:\/\/pakuten.pl\/blog\/wiosenna-odnowa-garderoby-jak-odswiezyc-swoja-szafe-na-nowy-sezon\/#breadcrumb\",\"itemListElement\":[{\"@type\":\"ListItem\",\"position\":1,\"name\":\"Strona g\u0142\u00f3wna\",\"item\":\"https:\/\/pakuten.pl\/blog\/\"},{\"@type\":\"ListItem\",\"position\":2,\"name\":\"Wiosenna odnowa garderoby: Jak od\u015bwie\u017cy\u0107 swoj\u0105 szaf\u0119 na nowy sezon\"}]},{\"@type\":\"Article\",\"@id\":\"https:\/\/pakuten.pl\/blog\/wiosenna-odnowa-garderoby-jak-odswiezyc-swoja-szafe-na-nowy-sezon\/#article\",\"isPartOf\":{\"@id\":\"https:\/\/pakuten.pl\/blog\/wiosenna-odnowa-garderoby-jak-odswiezyc-swoja-szafe-na-nowy-sezon\/#webpage\"},\"author\":{\"@id\":\"https:\/\/pakuten.pl\/blog\/#\/schema\/person\/d7133af30211381a4e4536d088384556\"},\"headline\":\"Wiosenna odnowa garderoby: Jak od\u015bwie\u017cy\u0107 swoj\u0105 szaf\u0119 na nowy sezon\",\"datePublished\":\"2024-03-11T10:13:00+00:00\",\"dateModified\":\"2024-02-20T10:16:54+00:00\",\"mainEntityOfPage\":{\"@id\":\"https:\/\/pakuten.pl\/blog\/wiosenna-odnowa-garderoby-jak-odswiezyc-swoja-szafe-na-nowy-sezon\/#webpage\"},\"wordCount\":720,\"commentCount\":0,\"publisher\":{\"@id\":\"https:\/\/pakuten.pl\/blog\/#organization\"},\"image\":{\"@id\":\"https:\/\/pakuten.pl\/blog\/wiosenna-odnowa-garderoby-jak-odswiezyc-swoja-szafe-na-nowy-sezon\/#primaryimage\"},\"thumbnailUrl\":\"https:\/\/pakuten.pl\/blog\/wp-content\/uploads\/2024\/02\/Wiosenna-odnowa-garderoby_Jak-ods\u0301wiez\u0307yc\u0301-swoja\u0328-szafe\u0328-na-nowy-sezon.jpg\",\"articleSection\":[\"Top Trends\"],\"inLanguage\":\"pl-PL\",\"potentialAction\":[{\"@type\":\"CommentAction\",\"name\":\"Comment\",\"target\":[\"https:\/\/pakuten.pl\/blog\/wiosenna-odnowa-garderoby-jak-odswiezyc-swoja-szafe-na-nowy-sezon\/#respond\"]}]},{\"@type\":\"Person\",\"@id\":\"https:\/\/pakuten.pl\/blog\/#\/schema\/person\/d7133af30211381a4e4536d088384556\",\"name\":\"Pakuten Girl\",\"image\":{\"@type\":\"ImageObject\",\"@id\":\"https:\/\/pakuten.pl\/blog\/#personlogo\",\"inLanguage\":\"pl-PL\",\"url\":\"https:\/\/secure.gravatar.com\/avatar\/d3df41de2caf92e6cfded9430c2ff352?s=96&d=mm&r=g\",\"contentUrl\":\"https:\/\/secure.gravatar.com\/avatar\/d3df41de2caf92e6cfded9430c2ff352?s=96&d=mm&r=g\",\"caption\":\"Pakuten Girl\"},\"description\":\"Cze\u015b\u0107, nazywam si\u0119 Ola. Kocham Netflixa, sals\u0119, nowo\u015bci kosmetyczne i najnowsze trendy w modzie.\",\"url\":\"https:\/\/pakuten.pl\/blog\/author\/pakuten-girl\/\"}]}<\/script>\n<!-- \/ Yoast SEO plugin. -->","yoast_head_json":{"title":"Wiosenna odnowa garderoby: Jak od\u015bwie\u017cy\u0107 swoj\u0105 szaf\u0119 na nowy sezon - Pakuten blog","description":"Wiosna to okres, kiedy natura budzi si\u0119 do \u017cycia. Z ni\u0105 budzi si\u0119 r\u00f3wnie\u017c nasza ch\u0119\u0107 do zmian i od\u015bwie\u017cenia otaczaj\u0105cej nas przestrzeni \u2013 w tym naszej garderoby. Zmiana sezonu jest idealnym momentem, aby spojrze\u0107 na swoj\u0105 szaf\u0119 nowym okiem. Przemy\u015ble\u0107 swoje modowe wybory i zastanowi\u0107 si\u0119, jak mo\u017cemy od\u015bwie\u017cy\u0107 swoje stylizacje bez konieczno\u015bci ca\u0142kowitej rewolucji. W tym wpisie podziel\u0119 si\u0119 z Wami kilkoma wskaz\u00f3wkami, jak skutecznie i z pomys\u0142em przeprowadzi\u0107 wiosenn\u0105 odnow\u0119 garderoby, aby cieszy\u0107 si\u0119 \u015bwie\u017cym i od\u015bwie\u017conym lookiem.","robots":{"index":"index","follow":"follow","max-snippet":"max-snippet:-1","max-image-preview":"max-image-preview:large","max-video-preview":"max-video-preview:-1"},"canonical":"https:\/\/pakuten.pl\/blog\/wiosenna-odnowa-garderoby-jak-odswiezyc-swoja-szafe-na-nowy-sezon\/","og_locale":"pl_PL","og_type":"article","og_title":"Wiosenna odnowa garderoby: Jak od\u015bwie\u017cy\u0107 swoj\u0105 szaf\u0119 na nowy sezon - Pakuten blog","og_description":"Wiosna to okres, kiedy natura budzi si\u0119 do \u017cycia. Z ni\u0105 budzi si\u0119 r\u00f3wnie\u017c nasza ch\u0119\u0107 do zmian i od\u015bwie\u017cenia otaczaj\u0105cej nas przestrzeni \u2013 w tym naszej garderoby. Zmiana sezonu jest idealnym momentem, aby spojrze\u0107 na swoj\u0105 szaf\u0119 nowym okiem. Przemy\u015ble\u0107 swoje modowe wybory i zastanowi\u0107 si\u0119, jak mo\u017cemy od\u015bwie\u017cy\u0107 swoje stylizacje bez konieczno\u015bci ca\u0142kowitej rewolucji. W tym wpisie podziel\u0119 si\u0119 z Wami kilkoma wskaz\u00f3wkami, jak skutecznie i z pomys\u0142em przeprowadzi\u0107 wiosenn\u0105 odnow\u0119 garderoby, aby cieszy\u0107 si\u0119 \u015bwie\u017cym i od\u015bwie\u017conym lookiem.","og_url":"https:\/\/pakuten.pl\/blog\/wiosenna-odnowa-garderoby-jak-odswiezyc-swoja-szafe-na-nowy-sezon\/","og_site_name":"Pakuten blog","article_published_time":"2024-03-11T10:13:00+00:00","article_modified_time":"2024-02-20T10:16:54+00:00","og_image":[{"width":1280,"height":853,"url":"https:\/\/pakuten.pl\/blog\/wp-content\/uploads\/2024\/02\/Wiosenna-odnowa-garderoby_Jak-ods\u0301wiez\u0307yc\u0301-swoja\u0328-szafe\u0328-na-nowy-sezon.jpg","type":"image\/jpeg"}],"twitter_card":"summary_large_image","twitter_misc":{"Napisane przez":"Pakuten Girl","Szacowany czas czytania":"5 minut"},"schema":{"@context":"https:\/\/schema.org","@graph":[{"@type":"Organization","@id":"https:\/\/pakuten.pl\/blog\/#organization","name":"Pakuten","url":"https:\/\/pakuten.pl\/blog\/","sameAs":[],"logo":{"@type":"ImageObject","@id":"https:\/\/pakuten.pl\/blog\/#logo","inLanguage":"pl-PL","url":"http:\/\/pakuten.pl\/blog\/wp-content\/uploads\/2018\/01\/pakuten_logo.png","contentUrl":"http:\/\/pakuten.pl\/blog\/wp-content\/uploads\/2018\/01\/pakuten_logo.png","width":300,"height":120,"caption":"Pakuten"},"image":{"@id":"https:\/\/pakuten.pl\/blog\/#logo"}},{"@type":"WebSite","@id":"https:\/\/pakuten.pl\/blog\/#website","url":"https:\/\/pakuten.pl\/blog\/","name":"Pakuten blog","description":"Blog sklepu internetowego pakuten.pl","publisher":{"@id":"https:\/\/pakuten.pl\/blog\/#organization"},"potentialAction":[{"@type":"SearchAction","target":{"@type":"EntryPoint","urlTemplate":"https:\/\/pakuten.pl\/blog\/?s={search_term_string}"},"query-input":"required name=search_term_string"}],"inLanguage":"pl-PL"},{"@type":"ImageObject","@id":"https:\/\/pakuten.pl\/blog\/wiosenna-odnowa-garderoby-jak-odswiezyc-swoja-szafe-na-nowy-sezon\/#primaryimage","inLanguage":"pl-PL","url":"https:\/\/pakuten.pl\/blog\/wp-content\/uploads\/2024\/02\/Wiosenna-odnowa-garderoby_Jak-ods\u0301wiez\u0307yc\u0301-swoja\u0328-szafe\u0328-na-nowy-sezon.jpg","contentUrl":"https:\/\/pakuten.pl\/blog\/wp-content\/uploads\/2024\/02\/Wiosenna-odnowa-garderoby_Jak-ods\u0301wiez\u0307yc\u0301-swoja\u0328-szafe\u0328-na-nowy-sezon.jpg","width":1280,"height":853},{"@type":"WebPage","@id":"https:\/\/pakuten.pl\/blog\/wiosenna-odnowa-garderoby-jak-odswiezyc-swoja-szafe-na-nowy-sezon\/#webpage","url":"https:\/\/pakuten.pl\/blog\/wiosenna-odnowa-garderoby-jak-odswiezyc-swoja-szafe-na-nowy-sezon\/","name":"Wiosenna odnowa garderoby: Jak od\u015bwie\u017cy\u0107 swoj\u0105 szaf\u0119 na nowy sezon - Pakuten blog","isPartOf":{"@id":"https:\/\/pakuten.pl\/blog\/#website"},"primaryImageOfPage":{"@id":"https:\/\/pakuten.pl\/blog\/wiosenna-odnowa-garderoby-jak-odswiezyc-swoja-szafe-na-nowy-sezon\/#primaryimage"},"datePublished":"2024-03-11T10:13:00+00:00","dateModified":"2024-02-20T10:16:54+00:00","description":"Wiosna to okres, kiedy natura budzi si\u0119 do \u017cycia. Z ni\u0105 budzi si\u0119 r\u00f3wnie\u017c nasza ch\u0119\u0107 do zmian i od\u015bwie\u017cenia otaczaj\u0105cej nas przestrzeni \u2013 w tym naszej garderoby. Zmiana sezonu jest idealnym momentem, aby spojrze\u0107 na swoj\u0105 szaf\u0119 nowym okiem. Przemy\u015ble\u0107 swoje modowe wybory i zastanowi\u0107 si\u0119, jak mo\u017cemy od\u015bwie\u017cy\u0107 swoje stylizacje bez konieczno\u015bci ca\u0142kowitej rewolucji. W tym wpisie podziel\u0119 si\u0119 z Wami kilkoma wskaz\u00f3wkami, jak skutecznie i z pomys\u0142em przeprowadzi\u0107 wiosenn\u0105 odnow\u0119 garderoby, aby cieszy\u0107 si\u0119 \u015bwie\u017cym i od\u015bwie\u017conym lookiem.","breadcrumb":{"@id":"https:\/\/pakuten.pl\/blog\/wiosenna-odnowa-garderoby-jak-odswiezyc-swoja-szafe-na-nowy-sezon\/#breadcrumb"},"inLanguage":"pl-PL","potentialAction":[{"@type":"ReadAction","target":["https:\/\/pakuten.pl\/blog\/wiosenna-odnowa-garderoby-jak-odswiezyc-swoja-szafe-na-nowy-sezon\/"]}]},{"@type":"BreadcrumbList","@id":"https:\/\/pakuten.pl\/blog\/wiosenna-odnowa-garderoby-jak-odswiezyc-swoja-szafe-na-nowy-sezon\/#breadcrumb","itemListElement":[{"@type":"ListItem","position":1,"name":"Strona g\u0142\u00f3wna","item":"https:\/\/pakuten.pl\/blog\/"},{"@type":"ListItem","position":2,"name":"Wiosenna odnowa garderoby: Jak od\u015bwie\u017cy\u0107 swoj\u0105 szaf\u0119 na nowy sezon"}]},{"@type":"Article","@id":"https:\/\/pakuten.pl\/blog\/wiosenna-odnowa-garderoby-jak-odswiezyc-swoja-szafe-na-nowy-sezon\/#article","isPartOf":{"@id":"https:\/\/pakuten.pl\/blog\/wiosenna-odnowa-garderoby-jak-odswiezyc-swoja-szafe-na-nowy-sezon\/#webpage"},"author":{"@id":"https:\/\/pakuten.pl\/blog\/#\/schema\/person\/d7133af30211381a4e4536d088384556"},"headline":"Wiosenna odnowa garderoby: Jak od\u015bwie\u017cy\u0107 swoj\u0105 szaf\u0119 na nowy sezon","datePublished":"2024-03-11T10:13:00+00:00","dateModified":"2024-02-20T10:16:54+00:00","mainEntityOfPage":{"@id":"https:\/\/pakuten.pl\/blog\/wiosenna-odnowa-garderoby-jak-odswiezyc-swoja-szafe-na-nowy-sezon\/#webpage"},"wordCount":720,"commentCount":0,"publisher":{"@id":"https:\/\/pakuten.pl\/blog\/#organization"},"image":{"@id":"https:\/\/pakuten.pl\/blog\/wiosenna-odnowa-garderoby-jak-odswiezyc-swoja-szafe-na-nowy-sezon\/#primaryimage"},"thumbnailUrl":"https:\/\/pakuten.pl\/blog\/wp-content\/uploads\/2024\/02\/Wiosenna-odnowa-garderoby_Jak-ods\u0301wiez\u0307yc\u0301-swoja\u0328-szafe\u0328-na-nowy-sezon.jpg","articleSection":["Top Trends"],"inLanguage":"pl-PL","potentialAction":[{"@type":"CommentAction","name":"Comment","target":["https:\/\/pakuten.pl\/blog\/wiosenna-odnowa-garderoby-jak-odswiezyc-swoja-szafe-na-nowy-sezon\/#respond"]}]},{"@type":"Person","@id":"https:\/\/pakuten.pl\/blog\/#\/schema\/person\/d7133af30211381a4e4536d088384556","name":"Pakuten Girl","image":{"@type":"ImageObject","@id":"https:\/\/pakuten.pl\/blog\/#personlogo","inLanguage":"pl-PL","url":"https:\/\/secure.gravatar.com\/avatar\/d3df41de2caf92e6cfded9430c2ff352?s=96&d=mm&r=g","contentUrl":"https:\/\/secure.gravatar.com\/avatar\/d3df41de2caf92e6cfded9430c2ff352?s=96&d=mm&r=g","caption":"Pakuten Girl"},"description":"Cze\u015b\u0107, nazywam si\u0119 Ola. Kocham Netflixa, sals\u0119, nowo\u015bci kosmetyczne i najnowsze trendy w modzie.","url":"https:\/\/pakuten.pl\/blog\/author\/pakuten-girl\/"}]}},"_links":{"self":[{"href":"https:\/\/pakuten.pl\/blog\/wp-json\/wp\/v2\/posts\/8308"}],"collection":[{"href":"https:\/\/pakuten.pl\/blog\/wp-json\/wp\/v2\/posts"}],"about":[{"href":"https:\/\/pakuten.pl\/blog\/wp-json\/wp\/v2\/types\/post"}],"author":[{"embeddable":true,"href":"https:\/\/pakuten.pl\/blog\/wp-json\/wp\/v2\/users\/3"}],"replies":[{"embeddable":true,"href":"https:\/\/pakuten.pl\/blog\/wp-json\/wp\/v2\/comments?post=8308"}],"version-history":[{"count":9,"href":"https:\/\/pakuten.pl\/blog\/wp-json\/wp\/v2\/posts\/8308\/revisions"}],"predecessor-version":[{"id":8322,"href":"https:\/\/pakuten.pl\/blog\/wp-json\/wp\/v2\/posts\/8308\/revisions\/8322"}],"wp:featuredmedia":[{"embeddable":true,"href":"https:\/\/pakuten.pl\/blog\/wp-json\/wp\/v2\/media\/8310"}],"wp:attachment":[{"href":"https:\/\/pakuten.pl\/blog\/wp-json\/wp\/v2\/media?parent=8308"}],"wp:term":[{"taxonomy":"category","embeddable":true,"href":"https:\/\/pakuten.pl\/blog\/wp-json\/wp\/v2\/categories?post=8308"},{"taxonomy":"post_tag","embeddable":true,"href":"https:\/\/pakuten.pl\/blog\/wp-json\/wp\/v2\/tags?post=8308"}],"curies":[{"name":"wp","href":"https:\/\/api.w.org\/{rel}","templated":true}]}}