{"id":831,"date":"2018-06-01T14:03:23","date_gmt":"2018-06-01T12:03:23","guid":{"rendered":"http:\/\/pakuten.pl\/blog\/?p=831"},"modified":"2021-09-13T08:49:26","modified_gmt":"2021-09-13T06:49:26","slug":"espadryle-stylizacje-na-lato-2018-ktore-ci-sie-spodobaja","status":"publish","type":"post","link":"https:\/\/pakuten.pl\/blog\/espadryle-stylizacje-na-lato-2018-ktore-ci-sie-spodobaja\/","title":{"rendered":"Espadryle \u2013 stylizacje na lato 2022, kt\u00f3re Ci si\u0119 spodobaj\u0105!"},"content":{"rendered":"<p><strong>Jakie s\u0105 najwygodniejsze i najbardziej uniwersalne buty na lato? Espadryle! Stylizacje o casualowym charakterze stworzysz z nimi bez \u017cadnego problemu, bo jak si\u0119 okazuje, espadryle pasuj\u0105 niemal do wszystkiego! Zobacz 9 zestaw\u00f3w, w kt\u00f3rych te buty graj\u0105 g\u0142\u00f3wn\u0105 rol\u0119 i zdecyduj, kt\u00f3ry z nich najlepiej pasuje do Twojego stylu!<\/strong><\/p>\n<h2><strong>Espadryle &#8211; co to jest\u00a0<\/strong><strong>i z czym je nosi\u0107?<\/strong><\/h2>\n<p>Espadryle &#8211; to <span style=\"color: #ff9900;\"><strong><a style=\"color: #ff9900;\" href=\"https:\/\/pakuten.pl\/87-buty\">buty na p\u0142askiej<\/a><\/strong><\/span>, s\u0142omkowej podeszwie, kt\u00f3re wykonane s\u0105 z przewiewnego materia\u0142u. Jak je nosi\u0107? Doskonale pasuj\u0105 do stylu boho, cho\u0107 sprawdzaj\u0105 si\u0119 te\u017c w wielu innych zestawieniach. Jednym z nich jest najprostsza i najbardziej praktyczna codzienna stylizacja na ciep\u0142e, ale nieupalne dni. <span style=\"color: #ff9900;\"><strong><a style=\"color: #ff9900;\" href=\"https:\/\/pakuten.pl\/63-bluzki-w-kwiaty\">Zwiewna bluzeczka<\/a><\/strong><\/span> i jeansowe rurki to ulubiony zestaw Kasi Tusk na leniwe popo\u0142udnia na tarasie.<\/p>\n<p>To tak\u017ce doskona\u0142a stylizacja na zakupy, do pracy, na zaj\u0119cia i na ka\u017cd\u0105 inn\u0105 niezobowi\u0105zuj\u0105c\u0105 okazj\u0119. Espadryle mo\u017cesz zestawi\u0107 tak\u017ce z innym rodzajem d\u0142ugich spodni, chocia\u017c nie ze wszystkimi b\u0119d\u0105 komponowa\u0142y si\u0119 tak dobrze, jak z jeansami. Opr\u00f3cz rurek pasuj\u0105 do nich tak\u017ce<span style=\"color: #ff9900;\"><strong><a style=\"color: #ff9900;\" href=\"https:\/\/pakuten.pl\/113-spodnie-jeansowe\"> jeansowe spodnie<\/a><\/strong><\/span> z szerszymi nogawkami lub o kroju typu mom jeans, z podwy\u017cszonym stanem. Ulubiona bluzeczka lub prosty <strong><span style=\"color: #ff9900;\"><a style=\"color: #ff9900;\" href=\"https:\/\/pakuten.pl\/62-bluzki-oversize\" target=\"_blank\" rel=\"noopener\">oversizowy podkoszulek<\/a><\/span><\/strong> wystarczy, aby stworzy\u0107 modn\u0105 stylizacj\u0119 na co dzie\u0144.<\/p>\n<blockquote class=\"instagram-media\" style=\"background: #FFF; border: 0; border-radius: 3px; box-shadow: 0 0 1px 0 rgba(0,0,0,0.5),0 1px 10px 0 rgba(0,0,0,0.15); margin: 1px; max-width: 658px; padding: 0; width: calc(100% - 2px);\" data-instgrm-permalink=\"https:\/\/www.instagram.com\/p\/BVmHYLfFnWG\/\" data-instgrm-version=\"8\">\n<div style=\"padding: 8px;\">\n<div style=\"background: #F8F8F8; line-height: 0; margin-top: 40px; padding: 61.157407407407405% 0; text-align: center; width: 100%;\">\n<div style=\"background: url(data:image\/png; base64,ivborw0kggoaaaansuheugaaacwaaaascamaaaapwqozaaaabgdbtueaalgpc\/xhbqaaaafzukdcak7ohokaaaamuexurczmzpf399fx1+bm5mzy9amaaadisurbvdjlvzxbesmgces5\/p8\/t9furvcrmu73jwlzosgsiizurcjo\/ad+eqjjb4hv8bft+idpqocx1wjosbfhh2xssxeiyn3uli\/6mnree07uiwjev8ueowds88ly97kqytlijkktuybbruayvh5wohixmpi5we58ek028czwyuqdlkpg1bkb4nnm+veanfhqn1k4+gpt6ugqcvu2h2ovuif\/gwufyy8owepdyzsa3avcqpvovvzzz2vtnn2wu8qzvjddeto90gsy9mvlqtgysy231mxry6i2ggqjrty0l8fxcxfcbbhwrsyyaaaaaelftksuqmcc); display: block; height: 44px; margin: 0 auto -44px; position: relative; top: -22px; width: 44px;\"><\/div>\n<\/div>\n<p style=\"color: #c9c8cd; font-family: Arial,sans-serif; font-size: 14px; line-height: 17px; margin-bottom: 0; margin-top: 8px; overflow: hidden; padding: 8px 0 7px; text-align: center; text-overflow: ellipsis; white-space: nowrap;\"><a style=\"color: #c9c8cd; font-family: Arial,sans-serif; font-size: 14px; font-style: normal; font-weight: normal; line-height: 17px; text-decoration: none;\" href=\"https:\/\/www.instagram.com\/p\/BVmHYLfFnWG\/\" target=\"_blank\" rel=\"noopener\">Post udost\u0119pniony przez MakeLifeEasier (@makelifeeasier_pl)<\/a> <time style=\"font-family: Arial,sans-serif; font-size: 14px; line-height: 17px;\" datetime=\"2017-06-21T08:51:08+00:00\">Cze 21, 2017 o 1:51 PDT<\/time><\/p>\n<\/div>\n<\/blockquote>\n<p><script async=\"\" defer=\"\" src=\"\/\/www.instagram.com\/embed.js\"><\/script><\/p>\n<h2><strong>Espadryle ze wst\u0105\u017ck\u0105<\/strong> <strong>do romantycznej stylizacji<\/strong><\/h2>\n<p>Je\u015bli szukasz wygodnych but\u00f3w, kt\u00f3re mo\u017cesz zabra\u0107 ze sob\u0105 na wakacje, zdecyduj si\u0119 na espadryle. Stylizacje, jakie mo\u017cesz stworzy\u0107 z tymi butami, s\u0105 tak r\u00f3\u017cnorodne, \u017ce bez problemu b\u0119d\u0105 pasowa\u0107 na ca\u0142odzienne zwiedzanie, na pla\u017c\u0119 i na wieczorn\u0105 kolacj\u0119 nad morzem. Na t\u0119 ostatni\u0105 dobierz do nich\u00a0<strong><span style=\"color: #ff9900;\"><a style=\"color: #ff9900;\" href=\"https:\/\/pakuten.pl\/67-sukienki-letnie\" target=\"_blank\" rel=\"noopener\">letni\u0105 sukienk\u0119<\/a><\/span><\/strong><span style=\"color: #ff9900;\"><b> , <\/b><\/span>kt\u00f3ra \u0142adnie podkre\u015bli Twoj\u0105 opalenizn\u0119. W tym sezonie najmodniejsze s\u0105 te jasnoniebieskie lub bia\u0142e, do kt\u00f3rych espadryle pasuj\u0105 doskonale! Je\u015bli lubisz dodatki, pami\u0119taj o s\u0142omkowym kapeluszu i torebce \u2013 wyplatanym koszyku, kt\u00f3ry nadal jest na pla\u017cy niemal obowi\u0105zkowym akcesorium ka\u017cdej wielbicielki mody! Do letniej sukienki z kapeluszem \u015bwietnie b\u0119d\u0105 pasowa\u0142y te\u017c espadryle ze wst\u0105\u017ck\u0105, kt\u00f3re dodadz\u0105 jeszcze wi\u0119cej uroku tej romantycznej stylizacji.<\/p>\n<blockquote class=\"instagram-media\" style=\"background: #FFF; border: 0; border-radius: 3px; box-shadow: 0 0 1px 0 rgba(0,0,0,0.5),0 1px 10px 0 rgba(0,0,0,0.15); margin: 1px; max-width: 658px; padding: 0; width: calc(100% - 2px);\" data-instgrm-permalink=\"https:\/\/www.instagram.com\/p\/BjVBw2PFuB1\/\" data-instgrm-version=\"8\">\n<div style=\"padding: 8px;\">\n<div style=\"background: #F8F8F8; line-height: 0; margin-top: 40px; padding: 43.7037037037037% 0; text-align: center; width: 100%;\">\n<div style=\"background: url(data:image\/png; base64,ivborw0kggoaaaansuheugaaacwaaaascamaaaapwqozaaaabgdbtueaalgpc\/xhbqaaaafzukdcak7ohokaaaamuexurczmzpf399fx1+bm5mzy9amaaadisurbvdjlvzxbesmgces5\/p8\/t9furvcrmu73jwlzosgsiizurcjo\/ad+eqjjb4hv8bft+idpqocx1wjosbfhh2xssxeiyn3uli\/6mnree07uiwjev8ueowds88ly97kqytlijkktuybbruayvh5wohixmpi5we58ek028czwyuqdlkpg1bkb4nnm+veanfhqn1k4+gpt6ugqcvu2h2ovuif\/gwufyy8owepdyzsa3avcqpvovvzzz2vtnn2wu8qzvjddeto90gsy9mvlqtgysy231mxry6i2ggqjrty0l8fxcxfcbbhwrsyyaaaaaelftksuqmcc); display: block; height: 44px; margin: 0 auto -44px; position: relative; top: -22px; width: 44px;\"><\/div>\n<\/div>\n<p style=\"color: #c9c8cd; font-family: Arial,sans-serif; font-size: 14px; line-height: 17px; margin-bottom: 0; margin-top: 8px; overflow: hidden; padding: 8px 0 7px; text-align: center; text-overflow: ellipsis; white-space: nowrap;\"><a style=\"color: #c9c8cd; font-family: Arial,sans-serif; font-size: 14px; font-style: normal; font-weight: normal; line-height: 17px; text-decoration: none;\" href=\"https:\/\/www.instagram.com\/p\/BjVBw2PFuB1\/\" target=\"_blank\" rel=\"noopener\">Post udost\u0119pniony przez ? wera2604@interia.pl (@zakreconyswiatwery)<\/a> <time style=\"font-family: Arial,sans-serif; font-size: 14px; line-height: 17px;\" datetime=\"2018-05-28T16:54:30+00:00\">Maj 28, 2018 o 9:54 PDT<\/time><\/p>\n<\/div>\n<\/blockquote>\n<p><script async=\"\" defer=\"\" src=\"\/\/www.instagram.com\/embed.js\"><\/script><\/p>\n<blockquote class=\"instagram-media\" style=\"background: #FFF; border: 0; border-radius: 3px; box-shadow: 0 0 1px 0 rgba(0,0,0,0.5),0 1px 10px 0 rgba(0,0,0,0.15); margin: 1px; max-width: 658px; padding: 0; width: calc(100% - 2px);\" data-instgrm-permalink=\"https:\/\/www.instagram.com\/p\/BifN6j_FP-8\/\" data-instgrm-version=\"8\">\n<div style=\"padding: 8px;\">\n<div style=\"background: #F8F8F8; line-height: 0; margin-top: 40px; padding: 50% 0; text-align: center; width: 100%;\">\n<div style=\"background: url(data:image\/png; base64,ivborw0kggoaaaansuheugaaacwaaaascamaaaapwqozaaaabgdbtueaalgpc\/xhbqaaaafzukdcak7ohokaaaamuexurczmzpf399fx1+bm5mzy9amaaadisurbvdjlvzxbesmgces5\/p8\/t9furvcrmu73jwlzosgsiizurcjo\/ad+eqjjb4hv8bft+idpqocx1wjosbfhh2xssxeiyn3uli\/6mnree07uiwjev8ueowds88ly97kqytlijkktuybbruayvh5wohixmpi5we58ek028czwyuqdlkpg1bkb4nnm+veanfhqn1k4+gpt6ugqcvu2h2ovuif\/gwufyy8owepdyzsa3avcqpvovvzzz2vtnn2wu8qzvjddeto90gsy9mvlqtgysy231mxry6i2ggqjrty0l8fxcxfcbbhwrsyyaaaaaelftksuqmcc); display: block; height: 44px; margin: 0 auto -44px; position: relative; top: -22px; width: 44px;\"><\/div>\n<\/div>\n<p style=\"color: #c9c8cd; font-family: Arial,sans-serif; font-size: 14px; line-height: 17px; margin-bottom: 0; margin-top: 8px; overflow: hidden; padding: 8px 0 7px; text-align: center; text-overflow: ellipsis; white-space: nowrap;\"><a style=\"color: #c9c8cd; font-family: Arial,sans-serif; font-size: 14px; font-style: normal; font-weight: normal; line-height: 17px; text-decoration: none;\" href=\"https:\/\/www.instagram.com\/p\/BifN6j_FP-8\/\" target=\"_blank\" rel=\"noopener\">Post udost\u0119pniony przez Natalia, 23 , Bydgoszcz \u2b50 (@natalia_mazurkiewicz)<\/a> <time style=\"font-family: Arial,sans-serif; font-size: 14px; line-height: 17px;\" datetime=\"2018-05-07T19:21:42+00:00\">Maj 7, 2018 o 12:21 PDT<\/time><\/p>\n<\/div>\n<\/blockquote>\n<p><script async=\"\" defer=\"\" src=\"\/\/www.instagram.com\/embed.js\"><\/script><\/p>\n<blockquote class=\"instagram-media\" style=\"background: #FFF; border: 0; border-radius: 3px; box-shadow: 0 0 1px 0 rgba(0,0,0,0.5),0 1px 10px 0 rgba(0,0,0,0.15); margin: 1px; max-width: 658px; padding: 0; width: calc(100% - 2px);\" data-instgrm-permalink=\"https:\/\/www.instagram.com\/p\/BipjXqGHkwg\/\" data-instgrm-version=\"8\">\n<div style=\"padding: 8px;\">\n<div style=\"background: #F8F8F8; line-height: 0; margin-top: 40px; padding: 52.77777777777778% 0; text-align: center; width: 100%;\">\n<div style=\"background: url(data:image\/png; base64,ivborw0kggoaaaansuheugaaacwaaaascamaaaapwqozaaaabgdbtueaalgpc\/xhbqaaaafzukdcak7ohokaaaamuexurczmzpf399fx1+bm5mzy9amaaadisurbvdjlvzxbesmgces5\/p8\/t9furvcrmu73jwlzosgsiizurcjo\/ad+eqjjb4hv8bft+idpqocx1wjosbfhh2xssxeiyn3uli\/6mnree07uiwjev8ueowds88ly97kqytlijkktuybbruayvh5wohixmpi5we58ek028czwyuqdlkpg1bkb4nnm+veanfhqn1k4+gpt6ugqcvu2h2ovuif\/gwufyy8owepdyzsa3avcqpvovvzzz2vtnn2wu8qzvjddeto90gsy9mvlqtgysy231mxry6i2ggqjrty0l8fxcxfcbbhwrsyyaaaaaelftksuqmcc); display: block; height: 44px; margin: 0 auto -44px; position: relative; top: -22px; width: 44px;\"><\/div>\n<\/div>\n<p style=\"color: #c9c8cd; font-family: Arial,sans-serif; font-size: 14px; line-height: 17px; margin-bottom: 0; margin-top: 8px; overflow: hidden; padding: 8px 0 7px; text-align: center; text-overflow: ellipsis; white-space: nowrap;\"><a style=\"color: #c9c8cd; font-family: Arial,sans-serif; font-size: 14px; font-style: normal; font-weight: normal; line-height: 17px; text-decoration: none;\" href=\"https:\/\/www.instagram.com\/p\/BipjXqGHkwg\/\" target=\"_blank\" rel=\"noopener\">Post udost\u0119pniony przez Angelika ? (@borkowskaangelika)<\/a> <time style=\"font-family: Arial,sans-serif; font-size: 14px; line-height: 17px;\" datetime=\"2018-05-11T19:41:34+00:00\">Maj 11, 2018 o 12:41 PDT<\/time><\/p>\n<\/div>\n<\/blockquote>\n<p><script async=\"\" defer=\"\" src=\"\/\/www.instagram.com\/embed.js\"><\/script><br \/>\nJe\u015bli lato zamierzasz sp\u0119dzi\u0107 w mie\u015bcie, poruszaj\u0105c si\u0119 po nim ulubionym rowerem, espadryle b\u0119d\u0105 praktyczn\u0105 i bardzo stylow\u0105 alternatyw\u0105 dla trampek czy innych sportowych but\u00f3w. Po\u0142\u0105cz je z <span style=\"color: #ff9900;\"><strong><a style=\"color: #ff9900;\" href=\"https:\/\/pakuten.pl\/26-spodnice\">plisowan\u0105 sp\u00f3dnic\u0105<\/a><\/strong>,<\/span> kt\u00f3ra, je\u015bli tylko jest odpowiedniej d\u0142ugo\u015bci, doskonale nadaje si\u0119 na miejskie przeja\u017cd\u017cki rowerem. Lekki fason buta koresponduje prawie z ka\u017cdym modelem casualowej i p\u00f3\u0142formalnej sp\u00f3dnicy, a r\u00f3\u017cnorodne wzory i kolory mo\u017cna dobiera\u0107 wed\u0142ug w\u0142asnego gustu i tego, co znajduje si\u0119 w Twojej szafie. Mo\u017cesz po\u0142\u0105czy\u0107 je nawet z jeansow\u0105 mini!<\/p>\n<blockquote class=\"instagram-media\" style=\"background: #FFF; border: 0; border-radius: 3px; box-shadow: 0 0 1px 0 rgba(0,0,0,0.5),0 1px 10px 0 rgba(0,0,0,0.15); margin: 1px; max-width: 658px; padding: 0; width: calc(100% - 2px);\" data-instgrm-permalink=\"https:\/\/www.instagram.com\/p\/BiPRJ3ugwUK\/\" data-instgrm-version=\"8\">\n<div style=\"padding: 8px;\">\n<div style=\"background: #F8F8F8; line-height: 0; margin-top: 40px; padding: 50.0% 0; text-align: center; width: 100%;\">\n<div style=\"background: url(data:image\/png; base64,ivborw0kggoaaaansuheugaaacwaaaascamaaaapwqozaaaabgdbtueaalgpc\/xhbqaaaafzukdcak7ohokaaaamuexurczmzpf399fx1+bm5mzy9amaaadisurbvdjlvzxbesmgces5\/p8\/t9furvcrmu73jwlzosgsiizurcjo\/ad+eqjjb4hv8bft+idpqocx1wjosbfhh2xssxeiyn3uli\/6mnree07uiwjev8ueowds88ly97kqytlijkktuybbruayvh5wohixmpi5we58ek028czwyuqdlkpg1bkb4nnm+veanfhqn1k4+gpt6ugqcvu2h2ovuif\/gwufyy8owepdyzsa3avcqpvovvzzz2vtnn2wu8qzvjddeto90gsy9mvlqtgysy231mxry6i2ggqjrty0l8fxcxfcbbhwrsyyaaaaaelftksuqmcc); display: block; height: 44px; margin: 0 auto -44px; position: relative; top: -22px; width: 44px;\"><\/div>\n<\/div>\n<p style=\"color: #c9c8cd; font-family: Arial,sans-serif; font-size: 14px; line-height: 17px; margin-bottom: 0; margin-top: 8px; overflow: hidden; padding: 8px 0 7px; text-align: center; text-overflow: ellipsis; white-space: nowrap;\"><a style=\"color: #c9c8cd; font-family: Arial,sans-serif; font-size: 14px; font-style: normal; font-weight: normal; line-height: 17px; text-decoration: none;\" href=\"https:\/\/www.instagram.com\/p\/BiPRJ3ugwUK\/\" target=\"_blank\" rel=\"noopener\">Post udost\u0119pniony przez Karolina ?\u200d\u2640\ufe0f (@karolina.banas)<\/a> <time style=\"font-family: Arial,sans-serif; font-size: 14px; line-height: 17px;\" datetime=\"2018-05-01T14:42:09+00:00\">Maj 1, 2018 o 7:42 PDT<\/time><\/p>\n<\/div>\n<\/blockquote>\n<p><script async=\"\" defer=\"\" src=\"\/\/www.instagram.com\/embed.js\"><\/script><\/p>\n<blockquote class=\"instagram-media\" style=\"background: #FFF; border: 0; border-radius: 3px; box-shadow: 0 0 1px 0 rgba(0,0,0,0.5),0 1px 10px 0 rgba(0,0,0,0.15); margin: 1px; max-width: 658px; padding: 0; width: calc(100% - 2px);\" data-instgrm-permalink=\"https:\/\/www.instagram.com\/p\/BiupYTNFuJx\/\" data-instgrm-version=\"8\">\n<div style=\"padding: 8px;\">\n<div style=\"background: #F8F8F8; line-height: 0; margin-top: 40px; padding: 50.0% 0; text-align: center; width: 100%;\">\n<div style=\"background: url(data:image\/png; base64,ivborw0kggoaaaansuheugaaacwaaaascamaaaapwqozaaaabgdbtueaalgpc\/xhbqaaaafzukdcak7ohokaaaamuexurczmzpf399fx1+bm5mzy9amaaadisurbvdjlvzxbesmgces5\/p8\/t9furvcrmu73jwlzosgsiizurcjo\/ad+eqjjb4hv8bft+idpqocx1wjosbfhh2xssxeiyn3uli\/6mnree07uiwjev8ueowds88ly97kqytlijkktuybbruayvh5wohixmpi5we58ek028czwyuqdlkpg1bkb4nnm+veanfhqn1k4+gpt6ugqcvu2h2ovuif\/gwufyy8owepdyzsa3avcqpvovvzzz2vtnn2wu8qzvjddeto90gsy9mvlqtgysy231mxry6i2ggqjrty0l8fxcxfcbbhwrsyyaaaaaelftksuqmcc); display: block; height: 44px; margin: 0 auto -44px; position: relative; top: -22px; width: 44px;\"><\/div>\n<\/div>\n<p style=\"color: #c9c8cd; font-family: Arial,sans-serif; font-size: 14px; line-height: 17px; margin-bottom: 0; margin-top: 8px; overflow: hidden; padding: 8px 0 7px; text-align: center; text-overflow: ellipsis; white-space: nowrap;\"><a style=\"color: #c9c8cd; font-family: Arial,sans-serif; font-size: 14px; font-style: normal; font-weight: normal; line-height: 17px; text-decoration: none;\" href=\"https:\/\/www.instagram.com\/p\/BiupYTNFuJx\/\" target=\"_blank\" rel=\"noopener\">Post udost\u0119pniony przez Natalia, 23 , Bydgoszcz \u2b50 (@natalia_mazurkiewicz)<\/a> <time style=\"font-family: Arial,sans-serif; font-size: 14px; line-height: 17px;\" datetime=\"2018-05-13T19:10:17+00:00\">Maj 13, 2018 o 12:10 PDT<\/time><\/p>\n<\/div>\n<\/blockquote>\n<p><script async=\"\" defer=\"\" src=\"\/\/www.instagram.com\/embed.js\"><\/script><\/p>\n<h2><strong>Espadryle \u2013 buty, kt\u00f3re warto mie\u0107 w walizce<\/strong><\/h2>\n<p>Pisz\u0105c o espadrylach, nie mo\u017cna pomin\u0105\u0107 najbardziej uniwersalnej letniej stylizacji, czyli wszystkich zestaw\u00f3w, w kt\u00f3rych g\u0142\u00f3wn\u0105 rol\u0119 graj\u0105 kr\u00f3tkie spodenki. <strong>Espadryle s\u0105 dla nich idealnym dodatkiem, poniewa\u017c pasuj\u0105 zar\u00f3wno do szort\u00f3w wykonanych z denimu, jak i bardziej eleganckich materia\u0142owych spodenek.<\/strong> Mo\u017cesz doda\u0107 do nich marynark\u0119 i eleganck\u0105 torebk\u0119, a espadryle nie przestan\u0105 tu pasowa\u0107. W upalne letnie dni najwa\u017cniejszy jest komfort i wygoda, dlatego warto zamieni\u0107 sportowe obuwie na bardziej przewiewne i l\u017cejsze espadryle.<\/p>\n<blockquote class=\"instagram-media\" style=\"background: #FFF; border: 0; border-radius: 3px; box-shadow: 0 0 1px 0 rgba(0,0,0,0.5),0 1px 10px 0 rgba(0,0,0,0.15); margin: 1px; max-width: 658px; padding: 0; width: calc(100% - 2px);\" data-instgrm-permalink=\"https:\/\/www.instagram.com\/p\/Bizy41AHcKJ\/\" data-instgrm-version=\"8\">\n<div style=\"padding: 8px;\">\n<div style=\"background: #F8F8F8; line-height: 0; margin-top: 40px; padding: 62.4537037037037% 0; text-align: center; width: 100%;\">\n<div style=\"background: url(data:image\/png; base64,ivborw0kggoaaaansuheugaaacwaaaascamaaaapwqozaaaabgdbtueaalgpc\/xhbqaaaafzukdcak7ohokaaaamuexurczmzpf399fx1+bm5mzy9amaaadisurbvdjlvzxbesmgces5\/p8\/t9furvcrmu73jwlzosgsiizurcjo\/ad+eqjjb4hv8bft+idpqocx1wjosbfhh2xssxeiyn3uli\/6mnree07uiwjev8ueowds88ly97kqytlijkktuybbruayvh5wohixmpi5we58ek028czwyuqdlkpg1bkb4nnm+veanfhqn1k4+gpt6ugqcvu2h2ovuif\/gwufyy8owepdyzsa3avcqpvovvzzz2vtnn2wu8qzvjddeto90gsy9mvlqtgysy231mxry6i2ggqjrty0l8fxcxfcbbhwrsyyaaaaaelftksuqmcc); display: block; height: 44px; margin: 0 auto -44px; position: relative; top: -22px; width: 44px;\"><\/div>\n<\/div>\n<p style=\"color: #c9c8cd; font-family: Arial,sans-serif; font-size: 14px; line-height: 17px; margin-bottom: 0; margin-top: 8px; overflow: hidden; padding: 8px 0 7px; text-align: center; text-overflow: ellipsis; white-space: nowrap;\"><a style=\"color: #c9c8cd; font-family: Arial,sans-serif; font-size: 14px; font-style: normal; font-weight: normal; line-height: 17px; text-decoration: none;\" href=\"https:\/\/www.instagram.com\/p\/Bizy41AHcKJ\/\" target=\"_blank\" rel=\"noopener\">Post udost\u0119pniony przez Natalia Szymurska??\u200d\u2640\ufe0f (@nataliaszymurska)<\/a> <time style=\"font-family: Arial,sans-serif; font-size: 14px; line-height: 17px;\" datetime=\"2018-05-15T19:09:35+00:00\">Maj 15, 2018 o 12:09 PDT<\/time><\/p>\n<\/div>\n<\/blockquote>\n<p><script async=\"\" defer=\"\" src=\"\/\/www.instagram.com\/embed.js\"><\/script><\/p>\n<blockquote class=\"instagram-media\" style=\"background: #FFF; border: 0; border-radius: 3px; box-shadow: 0 0 1px 0 rgba(0,0,0,0.5),0 1px 10px 0 rgba(0,0,0,0.15); margin: 1px; max-width: 658px; padding: 0; width: calc(100% - 2px);\" data-instgrm-permalink=\"https:\/\/www.instagram.com\/p\/BjAnsiRAFeK\/\" data-instgrm-version=\"8\">\n<div style=\"padding: 8px;\">\n<div style=\"background: #F8F8F8; line-height: 0; margin-top: 40px; padding: 50.0% 0; text-align: center; width: 100%;\">\n<div style=\"background: url(data:image\/png; base64,ivborw0kggoaaaansuheugaaacwaaaascamaaaapwqozaaaabgdbtueaalgpc\/xhbqaaaafzukdcak7ohokaaaamuexurczmzpf399fx1+bm5mzy9amaaadisurbvdjlvzxbesmgces5\/p8\/t9furvcrmu73jwlzosgsiizurcjo\/ad+eqjjb4hv8bft+idpqocx1wjosbfhh2xssxeiyn3uli\/6mnree07uiwjev8ueowds88ly97kqytlijkktuybbruayvh5wohixmpi5we58ek028czwyuqdlkpg1bkb4nnm+veanfhqn1k4+gpt6ugqcvu2h2ovuif\/gwufyy8owepdyzsa3avcqpvovvzzz2vtnn2wu8qzvjddeto90gsy9mvlqtgysy231mxry6i2ggqjrty0l8fxcxfcbbhwrsyyaaaaaelftksuqmcc); display: block; height: 44px; margin: 0 auto -44px; position: relative; top: -22px; width: 44px;\"><\/div>\n<\/div>\n<p style=\"color: #c9c8cd; font-family: Arial,sans-serif; font-size: 14px; line-height: 17px; margin-bottom: 0; margin-top: 8px; overflow: hidden; padding: 8px 0 7px; text-align: center; text-overflow: ellipsis; white-space: nowrap;\"><a style=\"color: #c9c8cd; font-family: Arial,sans-serif; font-size: 14px; font-style: normal; font-weight: normal; line-height: 17px; text-decoration: none;\" href=\"https:\/\/www.instagram.com\/p\/BjAnsiRAFeK\/\" target=\"_blank\" rel=\"noopener\">Post udost\u0119pniony przez #polishmum? (@dwiekobietki)<\/a> <time style=\"font-family: Arial,sans-serif; font-size: 14px; line-height: 17px;\" datetime=\"2018-05-20T18:41:54+00:00\">Maj 20, 2018 o 11:41 PDT<\/time><\/p>\n<\/div>\n<\/blockquote>\n<p><script async=\"\" defer=\"\" src=\"\/\/www.instagram.com\/embed.js\"><\/script><\/p>\n<blockquote class=\"instagram-media\" style=\"background: #FFF; border: 0; border-radius: 3px; box-shadow: 0 0 1px 0 rgba(0,0,0,0.5),0 1px 10px 0 rgba(0,0,0,0.15); margin: 1px; max-width: 658px; padding: 0; width: calc(100% - 2px);\" data-instgrm-permalink=\"https:\/\/www.instagram.com\/p\/BjAI9ONAtbz\/\" data-instgrm-version=\"8\">\n<div style=\"padding: 8px;\">\n<div style=\"background: #F8F8F8; line-height: 0; margin-top: 40px; padding: 50.0% 0; text-align: center; width: 100%;\">\n<div style=\"background: url(data:image\/png; base64,ivborw0kggoaaaansuheugaaacwaaaascamaaaapwqozaaaabgdbtueaalgpc\/xhbqaaaafzukdcak7ohokaaaamuexurczmzpf399fx1+bm5mzy9amaaadisurbvdjlvzxbesmgces5\/p8\/t9furvcrmu73jwlzosgsiizurcjo\/ad+eqjjb4hv8bft+idpqocx1wjosbfhh2xssxeiyn3uli\/6mnree07uiwjev8ueowds88ly97kqytlijkktuybbruayvh5wohixmpi5we58ek028czwyuqdlkpg1bkb4nnm+veanfhqn1k4+gpt6ugqcvu2h2ovuif\/gwufyy8owepdyzsa3avcqpvovvzzz2vtnn2wu8qzvjddeto90gsy9mvlqtgysy231mxry6i2ggqjrty0l8fxcxfcbbhwrsyyaaaaaelftksuqmcc); display: block; height: 44px; margin: 0 auto -44px; position: relative; top: -22px; width: 44px;\"><\/div>\n<\/div>\n<p style=\"color: #c9c8cd; font-family: Arial,sans-serif; font-size: 14px; line-height: 17px; margin-bottom: 0; margin-top: 8px; overflow: hidden; padding: 8px 0 7px; text-align: center; text-overflow: ellipsis; white-space: nowrap;\"><a style=\"color: #c9c8cd; font-family: Arial,sans-serif; font-size: 14px; font-style: normal; font-weight: normal; line-height: 17px; text-decoration: none;\" href=\"https:\/\/www.instagram.com\/p\/BjAI9ONAtbz\/\" target=\"_blank\" rel=\"noopener\">Post udost\u0119pniony przez Karolina ?\u200d\u2640\ufe0f (@karolina.banas)<\/a> <time style=\"font-family: Arial,sans-serif; font-size: 14px; line-height: 17px;\" datetime=\"2018-05-20T14:13:18+00:00\">Maj 20, 2018 o 7:13 P<\/time><\/p>\n<\/div>\n<\/blockquote>\n<p>W letnie miesi\u0105ce obok sanda\u0142k\u00f3w i klapek warto mie\u0107 na wierzchu wygodne buty, jakimi s\u0105 espadryle. Co to jest za magia, \u017ce te buty pasuj\u0105 niemal do wszystkiego? <strong>Do zwiewnej sukienki w stylu boho, do sportowej sp\u00f3dnicy, do kr\u00f3tkich jeansowych czy materia\u0142owych szort\u00f3w i do d\u0142ugich denimowych spodni.<\/strong> Te buty, zw\u0142aszcza espadryle ze wst\u0105\u017ck\u0105 potrafi\u0105 by\u0107 bardzo dziewcz\u0119ce, i doda\u0107 uroku ka\u017cdej stylizacji. \u015awietnie pasuj\u0105 do letnich dodatk\u00f3w jak wspomniany kapelusz, czy torebka w kszta\u0142cie kosza. Mo\u017cna chodzi\u0107 w nich ca\u0142ych dzie\u0144, bo s\u0105 wygodne i przewiewne. Co jednak najwa\u017cniejsze, ju\u017c od kilku sezon\u00f3w nie wychodz\u0105 z mody, co mo\u017ce oznacza\u0107, \u017ce powoli staj\u0105 si\u0119 letni\u0105 klasyk\u0105 damskiej garderoby. Maj\u0105c do dyspozycji espadryle, szybko i \u0142atwo dobierzesz pozosta\u0142e elementy letniej stylizacji!<\/p>\n\n\n<div class=\"kk-star-ratings kksr-auto kksr-align-right kksr-valign-bottom\"\n    data-payload='{&quot;align&quot;:&quot;right&quot;,&quot;id&quot;:&quot;831&quot;,&quot;slug&quot;:&quot;default&quot;,&quot;valign&quot;:&quot;bottom&quot;,&quot;ignore&quot;:&quot;&quot;,&quot;reference&quot;:&quot;auto&quot;,&quot;class&quot;:&quot;&quot;,&quot;count&quot;:&quot;32&quot;,&quot;legendonly&quot;:&quot;&quot;,&quot;readonly&quot;:&quot;&quot;,&quot;score&quot;:&quot;2&quot;,&quot;starsonly&quot;:&quot;&quot;,&quot;best&quot;:&quot;5&quot;,&quot;gap&quot;:&quot;5&quot;,&quot;greet&quot;:&quot;Rate this post&quot;,&quot;legend&quot;:&quot;2\\\/5 - (32 votes)&quot;,&quot;size&quot;:&quot;24&quot;,&quot;width&quot;:&quot;55.5&quot;,&quot;_legend&quot;:&quot;{score}\\\/{best} - ({count} {votes})&quot;,&quot;font_factor&quot;:&quot;1.25&quot;}'>\n            \n<div class=\"kksr-stars\">\n    \n<div class=\"kksr-stars-inactive\">\n            <div class=\"kksr-star\" data-star=\"1\" style=\"padding-right: 5px\">\n            \n\n<div class=\"kksr-icon\" style=\"width: 24px; height: 24px;\"><\/div>\n        <\/div>\n            <div class=\"kksr-star\" data-star=\"2\" style=\"padding-right: 5px\">\n            \n\n<div class=\"kksr-icon\" style=\"width: 24px; height: 24px;\"><\/div>\n        <\/div>\n            <div class=\"kksr-star\" data-star=\"3\" style=\"padding-right: 5px\">\n            \n\n<div class=\"kksr-icon\" style=\"width: 24px; height: 24px;\"><\/div>\n        <\/div>\n            <div class=\"kksr-star\" data-star=\"4\" style=\"padding-right: 5px\">\n            \n\n<div class=\"kksr-icon\" style=\"width: 24px; height: 24px;\"><\/div>\n        <\/div>\n            <div class=\"kksr-star\" data-star=\"5\" style=\"padding-right: 5px\">\n            \n\n<div class=\"kksr-icon\" style=\"width: 24px; height: 24px;\"><\/div>\n        <\/div>\n    <\/div>\n    \n<div class=\"kksr-stars-active\" style=\"width: 55.5px;\">\n            <div class=\"kksr-star\" style=\"padding-right: 5px\">\n            \n\n<div class=\"kksr-icon\" style=\"width: 24px; height: 24px;\"><\/div>\n        <\/div>\n            <div class=\"kksr-star\" style=\"padding-right: 5px\">\n            \n\n<div class=\"kksr-icon\" style=\"width: 24px; height: 24px;\"><\/div>\n        <\/div>\n            <div class=\"kksr-star\" style=\"padding-right: 5px\">\n            \n\n<div class=\"kksr-icon\" style=\"width: 24px; height: 24px;\"><\/div>\n        <\/div>\n            <div class=\"kksr-star\" style=\"padding-right: 5px\">\n            \n\n<div class=\"kksr-icon\" style=\"width: 24px; height: 24px;\"><\/div>\n        <\/div>\n            <div class=\"kksr-star\" style=\"padding-right: 5px\">\n            \n\n<div class=\"kksr-icon\" style=\"width: 24px; height: 24px;\"><\/div>\n        <\/div>\n    <\/div>\n<\/div>\n                \n\n<div class=\"kksr-legend\" style=\"font-size: 19.2px;\">\n            2\/5 - (32 votes)    <\/div>\n    <\/div>\n","protected":false},"excerpt":{"rendered":"<p>Jakie s\u0105 najwygodniejsze i najbardziej uniwersalne buty na lato? Espadryle! Stylizacje o casualowym charakterze stworzysz z nimi bez \u017cadnego problemu, bo jak si\u0119 okazuje, espadryle pasuj\u0105 niemal do wszystkiego! Zobacz 9 zestaw\u00f3w, w kt\u00f3rych te buty graj\u0105 g\u0142\u00f3wn\u0105 rol\u0119 i zdecyduj, kt\u00f3ry z nich najlepiej pasuje do Twojego stylu!<\/p>\n","protected":false},"author":2,"featured_media":833,"comment_status":"open","ping_status":"open","sticky":false,"template":"","format":"standard","meta":[],"categories":[4],"tags":[64],"yoast_head":"<!-- This site is optimized with the Yoast SEO plugin v18.4.1 - https:\/\/yoast.com\/wordpress\/plugins\/seo\/ -->\n<title>Espadryle \u2013 stylizacje na lato 2022, kt\u00f3re Ci si\u0119 spodobaj\u0105! - Pakuten blog<\/title>\n<meta name=\"robots\" content=\"index, follow, max-snippet:-1, max-image-preview:large, max-video-preview:-1\" \/>\n<link rel=\"canonical\" href=\"https:\/\/pakuten.pl\/blog\/espadryle-stylizacje-na-lato-2018-ktore-ci-sie-spodobaja\/\" \/>\n<meta property=\"og:locale\" content=\"pl_PL\" \/>\n<meta property=\"og:type\" content=\"article\" \/>\n<meta property=\"og:title\" content=\"Espadryle \u2013 stylizacje na lato 2022, kt\u00f3re Ci si\u0119 spodobaj\u0105! - Pakuten blog\" \/>\n<meta property=\"og:description\" content=\"Jakie s\u0105 najwygodniejsze i najbardziej uniwersalne buty na lato? Espadryle! Stylizacje o casualowym charakterze stworzysz z nimi bez \u017cadnego problemu, bo jak si\u0119 okazuje, espadryle pasuj\u0105 niemal do wszystkiego! Zobacz 9 zestaw\u00f3w, w kt\u00f3rych te buty graj\u0105 g\u0142\u00f3wn\u0105 rol\u0119 i zdecyduj, kt\u00f3ry z nich najlepiej pasuje do Twojego stylu!\" \/>\n<meta property=\"og:url\" content=\"https:\/\/pakuten.pl\/blog\/espadryle-stylizacje-na-lato-2018-ktore-ci-sie-spodobaja\/\" \/>\n<meta property=\"og:site_name\" content=\"Pakuten blog\" \/>\n<meta property=\"article:published_time\" content=\"2018-06-01T12:03:23+00:00\" \/>\n<meta property=\"article:modified_time\" content=\"2021-09-13T06:49:26+00:00\" \/>\n<meta property=\"og:image\" content=\"https:\/\/pakuten.pl\/blog\/wp-content\/uploads\/2018\/06\/espadryle.jpeg\" \/>\n\t<meta property=\"og:image:width\" content=\"1280\" \/>\n\t<meta property=\"og:image:height\" content=\"853\" \/>\n\t<meta property=\"og:image:type\" content=\"image\/jpeg\" \/>\n<meta name=\"twitter:card\" content=\"summary_large_image\" \/>\n<meta name=\"twitter:label1\" content=\"Napisane przez\" \/>\n\t<meta name=\"twitter:data1\" content=\"Malwina\" \/>\n\t<meta name=\"twitter:label2\" content=\"Szacowany czas czytania\" \/>\n\t<meta name=\"twitter:data2\" content=\"4 minuty\" \/>\n<script type=\"application\/ld+json\" class=\"yoast-schema-graph\">{\"@context\":\"https:\/\/schema.org\",\"@graph\":[{\"@type\":\"Organization\",\"@id\":\"https:\/\/pakuten.pl\/blog\/#organization\",\"name\":\"Pakuten\",\"url\":\"https:\/\/pakuten.pl\/blog\/\",\"sameAs\":[],\"logo\":{\"@type\":\"ImageObject\",\"@id\":\"https:\/\/pakuten.pl\/blog\/#logo\",\"inLanguage\":\"pl-PL\",\"url\":\"http:\/\/pakuten.pl\/blog\/wp-content\/uploads\/2018\/01\/pakuten_logo.png\",\"contentUrl\":\"http:\/\/pakuten.pl\/blog\/wp-content\/uploads\/2018\/01\/pakuten_logo.png\",\"width\":300,\"height\":120,\"caption\":\"Pakuten\"},\"image\":{\"@id\":\"https:\/\/pakuten.pl\/blog\/#logo\"}},{\"@type\":\"WebSite\",\"@id\":\"https:\/\/pakuten.pl\/blog\/#website\",\"url\":\"https:\/\/pakuten.pl\/blog\/\",\"name\":\"Pakuten blog\",\"description\":\"Blog sklepu internetowego pakuten.pl\",\"publisher\":{\"@id\":\"https:\/\/pakuten.pl\/blog\/#organization\"},\"potentialAction\":[{\"@type\":\"SearchAction\",\"target\":{\"@type\":\"EntryPoint\",\"urlTemplate\":\"https:\/\/pakuten.pl\/blog\/?s={search_term_string}\"},\"query-input\":\"required name=search_term_string\"}],\"inLanguage\":\"pl-PL\"},{\"@type\":\"ImageObject\",\"@id\":\"https:\/\/pakuten.pl\/blog\/espadryle-stylizacje-na-lato-2018-ktore-ci-sie-spodobaja\/#primaryimage\",\"inLanguage\":\"pl-PL\",\"url\":\"https:\/\/pakuten.pl\/blog\/wp-content\/uploads\/2018\/06\/espadryle.jpeg\",\"contentUrl\":\"https:\/\/pakuten.pl\/blog\/wp-content\/uploads\/2018\/06\/espadryle.jpeg\",\"width\":\"1280\",\"height\":\"853\",\"caption\":\"Espadryle - co to jest?\"},{\"@type\":\"WebPage\",\"@id\":\"https:\/\/pakuten.pl\/blog\/espadryle-stylizacje-na-lato-2018-ktore-ci-sie-spodobaja\/#webpage\",\"url\":\"https:\/\/pakuten.pl\/blog\/espadryle-stylizacje-na-lato-2018-ktore-ci-sie-spodobaja\/\",\"name\":\"Espadryle \u2013 stylizacje na lato 2022, kt\u00f3re Ci si\u0119 spodobaj\u0105! - Pakuten blog\",\"isPartOf\":{\"@id\":\"https:\/\/pakuten.pl\/blog\/#website\"},\"primaryImageOfPage\":{\"@id\":\"https:\/\/pakuten.pl\/blog\/espadryle-stylizacje-na-lato-2018-ktore-ci-sie-spodobaja\/#primaryimage\"},\"datePublished\":\"2018-06-01T12:03:23+00:00\",\"dateModified\":\"2021-09-13T06:49:26+00:00\",\"breadcrumb\":{\"@id\":\"https:\/\/pakuten.pl\/blog\/espadryle-stylizacje-na-lato-2018-ktore-ci-sie-spodobaja\/#breadcrumb\"},\"inLanguage\":\"pl-PL\",\"potentialAction\":[{\"@type\":\"ReadAction\",\"target\":[\"https:\/\/pakuten.pl\/blog\/espadryle-stylizacje-na-lato-2018-ktore-ci-sie-spodobaja\/\"]}]},{\"@type\":\"BreadcrumbList\",\"@id\":\"https:\/\/pakuten.pl\/blog\/espadryle-stylizacje-na-lato-2018-ktore-ci-sie-spodobaja\/#breadcrumb\",\"itemListElement\":[{\"@type\":\"ListItem\",\"position\":1,\"name\":\"Strona g\u0142\u00f3wna\",\"item\":\"https:\/\/pakuten.pl\/blog\/\"},{\"@type\":\"ListItem\",\"position\":2,\"name\":\"Espadryle \u2013 stylizacje na lato 2022, kt\u00f3re Ci si\u0119 spodobaj\u0105!\"}]},{\"@type\":\"Article\",\"@id\":\"https:\/\/pakuten.pl\/blog\/espadryle-stylizacje-na-lato-2018-ktore-ci-sie-spodobaja\/#article\",\"isPartOf\":{\"@id\":\"https:\/\/pakuten.pl\/blog\/espadryle-stylizacje-na-lato-2018-ktore-ci-sie-spodobaja\/#webpage\"},\"author\":{\"@id\":\"https:\/\/pakuten.pl\/blog\/#\/schema\/person\/8d03059f8e6f83bab2553d9ff4517702\"},\"headline\":\"Espadryle \u2013 stylizacje na lato 2022, kt\u00f3re Ci si\u0119 spodobaj\u0105!\",\"datePublished\":\"2018-06-01T12:03:23+00:00\",\"dateModified\":\"2021-09-13T06:49:26+00:00\",\"mainEntityOfPage\":{\"@id\":\"https:\/\/pakuten.pl\/blog\/espadryle-stylizacje-na-lato-2018-ktore-ci-sie-spodobaja\/#webpage\"},\"wordCount\":793,\"commentCount\":0,\"publisher\":{\"@id\":\"https:\/\/pakuten.pl\/blog\/#organization\"},\"image\":{\"@id\":\"https:\/\/pakuten.pl\/blog\/espadryle-stylizacje-na-lato-2018-ktore-ci-sie-spodobaja\/#primaryimage\"},\"thumbnailUrl\":\"https:\/\/pakuten.pl\/blog\/wp-content\/uploads\/2018\/06\/espadryle.jpeg\",\"keywords\":[\"casual\"],\"articleSection\":[\"Tips&amp;Tricks\"],\"inLanguage\":\"pl-PL\",\"potentialAction\":[{\"@type\":\"CommentAction\",\"name\":\"Comment\",\"target\":[\"https:\/\/pakuten.pl\/blog\/espadryle-stylizacje-na-lato-2018-ktore-ci-sie-spodobaja\/#respond\"]}]},{\"@type\":\"Person\",\"@id\":\"https:\/\/pakuten.pl\/blog\/#\/schema\/person\/8d03059f8e6f83bab2553d9ff4517702\",\"name\":\"Malwina\",\"image\":{\"@type\":\"ImageObject\",\"@id\":\"https:\/\/pakuten.pl\/blog\/#personlogo\",\"inLanguage\":\"pl-PL\",\"url\":\"https:\/\/secure.gravatar.com\/avatar\/b46f1be65c5d79f6186fe8f30ac2bf6f?s=96&d=mm&r=g\",\"contentUrl\":\"https:\/\/secure.gravatar.com\/avatar\/b46f1be65c5d79f6186fe8f30ac2bf6f?s=96&d=mm&r=g\",\"caption\":\"Malwina\"},\"url\":\"https:\/\/pakuten.pl\/blog\/author\/semahead\/\"}]}<\/script>\n<!-- \/ Yoast SEO plugin. -->","yoast_head_json":{"title":"Espadryle \u2013 stylizacje na lato 2022, kt\u00f3re Ci si\u0119 spodobaj\u0105! - Pakuten blog","robots":{"index":"index","follow":"follow","max-snippet":"max-snippet:-1","max-image-preview":"max-image-preview:large","max-video-preview":"max-video-preview:-1"},"canonical":"https:\/\/pakuten.pl\/blog\/espadryle-stylizacje-na-lato-2018-ktore-ci-sie-spodobaja\/","og_locale":"pl_PL","og_type":"article","og_title":"Espadryle \u2013 stylizacje na lato 2022, kt\u00f3re Ci si\u0119 spodobaj\u0105! - Pakuten blog","og_description":"Jakie s\u0105 najwygodniejsze i najbardziej uniwersalne buty na lato? Espadryle! Stylizacje o casualowym charakterze stworzysz z nimi bez \u017cadnego problemu, bo jak si\u0119 okazuje, espadryle pasuj\u0105 niemal do wszystkiego! Zobacz 9 zestaw\u00f3w, w kt\u00f3rych te buty graj\u0105 g\u0142\u00f3wn\u0105 rol\u0119 i zdecyduj, kt\u00f3ry z nich najlepiej pasuje do Twojego stylu!","og_url":"https:\/\/pakuten.pl\/blog\/espadryle-stylizacje-na-lato-2018-ktore-ci-sie-spodobaja\/","og_site_name":"Pakuten blog","article_published_time":"2018-06-01T12:03:23+00:00","article_modified_time":"2021-09-13T06:49:26+00:00","og_image":[{"width":"1280","height":"853","url":"https:\/\/pakuten.pl\/blog\/wp-content\/uploads\/2018\/06\/espadryle.jpeg","type":"image\/jpeg"}],"twitter_card":"summary_large_image","twitter_misc":{"Napisane przez":"Malwina","Szacowany czas czytania":"4 minuty"},"schema":{"@context":"https:\/\/schema.org","@graph":[{"@type":"Organization","@id":"https:\/\/pakuten.pl\/blog\/#organization","name":"Pakuten","url":"https:\/\/pakuten.pl\/blog\/","sameAs":[],"logo":{"@type":"ImageObject","@id":"https:\/\/pakuten.pl\/blog\/#logo","inLanguage":"pl-PL","url":"http:\/\/pakuten.pl\/blog\/wp-content\/uploads\/2018\/01\/pakuten_logo.png","contentUrl":"http:\/\/pakuten.pl\/blog\/wp-content\/uploads\/2018\/01\/pakuten_logo.png","width":300,"height":120,"caption":"Pakuten"},"image":{"@id":"https:\/\/pakuten.pl\/blog\/#logo"}},{"@type":"WebSite","@id":"https:\/\/pakuten.pl\/blog\/#website","url":"https:\/\/pakuten.pl\/blog\/","name":"Pakuten blog","description":"Blog sklepu internetowego pakuten.pl","publisher":{"@id":"https:\/\/pakuten.pl\/blog\/#organization"},"potentialAction":[{"@type":"SearchAction","target":{"@type":"EntryPoint","urlTemplate":"https:\/\/pakuten.pl\/blog\/?s={search_term_string}"},"query-input":"required name=search_term_string"}],"inLanguage":"pl-PL"},{"@type":"ImageObject","@id":"https:\/\/pakuten.pl\/blog\/espadryle-stylizacje-na-lato-2018-ktore-ci-sie-spodobaja\/#primaryimage","inLanguage":"pl-PL","url":"https:\/\/pakuten.pl\/blog\/wp-content\/uploads\/2018\/06\/espadryle.jpeg","contentUrl":"https:\/\/pakuten.pl\/blog\/wp-content\/uploads\/2018\/06\/espadryle.jpeg","width":"1280","height":"853","caption":"Espadryle - co to jest?"},{"@type":"WebPage","@id":"https:\/\/pakuten.pl\/blog\/espadryle-stylizacje-na-lato-2018-ktore-ci-sie-spodobaja\/#webpage","url":"https:\/\/pakuten.pl\/blog\/espadryle-stylizacje-na-lato-2018-ktore-ci-sie-spodobaja\/","name":"Espadryle \u2013 stylizacje na lato 2022, kt\u00f3re Ci si\u0119 spodobaj\u0105! - Pakuten blog","isPartOf":{"@id":"https:\/\/pakuten.pl\/blog\/#website"},"primaryImageOfPage":{"@id":"https:\/\/pakuten.pl\/blog\/espadryle-stylizacje-na-lato-2018-ktore-ci-sie-spodobaja\/#primaryimage"},"datePublished":"2018-06-01T12:03:23+00:00","dateModified":"2021-09-13T06:49:26+00:00","breadcrumb":{"@id":"https:\/\/pakuten.pl\/blog\/espadryle-stylizacje-na-lato-2018-ktore-ci-sie-spodobaja\/#breadcrumb"},"inLanguage":"pl-PL","potentialAction":[{"@type":"ReadAction","target":["https:\/\/pakuten.pl\/blog\/espadryle-stylizacje-na-lato-2018-ktore-ci-sie-spodobaja\/"]}]},{"@type":"BreadcrumbList","@id":"https:\/\/pakuten.pl\/blog\/espadryle-stylizacje-na-lato-2018-ktore-ci-sie-spodobaja\/#breadcrumb","itemListElement":[{"@type":"ListItem","position":1,"name":"Strona g\u0142\u00f3wna","item":"https:\/\/pakuten.pl\/blog\/"},{"@type":"ListItem","position":2,"name":"Espadryle \u2013 stylizacje na lato 2022, kt\u00f3re Ci si\u0119 spodobaj\u0105!"}]},{"@type":"Article","@id":"https:\/\/pakuten.pl\/blog\/espadryle-stylizacje-na-lato-2018-ktore-ci-sie-spodobaja\/#article","isPartOf":{"@id":"https:\/\/pakuten.pl\/blog\/espadryle-stylizacje-na-lato-2018-ktore-ci-sie-spodobaja\/#webpage"},"author":{"@id":"https:\/\/pakuten.pl\/blog\/#\/schema\/person\/8d03059f8e6f83bab2553d9ff4517702"},"headline":"Espadryle \u2013 stylizacje na lato 2022, kt\u00f3re Ci si\u0119 spodobaj\u0105!","datePublished":"2018-06-01T12:03:23+00:00","dateModified":"2021-09-13T06:49:26+00:00","mainEntityOfPage":{"@id":"https:\/\/pakuten.pl\/blog\/espadryle-stylizacje-na-lato-2018-ktore-ci-sie-spodobaja\/#webpage"},"wordCount":793,"commentCount":0,"publisher":{"@id":"https:\/\/pakuten.pl\/blog\/#organization"},"image":{"@id":"https:\/\/pakuten.pl\/blog\/espadryle-stylizacje-na-lato-2018-ktore-ci-sie-spodobaja\/#primaryimage"},"thumbnailUrl":"https:\/\/pakuten.pl\/blog\/wp-content\/uploads\/2018\/06\/espadryle.jpeg","keywords":["casual"],"articleSection":["Tips&amp;Tricks"],"inLanguage":"pl-PL","potentialAction":[{"@type":"CommentAction","name":"Comment","target":["https:\/\/pakuten.pl\/blog\/espadryle-stylizacje-na-lato-2018-ktore-ci-sie-spodobaja\/#respond"]}]},{"@type":"Person","@id":"https:\/\/pakuten.pl\/blog\/#\/schema\/person\/8d03059f8e6f83bab2553d9ff4517702","name":"Malwina","image":{"@type":"ImageObject","@id":"https:\/\/pakuten.pl\/blog\/#personlogo","inLanguage":"pl-PL","url":"https:\/\/secure.gravatar.com\/avatar\/b46f1be65c5d79f6186fe8f30ac2bf6f?s=96&d=mm&r=g","contentUrl":"https:\/\/secure.gravatar.com\/avatar\/b46f1be65c5d79f6186fe8f30ac2bf6f?s=96&d=mm&r=g","caption":"Malwina"},"url":"https:\/\/pakuten.pl\/blog\/author\/semahead\/"}]}},"_links":{"self":[{"href":"https:\/\/pakuten.pl\/blog\/wp-json\/wp\/v2\/posts\/831"}],"collection":[{"href":"https:\/\/pakuten.pl\/blog\/wp-json\/wp\/v2\/posts"}],"about":[{"href":"https:\/\/pakuten.pl\/blog\/wp-json\/wp\/v2\/types\/post"}],"author":[{"embeddable":true,"href":"https:\/\/pakuten.pl\/blog\/wp-json\/wp\/v2\/users\/2"}],"replies":[{"embeddable":true,"href":"https:\/\/pakuten.pl\/blog\/wp-json\/wp\/v2\/comments?post=831"}],"version-history":[{"count":15,"href":"https:\/\/pakuten.pl\/blog\/wp-json\/wp\/v2\/posts\/831\/revisions"}],"predecessor-version":[{"id":5511,"href":"https:\/\/pakuten.pl\/blog\/wp-json\/wp\/v2\/posts\/831\/revisions\/5511"}],"wp:featuredmedia":[{"embeddable":true,"href":"https:\/\/pakuten.pl\/blog\/wp-json\/wp\/v2\/media\/833"}],"wp:attachment":[{"href":"https:\/\/pakuten.pl\/blog\/wp-json\/wp\/v2\/media?parent=831"}],"wp:term":[{"taxonomy":"category","embeddable":true,"href":"https:\/\/pakuten.pl\/blog\/wp-json\/wp\/v2\/categories?post=831"},{"taxonomy":"post_tag","embeddable":true,"href":"https:\/\/pakuten.pl\/blog\/wp-json\/wp\/v2\/tags?post=831"}],"curies":[{"name":"wp","href":"https:\/\/api.w.org\/{rel}","templated":true}]}}