{"id":8444,"date":"2024-04-12T12:37:00","date_gmt":"2024-04-12T10:37:00","guid":{"rendered":"https:\/\/pakuten.pl\/blog\/?p=8444"},"modified":"2024-04-04T13:11:45","modified_gmt":"2024-04-04T11:11:45","slug":"najmodniejsze-fryzury-na-ceremonie-komunii","status":"publish","type":"post","link":"https:\/\/pakuten.pl\/blog\/najmodniejsze-fryzury-na-ceremonie-komunii\/","title":{"rendered":"Najmodniejsze fryzury na ceremoni\u0119 komunii. Jakie s\u0105 trendy w 2024 r.?"},"content":{"rendered":"\n<p><strong>Ceremonia komunii to wyj\u0105tkowy moment w \u017cyciu dziecka i jego rodziny. Warto zadba\u0107 nie tylko o odpowiedni str\u00f3j, ale tak\u017ce o perfekcyjn\u0105 fryzur\u0119, kt\u00f3ra podkre\u015bli urok tego wydarzenia. W 2024 roku \u015bwiat mody fryzjerskiej obfituje w inspiruj\u0105ce propozycje, kt\u00f3re idealnie wpisuj\u0105 si\u0119 w atmosfer\u0119 tego dnia.<\/strong><\/p>\n<h2 class=\"p1\"><span style=\"color: #ff9900;\">Fryzury na ceremoni\u0119 komunii: wyb\u00f3r elegancji<\/span><\/h2>\n<p class=\"p1\">Wyb\u00f3r odpowiedniej fryzury na ceremoni\u0119 komunii mo\u017ce by\u0107 wyzwaniem, ale r\u00f3wnie\u017c prawdziw\u0105 przyjemno\u015bci\u0105. W tym sezonie, modne s\u0105 zar\u00f3wno subtelne upi\u0119cia, jak i romantyczne loki czy eleganckie warkocze. To idealny czas, aby wyeksponowa\u0107 naturalne pi\u0119kno i stworzy\u0107 wyj\u0105tkow\u0105 stylizacj\u0119.<\/p>\n<p><img loading=\"lazy\" class=\"aligncenter size-full wp-image-8446\" src=\"https:\/\/pakuten.pl\/blog\/wp-content\/uploads\/2024\/04\/romantyczne-loki-.jpeg\" alt=\"\" width=\"736\" height=\"1308\"><\/p>\n<h2 class=\"p1\"><span style=\"color: #ff9900;\">Eleganckie upi\u0119cia: Stylowa klasyka<\/span><\/h2>\n<p class=\"p1\">Eleganckie upi\u0119cia to klasyka, kt\u00f3ra zawsze b\u0119dzie w modzie. W 2024 roku, popularno\u015bci\u0105 ciesz\u0105 si\u0119 zw\u0142aszcza delikatne koktajle oraz romantyczne upi\u0119cia z warkoczami. Te fryzury doskonale sprawdz\u0105 si\u0119 na ceremonii komunii, nadaj\u0105c ca\u0142o\u015bci eleganckiego charakteru.<\/p>\n<p>&nbsp;<\/p>\n<p><iframe src=\"https:\/\/assets.pinterest.com\/ext\/embed.html?id=590323463697008029\" width=\"345\" height=\"714\" frameborder=\"0\" scrolling=\"no\"><\/iframe><\/p>\n<h2 class=\"p1\"><span style=\"color: #ff9900;\">Romantyczne loki, czyli subtelna delikatno\u015b\u0107<\/span><\/h2>\n<p class=\"p1\">Romantyczne loki to idealne rozwi\u0105zanie dla tych, kt\u00f3rzy pragn\u0105 podkre\u015bli\u0107 subtelno\u015b\u0107 i romantyzm swojej stylizacji. Delikatne fale lub lekkie loki doskonale komponuj\u0105 si\u0119 zar\u00f3wno z klasyczn\u0105 <span style=\"color: #ff9900;\"><a style=\"color: #ff9900;\" href=\"https:\/\/pakuten.pl\/27-sukienki\" target=\"_blank\" rel=\"noopener\">sukienk\u0105<\/a><\/span>, jak i bardziej wyrafinowanym strojem. To spos\u00f3b na stworzenie lekkiej, kobiecej fryzury, kt\u00f3ra oczaruje wszystkich obecnych na uroczysto\u015bci.<\/p>\n<p>&nbsp;<\/p>\n<blockquote class=\"instagram-media\" style=\"background: #FFF; border: 0; border-radius: 3px; box-shadow: 0 0 1px 0 rgba(0,0,0,0.5),0 1px 10px 0 rgba(0,0,0,0.15); margin: 1px; max-width: 540px; min-width: 326px; padding: 0; width: calc(100% - 2px);\" data-instgrm-permalink=\"https:\/\/www.instagram.com\/reel\/C5TeSx2oZ7s\/?utm_source=ig_embed&amp;utm_campaign=loading\" data-instgrm-version=\"14\">\n<div style=\"padding: 16px;\">\n<div style=\"display: flex; flex-direction: row; align-items: center;\">\n<div style=\"background-color: #f4f4f4; border-radius: 50%; flex-grow: 0; height: 40px; margin-right: 14px; width: 40px;\">&nbsp;<\/div>\n<div style=\"display: flex; flex-direction: column; flex-grow: 1; justify-content: center;\">\n<div style=\"background-color: #f4f4f4; border-radius: 4px; flex-grow: 0; height: 14px; margin-bottom: 6px; width: 100px;\">&nbsp;<\/div>\n<div style=\"background-color: #f4f4f4; border-radius: 4px; flex-grow: 0; height: 14px; width: 60px;\">&nbsp;<\/div>\n<\/div>\n<\/div>\n<div style=\"padding: 19% 0;\">&nbsp;<\/div>\n<div style=\"display: block; height: 50px; margin: 0 auto 12px; width: 50px;\">&nbsp;<\/div>\n<div style=\"padding-top: 8px;\">\n<div style=\"color: #3897f0; font-family: Arial,sans-serif; font-size: 14px; font-style: normal; font-weight: 550; line-height: 18px;\">Wy\u015bwietl ten post na Instagramie<\/div>\n<\/div>\n<div style=\"padding: 12.5% 0;\">&nbsp;<\/div>\n<div style=\"display: flex; flex-direction: row; margin-bottom: 14px; align-items: center;\">\n<div>\n<div style=\"background-color: #f4f4f4; border-radius: 50%; height: 12.5px; width: 12.5px; transform: translateX(0px) translateY(7px);\">&nbsp;<\/div>\n<div style=\"background-color: #f4f4f4; height: 12.5px; transform: rotate(-45deg) translateX(3px) translateY(1px); width: 12.5px; flex-grow: 0; margin-right: 14px; margin-left: 2px;\">&nbsp;<\/div>\n<div style=\"background-color: #f4f4f4; border-radius: 50%; height: 12.5px; width: 12.5px; transform: translateX(9px) translateY(-18px);\">&nbsp;<\/div>\n<\/div>\n<div style=\"margin-left: 8px;\">\n<div style=\"background-color: #f4f4f4; border-radius: 50%; flex-grow: 0; height: 20px; width: 20px;\">&nbsp;<\/div>\n<div style=\"width: 0; height: 0; border-top: 2px solid transparent; border-left: 6px solid #f4f4f4; border-bottom: 2px solid transparent; transform: translateX(16px) translateY(-4px) rotate(30deg);\">&nbsp;<\/div>\n<\/div>\n<div style=\"margin-left: auto;\">\n<div style=\"width: 0px; border-top: 8px solid #F4F4F4; border-right: 8px solid transparent; transform: translateY(16px);\">&nbsp;<\/div>\n<div style=\"background-color: #f4f4f4; flex-grow: 0; height: 12px; width: 16px; transform: translateY(-4px);\">&nbsp;<\/div>\n<div style=\"width: 0; height: 0; border-top: 8px solid #F4F4F4; border-left: 8px solid transparent; transform: translateY(-4px) translateX(8px);\">&nbsp;<\/div>\n<\/div>\n<\/div>\n<div style=\"display: flex; flex-direction: column; flex-grow: 1; justify-content: center; margin-bottom: 24px;\">\n<div style=\"background-color: #f4f4f4; border-radius: 4px; flex-grow: 0; height: 14px; margin-bottom: 6px; width: 224px;\">&nbsp;<\/div>\n<div style=\"background-color: #f4f4f4; border-radius: 4px; flex-grow: 0; height: 14px; width: 144px;\">&nbsp;<\/div>\n<\/div>\n<p style=\"color: #c9c8cd; font-family: Arial,sans-serif; font-size: 14px; line-height: 17px; margin-bottom: 0; margin-top: 8px; overflow: hidden; padding: 8px 0 7px; text-align: center; text-overflow: ellipsis; white-space: nowrap;\"><a style=\"color: #c9c8cd; font-family: Arial,sans-serif; font-size: 14px; font-style: normal; font-weight: normal; line-height: 17px; text-decoration: none;\" href=\"https:\/\/www.instagram.com\/reel\/C5TeSx2oZ7s\/?utm_source=ig_embed&amp;utm_campaign=loading\" target=\"_blank\" rel=\"noopener\">Post udost\u0119pniony przez Pakuten.pl \u2022 Modna i tania odzie\u017c damska (@pakuten.official)<\/a><\/p>\n<\/div>\n<\/blockquote>\n<p><script async=\"\" src=\"\/\/www.instagram.com\/embed.js\"><\/script><\/p>\n<h2 class=\"p1\"><span style=\"color: #ff9900;\">Fryzury na ceremoni\u0119 komunii: Wyb\u00f3r dla ka\u017cdego<\/span><\/h2>\n<p class=\"p1\">Warto pami\u0119ta\u0107, \u017ce wyb\u00f3r fryzury na ceremoni\u0119 komunii powinien by\u0107 dostosowany do indywidualnych preferencji oraz stylu ubioru. Niezale\u017cnie od tego, czy wolisz eleganckie upi\u0119cia, romantyczne loki czy klasyczne warkocze, wa\u017cne jest, aby fryzura by\u0142a wygodna i odpowiada\u0142a Twoim oczekiwaniom.<\/p>\n<p><img loading=\"lazy\" class=\"aligncenter size-full wp-image-8447\" src=\"https:\/\/pakuten.pl\/blog\/wp-content\/uploads\/2024\/04\/upie\u0328cie_kok.jpeg\" alt=\"upi\u0119cie na ceremoni\u0119 komunii_kok_niski\" width=\"736\" height=\"1104\"><\/p>\n<h2 class=\"p1\"><span style=\"color: #ff9900;\">Dopasowanie fryzury do rodzaju ubioru na ceremoni\u0119 komunii<\/span><\/h2>\n<p class=\"p1\">Dopasowanie fryzury do rodzaju ubioru na ceremoni\u0119 komunii jest kluczowe dla stworzenia kompletnego i harmonijnego looku. Wybieraj\u0105c odpowiedni\u0105 fryzur\u0119, warto kierowa\u0107 si\u0119 nie tylko w\u0142asnymi preferencjami, ale tak\u017ce stylem i charakterem stroju, aby ca\u0142o\u015b\u0107 by\u0142a sp\u00f3jna i pi\u0119knie si\u0119 prezentowa\u0142a podczas tego wyj\u0105tkowego wydarzenia.<\/p>\n<p><b>Klasyczna Sukienka <\/b>Je\u015bli wybierasz klasyczn\u0105 sukienk\u0119 na ceremoni\u0119 komunii, idealnie pasowa\u0107 b\u0119dzie eleganckie upi\u0119cie lub delikatne loki. Stylowe upi\u0119cia dodadz\u0105 uroku i elegancji, podkre\u015blaj\u0105c formalny charakter stroju.<\/p>\n<p>&nbsp;<\/p>\n<blockquote class=\"instagram-media\" style=\"background: #FFF; border: 0; border-radius: 3px; box-shadow: 0 0 1px 0 rgba(0,0,0,0.5),0 1px 10px 0 rgba(0,0,0,0.15); margin: 1px; max-width: 540px; min-width: 326px; padding: 0; width: calc(100% - 2px);\" data-instgrm-permalink=\"https:\/\/www.instagram.com\/reel\/C5VJynrIrIX\/?utm_source=ig_embed&amp;utm_campaign=loading\" data-instgrm-version=\"14\">\n<div style=\"padding: 16px;\">\n<div style=\"display: flex; flex-direction: row; align-items: center;\">\n<div style=\"background-color: #f4f4f4; border-radius: 50%; flex-grow: 0; height: 40px; margin-right: 14px; width: 40px;\">&nbsp;<\/div>\n<div style=\"display: flex; flex-direction: column; flex-grow: 1; justify-content: center;\">\n<div style=\"background-color: #f4f4f4; border-radius: 4px; flex-grow: 0; height: 14px; margin-bottom: 6px; width: 100px;\">&nbsp;<\/div>\n<div style=\"background-color: #f4f4f4; border-radius: 4px; flex-grow: 0; height: 14px; width: 60px;\">&nbsp;<\/div>\n<\/div>\n<\/div>\n<div style=\"padding: 19% 0;\">&nbsp;<\/div>\n<div style=\"display: block; height: 50px; margin: 0 auto 12px; width: 50px;\">&nbsp;<\/div>\n<div style=\"padding-top: 8px;\">\n<div style=\"color: #3897f0; font-family: Arial,sans-serif; font-size: 14px; font-style: normal; font-weight: 550; line-height: 18px;\">Wy\u015bwietl ten post na Instagramie<\/div>\n<\/div>\n<div style=\"padding: 12.5% 0;\">&nbsp;<\/div>\n<div style=\"display: flex; flex-direction: row; margin-bottom: 14px; align-items: center;\">\n<div>\n<div style=\"background-color: #f4f4f4; border-radius: 50%; height: 12.5px; width: 12.5px; transform: translateX(0px) translateY(7px);\">&nbsp;<\/div>\n<div style=\"background-color: #f4f4f4; height: 12.5px; transform: rotate(-45deg) translateX(3px) translateY(1px); width: 12.5px; flex-grow: 0; margin-right: 14px; margin-left: 2px;\">&nbsp;<\/div>\n<div style=\"background-color: #f4f4f4; border-radius: 50%; height: 12.5px; width: 12.5px; transform: translateX(9px) translateY(-18px);\">&nbsp;<\/div>\n<\/div>\n<div style=\"margin-left: 8px;\">\n<div style=\"background-color: #f4f4f4; border-radius: 50%; flex-grow: 0; height: 20px; width: 20px;\">&nbsp;<\/div>\n<div style=\"width: 0; height: 0; border-top: 2px solid transparent; border-left: 6px solid #f4f4f4; border-bottom: 2px solid transparent; transform: translateX(16px) translateY(-4px) rotate(30deg);\">&nbsp;<\/div>\n<\/div>\n<div style=\"margin-left: auto;\">\n<div style=\"width: 0px; border-top: 8px solid #F4F4F4; border-right: 8px solid transparent; transform: translateY(16px);\">&nbsp;<\/div>\n<div style=\"background-color: #f4f4f4; flex-grow: 0; height: 12px; width: 16px; transform: translateY(-4px);\">&nbsp;<\/div>\n<div style=\"width: 0; height: 0; border-top: 8px solid #F4F4F4; border-left: 8px solid transparent; transform: translateY(-4px) translateX(8px);\">&nbsp;<\/div>\n<\/div>\n<\/div>\n<div style=\"display: flex; flex-direction: column; flex-grow: 1; justify-content: center; margin-bottom: 24px;\">\n<div style=\"background-color: #f4f4f4; border-radius: 4px; flex-grow: 0; height: 14px; margin-bottom: 6px; width: 224px;\">&nbsp;<\/div>\n<div style=\"background-color: #f4f4f4; border-radius: 4px; flex-grow: 0; height: 14px; width: 144px;\">&nbsp;<\/div>\n<\/div>\n<p style=\"color: #c9c8cd; font-family: Arial,sans-serif; font-size: 14px; line-height: 17px; margin-bottom: 0; margin-top: 8px; overflow: hidden; padding: 8px 0 7px; text-align: center; text-overflow: ellipsis; white-space: nowrap;\"><a style=\"color: #c9c8cd; font-family: Arial,sans-serif; font-size: 14px; font-style: normal; font-weight: normal; line-height: 17px; text-decoration: none;\" href=\"https:\/\/www.instagram.com\/reel\/C5VJynrIrIX\/?utm_source=ig_embed&amp;utm_campaign=loading\" target=\"_blank\" rel=\"noopener\">Post udost\u0119pniony przez Pakuten.pl \u2022 Modna i tania odzie\u017c damska (@pakuten.official)<\/a><\/p>\n<\/div>\n<\/blockquote>\n<p><script async=\"\" src=\"\/\/www.instagram.com\/embed.js\"><\/script><\/p>\n<p><b>Stroje w stylu Boho <\/b>Dla mi\u0142o\u015bnik\u00f3w stylu boho, idealnym wyborem b\u0119d\u0105 swobodne fale lub romantyczne warkocze z delikatnymi kwiatowymi akcentami. To idealny spos\u00f3b na stworzenie lekkiej i naturalnej fryzury, kt\u00f3ra idealnie wpisze si\u0119 w atmosfer\u0119 tego wyj\u0105tkowego dnia.<\/p>\n<p><b>Elegancki garnitur <\/b>Je\u015bli planujesz ubra\u0107 si\u0119 na ceremoni\u0119 komunii w elegancki <span style=\"color: #ff9900;\"><a style=\"color: #ff9900;\" href=\"https:\/\/pakuten.pl\/117-marynarki-i-garnitury\" target=\"_blank\" rel=\"noopener\">garnitur<\/a><\/span>, warto postawi\u0107 na fryzur\u0119, kt\u00f3ra podkre\u015bli formalny charakter stroju. Eleganckie upi\u0119cia lub klasyczne lok\u00f3wki b\u0119d\u0105 doskona\u0142ym uzupe\u0142nieniem tego typu ubioru, dodaj\u0105c mu elegancji i szyku.<\/p>\n<div class=\"product-box-container\">\r\n<div class=\"one_third \" style=\"\">\r\n<div class=\"product-box\">\r\n<a href=\"https:\/\/pakuten.pl\/31321-70523-liliowy-garnitur-marynarka-i-spodnie-keikaa-liliowy.html\" target=\"_blank\">\r\n <img src=\"https:\/\/media.pakuten.pl\/191063-large_default\/liliowy-garnitur-marynarka-i-spodnie-keikaa.jpg\" alt=\"Liliowy garnitur marynarka i spodnie Keikaa\"\/>\r\n<\/a>\r\n<p>\r\n<a href=\"https:\/\/pakuten.pl\/31321-70523-liliowy-garnitur-marynarka-i-spodnie-keikaa-liliowy.html\" target=\"_blank\">\r\nLiliowy garnitur marynarka i spodnie Keikaa\r\n<\/a><\/p>\r\n  <p>Cena: 199,99\u00a0z\u0142<\/p>\r\n<a href=\"https:\/\/pakuten.pl\/31321-70523-liliowy-garnitur-marynarka-i-spodnie-keikaa-liliowy.html\" target=\"_blank\" class=\"button\">\r\nZobacz w sklepie\r\n<\/a>\r\n<\/div>\r\n<\/div>\r\n<div class=\"one_third \" style=\"\">\r\n<div class=\"product-box\">\r\n<a href=\"https:\/\/pakuten.pl\/37276-80637-jasnobezowy-dwuczesciowy-komplet-marynarka-i-spodnico-spodenki-jenni-jasnobezowy.html\" target=\"_blank\">\r\n  <img src=\"https:\/\/media.pakuten.pl\/219786-large_default\/jasnobezowy-dwuczesciowy-komplet-marynarka-i-spodnico-spodenki-jenni.jpg\" alt=\"Jasnobe\u017cowy dwucz\u0119\u015bciowy komplet marynarka i sp\u00f3dnico - spodenki Jenni\"\/>\r\n<\/a>\r\n<p>\r\n<a href=\"https:\/\/pakuten.pl\/37276-80637-jasnobezowy-dwuczesciowy-komplet-marynarka-i-spodnico-spodenki-jenni-jasnobezowy.html\" target=\"_blank\">\r\nJasnobe\u017cowy dwucz\u0119\u015bciowy komplet marynarka i sp\u00f3dnico - spodenki Jenni\r\n<\/a><\/p>\r\n  <p>Cena: 99,99\u00a0z\u0142<\/p>\r\n<a href=\"https:\/\/pakuten.pl\/37276-80637-jasnobezowy-dwuczesciowy-komplet-marynarka-i-spodnico-spodenki-jenni-jasnobezowy.html\" target=\"_blank\" class=\"button\">\r\nZobacz w sklepie\r\n<\/a>\r\n<\/div>\r\n<\/div>\r\n<div class=\"one_third last \" style=\"\">\r\n<div class=\"product-box\">\r\n<a href=\"https:\/\/pakuten.pl\/37130-80425-bialy-komplet-garniturowy-z-zapinana-marynarka-tamarisse-bialy.html\" target=\"_blank\">\r\n  <img src=\"https:\/\/media.pakuten.pl\/224623-large_default\/bialy-komplet-garniturowy-z-zapinana-marynarka-tamarisse.jpg\" alt=\"Bia\u0142y komplet garniturowy z zapinan\u0105 marynark\u0105 Tamarisse\"\/>\r\n<\/a>\r\n<p>\r\n<a href=\"https:\/\/pakuten.pl\/37130-80425-bialy-komplet-garniturowy-z-zapinana-marynarka-tamarisse-bialy.html\" target=\"_blank\">\r\nBia\u0142y komplet garniturowy z zapinan\u0105 marynark\u0105 Tamarisse\r\n<\/a><\/p>\r\n  <p>Cena: 199,99\u00a0z\u0142<\/p>\r\n<a href=\"https:\/\/pakuten.pl\/37130-80425-bialy-komplet-garniturowy-z-zapinana-marynarka-tamarisse-bialy.html\" target=\"_blank\" class=\"button\">\r\nZobacz w sklepie\r\n<\/a>\r\n<\/div>\r\n<\/div><br class=\"clear\"\/>\r\n<\/div>\n<p><b>Delikatne sukienki w pastelowych kolorach <\/b>Dla os\u00f3b wybieraj\u0105cych delikatne sukienki w pastelowych kolorach, idealnym rozwi\u0105zaniem b\u0119d\u0105 romantyczne loki lub eleganckie upi\u0119cia z delikatnymi warkoczami. To spos\u00f3b na stworzenie subtelnej i kobiecej fryzury, kt\u00f3ra doskonale harmonizuje z delikatnym charakterem takiego ubioru.<\/p>\n<p><b>Stroje eleganckie z kwiatowymi wzorami <\/b>Je\u015bli decydujesz si\u0119 na elegancki str\u00f3j z kwiatowymi wzorami, warto postawi\u0107 na fryzur\u0119, kt\u00f3ra podkre\u015bli romantyczny charakter ubioru. Romantyczne lok\u00f3wki lub delikatne upi\u0119cia z kwiatowymi akcentami b\u0119d\u0105 idealnym wyborem, podkre\u015blaj\u0105c urok i lekko\u015b\u0107 takiego stylu.<\/p>\n<p><img loading=\"lazy\" class=\"aligncenter size-full wp-image-8448\" src=\"https:\/\/pakuten.pl\/blog\/wp-content\/uploads\/2024\/04\/Sukienka-na-ceremonie\u0328-komunii-benga-w-kwiaty.jpg\" alt=\"Sukienka w kwiaty Benga na ceremoni\u0119 komunii, wesele\" width=\"741\" height=\"1000\"><\/p>\n<p><b>Stroje dla dzieci <\/b>Dla dzieci na ceremoni\u0119 komunii, warto wybra\u0107 fryzur\u0119, kt\u00f3ra b\u0119dzie wygodna i praktyczna. Jednocze\u015bnie podkre\u015blaj\u0105c ich naturalne pi\u0119kno. Proste upi\u0119cia, delikatne warkocze lub subtelne kokardki to doskona\u0142e rozwi\u0105zania, kt\u00f3re sprawi\u0105, \u017ce maluchy b\u0119d\u0105 wygl\u0105da\u0107 uroczo i szykownie.<\/p>\n<p><img loading=\"lazy\" class=\"aligncenter size-full wp-image-8449\" src=\"https:\/\/pakuten.pl\/blog\/wp-content\/uploads\/2024\/04\/zestaw-sukienek-dla-mamy-i-co\u0301rki.jpg\" alt=\"zestaw sukienek dla mamy i c\u00f3rki, matchymatchy \" width=\"741\" height=\"1000\"><\/p>\n<p>&nbsp;<\/p>\n<p>Fryzury na ceremoni\u0119 komunii w 2024 roku to po\u0142\u0105czenie elegancji, subtelno\u015bci i romantyzmu. Zar\u00f3wno eleganckie upi\u0119cia, romantyczne loki, jak i klasyczne warkocze s\u0105 doskona\u0142ym wyborem na ten wyj\u0105tkowy dzie\u0144. Niezale\u017cnie od preferowanego stylu, warto postawi\u0107 na fryzur\u0119, kt\u00f3ra podkre\u015bli naturalne pi\u0119kno i sprawi, \u017ce poczujesz si\u0119 wyj\u0105tkowo podczas tej wa\u017cnej uroczysto\u015bci.<\/p>\n\n\n<div class=\"kk-star-ratings kksr-auto kksr-align-right kksr-valign-bottom\"\n    data-payload='{&quot;align&quot;:&quot;right&quot;,&quot;id&quot;:&quot;8444&quot;,&quot;slug&quot;:&quot;default&quot;,&quot;valign&quot;:&quot;bottom&quot;,&quot;ignore&quot;:&quot;&quot;,&quot;reference&quot;:&quot;auto&quot;,&quot;class&quot;:&quot;&quot;,&quot;count&quot;:&quot;0&quot;,&quot;legendonly&quot;:&quot;&quot;,&quot;readonly&quot;:&quot;&quot;,&quot;score&quot;:&quot;0&quot;,&quot;starsonly&quot;:&quot;&quot;,&quot;best&quot;:&quot;5&quot;,&quot;gap&quot;:&quot;5&quot;,&quot;greet&quot;:&quot;Rate this post&quot;,&quot;legend&quot;:&quot;0\\\/5 - (0 votes)&quot;,&quot;size&quot;:&quot;24&quot;,&quot;width&quot;:&quot;0&quot;,&quot;_legend&quot;:&quot;{score}\\\/{best} - ({count} {votes})&quot;,&quot;font_factor&quot;:&quot;1.25&quot;}'>\n            \n<div class=\"kksr-stars\">\n    \n<div class=\"kksr-stars-inactive\">\n            <div class=\"kksr-star\" data-star=\"1\" style=\"padding-right: 5px\">\n            \n\n<div class=\"kksr-icon\" style=\"width: 24px; height: 24px;\"><\/div>\n        <\/div>\n            <div class=\"kksr-star\" data-star=\"2\" style=\"padding-right: 5px\">\n            \n\n<div class=\"kksr-icon\" style=\"width: 24px; height: 24px;\"><\/div>\n        <\/div>\n            <div class=\"kksr-star\" data-star=\"3\" style=\"padding-right: 5px\">\n            \n\n<div class=\"kksr-icon\" style=\"width: 24px; height: 24px;\"><\/div>\n        <\/div>\n            <div class=\"kksr-star\" data-star=\"4\" style=\"padding-right: 5px\">\n            \n\n<div class=\"kksr-icon\" style=\"width: 24px; height: 24px;\"><\/div>\n        <\/div>\n            <div class=\"kksr-star\" data-star=\"5\" style=\"padding-right: 5px\">\n            \n\n<div class=\"kksr-icon\" style=\"width: 24px; height: 24px;\"><\/div>\n        <\/div>\n    <\/div>\n    \n<div class=\"kksr-stars-active\" style=\"width: 0px;\">\n            <div class=\"kksr-star\" style=\"padding-right: 5px\">\n            \n\n<div class=\"kksr-icon\" style=\"width: 24px; height: 24px;\"><\/div>\n        <\/div>\n            <div class=\"kksr-star\" style=\"padding-right: 5px\">\n            \n\n<div class=\"kksr-icon\" style=\"width: 24px; height: 24px;\"><\/div>\n        <\/div>\n            <div class=\"kksr-star\" style=\"padding-right: 5px\">\n            \n\n<div class=\"kksr-icon\" style=\"width: 24px; height: 24px;\"><\/div>\n        <\/div>\n            <div class=\"kksr-star\" style=\"padding-right: 5px\">\n            \n\n<div class=\"kksr-icon\" style=\"width: 24px; height: 24px;\"><\/div>\n        <\/div>\n            <div class=\"kksr-star\" style=\"padding-right: 5px\">\n            \n\n<div class=\"kksr-icon\" style=\"width: 24px; height: 24px;\"><\/div>\n        <\/div>\n    <\/div>\n<\/div>\n                \n\n<div class=\"kksr-legend\" style=\"font-size: 19.2px;\">\n            <span class=\"kksr-muted\">Rate this post<\/span>\n    <\/div>\n    <\/div>\n","protected":false},"excerpt":{"rendered":"<p class=\"p1\" style=\"margin: 0px; font-variant-numeric: normal; font-variant-east-asian: normal; font-variant-alternates: normal; font-kerning: auto; font-optical-sizing: auto; font-feature-settings: normal; font-variation-settings: normal; font-variant-position: normal; font-stretch: normal; font-size: 12px; line-height: normal; font-family: 'Helvetica Neue'; color: #000000;\">Ceremonia komunii to wyj\u0105tkowy moment w \u017cyciu dziecka i jego rodziny. Warto zadba\u0107 nie tylko o odpowiedni str\u00f3j, ale tak\u017ce o perfekcyjn\u0105 fryzur\u0119, kt\u00f3ra podkre\u015bli urok tego wydarzenia. W 2024 roku \u015bwiat mody fryzjerskiej obfituje w inspiruj\u0105ce propozycje, kt\u00f3re idealnie wpisuj\u0105 si\u0119 w atmosfer\u0119 tego dnia.<\/p>\n","protected":false},"author":3,"featured_media":8459,"comment_status":"open","ping_status":"open","sticky":false,"template":"","format":"standard","meta":[],"categories":[5],"tags":[],"yoast_head":"<!-- This site is optimized with the Yoast SEO plugin v18.4.1 - https:\/\/yoast.com\/wordpress\/plugins\/seo\/ -->\n<title>Najmodniejsze fryzury na ceremoni\u0119 komunii. Jakie s\u0105 trendy w 2024 r.? -<\/title>\n<meta name=\"description\" content=\"Ceremonia komunii to wyj\u0105tkowy moment w \u017cyciu dziecka i jego rodziny. Warto zadba\u0107 nie tylko o odpowiedni str\u00f3j, ale tak\u017ce o perfekcyjn\u0105 fryzur\u0119, kt\u00f3ra podkre\u015bli urok tego wydarzenia.\" \/>\n<meta name=\"robots\" content=\"index, follow, max-snippet:-1, max-image-preview:large, max-video-preview:-1\" \/>\n<link rel=\"canonical\" href=\"https:\/\/pakuten.pl\/blog\/najmodniejsze-fryzury-na-ceremonie-komunii\/\" \/>\n<meta property=\"og:locale\" content=\"pl_PL\" \/>\n<meta property=\"og:type\" content=\"article\" \/>\n<meta property=\"og:title\" content=\"Najmodniejsze fryzury na ceremoni\u0119 komunii. Jakie s\u0105 trendy w 2024 r.? -\" \/>\n<meta property=\"og:description\" content=\"Ceremonia komunii to wyj\u0105tkowy moment w \u017cyciu dziecka i jego rodziny. Warto zadba\u0107 nie tylko o odpowiedni str\u00f3j, ale tak\u017ce o perfekcyjn\u0105 fryzur\u0119, kt\u00f3ra podkre\u015bli urok tego wydarzenia.\" \/>\n<meta property=\"og:url\" content=\"https:\/\/pakuten.pl\/blog\/najmodniejsze-fryzury-na-ceremonie-komunii\/\" \/>\n<meta property=\"og:site_name\" content=\"Pakuten blog\" \/>\n<meta property=\"article:published_time\" content=\"2024-04-12T10:37:00+00:00\" \/>\n<meta property=\"article:modified_time\" content=\"2024-04-04T11:11:45+00:00\" \/>\n<meta property=\"og:image\" content=\"https:\/\/pakuten.pl\/blog\/wp-content\/uploads\/2024\/04\/Najmodniejsze-fryzury-na-ceremonie\u0328-komunii.-Jakie-sa\u0328-trendy-w-2024-r.png\" \/>\n\t<meta property=\"og:image:width\" content=\"1280\" \/>\n\t<meta property=\"og:image:height\" content=\"853\" \/>\n\t<meta property=\"og:image:type\" content=\"image\/png\" \/>\n<meta name=\"twitter:card\" content=\"summary_large_image\" \/>\n<meta name=\"twitter:label1\" content=\"Napisane przez\" \/>\n\t<meta name=\"twitter:data1\" content=\"Pakuten Girl\" \/>\n\t<meta name=\"twitter:label2\" content=\"Szacowany czas czytania\" \/>\n\t<meta name=\"twitter:data2\" content=\"5 minut\" \/>\n<script type=\"application\/ld+json\" class=\"yoast-schema-graph\">{\"@context\":\"https:\/\/schema.org\",\"@graph\":[{\"@type\":\"Organization\",\"@id\":\"https:\/\/pakuten.pl\/blog\/#organization\",\"name\":\"Pakuten\",\"url\":\"https:\/\/pakuten.pl\/blog\/\",\"sameAs\":[],\"logo\":{\"@type\":\"ImageObject\",\"@id\":\"https:\/\/pakuten.pl\/blog\/#logo\",\"inLanguage\":\"pl-PL\",\"url\":\"http:\/\/pakuten.pl\/blog\/wp-content\/uploads\/2018\/01\/pakuten_logo.png\",\"contentUrl\":\"http:\/\/pakuten.pl\/blog\/wp-content\/uploads\/2018\/01\/pakuten_logo.png\",\"width\":300,\"height\":120,\"caption\":\"Pakuten\"},\"image\":{\"@id\":\"https:\/\/pakuten.pl\/blog\/#logo\"}},{\"@type\":\"WebSite\",\"@id\":\"https:\/\/pakuten.pl\/blog\/#website\",\"url\":\"https:\/\/pakuten.pl\/blog\/\",\"name\":\"Pakuten blog\",\"description\":\"Blog sklepu internetowego pakuten.pl\",\"publisher\":{\"@id\":\"https:\/\/pakuten.pl\/blog\/#organization\"},\"potentialAction\":[{\"@type\":\"SearchAction\",\"target\":{\"@type\":\"EntryPoint\",\"urlTemplate\":\"https:\/\/pakuten.pl\/blog\/?s={search_term_string}\"},\"query-input\":\"required name=search_term_string\"}],\"inLanguage\":\"pl-PL\"},{\"@type\":\"ImageObject\",\"@id\":\"https:\/\/pakuten.pl\/blog\/najmodniejsze-fryzury-na-ceremonie-komunii\/#primaryimage\",\"inLanguage\":\"pl-PL\",\"url\":\"https:\/\/pakuten.pl\/blog\/wp-content\/uploads\/2024\/04\/Najmodniejsze-fryzury-na-ceremonie\u0328-komunii.-Jakie-sa\u0328-trendy-w-2024-r.png\",\"contentUrl\":\"https:\/\/pakuten.pl\/blog\/wp-content\/uploads\/2024\/04\/Najmodniejsze-fryzury-na-ceremonie\u0328-komunii.-Jakie-sa\u0328-trendy-w-2024-r.png\",\"width\":1280,\"height\":853,\"caption\":\"upi\u0119cie, kok\"},{\"@type\":\"WebPage\",\"@id\":\"https:\/\/pakuten.pl\/blog\/najmodniejsze-fryzury-na-ceremonie-komunii\/#webpage\",\"url\":\"https:\/\/pakuten.pl\/blog\/najmodniejsze-fryzury-na-ceremonie-komunii\/\",\"name\":\"Najmodniejsze fryzury na ceremoni\u0119 komunii. Jakie s\u0105 trendy w 2024 r.? -\",\"isPartOf\":{\"@id\":\"https:\/\/pakuten.pl\/blog\/#website\"},\"primaryImageOfPage\":{\"@id\":\"https:\/\/pakuten.pl\/blog\/najmodniejsze-fryzury-na-ceremonie-komunii\/#primaryimage\"},\"datePublished\":\"2024-04-12T10:37:00+00:00\",\"dateModified\":\"2024-04-04T11:11:45+00:00\",\"description\":\"Ceremonia komunii to wyj\u0105tkowy moment w \u017cyciu dziecka i jego rodziny. Warto zadba\u0107 nie tylko o odpowiedni str\u00f3j, ale tak\u017ce o perfekcyjn\u0105 fryzur\u0119, kt\u00f3ra podkre\u015bli urok tego wydarzenia.\",\"breadcrumb\":{\"@id\":\"https:\/\/pakuten.pl\/blog\/najmodniejsze-fryzury-na-ceremonie-komunii\/#breadcrumb\"},\"inLanguage\":\"pl-PL\",\"potentialAction\":[{\"@type\":\"ReadAction\",\"target\":[\"https:\/\/pakuten.pl\/blog\/najmodniejsze-fryzury-na-ceremonie-komunii\/\"]}]},{\"@type\":\"BreadcrumbList\",\"@id\":\"https:\/\/pakuten.pl\/blog\/najmodniejsze-fryzury-na-ceremonie-komunii\/#breadcrumb\",\"itemListElement\":[{\"@type\":\"ListItem\",\"position\":1,\"name\":\"Strona g\u0142\u00f3wna\",\"item\":\"https:\/\/pakuten.pl\/blog\/\"},{\"@type\":\"ListItem\",\"position\":2,\"name\":\"Najmodniejsze fryzury na ceremoni\u0119 komunii. Jakie s\u0105 trendy w 2024 r.?\"}]},{\"@type\":\"Article\",\"@id\":\"https:\/\/pakuten.pl\/blog\/najmodniejsze-fryzury-na-ceremonie-komunii\/#article\",\"isPartOf\":{\"@id\":\"https:\/\/pakuten.pl\/blog\/najmodniejsze-fryzury-na-ceremonie-komunii\/#webpage\"},\"author\":{\"@id\":\"https:\/\/pakuten.pl\/blog\/#\/schema\/person\/d7133af30211381a4e4536d088384556\"},\"headline\":\"Najmodniejsze fryzury na ceremoni\u0119 komunii. Jakie s\u0105 trendy w 2024 r.?\",\"datePublished\":\"2024-04-12T10:37:00+00:00\",\"dateModified\":\"2024-04-04T11:11:45+00:00\",\"mainEntityOfPage\":{\"@id\":\"https:\/\/pakuten.pl\/blog\/najmodniejsze-fryzury-na-ceremonie-komunii\/#webpage\"},\"wordCount\":757,\"commentCount\":0,\"publisher\":{\"@id\":\"https:\/\/pakuten.pl\/blog\/#organization\"},\"image\":{\"@id\":\"https:\/\/pakuten.pl\/blog\/najmodniejsze-fryzury-na-ceremonie-komunii\/#primaryimage\"},\"thumbnailUrl\":\"https:\/\/pakuten.pl\/blog\/wp-content\/uploads\/2024\/04\/Najmodniejsze-fryzury-na-ceremonie\u0328-komunii.-Jakie-sa\u0328-trendy-w-2024-r.png\",\"articleSection\":[\"Inspirations\"],\"inLanguage\":\"pl-PL\",\"potentialAction\":[{\"@type\":\"CommentAction\",\"name\":\"Comment\",\"target\":[\"https:\/\/pakuten.pl\/blog\/najmodniejsze-fryzury-na-ceremonie-komunii\/#respond\"]}]},{\"@type\":\"Person\",\"@id\":\"https:\/\/pakuten.pl\/blog\/#\/schema\/person\/d7133af30211381a4e4536d088384556\",\"name\":\"Pakuten Girl\",\"image\":{\"@type\":\"ImageObject\",\"@id\":\"https:\/\/pakuten.pl\/blog\/#personlogo\",\"inLanguage\":\"pl-PL\",\"url\":\"https:\/\/secure.gravatar.com\/avatar\/d3df41de2caf92e6cfded9430c2ff352?s=96&d=mm&r=g\",\"contentUrl\":\"https:\/\/secure.gravatar.com\/avatar\/d3df41de2caf92e6cfded9430c2ff352?s=96&d=mm&r=g\",\"caption\":\"Pakuten Girl\"},\"description\":\"Cze\u015b\u0107, nazywam si\u0119 Ola. Kocham Netflixa, sals\u0119, nowo\u015bci kosmetyczne i najnowsze trendy w modzie.\",\"url\":\"https:\/\/pakuten.pl\/blog\/author\/pakuten-girl\/\"}]}<\/script>\n<!-- \/ Yoast SEO plugin. -->","yoast_head_json":{"title":"Najmodniejsze fryzury na ceremoni\u0119 komunii. Jakie s\u0105 trendy w 2024 r.? -","description":"Ceremonia komunii to wyj\u0105tkowy moment w \u017cyciu dziecka i jego rodziny. Warto zadba\u0107 nie tylko o odpowiedni str\u00f3j, ale tak\u017ce o perfekcyjn\u0105 fryzur\u0119, kt\u00f3ra podkre\u015bli urok tego wydarzenia.","robots":{"index":"index","follow":"follow","max-snippet":"max-snippet:-1","max-image-preview":"max-image-preview:large","max-video-preview":"max-video-preview:-1"},"canonical":"https:\/\/pakuten.pl\/blog\/najmodniejsze-fryzury-na-ceremonie-komunii\/","og_locale":"pl_PL","og_type":"article","og_title":"Najmodniejsze fryzury na ceremoni\u0119 komunii. Jakie s\u0105 trendy w 2024 r.? -","og_description":"Ceremonia komunii to wyj\u0105tkowy moment w \u017cyciu dziecka i jego rodziny. Warto zadba\u0107 nie tylko o odpowiedni str\u00f3j, ale tak\u017ce o perfekcyjn\u0105 fryzur\u0119, kt\u00f3ra podkre\u015bli urok tego wydarzenia.","og_url":"https:\/\/pakuten.pl\/blog\/najmodniejsze-fryzury-na-ceremonie-komunii\/","og_site_name":"Pakuten blog","article_published_time":"2024-04-12T10:37:00+00:00","article_modified_time":"2024-04-04T11:11:45+00:00","og_image":[{"width":1280,"height":853,"url":"https:\/\/pakuten.pl\/blog\/wp-content\/uploads\/2024\/04\/Najmodniejsze-fryzury-na-ceremonie\u0328-komunii.-Jakie-sa\u0328-trendy-w-2024-r.png","type":"image\/png"}],"twitter_card":"summary_large_image","twitter_misc":{"Napisane przez":"Pakuten Girl","Szacowany czas czytania":"5 minut"},"schema":{"@context":"https:\/\/schema.org","@graph":[{"@type":"Organization","@id":"https:\/\/pakuten.pl\/blog\/#organization","name":"Pakuten","url":"https:\/\/pakuten.pl\/blog\/","sameAs":[],"logo":{"@type":"ImageObject","@id":"https:\/\/pakuten.pl\/blog\/#logo","inLanguage":"pl-PL","url":"http:\/\/pakuten.pl\/blog\/wp-content\/uploads\/2018\/01\/pakuten_logo.png","contentUrl":"http:\/\/pakuten.pl\/blog\/wp-content\/uploads\/2018\/01\/pakuten_logo.png","width":300,"height":120,"caption":"Pakuten"},"image":{"@id":"https:\/\/pakuten.pl\/blog\/#logo"}},{"@type":"WebSite","@id":"https:\/\/pakuten.pl\/blog\/#website","url":"https:\/\/pakuten.pl\/blog\/","name":"Pakuten blog","description":"Blog sklepu internetowego pakuten.pl","publisher":{"@id":"https:\/\/pakuten.pl\/blog\/#organization"},"potentialAction":[{"@type":"SearchAction","target":{"@type":"EntryPoint","urlTemplate":"https:\/\/pakuten.pl\/blog\/?s={search_term_string}"},"query-input":"required name=search_term_string"}],"inLanguage":"pl-PL"},{"@type":"ImageObject","@id":"https:\/\/pakuten.pl\/blog\/najmodniejsze-fryzury-na-ceremonie-komunii\/#primaryimage","inLanguage":"pl-PL","url":"https:\/\/pakuten.pl\/blog\/wp-content\/uploads\/2024\/04\/Najmodniejsze-fryzury-na-ceremonie\u0328-komunii.-Jakie-sa\u0328-trendy-w-2024-r.png","contentUrl":"https:\/\/pakuten.pl\/blog\/wp-content\/uploads\/2024\/04\/Najmodniejsze-fryzury-na-ceremonie\u0328-komunii.-Jakie-sa\u0328-trendy-w-2024-r.png","width":1280,"height":853,"caption":"upi\u0119cie, kok"},{"@type":"WebPage","@id":"https:\/\/pakuten.pl\/blog\/najmodniejsze-fryzury-na-ceremonie-komunii\/#webpage","url":"https:\/\/pakuten.pl\/blog\/najmodniejsze-fryzury-na-ceremonie-komunii\/","name":"Najmodniejsze fryzury na ceremoni\u0119 komunii. Jakie s\u0105 trendy w 2024 r.? -","isPartOf":{"@id":"https:\/\/pakuten.pl\/blog\/#website"},"primaryImageOfPage":{"@id":"https:\/\/pakuten.pl\/blog\/najmodniejsze-fryzury-na-ceremonie-komunii\/#primaryimage"},"datePublished":"2024-04-12T10:37:00+00:00","dateModified":"2024-04-04T11:11:45+00:00","description":"Ceremonia komunii to wyj\u0105tkowy moment w \u017cyciu dziecka i jego rodziny. Warto zadba\u0107 nie tylko o odpowiedni str\u00f3j, ale tak\u017ce o perfekcyjn\u0105 fryzur\u0119, kt\u00f3ra podkre\u015bli urok tego wydarzenia.","breadcrumb":{"@id":"https:\/\/pakuten.pl\/blog\/najmodniejsze-fryzury-na-ceremonie-komunii\/#breadcrumb"},"inLanguage":"pl-PL","potentialAction":[{"@type":"ReadAction","target":["https:\/\/pakuten.pl\/blog\/najmodniejsze-fryzury-na-ceremonie-komunii\/"]}]},{"@type":"BreadcrumbList","@id":"https:\/\/pakuten.pl\/blog\/najmodniejsze-fryzury-na-ceremonie-komunii\/#breadcrumb","itemListElement":[{"@type":"ListItem","position":1,"name":"Strona g\u0142\u00f3wna","item":"https:\/\/pakuten.pl\/blog\/"},{"@type":"ListItem","position":2,"name":"Najmodniejsze fryzury na ceremoni\u0119 komunii. Jakie s\u0105 trendy w 2024 r.?"}]},{"@type":"Article","@id":"https:\/\/pakuten.pl\/blog\/najmodniejsze-fryzury-na-ceremonie-komunii\/#article","isPartOf":{"@id":"https:\/\/pakuten.pl\/blog\/najmodniejsze-fryzury-na-ceremonie-komunii\/#webpage"},"author":{"@id":"https:\/\/pakuten.pl\/blog\/#\/schema\/person\/d7133af30211381a4e4536d088384556"},"headline":"Najmodniejsze fryzury na ceremoni\u0119 komunii. Jakie s\u0105 trendy w 2024 r.?","datePublished":"2024-04-12T10:37:00+00:00","dateModified":"2024-04-04T11:11:45+00:00","mainEntityOfPage":{"@id":"https:\/\/pakuten.pl\/blog\/najmodniejsze-fryzury-na-ceremonie-komunii\/#webpage"},"wordCount":757,"commentCount":0,"publisher":{"@id":"https:\/\/pakuten.pl\/blog\/#organization"},"image":{"@id":"https:\/\/pakuten.pl\/blog\/najmodniejsze-fryzury-na-ceremonie-komunii\/#primaryimage"},"thumbnailUrl":"https:\/\/pakuten.pl\/blog\/wp-content\/uploads\/2024\/04\/Najmodniejsze-fryzury-na-ceremonie\u0328-komunii.-Jakie-sa\u0328-trendy-w-2024-r.png","articleSection":["Inspirations"],"inLanguage":"pl-PL","potentialAction":[{"@type":"CommentAction","name":"Comment","target":["https:\/\/pakuten.pl\/blog\/najmodniejsze-fryzury-na-ceremonie-komunii\/#respond"]}]},{"@type":"Person","@id":"https:\/\/pakuten.pl\/blog\/#\/schema\/person\/d7133af30211381a4e4536d088384556","name":"Pakuten Girl","image":{"@type":"ImageObject","@id":"https:\/\/pakuten.pl\/blog\/#personlogo","inLanguage":"pl-PL","url":"https:\/\/secure.gravatar.com\/avatar\/d3df41de2caf92e6cfded9430c2ff352?s=96&d=mm&r=g","contentUrl":"https:\/\/secure.gravatar.com\/avatar\/d3df41de2caf92e6cfded9430c2ff352?s=96&d=mm&r=g","caption":"Pakuten Girl"},"description":"Cze\u015b\u0107, nazywam si\u0119 Ola. Kocham Netflixa, sals\u0119, nowo\u015bci kosmetyczne i najnowsze trendy w modzie.","url":"https:\/\/pakuten.pl\/blog\/author\/pakuten-girl\/"}]}},"_links":{"self":[{"href":"https:\/\/pakuten.pl\/blog\/wp-json\/wp\/v2\/posts\/8444"}],"collection":[{"href":"https:\/\/pakuten.pl\/blog\/wp-json\/wp\/v2\/posts"}],"about":[{"href":"https:\/\/pakuten.pl\/blog\/wp-json\/wp\/v2\/types\/post"}],"author":[{"embeddable":true,"href":"https:\/\/pakuten.pl\/blog\/wp-json\/wp\/v2\/users\/3"}],"replies":[{"embeddable":true,"href":"https:\/\/pakuten.pl\/blog\/wp-json\/wp\/v2\/comments?post=8444"}],"version-history":[{"count":5,"href":"https:\/\/pakuten.pl\/blog\/wp-json\/wp\/v2\/posts\/8444\/revisions"}],"predecessor-version":[{"id":8460,"href":"https:\/\/pakuten.pl\/blog\/wp-json\/wp\/v2\/posts\/8444\/revisions\/8460"}],"wp:featuredmedia":[{"embeddable":true,"href":"https:\/\/pakuten.pl\/blog\/wp-json\/wp\/v2\/media\/8459"}],"wp:attachment":[{"href":"https:\/\/pakuten.pl\/blog\/wp-json\/wp\/v2\/media?parent=8444"}],"wp:term":[{"taxonomy":"category","embeddable":true,"href":"https:\/\/pakuten.pl\/blog\/wp-json\/wp\/v2\/categories?post=8444"},{"taxonomy":"post_tag","embeddable":true,"href":"https:\/\/pakuten.pl\/blog\/wp-json\/wp\/v2\/tags?post=8444"}],"curies":[{"name":"wp","href":"https:\/\/api.w.org\/{rel}","templated":true}]}}