{"id":8483,"date":"2024-04-22T11:54:00","date_gmt":"2024-04-22T09:54:00","guid":{"rendered":"https:\/\/pakuten.pl\/blog\/?p=8483"},"modified":"2024-04-18T11:56:19","modified_gmt":"2024-04-18T09:56:19","slug":"jak-pakowac-walizke-na-wakacje","status":"publish","type":"post","link":"https:\/\/pakuten.pl\/blog\/jak-pakowac-walizke-na-wakacje\/","title":{"rendered":"Jak pakowa\u0107 walizk\u0119 na wakacje? Modne i funkcjonalne stylizacje \u2013 Niezb\u0119dne porady"},"content":{"rendered":"\n<p><strong>Planowanie wakacji mo\u017ce by\u0107 r\u00f3wnie ekscytuj\u0105ce, co stresuj\u0105ce, zw\u0142aszcza gdy dochodzi do pakowania. Ka\u017cdy chce wygl\u0105da\u0107 modnie, nie trac\u0105c przy tym na funkcjonalno\u015bci. Dlatego przygotowali\u015bmy dla Was kompleksowy przewodnik, jak pakowa\u0107 walizk\u0119 na wakacje, by ka\u017cda stylizacja by\u0142a przemy\u015blana i praktyczna. Oto nasze sprawdzone sposoby na to, jak pakowa\u0107 walizk\u0119 na wakacje, kt\u00f3re pomog\u0105 Wam cieszy\u0107 si\u0119 ka\u017cd\u0105 chwil\u0105 urlopu bez zb\u0119dnego baga\u017cu.<\/strong><\/p>\n<h2 class=\"p1\"><span style=\"color: #ff9900;\">Zacznij od listy<\/span><\/h2>\n<p class=\"p1\">Pierwszym krokiem, jak pakowa\u0107 walizk\u0119 na wakacje, jest stworzenie listy wszystkiego, co musisz zabra\u0107. Dzi\u0119ki temu unikniesz sytuacji, w kt\u00f3rej zapomnisz o czym\u015b wa\u017cnym. Podziel swoj\u0105 list\u0119 na kategorie: ubrania, akcesoria, kosmetyki, elektronika, dokumenty.<\/p>\n<h2 class=\"p1\"><span style=\"color: #ff9900;\">Wybierz wszechstronne ubrania<\/span><\/h2>\n<p class=\"p1\">Klucz do efektywnego pakowania to wyb\u00f3r ubra\u0144, kt\u00f3re mo\u017cesz \u0142atwo zestawi\u0107 w r\u00f3\u017cne stylizacje. Na przyk\u0142ad, bia\u0142a koszula to uniwersalny element, kt\u00f3ry \u015bwietnie sprawdzi si\u0119 zar\u00f3wno na pla\u017cy, jak i podczas eleganckiej kolacji. Dodaj kilka par lekkich <span style=\"color: #ff9900;\"><a style=\"color: #ff9900;\" href=\"https:\/\/pakuten.pl\/25-spodnie\" target=\"_blank\" rel=\"noopener\">spodni<\/a><\/span> i sp\u00f3dnic, kt\u00f3re pasuj\u0105 do wielu g\u00f3r. Jak pakowa\u0107 walizk\u0119 na wakacje to tak\u017ce umiej\u0119tno\u015b\u0107 balansowania mi\u0119dzy stylem a komfortem.<\/p>\n<div class=\"product-box-container\">\r\n<div class=\"one_third \" style=\"\">\r\n<div class=\"product-box\">\r\n<a href=\"https:\/\/pakuten.pl\/33023-73352-bezowy-komplet-muslinowy-bluzka-spodnica-chaine-bezowy.html\" target=\"_blank\">\r\n <img src=\"https:\/\/media.pakuten.pl\/199186-large_default\/bezowy-komplet-muslinowy-bluzka-spodnica-chaine.jpg\" alt=\"Be\u017cowy komplet mu\u015blinowy bluzka + sp\u00f3dnica Chaine\"\/>\r\n<\/a>\r\n<p>\r\n<a href=\"https:\/\/pakuten.pl\/33023-73352-bezowy-komplet-muslinowy-bluzka-spodnica-chaine-bezowy.html\" target=\"_blank\">\r\nBe\u017cowy komplet mu\u015blinowy bluzka + sp\u00f3dnica Chaine\r\n<\/a><\/p>\r\n  <p>Cena: 151,19\u00a0z\u0142<\/p>\r\n<a href=\"https:\/\/pakuten.pl\/33023-73352-bezowy-komplet-muslinowy-bluzka-spodnica-chaine-bezowy.html\" target=\"_blank\" class=\"button\">\r\nZobacz w sklepie\r\n<\/a>\r\n<\/div>\r\n<\/div>\r\n<div class=\"one_third \" style=\"\">\r\n<div class=\"product-box\">\r\n<a href=\"https:\/\/pakuten.pl\/31699-71289-biala-sukienka-midi-z-wiazaniem-w-talii-terkella-bialy.html\" target=\"_blank\">\r\n  <img src=\"https:\/\/media.pakuten.pl\/192856-large_default\/biala-sukienka-midi-z-wiazaniem-w-talii-terkella.jpg\" alt=\"Bia\u0142a sukienka midi z wi\u0105zaniem w talii Terkella\"\/>\r\n<\/a>\r\n<p>\r\n<a href=\"https:\/\/pakuten.pl\/31699-71289-biala-sukienka-midi-z-wiazaniem-w-talii-terkella-bialy.html\" target=\"_blank\">\r\nBia\u0142a sukienka midi z wi\u0105zaniem w talii Terkella\r\n<\/a><\/p>\r\n  <p>Cena: 113,39\u00a0z\u0142<\/p>\r\n<a href=\"https:\/\/pakuten.pl\/31699-71289-biala-sukienka-midi-z-wiazaniem-w-talii-terkella-bialy.html\" target=\"_blank\" class=\"button\">\r\nZobacz w sklepie\r\n<\/a>\r\n<\/div>\r\n<\/div>\r\n<div class=\"one_third last \" style=\"\">\r\n<div class=\"product-box\">\r\n<a href=\"https:\/\/pakuten.pl\/32650-72782-bezowa-prazkowana-spodniczka-z-rozporkiem-liwiaa-bezowy.html\" target=\"_blank\">\r\n  <img src=\"https:\/\/media.pakuten.pl\/230022-large_default\/bezowa-prazkowana-spodniczka-z-rozporkiem-liwiaa.jpg\" alt=\"Be\u017cowa pr\u0105\u017ckowana sp\u00f3dniczka z rozporkiem Liwiaa\"\/>\r\n<\/a>\r\n<p>\r\n<a href=\"https:\/\/pakuten.pl\/32650-72782-bezowa-prazkowana-spodniczka-z-rozporkiem-liwiaa-bezowy.html\" target=\"_blank\">\r\nBe\u017cowa pr\u0105\u017ckowana sp\u00f3dniczka z rozporkiem Liwiaa\r\n<\/a><\/p>\r\n  <p>Cena: 132,97\u00a0z\u0142<\/p>\r\n<a href=\"https:\/\/pakuten.pl\/32650-72782-bezowa-prazkowana-spodniczka-z-rozporkiem-liwiaa-bezowy.html\" target=\"_blank\" class=\"button\">\r\nZobacz w sklepie\r\n<\/a>\r\n<\/div>\r\n<\/div><br class=\"clear\"\/>\r\n<\/div>\n<h2 class=\"p1\"><span style=\"color: #ff9900;\">Stylizacje na dzie\u0144<\/span><\/h2>\n<p class=\"p1\">Pomy\u015bl o wygodnych, ale stylowych, idealnych na zwiedzanie czy pla\u017cowanie. <span style=\"color: #ff9900;\"><a style=\"color: #ff9900;\" href=\"https:\/\/pakuten.pl\/68-dlugie-sukienki\" target=\"_blank\" rel=\"noopener\">Sukienki maxi<\/a><\/span>, lu\u017ane szorty i przewiewne bluzki to must-have w ka\u017cdej wakacyjnej walizce. Dla m\u0119\u017cczyzn polecamy lekkie, lniane koszule i bermudy. Nie zapomnij o wygodnym obuwiu, takim jak sanda\u0142y lub espadryle, kt\u00f3re dodadz\u0105 ka\u017cdej stylizacji wakacyjnego charakteru.<\/p>\n<div class=\"product-box-container\">\r\n<div class=\"one_third \" style=\"\">\r\n<div class=\"product-box\">\r\n<a href=\"https:\/\/pakuten.pl\/32067-71831-bezowy-muslinowy-komplet-z-wiazaniem-top-i-spodnica-teriizo-bezowy.html\" target=\"_blank\">\r\n <img src=\"https:\/\/media.pakuten.pl\/194477-large_default\/bezowy-muslinowy-komplet-z-wiazaniem-top-i-spodnica-teriizo.jpg\" alt=\"Be\u017cowy mu\u015blinowy komplet z wi\u0105zaniem top i sp\u00f3dnica Teriizo\"\/>\r\n<\/a>\r\n<p>\r\n<a href=\"https:\/\/pakuten.pl\/32067-71831-bezowy-muslinowy-komplet-z-wiazaniem-top-i-spodnica-teriizo-bezowy.html\" target=\"_blank\">\r\nBe\u017cowy mu\u015blinowy komplet z wi\u0105zaniem top i sp\u00f3dnica Teriizo\r\n<\/a><\/p>\r\n  <p>Cena: 109,89\u00a0z\u0142<\/p>\r\n<a href=\"https:\/\/pakuten.pl\/32067-71831-bezowy-muslinowy-komplet-z-wiazaniem-top-i-spodnica-teriizo-bezowy.html\" target=\"_blank\" class=\"button\">\r\nZobacz w sklepie\r\n<\/a>\r\n<\/div>\r\n<\/div>\r\n<div class=\"one_third \" style=\"\">\r\n<div class=\"product-box\">\r\n<a href=\"https:\/\/pakuten.pl\/33034-73363-bezowy-komplet-bluzka-na-ramiaczkach-i-szerokie-spodnie-isuale-bezowy.html\" target=\"_blank\">\r\n  <img src=\"https:\/\/media.pakuten.pl\/199246-large_default\/bezowy-komplet-bluzka-na-ramiaczkach-i-szerokie-spodnie-isuale.jpg\" alt=\"Be\u017cowy komplet bluzka na rami\u0105czkach i szerokie spodnie Isuale\"\/>\r\n<\/a>\r\n<p>\r\n<a href=\"https:\/\/pakuten.pl\/33034-73363-bezowy-komplet-bluzka-na-ramiaczkach-i-szerokie-spodnie-isuale-bezowy.html\" target=\"_blank\">\r\nBe\u017cowy komplet bluzka na rami\u0105czkach i szerokie spodnie Isuale\r\n<\/a><\/p>\r\n  <p>Cena: 129,49\u00a0z\u0142<\/p>\r\n<a href=\"https:\/\/pakuten.pl\/33034-73363-bezowy-komplet-bluzka-na-ramiaczkach-i-szerokie-spodnie-isuale-bezowy.html\" target=\"_blank\" class=\"button\">\r\nZobacz w sklepie\r\n<\/a>\r\n<\/div>\r\n<\/div>\r\n<div class=\"one_third last \" style=\"\">\r\n<div class=\"product-box\">\r\n<a href=\"https:\/\/pakuten.pl\/32932-73226-bezowy-muslinowy-komplet-bluzka-spodenki-izenna-bezowy.html\" target=\"_blank\">\r\n  <img src=\"https:\/\/media.pakuten.pl\/198726-large_default\/bezowy-muslinowy-komplet-bluzka-spodenki-izenna.jpg\" alt=\"Be\u017cowy mu\u015blinowy komplet bluzka + spodenki Izenna\"\/>\r\n<\/a>\r\n<p>\r\n<a href=\"https:\/\/pakuten.pl\/32932-73226-bezowy-muslinowy-komplet-bluzka-spodenki-izenna-bezowy.html\" target=\"_blank\">\r\nBe\u017cowy mu\u015blinowy komplet bluzka + spodenki Izenna\r\n<\/a><\/p>\r\n  <p>Cena: 99,99\u00a0z\u0142<\/p>\r\n<a href=\"https:\/\/pakuten.pl\/32932-73226-bezowy-muslinowy-komplet-bluzka-spodenki-izenna-bezowy.html\" target=\"_blank\" class=\"button\">\r\nZobacz w sklepie\r\n<\/a>\r\n<\/div>\r\n<\/div><br class=\"clear\"\/>\r\n<\/div>\n<h2 class=\"p1\"><span style=\"color: #ff9900;\">Stylizacje na wiecz\u00f3r<\/span><\/h2>\n<p class=\"p1\">Jak pakowa\u0107 walizk\u0119 na wakacje, aby by\u0107 przygotowanym na eleganckie wyj\u015bcia? Kluczem s\u0105 dobrze dobrane dodatki. Elegancka sukienka lub stonowany garnitur to podstawa. Dodaj szpilki lub eleganckie mokasyny, a ca\u0142o\u015b\u0107 uzupe\u0142nij modnymi akcesoriami, jak delikatna bi\u017cuteria czy stylowa kopert\u00f3wka.<\/p>\n<div class=\"product-box-container\">\r\n<div class=\"one_third \" style=\"\">\r\n<div class=\"product-box\">\r\n<a href=\"https:\/\/pakuten.pl\/37398-80905-bezowa-blyszczaca-sukienka-na-jedno-ramie-z-rozcieciem-viviana-bezowy.html\" target=\"_blank\">\r\n <img src=\"https:\/\/media.pakuten.pl\/220508-large_default\/bezowa-blyszczaca-sukienka-na-jedno-ramie-z-rozcieciem-viviana.jpg\" alt=\"Be\u017cowa b\u0142yszcz\u0105ca sukienka na jedno rami\u0119 z rozci\u0119ciem Viviana\"\/>\r\n<\/a>\r\n<p>\r\n<a href=\"https:\/\/pakuten.pl\/37398-80905-bezowa-blyszczaca-sukienka-na-jedno-ramie-z-rozcieciem-viviana-bezowy.html\" target=\"_blank\">\r\nBe\u017cowa b\u0142yszcz\u0105ca sukienka na jedno rami\u0119 z rozci\u0119ciem Viviana\r\n<\/a><\/p>\r\n  <p>Cena: 116,19\u00a0z\u0142<\/p>\r\n<a href=\"https:\/\/pakuten.pl\/37398-80905-bezowa-blyszczaca-sukienka-na-jedno-ramie-z-rozcieciem-viviana-bezowy.html\" target=\"_blank\" class=\"button\">\r\nZobacz w sklepie\r\n<\/a>\r\n<\/div>\r\n<\/div>\r\n<div class=\"one_third \" style=\"\">\r\n<div class=\"product-box\">\r\n<a href=\"https:\/\/pakuten.pl\/37444-80969-liliowa-dluga-przekladana-sukienka-kassidy-liliowy.html\" target=\"_blank\">\r\n  <img src=\"https:\/\/media.pakuten.pl\/220713-large_default\/liliowa-dluga-przekladana-sukienka-kassidy.jpg\" alt=\"Liliowa d\u0142uga przek\u0142adana sukienka Kassidy\"\/>\r\n<\/a>\r\n<p>\r\n<a href=\"https:\/\/pakuten.pl\/37444-80969-liliowa-dluga-przekladana-sukienka-kassidy-liliowy.html\" target=\"_blank\">\r\nLiliowa d\u0142uga przek\u0142adana sukienka Kassidy\r\n<\/a><\/p>\r\n  <p>Cena: 111,99\u00a0z\u0142<\/p>\r\n<a href=\"https:\/\/pakuten.pl\/37444-80969-liliowa-dluga-przekladana-sukienka-kassidy-liliowy.html\" target=\"_blank\" class=\"button\">\r\nZobacz w sklepie\r\n<\/a>\r\n<\/div>\r\n<\/div>\r\n<div class=\"one_third last \" style=\"\">\r\n<div class=\"product-box\">\r\n<a href=\"https:\/\/pakuten.pl\/37599-81262-czarna-blyszczaca-sukienka-z-rozporkiem-cennedy-czarny.html\" target=\"_blank\">\r\n  <img src=\"https:\/\/media.pakuten.pl\/228962-large_default\/czarna-blyszczaca-sukienka-z-rozporkiem-cennedy.jpg\" alt=\"Czarna b\u0142yszcz\u0105ca sukienka z rozporkiem Cennedy\"\/>\r\n<\/a>\r\n<p>\r\n<a href=\"https:\/\/pakuten.pl\/37599-81262-czarna-blyszczaca-sukienka-z-rozporkiem-cennedy-czarny.html\" target=\"_blank\">\r\nCzarna b\u0142yszcz\u0105ca sukienka z rozporkiem Cennedy\r\n<\/a><\/p>\r\n  <p>Cena: 39,99\u00a0z\u0142<\/p>\r\n<a href=\"https:\/\/pakuten.pl\/37599-81262-czarna-blyszczaca-sukienka-z-rozporkiem-cennedy-czarny.html\" target=\"_blank\" class=\"button\">\r\nZobacz w sklepie\r\n<\/a>\r\n<\/div>\r\n<\/div><br class=\"clear\"\/>\r\n<\/div>\n<h2 class=\"p1\"><span style=\"color: #ff9900;\">Akcesoria<\/span><\/h2>\n<p class=\"p1\">Akcesoria mog\u0105 ca\u0142kowicie zmieni\u0107 wygl\u0105d Twojej stylizacji i s\u0105 niezast\u0105pione, kiedy my\u015blimy o tym, jak pakowa\u0107 walizk\u0119 na wakacje. Kapelusz chroni\u0105cy przed s\u0142o\u0144cem, stylowe okulary przeciws\u0142oneczne czy kolorowy szal mog\u0105 doda\u0107 charakteru nawet najprostszemu zestawowi.<\/p>\n<p><img loading=\"lazy\" class=\"aligncenter size-full wp-image-8488\" src=\"https:\/\/pakuten.pl\/blog\/wp-content\/uploads\/2024\/04\/akcesorialetnie.jpeg\" alt=\"akcesoria na lato, kapelusz, okulary przeciws\u0142oneczne\" width=\"563\" height=\"704\" data-wp-editing=\"1\" \/><\/p>\n<h2 class=\"p1\"><span style=\"color: #ff9900;\">Warstwy<\/span><\/h2>\n<p class=\"p1\">Niezale\u017cnie od kierunku, warto mie\u0107 co\u015b cieplejszego na ch\u0142odniejsze wieczory czy przesiadki w klimatyzowanych lotniskach. Lekka kurtka, zwiewny kardigan czy elegancki p\u0142aszcz b\u0119d\u0105 idealne.<\/p>\n<h2 class=\"p1\"><span style=\"color: #ff9900;\">Pakowanie przestrzenne<\/span><\/h2>\n<p class=\"p1\">Aby zoptymalizowa\u0107 przestrze\u0144 w walizce i unikn\u0105\u0107 zagniece\u0144, stosuj metody rolowania ubra\u0144 oraz korzystaj z organizer\u00f3w podr\u00f3\u017cnych. Jak pakowa\u0107 walizk\u0119 na wakacje to tak\u017ce sztuka optymalizacji przestrzeni.<\/p>\n<p>\u00a0<\/p>\n<blockquote class=\"instagram-media\" style=\"background: #FFF; border: 0; border-radius: 3px; box-shadow: 0 0 1px 0 rgba(0,0,0,0.5),0 1px 10px 0 rgba(0,0,0,0.15); margin: 1px; max-width: 540px; min-width: 326px; padding: 0; width: calc(100% - 2px);\" data-instgrm-permalink=\"https:\/\/www.instagram.com\/reel\/C4RANmDMKMF\/?utm_source=ig_embed&amp;utm_campaign=loading\" data-instgrm-version=\"14\">\n<div style=\"padding: 16px;\">\n<div style=\"display: flex; flex-direction: row; align-items: center;\">\n<div style=\"background-color: #f4f4f4; border-radius: 50%; flex-grow: 0; height: 40px; margin-right: 14px; width: 40px;\">\u00a0<\/div>\n<div style=\"display: flex; flex-direction: column; flex-grow: 1; justify-content: center;\">\n<div style=\"background-color: #f4f4f4; border-radius: 4px; flex-grow: 0; height: 14px; margin-bottom: 6px; width: 100px;\">\u00a0<\/div>\n<div style=\"background-color: #f4f4f4; border-radius: 4px; flex-grow: 0; height: 14px; width: 60px;\">\u00a0<\/div>\n<\/div>\n<\/div>\n<div style=\"padding: 19% 0;\">\u00a0<\/div>\n<div style=\"display: block; height: 50px; margin: 0 auto 12px; width: 50px;\">\u00a0<\/div>\n<div style=\"padding-top: 8px;\">\n<div style=\"color: #3897f0; font-family: Arial,sans-serif; font-size: 14px; font-style: normal; font-weight: 550; line-height: 18px;\">Wy\u015bwietl ten post na Instagramie<\/div>\n<\/div>\n<div style=\"padding: 12.5% 0;\">\u00a0<\/div>\n<div style=\"display: flex; flex-direction: row; margin-bottom: 14px; align-items: center;\">\n<div>\n<div style=\"background-color: #f4f4f4; border-radius: 50%; height: 12.5px; width: 12.5px; transform: translateX(0px) translateY(7px);\">\u00a0<\/div>\n<div style=\"background-color: #f4f4f4; height: 12.5px; transform: rotate(-45deg) translateX(3px) translateY(1px); width: 12.5px; flex-grow: 0; margin-right: 14px; margin-left: 2px;\">\u00a0<\/div>\n<div style=\"background-color: #f4f4f4; border-radius: 50%; height: 12.5px; width: 12.5px; transform: translateX(9px) translateY(-18px);\">\u00a0<\/div>\n<\/div>\n<div style=\"margin-left: 8px;\">\n<div style=\"background-color: #f4f4f4; border-radius: 50%; flex-grow: 0; height: 20px; width: 20px;\">\u00a0<\/div>\n<div style=\"width: 0; height: 0; border-top: 2px solid transparent; border-left: 6px solid #f4f4f4; border-bottom: 2px solid transparent; transform: translateX(16px) translateY(-4px) rotate(30deg);\">\u00a0<\/div>\n<\/div>\n<div style=\"margin-left: auto;\">\n<div style=\"width: 0px; border-top: 8px solid #F4F4F4; border-right: 8px solid transparent; transform: translateY(16px);\">\u00a0<\/div>\n<div style=\"background-color: #f4f4f4; flex-grow: 0; height: 12px; width: 16px; transform: translateY(-4px);\">\u00a0<\/div>\n<div style=\"width: 0; height: 0; border-top: 8px solid #F4F4F4; border-left: 8px solid transparent; transform: translateY(-4px) translateX(8px);\">\u00a0<\/div>\n<\/div>\n<\/div>\n<div style=\"display: flex; flex-direction: column; flex-grow: 1; justify-content: center; margin-bottom: 24px;\">\n<div style=\"background-color: #f4f4f4; border-radius: 4px; flex-grow: 0; height: 14px; margin-bottom: 6px; width: 224px;\">\u00a0<\/div>\n<div style=\"background-color: #f4f4f4; border-radius: 4px; flex-grow: 0; height: 14px; width: 144px;\">\u00a0<\/div>\n<\/div>\n<p style=\"color: #c9c8cd; font-family: Arial,sans-serif; font-size: 14px; line-height: 17px; margin-bottom: 0; margin-top: 8px; overflow: hidden; padding: 8px 0 7px; text-align: center; text-overflow: ellipsis; white-space: nowrap;\"><a style=\"color: #c9c8cd; font-family: Arial,sans-serif; font-size: 14px; font-style: normal; font-weight: normal; line-height: 17px; text-decoration: none;\" href=\"https:\/\/www.instagram.com\/reel\/C4RANmDMKMF\/?utm_source=ig_embed&amp;utm_campaign=loading\" target=\"_blank\" rel=\"noopener\">Post udost\u0119pniony przez Pakuten.pl \u2022 Modna i tania odzie\u017c damska (@pakuten.official)<\/a><\/p>\n<\/div>\n<\/blockquote>\n<p><script async src=\"\/\/www.instagram.com\/embed.js\"><\/script><\/p>\n<h2 class=\"p1\"><span style=\"color: #ff9900;\">Ostatnie sprawdzenia<\/span><\/h2>\n<p class=\"p1\">Zanim zamkniesz walizk\u0119, przejrzyj wszystko jeszcze raz. Upewnij si\u0119, \u017ce masz wszystko, co znajduje si\u0119 na li\u015bcie i \u017ce Twoja walizka nie jest przeci\u0105\u017cona. Koniecznie sprawd\u017a wag\u0119, je\u015bli planujesz lot samolotem.\u00a0<\/p>\n<p class=\"p1\">Maj\u0105c te porady mo\u017cesz by\u0107 pewien, \u017ce Twoja podr\u00f3\u017c b\u0119dzie pe\u0142na stylowych i funkcjonalnych stylizacji bez zb\u0119dnego stresu zwi\u0105zanego z pakowaniem. Ciesz si\u0119 ka\u017cdym dniem swojego urlopu, wiedz\u0105c, \u017ce masz wszystko, czego potrzebujesz, aby wygl\u0105da\u0107 i czu\u0107 si\u0119 \u015bwietnie!<\/p>\n\n\n<div class=\"kk-star-ratings kksr-auto kksr-align-right kksr-valign-bottom\"\n    data-payload='{&quot;align&quot;:&quot;right&quot;,&quot;id&quot;:&quot;8483&quot;,&quot;slug&quot;:&quot;default&quot;,&quot;valign&quot;:&quot;bottom&quot;,&quot;ignore&quot;:&quot;&quot;,&quot;reference&quot;:&quot;auto&quot;,&quot;class&quot;:&quot;&quot;,&quot;count&quot;:&quot;0&quot;,&quot;legendonly&quot;:&quot;&quot;,&quot;readonly&quot;:&quot;&quot;,&quot;score&quot;:&quot;0&quot;,&quot;starsonly&quot;:&quot;&quot;,&quot;best&quot;:&quot;5&quot;,&quot;gap&quot;:&quot;5&quot;,&quot;greet&quot;:&quot;Rate this post&quot;,&quot;legend&quot;:&quot;0\\\/5 - (0 votes)&quot;,&quot;size&quot;:&quot;24&quot;,&quot;width&quot;:&quot;0&quot;,&quot;_legend&quot;:&quot;{score}\\\/{best} - ({count} {votes})&quot;,&quot;font_factor&quot;:&quot;1.25&quot;}'>\n            \n<div class=\"kksr-stars\">\n    \n<div class=\"kksr-stars-inactive\">\n            <div class=\"kksr-star\" data-star=\"1\" style=\"padding-right: 5px\">\n            \n\n<div class=\"kksr-icon\" style=\"width: 24px; height: 24px;\"><\/div>\n        <\/div>\n            <div class=\"kksr-star\" data-star=\"2\" style=\"padding-right: 5px\">\n            \n\n<div class=\"kksr-icon\" style=\"width: 24px; height: 24px;\"><\/div>\n        <\/div>\n            <div class=\"kksr-star\" data-star=\"3\" style=\"padding-right: 5px\">\n            \n\n<div class=\"kksr-icon\" style=\"width: 24px; height: 24px;\"><\/div>\n        <\/div>\n            <div class=\"kksr-star\" data-star=\"4\" style=\"padding-right: 5px\">\n            \n\n<div class=\"kksr-icon\" style=\"width: 24px; height: 24px;\"><\/div>\n        <\/div>\n            <div class=\"kksr-star\" data-star=\"5\" style=\"padding-right: 5px\">\n            \n\n<div class=\"kksr-icon\" style=\"width: 24px; height: 24px;\"><\/div>\n        <\/div>\n    <\/div>\n    \n<div class=\"kksr-stars-active\" style=\"width: 0px;\">\n            <div class=\"kksr-star\" style=\"padding-right: 5px\">\n            \n\n<div class=\"kksr-icon\" style=\"width: 24px; height: 24px;\"><\/div>\n        <\/div>\n            <div class=\"kksr-star\" style=\"padding-right: 5px\">\n            \n\n<div class=\"kksr-icon\" style=\"width: 24px; height: 24px;\"><\/div>\n        <\/div>\n            <div class=\"kksr-star\" style=\"padding-right: 5px\">\n            \n\n<div class=\"kksr-icon\" style=\"width: 24px; height: 24px;\"><\/div>\n        <\/div>\n            <div class=\"kksr-star\" style=\"padding-right: 5px\">\n            \n\n<div class=\"kksr-icon\" style=\"width: 24px; height: 24px;\"><\/div>\n        <\/div>\n            <div class=\"kksr-star\" style=\"padding-right: 5px\">\n            \n\n<div class=\"kksr-icon\" style=\"width: 24px; height: 24px;\"><\/div>\n        <\/div>\n    <\/div>\n<\/div>\n                \n\n<div class=\"kksr-legend\" style=\"font-size: 19.2px;\">\n            <span class=\"kksr-muted\">Rate this post<\/span>\n    <\/div>\n    <\/div>\n","protected":false},"excerpt":{"rendered":"<p>Planowanie wakacji mo\u017ce by\u0107 r\u00f3wnie ekscytuj\u0105ce, co stresuj\u0105ce, zw\u0142aszcza gdy dochodzi do pakowania. Ka\u017cdy chce wygl\u0105da\u0107 modnie, nie trac\u0105c przy tym na funkcjonalno\u015bci. Dlatego przygotowali\u015bmy dla Was kompleksowy przewodnik, jak pakowa\u0107 walizk\u0119 na wakacje, by ka\u017cda stylizacja by\u0142a przemy\u015blana i praktyczna. Oto nasze sprawdzone sposoby na to, jak pakowa\u0107 walizk\u0119 na wakacje, kt\u00f3re pomog\u0105 Wam cieszy\u0107 si\u0119 ka\u017cd\u0105 chwil\u0105 urlopu bez zb\u0119dnego baga\u017cu.<\/p>\n","protected":false},"author":3,"featured_media":8485,"comment_status":"open","ping_status":"open","sticky":false,"template":"","format":"standard","meta":[],"categories":[5],"tags":[],"yoast_head":"<!-- This site is optimized with the Yoast SEO plugin v18.4.1 - https:\/\/yoast.com\/wordpress\/plugins\/seo\/ -->\n<title>Jak pakowa\u0107 walizk\u0119 na wakacje? Modne i funkcjonalne stylizacje \u2013 Niezb\u0119dne porady - Pakuten blog<\/title>\n<meta name=\"description\" content=\"Przygotowali\u015bmy dla Was kompleksowy przewodnik, jak pakowa\u0107 walizk\u0119 na wakacje, by ka\u017cda stylizacja by\u0142a przemy\u015blana i praktyczna.\" \/>\n<meta name=\"robots\" content=\"index, follow, max-snippet:-1, max-image-preview:large, max-video-preview:-1\" \/>\n<link rel=\"canonical\" href=\"https:\/\/pakuten.pl\/blog\/jak-pakowac-walizke-na-wakacje\/\" \/>\n<meta property=\"og:locale\" content=\"pl_PL\" \/>\n<meta property=\"og:type\" content=\"article\" \/>\n<meta property=\"og:title\" content=\"Jak pakowa\u0107 walizk\u0119 na wakacje? Modne i funkcjonalne stylizacje \u2013 Niezb\u0119dne porady - Pakuten blog\" \/>\n<meta property=\"og:description\" content=\"Przygotowali\u015bmy dla Was kompleksowy przewodnik, jak pakowa\u0107 walizk\u0119 na wakacje, by ka\u017cda stylizacja by\u0142a przemy\u015blana i praktyczna.\" \/>\n<meta property=\"og:url\" content=\"https:\/\/pakuten.pl\/blog\/jak-pakowac-walizke-na-wakacje\/\" \/>\n<meta property=\"og:site_name\" content=\"Pakuten blog\" \/>\n<meta property=\"article:published_time\" content=\"2024-04-22T09:54:00+00:00\" \/>\n<meta property=\"article:modified_time\" content=\"2024-04-18T09:56:19+00:00\" \/>\n<meta property=\"og:image\" content=\"https:\/\/pakuten.pl\/blog\/wp-content\/uploads\/2024\/04\/Jak-Pakowac\u0301-Walizke\u0328-na-Wakacje_-Modne-i-Funkcjonalne-Stylizacje-_Niezbe\u0328dne-Porady.jpg\" \/>\n\t<meta property=\"og:image:width\" content=\"1280\" \/>\n\t<meta property=\"og:image:height\" content=\"853\" \/>\n\t<meta property=\"og:image:type\" content=\"image\/jpeg\" \/>\n<meta name=\"twitter:card\" content=\"summary_large_image\" \/>\n<meta name=\"twitter:label1\" content=\"Napisane przez\" \/>\n\t<meta name=\"twitter:data1\" content=\"Pakuten Girl\" \/>\n\t<meta name=\"twitter:label2\" content=\"Szacowany czas czytania\" \/>\n\t<meta name=\"twitter:data2\" content=\"3 minuty\" \/>\n<script type=\"application\/ld+json\" class=\"yoast-schema-graph\">{\"@context\":\"https:\/\/schema.org\",\"@graph\":[{\"@type\":\"Organization\",\"@id\":\"https:\/\/pakuten.pl\/blog\/#organization\",\"name\":\"Pakuten\",\"url\":\"https:\/\/pakuten.pl\/blog\/\",\"sameAs\":[],\"logo\":{\"@type\":\"ImageObject\",\"@id\":\"https:\/\/pakuten.pl\/blog\/#logo\",\"inLanguage\":\"pl-PL\",\"url\":\"http:\/\/pakuten.pl\/blog\/wp-content\/uploads\/2018\/01\/pakuten_logo.png\",\"contentUrl\":\"http:\/\/pakuten.pl\/blog\/wp-content\/uploads\/2018\/01\/pakuten_logo.png\",\"width\":300,\"height\":120,\"caption\":\"Pakuten\"},\"image\":{\"@id\":\"https:\/\/pakuten.pl\/blog\/#logo\"}},{\"@type\":\"WebSite\",\"@id\":\"https:\/\/pakuten.pl\/blog\/#website\",\"url\":\"https:\/\/pakuten.pl\/blog\/\",\"name\":\"Pakuten blog\",\"description\":\"Blog sklepu internetowego pakuten.pl\",\"publisher\":{\"@id\":\"https:\/\/pakuten.pl\/blog\/#organization\"},\"potentialAction\":[{\"@type\":\"SearchAction\",\"target\":{\"@type\":\"EntryPoint\",\"urlTemplate\":\"https:\/\/pakuten.pl\/blog\/?s={search_term_string}\"},\"query-input\":\"required name=search_term_string\"}],\"inLanguage\":\"pl-PL\"},{\"@type\":\"ImageObject\",\"@id\":\"https:\/\/pakuten.pl\/blog\/jak-pakowac-walizke-na-wakacje\/#primaryimage\",\"inLanguage\":\"pl-PL\",\"url\":\"https:\/\/pakuten.pl\/blog\/wp-content\/uploads\/2024\/04\/Jak-Pakowac\u0301-Walizke\u0328-na-Wakacje_-Modne-i-Funkcjonalne-Stylizacje-_Niezbe\u0328dne-Porady.jpg\",\"contentUrl\":\"https:\/\/pakuten.pl\/blog\/wp-content\/uploads\/2024\/04\/Jak-Pakowac\u0301-Walizke\u0328-na-Wakacje_-Modne-i-Funkcjonalne-Stylizacje-_Niezbe\u0328dne-Porady.jpg\",\"width\":1280,\"height\":853,\"caption\":\"Pakowanie walizki\"},{\"@type\":\"WebPage\",\"@id\":\"https:\/\/pakuten.pl\/blog\/jak-pakowac-walizke-na-wakacje\/#webpage\",\"url\":\"https:\/\/pakuten.pl\/blog\/jak-pakowac-walizke-na-wakacje\/\",\"name\":\"Jak pakowa\u0107 walizk\u0119 na wakacje? Modne i funkcjonalne stylizacje \u2013 Niezb\u0119dne porady - Pakuten blog\",\"isPartOf\":{\"@id\":\"https:\/\/pakuten.pl\/blog\/#website\"},\"primaryImageOfPage\":{\"@id\":\"https:\/\/pakuten.pl\/blog\/jak-pakowac-walizke-na-wakacje\/#primaryimage\"},\"datePublished\":\"2024-04-22T09:54:00+00:00\",\"dateModified\":\"2024-04-18T09:56:19+00:00\",\"description\":\"Przygotowali\u015bmy dla Was kompleksowy przewodnik, jak pakowa\u0107 walizk\u0119 na wakacje, by ka\u017cda stylizacja by\u0142a przemy\u015blana i praktyczna.\",\"breadcrumb\":{\"@id\":\"https:\/\/pakuten.pl\/blog\/jak-pakowac-walizke-na-wakacje\/#breadcrumb\"},\"inLanguage\":\"pl-PL\",\"potentialAction\":[{\"@type\":\"ReadAction\",\"target\":[\"https:\/\/pakuten.pl\/blog\/jak-pakowac-walizke-na-wakacje\/\"]}]},{\"@type\":\"BreadcrumbList\",\"@id\":\"https:\/\/pakuten.pl\/blog\/jak-pakowac-walizke-na-wakacje\/#breadcrumb\",\"itemListElement\":[{\"@type\":\"ListItem\",\"position\":1,\"name\":\"Strona g\u0142\u00f3wna\",\"item\":\"https:\/\/pakuten.pl\/blog\/\"},{\"@type\":\"ListItem\",\"position\":2,\"name\":\"Jak pakowa\u0107 walizk\u0119 na wakacje? Modne i funkcjonalne stylizacje \u2013 Niezb\u0119dne porady\"}]},{\"@type\":\"Article\",\"@id\":\"https:\/\/pakuten.pl\/blog\/jak-pakowac-walizke-na-wakacje\/#article\",\"isPartOf\":{\"@id\":\"https:\/\/pakuten.pl\/blog\/jak-pakowac-walizke-na-wakacje\/#webpage\"},\"author\":{\"@id\":\"https:\/\/pakuten.pl\/blog\/#\/schema\/person\/d7133af30211381a4e4536d088384556\"},\"headline\":\"Jak pakowa\u0107 walizk\u0119 na wakacje? Modne i funkcjonalne stylizacje \u2013 Niezb\u0119dne porady\",\"datePublished\":\"2024-04-22T09:54:00+00:00\",\"dateModified\":\"2024-04-18T09:56:19+00:00\",\"mainEntityOfPage\":{\"@id\":\"https:\/\/pakuten.pl\/blog\/jak-pakowac-walizke-na-wakacje\/#webpage\"},\"wordCount\":555,\"commentCount\":0,\"publisher\":{\"@id\":\"https:\/\/pakuten.pl\/blog\/#organization\"},\"image\":{\"@id\":\"https:\/\/pakuten.pl\/blog\/jak-pakowac-walizke-na-wakacje\/#primaryimage\"},\"thumbnailUrl\":\"https:\/\/pakuten.pl\/blog\/wp-content\/uploads\/2024\/04\/Jak-Pakowac\u0301-Walizke\u0328-na-Wakacje_-Modne-i-Funkcjonalne-Stylizacje-_Niezbe\u0328dne-Porady.jpg\",\"articleSection\":[\"Inspirations\"],\"inLanguage\":\"pl-PL\",\"potentialAction\":[{\"@type\":\"CommentAction\",\"name\":\"Comment\",\"target\":[\"https:\/\/pakuten.pl\/blog\/jak-pakowac-walizke-na-wakacje\/#respond\"]}]},{\"@type\":\"Person\",\"@id\":\"https:\/\/pakuten.pl\/blog\/#\/schema\/person\/d7133af30211381a4e4536d088384556\",\"name\":\"Pakuten Girl\",\"image\":{\"@type\":\"ImageObject\",\"@id\":\"https:\/\/pakuten.pl\/blog\/#personlogo\",\"inLanguage\":\"pl-PL\",\"url\":\"https:\/\/secure.gravatar.com\/avatar\/d3df41de2caf92e6cfded9430c2ff352?s=96&d=mm&r=g\",\"contentUrl\":\"https:\/\/secure.gravatar.com\/avatar\/d3df41de2caf92e6cfded9430c2ff352?s=96&d=mm&r=g\",\"caption\":\"Pakuten Girl\"},\"description\":\"Cze\u015b\u0107, nazywam si\u0119 Ola. Kocham Netflixa, sals\u0119, nowo\u015bci kosmetyczne i najnowsze trendy w modzie.\",\"url\":\"https:\/\/pakuten.pl\/blog\/author\/pakuten-girl\/\"}]}<\/script>\n<!-- \/ Yoast SEO plugin. -->","yoast_head_json":{"title":"Jak pakowa\u0107 walizk\u0119 na wakacje? Modne i funkcjonalne stylizacje \u2013 Niezb\u0119dne porady - Pakuten blog","description":"Przygotowali\u015bmy dla Was kompleksowy przewodnik, jak pakowa\u0107 walizk\u0119 na wakacje, by ka\u017cda stylizacja by\u0142a przemy\u015blana i praktyczna.","robots":{"index":"index","follow":"follow","max-snippet":"max-snippet:-1","max-image-preview":"max-image-preview:large","max-video-preview":"max-video-preview:-1"},"canonical":"https:\/\/pakuten.pl\/blog\/jak-pakowac-walizke-na-wakacje\/","og_locale":"pl_PL","og_type":"article","og_title":"Jak pakowa\u0107 walizk\u0119 na wakacje? Modne i funkcjonalne stylizacje \u2013 Niezb\u0119dne porady - Pakuten blog","og_description":"Przygotowali\u015bmy dla Was kompleksowy przewodnik, jak pakowa\u0107 walizk\u0119 na wakacje, by ka\u017cda stylizacja by\u0142a przemy\u015blana i praktyczna.","og_url":"https:\/\/pakuten.pl\/blog\/jak-pakowac-walizke-na-wakacje\/","og_site_name":"Pakuten blog","article_published_time":"2024-04-22T09:54:00+00:00","article_modified_time":"2024-04-18T09:56:19+00:00","og_image":[{"width":1280,"height":853,"url":"https:\/\/pakuten.pl\/blog\/wp-content\/uploads\/2024\/04\/Jak-Pakowac\u0301-Walizke\u0328-na-Wakacje_-Modne-i-Funkcjonalne-Stylizacje-_Niezbe\u0328dne-Porady.jpg","type":"image\/jpeg"}],"twitter_card":"summary_large_image","twitter_misc":{"Napisane przez":"Pakuten Girl","Szacowany czas czytania":"3 minuty"},"schema":{"@context":"https:\/\/schema.org","@graph":[{"@type":"Organization","@id":"https:\/\/pakuten.pl\/blog\/#organization","name":"Pakuten","url":"https:\/\/pakuten.pl\/blog\/","sameAs":[],"logo":{"@type":"ImageObject","@id":"https:\/\/pakuten.pl\/blog\/#logo","inLanguage":"pl-PL","url":"http:\/\/pakuten.pl\/blog\/wp-content\/uploads\/2018\/01\/pakuten_logo.png","contentUrl":"http:\/\/pakuten.pl\/blog\/wp-content\/uploads\/2018\/01\/pakuten_logo.png","width":300,"height":120,"caption":"Pakuten"},"image":{"@id":"https:\/\/pakuten.pl\/blog\/#logo"}},{"@type":"WebSite","@id":"https:\/\/pakuten.pl\/blog\/#website","url":"https:\/\/pakuten.pl\/blog\/","name":"Pakuten blog","description":"Blog sklepu internetowego pakuten.pl","publisher":{"@id":"https:\/\/pakuten.pl\/blog\/#organization"},"potentialAction":[{"@type":"SearchAction","target":{"@type":"EntryPoint","urlTemplate":"https:\/\/pakuten.pl\/blog\/?s={search_term_string}"},"query-input":"required name=search_term_string"}],"inLanguage":"pl-PL"},{"@type":"ImageObject","@id":"https:\/\/pakuten.pl\/blog\/jak-pakowac-walizke-na-wakacje\/#primaryimage","inLanguage":"pl-PL","url":"https:\/\/pakuten.pl\/blog\/wp-content\/uploads\/2024\/04\/Jak-Pakowac\u0301-Walizke\u0328-na-Wakacje_-Modne-i-Funkcjonalne-Stylizacje-_Niezbe\u0328dne-Porady.jpg","contentUrl":"https:\/\/pakuten.pl\/blog\/wp-content\/uploads\/2024\/04\/Jak-Pakowac\u0301-Walizke\u0328-na-Wakacje_-Modne-i-Funkcjonalne-Stylizacje-_Niezbe\u0328dne-Porady.jpg","width":1280,"height":853,"caption":"Pakowanie walizki"},{"@type":"WebPage","@id":"https:\/\/pakuten.pl\/blog\/jak-pakowac-walizke-na-wakacje\/#webpage","url":"https:\/\/pakuten.pl\/blog\/jak-pakowac-walizke-na-wakacje\/","name":"Jak pakowa\u0107 walizk\u0119 na wakacje? Modne i funkcjonalne stylizacje \u2013 Niezb\u0119dne porady - Pakuten blog","isPartOf":{"@id":"https:\/\/pakuten.pl\/blog\/#website"},"primaryImageOfPage":{"@id":"https:\/\/pakuten.pl\/blog\/jak-pakowac-walizke-na-wakacje\/#primaryimage"},"datePublished":"2024-04-22T09:54:00+00:00","dateModified":"2024-04-18T09:56:19+00:00","description":"Przygotowali\u015bmy dla Was kompleksowy przewodnik, jak pakowa\u0107 walizk\u0119 na wakacje, by ka\u017cda stylizacja by\u0142a przemy\u015blana i praktyczna.","breadcrumb":{"@id":"https:\/\/pakuten.pl\/blog\/jak-pakowac-walizke-na-wakacje\/#breadcrumb"},"inLanguage":"pl-PL","potentialAction":[{"@type":"ReadAction","target":["https:\/\/pakuten.pl\/blog\/jak-pakowac-walizke-na-wakacje\/"]}]},{"@type":"BreadcrumbList","@id":"https:\/\/pakuten.pl\/blog\/jak-pakowac-walizke-na-wakacje\/#breadcrumb","itemListElement":[{"@type":"ListItem","position":1,"name":"Strona g\u0142\u00f3wna","item":"https:\/\/pakuten.pl\/blog\/"},{"@type":"ListItem","position":2,"name":"Jak pakowa\u0107 walizk\u0119 na wakacje? Modne i funkcjonalne stylizacje \u2013 Niezb\u0119dne porady"}]},{"@type":"Article","@id":"https:\/\/pakuten.pl\/blog\/jak-pakowac-walizke-na-wakacje\/#article","isPartOf":{"@id":"https:\/\/pakuten.pl\/blog\/jak-pakowac-walizke-na-wakacje\/#webpage"},"author":{"@id":"https:\/\/pakuten.pl\/blog\/#\/schema\/person\/d7133af30211381a4e4536d088384556"},"headline":"Jak pakowa\u0107 walizk\u0119 na wakacje? Modne i funkcjonalne stylizacje \u2013 Niezb\u0119dne porady","datePublished":"2024-04-22T09:54:00+00:00","dateModified":"2024-04-18T09:56:19+00:00","mainEntityOfPage":{"@id":"https:\/\/pakuten.pl\/blog\/jak-pakowac-walizke-na-wakacje\/#webpage"},"wordCount":555,"commentCount":0,"publisher":{"@id":"https:\/\/pakuten.pl\/blog\/#organization"},"image":{"@id":"https:\/\/pakuten.pl\/blog\/jak-pakowac-walizke-na-wakacje\/#primaryimage"},"thumbnailUrl":"https:\/\/pakuten.pl\/blog\/wp-content\/uploads\/2024\/04\/Jak-Pakowac\u0301-Walizke\u0328-na-Wakacje_-Modne-i-Funkcjonalne-Stylizacje-_Niezbe\u0328dne-Porady.jpg","articleSection":["Inspirations"],"inLanguage":"pl-PL","potentialAction":[{"@type":"CommentAction","name":"Comment","target":["https:\/\/pakuten.pl\/blog\/jak-pakowac-walizke-na-wakacje\/#respond"]}]},{"@type":"Person","@id":"https:\/\/pakuten.pl\/blog\/#\/schema\/person\/d7133af30211381a4e4536d088384556","name":"Pakuten Girl","image":{"@type":"ImageObject","@id":"https:\/\/pakuten.pl\/blog\/#personlogo","inLanguage":"pl-PL","url":"https:\/\/secure.gravatar.com\/avatar\/d3df41de2caf92e6cfded9430c2ff352?s=96&d=mm&r=g","contentUrl":"https:\/\/secure.gravatar.com\/avatar\/d3df41de2caf92e6cfded9430c2ff352?s=96&d=mm&r=g","caption":"Pakuten Girl"},"description":"Cze\u015b\u0107, nazywam si\u0119 Ola. Kocham Netflixa, sals\u0119, nowo\u015bci kosmetyczne i najnowsze trendy w modzie.","url":"https:\/\/pakuten.pl\/blog\/author\/pakuten-girl\/"}]}},"_links":{"self":[{"href":"https:\/\/pakuten.pl\/blog\/wp-json\/wp\/v2\/posts\/8483"}],"collection":[{"href":"https:\/\/pakuten.pl\/blog\/wp-json\/wp\/v2\/posts"}],"about":[{"href":"https:\/\/pakuten.pl\/blog\/wp-json\/wp\/v2\/types\/post"}],"author":[{"embeddable":true,"href":"https:\/\/pakuten.pl\/blog\/wp-json\/wp\/v2\/users\/3"}],"replies":[{"embeddable":true,"href":"https:\/\/pakuten.pl\/blog\/wp-json\/wp\/v2\/comments?post=8483"}],"version-history":[{"count":6,"href":"https:\/\/pakuten.pl\/blog\/wp-json\/wp\/v2\/posts\/8483\/revisions"}],"predecessor-version":[{"id":8492,"href":"https:\/\/pakuten.pl\/blog\/wp-json\/wp\/v2\/posts\/8483\/revisions\/8492"}],"wp:featuredmedia":[{"embeddable":true,"href":"https:\/\/pakuten.pl\/blog\/wp-json\/wp\/v2\/media\/8485"}],"wp:attachment":[{"href":"https:\/\/pakuten.pl\/blog\/wp-json\/wp\/v2\/media?parent=8483"}],"wp:term":[{"taxonomy":"category","embeddable":true,"href":"https:\/\/pakuten.pl\/blog\/wp-json\/wp\/v2\/categories?post=8483"},{"taxonomy":"post_tag","embeddable":true,"href":"https:\/\/pakuten.pl\/blog\/wp-json\/wp\/v2\/tags?post=8483"}],"curies":[{"name":"wp","href":"https:\/\/api.w.org\/{rel}","templated":true}]}}