{"id":8511,"date":"2024-05-03T13:34:00","date_gmt":"2024-05-03T11:34:00","guid":{"rendered":"https:\/\/pakuten.pl\/blog\/?p=8511"},"modified":"2024-04-26T13:48:33","modified_gmt":"2024-04-26T11:48:33","slug":"biurowe-stylizacje-letnie","status":"publish","type":"post","link":"https:\/\/pakuten.pl\/blog\/biurowe-stylizacje-letnie\/","title":{"rendered":"Letnie biurowe stylizacje od Pakuten: Jak by\u0107 eleganck\u0105 nawet w upa\u0142y?"},"content":{"rendered":"\n<p class=\"p1\"><strong>Letnie biurowe stylizacje od Pakuten to temat, kt\u00f3ry interesuje wiele kobiet pracuj\u0105cych w biurze. Upa\u0142y mog\u0105 stanowi\u0107 wyzwanie, gdy chcemy wygl\u0105da\u0107 profesjonalnie, ale r\u00f3wnie\u017c czu\u0107 si\u0119 komfortowo. Oto kilka propozycji, jak \u0142\u0105czy\u0107 elegancj\u0119 z funkcjonalno\u015bci\u0105.<\/strong><\/p>\n<h2 class=\"p1\"><span style=\"color: #ff9900;\">Klucz do sukcesu: materia\u0142y przyjazne dla sk\u00f3ry<\/span><\/h2>\n<p class=\"p1\">Letnie Biurowe Stylizacje od Pakuten zaczynaj\u0105 si\u0119 od wyboru odpowiednich materia\u0142\u00f3w.\u00a0 Wybieraj lekkie, przewiewne tkaniny, takie jak len, bawe\u0142na czy jedwab, kt\u00f3re pozwalaj\u0105 sk\u00f3rze oddycha\u0107 i zapewniaj\u0105 komfort przez ca\u0142y dzie\u0144. Unikaj syntetyk\u00f3w, kt\u00f3re mog\u0105 spowodowa\u0107 dyskomfort podczas upa\u0142\u00f3w.\u00a0<span style=\"color: #ff9900;\"><a style=\"color: #ff9900;\" href=\"https:\/\/pakuten.pl\/17-bluzki\" target=\"_blank\" rel=\"noopener\">Bluzki<\/a><\/span> i koszule w pastelowych odcieniach nie tylko wygl\u0105daj\u0105 \u015bwie\u017co, ale i odbijaj\u0105 s\u0142o\u0144ce.<\/p>\n<div class=\"product-box-container\">\r\n<div class=\"one_third \" style=\"\">\r\n<div class=\"product-box\">\r\n<a href=\"https:\/\/pakuten.pl\/37702-81454-bialy-komplet-bluzka-na-ramiaczkach-i-szerokie-spodnie-makare-bialy.html\" target=\"_blank\">\r\n <img src=\"https:\/\/media.pakuten.pl\/222001-large_default\/bialy-komplet-bluzka-na-ramiaczkach-i-szerokie-spodnie-makare.jpg\" alt=\"Bia\u0142y komplet bluzka na rami\u0105czkach i szerokie spodnie Makare\"\/>\r\n<\/a>\r\n<p>\r\n<a href=\"https:\/\/pakuten.pl\/37702-81454-bialy-komplet-bluzka-na-ramiaczkach-i-szerokie-spodnie-makare-bialy.html\" target=\"_blank\">\r\nBia\u0142y komplet bluzka na rami\u0105czkach i szerokie spodnie Makare\r\n<\/a><\/p>\r\n  <p>Cena: 129,49\u00a0z\u0142<\/p>\r\n<a href=\"https:\/\/pakuten.pl\/37702-81454-bialy-komplet-bluzka-na-ramiaczkach-i-szerokie-spodnie-makare-bialy.html\" target=\"_blank\" class=\"button\">\r\nZobacz w sklepie\r\n<\/a>\r\n<\/div>\r\n<\/div>\r\n<div class=\"one_third \" style=\"\">\r\n<div class=\"product-box\">\r\n<a href=\"https:\/\/pakuten.pl\/25617-63590-biala-muslinowa-sukienka-z-przekladanym-dekoltem-omella-bialy.html\" target=\"_blank\">\r\n  <img src=\"https:\/\/media.pakuten.pl\/163246-large_default\/biala-muslinowa-sukienka-z-przekladanym-dekoltem-omella.jpg\" alt=\"Bia\u0142a mu\u015blinowa sukienka z przek\u0142adanym dekoltem Omella\"\/>\r\n<\/a>\r\n<p>\r\n<a href=\"https:\/\/pakuten.pl\/25617-63590-biala-muslinowa-sukienka-z-przekladanym-dekoltem-omella-bialy.html\" target=\"_blank\">\r\nBia\u0142a mu\u015blinowa sukienka z przek\u0142adanym dekoltem Omella\r\n<\/a><\/p>\r\n  <p>Cena: 107,09\u00a0z\u0142<\/p>\r\n<a href=\"https:\/\/pakuten.pl\/25617-63590-biala-muslinowa-sukienka-z-przekladanym-dekoltem-omella-bialy.html\" target=\"_blank\" class=\"button\">\r\nZobacz w sklepie\r\n<\/a>\r\n<\/div>\r\n<\/div>\r\n<div class=\"one_third last \" style=\"\">\r\n<div class=\"product-box\">\r\n<a href=\"https:\/\/pakuten.pl\/32917-73248-biala-rozkloszowana-muslinowa-sukienka-leurella-bialy.html\" target=\"_blank\">\r\n  <img src=\"https:\/\/media.pakuten.pl\/198801-large_default\/biala-rozkloszowana-muslinowa-sukienka-leurella.jpg\" alt=\"Bia\u0142a rozkloszowana mu\u015blinowa sukienka Leurella\"\/>\r\n<\/a>\r\n<p>\r\n<a href=\"https:\/\/pakuten.pl\/32917-73248-biala-rozkloszowana-muslinowa-sukienka-leurella-bialy.html\" target=\"_blank\">\r\nBia\u0142a rozkloszowana mu\u015blinowa sukienka Leurella\r\n<\/a><\/p>\r\n  <p>Cena: 129,49\u00a0z\u0142<\/p>\r\n<a href=\"https:\/\/pakuten.pl\/32917-73248-biala-rozkloszowana-muslinowa-sukienka-leurella-bialy.html\" target=\"_blank\" class=\"button\">\r\nZobacz w sklepie\r\n<\/a>\r\n<\/div>\r\n<\/div><br class=\"clear\"\/>\r\n<\/div>\n<h2 class=\"p1\"><span style=\"color: #ff9900;\">Stylizacje z szerokimi spodniami<\/span><\/h2>\n<p class=\"p1\">Szerokie spodnie to must-have w letnich biurowych stylizacjach od Pakuten, poniewa\u017c s\u0105 wygodne i stylowe. Wybierz jasne kolory, kt\u00f3re mniej przyci\u0105gaj\u0105 s\u0142o\u0144ce. Mo\u017cna je \u0142\u0105czy\u0107 z eleganckimi, dopasowanymi topami lub lu\u017anymi koszulami. To idealne rozwi\u0105zanie na gor\u0105ce dni.<\/p>\n<div class=\"product-box-container\">\r\n<div class=\"one_third \" style=\"\">\r\n<div class=\"product-box\">\r\n<a href=\"https:\/\/pakuten.pl\/37901-81703-bialy-komplet-z-kamizelka-tashley-bialy.html\" target=\"_blank\">\r\n <img src=\"https:\/\/media.pakuten.pl\/223013-large_default\/bialy-komplet-z-kamizelka-tashley.jpg\" alt=\"Bia\u0142y komplet z kamizelk\u0105 Tashley\"\/>\r\n<\/a>\r\n<p>\r\n<a href=\"https:\/\/pakuten.pl\/37901-81703-bialy-komplet-z-kamizelka-tashley-bialy.html\" target=\"_blank\">\r\nBia\u0142y komplet z kamizelk\u0105 Tashley\r\n<\/a><\/p>\r\n  <p>Cena: 179,99\u00a0z\u0142<\/p>\r\n<a href=\"https:\/\/pakuten.pl\/37901-81703-bialy-komplet-z-kamizelka-tashley-bialy.html\" target=\"_blank\" class=\"button\">\r\nZobacz w sklepie\r\n<\/a>\r\n<\/div>\r\n<\/div>\r\n<div class=\"one_third \" style=\"\">\r\n<div class=\"product-box\">\r\n<a href=\"https:\/\/pakuten.pl\/37879-81684-jasnobezowy-komplet-garniturowy-z-zapinana-marynarka-annalise-jasnobezowy.html\" target=\"_blank\">\r\n  <img src=\"https:\/\/media.pakuten.pl\/222903-large_default\/jasnobezowy-komplet-garniturowy-z-zapinana-marynarka-annalise.jpg\" alt=\"Jasnobe\u017cowy komplet garniturowy z zapinan\u0105 marynark\u0105 Annalise\"\/>\r\n<\/a>\r\n<p>\r\n<a href=\"https:\/\/pakuten.pl\/37879-81684-jasnobezowy-komplet-garniturowy-z-zapinana-marynarka-annalise-jasnobezowy.html\" target=\"_blank\">\r\nJasnobe\u017cowy komplet garniturowy z zapinan\u0105 marynark\u0105 Annalise\r\n<\/a><\/p>\r\n  <p>Cena: 99,99\u00a0z\u0142<\/p>\r\n<a href=\"https:\/\/pakuten.pl\/37879-81684-jasnobezowy-komplet-garniturowy-z-zapinana-marynarka-annalise-jasnobezowy.html\" target=\"_blank\" class=\"button\">\r\nZobacz w sklepie\r\n<\/a>\r\n<\/div>\r\n<\/div>\r\n<div class=\"one_third last \" style=\"\">\r\n<div class=\"product-box\">\r\n<a href=\"https:\/\/pakuten.pl\/37570-81220-szare-szerokie-spodnie-z-lampasem-sadi-szary.html\" target=\"_blank\">\r\n  <img src=\"https:\/\/media.pakuten.pl\/221356-large_default\/szare-szerokie-spodnie-z-lampasem-sadi.jpg\" alt=\"Szare szerokie spodnie z lampasem Sadi\"\/>\r\n<\/a>\r\n<p>\r\n<a href=\"https:\/\/pakuten.pl\/37570-81220-szare-szerokie-spodnie-z-lampasem-sadi-szary.html\" target=\"_blank\">\r\nSzare szerokie spodnie z lampasem Sadi\r\n<\/a><\/p>\r\n  <p>Cena: 129,99\u00a0z\u0142<\/p>\r\n<a href=\"https:\/\/pakuten.pl\/37570-81220-szare-szerokie-spodnie-z-lampasem-sadi-szary.html\" target=\"_blank\" class=\"button\">\r\nZobacz w sklepie\r\n<\/a>\r\n<\/div>\r\n<\/div><br class=\"clear\"\/>\r\n<\/div>\n<h2 class=\"p1\"><span style=\"color: #ff9900;\">Klasyczne po\u0142\u0105czenia: sp\u00f3dnice i koszule<\/span><\/h2>\n<p class=\"p1\">W letnie dni, \u015bwietnym wyborem biurowej stylizacji s\u0105 lekkie <span style=\"color: #ff9900;\"><a style=\"color: #ff9900;\" href=\"https:\/\/pakuten.pl\/26-spodnice\" target=\"_blank\" rel=\"noopener\">sp\u00f3dnice<\/a><\/span> o klasycznym kroju, kt\u00f3re gwarantuj\u0105 swobod\u0119 ruch\u00f3w i elegancki wygl\u0105d. \u0141\u0105cz je z dopasowanymi koszulami lub lekkimi bluzkami w pastelowych odcieniach, tworz\u0105c harmonijn\u0105 i profesjonaln\u0105 stylizacj\u0119 biurow\u0105. Dodaj delikatne dodatki, takie jak delikatne bi\u017cuteri\u0119 czy wysokie obcasy, aby podkre\u015bli\u0107 sw\u00f3j elegancki styl.<\/p>\n<div class=\"product-box-container\">\r\n<div class=\"one_third \" style=\"\">\r\n<div class=\"product-box\">\r\n<a href=\"https:\/\/pakuten.pl\/37275-80634-ciemnobezowy-dwuczesciowy-komplet-marynarka-i-spodnico-spodenki-jenni-ciemnobezowy.html\" target=\"_blank\">\r\n <img src=\"https:\/\/media.pakuten.pl\/229114-large_default\/ciemnobezowy-dwuczesciowy-komplet-marynarka-i-spodnico-spodenki-jenni.jpg\" alt=\"Ciemnobe\u017cowy dwucz\u0119\u015bciowy komplet marynarka i sp\u00f3dnico - spodenki Jenni\"\/>\r\n<\/a>\r\n<p>\r\n<a href=\"https:\/\/pakuten.pl\/37275-80634-ciemnobezowy-dwuczesciowy-komplet-marynarka-i-spodnico-spodenki-jenni-ciemnobezowy.html\" target=\"_blank\">\r\nCiemnobe\u017cowy dwucz\u0119\u015bciowy komplet marynarka i sp\u00f3dnico - spodenki Jenni\r\n<\/a><\/p>\r\n  <p>Cena: 99,99\u00a0z\u0142<\/p>\r\n<a href=\"https:\/\/pakuten.pl\/37275-80634-ciemnobezowy-dwuczesciowy-komplet-marynarka-i-spodnico-spodenki-jenni-ciemnobezowy.html\" target=\"_blank\" class=\"button\">\r\nZobacz w sklepie\r\n<\/a>\r\n<\/div>\r\n<\/div>\r\n<div class=\"one_third \" style=\"\">\r\n<div class=\"product-box\">\r\n<a href=\"https:\/\/pakuten.pl\/37322-80730-pudrowy-dwuczesciowy-komplet-wiazana-bluzka-i-spodnica-tolessa-pudrowy.html\" target=\"_blank\">\r\n  <img src=\"https:\/\/media.pakuten.pl\/220090-large_default\/pudrowy-dwuczesciowy-komplet-wiazana-bluzka-i-spodnica-tolessa.jpg\" alt=\"Pudrowy dwucz\u0119\u015bciowy komplet wi\u0105zana bluzka i sp\u00f3dnica Tolessa\"\/>\r\n<\/a>\r\n<p>\r\n<a href=\"https:\/\/pakuten.pl\/37322-80730-pudrowy-dwuczesciowy-komplet-wiazana-bluzka-i-spodnica-tolessa-pudrowy.html\" target=\"_blank\">\r\nPudrowy dwucz\u0119\u015bciowy komplet wi\u0105zana bluzka i sp\u00f3dnica Tolessa\r\n<\/a><\/p>\r\n  <p>Cena: 113,39\u00a0z\u0142<\/p>\r\n<a href=\"https:\/\/pakuten.pl\/37322-80730-pudrowy-dwuczesciowy-komplet-wiazana-bluzka-i-spodnica-tolessa-pudrowy.html\" target=\"_blank\" class=\"button\">\r\nZobacz w sklepie\r\n<\/a>\r\n<\/div>\r\n<\/div>\r\n<div class=\"one_third last \" style=\"\">\r\n<div class=\"product-box\">\r\n<a href=\"https:\/\/pakuten.pl\/37472-81005-liliowy-komplet-bluzka-spodnica-ampara-liliowy.html\" target=\"_blank\">\r\n  <img src=\"https:\/\/media.pakuten.pl\/220883-large_default\/liliowy-komplet-bluzka-spodnica-ampara.jpg\" alt=\"Liliowy komplet bluzka + sp\u00f3dnica Ampara\"\/>\r\n<\/a>\r\n<p>\r\n<a href=\"https:\/\/pakuten.pl\/37472-81005-liliowy-komplet-bluzka-spodnica-ampara-liliowy.html\" target=\"_blank\">\r\nLiliowy komplet bluzka + sp\u00f3dnica Ampara\r\n<\/a><\/p>\r\n  <p>Cena: 128,09\u00a0z\u0142<\/p>\r\n<a href=\"https:\/\/pakuten.pl\/37472-81005-liliowy-komplet-bluzka-spodnica-ampara-liliowy.html\" target=\"_blank\" class=\"button\">\r\nZobacz w sklepie\r\n<\/a>\r\n<\/div>\r\n<\/div><br class=\"clear\"\/>\r\n<\/div>\n<h2 class=\"p1\"><span style=\"color: #ff9900;\">Biurowe stylizacje w roli g\u0142\u00f3wnej z sukienk\u0105<\/span><\/h2>\n<p class=\"p1\">Letnie biurowe stylizacje od Pakuten cz\u0119sto obejmuj\u0105 . Proste, ale eleganckie fasony, jak sukienki koszulowe, s\u0105 idealne. Kolory? Be\u017ce, b\u0142\u0119kity, czy delikatne wzory. Sukienki mo\u017cna zestawi\u0107 z lekkimi \u017cakietami, kt\u00f3re dodaj\u0105 profesjonalizmu, ale nie przegrzewaj\u0105.<img loading=\"lazy\" class=\"aligncenter size-full wp-image-8513\" src=\"https:\/\/pakuten.pl\/blog\/wp-content\/uploads\/2024\/04\/sukienka-do-biura1.jpg\" alt=\"sukienka koszulowa w kwiaty\" width=\"741\" height=\"1000\" \/><\/p>\n<h2 class=\"p1\"><span style=\"color: #ff9900;\">Akcenty kolorystyczne: delikatne pastele i stonowane odcienie<\/span><\/h2>\n<p class=\"p1\">W letnich biurowych stylizacjach warto postawi\u0107 na delikatne pastele i stonowane odcienie, kt\u00f3re dodaj\u0105 \u015bwie\u017co\u015bci i elegancji. Szaro\u015bci, be\u017ce, pudrowe r\u00f3\u017ce czy mi\u0119ta to doskona\u0142e wybory na letnie dni. Unikaj intensywnych i jaskrawych kolor\u00f3w, kt\u00f3re mog\u0105 przyt\u0142acza\u0107 i sprawia\u0107 wra\u017cenie zbyt ekstrawaganckiego.<\/p>\n<p>\u00a0<\/p>\n<blockquote class=\"instagram-media\" style=\"background: #FFF; border: 0; border-radius: 3px; box-shadow: 0 0 1px 0 rgba(0,0,0,0.5),0 1px 10px 0 rgba(0,0,0,0.15); margin: 1px; max-width: 540px; min-width: 326px; padding: 0; width: calc(100% - 2px);\" data-instgrm-permalink=\"https:\/\/www.instagram.com\/reel\/C6EXFdZIbuZ\/?utm_source=ig_embed&amp;utm_campaign=loading\" data-instgrm-version=\"14\">\n<div style=\"padding: 16px;\">\n<div style=\"display: flex; flex-direction: row; align-items: center;\">\n<div style=\"background-color: #f4f4f4; border-radius: 50%; flex-grow: 0; height: 40px; margin-right: 14px; width: 40px;\">\u00a0<\/div>\n<div style=\"display: flex; flex-direction: column; flex-grow: 1; justify-content: center;\">\n<div style=\"background-color: #f4f4f4; border-radius: 4px; flex-grow: 0; height: 14px; margin-bottom: 6px; width: 100px;\">\u00a0<\/div>\n<div style=\"background-color: #f4f4f4; border-radius: 4px; flex-grow: 0; height: 14px; width: 60px;\">\u00a0<\/div>\n<\/div>\n<\/div>\n<div style=\"padding: 19% 0;\">\u00a0<\/div>\n<div style=\"display: block; height: 50px; margin: 0 auto 12px; width: 50px;\">\u00a0<\/div>\n<div style=\"padding-top: 8px;\">\n<div style=\"color: #3897f0; font-family: Arial,sans-serif; font-size: 14px; font-style: normal; font-weight: 550; line-height: 18px;\">Wy\u015bwietl ten post na Instagramie<\/div>\n<\/div>\n<div style=\"padding: 12.5% 0;\">\u00a0<\/div>\n<div style=\"display: flex; flex-direction: row; margin-bottom: 14px; align-items: center;\">\n<div>\n<div style=\"background-color: #f4f4f4; border-radius: 50%; height: 12.5px; width: 12.5px; transform: translateX(0px) translateY(7px);\">\u00a0<\/div>\n<div style=\"background-color: #f4f4f4; height: 12.5px; transform: rotate(-45deg) translateX(3px) translateY(1px); width: 12.5px; flex-grow: 0; margin-right: 14px; margin-left: 2px;\">\u00a0<\/div>\n<div style=\"background-color: #f4f4f4; border-radius: 50%; height: 12.5px; width: 12.5px; transform: translateX(9px) translateY(-18px);\">\u00a0<\/div>\n<\/div>\n<div style=\"margin-left: 8px;\">\n<div style=\"background-color: #f4f4f4; border-radius: 50%; flex-grow: 0; height: 20px; width: 20px;\">\u00a0<\/div>\n<div style=\"width: 0; height: 0; border-top: 2px solid transparent; border-left: 6px solid #f4f4f4; border-bottom: 2px solid transparent; transform: translateX(16px) translateY(-4px) rotate(30deg);\">\u00a0<\/div>\n<\/div>\n<div style=\"margin-left: auto;\">\n<div style=\"width: 0px; border-top: 8px solid #F4F4F4; border-right: 8px solid transparent; transform: translateY(16px);\">\u00a0<\/div>\n<div style=\"background-color: #f4f4f4; flex-grow: 0; height: 12px; width: 16px; transform: translateY(-4px);\">\u00a0<\/div>\n<div style=\"width: 0; height: 0; border-top: 8px solid #F4F4F4; border-left: 8px solid transparent; transform: translateY(-4px) translateX(8px);\">\u00a0<\/div>\n<\/div>\n<\/div>\n<div style=\"display: flex; flex-direction: column; flex-grow: 1; justify-content: center; margin-bottom: 24px;\">\n<div style=\"background-color: #f4f4f4; border-radius: 4px; flex-grow: 0; height: 14px; margin-bottom: 6px; width: 224px;\">\u00a0<\/div>\n<div style=\"background-color: #f4f4f4; border-radius: 4px; flex-grow: 0; height: 14px; width: 144px;\">\u00a0<\/div>\n<\/div>\n<p style=\"color: #c9c8cd; font-family: Arial,sans-serif; font-size: 14px; line-height: 17px; margin-bottom: 0; margin-top: 8px; overflow: hidden; padding: 8px 0 7px; text-align: center; text-overflow: ellipsis; white-space: nowrap;\"><a style=\"color: #c9c8cd; font-family: Arial,sans-serif; font-size: 14px; font-style: normal; font-weight: normal; line-height: 17px; text-decoration: none;\" href=\"https:\/\/www.instagram.com\/reel\/C6EXFdZIbuZ\/?utm_source=ig_embed&amp;utm_campaign=loading\" target=\"_blank\" rel=\"noopener\">Post udost\u0119pniony przez Aleksandra Kami\u0144ska (@olakaminska_blog)<\/a><\/p>\n<\/div>\n<\/blockquote>\n<p><script async src=\"\/\/www.instagram.com\/embed.js\"><\/script><\/p>\n<h2 class=\"p1\"><span style=\"color: #ff9900;\">Dodatki, kt\u00f3re robi\u0105 r\u00f3\u017cnic\u0119<\/span><\/h2>\n<p class=\"p1\">W Letnich Biurowych Stylizacjach od Pakuten, dodatki s\u0105 wa\u017cne. Delikatna bi\u017cuteria, stylowe zegarki czy eleganckie buty mog\u0105 ca\u0142kowicie odmieni\u0107 wygl\u0105d. Wybierz buty na niskim obcasie lub stylowe sanda\u0142y. Torebka? Lekka i praktyczna, ale najlepiej w neutralnych kolorach.<\/p>\n<p>\u00a0<\/p>\n<p class=\"p1\">Letnie Biurowe Stylizacje od Pakuten pomagaj\u0105 ka\u017cdej kobiecie czu\u0107 si\u0119 elegancko i komfortowo, nawet w najwi\u0119ksze upa\u0142y. Pami\u0119taj o wyborze odpowiednich materia\u0142\u00f3w, kolor\u00f3w i fason\u00f3w. Eleganckie, ale przewiewne ubrania to klucz do profesjonalnego, ale letniego wygl\u0105du w biurze.<\/p>\n\n\n<div class=\"kk-star-ratings kksr-auto kksr-align-right kksr-valign-bottom\"\n    data-payload='{&quot;align&quot;:&quot;right&quot;,&quot;id&quot;:&quot;8511&quot;,&quot;slug&quot;:&quot;default&quot;,&quot;valign&quot;:&quot;bottom&quot;,&quot;ignore&quot;:&quot;&quot;,&quot;reference&quot;:&quot;auto&quot;,&quot;class&quot;:&quot;&quot;,&quot;count&quot;:&quot;1&quot;,&quot;legendonly&quot;:&quot;&quot;,&quot;readonly&quot;:&quot;&quot;,&quot;score&quot;:&quot;1&quot;,&quot;starsonly&quot;:&quot;&quot;,&quot;best&quot;:&quot;5&quot;,&quot;gap&quot;:&quot;5&quot;,&quot;greet&quot;:&quot;Rate this post&quot;,&quot;legend&quot;:&quot;1\\\/5 - (1 vote)&quot;,&quot;size&quot;:&quot;24&quot;,&quot;width&quot;:&quot;26.5&quot;,&quot;_legend&quot;:&quot;{score}\\\/{best} - ({count} {votes})&quot;,&quot;font_factor&quot;:&quot;1.25&quot;}'>\n            \n<div class=\"kksr-stars\">\n    \n<div class=\"kksr-stars-inactive\">\n            <div class=\"kksr-star\" data-star=\"1\" style=\"padding-right: 5px\">\n            \n\n<div class=\"kksr-icon\" style=\"width: 24px; height: 24px;\"><\/div>\n        <\/div>\n            <div class=\"kksr-star\" data-star=\"2\" style=\"padding-right: 5px\">\n            \n\n<div class=\"kksr-icon\" style=\"width: 24px; height: 24px;\"><\/div>\n        <\/div>\n            <div class=\"kksr-star\" data-star=\"3\" style=\"padding-right: 5px\">\n            \n\n<div class=\"kksr-icon\" style=\"width: 24px; height: 24px;\"><\/div>\n        <\/div>\n            <div class=\"kksr-star\" data-star=\"4\" style=\"padding-right: 5px\">\n            \n\n<div class=\"kksr-icon\" style=\"width: 24px; height: 24px;\"><\/div>\n        <\/div>\n            <div class=\"kksr-star\" data-star=\"5\" style=\"padding-right: 5px\">\n            \n\n<div class=\"kksr-icon\" style=\"width: 24px; height: 24px;\"><\/div>\n        <\/div>\n    <\/div>\n    \n<div class=\"kksr-stars-active\" style=\"width: 26.5px;\">\n            <div class=\"kksr-star\" style=\"padding-right: 5px\">\n            \n\n<div class=\"kksr-icon\" style=\"width: 24px; height: 24px;\"><\/div>\n        <\/div>\n            <div class=\"kksr-star\" style=\"padding-right: 5px\">\n            \n\n<div class=\"kksr-icon\" style=\"width: 24px; height: 24px;\"><\/div>\n        <\/div>\n            <div class=\"kksr-star\" style=\"padding-right: 5px\">\n            \n\n<div class=\"kksr-icon\" style=\"width: 24px; height: 24px;\"><\/div>\n        <\/div>\n            <div class=\"kksr-star\" style=\"padding-right: 5px\">\n            \n\n<div class=\"kksr-icon\" style=\"width: 24px; height: 24px;\"><\/div>\n        <\/div>\n            <div class=\"kksr-star\" style=\"padding-right: 5px\">\n            \n\n<div class=\"kksr-icon\" style=\"width: 24px; height: 24px;\"><\/div>\n        <\/div>\n    <\/div>\n<\/div>\n                \n\n<div class=\"kksr-legend\" style=\"font-size: 19.2px;\">\n            1\/5 - (1 vote)    <\/div>\n    <\/div>\n","protected":false},"excerpt":{"rendered":"<p>Letnie biurowe stylizacje od Pakuten to temat, kt\u00f3ry interesuje wiele kobiet pracuj\u0105cych w biurze. Upa\u0142y mog\u0105 stanowi\u0107 wyzwanie, gdy chcemy wygl\u0105da\u0107 profesjonalnie, ale r\u00f3wnie\u017c czu\u0107 si\u0119 komfortowo. Oto kilka propozycji, jak \u0142\u0105czy\u0107 elegancj\u0119 z funkcjonalno\u015bci\u0105.<\/p>\n","protected":false},"author":3,"featured_media":8516,"comment_status":"open","ping_status":"open","sticky":false,"template":"","format":"standard","meta":[],"categories":[3],"tags":[],"yoast_head":"<!-- This site is optimized with the Yoast SEO plugin v18.4.1 - https:\/\/yoast.com\/wordpress\/plugins\/seo\/ -->\n<title>Letnie biurowe stylizacje od Pakuten: Jak by\u0107 eleganck\u0105 nawet w upa\u0142y? - Pakuten blog<\/title>\n<meta name=\"description\" content=\"Letnie biurowe stylizacje od Pakuten to temat, kt\u00f3ry interesuje wiele kobiet pracuj\u0105cych w biurze. Oto kilka propozycji, jak \u0142\u0105czy\u0107 elegancj\u0119 z funkcjonalno\u015bci\u0105.\" \/>\n<meta name=\"robots\" content=\"index, follow, max-snippet:-1, max-image-preview:large, max-video-preview:-1\" \/>\n<link rel=\"canonical\" href=\"https:\/\/pakuten.pl\/blog\/biurowe-stylizacje-letnie\/\" \/>\n<meta property=\"og:locale\" content=\"pl_PL\" \/>\n<meta property=\"og:type\" content=\"article\" \/>\n<meta property=\"og:title\" content=\"Letnie biurowe stylizacje od Pakuten: Jak by\u0107 eleganck\u0105 nawet w upa\u0142y? - Pakuten blog\" \/>\n<meta property=\"og:description\" content=\"Letnie biurowe stylizacje od Pakuten to temat, kt\u00f3ry interesuje wiele kobiet pracuj\u0105cych w biurze. Oto kilka propozycji, jak \u0142\u0105czy\u0107 elegancj\u0119 z funkcjonalno\u015bci\u0105.\" \/>\n<meta property=\"og:url\" content=\"https:\/\/pakuten.pl\/blog\/biurowe-stylizacje-letnie\/\" \/>\n<meta property=\"og:site_name\" content=\"Pakuten blog\" \/>\n<meta property=\"article:published_time\" content=\"2024-05-03T11:34:00+00:00\" \/>\n<meta property=\"article:modified_time\" content=\"2024-04-26T11:48:33+00:00\" \/>\n<meta property=\"og:image\" content=\"https:\/\/pakuten.pl\/blog\/wp-content\/uploads\/2024\/04\/Letnie-biurowe-stylizacje-od-Pakuten_Jak-byc\u0301-elegancka\u0328-nawet-w-upaly.jpg\" \/>\n\t<meta property=\"og:image:width\" content=\"1280\" \/>\n\t<meta property=\"og:image:height\" content=\"853\" \/>\n\t<meta property=\"og:image:type\" content=\"image\/jpeg\" \/>\n<meta name=\"twitter:card\" content=\"summary_large_image\" \/>\n<meta name=\"twitter:label1\" content=\"Napisane przez\" \/>\n\t<meta name=\"twitter:data1\" content=\"Pakuten Girl\" \/>\n\t<meta name=\"twitter:label2\" content=\"Szacowany czas czytania\" \/>\n\t<meta name=\"twitter:data2\" content=\"3 minuty\" \/>\n<script type=\"application\/ld+json\" class=\"yoast-schema-graph\">{\"@context\":\"https:\/\/schema.org\",\"@graph\":[{\"@type\":\"Organization\",\"@id\":\"https:\/\/pakuten.pl\/blog\/#organization\",\"name\":\"Pakuten\",\"url\":\"https:\/\/pakuten.pl\/blog\/\",\"sameAs\":[],\"logo\":{\"@type\":\"ImageObject\",\"@id\":\"https:\/\/pakuten.pl\/blog\/#logo\",\"inLanguage\":\"pl-PL\",\"url\":\"http:\/\/pakuten.pl\/blog\/wp-content\/uploads\/2018\/01\/pakuten_logo.png\",\"contentUrl\":\"http:\/\/pakuten.pl\/blog\/wp-content\/uploads\/2018\/01\/pakuten_logo.png\",\"width\":300,\"height\":120,\"caption\":\"Pakuten\"},\"image\":{\"@id\":\"https:\/\/pakuten.pl\/blog\/#logo\"}},{\"@type\":\"WebSite\",\"@id\":\"https:\/\/pakuten.pl\/blog\/#website\",\"url\":\"https:\/\/pakuten.pl\/blog\/\",\"name\":\"Pakuten blog\",\"description\":\"Blog sklepu internetowego pakuten.pl\",\"publisher\":{\"@id\":\"https:\/\/pakuten.pl\/blog\/#organization\"},\"potentialAction\":[{\"@type\":\"SearchAction\",\"target\":{\"@type\":\"EntryPoint\",\"urlTemplate\":\"https:\/\/pakuten.pl\/blog\/?s={search_term_string}\"},\"query-input\":\"required name=search_term_string\"}],\"inLanguage\":\"pl-PL\"},{\"@type\":\"ImageObject\",\"@id\":\"https:\/\/pakuten.pl\/blog\/biurowe-stylizacje-letnie\/#primaryimage\",\"inLanguage\":\"pl-PL\",\"url\":\"https:\/\/pakuten.pl\/blog\/wp-content\/uploads\/2024\/04\/Letnie-biurowe-stylizacje-od-Pakuten_Jak-byc\u0301-elegancka\u0328-nawet-w-upaly.jpg\",\"contentUrl\":\"https:\/\/pakuten.pl\/blog\/wp-content\/uploads\/2024\/04\/Letnie-biurowe-stylizacje-od-Pakuten_Jak-byc\u0301-elegancka\u0328-nawet-w-upaly.jpg\",\"width\":1280,\"height\":853,\"caption\":\"Biurowe stylizacje, garnitur\"},{\"@type\":\"WebPage\",\"@id\":\"https:\/\/pakuten.pl\/blog\/biurowe-stylizacje-letnie\/#webpage\",\"url\":\"https:\/\/pakuten.pl\/blog\/biurowe-stylizacje-letnie\/\",\"name\":\"Letnie biurowe stylizacje od Pakuten: Jak by\u0107 eleganck\u0105 nawet w upa\u0142y? - Pakuten blog\",\"isPartOf\":{\"@id\":\"https:\/\/pakuten.pl\/blog\/#website\"},\"primaryImageOfPage\":{\"@id\":\"https:\/\/pakuten.pl\/blog\/biurowe-stylizacje-letnie\/#primaryimage\"},\"datePublished\":\"2024-05-03T11:34:00+00:00\",\"dateModified\":\"2024-04-26T11:48:33+00:00\",\"description\":\"Letnie biurowe stylizacje od Pakuten to temat, kt\u00f3ry interesuje wiele kobiet pracuj\u0105cych w biurze. Oto kilka propozycji, jak \u0142\u0105czy\u0107 elegancj\u0119 z funkcjonalno\u015bci\u0105.\",\"breadcrumb\":{\"@id\":\"https:\/\/pakuten.pl\/blog\/biurowe-stylizacje-letnie\/#breadcrumb\"},\"inLanguage\":\"pl-PL\",\"potentialAction\":[{\"@type\":\"ReadAction\",\"target\":[\"https:\/\/pakuten.pl\/blog\/biurowe-stylizacje-letnie\/\"]}]},{\"@type\":\"BreadcrumbList\",\"@id\":\"https:\/\/pakuten.pl\/blog\/biurowe-stylizacje-letnie\/#breadcrumb\",\"itemListElement\":[{\"@type\":\"ListItem\",\"position\":1,\"name\":\"Strona g\u0142\u00f3wna\",\"item\":\"https:\/\/pakuten.pl\/blog\/\"},{\"@type\":\"ListItem\",\"position\":2,\"name\":\"Letnie biurowe stylizacje od Pakuten: Jak by\u0107 eleganck\u0105 nawet w upa\u0142y?\"}]},{\"@type\":\"Article\",\"@id\":\"https:\/\/pakuten.pl\/blog\/biurowe-stylizacje-letnie\/#article\",\"isPartOf\":{\"@id\":\"https:\/\/pakuten.pl\/blog\/biurowe-stylizacje-letnie\/#webpage\"},\"author\":{\"@id\":\"https:\/\/pakuten.pl\/blog\/#\/schema\/person\/d7133af30211381a4e4536d088384556\"},\"headline\":\"Letnie biurowe stylizacje od Pakuten: Jak by\u0107 eleganck\u0105 nawet w upa\u0142y?\",\"datePublished\":\"2024-05-03T11:34:00+00:00\",\"dateModified\":\"2024-04-26T11:48:33+00:00\",\"mainEntityOfPage\":{\"@id\":\"https:\/\/pakuten.pl\/blog\/biurowe-stylizacje-letnie\/#webpage\"},\"wordCount\":494,\"commentCount\":0,\"publisher\":{\"@id\":\"https:\/\/pakuten.pl\/blog\/#organization\"},\"image\":{\"@id\":\"https:\/\/pakuten.pl\/blog\/biurowe-stylizacje-letnie\/#primaryimage\"},\"thumbnailUrl\":\"https:\/\/pakuten.pl\/blog\/wp-content\/uploads\/2024\/04\/Letnie-biurowe-stylizacje-od-Pakuten_Jak-byc\u0301-elegancka\u0328-nawet-w-upaly.jpg\",\"articleSection\":[\"Top Trends\"],\"inLanguage\":\"pl-PL\",\"potentialAction\":[{\"@type\":\"CommentAction\",\"name\":\"Comment\",\"target\":[\"https:\/\/pakuten.pl\/blog\/biurowe-stylizacje-letnie\/#respond\"]}]},{\"@type\":\"Person\",\"@id\":\"https:\/\/pakuten.pl\/blog\/#\/schema\/person\/d7133af30211381a4e4536d088384556\",\"name\":\"Pakuten Girl\",\"image\":{\"@type\":\"ImageObject\",\"@id\":\"https:\/\/pakuten.pl\/blog\/#personlogo\",\"inLanguage\":\"pl-PL\",\"url\":\"https:\/\/secure.gravatar.com\/avatar\/d3df41de2caf92e6cfded9430c2ff352?s=96&d=mm&r=g\",\"contentUrl\":\"https:\/\/secure.gravatar.com\/avatar\/d3df41de2caf92e6cfded9430c2ff352?s=96&d=mm&r=g\",\"caption\":\"Pakuten Girl\"},\"description\":\"Cze\u015b\u0107, nazywam si\u0119 Ola. Kocham Netflixa, sals\u0119, nowo\u015bci kosmetyczne i najnowsze trendy w modzie.\",\"url\":\"https:\/\/pakuten.pl\/blog\/author\/pakuten-girl\/\"}]}<\/script>\n<!-- \/ Yoast SEO plugin. -->","yoast_head_json":{"title":"Letnie biurowe stylizacje od Pakuten: Jak by\u0107 eleganck\u0105 nawet w upa\u0142y? - Pakuten blog","description":"Letnie biurowe stylizacje od Pakuten to temat, kt\u00f3ry interesuje wiele kobiet pracuj\u0105cych w biurze. Oto kilka propozycji, jak \u0142\u0105czy\u0107 elegancj\u0119 z funkcjonalno\u015bci\u0105.","robots":{"index":"index","follow":"follow","max-snippet":"max-snippet:-1","max-image-preview":"max-image-preview:large","max-video-preview":"max-video-preview:-1"},"canonical":"https:\/\/pakuten.pl\/blog\/biurowe-stylizacje-letnie\/","og_locale":"pl_PL","og_type":"article","og_title":"Letnie biurowe stylizacje od Pakuten: Jak by\u0107 eleganck\u0105 nawet w upa\u0142y? - Pakuten blog","og_description":"Letnie biurowe stylizacje od Pakuten to temat, kt\u00f3ry interesuje wiele kobiet pracuj\u0105cych w biurze. Oto kilka propozycji, jak \u0142\u0105czy\u0107 elegancj\u0119 z funkcjonalno\u015bci\u0105.","og_url":"https:\/\/pakuten.pl\/blog\/biurowe-stylizacje-letnie\/","og_site_name":"Pakuten blog","article_published_time":"2024-05-03T11:34:00+00:00","article_modified_time":"2024-04-26T11:48:33+00:00","og_image":[{"width":1280,"height":853,"url":"https:\/\/pakuten.pl\/blog\/wp-content\/uploads\/2024\/04\/Letnie-biurowe-stylizacje-od-Pakuten_Jak-byc\u0301-elegancka\u0328-nawet-w-upaly.jpg","type":"image\/jpeg"}],"twitter_card":"summary_large_image","twitter_misc":{"Napisane przez":"Pakuten Girl","Szacowany czas czytania":"3 minuty"},"schema":{"@context":"https:\/\/schema.org","@graph":[{"@type":"Organization","@id":"https:\/\/pakuten.pl\/blog\/#organization","name":"Pakuten","url":"https:\/\/pakuten.pl\/blog\/","sameAs":[],"logo":{"@type":"ImageObject","@id":"https:\/\/pakuten.pl\/blog\/#logo","inLanguage":"pl-PL","url":"http:\/\/pakuten.pl\/blog\/wp-content\/uploads\/2018\/01\/pakuten_logo.png","contentUrl":"http:\/\/pakuten.pl\/blog\/wp-content\/uploads\/2018\/01\/pakuten_logo.png","width":300,"height":120,"caption":"Pakuten"},"image":{"@id":"https:\/\/pakuten.pl\/blog\/#logo"}},{"@type":"WebSite","@id":"https:\/\/pakuten.pl\/blog\/#website","url":"https:\/\/pakuten.pl\/blog\/","name":"Pakuten blog","description":"Blog sklepu internetowego pakuten.pl","publisher":{"@id":"https:\/\/pakuten.pl\/blog\/#organization"},"potentialAction":[{"@type":"SearchAction","target":{"@type":"EntryPoint","urlTemplate":"https:\/\/pakuten.pl\/blog\/?s={search_term_string}"},"query-input":"required name=search_term_string"}],"inLanguage":"pl-PL"},{"@type":"ImageObject","@id":"https:\/\/pakuten.pl\/blog\/biurowe-stylizacje-letnie\/#primaryimage","inLanguage":"pl-PL","url":"https:\/\/pakuten.pl\/blog\/wp-content\/uploads\/2024\/04\/Letnie-biurowe-stylizacje-od-Pakuten_Jak-byc\u0301-elegancka\u0328-nawet-w-upaly.jpg","contentUrl":"https:\/\/pakuten.pl\/blog\/wp-content\/uploads\/2024\/04\/Letnie-biurowe-stylizacje-od-Pakuten_Jak-byc\u0301-elegancka\u0328-nawet-w-upaly.jpg","width":1280,"height":853,"caption":"Biurowe stylizacje, garnitur"},{"@type":"WebPage","@id":"https:\/\/pakuten.pl\/blog\/biurowe-stylizacje-letnie\/#webpage","url":"https:\/\/pakuten.pl\/blog\/biurowe-stylizacje-letnie\/","name":"Letnie biurowe stylizacje od Pakuten: Jak by\u0107 eleganck\u0105 nawet w upa\u0142y? - Pakuten blog","isPartOf":{"@id":"https:\/\/pakuten.pl\/blog\/#website"},"primaryImageOfPage":{"@id":"https:\/\/pakuten.pl\/blog\/biurowe-stylizacje-letnie\/#primaryimage"},"datePublished":"2024-05-03T11:34:00+00:00","dateModified":"2024-04-26T11:48:33+00:00","description":"Letnie biurowe stylizacje od Pakuten to temat, kt\u00f3ry interesuje wiele kobiet pracuj\u0105cych w biurze. Oto kilka propozycji, jak \u0142\u0105czy\u0107 elegancj\u0119 z funkcjonalno\u015bci\u0105.","breadcrumb":{"@id":"https:\/\/pakuten.pl\/blog\/biurowe-stylizacje-letnie\/#breadcrumb"},"inLanguage":"pl-PL","potentialAction":[{"@type":"ReadAction","target":["https:\/\/pakuten.pl\/blog\/biurowe-stylizacje-letnie\/"]}]},{"@type":"BreadcrumbList","@id":"https:\/\/pakuten.pl\/blog\/biurowe-stylizacje-letnie\/#breadcrumb","itemListElement":[{"@type":"ListItem","position":1,"name":"Strona g\u0142\u00f3wna","item":"https:\/\/pakuten.pl\/blog\/"},{"@type":"ListItem","position":2,"name":"Letnie biurowe stylizacje od Pakuten: Jak by\u0107 eleganck\u0105 nawet w upa\u0142y?"}]},{"@type":"Article","@id":"https:\/\/pakuten.pl\/blog\/biurowe-stylizacje-letnie\/#article","isPartOf":{"@id":"https:\/\/pakuten.pl\/blog\/biurowe-stylizacje-letnie\/#webpage"},"author":{"@id":"https:\/\/pakuten.pl\/blog\/#\/schema\/person\/d7133af30211381a4e4536d088384556"},"headline":"Letnie biurowe stylizacje od Pakuten: Jak by\u0107 eleganck\u0105 nawet w upa\u0142y?","datePublished":"2024-05-03T11:34:00+00:00","dateModified":"2024-04-26T11:48:33+00:00","mainEntityOfPage":{"@id":"https:\/\/pakuten.pl\/blog\/biurowe-stylizacje-letnie\/#webpage"},"wordCount":494,"commentCount":0,"publisher":{"@id":"https:\/\/pakuten.pl\/blog\/#organization"},"image":{"@id":"https:\/\/pakuten.pl\/blog\/biurowe-stylizacje-letnie\/#primaryimage"},"thumbnailUrl":"https:\/\/pakuten.pl\/blog\/wp-content\/uploads\/2024\/04\/Letnie-biurowe-stylizacje-od-Pakuten_Jak-byc\u0301-elegancka\u0328-nawet-w-upaly.jpg","articleSection":["Top Trends"],"inLanguage":"pl-PL","potentialAction":[{"@type":"CommentAction","name":"Comment","target":["https:\/\/pakuten.pl\/blog\/biurowe-stylizacje-letnie\/#respond"]}]},{"@type":"Person","@id":"https:\/\/pakuten.pl\/blog\/#\/schema\/person\/d7133af30211381a4e4536d088384556","name":"Pakuten Girl","image":{"@type":"ImageObject","@id":"https:\/\/pakuten.pl\/blog\/#personlogo","inLanguage":"pl-PL","url":"https:\/\/secure.gravatar.com\/avatar\/d3df41de2caf92e6cfded9430c2ff352?s=96&d=mm&r=g","contentUrl":"https:\/\/secure.gravatar.com\/avatar\/d3df41de2caf92e6cfded9430c2ff352?s=96&d=mm&r=g","caption":"Pakuten Girl"},"description":"Cze\u015b\u0107, nazywam si\u0119 Ola. Kocham Netflixa, sals\u0119, nowo\u015bci kosmetyczne i najnowsze trendy w modzie.","url":"https:\/\/pakuten.pl\/blog\/author\/pakuten-girl\/"}]}},"_links":{"self":[{"href":"https:\/\/pakuten.pl\/blog\/wp-json\/wp\/v2\/posts\/8511"}],"collection":[{"href":"https:\/\/pakuten.pl\/blog\/wp-json\/wp\/v2\/posts"}],"about":[{"href":"https:\/\/pakuten.pl\/blog\/wp-json\/wp\/v2\/types\/post"}],"author":[{"embeddable":true,"href":"https:\/\/pakuten.pl\/blog\/wp-json\/wp\/v2\/users\/3"}],"replies":[{"embeddable":true,"href":"https:\/\/pakuten.pl\/blog\/wp-json\/wp\/v2\/comments?post=8511"}],"version-history":[{"count":5,"href":"https:\/\/pakuten.pl\/blog\/wp-json\/wp\/v2\/posts\/8511\/revisions"}],"predecessor-version":[{"id":8520,"href":"https:\/\/pakuten.pl\/blog\/wp-json\/wp\/v2\/posts\/8511\/revisions\/8520"}],"wp:featuredmedia":[{"embeddable":true,"href":"https:\/\/pakuten.pl\/blog\/wp-json\/wp\/v2\/media\/8516"}],"wp:attachment":[{"href":"https:\/\/pakuten.pl\/blog\/wp-json\/wp\/v2\/media?parent=8511"}],"wp:term":[{"taxonomy":"category","embeddable":true,"href":"https:\/\/pakuten.pl\/blog\/wp-json\/wp\/v2\/categories?post=8511"},{"taxonomy":"post_tag","embeddable":true,"href":"https:\/\/pakuten.pl\/blog\/wp-json\/wp\/v2\/tags?post=8511"}],"curies":[{"name":"wp","href":"https:\/\/api.w.org\/{rel}","templated":true}]}}