{"id":8538,"date":"2024-05-10T13:26:00","date_gmt":"2024-05-10T11:26:00","guid":{"rendered":"https:\/\/pakuten.pl\/blog\/?p=8538"},"modified":"2024-04-29T13:29:09","modified_gmt":"2024-04-29T11:29:09","slug":"kombinezon-na-rozne-okazje","status":"publish","type":"post","link":"https:\/\/pakuten.pl\/blog\/kombinezon-na-rozne-okazje\/","title":{"rendered":"Kombinezon na r\u00f3\u017cne okazje: uniwersalno\u015b\u0107 i styl w jednym."},"content":{"rendered":"\n<p class=\"p1\"><strong>Kombinezon na r\u00f3\u017cne okazje to niezast\u0105piony element garderoby, kt\u00f3ry zyska\u0142 ogromn\u0105 popularno\u015b\u0107 dzi\u0119ki swojej uniwersalno\u015bci i elegancji. Ten jednocz\u0119\u015bciowy str\u00f3j mo\u017ce by\u0107 stylizowany na wiele sposob\u00f3w, dostosowuj\u0105c si\u0119 do r\u00f3\u017cnorodnych uroczysto\u015bci, od casualowych spotka\u0144 po eleganckie wieczory. W dzisiejszym wpisie przyjrzymy si\u0119, jak mo\u017cna nosi\u0107 kombinezony na r\u00f3\u017cne okazje, aby zawsze wygl\u0105da\u0107 stylowo i na czasie.<\/strong><\/p>\n<h2 class=\"p1\"><span style=\"color: #ff9900;\">Kombinezon na co dzie\u0144 \u2013 wygoda i styl<\/span><\/h2>\n<p class=\"p1\">Na co dzie\u0144 warto postawi\u0107 na kombinezony wykonane z mi\u0119kkich, przewiewnych materia\u0142\u00f3w jak bawe\u0142na czy len. Idealnym wyborem b\u0119dzie model o lu\u017aniejszym kroju, kt\u00f3ry nie kr\u0119puje ruch\u00f3w, zapewniaj\u0105c komfort przez ca\u0142y dzie\u0144. Mo\u017cesz wybra\u0107 <span style=\"color: #ff9900;\"><a style=\"color: #ff9900;\" href=\"https:\/\/pakuten.pl\/21-kombinezony\" target=\"_blank\" rel=\"noopener\">kombinezon<\/a><\/span> z kr\u00f3tkim r\u0119kawem lub na rami\u0105czkach, w zale\u017cno\u015bci od pory roku. Stylizacj\u0119 casualow\u0105 uzupe\u0142ni\u0105 trampki lub sanda\u0142y, a ca\u0142o\u015b\u0107 mo\u017cna podkre\u015bli\u0107 dodatkami takimi jak du\u017ca torba czy casualowy kapelusz.<\/p>\n<p>\u00a0<\/p>\n<blockquote class=\"instagram-media\" style=\"background: #FFF; border: 0; border-radius: 3px; box-shadow: 0 0 1px 0 rgba(0,0,0,0.5),0 1px 10px 0 rgba(0,0,0,0.15); margin: 1px; max-width: 540px; min-width: 326px; padding: 0; width: calc(100% - 2px);\" data-instgrm-permalink=\"https:\/\/www.instagram.com\/reel\/C5pmswoo3vo\/?utm_source=ig_embed&amp;utm_campaign=loading\" data-instgrm-version=\"14\">\n<div style=\"padding: 16px;\">\n<div style=\"display: flex; flex-direction: row; align-items: center;\">\n<div style=\"background-color: #f4f4f4; border-radius: 50%; flex-grow: 0; height: 40px; margin-right: 14px; width: 40px;\">\u00a0<\/div>\n<div style=\"display: flex; flex-direction: column; flex-grow: 1; justify-content: center;\">\n<div style=\"background-color: #f4f4f4; border-radius: 4px; flex-grow: 0; height: 14px; margin-bottom: 6px; width: 100px;\">\u00a0<\/div>\n<div style=\"background-color: #f4f4f4; border-radius: 4px; flex-grow: 0; height: 14px; width: 60px;\">\u00a0<\/div>\n<\/div>\n<\/div>\n<div style=\"padding: 19% 0;\">\u00a0<\/div>\n<div style=\"display: block; height: 50px; margin: 0 auto 12px; width: 50px;\">\u00a0<\/div>\n<div style=\"padding-top: 8px;\">\n<div style=\"color: #3897f0; font-family: Arial,sans-serif; font-size: 14px; font-style: normal; font-weight: 550; line-height: 18px;\">Wy\u015bwietl ten post na Instagramie<\/div>\n<\/div>\n<div style=\"padding: 12.5% 0;\">\u00a0<\/div>\n<div style=\"display: flex; flex-direction: row; margin-bottom: 14px; align-items: center;\">\n<div>\n<div style=\"background-color: #f4f4f4; border-radius: 50%; height: 12.5px; width: 12.5px; transform: translateX(0px) translateY(7px);\">\u00a0<\/div>\n<div style=\"background-color: #f4f4f4; height: 12.5px; transform: rotate(-45deg) translateX(3px) translateY(1px); width: 12.5px; flex-grow: 0; margin-right: 14px; margin-left: 2px;\">\u00a0<\/div>\n<div style=\"background-color: #f4f4f4; border-radius: 50%; height: 12.5px; width: 12.5px; transform: translateX(9px) translateY(-18px);\">\u00a0<\/div>\n<\/div>\n<div style=\"margin-left: 8px;\">\n<div style=\"background-color: #f4f4f4; border-radius: 50%; flex-grow: 0; height: 20px; width: 20px;\">\u00a0<\/div>\n<div style=\"width: 0; height: 0; border-top: 2px solid transparent; border-left: 6px solid #f4f4f4; border-bottom: 2px solid transparent; transform: translateX(16px) translateY(-4px) rotate(30deg);\">\u00a0<\/div>\n<\/div>\n<div style=\"margin-left: auto;\">\n<div style=\"width: 0px; border-top: 8px solid #F4F4F4; border-right: 8px solid transparent; transform: translateY(16px);\">\u00a0<\/div>\n<div style=\"background-color: #f4f4f4; flex-grow: 0; height: 12px; width: 16px; transform: translateY(-4px);\">\u00a0<\/div>\n<div style=\"width: 0; height: 0; border-top: 8px solid #F4F4F4; border-left: 8px solid transparent; transform: translateY(-4px) translateX(8px);\">\u00a0<\/div>\n<\/div>\n<\/div>\n<div style=\"display: flex; flex-direction: column; flex-grow: 1; justify-content: center; margin-bottom: 24px;\">\n<div style=\"background-color: #f4f4f4; border-radius: 4px; flex-grow: 0; height: 14px; margin-bottom: 6px; width: 224px;\">\u00a0<\/div>\n<div style=\"background-color: #f4f4f4; border-radius: 4px; flex-grow: 0; height: 14px; width: 144px;\">\u00a0<\/div>\n<\/div>\n<p style=\"color: #c9c8cd; font-family: Arial,sans-serif; font-size: 14px; line-height: 17px; margin-bottom: 0; margin-top: 8px; overflow: hidden; padding: 8px 0 7px; text-align: center; text-overflow: ellipsis; white-space: nowrap;\"><a style=\"color: #c9c8cd; font-family: Arial,sans-serif; font-size: 14px; font-style: normal; font-weight: normal; line-height: 17px; text-decoration: none;\" href=\"https:\/\/www.instagram.com\/reel\/C5pmswoo3vo\/?utm_source=ig_embed&amp;utm_campaign=loading\" target=\"_blank\" rel=\"noopener\">Post udost\u0119pniony przez Pakuten.pl \u2022 Modna i tania odzie\u017c damska (@pakuten.official)<\/a><\/p>\n<\/div>\n<\/blockquote>\n<p><script async src=\"\/\/www.instagram.com\/embed.js\"><\/script><\/p>\n<h2 class=\"p1\"><span style=\"color: #ff9900;\">Kombinezon w biurze \u2013 elegancja w profesjonalnym wydaniu<\/span><\/h2>\n<p class=\"p1\">Kombinezon na r\u00f3\u017cne okazje sprawdzi si\u0119 tak\u017ce jako str\u00f3j do pracy, szczeg\u00f3lnie je\u015bli zale\u017cy Ci na eleganckim i profesjonalnym wizerunku. Wybierz modele o prostym kroju, wykonane z g\u0142adkich tkanin jak wiskoza czy mieszanki poliestrowe. Kolory takie jak czer\u0144, granat czy g\u0142\u0119boki zielony podkre\u015bl\u0105 powag\u0119 stylizacji. Kombinezon dobrze wygl\u0105da z marynark\u0105 lub eleganckim \u017cakietem, a w po\u0142\u0105czeniu z obcasami stworzy efektowny i profesjonalny look biurowy.<\/p>\n<div class=\"product-box-container\">\r\n<div class=\"one_third \" style=\"\">\r\n<div class=\"product-box\">\r\n<a href=\"https:\/\/pakuten.pl\/37826-81595-szary-kombinezon-z-kopertowym-dekoltem-toya-szary.html\" target=\"_blank\">\r\n <img src=\"https:\/\/media.pakuten.pl\/222618-large_default\/szary-kombinezon-z-kopertowym-dekoltem-toya.jpg\" alt=\"Szary kombinezon z kopertowym dekoltem Toya\"\/>\r\n<\/a>\r\n<p>\r\n<a href=\"https:\/\/pakuten.pl\/37826-81595-szary-kombinezon-z-kopertowym-dekoltem-toya-szary.html\" target=\"_blank\">\r\nSzary kombinezon z kopertowym dekoltem Toya\r\n<\/a><\/p>\r\n  <p>Cena: 99,99\u00a0z\u0142<\/p>\r\n<a href=\"https:\/\/pakuten.pl\/37826-81595-szary-kombinezon-z-kopertowym-dekoltem-toya-szary.html\" target=\"_blank\" class=\"button\">\r\nZobacz w sklepie\r\n<\/a>\r\n<\/div>\r\n<\/div>\r\n<div class=\"one_third \" style=\"\">\r\n<div class=\"product-box\">\r\n<a href=\"https:\/\/pakuten.pl\/37775-81526-wzorzysty-kombinezon-z-glebokim-dekoltem-bellari-wzor-1-wzor-1.html\" target=\"_blank\">\r\n  <img src=\"https:\/\/media.pakuten.pl\/222381-large_default\/wzorzysty-kombinezon-z-glebokim-dekoltem-bellari-wzor-1.jpg\" alt=\"Wzorzysty kombinezon z g\u0142\u0119bokim dekoltem Bellari - wz\u00f3r 1\"\/>\r\n<\/a>\r\n<p>\r\n<a href=\"https:\/\/pakuten.pl\/37775-81526-wzorzysty-kombinezon-z-glebokim-dekoltem-bellari-wzor-1-wzor-1.html\" target=\"_blank\">\r\nWzorzysty kombinezon z g\u0142\u0119bokim dekoltem Bellari - wz\u00f3r 1\r\n<\/a><\/p>\r\n  <p>Cena: 163,31\u00a0z\u0142<\/p>\r\n<a href=\"https:\/\/pakuten.pl\/37775-81526-wzorzysty-kombinezon-z-glebokim-dekoltem-bellari-wzor-1-wzor-1.html\" target=\"_blank\" class=\"button\">\r\nZobacz w sklepie\r\n<\/a>\r\n<\/div>\r\n<\/div>\r\n<div class=\"one_third last \" style=\"\">\r\n<div class=\"product-box\">\r\n<a href=\"https:\/\/pakuten.pl\/37827-81596-kombinezon-z-kopertowym-dekoltem-toya-fuksja-fuksja.html\" target=\"_blank\">\r\n  <img src=\"https:\/\/media.pakuten.pl\/222636-large_default\/kombinezon-z-kopertowym-dekoltem-toya-fuksja.jpg\" alt=\"Kombinezon z kopertowym dekoltem Toya - fuksja\"\/>\r\n<\/a>\r\n<p>\r\n<a href=\"https:\/\/pakuten.pl\/37827-81596-kombinezon-z-kopertowym-dekoltem-toya-fuksja-fuksja.html\" target=\"_blank\">\r\nKombinezon z kopertowym dekoltem Toya - fuksja\r\n<\/a><\/p>\r\n  <p>Cena: 99,99\u00a0z\u0142<\/p>\r\n<a href=\"https:\/\/pakuten.pl\/37827-81596-kombinezon-z-kopertowym-dekoltem-toya-fuksja-fuksja.html\" target=\"_blank\" class=\"button\">\r\nZobacz w sklepie\r\n<\/a>\r\n<\/div>\r\n<\/div><br class=\"clear\"\/>\r\n<\/div>\n<h2 class=\"p1\"><span style=\"color: #ff9900;\">Kombinezon na specjalne okazje \u2013 od \u015bwi\u0119towania do wieczornego wyj\u015bcia<\/span><\/h2>\n<p class=\"p1\">Kiedy my\u015blimy o kombinezonie na r\u00f3\u017cne okazje, nie mo\u017cna zapomnie\u0107 o tych wyj\u0105tkowych momentach, takich jak wesela, bankiety czy teatralne premiery. W takich sytuacjach warto postawi\u0107 na kombinezony z eleganckich materia\u0142\u00f3w, takich jak jedwab czy satyna, kt\u00f3re dodadz\u0105 blasku i ekskluzywno\u015bci. Model z d\u0142ugimi r\u0119kawami, ozdobnymi detalami takimi jak falbany czy koronki sprawdzi si\u0119 doskonale. Stylizacj\u0119 dope\u0142ni\u0105 wysokie szpilki, elegancka kopert\u00f3wka i delikatna bi\u017cuteria, kt\u00f3ra podkre\u015bli szyk i elegancj\u0119 stroju.<\/p>\n<p><img loading=\"lazy\" class=\"aligncenter size-full wp-image-8541\" src=\"https:\/\/pakuten.pl\/blog\/wp-content\/uploads\/2024\/04\/Elegancki-kombinezon-na-okazje.jpeg\" alt=\"Kombinezon na specjalne okazje \" width=\"384\" height=\"514\" \/><\/p>\n<h2 class=\"p1\"><span style=\"color: #ff9900;\">Kombinezon na aktywny wypoczynek \u2013 funkcjonalno\u015b\u0107 i swoboda<\/span><\/h2>\n<p class=\"p1\">Kombinezony s\u0105 r\u00f3wnie\u017c \u015bwietnym wyborem na aktywny wypoczynek, takie jak wycieczki czy spacery po mie\u015bcie. W tej roli \u015bwietnie sprawdz\u0105 si\u0119 modele sportowe, wykonane z elastycznych materia\u0142\u00f3w, kt\u00f3re nie ograniczaj\u0105 ruch\u00f3w. Kombinezon na r\u00f3\u017cne okazje w wersji sportowej najlepiej wygl\u0105da z sneakersami lub innym sportowym obuwiem. Dodatki takie jak plecak czy sportowa opaska na g\u0142ow\u0119 mog\u0105 uzupe\u0142ni\u0107 i podkre\u015bli\u0107 casualowy charakter stylizacji.<\/p>\n<div class=\"product-box-container\">\r\n<div class=\"one_third \" style=\"\">\r\n<div class=\"product-box\">\r\n<a href=\"https:\/\/pakuten.pl\/37886-81694-bialy-kombinezon-z-paskiem-dennisse-bialy.html\" target=\"_blank\">\r\n <img src=\"https:\/\/media.pakuten.pl\/222938-large_default\/bialy-kombinezon-z-paskiem-dennisse.jpg\" alt=\"Bia\u0142y kombinezon z paskiem Dennisse\"\/>\r\n<\/a>\r\n<p>\r\n<a href=\"https:\/\/pakuten.pl\/37886-81694-bialy-kombinezon-z-paskiem-dennisse-bialy.html\" target=\"_blank\">\r\nBia\u0142y kombinezon z paskiem Dennisse\r\n<\/a><\/p>\r\n  <p>Cena: 186,63\u00a0z\u0142<\/p>\r\n<a href=\"https:\/\/pakuten.pl\/37886-81694-bialy-kombinezon-z-paskiem-dennisse-bialy.html\" target=\"_blank\" class=\"button\">\r\nZobacz w sklepie\r\n<\/a>\r\n<\/div>\r\n<\/div>\r\n<div class=\"one_third \" style=\"\">\r\n<div class=\"product-box\">\r\n<a href=\"https:\/\/pakuten.pl\/36497-79419-czarny-kombinezon-z-zamkiem-koami-czarny.html\" target=\"_blank\">\r\n  <img src=\"https:\/\/media.pakuten.pl\/215643-large_default\/czarny-kombinezon-z-zamkiem-koami.jpg\" alt=\"Czarny kombinezon z zamkiem Koami\"\/>\r\n<\/a>\r\n<p>\r\n<a href=\"https:\/\/pakuten.pl\/36497-79419-czarny-kombinezon-z-zamkiem-koami-czarny.html\" target=\"_blank\">\r\nCzarny kombinezon z zamkiem Koami\r\n<\/a><\/p>\r\n  <p>Cena: 147,69\u00a0z\u0142<\/p>\r\n<a href=\"https:\/\/pakuten.pl\/36497-79419-czarny-kombinezon-z-zamkiem-koami-czarny.html\" target=\"_blank\" class=\"button\">\r\nZobacz w sklepie\r\n<\/a>\r\n<\/div>\r\n<\/div>\r\n<div class=\"one_third last \" style=\"\">\r\n<div class=\"product-box\">\r\n<a href=\"https:\/\/pakuten.pl\/36596-79564-bezowy-kombinezon-z-zamkiem-i-krotkimi-rekawami-polney-bezowy.html\" target=\"_blank\">\r\n  <img src=\"https:\/\/media.pakuten.pl\/216107-large_default\/bezowy-kombinezon-z-zamkiem-i-krotkimi-rekawami-polney.jpg\" alt=\"Be\u017cowy kombinezon z zamkiem i kr\u00f3tkimi r\u0119kawami Polney\"\/>\r\n<\/a>\r\n<p>\r\n<a href=\"https:\/\/pakuten.pl\/36596-79564-bezowy-kombinezon-z-zamkiem-i-krotkimi-rekawami-polney-bezowy.html\" target=\"_blank\">\r\nBe\u017cowy kombinezon z zamkiem i kr\u00f3tkimi r\u0119kawami Polney\r\n<\/a><\/p>\r\n  <p>Cena: 69,99\u00a0z\u0142<\/p>\r\n<a href=\"https:\/\/pakuten.pl\/36596-79564-bezowy-kombinezon-z-zamkiem-i-krotkimi-rekawami-polney-bezowy.html\" target=\"_blank\" class=\"button\">\r\nZobacz w sklepie\r\n<\/a>\r\n<\/div>\r\n<\/div><br class=\"clear\"\/>\r\n<\/div>\n<h2><span style=\"color: #ff9900;\">Kombinezon w kwiatowe printy \u2013 idealny na letnie dni<\/span><\/h2>\n<p class=\"p1\">Letnie miesi\u0105ce to idealny czas, aby w\u0142\u0105czy\u0107 do swojej garderoby <strong>kombinezony w kwiatowe printy<\/strong>, kt\u00f3re doskonale oddaj\u0105 wakacyjny, beztroski nastr\u00f3j. Kolorowe wzory na lekkich i przewiewnych materia\u0142ach nie tylko przyci\u0105gaj\u0105 wzrok, komponuj\u0105 si\u0119 z letnim krajobrazem i pogod\u0105. Kombinezon w kwiatowe printy to \u015bwietna alternatywa dla sukienki, oferuj\u0105c zar\u00f3wno wygod\u0119, jak i elegancj\u0119. Idealne na piknik, spacer po pla\u017cy czy letnie przyj\u0119cie w ogrodzie, te kombinezony cz\u0119sto cechuj\u0105 si\u0119 lu\u017anymi nogawkami, co dodaje im lekko\u015bci i swobody. Mo\u017cna je \u0142atwo stylizowa\u0107 z sanda\u0142ami na p\u0142askim obcasie, kapeluszem z szerokim rondem i du\u017cymi, s\u0142onecznymi okularami, co stworzy sp\u00f3jny i efektowny look. Dodatkowo, warianty z dekoltem w serek lub wyko\u0144czone delikatnymi falbankami mog\u0105 podkre\u015bli\u0107 letni\u0105 opalenizn\u0119 i doda\u0107 uroku ca\u0142ej stylizacji. Kombinezony w kwiatowe wzory to bez w\u0105tpienia must-have na lato, kt\u00f3re \u0142\u0105czy w sobie wygod\u0119 codziennego u\u017cytku z niebanalnym stylem.<\/p>\n<div class=\"product-box-container\">\r\n<div class=\"one_third \" style=\"\">\r\n<div class=\"product-box\">\r\n<a href=\"https:\/\/pakuten.pl\/37474-81030-wzorzysty-kombinezon-z-dlugimi-rekawami-lezioon-e16-e16.html\" target=\"_blank\">\r\n <img src=\"https:\/\/media.pakuten.pl\/229110-large_default\/wzorzysty-kombinezon-z-dlugimi-rekawami-lezioon-e16.jpg\" alt=\"Wzorzysty kombinezon z d\u0142ugimi r\u0119kawami Lezioon- E16\"\/>\r\n<\/a>\r\n<p>\r\n<a href=\"https:\/\/pakuten.pl\/37474-81030-wzorzysty-kombinezon-z-dlugimi-rekawami-lezioon-e16-e16.html\" target=\"_blank\">\r\nWzorzysty kombinezon z d\u0142ugimi r\u0119kawami Lezioon- E16\r\n<\/a><\/p>\r\n  <p>Cena: 99,99\u00a0z\u0142<\/p>\r\n<a href=\"https:\/\/pakuten.pl\/37474-81030-wzorzysty-kombinezon-z-dlugimi-rekawami-lezioon-e16-e16.html\" target=\"_blank\" class=\"button\">\r\nZobacz w sklepie\r\n<\/a>\r\n<\/div>\r\n<\/div>\r\n<div class=\"one_third \" style=\"\">\r\n<div class=\"product-box\">\r\n<a href=\"https:\/\/pakuten.pl\/37261-80608-wzorzysty-kombinezon-z-wiazaniem-na-plecach-marcella-e1-e1.html\" target=\"_blank\">\r\n  <img src=\"https:\/\/media.pakuten.pl\/219588-large_default\/wzorzysty-kombinezon-z-wiazaniem-na-plecach-marcella-e1.jpg\" alt=\"Wzorzysty kombinezon jak sukienka z wi\u0105zaniem na plecach Marcella - E1\"\/>\r\n<\/a>\r\n<p>\r\n<a href=\"https:\/\/pakuten.pl\/37261-80608-wzorzysty-kombinezon-z-wiazaniem-na-plecach-marcella-e1-e1.html\" target=\"_blank\">\r\nWzorzysty kombinezon jak sukienka z wi\u0105zaniem na plecach Marcella - E1\r\n<\/a><\/p>\r\n  <p>Cena: 237,99\u00a0z\u0142<\/p>\r\n<a href=\"https:\/\/pakuten.pl\/37261-80608-wzorzysty-kombinezon-z-wiazaniem-na-plecach-marcella-e1-e1.html\" target=\"_blank\" class=\"button\">\r\nZobacz w sklepie\r\n<\/a>\r\n<\/div>\r\n<\/div>\r\n<div class=\"one_third last \" style=\"\">\r\n<div class=\"product-box\">\r\n<a href=\"https:\/\/pakuten.pl\/37300-80681-wzorzysty-kombinezon-z-wiazaniem-na-plecach-marcella-e15-e15.html\" target=\"_blank\">\r\n  <img src=\"https:\/\/media.pakuten.pl\/219940-large_default\/wzorzysty-kombinezon-z-wiazaniem-na-plecach-marcella-e15.jpg\" alt=\"Wzorzysty kombinezon jak sukienka z wi\u0105zaniem na plecach Marcella - E15\"\/>\r\n<\/a>\r\n<p>\r\n<a href=\"https:\/\/pakuten.pl\/37300-80681-wzorzysty-kombinezon-z-wiazaniem-na-plecach-marcella-e15-e15.html\" target=\"_blank\">\r\nWzorzysty kombinezon jak sukienka z wi\u0105zaniem na plecach Marcella - E15\r\n<\/a><\/p>\r\n  <p>Cena: 237,99\u00a0z\u0142<\/p>\r\n<a href=\"https:\/\/pakuten.pl\/37300-80681-wzorzysty-kombinezon-z-wiazaniem-na-plecach-marcella-e15-e15.html\" target=\"_blank\" class=\"button\">\r\nZobacz w sklepie\r\n<\/a>\r\n<\/div>\r\n<\/div><br class=\"clear\"\/>\r\n<\/div>\n<p>\u00a0<\/p>\n<p class=\"p1\">Kombinezon na r\u00f3\u017cne okazje to prawdziwie wszechstronny element garderoby, kt\u00f3ry pozwala na kreowanie wielu interesuj\u0105cych stylizacji. Bez wzgl\u0119du na to, czy wybierasz si\u0119 na formalne spotkanie, czy planujesz sp\u0119dzi\u0107 dzie\u0144 na \u0142onie natury, kombinezon zawsze sprawdzi si\u0119 doskonale. Pami\u0119taj, \u017ce kluczem do idealnej stylizacji jest dobranie odpowiednich dodatk\u00f3w i akcesori\u00f3w, kt\u00f3re pozwol\u0105 w pe\u0142ni wykorzysta\u0107 potencja\u0142 tego uniwersalnego stroju. Warto mie\u0107 w swojej szafie przynajmniej jeden dobrze dopasowany kombinezon, kt\u00f3ry b\u0119dzie s\u0142u\u017cy\u0142 na r\u00f3\u017cne okazje, podkre\u015blaj\u0105c Tw\u00f3j styl i osobowo\u015b\u0107.<\/p>\n\n\n<div class=\"kk-star-ratings kksr-auto kksr-align-right kksr-valign-bottom\"\n    data-payload='{&quot;align&quot;:&quot;right&quot;,&quot;id&quot;:&quot;8538&quot;,&quot;slug&quot;:&quot;default&quot;,&quot;valign&quot;:&quot;bottom&quot;,&quot;ignore&quot;:&quot;&quot;,&quot;reference&quot;:&quot;auto&quot;,&quot;class&quot;:&quot;&quot;,&quot;count&quot;:&quot;0&quot;,&quot;legendonly&quot;:&quot;&quot;,&quot;readonly&quot;:&quot;&quot;,&quot;score&quot;:&quot;0&quot;,&quot;starsonly&quot;:&quot;&quot;,&quot;best&quot;:&quot;5&quot;,&quot;gap&quot;:&quot;5&quot;,&quot;greet&quot;:&quot;Rate this post&quot;,&quot;legend&quot;:&quot;0\\\/5 - (0 votes)&quot;,&quot;size&quot;:&quot;24&quot;,&quot;width&quot;:&quot;0&quot;,&quot;_legend&quot;:&quot;{score}\\\/{best} - ({count} {votes})&quot;,&quot;font_factor&quot;:&quot;1.25&quot;}'>\n            \n<div class=\"kksr-stars\">\n    \n<div class=\"kksr-stars-inactive\">\n            <div class=\"kksr-star\" data-star=\"1\" style=\"padding-right: 5px\">\n            \n\n<div class=\"kksr-icon\" style=\"width: 24px; height: 24px;\"><\/div>\n        <\/div>\n            <div class=\"kksr-star\" data-star=\"2\" style=\"padding-right: 5px\">\n            \n\n<div class=\"kksr-icon\" style=\"width: 24px; height: 24px;\"><\/div>\n        <\/div>\n            <div class=\"kksr-star\" data-star=\"3\" style=\"padding-right: 5px\">\n            \n\n<div class=\"kksr-icon\" style=\"width: 24px; height: 24px;\"><\/div>\n        <\/div>\n            <div class=\"kksr-star\" data-star=\"4\" style=\"padding-right: 5px\">\n            \n\n<div class=\"kksr-icon\" style=\"width: 24px; height: 24px;\"><\/div>\n        <\/div>\n            <div class=\"kksr-star\" data-star=\"5\" style=\"padding-right: 5px\">\n            \n\n<div class=\"kksr-icon\" style=\"width: 24px; height: 24px;\"><\/div>\n        <\/div>\n    <\/div>\n    \n<div class=\"kksr-stars-active\" style=\"width: 0px;\">\n            <div class=\"kksr-star\" style=\"padding-right: 5px\">\n            \n\n<div class=\"kksr-icon\" style=\"width: 24px; height: 24px;\"><\/div>\n        <\/div>\n            <div class=\"kksr-star\" style=\"padding-right: 5px\">\n            \n\n<div class=\"kksr-icon\" style=\"width: 24px; height: 24px;\"><\/div>\n        <\/div>\n            <div class=\"kksr-star\" style=\"padding-right: 5px\">\n            \n\n<div class=\"kksr-icon\" style=\"width: 24px; height: 24px;\"><\/div>\n        <\/div>\n            <div class=\"kksr-star\" style=\"padding-right: 5px\">\n            \n\n<div class=\"kksr-icon\" style=\"width: 24px; height: 24px;\"><\/div>\n        <\/div>\n            <div class=\"kksr-star\" style=\"padding-right: 5px\">\n            \n\n<div class=\"kksr-icon\" style=\"width: 24px; height: 24px;\"><\/div>\n        <\/div>\n    <\/div>\n<\/div>\n                \n\n<div class=\"kksr-legend\" style=\"font-size: 19.2px;\">\n            <span class=\"kksr-muted\">Rate this post<\/span>\n    <\/div>\n    <\/div>\n","protected":false},"excerpt":{"rendered":"<p class=\"p1\" style=\"margin: 0px; font-variant-numeric: normal; font-variant-east-asian: normal; font-variant-alternates: normal; font-kerning: auto; font-optical-sizing: auto; font-feature-settings: normal; font-variation-settings: normal; font-variant-position: normal; font-stretch: normal; font-size: 12px; line-height: normal; font-family: 'Helvetica Neue'; color: #000000;\">Kombinezon na r\u00f3\u017cne okazje to niezast\u0105piony element garderoby, kt\u00f3ry zyska\u0142 ogromn\u0105 popularno\u015b\u0107 dzi\u0119ki swojej uniwersalno\u015bci i elegancji. Ten jednocz\u0119\u015bciowy str\u00f3j mo\u017ce by\u0107 stylizowany na wiele sposob\u00f3w, dostosowuj\u0105c si\u0119 do r\u00f3\u017cnorodnych uroczysto\u015bci, od casualowych spotka\u0144 po eleganckie wieczory. W dzisiejszym wpisie przyjrzymy si\u0119, jak mo\u017cna nosi\u0107 kombinezony na r\u00f3\u017cne okazje, aby zawsze wygl\u0105da\u0107 stylowo i na czasie.<\/p>\n","protected":false},"author":3,"featured_media":8540,"comment_status":"open","ping_status":"open","sticky":false,"template":"","format":"standard","meta":[],"categories":[5],"tags":[],"yoast_head":"<!-- This site is optimized with the Yoast SEO plugin v18.4.1 - https:\/\/yoast.com\/wordpress\/plugins\/seo\/ -->\n<title>Kombinezon na r\u00f3\u017cne okazje: uniwersalno\u015b\u0107 i styl w jednym. - Pakuten blog<\/title>\n<meta name=\"description\" content=\"Kombinezon na r\u00f3\u017cne okazje to niezast\u0105piony element garderoby, kt\u00f3ry zyska\u0142 ogromn\u0105 popularno\u015b\u0107 dzi\u0119ki swojej uniwersalno\u015bci i elegancji. % W dzisiejszym wpisie przyjrzymy si\u0119, jak mo\u017cna nosi\u0107 kombinezony na r\u00f3\u017cne okazje, aby zawsze wygl\u0105da\u0107 stylowo i na czasie.\" \/>\n<meta name=\"robots\" content=\"index, follow, max-snippet:-1, max-image-preview:large, max-video-preview:-1\" \/>\n<link rel=\"canonical\" href=\"https:\/\/pakuten.pl\/blog\/kombinezon-na-rozne-okazje\/\" \/>\n<meta property=\"og:locale\" content=\"pl_PL\" \/>\n<meta property=\"og:type\" content=\"article\" \/>\n<meta property=\"og:title\" content=\"Kombinezon na r\u00f3\u017cne okazje: uniwersalno\u015b\u0107 i styl w jednym. - Pakuten blog\" \/>\n<meta property=\"og:description\" content=\"Kombinezon na r\u00f3\u017cne okazje to niezast\u0105piony element garderoby, kt\u00f3ry zyska\u0142 ogromn\u0105 popularno\u015b\u0107 dzi\u0119ki swojej uniwersalno\u015bci i elegancji. % W dzisiejszym wpisie przyjrzymy si\u0119, jak mo\u017cna nosi\u0107 kombinezony na r\u00f3\u017cne okazje, aby zawsze wygl\u0105da\u0107 stylowo i na czasie.\" \/>\n<meta property=\"og:url\" content=\"https:\/\/pakuten.pl\/blog\/kombinezon-na-rozne-okazje\/\" \/>\n<meta property=\"og:site_name\" content=\"Pakuten blog\" \/>\n<meta property=\"article:published_time\" content=\"2024-05-10T11:26:00+00:00\" \/>\n<meta property=\"article:modified_time\" content=\"2024-04-29T11:29:09+00:00\" \/>\n<meta property=\"og:image\" content=\"https:\/\/pakuten.pl\/blog\/wp-content\/uploads\/2024\/04\/Kombinezon-na-ro\u0301z\u0307ne-okazje_uniwersalnos\u0301c\u0301-i-styl-w-jednym.jpg\" \/>\n\t<meta property=\"og:image:width\" content=\"1280\" \/>\n\t<meta property=\"og:image:height\" content=\"853\" \/>\n\t<meta property=\"og:image:type\" content=\"image\/jpeg\" \/>\n<meta name=\"twitter:card\" content=\"summary_large_image\" \/>\n<meta name=\"twitter:label1\" content=\"Napisane przez\" \/>\n\t<meta name=\"twitter:data1\" content=\"Pakuten Girl\" \/>\n\t<meta name=\"twitter:label2\" content=\"Szacowany czas czytania\" \/>\n\t<meta name=\"twitter:data2\" content=\"4 minuty\" \/>\n<script type=\"application\/ld+json\" class=\"yoast-schema-graph\">{\"@context\":\"https:\/\/schema.org\",\"@graph\":[{\"@type\":\"Organization\",\"@id\":\"https:\/\/pakuten.pl\/blog\/#organization\",\"name\":\"Pakuten\",\"url\":\"https:\/\/pakuten.pl\/blog\/\",\"sameAs\":[],\"logo\":{\"@type\":\"ImageObject\",\"@id\":\"https:\/\/pakuten.pl\/blog\/#logo\",\"inLanguage\":\"pl-PL\",\"url\":\"http:\/\/pakuten.pl\/blog\/wp-content\/uploads\/2018\/01\/pakuten_logo.png\",\"contentUrl\":\"http:\/\/pakuten.pl\/blog\/wp-content\/uploads\/2018\/01\/pakuten_logo.png\",\"width\":300,\"height\":120,\"caption\":\"Pakuten\"},\"image\":{\"@id\":\"https:\/\/pakuten.pl\/blog\/#logo\"}},{\"@type\":\"WebSite\",\"@id\":\"https:\/\/pakuten.pl\/blog\/#website\",\"url\":\"https:\/\/pakuten.pl\/blog\/\",\"name\":\"Pakuten blog\",\"description\":\"Blog sklepu internetowego pakuten.pl\",\"publisher\":{\"@id\":\"https:\/\/pakuten.pl\/blog\/#organization\"},\"potentialAction\":[{\"@type\":\"SearchAction\",\"target\":{\"@type\":\"EntryPoint\",\"urlTemplate\":\"https:\/\/pakuten.pl\/blog\/?s={search_term_string}\"},\"query-input\":\"required name=search_term_string\"}],\"inLanguage\":\"pl-PL\"},{\"@type\":\"ImageObject\",\"@id\":\"https:\/\/pakuten.pl\/blog\/kombinezon-na-rozne-okazje\/#primaryimage\",\"inLanguage\":\"pl-PL\",\"url\":\"https:\/\/pakuten.pl\/blog\/wp-content\/uploads\/2024\/04\/Kombinezon-na-ro\u0301z\u0307ne-okazje_uniwersalnos\u0301c\u0301-i-styl-w-jednym.jpg\",\"contentUrl\":\"https:\/\/pakuten.pl\/blog\/wp-content\/uploads\/2024\/04\/Kombinezon-na-ro\u0301z\u0307ne-okazje_uniwersalnos\u0301c\u0301-i-styl-w-jednym.jpg\",\"width\":1280,\"height\":853,\"caption\":\"KOMBINEZON w kwiatowy print\"},{\"@type\":\"WebPage\",\"@id\":\"https:\/\/pakuten.pl\/blog\/kombinezon-na-rozne-okazje\/#webpage\",\"url\":\"https:\/\/pakuten.pl\/blog\/kombinezon-na-rozne-okazje\/\",\"name\":\"Kombinezon na r\u00f3\u017cne okazje: uniwersalno\u015b\u0107 i styl w jednym. - Pakuten blog\",\"isPartOf\":{\"@id\":\"https:\/\/pakuten.pl\/blog\/#website\"},\"primaryImageOfPage\":{\"@id\":\"https:\/\/pakuten.pl\/blog\/kombinezon-na-rozne-okazje\/#primaryimage\"},\"datePublished\":\"2024-05-10T11:26:00+00:00\",\"dateModified\":\"2024-04-29T11:29:09+00:00\",\"description\":\"Kombinezon na r\u00f3\u017cne okazje to niezast\u0105piony element garderoby, kt\u00f3ry zyska\u0142 ogromn\u0105 popularno\u015b\u0107 dzi\u0119ki swojej uniwersalno\u015bci i elegancji. % W dzisiejszym wpisie przyjrzymy si\u0119, jak mo\u017cna nosi\u0107 kombinezony na r\u00f3\u017cne okazje, aby zawsze wygl\u0105da\u0107 stylowo i na czasie.\",\"breadcrumb\":{\"@id\":\"https:\/\/pakuten.pl\/blog\/kombinezon-na-rozne-okazje\/#breadcrumb\"},\"inLanguage\":\"pl-PL\",\"potentialAction\":[{\"@type\":\"ReadAction\",\"target\":[\"https:\/\/pakuten.pl\/blog\/kombinezon-na-rozne-okazje\/\"]}]},{\"@type\":\"BreadcrumbList\",\"@id\":\"https:\/\/pakuten.pl\/blog\/kombinezon-na-rozne-okazje\/#breadcrumb\",\"itemListElement\":[{\"@type\":\"ListItem\",\"position\":1,\"name\":\"Strona g\u0142\u00f3wna\",\"item\":\"https:\/\/pakuten.pl\/blog\/\"},{\"@type\":\"ListItem\",\"position\":2,\"name\":\"Kombinezon na r\u00f3\u017cne okazje: uniwersalno\u015b\u0107 i styl w jednym.\"}]},{\"@type\":\"Article\",\"@id\":\"https:\/\/pakuten.pl\/blog\/kombinezon-na-rozne-okazje\/#article\",\"isPartOf\":{\"@id\":\"https:\/\/pakuten.pl\/blog\/kombinezon-na-rozne-okazje\/#webpage\"},\"author\":{\"@id\":\"https:\/\/pakuten.pl\/blog\/#\/schema\/person\/d7133af30211381a4e4536d088384556\"},\"headline\":\"Kombinezon na r\u00f3\u017cne okazje: uniwersalno\u015b\u0107 i styl w jednym.\",\"datePublished\":\"2024-05-10T11:26:00+00:00\",\"dateModified\":\"2024-04-29T11:29:09+00:00\",\"mainEntityOfPage\":{\"@id\":\"https:\/\/pakuten.pl\/blog\/kombinezon-na-rozne-okazje\/#webpage\"},\"wordCount\":752,\"commentCount\":0,\"publisher\":{\"@id\":\"https:\/\/pakuten.pl\/blog\/#organization\"},\"image\":{\"@id\":\"https:\/\/pakuten.pl\/blog\/kombinezon-na-rozne-okazje\/#primaryimage\"},\"thumbnailUrl\":\"https:\/\/pakuten.pl\/blog\/wp-content\/uploads\/2024\/04\/Kombinezon-na-ro\u0301z\u0307ne-okazje_uniwersalnos\u0301c\u0301-i-styl-w-jednym.jpg\",\"articleSection\":[\"Inspirations\"],\"inLanguage\":\"pl-PL\",\"potentialAction\":[{\"@type\":\"CommentAction\",\"name\":\"Comment\",\"target\":[\"https:\/\/pakuten.pl\/blog\/kombinezon-na-rozne-okazje\/#respond\"]}]},{\"@type\":\"Person\",\"@id\":\"https:\/\/pakuten.pl\/blog\/#\/schema\/person\/d7133af30211381a4e4536d088384556\",\"name\":\"Pakuten Girl\",\"image\":{\"@type\":\"ImageObject\",\"@id\":\"https:\/\/pakuten.pl\/blog\/#personlogo\",\"inLanguage\":\"pl-PL\",\"url\":\"https:\/\/secure.gravatar.com\/avatar\/d3df41de2caf92e6cfded9430c2ff352?s=96&d=mm&r=g\",\"contentUrl\":\"https:\/\/secure.gravatar.com\/avatar\/d3df41de2caf92e6cfded9430c2ff352?s=96&d=mm&r=g\",\"caption\":\"Pakuten Girl\"},\"description\":\"Cze\u015b\u0107, nazywam si\u0119 Ola. Kocham Netflixa, sals\u0119, nowo\u015bci kosmetyczne i najnowsze trendy w modzie.\",\"url\":\"https:\/\/pakuten.pl\/blog\/author\/pakuten-girl\/\"}]}<\/script>\n<!-- \/ Yoast SEO plugin. -->","yoast_head_json":{"title":"Kombinezon na r\u00f3\u017cne okazje: uniwersalno\u015b\u0107 i styl w jednym. - Pakuten blog","description":"Kombinezon na r\u00f3\u017cne okazje to niezast\u0105piony element garderoby, kt\u00f3ry zyska\u0142 ogromn\u0105 popularno\u015b\u0107 dzi\u0119ki swojej uniwersalno\u015bci i elegancji. % W dzisiejszym wpisie przyjrzymy si\u0119, jak mo\u017cna nosi\u0107 kombinezony na r\u00f3\u017cne okazje, aby zawsze wygl\u0105da\u0107 stylowo i na czasie.","robots":{"index":"index","follow":"follow","max-snippet":"max-snippet:-1","max-image-preview":"max-image-preview:large","max-video-preview":"max-video-preview:-1"},"canonical":"https:\/\/pakuten.pl\/blog\/kombinezon-na-rozne-okazje\/","og_locale":"pl_PL","og_type":"article","og_title":"Kombinezon na r\u00f3\u017cne okazje: uniwersalno\u015b\u0107 i styl w jednym. - Pakuten blog","og_description":"Kombinezon na r\u00f3\u017cne okazje to niezast\u0105piony element garderoby, kt\u00f3ry zyska\u0142 ogromn\u0105 popularno\u015b\u0107 dzi\u0119ki swojej uniwersalno\u015bci i elegancji. % W dzisiejszym wpisie przyjrzymy si\u0119, jak mo\u017cna nosi\u0107 kombinezony na r\u00f3\u017cne okazje, aby zawsze wygl\u0105da\u0107 stylowo i na czasie.","og_url":"https:\/\/pakuten.pl\/blog\/kombinezon-na-rozne-okazje\/","og_site_name":"Pakuten blog","article_published_time":"2024-05-10T11:26:00+00:00","article_modified_time":"2024-04-29T11:29:09+00:00","og_image":[{"width":1280,"height":853,"url":"https:\/\/pakuten.pl\/blog\/wp-content\/uploads\/2024\/04\/Kombinezon-na-ro\u0301z\u0307ne-okazje_uniwersalnos\u0301c\u0301-i-styl-w-jednym.jpg","type":"image\/jpeg"}],"twitter_card":"summary_large_image","twitter_misc":{"Napisane przez":"Pakuten Girl","Szacowany czas czytania":"4 minuty"},"schema":{"@context":"https:\/\/schema.org","@graph":[{"@type":"Organization","@id":"https:\/\/pakuten.pl\/blog\/#organization","name":"Pakuten","url":"https:\/\/pakuten.pl\/blog\/","sameAs":[],"logo":{"@type":"ImageObject","@id":"https:\/\/pakuten.pl\/blog\/#logo","inLanguage":"pl-PL","url":"http:\/\/pakuten.pl\/blog\/wp-content\/uploads\/2018\/01\/pakuten_logo.png","contentUrl":"http:\/\/pakuten.pl\/blog\/wp-content\/uploads\/2018\/01\/pakuten_logo.png","width":300,"height":120,"caption":"Pakuten"},"image":{"@id":"https:\/\/pakuten.pl\/blog\/#logo"}},{"@type":"WebSite","@id":"https:\/\/pakuten.pl\/blog\/#website","url":"https:\/\/pakuten.pl\/blog\/","name":"Pakuten blog","description":"Blog sklepu internetowego pakuten.pl","publisher":{"@id":"https:\/\/pakuten.pl\/blog\/#organization"},"potentialAction":[{"@type":"SearchAction","target":{"@type":"EntryPoint","urlTemplate":"https:\/\/pakuten.pl\/blog\/?s={search_term_string}"},"query-input":"required name=search_term_string"}],"inLanguage":"pl-PL"},{"@type":"ImageObject","@id":"https:\/\/pakuten.pl\/blog\/kombinezon-na-rozne-okazje\/#primaryimage","inLanguage":"pl-PL","url":"https:\/\/pakuten.pl\/blog\/wp-content\/uploads\/2024\/04\/Kombinezon-na-ro\u0301z\u0307ne-okazje_uniwersalnos\u0301c\u0301-i-styl-w-jednym.jpg","contentUrl":"https:\/\/pakuten.pl\/blog\/wp-content\/uploads\/2024\/04\/Kombinezon-na-ro\u0301z\u0307ne-okazje_uniwersalnos\u0301c\u0301-i-styl-w-jednym.jpg","width":1280,"height":853,"caption":"KOMBINEZON w kwiatowy print"},{"@type":"WebPage","@id":"https:\/\/pakuten.pl\/blog\/kombinezon-na-rozne-okazje\/#webpage","url":"https:\/\/pakuten.pl\/blog\/kombinezon-na-rozne-okazje\/","name":"Kombinezon na r\u00f3\u017cne okazje: uniwersalno\u015b\u0107 i styl w jednym. - Pakuten blog","isPartOf":{"@id":"https:\/\/pakuten.pl\/blog\/#website"},"primaryImageOfPage":{"@id":"https:\/\/pakuten.pl\/blog\/kombinezon-na-rozne-okazje\/#primaryimage"},"datePublished":"2024-05-10T11:26:00+00:00","dateModified":"2024-04-29T11:29:09+00:00","description":"Kombinezon na r\u00f3\u017cne okazje to niezast\u0105piony element garderoby, kt\u00f3ry zyska\u0142 ogromn\u0105 popularno\u015b\u0107 dzi\u0119ki swojej uniwersalno\u015bci i elegancji. % W dzisiejszym wpisie przyjrzymy si\u0119, jak mo\u017cna nosi\u0107 kombinezony na r\u00f3\u017cne okazje, aby zawsze wygl\u0105da\u0107 stylowo i na czasie.","breadcrumb":{"@id":"https:\/\/pakuten.pl\/blog\/kombinezon-na-rozne-okazje\/#breadcrumb"},"inLanguage":"pl-PL","potentialAction":[{"@type":"ReadAction","target":["https:\/\/pakuten.pl\/blog\/kombinezon-na-rozne-okazje\/"]}]},{"@type":"BreadcrumbList","@id":"https:\/\/pakuten.pl\/blog\/kombinezon-na-rozne-okazje\/#breadcrumb","itemListElement":[{"@type":"ListItem","position":1,"name":"Strona g\u0142\u00f3wna","item":"https:\/\/pakuten.pl\/blog\/"},{"@type":"ListItem","position":2,"name":"Kombinezon na r\u00f3\u017cne okazje: uniwersalno\u015b\u0107 i styl w jednym."}]},{"@type":"Article","@id":"https:\/\/pakuten.pl\/blog\/kombinezon-na-rozne-okazje\/#article","isPartOf":{"@id":"https:\/\/pakuten.pl\/blog\/kombinezon-na-rozne-okazje\/#webpage"},"author":{"@id":"https:\/\/pakuten.pl\/blog\/#\/schema\/person\/d7133af30211381a4e4536d088384556"},"headline":"Kombinezon na r\u00f3\u017cne okazje: uniwersalno\u015b\u0107 i styl w jednym.","datePublished":"2024-05-10T11:26:00+00:00","dateModified":"2024-04-29T11:29:09+00:00","mainEntityOfPage":{"@id":"https:\/\/pakuten.pl\/blog\/kombinezon-na-rozne-okazje\/#webpage"},"wordCount":752,"commentCount":0,"publisher":{"@id":"https:\/\/pakuten.pl\/blog\/#organization"},"image":{"@id":"https:\/\/pakuten.pl\/blog\/kombinezon-na-rozne-okazje\/#primaryimage"},"thumbnailUrl":"https:\/\/pakuten.pl\/blog\/wp-content\/uploads\/2024\/04\/Kombinezon-na-ro\u0301z\u0307ne-okazje_uniwersalnos\u0301c\u0301-i-styl-w-jednym.jpg","articleSection":["Inspirations"],"inLanguage":"pl-PL","potentialAction":[{"@type":"CommentAction","name":"Comment","target":["https:\/\/pakuten.pl\/blog\/kombinezon-na-rozne-okazje\/#respond"]}]},{"@type":"Person","@id":"https:\/\/pakuten.pl\/blog\/#\/schema\/person\/d7133af30211381a4e4536d088384556","name":"Pakuten Girl","image":{"@type":"ImageObject","@id":"https:\/\/pakuten.pl\/blog\/#personlogo","inLanguage":"pl-PL","url":"https:\/\/secure.gravatar.com\/avatar\/d3df41de2caf92e6cfded9430c2ff352?s=96&d=mm&r=g","contentUrl":"https:\/\/secure.gravatar.com\/avatar\/d3df41de2caf92e6cfded9430c2ff352?s=96&d=mm&r=g","caption":"Pakuten Girl"},"description":"Cze\u015b\u0107, nazywam si\u0119 Ola. Kocham Netflixa, sals\u0119, nowo\u015bci kosmetyczne i najnowsze trendy w modzie.","url":"https:\/\/pakuten.pl\/blog\/author\/pakuten-girl\/"}]}},"_links":{"self":[{"href":"https:\/\/pakuten.pl\/blog\/wp-json\/wp\/v2\/posts\/8538"}],"collection":[{"href":"https:\/\/pakuten.pl\/blog\/wp-json\/wp\/v2\/posts"}],"about":[{"href":"https:\/\/pakuten.pl\/blog\/wp-json\/wp\/v2\/types\/post"}],"author":[{"embeddable":true,"href":"https:\/\/pakuten.pl\/blog\/wp-json\/wp\/v2\/users\/3"}],"replies":[{"embeddable":true,"href":"https:\/\/pakuten.pl\/blog\/wp-json\/wp\/v2\/comments?post=8538"}],"version-history":[{"count":2,"href":"https:\/\/pakuten.pl\/blog\/wp-json\/wp\/v2\/posts\/8538\/revisions"}],"predecessor-version":[{"id":8543,"href":"https:\/\/pakuten.pl\/blog\/wp-json\/wp\/v2\/posts\/8538\/revisions\/8543"}],"wp:featuredmedia":[{"embeddable":true,"href":"https:\/\/pakuten.pl\/blog\/wp-json\/wp\/v2\/media\/8540"}],"wp:attachment":[{"href":"https:\/\/pakuten.pl\/blog\/wp-json\/wp\/v2\/media?parent=8538"}],"wp:term":[{"taxonomy":"category","embeddable":true,"href":"https:\/\/pakuten.pl\/blog\/wp-json\/wp\/v2\/categories?post=8538"},{"taxonomy":"post_tag","embeddable":true,"href":"https:\/\/pakuten.pl\/blog\/wp-json\/wp\/v2\/tags?post=8538"}],"curies":[{"name":"wp","href":"https:\/\/api.w.org\/{rel}","templated":true}]}}