{"id":8636,"date":"2024-06-10T15:01:00","date_gmt":"2024-06-10T13:01:00","guid":{"rendered":"https:\/\/pakuten.pl\/blog\/?p=8636"},"modified":"2024-06-06T12:39:28","modified_gmt":"2024-06-06T10:39:28","slug":"stylizacje-influencerow-na-lato-przeglad-top-5-trendow-z-pakuten","status":"publish","type":"post","link":"https:\/\/pakuten.pl\/blog\/stylizacje-influencerow-na-lato-przeglad-top-5-trendow-z-pakuten\/","title":{"rendered":"Stylizacje Influencer\u00f3w na Lato: Przegl\u0105d Top 5 Trend\u00f3w z Pakuten."},"content":{"rendered":"\n<p class=\"p1\"><strong>Lato to czas, gdy moda wkracza na nowy poziom, dzi\u0119ki inspiracjom p\u0142yn\u0105cym z r\u00f3\u017cnych stron \u015bwiata. Jednym z najwi\u0119kszych \u017ar\u00f3de\u0142 takich inspiracji s\u0105 influencerzy, kt\u00f3rzy ka\u017cdego roku prezentuj\u0105 nam swoje ulubione &#8222;stylizacje influencer\u00f3w na lato&#8221;. W tym wpisie postanowili\u015bmy przyjrze\u0107 si\u0119 bli\u017cej top 5 letnich stylizacji, kt\u00f3re wyr\u00f3\u017cniaj\u0105 si\u0119 w \u015bwiecie mody. Oto co nasze ulubione osobowo\u015bci internetowe maj\u0105 do zaoferowania w tej gor\u0105cej porze roku!<\/strong><\/p>\n<h2 class=\"p1\"><span style=\"color: #ff9900;\">Mu\u015blinowe komplety i sukienki \u2013 kwintesencja &#8222;stylizacji influencer\u00f3w na lato&#8221;<\/span><\/h2>\n<p class=\"p1\">Mu\u015blin to tkanina idealna na upa\u0142y \u2013 lekka, przewiewna, a przy tym niezwykle stylowa. W tym sezonie &#8222;stylizacje influencer\u00f3w na lato&#8221; wykorzystuj\u0105ce <span style=\"color: #ff9900;\"><a style=\"color: #ff9900;\" href=\"https:\/\/pakuten.pl\/220-sukienki-muslinowe\" target=\"_blank\" rel=\"noopener\">mu\u015blin<\/a><\/span> s\u0105 na szczycie listy must-have. Komplety sk\u0142adaj\u0105ce si\u0119 z lu\u017anych bluzek i sp\u00f3dnicy czy lu\u017anych spodni s\u0105 \u015bwietnym wyborem na casualowe dni. Delikatne, pastelowe sukienki mu\u015blinowe sprawdz\u0105 si\u0119 na wieczorne wyj\u015bcia. Dodatki w postaci delikatnych sanda\u0142\u00f3w i minimalistycznej bi\u017cuterii podkre\u015blaj\u0105 letni charakter stylizacji.<\/p>\n<p>\u00a0<\/p>\n<blockquote class=\"instagram-media\" style=\"background: #FFF; border: 0; border-radius: 3px; box-shadow: 0 0 1px 0 rgba(0,0,0,0.5),0 1px 10px 0 rgba(0,0,0,0.15); margin: 1px; max-width: 540px; min-width: 326px; padding: 0; width: calc(100% - 2px);\" data-instgrm-permalink=\"https:\/\/www.instagram.com\/p\/C7OLHEOoT4v\/?utm_source=ig_embed&amp;utm_campaign=loading\" data-instgrm-version=\"14\">\n<div style=\"padding: 16px;\">\n<div style=\"display: flex; flex-direction: row; align-items: center;\">\n<div style=\"background-color: #f4f4f4; border-radius: 50%; flex-grow: 0; height: 40px; margin-right: 14px; width: 40px;\">\u00a0<\/div>\n<div style=\"display: flex; flex-direction: column; flex-grow: 1; justify-content: center;\">\n<div style=\"background-color: #f4f4f4; border-radius: 4px; flex-grow: 0; height: 14px; margin-bottom: 6px; width: 100px;\">\u00a0<\/div>\n<div style=\"background-color: #f4f4f4; border-radius: 4px; flex-grow: 0; height: 14px; width: 60px;\">\u00a0<\/div>\n<\/div>\n<\/div>\n<div style=\"padding: 19% 0;\">\u00a0<\/div>\n<div style=\"display: block; height: 50px; margin: 0 auto 12px; width: 50px;\">\u00a0<\/div>\n<div style=\"padding-top: 8px;\">\n<div style=\"color: #3897f0; font-family: Arial,sans-serif; font-size: 14px; font-style: normal; font-weight: 550; line-height: 18px;\">Wy\u015bwietl ten post na Instagramie<\/div>\n<\/div>\n<div style=\"padding: 12.5% 0;\">\u00a0<\/div>\n<div style=\"display: flex; flex-direction: row; margin-bottom: 14px; align-items: center;\">\n<div>\n<div style=\"background-color: #f4f4f4; border-radius: 50%; height: 12.5px; width: 12.5px; transform: translateX(0px) translateY(7px);\">\u00a0<\/div>\n<div style=\"background-color: #f4f4f4; height: 12.5px; transform: rotate(-45deg) translateX(3px) translateY(1px); width: 12.5px; flex-grow: 0; margin-right: 14px; margin-left: 2px;\">\u00a0<\/div>\n<div style=\"background-color: #f4f4f4; border-radius: 50%; height: 12.5px; width: 12.5px; transform: translateX(9px) translateY(-18px);\">\u00a0<\/div>\n<\/div>\n<div style=\"margin-left: 8px;\">\n<div style=\"background-color: #f4f4f4; border-radius: 50%; flex-grow: 0; height: 20px; width: 20px;\">\u00a0<\/div>\n<div style=\"width: 0; height: 0; border-top: 2px solid transparent; border-left: 6px solid #f4f4f4; border-bottom: 2px solid transparent; transform: translateX(16px) translateY(-4px) rotate(30deg);\">\u00a0<\/div>\n<\/div>\n<div style=\"margin-left: auto;\">\n<div style=\"width: 0px; border-top: 8px solid #F4F4F4; border-right: 8px solid transparent; transform: translateY(16px);\">\u00a0<\/div>\n<div style=\"background-color: #f4f4f4; flex-grow: 0; height: 12px; width: 16px; transform: translateY(-4px);\">\u00a0<\/div>\n<div style=\"width: 0; height: 0; border-top: 8px solid #F4F4F4; border-left: 8px solid transparent; transform: translateY(-4px) translateX(8px);\">\u00a0<\/div>\n<\/div>\n<\/div>\n<div style=\"display: flex; flex-direction: column; flex-grow: 1; justify-content: center; margin-bottom: 24px;\">\n<div style=\"background-color: #f4f4f4; border-radius: 4px; flex-grow: 0; height: 14px; margin-bottom: 6px; width: 224px;\">\u00a0<\/div>\n<div style=\"background-color: #f4f4f4; border-radius: 4px; flex-grow: 0; height: 14px; width: 144px;\">\u00a0<\/div>\n<\/div>\n<p style=\"color: #c9c8cd; font-family: Arial,sans-serif; font-size: 14px; line-height: 17px; margin-bottom: 0; margin-top: 8px; overflow: hidden; padding: 8px 0 7px; text-align: center; text-overflow: ellipsis; white-space: nowrap;\"><a style=\"color: #c9c8cd; font-family: Arial,sans-serif; font-size: 14px; font-style: normal; font-weight: normal; line-height: 17px; text-decoration: none;\" href=\"https:\/\/www.instagram.com\/p\/C7OLHEOoT4v\/?utm_source=ig_embed&amp;utm_campaign=loading\" target=\"_blank\" rel=\"noopener\">Post udost\u0119pniony przez Aneta Polasik (@aneta_polasik_)<\/a><\/p>\n<\/div>\n<\/blockquote>\n<p><script async=\"\" src=\"\/\/www.instagram.com\/embed.js\"><\/script><\/p>\n<h2 class=\"p1\"><span style=\"color: #ff9900;\">Kwiatowe sukienki \u2013 romantyczna strona &#8222;stylizacji influencer\u00f3w na lato&#8221;<\/span><\/h2>\n<p class=\"p1\">Nie ma lata bez kwiatowych wzor\u00f3w! Sukienki w kwiaty s\u0105 prawdziwym odzwierciedleniem romantycznego, letniego klimatu. Influencerzy lansuj\u0105 te stylizacje, wybieraj\u0105c sukienki z r\u0119kawami bufiastymi i lekkimi falbanami, kt\u00f3re dodaj\u0105 lekko\u015bci ka\u017cdemu kroku. Te wzorzyste kreacje s\u0105 idealne na wszystkie letnie okazje, od piknik\u00f3w po romantyczne kolacje przy zachodzie s\u0142o\u0144ca.<\/p>\n<p><img loading=\"lazy\" class=\"aligncenter size-full wp-image-8641\" src=\"https:\/\/pakuten.pl\/blog\/wp-content\/uploads\/2024\/05\/Dominika_Calka.jpg\" alt=\"Stylizacje influencer\u00f3w na lato\" width=\"741\" height=\"1000\" \/><\/p>\n<p>\u0179r\u00f3d\u0142o: https:\/\/www.instagram.com\/dominika_calka\/<\/p>\n<h2 class=\"p1\"><span style=\"color: #ff9900;\">Sukienki w jasnych kolorach \u2013 \u015bwie\u017cy akcent w &#8222;stylizacjach influencer\u00f3w na lato&#8221;<\/span><\/h2>\n<p class=\"p1\">Jasne kolory s\u0105 synonimem letniej \u015bwie\u017co\u015bci. Stylizacje influencer\u00f3w na lato cz\u0119sto obfituj\u0105 w sukienki w kolorach takich jak bia\u0142y, kremowy czy jasny r\u00f3\u017c, kt\u00f3re \u015bwietnie komponuj\u0105 si\u0119 z letnim br\u0105zem sk\u00f3ry. Proste, eleganckie kroje s\u0105 idealne na upalne dni, a ich uniwersalno\u015b\u0107 pozwala na dopasowanie ich do wielu okazji, od biurowych spotka\u0144 po weekendowe wypady.<\/p>\n<div class=\"product-box-container\">\r\n<div class=\"one_third \" style=\"\">\r\n<div class=\"product-box\">\r\n<a href=\"https:\/\/pakuten.pl\/38363-82444-biala-muslinowa-sukienka-z-przekladanym-dekoltem-berilkoo-bialy.html\" target=\"_blank\">\r\n <img src=\"https:\/\/media.pakuten.pl\/225383-large_default\/biala-muslinowa-sukienka-z-przekladanym-dekoltem-berilkoo.jpg\" alt=\"Bia\u0142a mu\u015blinowa sukienka z przek\u0142adanym dekoltem Berilkoo\"\/>\r\n<\/a>\r\n<p>\r\n<a href=\"https:\/\/pakuten.pl\/38363-82444-biala-muslinowa-sukienka-z-przekladanym-dekoltem-berilkoo-bialy.html\" target=\"_blank\">\r\nBia\u0142a mu\u015blinowa sukienka z przek\u0142adanym dekoltem Berilkoo\r\n<\/a><\/p>\r\n  <p>Cena: 107,09\u00a0z\u0142<\/p>\r\n<a href=\"https:\/\/pakuten.pl\/38363-82444-biala-muslinowa-sukienka-z-przekladanym-dekoltem-berilkoo-bialy.html\" target=\"_blank\" class=\"button\">\r\nZobacz w sklepie\r\n<\/a>\r\n<\/div>\r\n<\/div>\r\n<div class=\"one_third \" style=\"\">\r\n<div class=\"product-box\">\r\n<a href=\"https:\/\/pakuten.pl\/38344-82434-biala-rozkloszowana-sukienka-na-ramiaczkach-louisey-bialy.html\" target=\"_blank\">\r\n  <img src=\"https:\/\/media.pakuten.pl\/225298-large_default\/biala-rozkloszowana-sukienka-na-ramiaczkach-louisey.jpg\" alt=\"Bia\u0142a rozkloszowana sukienka na rami\u0105czkach Louisey\"\/>\r\n<\/a>\r\n<p>\r\n<a href=\"https:\/\/pakuten.pl\/38344-82434-biala-rozkloszowana-sukienka-na-ramiaczkach-louisey-bialy.html\" target=\"_blank\">\r\nBia\u0142a rozkloszowana sukienka na rami\u0105czkach Louisey\r\n<\/a><\/p>\r\n  <p>Cena: 186,63\u00a0z\u0142<\/p>\r\n<a href=\"https:\/\/pakuten.pl\/38344-82434-biala-rozkloszowana-sukienka-na-ramiaczkach-louisey-bialy.html\" target=\"_blank\" class=\"button\">\r\nZobacz w sklepie\r\n<\/a>\r\n<\/div>\r\n<\/div>\r\n<div class=\"one_third last \" style=\"\">\r\n<div class=\"product-box\">\r\n<a href=\"https:\/\/pakuten.pl\/38330-82381-biala-muslinowa-sukienka-z-wiazaniem-na-dekolcie-marlie-bialy.html\" target=\"_blank\">\r\n  <img src=\"https:\/\/media.pakuten.pl\/225231-large_default\/biala-muslinowa-sukienka-z-wiazaniem-na-dekolcie-marlie.jpg\" alt=\"Bia\u0142a mu\u015blinowa sukienka z wi\u0105zaniem na dekolcie Marlie\"\/>\r\n<\/a>\r\n<p>\r\n<a href=\"https:\/\/pakuten.pl\/38330-82381-biala-muslinowa-sukienka-z-wiazaniem-na-dekolcie-marlie-bialy.html\" target=\"_blank\">\r\nBia\u0142a mu\u015blinowa sukienka z wi\u0105zaniem na dekolcie Marlie\r\n<\/a><\/p>\r\n  <p>Cena: 107,79\u00a0z\u0142<\/p>\r\n<a href=\"https:\/\/pakuten.pl\/38330-82381-biala-muslinowa-sukienka-z-wiazaniem-na-dekolcie-marlie-bialy.html\" target=\"_blank\" class=\"button\">\r\nZobacz w sklepie\r\n<\/a>\r\n<\/div>\r\n<\/div><br class=\"clear\"\/>\r\n<\/div>\n<p>\u00a0<\/p>\n<blockquote class=\"instagram-media\" style=\"background: #FFF; border: 0; border-radius: 3px; box-shadow: 0 0 1px 0 rgba(0,0,0,0.5),0 1px 10px 0 rgba(0,0,0,0.15); margin: 1px; max-width: 540px; min-width: 326px; padding: 0; width: calc(100% - 2px);\" data-instgrm-permalink=\"https:\/\/www.instagram.com\/reel\/C63Kkm6sk4D\/?utm_source=ig_embed&amp;utm_campaign=loading\" data-instgrm-version=\"14\">\n<div style=\"padding: 16px;\">\n<div style=\"display: flex; flex-direction: row; align-items: center;\">\n<div style=\"background-color: #f4f4f4; border-radius: 50%; flex-grow: 0; height: 40px; margin-right: 14px; width: 40px;\">\u00a0<\/div>\n<div style=\"display: flex; flex-direction: column; flex-grow: 1; justify-content: center;\">\n<div style=\"background-color: #f4f4f4; border-radius: 4px; flex-grow: 0; height: 14px; margin-bottom: 6px; width: 100px;\">\u00a0<\/div>\n<div style=\"background-color: #f4f4f4; border-radius: 4px; flex-grow: 0; height: 14px; width: 60px;\">\u00a0<\/div>\n<\/div>\n<\/div>\n<div style=\"padding: 19% 0;\">\u00a0<\/div>\n<div style=\"display: block; height: 50px; margin: 0 auto 12px; width: 50px;\">\u00a0<\/div>\n<div style=\"padding-top: 8px;\">\n<div style=\"color: #3897f0; font-family: Arial,sans-serif; font-size: 14px; font-style: normal; font-weight: 550; line-height: 18px;\">Wy\u015bwietl ten post na Instagramie<\/div>\n<\/div>\n<div style=\"padding: 12.5% 0;\">\u00a0<\/div>\n<div style=\"display: flex; flex-direction: row; margin-bottom: 14px; align-items: center;\">\n<div>\n<div style=\"background-color: #f4f4f4; border-radius: 50%; height: 12.5px; width: 12.5px; transform: translateX(0px) translateY(7px);\">\u00a0<\/div>\n<div style=\"background-color: #f4f4f4; height: 12.5px; transform: rotate(-45deg) translateX(3px) translateY(1px); width: 12.5px; flex-grow: 0; margin-right: 14px; margin-left: 2px;\">\u00a0<\/div>\n<div style=\"background-color: #f4f4f4; border-radius: 50%; height: 12.5px; width: 12.5px; transform: translateX(9px) translateY(-18px);\">\u00a0<\/div>\n<\/div>\n<div style=\"margin-left: 8px;\">\n<div style=\"background-color: #f4f4f4; border-radius: 50%; flex-grow: 0; height: 20px; width: 20px;\">\u00a0<\/div>\n<div style=\"width: 0; height: 0; border-top: 2px solid transparent; border-left: 6px solid #f4f4f4; border-bottom: 2px solid transparent; transform: translateX(16px) translateY(-4px) rotate(30deg);\">\u00a0<\/div>\n<\/div>\n<div style=\"margin-left: auto;\">\n<div style=\"width: 0px; border-top: 8px solid #F4F4F4; border-right: 8px solid transparent; transform: translateY(16px);\">\u00a0<\/div>\n<div style=\"background-color: #f4f4f4; flex-grow: 0; height: 12px; width: 16px; transform: translateY(-4px);\">\u00a0<\/div>\n<div style=\"width: 0; height: 0; border-top: 8px solid #F4F4F4; border-left: 8px solid transparent; transform: translateY(-4px) translateX(8px);\">\u00a0<\/div>\n<\/div>\n<\/div>\n<div style=\"display: flex; flex-direction: column; flex-grow: 1; justify-content: center; margin-bottom: 24px;\">\n<div style=\"background-color: #f4f4f4; border-radius: 4px; flex-grow: 0; height: 14px; margin-bottom: 6px; width: 224px;\">\u00a0<\/div>\n<div style=\"background-color: #f4f4f4; border-radius: 4px; flex-grow: 0; height: 14px; width: 144px;\">\u00a0<\/div>\n<\/div>\n<p style=\"color: #c9c8cd; font-family: Arial,sans-serif; font-size: 14px; line-height: 17px; margin-bottom: 0; margin-top: 8px; overflow: hidden; padding: 8px 0 7px; text-align: center; text-overflow: ellipsis; white-space: nowrap;\"><a style=\"color: #c9c8cd; font-family: Arial,sans-serif; font-size: 14px; font-style: normal; font-weight: normal; line-height: 17px; text-decoration: none;\" href=\"https:\/\/www.instagram.com\/reel\/C63Kkm6sk4D\/?utm_source=ig_embed&amp;utm_campaign=loading\" target=\"_blank\" rel=\"noopener\">Post udost\u0119pniony przez Dominika Ca\u0142ka | Moda | Lifestyle | Kobiece stylizacje (@dominika_calka)<\/a><\/p>\n<\/div>\n<\/blockquote>\n<p><script async=\"\" src=\"\/\/www.instagram.com\/embed.js\"><\/script><\/p>\n<h2 class=\"p1\"><span style=\"color: #ff9900;\">Maxi sukienki \u2013 must-have w &#8222;stylizacjach influencer\u00f3w na lato&#8221;<\/span><\/h2>\n<p class=\"p1\">Maxi sukienki to kolejny nieodzowny element &#8222;stylizacji influencer\u00f3w na lato&#8221;. D\u0142ugie, p\u0142yn\u0105ce materia\u0142y nie tylko pi\u0119knie wygl\u0105daj\u0105 w ruchu, ale tak\u017ce oferuj\u0105 komfort podczas najgor\u0119tszych dni. Influencerzy wybieraj\u0105 bogato zdobione sukienki z etnicznymi wzorami lub subtelnymi haftami, tworz\u0105c stylizacje, kt\u00f3re s\u0105 zar\u00f3wno wygodne, jak i wyraziste.<\/p>\n<blockquote class=\"instagram-media\" style=\"background: #FFF; border: 0; border-radius: 3px; box-shadow: 0 0 1px 0 rgba(0,0,0,0.5),0 1px 10px 0 rgba(0,0,0,0.15); margin: 1px; max-width: 540px; min-width: 326px; padding: 0; width: calc(100% - 2px);\" data-instgrm-permalink=\"https:\/\/www.instagram.com\/reel\/C67AERrqIzL\/?utm_source=ig_embed&amp;utm_campaign=loading\" data-instgrm-version=\"14\">\n<div style=\"padding: 16px;\">\n<div style=\"display: flex; flex-direction: row; align-items: center;\">\n<div style=\"background-color: #f4f4f4; border-radius: 50%; flex-grow: 0; height: 40px; margin-right: 14px; width: 40px;\">\u00a0<\/div>\n<div style=\"display: flex; flex-direction: column; flex-grow: 1; justify-content: center;\">\n<div style=\"background-color: #f4f4f4; border-radius: 4px; flex-grow: 0; height: 14px; margin-bottom: 6px; width: 100px;\">\u00a0<\/div>\n<div style=\"background-color: #f4f4f4; border-radius: 4px; flex-grow: 0; height: 14px; width: 60px;\">\u00a0<\/div>\n<\/div>\n<\/div>\n<div style=\"padding: 19% 0;\">\u00a0<\/div>\n<div style=\"display: block; height: 50px; margin: 0 auto 12px; width: 50px;\">\u00a0<\/div>\n<div style=\"padding-top: 8px;\">\n<div style=\"color: #3897f0; font-family: Arial,sans-serif; font-size: 14px; font-style: normal; font-weight: 550; line-height: 18px;\">Wy\u015bwietl ten post na Instagramie<\/div>\n<\/div>\n<div style=\"padding: 12.5% 0;\">\u00a0<\/div>\n<div style=\"display: flex; flex-direction: row; margin-bottom: 14px; align-items: center;\">\n<div>\n<div style=\"background-color: #f4f4f4; border-radius: 50%; height: 12.5px; width: 12.5px; transform: translateX(0px) translateY(7px);\">\u00a0<\/div>\n<div style=\"background-color: #f4f4f4; height: 12.5px; transform: rotate(-45deg) translateX(3px) translateY(1px); width: 12.5px; flex-grow: 0; margin-right: 14px; margin-left: 2px;\">\u00a0<\/div>\n<div style=\"background-color: #f4f4f4; border-radius: 50%; height: 12.5px; width: 12.5px; transform: translateX(9px) translateY(-18px);\">\u00a0<\/div>\n<\/div>\n<div style=\"margin-left: 8px;\">\n<div style=\"background-color: #f4f4f4; border-radius: 50%; flex-grow: 0; height: 20px; width: 20px;\">\u00a0<\/div>\n<div style=\"width: 0; height: 0; border-top: 2px solid transparent; border-left: 6px solid #f4f4f4; border-bottom: 2px solid transparent; transform: translateX(16px) translateY(-4px) rotate(30deg);\">\u00a0<\/div>\n<\/div>\n<div style=\"margin-left: auto;\">\n<div style=\"width: 0px; border-top: 8px solid #F4F4F4; border-right: 8px solid transparent; transform: translateY(16px);\">\u00a0<\/div>\n<div style=\"background-color: #f4f4f4; flex-grow: 0; height: 12px; width: 16px; transform: translateY(-4px);\">\u00a0<\/div>\n<div style=\"width: 0; height: 0; border-top: 8px solid #F4F4F4; border-left: 8px solid transparent; transform: translateY(-4px) translateX(8px);\">\u00a0<\/div>\n<\/div>\n<\/div>\n<div style=\"display: flex; flex-direction: column; flex-grow: 1; justify-content: center; margin-bottom: 24px;\">\n<div style=\"background-color: #f4f4f4; border-radius: 4px; flex-grow: 0; height: 14px; margin-bottom: 6px; width: 224px;\">\u00a0<\/div>\n<div style=\"background-color: #f4f4f4; border-radius: 4px; flex-grow: 0; height: 14px; width: 144px;\">\u00a0<\/div>\n<\/div>\n<p style=\"color: #c9c8cd; font-family: Arial,sans-serif; font-size: 14px; line-height: 17px; margin-bottom: 0; margin-top: 8px; overflow: hidden; padding: 8px 0 7px; text-align: center; text-overflow: ellipsis; white-space: nowrap;\"><a style=\"color: #c9c8cd; font-family: Arial,sans-serif; font-size: 14px; font-style: normal; font-weight: normal; line-height: 17px; text-decoration: none;\" href=\"https:\/\/www.instagram.com\/reel\/C67AERrqIzL\/?utm_source=ig_embed&amp;utm_campaign=loading\" target=\"_blank\" rel=\"noopener\">Post udost\u0119pniony przez Natalia \ud83c\udf38 (@szalona_99)<\/a><\/p>\n<\/div>\n<\/blockquote>\n<p><script async=\"\" src=\"\/\/www.instagram.com\/embed.js\"><\/script><\/p>\n<p>\u00a0<\/p>\n<h2 class=\"p1\"><span style=\"color: #ff9900;\">Komplety ze spodniami \u2013 nowoczesny wymiar stylizacji\u00a0<\/span><\/h2>\n<p class=\"p1\"><span style=\"color: #ff9900;\"><a style=\"color: #ff9900;\" href=\"https:\/\/pakuten.pl\/156-komplety-damskie-ze-spodniami\" target=\"_blank\" rel=\"noopener\">Komplety ze spodniami<\/a><\/span> to doskona\u0142a propozycja dla tych, kt\u00f3rzy szukaj\u0105 alternatywy dla sukienek, dlatego zestawy s\u0105 cz\u0119sto wybierane na r\u00f3\u017cnorodne miejskie aktywno\u015bci. Lu\u017ane spodnie po\u0142\u0105czone z lekkimi topami lub bluzkami s\u0105 nie tylko stylowe, ale tak\u017ce niezwykle praktyczne. Zapewniaj\u0105c swobod\u0119 ruch\u00f3w i komfort nawet podczas najwi\u0119kszych upa\u0142\u00f3w.<\/p>\n<div class=\"product-box-container\">\r\n<div class=\"one_third \" style=\"\">\r\n<div class=\"product-box\">\r\n<a href=\"https:\/\/pakuten.pl\/38348-82424-bezowy-komplet-bluzka-spodnie-orkkonia-bezowy.html\" target=\"_blank\">\r\n <img src=\"https:\/\/media.pakuten.pl\/225320-large_default\/bezowy-komplet-bluzka-spodnie-orkkonia.jpg\" alt=\"Be\u017cowy komplet bluzka spodnie Orkkonia\"\/>\r\n<\/a>\r\n<p>\r\n<a href=\"https:\/\/pakuten.pl\/38348-82424-bezowy-komplet-bluzka-spodnie-orkkonia-bezowy.html\" target=\"_blank\">\r\nBe\u017cowy komplet bluzka spodnie Orkkonia\r\n<\/a><\/p>\r\n  <p>Cena: 132,29\u00a0z\u0142<\/p>\r\n<a href=\"https:\/\/pakuten.pl\/38348-82424-bezowy-komplet-bluzka-spodnie-orkkonia-bezowy.html\" target=\"_blank\" class=\"button\">\r\nZobacz w sklepie\r\n<\/a>\r\n<\/div>\r\n<\/div>\r\n<div class=\"one_third \" style=\"\">\r\n<div class=\"product-box\">\r\n<a href=\"https:\/\/pakuten.pl\/38395-82492-cytrynowy-komplet-bluzka-i-spodnie-belesse-cytrynowy.html\" target=\"_blank\">\r\n  <img src=\"https:\/\/media.pakuten.pl\/225516-large_default\/cytrynowy-komplet-bluzka-i-spodnie-belesse.jpg\" alt=\"Cytrynowy komplet bluzka i spodnie Belesse\"\/>\r\n<\/a>\r\n<p>\r\n<a href=\"https:\/\/pakuten.pl\/38395-82492-cytrynowy-komplet-bluzka-i-spodnie-belesse-cytrynowy.html\" target=\"_blank\">\r\nCytrynowy komplet bluzka i spodnie Belesse\r\n<\/a><\/p>\r\n  <p>Cena: 119,99\u00a0z\u0142<\/p>\r\n<a href=\"https:\/\/pakuten.pl\/38395-82492-cytrynowy-komplet-bluzka-i-spodnie-belesse-cytrynowy.html\" target=\"_blank\" class=\"button\">\r\nZobacz w sklepie\r\n<\/a>\r\n<\/div>\r\n<\/div>\r\n<div class=\"one_third last \" style=\"\">\r\n<div class=\"product-box\">\r\n<a href=\"https:\/\/pakuten.pl\/32910-73227-bezowy-muslinowy-komplet-bluzka-i-spodenki-foriaa-bezowy.html\" target=\"_blank\">\r\n  <img src=\"https:\/\/media.pakuten.pl\/198729-large_default\/bezowy-muslinowy-komplet-bluzka-i-spodenki-foriaa.jpg\" alt=\"Be\u017cowy mu\u015blinowy komplet bluzka i spodenki Foriaa\"\/>\r\n<\/a>\r\n<p>\r\n<a href=\"https:\/\/pakuten.pl\/32910-73227-bezowy-muslinowy-komplet-bluzka-i-spodenki-foriaa-bezowy.html\" target=\"_blank\">\r\nBe\u017cowy mu\u015blinowy komplet bluzka i spodenki Foriaa\r\n<\/a><\/p>\r\n  <p>Cena: 59,99\u00a0z\u0142<\/p>\r\n<a href=\"https:\/\/pakuten.pl\/32910-73227-bezowy-muslinowy-komplet-bluzka-i-spodenki-foriaa-bezowy.html\" target=\"_blank\" class=\"button\">\r\nZobacz w sklepie\r\n<\/a>\r\n<\/div>\r\n<\/div><br class=\"clear\"\/>\r\n<\/div>\n<p>\u00a0<\/p>\n<blockquote class=\"instagram-media\" style=\"background: #FFF; border: 0; border-radius: 3px; box-shadow: 0 0 1px 0 rgba(0,0,0,0.5),0 1px 10px 0 rgba(0,0,0,0.15); margin: 1px; max-width: 540px; min-width: 326px; padding: 0; width: calc(100% - 2px);\" data-instgrm-permalink=\"https:\/\/www.instagram.com\/reel\/C7Jo6v7IvNi\/?utm_source=ig_embed&amp;utm_campaign=loading\" data-instgrm-version=\"14\">\n<div style=\"padding: 16px;\">\n<div style=\"display: flex; flex-direction: row; align-items: center;\">\n<div style=\"background-color: #f4f4f4; border-radius: 50%; flex-grow: 0; height: 40px; margin-right: 14px; width: 40px;\">\u00a0<\/div>\n<div style=\"display: flex; flex-direction: column; flex-grow: 1; justify-content: center;\">\n<div style=\"background-color: #f4f4f4; border-radius: 4px; flex-grow: 0; height: 14px; margin-bottom: 6px; width: 100px;\">\u00a0<\/div>\n<div style=\"background-color: #f4f4f4; border-radius: 4px; flex-grow: 0; height: 14px; width: 60px;\">\u00a0<\/div>\n<\/div>\n<\/div>\n<div style=\"padding: 19% 0;\">\u00a0<\/div>\n<div style=\"display: block; height: 50px; margin: 0 auto 12px; width: 50px;\">\u00a0<\/div>\n<div style=\"padding-top: 8px;\">\n<div style=\"color: #3897f0; font-family: Arial,sans-serif; font-size: 14px; font-style: normal; font-weight: 550; line-height: 18px;\">Wy\u015bwietl ten post na Instagramie<\/div>\n<\/div>\n<div style=\"padding: 12.5% 0;\">\u00a0<\/div>\n<div style=\"display: flex; flex-direction: row; margin-bottom: 14px; align-items: center;\">\n<div>\n<div style=\"background-color: #f4f4f4; border-radius: 50%; height: 12.5px; width: 12.5px; transform: translateX(0px) translateY(7px);\">\u00a0<\/div>\n<div style=\"background-color: #f4f4f4; height: 12.5px; transform: rotate(-45deg) translateX(3px) translateY(1px); width: 12.5px; flex-grow: 0; margin-right: 14px; margin-left: 2px;\">\u00a0<\/div>\n<div style=\"background-color: #f4f4f4; border-radius: 50%; height: 12.5px; width: 12.5px; transform: translateX(9px) translateY(-18px);\">\u00a0<\/div>\n<\/div>\n<div style=\"margin-left: 8px;\">\n<div style=\"background-color: #f4f4f4; border-radius: 50%; flex-grow: 0; height: 20px; width: 20px;\">\u00a0<\/div>\n<div style=\"width: 0; height: 0; border-top: 2px solid transparent; border-left: 6px solid #f4f4f4; border-bottom: 2px solid transparent; transform: translateX(16px) translateY(-4px) rotate(30deg);\">\u00a0<\/div>\n<\/div>\n<div style=\"margin-left: auto;\">\n<div style=\"width: 0px; border-top: 8px solid #F4F4F4; border-right: 8px solid transparent; transform: translateY(16px);\">\u00a0<\/div>\n<div style=\"background-color: #f4f4f4; flex-grow: 0; height: 12px; width: 16px; transform: translateY(-4px);\">\u00a0<\/div>\n<div style=\"width: 0; height: 0; border-top: 8px solid #F4F4F4; border-left: 8px solid transparent; transform: translateY(-4px) translateX(8px);\">\u00a0<\/div>\n<\/div>\n<\/div>\n<div style=\"display: flex; flex-direction: column; flex-grow: 1; justify-content: center; margin-bottom: 24px;\">\n<div style=\"background-color: #f4f4f4; border-radius: 4px; flex-grow: 0; height: 14px; margin-bottom: 6px; width: 224px;\">\u00a0<\/div>\n<div style=\"background-color: #f4f4f4; border-radius: 4px; flex-grow: 0; height: 14px; width: 144px;\">\u00a0<\/div>\n<\/div>\n<p style=\"color: #c9c8cd; font-family: Arial,sans-serif; font-size: 14px; line-height: 17px; margin-bottom: 0; margin-top: 8px; overflow: hidden; padding: 8px 0 7px; text-align: center; text-overflow: ellipsis; white-space: nowrap;\"><a style=\"color: #c9c8cd; font-family: Arial,sans-serif; font-size: 14px; font-style: normal; font-weight: normal; line-height: 17px; text-decoration: none;\" href=\"https:\/\/www.instagram.com\/reel\/C7Jo6v7IvNi\/?utm_source=ig_embed&amp;utm_campaign=loading\" target=\"_blank\" rel=\"noopener\">Post udost\u0119pniony przez Iwona Stypu\u0142a (@ivvonqa)<\/a><\/p>\n<\/div>\n<\/blockquote>\n<p><script async=\"\" src=\"\/\/www.instagram.com\/embed.js\"><\/script><\/p>\n<p class=\"p1\">Ka\u017cda z tych stylizacji idealnie wpisuje si\u0119 w letni\u0105 atmosfer\u0119, oferuj\u0105c co\u015b wyj\u0105tkowego dla ka\u017cdego, kto chce poczu\u0107 modowy powiew \u015bwie\u017co\u015bci. Niezale\u017cnie od tego, czy wolisz klasyk\u0119, czy nowoczesno\u015b\u0107, te &#8222;stylizacje influencer\u00f3w na lato&#8221; z pewno\u015bci\u0105 zainspiruj\u0105 Twoje modowe wybory w tym sezonie!<\/p>\n\n\n<div class=\"kk-star-ratings kksr-auto kksr-align-right kksr-valign-bottom\"\n    data-payload='{&quot;align&quot;:&quot;right&quot;,&quot;id&quot;:&quot;8636&quot;,&quot;slug&quot;:&quot;default&quot;,&quot;valign&quot;:&quot;bottom&quot;,&quot;ignore&quot;:&quot;&quot;,&quot;reference&quot;:&quot;auto&quot;,&quot;class&quot;:&quot;&quot;,&quot;count&quot;:&quot;12&quot;,&quot;legendonly&quot;:&quot;&quot;,&quot;readonly&quot;:&quot;&quot;,&quot;score&quot;:&quot;2.7&quot;,&quot;starsonly&quot;:&quot;&quot;,&quot;best&quot;:&quot;5&quot;,&quot;gap&quot;:&quot;5&quot;,&quot;greet&quot;:&quot;Rate this post&quot;,&quot;legend&quot;:&quot;2.7\\\/5 - (12 votes)&quot;,&quot;size&quot;:&quot;24&quot;,&quot;width&quot;:&quot;75.8&quot;,&quot;_legend&quot;:&quot;{score}\\\/{best} - ({count} {votes})&quot;,&quot;font_factor&quot;:&quot;1.25&quot;}'>\n            \n<div class=\"kksr-stars\">\n    \n<div class=\"kksr-stars-inactive\">\n            <div class=\"kksr-star\" data-star=\"1\" style=\"padding-right: 5px\">\n            \n\n<div class=\"kksr-icon\" style=\"width: 24px; height: 24px;\"><\/div>\n        <\/div>\n            <div class=\"kksr-star\" data-star=\"2\" style=\"padding-right: 5px\">\n            \n\n<div class=\"kksr-icon\" style=\"width: 24px; height: 24px;\"><\/div>\n        <\/div>\n            <div class=\"kksr-star\" data-star=\"3\" style=\"padding-right: 5px\">\n            \n\n<div class=\"kksr-icon\" style=\"width: 24px; height: 24px;\"><\/div>\n        <\/div>\n            <div class=\"kksr-star\" data-star=\"4\" style=\"padding-right: 5px\">\n            \n\n<div class=\"kksr-icon\" style=\"width: 24px; height: 24px;\"><\/div>\n        <\/div>\n            <div class=\"kksr-star\" data-star=\"5\" style=\"padding-right: 5px\">\n            \n\n<div class=\"kksr-icon\" style=\"width: 24px; height: 24px;\"><\/div>\n        <\/div>\n    <\/div>\n    \n<div class=\"kksr-stars-active\" style=\"width: 75.8px;\">\n            <div class=\"kksr-star\" style=\"padding-right: 5px\">\n            \n\n<div class=\"kksr-icon\" style=\"width: 24px; height: 24px;\"><\/div>\n        <\/div>\n            <div class=\"kksr-star\" style=\"padding-right: 5px\">\n            \n\n<div class=\"kksr-icon\" style=\"width: 24px; height: 24px;\"><\/div>\n        <\/div>\n            <div class=\"kksr-star\" style=\"padding-right: 5px\">\n            \n\n<div class=\"kksr-icon\" style=\"width: 24px; height: 24px;\"><\/div>\n        <\/div>\n            <div class=\"kksr-star\" style=\"padding-right: 5px\">\n            \n\n<div class=\"kksr-icon\" style=\"width: 24px; height: 24px;\"><\/div>\n        <\/div>\n            <div class=\"kksr-star\" style=\"padding-right: 5px\">\n            \n\n<div class=\"kksr-icon\" style=\"width: 24px; height: 24px;\"><\/div>\n        <\/div>\n    <\/div>\n<\/div>\n                \n\n<div class=\"kksr-legend\" style=\"font-size: 19.2px;\">\n            2.7\/5 - (12 votes)    <\/div>\n    <\/div>\n","protected":false},"excerpt":{"rendered":"<p class=\"p1\" style=\"margin: 0px; font-variant-numeric: normal; font-variant-east-asian: normal; font-variant-alternates: normal; font-kerning: auto; font-optical-sizing: auto; font-feature-settings: normal; font-variation-settings: normal; font-variant-position: normal; font-stretch: normal; font-size: 12px; line-height: normal; font-family: 'Helvetica Neue'; color: #000000;\">Lato to czas, gdy moda wkracza na nowy poziom, dzi\u0119ki inspiracjom p\u0142yn\u0105cym z r\u00f3\u017cnych stron \u015bwiata. Jednym z najwi\u0119kszych \u017ar\u00f3de\u0142 takich inspiracji s\u0105 influencerzy, kt\u00f3rzy ka\u017cdego roku prezentuj\u0105 nam swoje ulubione &#8222;stylizacje influencer\u00f3w na lato&#8221;. W tym wpisie postanowili\u015bmy przyjrze\u0107 si\u0119 bli\u017cej top 5 letnich stylizacji, kt\u00f3re wyr\u00f3\u017cniaj\u0105 si\u0119 w \u015bwiecie mody. Oto co nasze ulubione osobowo\u015bci internetowe maj\u0105 do zaoferowania w tej gor\u0105cej porze roku!<\/p>\n","protected":false},"author":3,"featured_media":8646,"comment_status":"open","ping_status":"open","sticky":false,"template":"","format":"standard","meta":[],"categories":[3],"tags":[],"yoast_head":"<!-- This site is optimized with the Yoast SEO plugin v18.4.1 - https:\/\/yoast.com\/wordpress\/plugins\/seo\/ -->\n<title>Stylizacje Influencer\u00f3w na Lato: Przegl\u0105d Top 5 Trend\u00f3w z Pakuten. - Pakuten blog<\/title>\n<meta name=\"description\" content=\"Lato to czas, gdy moda wkracza na nowy poziom, dzi\u0119ki inspiracjom p\u0142yn\u0105cym z r\u00f3\u017cnych stron \u015bwiata. Jednym z najwi\u0119kszych \u017ar\u00f3de\u0142 takich inspiracji s\u0105 influencerzy, kt\u00f3rzy ka\u017cdego roku prezentuj\u0105 nam swoje ulubione &quot;stylizacje influencer\u00f3w na lato&quot;. W tym wpisie postanowili\u015bmy przyjrze\u0107 si\u0119 bli\u017cej top 5 letnich stylizacji, kt\u00f3re wyr\u00f3\u017cniaj\u0105 si\u0119 w \u015bwiecie mody. Oto co nasze ulubione osobowo\u015bci internetowe maj\u0105 do zaoferowania w tej gor\u0105cej porze roku!\" \/>\n<meta name=\"robots\" content=\"index, follow, max-snippet:-1, max-image-preview:large, max-video-preview:-1\" \/>\n<link rel=\"canonical\" href=\"https:\/\/pakuten.pl\/blog\/stylizacje-influencerow-na-lato-przeglad-top-5-trendow-z-pakuten\/\" \/>\n<meta property=\"og:locale\" content=\"pl_PL\" \/>\n<meta property=\"og:type\" content=\"article\" \/>\n<meta property=\"og:title\" content=\"Stylizacje Influencer\u00f3w na Lato: Przegl\u0105d Top 5 Trend\u00f3w z Pakuten. - Pakuten blog\" \/>\n<meta property=\"og:description\" content=\"Lato to czas, gdy moda wkracza na nowy poziom, dzi\u0119ki inspiracjom p\u0142yn\u0105cym z r\u00f3\u017cnych stron \u015bwiata. Jednym z najwi\u0119kszych \u017ar\u00f3de\u0142 takich inspiracji s\u0105 influencerzy, kt\u00f3rzy ka\u017cdego roku prezentuj\u0105 nam swoje ulubione &quot;stylizacje influencer\u00f3w na lato&quot;. W tym wpisie postanowili\u015bmy przyjrze\u0107 si\u0119 bli\u017cej top 5 letnich stylizacji, kt\u00f3re wyr\u00f3\u017cniaj\u0105 si\u0119 w \u015bwiecie mody. Oto co nasze ulubione osobowo\u015bci internetowe maj\u0105 do zaoferowania w tej gor\u0105cej porze roku!\" \/>\n<meta property=\"og:url\" content=\"https:\/\/pakuten.pl\/blog\/stylizacje-influencerow-na-lato-przeglad-top-5-trendow-z-pakuten\/\" \/>\n<meta property=\"og:site_name\" content=\"Pakuten blog\" \/>\n<meta property=\"article:published_time\" content=\"2024-06-10T13:01:00+00:00\" \/>\n<meta property=\"article:modified_time\" content=\"2024-06-06T10:39:28+00:00\" \/>\n<meta property=\"og:image\" content=\"https:\/\/pakuten.pl\/blog\/wp-content\/uploads\/2024\/05\/Stylizacje-influencero\u0301w-na-lato.jpg\" \/>\n\t<meta property=\"og:image:width\" content=\"1280\" \/>\n\t<meta property=\"og:image:height\" content=\"853\" \/>\n\t<meta property=\"og:image:type\" content=\"image\/jpeg\" \/>\n<meta name=\"twitter:card\" content=\"summary_large_image\" \/>\n<meta name=\"twitter:label1\" content=\"Napisane przez\" \/>\n\t<meta name=\"twitter:data1\" content=\"Pakuten Girl\" \/>\n\t<meta name=\"twitter:label2\" content=\"Szacowany czas czytania\" \/>\n\t<meta name=\"twitter:data2\" content=\"4 minuty\" \/>\n<script type=\"application\/ld+json\" class=\"yoast-schema-graph\">{\"@context\":\"https:\/\/schema.org\",\"@graph\":[{\"@type\":\"Organization\",\"@id\":\"https:\/\/pakuten.pl\/blog\/#organization\",\"name\":\"Pakuten\",\"url\":\"https:\/\/pakuten.pl\/blog\/\",\"sameAs\":[],\"logo\":{\"@type\":\"ImageObject\",\"@id\":\"https:\/\/pakuten.pl\/blog\/#logo\",\"inLanguage\":\"pl-PL\",\"url\":\"http:\/\/pakuten.pl\/blog\/wp-content\/uploads\/2018\/01\/pakuten_logo.png\",\"contentUrl\":\"http:\/\/pakuten.pl\/blog\/wp-content\/uploads\/2018\/01\/pakuten_logo.png\",\"width\":300,\"height\":120,\"caption\":\"Pakuten\"},\"image\":{\"@id\":\"https:\/\/pakuten.pl\/blog\/#logo\"}},{\"@type\":\"WebSite\",\"@id\":\"https:\/\/pakuten.pl\/blog\/#website\",\"url\":\"https:\/\/pakuten.pl\/blog\/\",\"name\":\"Pakuten blog\",\"description\":\"Blog sklepu internetowego pakuten.pl\",\"publisher\":{\"@id\":\"https:\/\/pakuten.pl\/blog\/#organization\"},\"potentialAction\":[{\"@type\":\"SearchAction\",\"target\":{\"@type\":\"EntryPoint\",\"urlTemplate\":\"https:\/\/pakuten.pl\/blog\/?s={search_term_string}\"},\"query-input\":\"required name=search_term_string\"}],\"inLanguage\":\"pl-PL\"},{\"@type\":\"ImageObject\",\"@id\":\"https:\/\/pakuten.pl\/blog\/stylizacje-influencerow-na-lato-przeglad-top-5-trendow-z-pakuten\/#primaryimage\",\"inLanguage\":\"pl-PL\",\"url\":\"https:\/\/pakuten.pl\/blog\/wp-content\/uploads\/2024\/05\/Stylizacje-influencero\u0301w-na-lato.jpg\",\"contentUrl\":\"https:\/\/pakuten.pl\/blog\/wp-content\/uploads\/2024\/05\/Stylizacje-influencero\u0301w-na-lato.jpg\",\"width\":1280,\"height\":853,\"caption\":\"Stylizacje Influencer\u00f3w na Lato: Przegl\u0105d Top 5 Trend\u00f3w\"},{\"@type\":\"WebPage\",\"@id\":\"https:\/\/pakuten.pl\/blog\/stylizacje-influencerow-na-lato-przeglad-top-5-trendow-z-pakuten\/#webpage\",\"url\":\"https:\/\/pakuten.pl\/blog\/stylizacje-influencerow-na-lato-przeglad-top-5-trendow-z-pakuten\/\",\"name\":\"Stylizacje Influencer\u00f3w na Lato: Przegl\u0105d Top 5 Trend\u00f3w z Pakuten. - Pakuten blog\",\"isPartOf\":{\"@id\":\"https:\/\/pakuten.pl\/blog\/#website\"},\"primaryImageOfPage\":{\"@id\":\"https:\/\/pakuten.pl\/blog\/stylizacje-influencerow-na-lato-przeglad-top-5-trendow-z-pakuten\/#primaryimage\"},\"datePublished\":\"2024-06-10T13:01:00+00:00\",\"dateModified\":\"2024-06-06T10:39:28+00:00\",\"description\":\"Lato to czas, gdy moda wkracza na nowy poziom, dzi\u0119ki inspiracjom p\u0142yn\u0105cym z r\u00f3\u017cnych stron \u015bwiata. Jednym z najwi\u0119kszych \u017ar\u00f3de\u0142 takich inspiracji s\u0105 influencerzy, kt\u00f3rzy ka\u017cdego roku prezentuj\u0105 nam swoje ulubione \\\"stylizacje influencer\u00f3w na lato\\\". W tym wpisie postanowili\u015bmy przyjrze\u0107 si\u0119 bli\u017cej top 5 letnich stylizacji, kt\u00f3re wyr\u00f3\u017cniaj\u0105 si\u0119 w \u015bwiecie mody. Oto co nasze ulubione osobowo\u015bci internetowe maj\u0105 do zaoferowania w tej gor\u0105cej porze roku!\",\"breadcrumb\":{\"@id\":\"https:\/\/pakuten.pl\/blog\/stylizacje-influencerow-na-lato-przeglad-top-5-trendow-z-pakuten\/#breadcrumb\"},\"inLanguage\":\"pl-PL\",\"potentialAction\":[{\"@type\":\"ReadAction\",\"target\":[\"https:\/\/pakuten.pl\/blog\/stylizacje-influencerow-na-lato-przeglad-top-5-trendow-z-pakuten\/\"]}]},{\"@type\":\"BreadcrumbList\",\"@id\":\"https:\/\/pakuten.pl\/blog\/stylizacje-influencerow-na-lato-przeglad-top-5-trendow-z-pakuten\/#breadcrumb\",\"itemListElement\":[{\"@type\":\"ListItem\",\"position\":1,\"name\":\"Strona g\u0142\u00f3wna\",\"item\":\"https:\/\/pakuten.pl\/blog\/\"},{\"@type\":\"ListItem\",\"position\":2,\"name\":\"Stylizacje Influencer\u00f3w na Lato: Przegl\u0105d Top 5 Trend\u00f3w z Pakuten.\"}]},{\"@type\":\"Article\",\"@id\":\"https:\/\/pakuten.pl\/blog\/stylizacje-influencerow-na-lato-przeglad-top-5-trendow-z-pakuten\/#article\",\"isPartOf\":{\"@id\":\"https:\/\/pakuten.pl\/blog\/stylizacje-influencerow-na-lato-przeglad-top-5-trendow-z-pakuten\/#webpage\"},\"author\":{\"@id\":\"https:\/\/pakuten.pl\/blog\/#\/schema\/person\/d7133af30211381a4e4536d088384556\"},\"headline\":\"Stylizacje Influencer\u00f3w na Lato: Przegl\u0105d Top 5 Trend\u00f3w z Pakuten.\",\"datePublished\":\"2024-06-10T13:01:00+00:00\",\"dateModified\":\"2024-06-06T10:39:28+00:00\",\"mainEntityOfPage\":{\"@id\":\"https:\/\/pakuten.pl\/blog\/stylizacje-influencerow-na-lato-przeglad-top-5-trendow-z-pakuten\/#webpage\"},\"wordCount\":600,\"commentCount\":0,\"publisher\":{\"@id\":\"https:\/\/pakuten.pl\/blog\/#organization\"},\"image\":{\"@id\":\"https:\/\/pakuten.pl\/blog\/stylizacje-influencerow-na-lato-przeglad-top-5-trendow-z-pakuten\/#primaryimage\"},\"thumbnailUrl\":\"https:\/\/pakuten.pl\/blog\/wp-content\/uploads\/2024\/05\/Stylizacje-influencero\u0301w-na-lato.jpg\",\"articleSection\":[\"Top Trends\"],\"inLanguage\":\"pl-PL\",\"potentialAction\":[{\"@type\":\"CommentAction\",\"name\":\"Comment\",\"target\":[\"https:\/\/pakuten.pl\/blog\/stylizacje-influencerow-na-lato-przeglad-top-5-trendow-z-pakuten\/#respond\"]}]},{\"@type\":\"Person\",\"@id\":\"https:\/\/pakuten.pl\/blog\/#\/schema\/person\/d7133af30211381a4e4536d088384556\",\"name\":\"Pakuten Girl\",\"image\":{\"@type\":\"ImageObject\",\"@id\":\"https:\/\/pakuten.pl\/blog\/#personlogo\",\"inLanguage\":\"pl-PL\",\"url\":\"https:\/\/secure.gravatar.com\/avatar\/d3df41de2caf92e6cfded9430c2ff352?s=96&d=mm&r=g\",\"contentUrl\":\"https:\/\/secure.gravatar.com\/avatar\/d3df41de2caf92e6cfded9430c2ff352?s=96&d=mm&r=g\",\"caption\":\"Pakuten Girl\"},\"description\":\"Cze\u015b\u0107, nazywam si\u0119 Ola. Kocham Netflixa, sals\u0119, nowo\u015bci kosmetyczne i najnowsze trendy w modzie.\",\"url\":\"https:\/\/pakuten.pl\/blog\/author\/pakuten-girl\/\"}]}<\/script>\n<!-- \/ Yoast SEO plugin. -->","yoast_head_json":{"title":"Stylizacje Influencer\u00f3w na Lato: Przegl\u0105d Top 5 Trend\u00f3w z Pakuten. - Pakuten blog","description":"Lato to czas, gdy moda wkracza na nowy poziom, dzi\u0119ki inspiracjom p\u0142yn\u0105cym z r\u00f3\u017cnych stron \u015bwiata. Jednym z najwi\u0119kszych \u017ar\u00f3de\u0142 takich inspiracji s\u0105 influencerzy, kt\u00f3rzy ka\u017cdego roku prezentuj\u0105 nam swoje ulubione \"stylizacje influencer\u00f3w na lato\". W tym wpisie postanowili\u015bmy przyjrze\u0107 si\u0119 bli\u017cej top 5 letnich stylizacji, kt\u00f3re wyr\u00f3\u017cniaj\u0105 si\u0119 w \u015bwiecie mody. Oto co nasze ulubione osobowo\u015bci internetowe maj\u0105 do zaoferowania w tej gor\u0105cej porze roku!","robots":{"index":"index","follow":"follow","max-snippet":"max-snippet:-1","max-image-preview":"max-image-preview:large","max-video-preview":"max-video-preview:-1"},"canonical":"https:\/\/pakuten.pl\/blog\/stylizacje-influencerow-na-lato-przeglad-top-5-trendow-z-pakuten\/","og_locale":"pl_PL","og_type":"article","og_title":"Stylizacje Influencer\u00f3w na Lato: Przegl\u0105d Top 5 Trend\u00f3w z Pakuten. - Pakuten blog","og_description":"Lato to czas, gdy moda wkracza na nowy poziom, dzi\u0119ki inspiracjom p\u0142yn\u0105cym z r\u00f3\u017cnych stron \u015bwiata. Jednym z najwi\u0119kszych \u017ar\u00f3de\u0142 takich inspiracji s\u0105 influencerzy, kt\u00f3rzy ka\u017cdego roku prezentuj\u0105 nam swoje ulubione \"stylizacje influencer\u00f3w na lato\". W tym wpisie postanowili\u015bmy przyjrze\u0107 si\u0119 bli\u017cej top 5 letnich stylizacji, kt\u00f3re wyr\u00f3\u017cniaj\u0105 si\u0119 w \u015bwiecie mody. Oto co nasze ulubione osobowo\u015bci internetowe maj\u0105 do zaoferowania w tej gor\u0105cej porze roku!","og_url":"https:\/\/pakuten.pl\/blog\/stylizacje-influencerow-na-lato-przeglad-top-5-trendow-z-pakuten\/","og_site_name":"Pakuten blog","article_published_time":"2024-06-10T13:01:00+00:00","article_modified_time":"2024-06-06T10:39:28+00:00","og_image":[{"width":1280,"height":853,"url":"https:\/\/pakuten.pl\/blog\/wp-content\/uploads\/2024\/05\/Stylizacje-influencero\u0301w-na-lato.jpg","type":"image\/jpeg"}],"twitter_card":"summary_large_image","twitter_misc":{"Napisane przez":"Pakuten Girl","Szacowany czas czytania":"4 minuty"},"schema":{"@context":"https:\/\/schema.org","@graph":[{"@type":"Organization","@id":"https:\/\/pakuten.pl\/blog\/#organization","name":"Pakuten","url":"https:\/\/pakuten.pl\/blog\/","sameAs":[],"logo":{"@type":"ImageObject","@id":"https:\/\/pakuten.pl\/blog\/#logo","inLanguage":"pl-PL","url":"http:\/\/pakuten.pl\/blog\/wp-content\/uploads\/2018\/01\/pakuten_logo.png","contentUrl":"http:\/\/pakuten.pl\/blog\/wp-content\/uploads\/2018\/01\/pakuten_logo.png","width":300,"height":120,"caption":"Pakuten"},"image":{"@id":"https:\/\/pakuten.pl\/blog\/#logo"}},{"@type":"WebSite","@id":"https:\/\/pakuten.pl\/blog\/#website","url":"https:\/\/pakuten.pl\/blog\/","name":"Pakuten blog","description":"Blog sklepu internetowego pakuten.pl","publisher":{"@id":"https:\/\/pakuten.pl\/blog\/#organization"},"potentialAction":[{"@type":"SearchAction","target":{"@type":"EntryPoint","urlTemplate":"https:\/\/pakuten.pl\/blog\/?s={search_term_string}"},"query-input":"required name=search_term_string"}],"inLanguage":"pl-PL"},{"@type":"ImageObject","@id":"https:\/\/pakuten.pl\/blog\/stylizacje-influencerow-na-lato-przeglad-top-5-trendow-z-pakuten\/#primaryimage","inLanguage":"pl-PL","url":"https:\/\/pakuten.pl\/blog\/wp-content\/uploads\/2024\/05\/Stylizacje-influencero\u0301w-na-lato.jpg","contentUrl":"https:\/\/pakuten.pl\/blog\/wp-content\/uploads\/2024\/05\/Stylizacje-influencero\u0301w-na-lato.jpg","width":1280,"height":853,"caption":"Stylizacje Influencer\u00f3w na Lato: Przegl\u0105d Top 5 Trend\u00f3w"},{"@type":"WebPage","@id":"https:\/\/pakuten.pl\/blog\/stylizacje-influencerow-na-lato-przeglad-top-5-trendow-z-pakuten\/#webpage","url":"https:\/\/pakuten.pl\/blog\/stylizacje-influencerow-na-lato-przeglad-top-5-trendow-z-pakuten\/","name":"Stylizacje Influencer\u00f3w na Lato: Przegl\u0105d Top 5 Trend\u00f3w z Pakuten. - Pakuten blog","isPartOf":{"@id":"https:\/\/pakuten.pl\/blog\/#website"},"primaryImageOfPage":{"@id":"https:\/\/pakuten.pl\/blog\/stylizacje-influencerow-na-lato-przeglad-top-5-trendow-z-pakuten\/#primaryimage"},"datePublished":"2024-06-10T13:01:00+00:00","dateModified":"2024-06-06T10:39:28+00:00","description":"Lato to czas, gdy moda wkracza na nowy poziom, dzi\u0119ki inspiracjom p\u0142yn\u0105cym z r\u00f3\u017cnych stron \u015bwiata. Jednym z najwi\u0119kszych \u017ar\u00f3de\u0142 takich inspiracji s\u0105 influencerzy, kt\u00f3rzy ka\u017cdego roku prezentuj\u0105 nam swoje ulubione \"stylizacje influencer\u00f3w na lato\". W tym wpisie postanowili\u015bmy przyjrze\u0107 si\u0119 bli\u017cej top 5 letnich stylizacji, kt\u00f3re wyr\u00f3\u017cniaj\u0105 si\u0119 w \u015bwiecie mody. Oto co nasze ulubione osobowo\u015bci internetowe maj\u0105 do zaoferowania w tej gor\u0105cej porze roku!","breadcrumb":{"@id":"https:\/\/pakuten.pl\/blog\/stylizacje-influencerow-na-lato-przeglad-top-5-trendow-z-pakuten\/#breadcrumb"},"inLanguage":"pl-PL","potentialAction":[{"@type":"ReadAction","target":["https:\/\/pakuten.pl\/blog\/stylizacje-influencerow-na-lato-przeglad-top-5-trendow-z-pakuten\/"]}]},{"@type":"BreadcrumbList","@id":"https:\/\/pakuten.pl\/blog\/stylizacje-influencerow-na-lato-przeglad-top-5-trendow-z-pakuten\/#breadcrumb","itemListElement":[{"@type":"ListItem","position":1,"name":"Strona g\u0142\u00f3wna","item":"https:\/\/pakuten.pl\/blog\/"},{"@type":"ListItem","position":2,"name":"Stylizacje Influencer\u00f3w na Lato: Przegl\u0105d Top 5 Trend\u00f3w z Pakuten."}]},{"@type":"Article","@id":"https:\/\/pakuten.pl\/blog\/stylizacje-influencerow-na-lato-przeglad-top-5-trendow-z-pakuten\/#article","isPartOf":{"@id":"https:\/\/pakuten.pl\/blog\/stylizacje-influencerow-na-lato-przeglad-top-5-trendow-z-pakuten\/#webpage"},"author":{"@id":"https:\/\/pakuten.pl\/blog\/#\/schema\/person\/d7133af30211381a4e4536d088384556"},"headline":"Stylizacje Influencer\u00f3w na Lato: Przegl\u0105d Top 5 Trend\u00f3w z Pakuten.","datePublished":"2024-06-10T13:01:00+00:00","dateModified":"2024-06-06T10:39:28+00:00","mainEntityOfPage":{"@id":"https:\/\/pakuten.pl\/blog\/stylizacje-influencerow-na-lato-przeglad-top-5-trendow-z-pakuten\/#webpage"},"wordCount":600,"commentCount":0,"publisher":{"@id":"https:\/\/pakuten.pl\/blog\/#organization"},"image":{"@id":"https:\/\/pakuten.pl\/blog\/stylizacje-influencerow-na-lato-przeglad-top-5-trendow-z-pakuten\/#primaryimage"},"thumbnailUrl":"https:\/\/pakuten.pl\/blog\/wp-content\/uploads\/2024\/05\/Stylizacje-influencero\u0301w-na-lato.jpg","articleSection":["Top Trends"],"inLanguage":"pl-PL","potentialAction":[{"@type":"CommentAction","name":"Comment","target":["https:\/\/pakuten.pl\/blog\/stylizacje-influencerow-na-lato-przeglad-top-5-trendow-z-pakuten\/#respond"]}]},{"@type":"Person","@id":"https:\/\/pakuten.pl\/blog\/#\/schema\/person\/d7133af30211381a4e4536d088384556","name":"Pakuten Girl","image":{"@type":"ImageObject","@id":"https:\/\/pakuten.pl\/blog\/#personlogo","inLanguage":"pl-PL","url":"https:\/\/secure.gravatar.com\/avatar\/d3df41de2caf92e6cfded9430c2ff352?s=96&d=mm&r=g","contentUrl":"https:\/\/secure.gravatar.com\/avatar\/d3df41de2caf92e6cfded9430c2ff352?s=96&d=mm&r=g","caption":"Pakuten Girl"},"description":"Cze\u015b\u0107, nazywam si\u0119 Ola. Kocham Netflixa, sals\u0119, nowo\u015bci kosmetyczne i najnowsze trendy w modzie.","url":"https:\/\/pakuten.pl\/blog\/author\/pakuten-girl\/"}]}},"_links":{"self":[{"href":"https:\/\/pakuten.pl\/blog\/wp-json\/wp\/v2\/posts\/8636"}],"collection":[{"href":"https:\/\/pakuten.pl\/blog\/wp-json\/wp\/v2\/posts"}],"about":[{"href":"https:\/\/pakuten.pl\/blog\/wp-json\/wp\/v2\/types\/post"}],"author":[{"embeddable":true,"href":"https:\/\/pakuten.pl\/blog\/wp-json\/wp\/v2\/users\/3"}],"replies":[{"embeddable":true,"href":"https:\/\/pakuten.pl\/blog\/wp-json\/wp\/v2\/comments?post=8636"}],"version-history":[{"count":9,"href":"https:\/\/pakuten.pl\/blog\/wp-json\/wp\/v2\/posts\/8636\/revisions"}],"predecessor-version":[{"id":8653,"href":"https:\/\/pakuten.pl\/blog\/wp-json\/wp\/v2\/posts\/8636\/revisions\/8653"}],"wp:featuredmedia":[{"embeddable":true,"href":"https:\/\/pakuten.pl\/blog\/wp-json\/wp\/v2\/media\/8646"}],"wp:attachment":[{"href":"https:\/\/pakuten.pl\/blog\/wp-json\/wp\/v2\/media?parent=8636"}],"wp:term":[{"taxonomy":"category","embeddable":true,"href":"https:\/\/pakuten.pl\/blog\/wp-json\/wp\/v2\/categories?post=8636"},{"taxonomy":"post_tag","embeddable":true,"href":"https:\/\/pakuten.pl\/blog\/wp-json\/wp\/v2\/tags?post=8636"}],"curies":[{"name":"wp","href":"https:\/\/api.w.org\/{rel}","templated":true}]}}