{"id":8744,"date":"2024-07-01T14:10:00","date_gmt":"2024-07-01T12:10:00","guid":{"rendered":"https:\/\/pakuten.pl\/blog\/?p=8744"},"modified":"2024-06-19T14:17:31","modified_gmt":"2024-06-19T12:17:31","slug":"biel-latem-porady-stylizacyjne-od-pakuten","status":"publish","type":"post","link":"https:\/\/pakuten.pl\/blog\/biel-latem-porady-stylizacyjne-od-pakuten\/","title":{"rendered":"Biel latem- jak j\u0105 nosi\u0107? Porady stylizacyjne od Pakuten."},"content":{"rendered":"\n<p class=\"p1\"><strong>Lato to czas, kiedy nasze garderoby przepe\u0142niaj\u0105 jasne, \u015bwie\u017ce kolory, a biel jest kr\u00f3low\u0105 w\u015br\u00f3d letnich odcieni. Wprowadza lekko\u015b\u0107, elegancj\u0119 i czysto\u015b\u0107 do ka\u017cdej stylizacji. Ale jak nosi\u0107 biel latem, aby wygl\u0105da\u0107 modnie, elegancko, sportowo lub casualowo? Oto kilka praktycznych porad, kt\u00f3re pomog\u0105 Ci stworzy\u0107 stylizacje na r\u00f3\u017cne okazje.<\/strong><\/p>\n<h2><span style=\"color: #ff9900;\">Biel latem: Elegancja w bia\u0142ych stylizacjach<\/span><\/h2>\n<p class=\"p1\">Biel to kolor, kt\u00f3ry doskonale nadaje si\u0119 do eleganckich stylizacji. Aby uzyska\u0107 klasyczny i wyrafinowany wygl\u0105d, postaw na bia\u0142y garnitur. <span style=\"color: #ff9900;\"><a style=\"color: #ff9900;\" href=\"https:\/\/pakuten.pl\/117-marynarki-i-garnitury\" target=\"_blank\" rel=\"noopener\">Marynarka i spodnie<\/a><\/span> w tym samym odcieniu bieli stworz\u0105 harmonijn\u0105 ca\u0142o\u015b\u0107. Dobierz do tego minimalistyczne dodatki, takie jak srebrne kolczyki czy delikatna bransoletka. Bia\u0142e szpilki lub sanda\u0142y na obcasie idealnie dope\u0142ni\u0105 eleganck\u0105 stylizacj\u0119.<\/p>\n<p class=\"p1\">Je\u015bli chcesz doda\u0107 odrobin\u0119 romantyzmu, wybierz bia\u0142\u0105 sukienk\u0119 maxi. Koronkowe wstawki lub falbany dodadz\u0105 jej lekko\u015bci i dziewcz\u0119cego uroku. Taki str\u00f3j sprawdzi si\u0119 na letnich przyj\u0119ciach czy weselach. Dla kontrastu, mo\u017cesz dobra\u0107 kolorowe dodatki, na przyk\u0142ad kopert\u00f3wk\u0119 w odcieniu pudrowego r\u00f3\u017cu lub delikatne sanda\u0142y w pastelowych barwach.<\/p>\n<p><img loading=\"lazy\" class=\"aligncenter size-full wp-image-8749\" src=\"https:\/\/pakuten.pl\/blog\/wp-content\/uploads\/2024\/06\/Sukienka-maxi-w-bieli.jpg\" alt=\"Sukienka maxi bia\u0142a\" width=\"741\" height=\"1000\" \/><\/p>\n<h2><span style=\"color: #ff9900;\">Sportowy szyk: Biel latem w wersji sportowej<\/span><\/h2>\n<p class=\"p1\">Je\u015bli preferujesz sportowy styl, biel r\u00f3wnie\u017c \u015bwietnie si\u0119 sprawdzi. Bia\u0142e, bawe\u0142niane szorty w po\u0142\u0105czeniu z t-shirtem to klasyka letnich, sportowych stylizacji. Do tego sneakersy i czapka z daszkiem, a otrzymasz wygodny i stylowy zestaw na spacer czy wyj\u015bcie na pla\u017c\u0119.<\/p>\n<p><img loading=\"lazy\" class=\"aligncenter size-full wp-image-8750\" src=\"https:\/\/pakuten.pl\/blog\/wp-content\/uploads\/2024\/06\/bialy-komplet.jpg\" alt=\"\" width=\"741\" height=\"1000\" \/><\/p>\n<p class=\"p1\">Biel latem w sportowym wydaniu to tak\u017ce <span style=\"color: #ff9900;\"><a style=\"color: #ff9900;\" href=\"https:\/\/pakuten.pl\/30-komplety-dresowe\" target=\"_blank\" rel=\"noopener\">dresy<\/a><\/span>. Wybierz te z lekkiego, oddychaj\u0105cego materia\u0142u. Bia\u0142y dres mo\u017cna zestawi\u0107 z crop topem w intensywnym kolorze, co doda energii ca\u0142ej stylizacji. Na ch\u0142odniejsze wieczory, zarzu\u0107 na siebie bia\u0142\u0105 bluz\u0119 z kapturem \u2013 to idealne dope\u0142nienie sportowego looku.<\/p>\n<h2 class=\"p1\"><span style=\"color: #ff9900;\">Casualowy styl na co dzie\u0144<\/span><\/h2>\n<p class=\"p1\">Biel doskonale sprawdza si\u0119 r\u00f3wnie\u017c w casualowych, codziennych stylizacjach. Bia\u0142e jeansy to absolutny must-have na lato. S\u0105 one baz\u0105, kt\u00f3r\u0105 mo\u017cna zestawi\u0107 z niemal ka\u017cd\u0105 g\u00f3r\u0105. Na przyk\u0142ad, z bia\u0142\u0105 koszul\u0105 oversize, kt\u00f3ra dodaje luzu i swobody. Do tego sanda\u0142y na p\u0142askiej podeszwie i s\u0142omkowy kapelusz \u2013 idealny str\u00f3j na spacer po mie\u015bcie.<\/p>\n<p class=\"p1\">Innym \u015bwietnym wyborem s\u0105 bia\u0142e, lniane spodnie. W po\u0142\u0105czeniu z lekkim topem w pastelowych kolorach i espadrylami, stworz\u0105 one casualow\u0105 stylizacj\u0119, idealn\u0105 na letnie wyj\u015bcia. Pami\u0119taj o dodatkach \u2013 du\u017ce, przeciws\u0142oneczne okulary i torba shopper b\u0119d\u0105 praktycznym i stylowym uzupe\u0142nieniem ca\u0142o\u015bci.<\/p>\n<div class=\"product-box-container\">\r\n<div class=\"one_third \" style=\"\">\r\n<div class=\"product-box\">\r\n<a href=\"https:\/\/pakuten.pl\/38885-83340-bialy-muslinowy-komplet-top-spodnie-noriitto-bialy.html\" target=\"_blank\">\r\n <img src=\"https:\/\/media.pakuten.pl\/228052-large_default\/bialy-muslinowy-komplet-top-spodnie-noriitto.jpg\" alt=\"Bia\u0142y mu\u015blinowy komplet top + spodnie Noriitto\"\/>\r\n<\/a>\r\n<p>\r\n<a href=\"https:\/\/pakuten.pl\/38885-83340-bialy-muslinowy-komplet-top-spodnie-noriitto-bialy.html\" target=\"_blank\">\r\nBia\u0142y mu\u015blinowy komplet top + spodnie Noriitto\r\n<\/a><\/p>\r\n  <p>Cena: 89,99\u00a0z\u0142<\/p>\r\n<a href=\"https:\/\/pakuten.pl\/38885-83340-bialy-muslinowy-komplet-top-spodnie-noriitto-bialy.html\" target=\"_blank\" class=\"button\">\r\nZobacz w sklepie\r\n<\/a>\r\n<\/div>\r\n<\/div>\r\n<div class=\"one_third \" style=\"\">\r\n<div class=\"product-box\">\r\n<a href=\"https:\/\/pakuten.pl\/38878-83291-bialy-muslinowy-komplet-bluzka-z-wiazaniem-na-plecach-i-szorty-allma-bialy.html\" target=\"_blank\">\r\n  <img src=\"https:\/\/media.pakuten.pl\/228033-large_default\/bialy-muslinowy-komplet-bluzka-z-wiazaniem-na-plecach-i-szorty-allma.jpg\" alt=\"Bia\u0142y mu\u015blinowy komplet bluzka z wi\u0105zaniem na plecach i szorty Allma\"\/>\r\n<\/a>\r\n<p>\r\n<a href=\"https:\/\/pakuten.pl\/38878-83291-bialy-muslinowy-komplet-bluzka-z-wiazaniem-na-plecach-i-szorty-allma-bialy.html\" target=\"_blank\">\r\nBia\u0142y mu\u015blinowy komplet bluzka z wi\u0105zaniem na plecach i szorty Allma\r\n<\/a><\/p>\r\n  <p>Cena: 39,99\u00a0z\u0142<\/p>\r\n<a href=\"https:\/\/pakuten.pl\/38878-83291-bialy-muslinowy-komplet-bluzka-z-wiazaniem-na-plecach-i-szorty-allma-bialy.html\" target=\"_blank\" class=\"button\">\r\nZobacz w sklepie\r\n<\/a>\r\n<\/div>\r\n<\/div>\r\n<div class=\"one_third last \" style=\"\">\r\n<div class=\"product-box\">\r\n<a href=\"https:\/\/pakuten.pl\/32931-73259-bialy-muslinowy-komplet-bluzka-spodenki-izenna-bialy.html\" target=\"_blank\">\r\n  <img src=\"https:\/\/media.pakuten.pl\/198855-large_default\/bialy-muslinowy-komplet-bluzka-spodenki-izenna.jpg\" alt=\"Bia\u0142y mu\u015blinowy komplet bluzka + spodenki Izenna\"\/>\r\n<\/a>\r\n<p>\r\n<a href=\"https:\/\/pakuten.pl\/32931-73259-bialy-muslinowy-komplet-bluzka-spodenki-izenna-bialy.html\" target=\"_blank\">\r\nBia\u0142y mu\u015blinowy komplet bluzka + spodenki Izenna\r\n<\/a><\/p>\r\n  <p>Cena: 99,99\u00a0z\u0142<\/p>\r\n<a href=\"https:\/\/pakuten.pl\/32931-73259-bialy-muslinowy-komplet-bluzka-spodenki-izenna-bialy.html\" target=\"_blank\" class=\"button\">\r\nZobacz w sklepie\r\n<\/a>\r\n<\/div>\r\n<\/div><br class=\"clear\"\/>\r\n<\/div>\n<h2 class=\"p1\"><span style=\"color: #ff9900;\">Jak zestawia\u0107 biel latem?<\/span><\/h2>\n<p class=\"p1\">Wa\u017cne jest, aby biel latem zestawia\u0107 z odpowiednimi dodatkami. Biel to kolor, kt\u00f3ry lubi kontrasty. Dlatego nie b\u00f3j si\u0119 eksperymentowa\u0107 z intensywnymi barwami. Czerwone lub kobaltowe dodatki mog\u0105 doda\u0107 stylizacji wyrazisto\u015bci. Je\u017celi jednak wolisz stonowane zestawienia, pastelowe kolory b\u0119d\u0105 doskona\u0142ym wyborem.<\/p>\n<p class=\"p1\">Kolejn\u0105 wa\u017cn\u0105 kwesti\u0105 jest dob\u00f3r odpowiednich materia\u0142\u00f3w. Latem najlepiej sprawdz\u0105 si\u0119 naturalne tkaniny, takie jak bawe\u0142na, len czy jedwab. S\u0105 one przewiewne i komfortowe w noszeniu, co jest kluczowe podczas upalnych dni. Unikaj syntetycznych materia\u0142\u00f3w, kt\u00f3re mog\u0105 powodowa\u0107 dyskomfort i sprawia\u0107, \u017ce b\u0119dziesz si\u0119 nadmiernie poci\u0107.<\/p>\n<div class=\"product-box-container\">\r\n<div class=\"one_third \" style=\"\">\r\n<div class=\"product-box\">\r\n<a href=\"https:\/\/pakuten.pl\/39190-83706-biala-muslinowa-sukienka-midi-z-wycieciem-na-brzuchu-jenilynn-bialy.html\" target=\"_blank\">\r\n <img src=\"https:\/\/media.pakuten.pl\/229758-large_default\/biala-muslinowa-sukienka-midi-z-wycieciem-na-brzuchu-jenilynn.jpg\" alt=\"Bia\u0142a mu\u015blinowa sukienka midi z wyci\u0119ciem na brzuchu Jenilynn\"\/>\r\n<\/a>\r\n<p>\r\n<a href=\"https:\/\/pakuten.pl\/39190-83706-biala-muslinowa-sukienka-midi-z-wycieciem-na-brzuchu-jenilynn-bialy.html\" target=\"_blank\">\r\nBia\u0142a mu\u015blinowa sukienka midi z wyci\u0119ciem na brzuchu Jenilynn\r\n<\/a><\/p>\r\n  <p>Cena: 136,49\u00a0z\u0142<\/p>\r\n<a href=\"https:\/\/pakuten.pl\/39190-83706-biala-muslinowa-sukienka-midi-z-wycieciem-na-brzuchu-jenilynn-bialy.html\" target=\"_blank\" class=\"button\">\r\nZobacz w sklepie\r\n<\/a>\r\n<\/div>\r\n<\/div>\r\n<div class=\"one_third \" style=\"\">\r\n<div class=\"product-box\">\r\n<a href=\"https:\/\/pakuten.pl\/32903-73255-biala-rozkloszowana-muslinowa-sukienka-z-bufkami-weziaa-bialy.html\" target=\"_blank\">\r\n  <img src=\"https:\/\/media.pakuten.pl\/198834-large_default\/biala-rozkloszowana-muslinowa-sukienka-z-bufkami-weziaa.jpg\" alt=\"Bia\u0142a rozkloszowana mu\u015blinowa sukienka z bufkami Weziaa\"\/>\r\n<\/a>\r\n<p>\r\n<a href=\"https:\/\/pakuten.pl\/32903-73255-biala-rozkloszowana-muslinowa-sukienka-z-bufkami-weziaa-bialy.html\" target=\"_blank\">\r\nBia\u0142a rozkloszowana mu\u015blinowa sukienka z bufkami Weziaa\r\n<\/a><\/p>\r\n  <p>Cena: 145,59\u00a0z\u0142<\/p>\r\n<a href=\"https:\/\/pakuten.pl\/32903-73255-biala-rozkloszowana-muslinowa-sukienka-z-bufkami-weziaa-bialy.html\" target=\"_blank\" class=\"button\">\r\nZobacz w sklepie\r\n<\/a>\r\n<\/div>\r\n<\/div>\r\n<div class=\"one_third last \" style=\"\">\r\n<div class=\"product-box\">\r\n<a href=\"https:\/\/pakuten.pl\/38917-83354-biala-muslinowa-sukienka-z-dekoltem-v-eilinora-bialy.html\" target=\"_blank\">\r\n  <img src=\"https:\/\/media.pakuten.pl\/228239-large_default\/biala-muslinowa-sukienka-z-dekoltem-v-eilinora.jpg\" alt=\"Bia\u0142a mu\u015blinowa sukienka z dekoltem V Eilinora\"\/>\r\n<\/a>\r\n<p>\r\n<a href=\"https:\/\/pakuten.pl\/38917-83354-biala-muslinowa-sukienka-z-dekoltem-v-eilinora-bialy.html\" target=\"_blank\">\r\nBia\u0142a mu\u015blinowa sukienka z dekoltem V Eilinora\r\n<\/a><\/p>\r\n  <p>Cena: 79,99\u00a0z\u0142<\/p>\r\n<a href=\"https:\/\/pakuten.pl\/38917-83354-biala-muslinowa-sukienka-z-dekoltem-v-eilinora-bialy.html\" target=\"_blank\" class=\"button\">\r\nZobacz w sklepie\r\n<\/a>\r\n<\/div>\r\n<\/div><br class=\"clear\"\/>\r\n<\/div>\n<h2 class=\"p1\"><span style=\"color: #ff9900;\">Biel latem w dodatkach<\/span><\/h2>\n<p class=\"p2\">Nie zapominaj o mocy dodatk\u00f3w. Biel latem mo\u017ce by\u0107 podkre\u015blona poprzez odpowiednie akcesoria. Bia\u0142e okulary przeciws\u0142oneczne, torebki, a nawet bi\u017cuteria mog\u0105 doda\u0107 elegancji lub nonszalancji w zale\u017cno\u015bci od stylizacji. Na pla\u017c\u0119 wybierz bia\u0142y kapelusz i du\u017ce torby pla\u017cowe \u2013 s\u0105 praktyczne i stylowe zarazem.<\/p>\n<p><img loading=\"lazy\" class=\"aligncenter size-full wp-image-8755\" src=\"https:\/\/pakuten.pl\/blog\/wp-content\/uploads\/2024\/06\/Lila-Beige-Wool-Wide-Brim-Fedora-\u2026-curated-on-LTK.jpeg\" alt=\"bia\u0142e dodatki\" width=\"736\" height=\"1103\" \/><\/p>\n<p class=\"p2\">Biel latem w dodatkach to tak\u017ce bia\u0142e buty. Klapki, espadryle czy bia\u0142e trampki to must-have na lato. S\u0105 uniwersalne i pasuj\u0105 do wielu stylizacji \u2013 od eleganckich sukienek po casualowe jeansy.<\/p>\n<h2><span style=\"color: #ff9900;\">Komplety \u2013 modny wyb\u00f3r na ka\u017cd\u0105 okazj\u0119<\/span><\/h2>\n<p>Komplety to jeden z najmodniejszych wybor\u00f3w na lato, kt\u00f3ry \u015bwietnie wpisuje si\u0119 w trend noszenia bieli. Biel latem w formie kompletu to doskona\u0142a opcja, gdy chcesz wygl\u0105da\u0107 stylowo i czu\u0107 si\u0119 komfortowo bez zb\u0119dnego zastanawiania si\u0119 nad dopasowywaniem poszczeg\u00f3lnych element\u00f3w garderoby.<\/p>\n<p>Bia\u0142e <span style=\"color: #ff9900;\"><a style=\"color: #ff9900;\" href=\"https:\/\/pakuten.pl\/126-komplety\" target=\"_blank\" rel=\"noopener\">komplety<\/a><\/span> mog\u0105 wyst\u0119powa\u0107 w r\u00f3\u017cnych wariantach \u2013 od casualowych zestaw\u00f3w sk\u0142adaj\u0105cych si\u0119 z szort\u00f3w i topu, po eleganckie kombinacje z\u0142o\u017cone ze sp\u00f3dnicy i marynarki. Casualowy komplet z bia\u0142ych szort\u00f3w i lu\u017anego topu \u015bwietnie sprawdzi si\u0119 na letnie spacery czy pla\u017cowe wyj\u015bcia. Dobierz do niego lekkie sanda\u0142y i s\u0142omkowy kapelusz, aby podkre\u015bli\u0107 wakacyjny charakter stylizacji.<\/p>\n<blockquote class=\"instagram-media\" style=\"background: #FFF; border: 0; border-radius: 3px; box-shadow: 0 0 1px 0 rgba(0,0,0,0.5),0 1px 10px 0 rgba(0,0,0,0.15); margin: 1px; max-width: 540px; min-width: 326px; padding: 0; width: calc(100% - 2px);\" data-instgrm-permalink=\"https:\/\/www.instagram.com\/reel\/C8H83y6q-aR\/?utm_source=ig_embed&amp;utm_campaign=loading\" data-instgrm-version=\"14\">\n<div style=\"padding: 16px;\">\n<div style=\"display: flex; flex-direction: row; align-items: center;\">\n<div style=\"background-color: #f4f4f4; border-radius: 50%; flex-grow: 0; height: 40px; margin-right: 14px; width: 40px;\">\u00a0<\/div>\n<div style=\"display: flex; flex-direction: column; flex-grow: 1; justify-content: center;\">\n<div style=\"background-color: #f4f4f4; border-radius: 4px; flex-grow: 0; height: 14px; margin-bottom: 6px; width: 100px;\">\u00a0<\/div>\n<div style=\"background-color: #f4f4f4; border-radius: 4px; flex-grow: 0; height: 14px; width: 60px;\">\u00a0<\/div>\n<\/div>\n<\/div>\n<div style=\"padding: 19% 0;\">\u00a0<\/div>\n<div style=\"display: block; height: 50px; margin: 0 auto 12px; width: 50px;\">\u00a0<\/div>\n<div style=\"padding-top: 8px;\">\n<div style=\"color: #3897f0; font-family: Arial,sans-serif; font-size: 14px; font-style: normal; font-weight: 550; line-height: 18px;\">Wy\u015bwietl ten post na Instagramie<\/div>\n<\/div>\n<div style=\"padding: 12.5% 0;\">\u00a0<\/div>\n<div style=\"display: flex; flex-direction: row; margin-bottom: 14px; align-items: center;\">\n<div>\n<div style=\"background-color: #f4f4f4; border-radius: 50%; height: 12.5px; width: 12.5px; transform: translateX(0px) translateY(7px);\">\u00a0<\/div>\n<div style=\"background-color: #f4f4f4; height: 12.5px; transform: rotate(-45deg) translateX(3px) translateY(1px); width: 12.5px; flex-grow: 0; margin-right: 14px; margin-left: 2px;\">\u00a0<\/div>\n<div style=\"background-color: #f4f4f4; border-radius: 50%; height: 12.5px; width: 12.5px; transform: translateX(9px) translateY(-18px);\">\u00a0<\/div>\n<\/div>\n<div style=\"margin-left: 8px;\">\n<div style=\"background-color: #f4f4f4; border-radius: 50%; flex-grow: 0; height: 20px; width: 20px;\">\u00a0<\/div>\n<div style=\"width: 0; height: 0; border-top: 2px solid transparent; border-left: 6px solid #f4f4f4; border-bottom: 2px solid transparent; transform: translateX(16px) translateY(-4px) rotate(30deg);\">\u00a0<\/div>\n<\/div>\n<div style=\"margin-left: auto;\">\n<div style=\"width: 0px; border-top: 8px solid #F4F4F4; border-right: 8px solid transparent; transform: translateY(16px);\">\u00a0<\/div>\n<div style=\"background-color: #f4f4f4; flex-grow: 0; height: 12px; width: 16px; transform: translateY(-4px);\">\u00a0<\/div>\n<div style=\"width: 0; height: 0; border-top: 8px solid #F4F4F4; border-left: 8px solid transparent; transform: translateY(-4px) translateX(8px);\">\u00a0<\/div>\n<\/div>\n<\/div>\n<div style=\"display: flex; flex-direction: column; flex-grow: 1; justify-content: center; margin-bottom: 24px;\">\n<div style=\"background-color: #f4f4f4; border-radius: 4px; flex-grow: 0; height: 14px; margin-bottom: 6px; width: 224px;\">\u00a0<\/div>\n<div style=\"background-color: #f4f4f4; border-radius: 4px; flex-grow: 0; height: 14px; width: 144px;\">\u00a0<\/div>\n<\/div>\n<p style=\"color: #c9c8cd; font-family: Arial,sans-serif; font-size: 14px; line-height: 17px; margin-bottom: 0; margin-top: 8px; overflow: hidden; padding: 8px 0 7px; text-align: center; text-overflow: ellipsis; white-space: nowrap;\"><a style=\"color: #c9c8cd; font-family: Arial,sans-serif; font-size: 14px; font-style: normal; font-weight: normal; line-height: 17px; text-decoration: none;\" href=\"https:\/\/www.instagram.com\/reel\/C8H83y6q-aR\/?utm_source=ig_embed&amp;utm_campaign=loading\" target=\"_blank\" rel=\"noopener\">Post udost\u0119pniony przez \ud835\udcdc\ud835\udcea\ud835\udcfb\ud835\udcf2\ud835\udcf4\ud835\udcea\ud83c\udf38 (@_mari1104)<\/a><\/p>\n<\/div>\n<\/blockquote>\n<p><script async src=\"\/\/www.instagram.com\/embed.js\"><\/script><\/p>\n<p>Dla bardziej formalnych okazji, takich jak garden party czy letnie przyj\u0119cia, postaw na bia\u0142e komplety sk\u0142adaj\u0105ce si\u0119 ze sp\u00f3dnicy i eleganckiej bluzki lub spodni i marynarki. Tego typu zestawy mo\u017cna \u0142atwo urozmaici\u0107 dodatkami \u2013 wybierz bi\u017cuteri\u0119 w z\u0142otym kolorze, aby doda\u0107 stylizacji elegancji, lub kolorowe akcenty, kt\u00f3re wprowadz\u0105 odrobin\u0119 wakacyjnej rado\u015bci.<\/p>\n<blockquote class=\"instagram-media\" style=\"background: #FFF; border: 0; border-radius: 3px; box-shadow: 0 0 1px 0 rgba(0,0,0,0.5),0 1px 10px 0 rgba(0,0,0,0.15); margin: 1px; max-width: 540px; min-width: 326px; padding: 0; width: calc(100% - 2px);\" data-instgrm-permalink=\"https:\/\/www.instagram.com\/reel\/C7BP6USIA96\/?utm_source=ig_embed&amp;utm_campaign=loading\" data-instgrm-version=\"14\">\n<div style=\"padding: 16px;\">\n<div style=\"display: flex; flex-direction: row; align-items: center;\">\n<div style=\"background-color: #f4f4f4; border-radius: 50%; flex-grow: 0; height: 40px; margin-right: 14px; width: 40px;\">\u00a0<\/div>\n<div style=\"display: flex; flex-direction: column; flex-grow: 1; justify-content: center;\">\n<div style=\"background-color: #f4f4f4; border-radius: 4px; flex-grow: 0; height: 14px; margin-bottom: 6px; width: 100px;\">\u00a0<\/div>\n<div style=\"background-color: #f4f4f4; border-radius: 4px; flex-grow: 0; height: 14px; width: 60px;\">\u00a0<\/div>\n<\/div>\n<\/div>\n<div style=\"padding: 19% 0;\">\u00a0<\/div>\n<div style=\"display: block; height: 50px; margin: 0 auto 12px; width: 50px;\">\u00a0<\/div>\n<div style=\"padding-top: 8px;\">\n<div style=\"color: #3897f0; font-family: Arial,sans-serif; font-size: 14px; font-style: normal; font-weight: 550; line-height: 18px;\">Wy\u015bwietl ten post na Instagramie<\/div>\n<\/div>\n<div style=\"padding: 12.5% 0;\">\u00a0<\/div>\n<div style=\"display: flex; flex-direction: row; margin-bottom: 14px; align-items: center;\">\n<div>\n<div style=\"background-color: #f4f4f4; border-radius: 50%; height: 12.5px; width: 12.5px; transform: translateX(0px) translateY(7px);\">\u00a0<\/div>\n<div style=\"background-color: #f4f4f4; height: 12.5px; transform: rotate(-45deg) translateX(3px) translateY(1px); width: 12.5px; flex-grow: 0; margin-right: 14px; margin-left: 2px;\">\u00a0<\/div>\n<div style=\"background-color: #f4f4f4; border-radius: 50%; height: 12.5px; width: 12.5px; transform: translateX(9px) translateY(-18px);\">\u00a0<\/div>\n<\/div>\n<div style=\"margin-left: 8px;\">\n<div style=\"background-color: #f4f4f4; border-radius: 50%; flex-grow: 0; height: 20px; width: 20px;\">\u00a0<\/div>\n<div style=\"width: 0; height: 0; border-top: 2px solid transparent; border-left: 6px solid #f4f4f4; border-bottom: 2px solid transparent; transform: translateX(16px) translateY(-4px) rotate(30deg);\">\u00a0<\/div>\n<\/div>\n<div style=\"margin-left: auto;\">\n<div style=\"width: 0px; border-top: 8px solid #F4F4F4; border-right: 8px solid transparent; transform: translateY(16px);\">\u00a0<\/div>\n<div style=\"background-color: #f4f4f4; flex-grow: 0; height: 12px; width: 16px; transform: translateY(-4px);\">\u00a0<\/div>\n<div style=\"width: 0; height: 0; border-top: 8px solid #F4F4F4; border-left: 8px solid transparent; transform: translateY(-4px) translateX(8px);\">\u00a0<\/div>\n<\/div>\n<\/div>\n<div style=\"display: flex; flex-direction: column; flex-grow: 1; justify-content: center; margin-bottom: 24px;\">\n<div style=\"background-color: #f4f4f4; border-radius: 4px; flex-grow: 0; height: 14px; margin-bottom: 6px; width: 224px;\">\u00a0<\/div>\n<div style=\"background-color: #f4f4f4; border-radius: 4px; flex-grow: 0; height: 14px; width: 144px;\">\u00a0<\/div>\n<\/div>\n<p style=\"color: #c9c8cd; font-family: Arial,sans-serif; font-size: 14px; line-height: 17px; margin-bottom: 0; margin-top: 8px; overflow: hidden; padding: 8px 0 7px; text-align: center; text-overflow: ellipsis; white-space: nowrap;\"><a style=\"color: #c9c8cd; font-family: Arial,sans-serif; font-size: 14px; font-style: normal; font-weight: normal; line-height: 17px; text-decoration: none;\" href=\"https:\/\/www.instagram.com\/reel\/C7BP6USIA96\/?utm_source=ig_embed&amp;utm_campaign=loading\" target=\"_blank\" rel=\"noopener\">Post udost\u0119pniony przez P A T R Y C J A. \ud83d\udcab (@patrycjaa__emm)<\/a><\/p>\n<\/div>\n<\/blockquote>\n<p><script async src=\"\/\/www.instagram.com\/embed.js\"><\/script><\/p>\n<p>Bia\u0142e komplety s\u0105 tak\u017ce \u015bwietnym wyborem na wieczorne wyj\u015bcia. Komplet z bia\u0142ej, koronkowej bluzki i spodni palazzo stworzy zmys\u0142owy, a jednocze\u015bnie elegancki look. Do tego dodaj subtelny makija\u017c i klasyczne szpilki, aby uzyska\u0107 pe\u0142n\u0105 elegancji stylizacj\u0119, kt\u00f3ra z pewno\u015bci\u0105 przyci\u0105gnie spojrzenia.<\/p>\n<p>\u00a0<\/p>\n<p class=\"p1\">Biel latem to idealny wyb\u00f3r na ka\u017cd\u0105 okazj\u0119. Niezale\u017cnie od tego, czy preferujesz elegancki, sportowy czy casualowy styl, biel zawsze doda \u015bwie\u017co\u015bci i lekko\u015bci Twoim stylizacjom. Pami\u0119taj o doborze odpowiednich materia\u0142\u00f3w i dodatk\u00f3w, aby czu\u0107 si\u0119 komfortowo i wygl\u0105da\u0107 modnie. Eksperymentuj z kontrastami i baw si\u0119 mod\u0105, a na pewno stworzysz niepowtarzalne i stylowe zestawy na lato.<\/p>\n\n\n<div class=\"kk-star-ratings kksr-auto kksr-align-right kksr-valign-bottom\"\n    data-payload='{&quot;align&quot;:&quot;right&quot;,&quot;id&quot;:&quot;8744&quot;,&quot;slug&quot;:&quot;default&quot;,&quot;valign&quot;:&quot;bottom&quot;,&quot;ignore&quot;:&quot;&quot;,&quot;reference&quot;:&quot;auto&quot;,&quot;class&quot;:&quot;&quot;,&quot;count&quot;:&quot;463&quot;,&quot;legendonly&quot;:&quot;&quot;,&quot;readonly&quot;:&quot;&quot;,&quot;score&quot;:&quot;1&quot;,&quot;starsonly&quot;:&quot;&quot;,&quot;best&quot;:&quot;5&quot;,&quot;gap&quot;:&quot;5&quot;,&quot;greet&quot;:&quot;Rate this post&quot;,&quot;legend&quot;:&quot;1\\\/5 - (463 votes)&quot;,&quot;size&quot;:&quot;24&quot;,&quot;width&quot;:&quot;26.5&quot;,&quot;_legend&quot;:&quot;{score}\\\/{best} - ({count} {votes})&quot;,&quot;font_factor&quot;:&quot;1.25&quot;}'>\n            \n<div class=\"kksr-stars\">\n    \n<div class=\"kksr-stars-inactive\">\n            <div class=\"kksr-star\" data-star=\"1\" style=\"padding-right: 5px\">\n            \n\n<div class=\"kksr-icon\" style=\"width: 24px; height: 24px;\"><\/div>\n        <\/div>\n            <div class=\"kksr-star\" data-star=\"2\" style=\"padding-right: 5px\">\n            \n\n<div class=\"kksr-icon\" style=\"width: 24px; height: 24px;\"><\/div>\n        <\/div>\n            <div class=\"kksr-star\" data-star=\"3\" style=\"padding-right: 5px\">\n            \n\n<div class=\"kksr-icon\" style=\"width: 24px; height: 24px;\"><\/div>\n        <\/div>\n            <div class=\"kksr-star\" data-star=\"4\" style=\"padding-right: 5px\">\n            \n\n<div class=\"kksr-icon\" style=\"width: 24px; height: 24px;\"><\/div>\n        <\/div>\n            <div class=\"kksr-star\" data-star=\"5\" style=\"padding-right: 5px\">\n            \n\n<div class=\"kksr-icon\" style=\"width: 24px; height: 24px;\"><\/div>\n        <\/div>\n    <\/div>\n    \n<div class=\"kksr-stars-active\" style=\"width: 26.5px;\">\n            <div class=\"kksr-star\" style=\"padding-right: 5px\">\n            \n\n<div class=\"kksr-icon\" style=\"width: 24px; height: 24px;\"><\/div>\n        <\/div>\n            <div class=\"kksr-star\" style=\"padding-right: 5px\">\n            \n\n<div class=\"kksr-icon\" style=\"width: 24px; height: 24px;\"><\/div>\n        <\/div>\n            <div class=\"kksr-star\" style=\"padding-right: 5px\">\n            \n\n<div class=\"kksr-icon\" style=\"width: 24px; height: 24px;\"><\/div>\n        <\/div>\n            <div class=\"kksr-star\" style=\"padding-right: 5px\">\n            \n\n<div class=\"kksr-icon\" style=\"width: 24px; height: 24px;\"><\/div>\n        <\/div>\n            <div class=\"kksr-star\" style=\"padding-right: 5px\">\n            \n\n<div class=\"kksr-icon\" style=\"width: 24px; height: 24px;\"><\/div>\n        <\/div>\n    <\/div>\n<\/div>\n                \n\n<div class=\"kksr-legend\" style=\"font-size: 19.2px;\">\n            1\/5 - (463 votes)    <\/div>\n    <\/div>\n","protected":false},"excerpt":{"rendered":"<p class=\"p1\" style=\"margin: 0px; font-variant-numeric: normal; font-variant-east-asian: normal; font-variant-alternates: normal; font-kerning: auto; font-optical-sizing: auto; font-feature-settings: normal; font-variation-settings: normal; font-variant-position: normal; font-stretch: normal; font-size: 12px; line-height: normal; font-family: 'Helvetica Neue'; color: #000000;\">Lato to czas, kiedy nasze garderoby przepe\u0142niaj\u0105 jasne, \u015bwie\u017ce kolory, a biel jest kr\u00f3low\u0105 w\u015br\u00f3d letnich odcieni. Wprowadza lekko\u015b\u0107, elegancj\u0119 i czysto\u015b\u0107 do ka\u017cdej stylizacji. Ale jak nosi\u0107 biel latem, aby wygl\u0105da\u0107 modnie, elegancko, sportowo lub casualowo? Oto kilka praktycznych porad, kt\u00f3re pomog\u0105 Ci stworzy\u0107 stylizacje na r\u00f3\u017cne okazje.<\/p>\n","protected":false},"author":3,"featured_media":8746,"comment_status":"open","ping_status":"open","sticky":false,"template":"","format":"standard","meta":[],"categories":[4],"tags":[],"yoast_head":"<!-- This site is optimized with the Yoast SEO plugin v18.4.1 - https:\/\/yoast.com\/wordpress\/plugins\/seo\/ -->\n<title>Biel latem- jak j\u0105 nosi\u0107? Porady stylizacyjne od Pakuten. - Pakuten blog<\/title>\n<meta name=\"description\" content=\"Jak nosi\u0107 biel latem, aby wygl\u0105da\u0107 modnie, elegancko lub casualowo? Oto kilka praktycznych porad, kt\u00f3re pomog\u0105 Ci stworzy\u0107 stylizacje na r\u00f3\u017cne okazje.\" \/>\n<meta name=\"robots\" content=\"index, follow, max-snippet:-1, max-image-preview:large, max-video-preview:-1\" \/>\n<link rel=\"canonical\" href=\"https:\/\/pakuten.pl\/blog\/biel-latem-porady-stylizacyjne-od-pakuten\/\" \/>\n<meta property=\"og:locale\" content=\"pl_PL\" \/>\n<meta property=\"og:type\" content=\"article\" \/>\n<meta property=\"og:title\" content=\"Biel latem- jak j\u0105 nosi\u0107? Porady stylizacyjne od Pakuten. - Pakuten blog\" \/>\n<meta property=\"og:description\" content=\"Jak nosi\u0107 biel latem, aby wygl\u0105da\u0107 modnie, elegancko lub casualowo? Oto kilka praktycznych porad, kt\u00f3re pomog\u0105 Ci stworzy\u0107 stylizacje na r\u00f3\u017cne okazje.\" \/>\n<meta property=\"og:url\" content=\"https:\/\/pakuten.pl\/blog\/biel-latem-porady-stylizacyjne-od-pakuten\/\" \/>\n<meta property=\"og:site_name\" content=\"Pakuten blog\" \/>\n<meta property=\"article:published_time\" content=\"2024-07-01T12:10:00+00:00\" \/>\n<meta property=\"article:modified_time\" content=\"2024-06-19T12:17:31+00:00\" \/>\n<meta property=\"og:image\" content=\"https:\/\/pakuten.pl\/blog\/wp-content\/uploads\/2024\/06\/Jak-nosic\u0301-biel-latemPorady-stylizacyjne-od-Pakuten.jpg\" \/>\n\t<meta property=\"og:image:width\" content=\"1280\" \/>\n\t<meta property=\"og:image:height\" content=\"853\" \/>\n\t<meta property=\"og:image:type\" content=\"image\/jpeg\" \/>\n<meta name=\"twitter:card\" content=\"summary_large_image\" \/>\n<meta name=\"twitter:label1\" content=\"Napisane przez\" \/>\n\t<meta name=\"twitter:data1\" content=\"Pakuten Girl\" \/>\n\t<meta name=\"twitter:label2\" content=\"Szacowany czas czytania\" \/>\n\t<meta name=\"twitter:data2\" content=\"6 minut\" \/>\n<script type=\"application\/ld+json\" class=\"yoast-schema-graph\">{\"@context\":\"https:\/\/schema.org\",\"@graph\":[{\"@type\":\"Organization\",\"@id\":\"https:\/\/pakuten.pl\/blog\/#organization\",\"name\":\"Pakuten\",\"url\":\"https:\/\/pakuten.pl\/blog\/\",\"sameAs\":[],\"logo\":{\"@type\":\"ImageObject\",\"@id\":\"https:\/\/pakuten.pl\/blog\/#logo\",\"inLanguage\":\"pl-PL\",\"url\":\"http:\/\/pakuten.pl\/blog\/wp-content\/uploads\/2018\/01\/pakuten_logo.png\",\"contentUrl\":\"http:\/\/pakuten.pl\/blog\/wp-content\/uploads\/2018\/01\/pakuten_logo.png\",\"width\":300,\"height\":120,\"caption\":\"Pakuten\"},\"image\":{\"@id\":\"https:\/\/pakuten.pl\/blog\/#logo\"}},{\"@type\":\"WebSite\",\"@id\":\"https:\/\/pakuten.pl\/blog\/#website\",\"url\":\"https:\/\/pakuten.pl\/blog\/\",\"name\":\"Pakuten blog\",\"description\":\"Blog sklepu internetowego pakuten.pl\",\"publisher\":{\"@id\":\"https:\/\/pakuten.pl\/blog\/#organization\"},\"potentialAction\":[{\"@type\":\"SearchAction\",\"target\":{\"@type\":\"EntryPoint\",\"urlTemplate\":\"https:\/\/pakuten.pl\/blog\/?s={search_term_string}\"},\"query-input\":\"required name=search_term_string\"}],\"inLanguage\":\"pl-PL\"},{\"@type\":\"ImageObject\",\"@id\":\"https:\/\/pakuten.pl\/blog\/biel-latem-porady-stylizacyjne-od-pakuten\/#primaryimage\",\"inLanguage\":\"pl-PL\",\"url\":\"https:\/\/pakuten.pl\/blog\/wp-content\/uploads\/2024\/06\/Jak-nosic\u0301-biel-latemPorady-stylizacyjne-od-Pakuten.jpg\",\"contentUrl\":\"https:\/\/pakuten.pl\/blog\/wp-content\/uploads\/2024\/06\/Jak-nosic\u0301-biel-latemPorady-stylizacyjne-od-Pakuten.jpg\",\"width\":1280,\"height\":853,\"caption\":\"Jak nosi\u0107 biel latem?\"},{\"@type\":\"WebPage\",\"@id\":\"https:\/\/pakuten.pl\/blog\/biel-latem-porady-stylizacyjne-od-pakuten\/#webpage\",\"url\":\"https:\/\/pakuten.pl\/blog\/biel-latem-porady-stylizacyjne-od-pakuten\/\",\"name\":\"Biel latem- jak j\u0105 nosi\u0107? Porady stylizacyjne od Pakuten. - Pakuten blog\",\"isPartOf\":{\"@id\":\"https:\/\/pakuten.pl\/blog\/#website\"},\"primaryImageOfPage\":{\"@id\":\"https:\/\/pakuten.pl\/blog\/biel-latem-porady-stylizacyjne-od-pakuten\/#primaryimage\"},\"datePublished\":\"2024-07-01T12:10:00+00:00\",\"dateModified\":\"2024-06-19T12:17:31+00:00\",\"description\":\"Jak nosi\u0107 biel latem, aby wygl\u0105da\u0107 modnie, elegancko lub casualowo? Oto kilka praktycznych porad, kt\u00f3re pomog\u0105 Ci stworzy\u0107 stylizacje na r\u00f3\u017cne okazje.\",\"breadcrumb\":{\"@id\":\"https:\/\/pakuten.pl\/blog\/biel-latem-porady-stylizacyjne-od-pakuten\/#breadcrumb\"},\"inLanguage\":\"pl-PL\",\"potentialAction\":[{\"@type\":\"ReadAction\",\"target\":[\"https:\/\/pakuten.pl\/blog\/biel-latem-porady-stylizacyjne-od-pakuten\/\"]}]},{\"@type\":\"BreadcrumbList\",\"@id\":\"https:\/\/pakuten.pl\/blog\/biel-latem-porady-stylizacyjne-od-pakuten\/#breadcrumb\",\"itemListElement\":[{\"@type\":\"ListItem\",\"position\":1,\"name\":\"Strona g\u0142\u00f3wna\",\"item\":\"https:\/\/pakuten.pl\/blog\/\"},{\"@type\":\"ListItem\",\"position\":2,\"name\":\"Biel latem- jak j\u0105 nosi\u0107? Porady stylizacyjne od Pakuten.\"}]},{\"@type\":\"Article\",\"@id\":\"https:\/\/pakuten.pl\/blog\/biel-latem-porady-stylizacyjne-od-pakuten\/#article\",\"isPartOf\":{\"@id\":\"https:\/\/pakuten.pl\/blog\/biel-latem-porady-stylizacyjne-od-pakuten\/#webpage\"},\"author\":{\"@id\":\"https:\/\/pakuten.pl\/blog\/#\/schema\/person\/d7133af30211381a4e4536d088384556\"},\"headline\":\"Biel latem- jak j\u0105 nosi\u0107? Porady stylizacyjne od Pakuten.\",\"datePublished\":\"2024-07-01T12:10:00+00:00\",\"dateModified\":\"2024-06-19T12:17:31+00:00\",\"mainEntityOfPage\":{\"@id\":\"https:\/\/pakuten.pl\/blog\/biel-latem-porady-stylizacyjne-od-pakuten\/#webpage\"},\"wordCount\":971,\"commentCount\":0,\"publisher\":{\"@id\":\"https:\/\/pakuten.pl\/blog\/#organization\"},\"image\":{\"@id\":\"https:\/\/pakuten.pl\/blog\/biel-latem-porady-stylizacyjne-od-pakuten\/#primaryimage\"},\"thumbnailUrl\":\"https:\/\/pakuten.pl\/blog\/wp-content\/uploads\/2024\/06\/Jak-nosic\u0301-biel-latemPorady-stylizacyjne-od-Pakuten.jpg\",\"articleSection\":[\"Tips&amp;Tricks\"],\"inLanguage\":\"pl-PL\",\"potentialAction\":[{\"@type\":\"CommentAction\",\"name\":\"Comment\",\"target\":[\"https:\/\/pakuten.pl\/blog\/biel-latem-porady-stylizacyjne-od-pakuten\/#respond\"]}]},{\"@type\":\"Person\",\"@id\":\"https:\/\/pakuten.pl\/blog\/#\/schema\/person\/d7133af30211381a4e4536d088384556\",\"name\":\"Pakuten Girl\",\"image\":{\"@type\":\"ImageObject\",\"@id\":\"https:\/\/pakuten.pl\/blog\/#personlogo\",\"inLanguage\":\"pl-PL\",\"url\":\"https:\/\/secure.gravatar.com\/avatar\/d3df41de2caf92e6cfded9430c2ff352?s=96&d=mm&r=g\",\"contentUrl\":\"https:\/\/secure.gravatar.com\/avatar\/d3df41de2caf92e6cfded9430c2ff352?s=96&d=mm&r=g\",\"caption\":\"Pakuten Girl\"},\"description\":\"Cze\u015b\u0107, nazywam si\u0119 Ola. Kocham Netflixa, sals\u0119, nowo\u015bci kosmetyczne i najnowsze trendy w modzie.\",\"url\":\"https:\/\/pakuten.pl\/blog\/author\/pakuten-girl\/\"}]}<\/script>\n<!-- \/ Yoast SEO plugin. -->","yoast_head_json":{"title":"Biel latem- jak j\u0105 nosi\u0107? Porady stylizacyjne od Pakuten. - Pakuten blog","description":"Jak nosi\u0107 biel latem, aby wygl\u0105da\u0107 modnie, elegancko lub casualowo? Oto kilka praktycznych porad, kt\u00f3re pomog\u0105 Ci stworzy\u0107 stylizacje na r\u00f3\u017cne okazje.","robots":{"index":"index","follow":"follow","max-snippet":"max-snippet:-1","max-image-preview":"max-image-preview:large","max-video-preview":"max-video-preview:-1"},"canonical":"https:\/\/pakuten.pl\/blog\/biel-latem-porady-stylizacyjne-od-pakuten\/","og_locale":"pl_PL","og_type":"article","og_title":"Biel latem- jak j\u0105 nosi\u0107? Porady stylizacyjne od Pakuten. - Pakuten blog","og_description":"Jak nosi\u0107 biel latem, aby wygl\u0105da\u0107 modnie, elegancko lub casualowo? Oto kilka praktycznych porad, kt\u00f3re pomog\u0105 Ci stworzy\u0107 stylizacje na r\u00f3\u017cne okazje.","og_url":"https:\/\/pakuten.pl\/blog\/biel-latem-porady-stylizacyjne-od-pakuten\/","og_site_name":"Pakuten blog","article_published_time":"2024-07-01T12:10:00+00:00","article_modified_time":"2024-06-19T12:17:31+00:00","og_image":[{"width":1280,"height":853,"url":"https:\/\/pakuten.pl\/blog\/wp-content\/uploads\/2024\/06\/Jak-nosic\u0301-biel-latemPorady-stylizacyjne-od-Pakuten.jpg","type":"image\/jpeg"}],"twitter_card":"summary_large_image","twitter_misc":{"Napisane przez":"Pakuten Girl","Szacowany czas czytania":"6 minut"},"schema":{"@context":"https:\/\/schema.org","@graph":[{"@type":"Organization","@id":"https:\/\/pakuten.pl\/blog\/#organization","name":"Pakuten","url":"https:\/\/pakuten.pl\/blog\/","sameAs":[],"logo":{"@type":"ImageObject","@id":"https:\/\/pakuten.pl\/blog\/#logo","inLanguage":"pl-PL","url":"http:\/\/pakuten.pl\/blog\/wp-content\/uploads\/2018\/01\/pakuten_logo.png","contentUrl":"http:\/\/pakuten.pl\/blog\/wp-content\/uploads\/2018\/01\/pakuten_logo.png","width":300,"height":120,"caption":"Pakuten"},"image":{"@id":"https:\/\/pakuten.pl\/blog\/#logo"}},{"@type":"WebSite","@id":"https:\/\/pakuten.pl\/blog\/#website","url":"https:\/\/pakuten.pl\/blog\/","name":"Pakuten blog","description":"Blog sklepu internetowego pakuten.pl","publisher":{"@id":"https:\/\/pakuten.pl\/blog\/#organization"},"potentialAction":[{"@type":"SearchAction","target":{"@type":"EntryPoint","urlTemplate":"https:\/\/pakuten.pl\/blog\/?s={search_term_string}"},"query-input":"required name=search_term_string"}],"inLanguage":"pl-PL"},{"@type":"ImageObject","@id":"https:\/\/pakuten.pl\/blog\/biel-latem-porady-stylizacyjne-od-pakuten\/#primaryimage","inLanguage":"pl-PL","url":"https:\/\/pakuten.pl\/blog\/wp-content\/uploads\/2024\/06\/Jak-nosic\u0301-biel-latemPorady-stylizacyjne-od-Pakuten.jpg","contentUrl":"https:\/\/pakuten.pl\/blog\/wp-content\/uploads\/2024\/06\/Jak-nosic\u0301-biel-latemPorady-stylizacyjne-od-Pakuten.jpg","width":1280,"height":853,"caption":"Jak nosi\u0107 biel latem?"},{"@type":"WebPage","@id":"https:\/\/pakuten.pl\/blog\/biel-latem-porady-stylizacyjne-od-pakuten\/#webpage","url":"https:\/\/pakuten.pl\/blog\/biel-latem-porady-stylizacyjne-od-pakuten\/","name":"Biel latem- jak j\u0105 nosi\u0107? Porady stylizacyjne od Pakuten. - Pakuten blog","isPartOf":{"@id":"https:\/\/pakuten.pl\/blog\/#website"},"primaryImageOfPage":{"@id":"https:\/\/pakuten.pl\/blog\/biel-latem-porady-stylizacyjne-od-pakuten\/#primaryimage"},"datePublished":"2024-07-01T12:10:00+00:00","dateModified":"2024-06-19T12:17:31+00:00","description":"Jak nosi\u0107 biel latem, aby wygl\u0105da\u0107 modnie, elegancko lub casualowo? Oto kilka praktycznych porad, kt\u00f3re pomog\u0105 Ci stworzy\u0107 stylizacje na r\u00f3\u017cne okazje.","breadcrumb":{"@id":"https:\/\/pakuten.pl\/blog\/biel-latem-porady-stylizacyjne-od-pakuten\/#breadcrumb"},"inLanguage":"pl-PL","potentialAction":[{"@type":"ReadAction","target":["https:\/\/pakuten.pl\/blog\/biel-latem-porady-stylizacyjne-od-pakuten\/"]}]},{"@type":"BreadcrumbList","@id":"https:\/\/pakuten.pl\/blog\/biel-latem-porady-stylizacyjne-od-pakuten\/#breadcrumb","itemListElement":[{"@type":"ListItem","position":1,"name":"Strona g\u0142\u00f3wna","item":"https:\/\/pakuten.pl\/blog\/"},{"@type":"ListItem","position":2,"name":"Biel latem- jak j\u0105 nosi\u0107? Porady stylizacyjne od Pakuten."}]},{"@type":"Article","@id":"https:\/\/pakuten.pl\/blog\/biel-latem-porady-stylizacyjne-od-pakuten\/#article","isPartOf":{"@id":"https:\/\/pakuten.pl\/blog\/biel-latem-porady-stylizacyjne-od-pakuten\/#webpage"},"author":{"@id":"https:\/\/pakuten.pl\/blog\/#\/schema\/person\/d7133af30211381a4e4536d088384556"},"headline":"Biel latem- jak j\u0105 nosi\u0107? Porady stylizacyjne od Pakuten.","datePublished":"2024-07-01T12:10:00+00:00","dateModified":"2024-06-19T12:17:31+00:00","mainEntityOfPage":{"@id":"https:\/\/pakuten.pl\/blog\/biel-latem-porady-stylizacyjne-od-pakuten\/#webpage"},"wordCount":971,"commentCount":0,"publisher":{"@id":"https:\/\/pakuten.pl\/blog\/#organization"},"image":{"@id":"https:\/\/pakuten.pl\/blog\/biel-latem-porady-stylizacyjne-od-pakuten\/#primaryimage"},"thumbnailUrl":"https:\/\/pakuten.pl\/blog\/wp-content\/uploads\/2024\/06\/Jak-nosic\u0301-biel-latemPorady-stylizacyjne-od-Pakuten.jpg","articleSection":["Tips&amp;Tricks"],"inLanguage":"pl-PL","potentialAction":[{"@type":"CommentAction","name":"Comment","target":["https:\/\/pakuten.pl\/blog\/biel-latem-porady-stylizacyjne-od-pakuten\/#respond"]}]},{"@type":"Person","@id":"https:\/\/pakuten.pl\/blog\/#\/schema\/person\/d7133af30211381a4e4536d088384556","name":"Pakuten Girl","image":{"@type":"ImageObject","@id":"https:\/\/pakuten.pl\/blog\/#personlogo","inLanguage":"pl-PL","url":"https:\/\/secure.gravatar.com\/avatar\/d3df41de2caf92e6cfded9430c2ff352?s=96&d=mm&r=g","contentUrl":"https:\/\/secure.gravatar.com\/avatar\/d3df41de2caf92e6cfded9430c2ff352?s=96&d=mm&r=g","caption":"Pakuten Girl"},"description":"Cze\u015b\u0107, nazywam si\u0119 Ola. Kocham Netflixa, sals\u0119, nowo\u015bci kosmetyczne i najnowsze trendy w modzie.","url":"https:\/\/pakuten.pl\/blog\/author\/pakuten-girl\/"}]}},"_links":{"self":[{"href":"https:\/\/pakuten.pl\/blog\/wp-json\/wp\/v2\/posts\/8744"}],"collection":[{"href":"https:\/\/pakuten.pl\/blog\/wp-json\/wp\/v2\/posts"}],"about":[{"href":"https:\/\/pakuten.pl\/blog\/wp-json\/wp\/v2\/types\/post"}],"author":[{"embeddable":true,"href":"https:\/\/pakuten.pl\/blog\/wp-json\/wp\/v2\/users\/3"}],"replies":[{"embeddable":true,"href":"https:\/\/pakuten.pl\/blog\/wp-json\/wp\/v2\/comments?post=8744"}],"version-history":[{"count":10,"href":"https:\/\/pakuten.pl\/blog\/wp-json\/wp\/v2\/posts\/8744\/revisions"}],"predecessor-version":[{"id":8760,"href":"https:\/\/pakuten.pl\/blog\/wp-json\/wp\/v2\/posts\/8744\/revisions\/8760"}],"wp:featuredmedia":[{"embeddable":true,"href":"https:\/\/pakuten.pl\/blog\/wp-json\/wp\/v2\/media\/8746"}],"wp:attachment":[{"href":"https:\/\/pakuten.pl\/blog\/wp-json\/wp\/v2\/media?parent=8744"}],"wp:term":[{"taxonomy":"category","embeddable":true,"href":"https:\/\/pakuten.pl\/blog\/wp-json\/wp\/v2\/categories?post=8744"},{"taxonomy":"post_tag","embeddable":true,"href":"https:\/\/pakuten.pl\/blog\/wp-json\/wp\/v2\/tags?post=8744"}],"curies":[{"name":"wp","href":"https:\/\/api.w.org\/{rel}","templated":true}]}}