{"id":8774,"date":"2024-07-08T13:57:00","date_gmt":"2024-07-08T11:57:00","guid":{"rendered":"https:\/\/pakuten.pl\/blog\/?p=8774"},"modified":"2024-06-21T13:58:42","modified_gmt":"2024-06-21T11:58:42","slug":"czarna-sukienka-w-letniej-odslonie-poznaj-5-stylizacji","status":"publish","type":"post","link":"https:\/\/pakuten.pl\/blog\/czarna-sukienka-w-letniej-odslonie-poznaj-5-stylizacji\/","title":{"rendered":"Czarna sukienka w letniej ods\u0142onie. Poznaj 5 stylizacji na wyj\u0105tkowy look."},"content":{"rendered":"\n<p class=\"p1\"><strong>Lato to czas, kiedy chcemy czu\u0107 si\u0119 lekko i swobodnie, ale nie oznacza to rezygnacji z klasycznej czerni. Czarna sukienka mo\u017ce by\u0107 idealnym wyborem na letnie dni, je\u015bli dobierzemy odpowiednie stylizacje. W tym wpisie odkryjesz 5 propozycji, kt\u00f3re pomog\u0105 Ci nosi\u0107 czarn\u0105 sukienk\u0119 latem i wygl\u0105da\u0107 \u015bwietnie w ka\u017cdej sytuacji.<\/strong><\/p>\n<h2 class=\"p1\"><span style=\"color: #ff9900;\">Czarna sukienka maxi \u2013 elegancja na co dzie\u0144<\/span><\/h2>\n<p class=\"p2\">Czarna sukienka maxi to wyb\u00f3r idealny na letnie spacery, zakupy czy spotkania ze znajomymi. D\u0142ugi fason dodaje elegancji, a lu\u017any kr\u00f3j zapewnia komfort nawet w upalne dni. Wybierz sukienk\u0119 z lekkiego, przewiewnego materia\u0142u, takiego jak len czy bawe\u0142na.<\/p>\n<p class=\"p2\">Do takiej stylizacji \u015bwietnie pasuj\u0105 sanda\u0142y na p\u0142askiej podeszwie oraz du\u017ce, plecione torby. Warto postawi\u0107 na dodatki w jasnych kolorach \u2013 bia\u0142y kapelusz z szerokim rondem i delikatna bi\u017cuteria dodadz\u0105 letniego charakteru. Taki zestaw sprawdzi si\u0119 zar\u00f3wno podczas spaceru po parku, jak i na lunchu w nadmorskiej restauracji.<\/p>\n<div class=\"product-box-container\">\r\n<div class=\"one_third \" style=\"\">\r\n<div class=\"product-box\">\r\n<a href=\"https:\/\/pakuten.pl\/33061-73391-czarna-sukienka-z-wiazaniem-w-talii-arekka-czarny.html\" target=\"_blank\">\r\n <img src=\"https:\/\/media.pakuten.pl\/199537-large_default\/czarna-sukienka-z-wiazaniem-w-talii-arekka.jpg\" alt=\"Czarna sukienka z wi\u0105zaniem w talii Arekka\"\/>\r\n<\/a>\r\n<p>\r\n<a href=\"https:\/\/pakuten.pl\/33061-73391-czarna-sukienka-z-wiazaniem-w-talii-arekka-czarny.html\" target=\"_blank\">\r\nCzarna sukienka z wi\u0105zaniem w talii Arekka\r\n<\/a><\/p>\r\n  <p>Cena: 106,39\u00a0z\u0142<\/p>\r\n<a href=\"https:\/\/pakuten.pl\/33061-73391-czarna-sukienka-z-wiazaniem-w-talii-arekka-czarny.html\" target=\"_blank\" class=\"button\">\r\nZobacz w sklepie\r\n<\/a>\r\n<\/div>\r\n<\/div>\r\n<div class=\"one_third \" style=\"\">\r\n<div class=\"product-box\">\r\n<a href=\"https:\/\/pakuten.pl\/38875-83284-czarna-muslinowa-sukienka-z-odkrytymi-plecami-lerioon-czarny.html\" target=\"_blank\">\r\n  <img src=\"https:\/\/media.pakuten.pl\/227990-large_default\/czarna-muslinowa-sukienka-z-odkrytymi-plecami-lerioon.jpg\" alt=\"Czarna mu\u015blinowa sukienka z odkrytymi plecami Lerioon\"\/>\r\n<\/a>\r\n<p>\r\n<a href=\"https:\/\/pakuten.pl\/38875-83284-czarna-muslinowa-sukienka-z-odkrytymi-plecami-lerioon-czarny.html\" target=\"_blank\">\r\nCzarna mu\u015blinowa sukienka z odkrytymi plecami Lerioon\r\n<\/a><\/p>\r\n  <p>Cena: 104,99\u00a0z\u0142<\/p>\r\n<a href=\"https:\/\/pakuten.pl\/38875-83284-czarna-muslinowa-sukienka-z-odkrytymi-plecami-lerioon-czarny.html\" target=\"_blank\" class=\"button\">\r\nZobacz w sklepie\r\n<\/a>\r\n<\/div>\r\n<\/div>\r\n<div class=\"one_third last \" style=\"\">\r\n<div class=\"product-box\">\r\n<a href=\"https:\/\/pakuten.pl\/38335-82393-czarna-sukienka-maxi-z-wycieciem-na-brzuchu-morgance-czarny.html\" target=\"_blank\">\r\n  <img src=\"https:\/\/media.pakuten.pl\/225256-large_default\/czarna-sukienka-maxi-z-wycieciem-na-brzuchu-morgance.jpg\" alt=\"Czarna sukienka maxi z wyci\u0119ciem na brzuchu Morgance\"\/>\r\n<\/a>\r\n<p>\r\n<a href=\"https:\/\/pakuten.pl\/38335-82393-czarna-sukienka-maxi-z-wycieciem-na-brzuchu-morgance-czarny.html\" target=\"_blank\">\r\nCzarna sukienka maxi z wyci\u0119ciem na brzuchu Morgance\r\n<\/a><\/p>\r\n  <p>Cena: 102,89\u00a0z\u0142<\/p>\r\n<a href=\"https:\/\/pakuten.pl\/38335-82393-czarna-sukienka-maxi-z-wycieciem-na-brzuchu-morgance-czarny.html\" target=\"_blank\" class=\"button\">\r\nZobacz w sklepie\r\n<\/a>\r\n<\/div>\r\n<\/div><br class=\"clear\"\/>\r\n<\/div>\n<h2 class=\"p1\"><span style=\"color: #ff9900;\">Czarna sukienka mini \u2013 zmys\u0142owo\u015b\u0107 i wygoda<\/span><\/h2>\n<p class=\"p1\">Czarna sukienka mini to esencja letniego, zmys\u0142owego looku. Kr\u00f3tsza d\u0142ugo\u015b\u0107 ods\u0142ania nogi, co jest idealne na gor\u0105ce dni. Wybieraj\u0105c <span style=\"color: #ff9900;\"><a style=\"color: #ff9900;\" href=\"https:\/\/pakuten.pl\/27-sukienki\" target=\"_blank\" rel=\"noopener\">sukienk\u0119<\/a><\/span> mini, zwr\u00f3\u0107 uwag\u0119 na detale \u2013 koronkowe wstawki, ciekawe wyci\u0119cia czy asymetryczne kroje mog\u0105 doda\u0107 jej unikalnego charakteru.<\/p>\n<div class=\"product-box-container\">\r\n<div class=\"one_third \" style=\"\">\r\n<div class=\"product-box\">\r\n<a href=\"https:\/\/pakuten.pl\/38329-82380-czarna-muslinowa-sukienka-z-wiazaniem-na-dekolcie-marlie-czarny.html\" target=\"_blank\">\r\n <img src=\"https:\/\/media.pakuten.pl\/225226-large_default\/czarna-muslinowa-sukienka-z-wiazaniem-na-dekolcie-marlie.jpg\" alt=\"Czarna mu\u015blinowa sukienka z wi\u0105zaniem na dekolcie Marlie\"\/>\r\n<\/a>\r\n<p>\r\n<a href=\"https:\/\/pakuten.pl\/38329-82380-czarna-muslinowa-sukienka-z-wiazaniem-na-dekolcie-marlie-czarny.html\" target=\"_blank\">\r\nCzarna mu\u015blinowa sukienka z wi\u0105zaniem na dekolcie Marlie\r\n<\/a><\/p>\r\n  <p>Cena: 107,79\u00a0z\u0142<\/p>\r\n<a href=\"https:\/\/pakuten.pl\/38329-82380-czarna-muslinowa-sukienka-z-wiazaniem-na-dekolcie-marlie-czarny.html\" target=\"_blank\" class=\"button\">\r\nZobacz w sklepie\r\n<\/a>\r\n<\/div>\r\n<\/div>\r\n<div class=\"one_third \" style=\"\">\r\n<div class=\"product-box\">\r\n<a href=\"https:\/\/pakuten.pl\/32902-73256-czarna-rozkloszowana-muslinowa-sukienka-z-bufkami-weziaa-czarny.html\" target=\"_blank\">\r\n  <img src=\"https:\/\/media.pakuten.pl\/198840-large_default\/czarna-rozkloszowana-muslinowa-sukienka-z-bufkami-weziaa.jpg\" alt=\"Czarna rozkloszowana mu\u015blinowa sukienka z bufkami Weziaa\"\/>\r\n<\/a>\r\n<p>\r\n<a href=\"https:\/\/pakuten.pl\/32902-73256-czarna-rozkloszowana-muslinowa-sukienka-z-bufkami-weziaa-czarny.html\" target=\"_blank\">\r\nCzarna rozkloszowana mu\u015blinowa sukienka z bufkami Weziaa\r\n<\/a><\/p>\r\n  <p>Cena: 145,59\u00a0z\u0142<\/p>\r\n<a href=\"https:\/\/pakuten.pl\/32902-73256-czarna-rozkloszowana-muslinowa-sukienka-z-bufkami-weziaa-czarny.html\" target=\"_blank\" class=\"button\">\r\nZobacz w sklepie\r\n<\/a>\r\n<\/div>\r\n<\/div>\r\n<div class=\"one_third last \" style=\"\">\r\n<div class=\"product-box\">\r\n<a href=\"https:\/\/pakuten.pl\/32928-73215-czarna-muslinowa-sukienka-na-ramiaczkach-romekka-czarny.html\" target=\"_blank\">\r\n  <img src=\"https:\/\/media.pakuten.pl\/198655-large_default\/czarna-muslinowa-sukienka-na-ramiaczkach-romekka.jpg\" alt=\"Czarna mu\u015blinowa sukienka na rami\u0105czkach Romekka\"\/>\r\n<\/a>\r\n<p>\r\n<a href=\"https:\/\/pakuten.pl\/32928-73215-czarna-muslinowa-sukienka-na-ramiaczkach-romekka-czarny.html\" target=\"_blank\">\r\nCzarna mu\u015blinowa sukienka na rami\u0105czkach Romekka\r\n<\/a><\/p>\r\n  <p>Cena: 107,09\u00a0z\u0142<\/p>\r\n<a href=\"https:\/\/pakuten.pl\/32928-73215-czarna-muslinowa-sukienka-na-ramiaczkach-romekka-czarny.html\" target=\"_blank\" class=\"button\">\r\nZobacz w sklepie\r\n<\/a>\r\n<\/div>\r\n<\/div><br class=\"clear\"\/>\r\n<\/div>\n<p class=\"p1\">Do czarnej sukienki mini idealnie pasuj\u0105 sanda\u0142y na koturnie lub espadryle. Stylizacj\u0119 uzupe\u0142nij torebk\u0105 na \u0142a\u0144cuszku i du\u017cymi okularami przeciws\u0142onecznymi. Mo\u017cesz r\u00f3wnie\u017c doda\u0107 kolorowe akcenty w postaci chustki zawi\u0105zanej na g\u0142owie lub kolorowej bransoletki. Taki zestaw b\u0119dzie odpowiedni na wieczorne wyj\u015bcie do klubu czy randk\u0119.<\/p>\n<p>\u00a0<\/p>\n<blockquote class=\"instagram-media\" style=\"background: #FFF; border: 0; border-radius: 3px; box-shadow: 0 0 1px 0 rgba(0,0,0,0.5),0 1px 10px 0 rgba(0,0,0,0.15); margin: 1px; max-width: 540px; min-width: 326px; padding: 0; width: calc(100% - 2px);\" data-instgrm-permalink=\"https:\/\/www.instagram.com\/p\/C8RJkAmIaHb\/?utm_source=ig_embed&amp;utm_campaign=loading\" data-instgrm-version=\"14\">\n<div style=\"padding: 16px;\">\n<div style=\"display: flex; flex-direction: row; align-items: center;\">\n<div style=\"background-color: #f4f4f4; border-radius: 50%; flex-grow: 0; height: 40px; margin-right: 14px; width: 40px;\">\u00a0<\/div>\n<div style=\"display: flex; flex-direction: column; flex-grow: 1; justify-content: center;\">\n<div style=\"background-color: #f4f4f4; border-radius: 4px; flex-grow: 0; height: 14px; margin-bottom: 6px; width: 100px;\">\u00a0<\/div>\n<div style=\"background-color: #f4f4f4; border-radius: 4px; flex-grow: 0; height: 14px; width: 60px;\">\u00a0<\/div>\n<\/div>\n<\/div>\n<div style=\"padding: 19% 0;\">\u00a0<\/div>\n<div style=\"display: block; height: 50px; margin: 0 auto 12px; width: 50px;\">\u00a0<\/div>\n<div style=\"padding-top: 8px;\">\n<div style=\"color: #3897f0; font-family: Arial,sans-serif; font-size: 14px; font-style: normal; font-weight: 550; line-height: 18px;\">Wy\u015bwietl ten post na Instagramie<\/div>\n<\/div>\n<div style=\"padding: 12.5% 0;\">\u00a0<\/div>\n<div style=\"display: flex; flex-direction: row; margin-bottom: 14px; align-items: center;\">\n<div>\n<div style=\"background-color: #f4f4f4; border-radius: 50%; height: 12.5px; width: 12.5px; transform: translateX(0px) translateY(7px);\">\u00a0<\/div>\n<div style=\"background-color: #f4f4f4; height: 12.5px; transform: rotate(-45deg) translateX(3px) translateY(1px); width: 12.5px; flex-grow: 0; margin-right: 14px; margin-left: 2px;\">\u00a0<\/div>\n<div style=\"background-color: #f4f4f4; border-radius: 50%; height: 12.5px; width: 12.5px; transform: translateX(9px) translateY(-18px);\">\u00a0<\/div>\n<\/div>\n<div style=\"margin-left: 8px;\">\n<div style=\"background-color: #f4f4f4; border-radius: 50%; flex-grow: 0; height: 20px; width: 20px;\">\u00a0<\/div>\n<div style=\"width: 0; height: 0; border-top: 2px solid transparent; border-left: 6px solid #f4f4f4; border-bottom: 2px solid transparent; transform: translateX(16px) translateY(-4px) rotate(30deg);\">\u00a0<\/div>\n<\/div>\n<div style=\"margin-left: auto;\">\n<div style=\"width: 0px; border-top: 8px solid #F4F4F4; border-right: 8px solid transparent; transform: translateY(16px);\">\u00a0<\/div>\n<div style=\"background-color: #f4f4f4; flex-grow: 0; height: 12px; width: 16px; transform: translateY(-4px);\">\u00a0<\/div>\n<div style=\"width: 0; height: 0; border-top: 8px solid #F4F4F4; border-left: 8px solid transparent; transform: translateY(-4px) translateX(8px);\">\u00a0<\/div>\n<\/div>\n<\/div>\n<div style=\"display: flex; flex-direction: column; flex-grow: 1; justify-content: center; margin-bottom: 24px;\">\n<div style=\"background-color: #f4f4f4; border-radius: 4px; flex-grow: 0; height: 14px; margin-bottom: 6px; width: 224px;\">\u00a0<\/div>\n<div style=\"background-color: #f4f4f4; border-radius: 4px; flex-grow: 0; height: 14px; width: 144px;\">\u00a0<\/div>\n<\/div>\n<p style=\"color: #c9c8cd; font-family: Arial,sans-serif; font-size: 14px; line-height: 17px; margin-bottom: 0; margin-top: 8px; overflow: hidden; padding: 8px 0 7px; text-align: center; text-overflow: ellipsis; white-space: nowrap;\"><a style=\"color: #c9c8cd; font-family: Arial,sans-serif; font-size: 14px; font-style: normal; font-weight: normal; line-height: 17px; text-decoration: none;\" href=\"https:\/\/www.instagram.com\/p\/C8RJkAmIaHb\/?utm_source=ig_embed&amp;utm_campaign=loading\" target=\"_blank\" rel=\"noopener\">Post udost\u0119pniony przez Iwona Stankiewicz \u2661 (@sabady.i)<\/a><\/p>\n<\/div>\n<\/blockquote>\n<p><script async=\"\" src=\"\/\/www.instagram.com\/embed.js\"><\/script><\/p>\n<h2 class=\"p1\"><span style=\"color: #ff9900;\">Czarna sukienka mu\u015blinowa \u2013 lekko\u015b\u0107 i zwiewno\u015b\u0107<\/span><\/h2>\n<p class=\"p1\">Mu\u015blin to materia\u0142, kt\u00f3ry doskonale sprawdza si\u0119 latem \u2013 jest lekki, przewiewny i delikatny dla sk\u00f3ry. Czarna sukienka mu\u015blinowa to propozycja dla tych, kt\u00f3rzy ceni\u0105 sobie komfort i naturalne tkaniny. Tego typu sukienka idealnie sprawdzi si\u0119 na co dzie\u0144, a tak\u017ce podczas wakacyjnych podr\u00f3\u017cy.<\/p>\n<p class=\"p1\">Aby doda\u0107 stylizacji letniego charakteru, zestaw sukienk\u0119 z klapkami na p\u0142askiej podeszwie i ma\u0142ym plecakiem. Mo\u017cesz r\u00f3wnie\u017c za\u0142o\u017cy\u0107 s\u0142omkowy kapelusz i delikatne, z\u0142ote kolczyki. Stylizacja ta b\u0119dzie idealna na spacer po mie\u015bcie czy zwiedzanie turystycznych atrakcji. Mu\u015blinowa sukienka w czarnym kolorze zapewni Ci elegancki wygl\u0105d i wygod\u0119.<\/p>\n<p><img loading=\"lazy\" class=\"aligncenter size-full wp-image-8779\" src=\"https:\/\/pakuten.pl\/blog\/wp-content\/uploads\/2024\/06\/Czarna-mus\u0301linowa-sukienka.jpg\" alt=\"\" width=\"741\" height=\"1000\" \/><\/p>\n<h2 class=\"p1\"><span style=\"color: #ff9900;\">Sukienka sportowa \u2013 komfort i funkcjonalno\u015b\u0107<\/span><\/h2>\n<p class=\"p1\">Dla tych, kt\u00f3rzy ceni\u0105 sobie aktywny styl \u017cycia, czarna sukienka sportowa b\u0119dzie idealnym wyborem na lato. Prosty, dopasowany kr\u00f3j i elastyczny materia\u0142 zapewni\u0105 wygod\u0119 i swobod\u0119 ruch\u00f3w. Taka sukienka \u015bwietnie sprawdzi si\u0119 podczas spacer\u00f3w, jazdy na rowerze czy spotka\u0144 z przyjaci\u00f3\u0142mi.<\/p>\n<p class=\"p1\">Do sportowej sukienki dobierz bia\u0142e trampki lub sneakersy oraz plecak w minimalistycznym stylu. Mo\u017cesz r\u00f3wnie\u017c za\u0142o\u017cy\u0107 czapk\u0119 z daszkiem i sportowy zegarek. Stylizacja ta b\u0119dzie nie tylko wygodna, ale tak\u017ce nowoczesna i stylowa, doskonale wpisuj\u0105c si\u0119 w miejsk\u0105 estetyk\u0119.<\/p>\n<h2><span style=\"color: #ff9900;\">Sukienka o nietypowym kroju \u2013 odwaga i oryginalno\u015b\u0107<\/span><\/h2>\n<p>Je\u015bli lubisz eksperymentowa\u0107 z mod\u0105, czarna sukienka o nietypowym kroju b\u0119dzie idealnym wyborem na lato. Asymetryczne ci\u0119cia, odkryte ramiona, wyci\u0119cia na plecach czy awangardowe formy dodadz\u0105 stylizacji niepowtarzalnego charakteru. Tego rodzaju sukienka sprawdzi si\u0119 zar\u00f3wno na co dzie\u0144, jak i na specjalne okazje.<\/p>\n<p>Do takiej odwa\u017cnej sukienki dobierz minimalistyczne dodatki, aby nie przyt\u0142oczy\u0107 ca\u0142ej stylizacji. Wybierz proste sanda\u0142y na obcasie, subtelne kolczyki i ma\u0142\u0105 torebk\u0119 na \u0142a\u0144cuszku. Mo\u017cesz r\u00f3wnie\u017c postawi\u0107 na wyrazisty makija\u017c lub fryzur\u0119, kt\u00f3ra dope\u0142ni ca\u0142o\u015b\u0107. Taka stylizacja z pewno\u015bci\u0105 przyci\u0105gnie uwag\u0119 i pozwoli Ci wyrazi\u0107 swoj\u0105 indywidualno\u015b\u0107.<\/p>\n<div class=\"product-box-container\">\r\n<div class=\"one_third \" style=\"\">\r\n<div class=\"product-box\">\r\n<a href=\"https:\/\/pakuten.pl\/39227-83753-czarna-muslinowa-sukienka-midi-z-wycieciem-na-brzuchu-jenilynn-czarny.html\" target=\"_blank\">\r\n <img src=\"https:\/\/media.pakuten.pl\/229948-large_default\/czarna-muslinowa-sukienka-midi-z-wycieciem-na-brzuchu-jenilynn.jpg\" alt=\"Czarna mu\u015blinowa sukienka midi z wyci\u0119ciem na brzuchu Jenilynn\"\/>\r\n<\/a>\r\n<p>\r\n<a href=\"https:\/\/pakuten.pl\/39227-83753-czarna-muslinowa-sukienka-midi-z-wycieciem-na-brzuchu-jenilynn-czarny.html\" target=\"_blank\">\r\nCzarna mu\u015blinowa sukienka midi z wyci\u0119ciem na brzuchu Jenilynn\r\n<\/a><\/p>\r\n  <p>Cena: 136,49\u00a0z\u0142<\/p>\r\n<a href=\"https:\/\/pakuten.pl\/39227-83753-czarna-muslinowa-sukienka-midi-z-wycieciem-na-brzuchu-jenilynn-czarny.html\" target=\"_blank\" class=\"button\">\r\nZobacz w sklepie\r\n<\/a>\r\n<\/div>\r\n<\/div>\r\n<div class=\"one_third \" style=\"\">\r\n<div class=\"product-box\">\r\n<a href=\"https:\/\/pakuten.pl\/38551-82777-czarna-muslinowa-sukienka-na-jedno-ramie-certillok-czarny.html\" target=\"_blank\">\r\n  <img src=\"https:\/\/media.pakuten.pl\/226430-large_default\/czarna-muslinowa-sukienka-na-jedno-ramie-certillok.jpg\" alt=\"Czarna mu\u015blinowa sukienka na jedno rami\u0119 Certillok\"\/>\r\n<\/a>\r\n<p>\r\n<a href=\"https:\/\/pakuten.pl\/38551-82777-czarna-muslinowa-sukienka-na-jedno-ramie-certillok-czarny.html\" target=\"_blank\">\r\nCzarna mu\u015blinowa sukienka na jedno rami\u0119 Certillok\r\n<\/a><\/p>\r\n  <p>Cena: 59,99\u00a0z\u0142<\/p>\r\n<a href=\"https:\/\/pakuten.pl\/38551-82777-czarna-muslinowa-sukienka-na-jedno-ramie-certillok-czarny.html\" target=\"_blank\" class=\"button\">\r\nZobacz w sklepie\r\n<\/a>\r\n<\/div>\r\n<\/div>\r\n<div class=\"one_third last \" style=\"\">\r\n<div class=\"product-box\">\r\n<a href=\"https:\/\/pakuten.pl\/33061-73391-czarna-sukienka-z-wiazaniem-w-talii-arekka-czarny.html\" target=\"_blank\">\r\n  <img src=\"https:\/\/media.pakuten.pl\/199537-large_default\/czarna-sukienka-z-wiazaniem-w-talii-arekka.jpg\" alt=\"Czarna sukienka z wi\u0105zaniem w talii Arekka\"\/>\r\n<\/a>\r\n<p>\r\n<a href=\"https:\/\/pakuten.pl\/33061-73391-czarna-sukienka-z-wiazaniem-w-talii-arekka-czarny.html\" target=\"_blank\">\r\nCzarna sukienka z wi\u0105zaniem w talii Arekka\r\n<\/a><\/p>\r\n  <p>Cena: 106,39\u00a0z\u0142<\/p>\r\n<a href=\"https:\/\/pakuten.pl\/33061-73391-czarna-sukienka-z-wiazaniem-w-talii-arekka-czarny.html\" target=\"_blank\" class=\"button\">\r\nZobacz w sklepie\r\n<\/a>\r\n<\/div>\r\n<\/div><br class=\"clear\"\/>\r\n<\/div>\n<p>\u00a0<\/p>\n<p class=\"p1\">Czarna sukienka latem to doskona\u0142y wyb\u00f3r, je\u015bli wiemy, jak j\u0105 stylizowa\u0107. Niezale\u017cnie od tego, czy wybierzesz eleganck\u0105 sukienk\u0119 maxi, zmys\u0142ow\u0105 mini, lekk\u0105 mu\u015blinow\u0105 czy sportow\u0105, czarna sukienka zawsze b\u0119dzie wygl\u0105da\u0107 \u015bwietnie. Wa\u017cne jest, aby dobra\u0107 do niej odpowiednie dodatki i obuwie, kt\u00f3re podkre\u015bl\u0105 jej charakter i dodadz\u0105 letniego klimatu. Eksperymentuj z r\u00f3\u017cnymi stylizacjami i odkryj, kt\u00f3ra z nich najbardziej Ci odpowiada. Czarna sukienka to ponadczasowy element garderoby, kt\u00f3ry mo\u017cna nosi\u0107 przez ca\u0142y rok, r\u00f3wnie\u017c latem.<\/p>\n\n\n<div class=\"kk-star-ratings kksr-auto kksr-align-right kksr-valign-bottom\"\n    data-payload='{&quot;align&quot;:&quot;right&quot;,&quot;id&quot;:&quot;8774&quot;,&quot;slug&quot;:&quot;default&quot;,&quot;valign&quot;:&quot;bottom&quot;,&quot;ignore&quot;:&quot;&quot;,&quot;reference&quot;:&quot;auto&quot;,&quot;class&quot;:&quot;&quot;,&quot;count&quot;:&quot;0&quot;,&quot;legendonly&quot;:&quot;&quot;,&quot;readonly&quot;:&quot;&quot;,&quot;score&quot;:&quot;0&quot;,&quot;starsonly&quot;:&quot;&quot;,&quot;best&quot;:&quot;5&quot;,&quot;gap&quot;:&quot;5&quot;,&quot;greet&quot;:&quot;Rate this post&quot;,&quot;legend&quot;:&quot;0\\\/5 - (0 votes)&quot;,&quot;size&quot;:&quot;24&quot;,&quot;width&quot;:&quot;0&quot;,&quot;_legend&quot;:&quot;{score}\\\/{best} - ({count} {votes})&quot;,&quot;font_factor&quot;:&quot;1.25&quot;}'>\n            \n<div class=\"kksr-stars\">\n    \n<div class=\"kksr-stars-inactive\">\n            <div class=\"kksr-star\" data-star=\"1\" style=\"padding-right: 5px\">\n            \n\n<div class=\"kksr-icon\" style=\"width: 24px; height: 24px;\"><\/div>\n        <\/div>\n            <div class=\"kksr-star\" data-star=\"2\" style=\"padding-right: 5px\">\n            \n\n<div class=\"kksr-icon\" style=\"width: 24px; height: 24px;\"><\/div>\n        <\/div>\n            <div class=\"kksr-star\" data-star=\"3\" style=\"padding-right: 5px\">\n            \n\n<div class=\"kksr-icon\" style=\"width: 24px; height: 24px;\"><\/div>\n        <\/div>\n            <div class=\"kksr-star\" data-star=\"4\" style=\"padding-right: 5px\">\n            \n\n<div class=\"kksr-icon\" style=\"width: 24px; height: 24px;\"><\/div>\n        <\/div>\n            <div class=\"kksr-star\" data-star=\"5\" style=\"padding-right: 5px\">\n            \n\n<div class=\"kksr-icon\" style=\"width: 24px; height: 24px;\"><\/div>\n        <\/div>\n    <\/div>\n    \n<div class=\"kksr-stars-active\" style=\"width: 0px;\">\n            <div class=\"kksr-star\" style=\"padding-right: 5px\">\n            \n\n<div class=\"kksr-icon\" style=\"width: 24px; height: 24px;\"><\/div>\n        <\/div>\n            <div class=\"kksr-star\" style=\"padding-right: 5px\">\n            \n\n<div class=\"kksr-icon\" style=\"width: 24px; height: 24px;\"><\/div>\n        <\/div>\n            <div class=\"kksr-star\" style=\"padding-right: 5px\">\n            \n\n<div class=\"kksr-icon\" style=\"width: 24px; height: 24px;\"><\/div>\n        <\/div>\n            <div class=\"kksr-star\" style=\"padding-right: 5px\">\n            \n\n<div class=\"kksr-icon\" style=\"width: 24px; height: 24px;\"><\/div>\n        <\/div>\n            <div class=\"kksr-star\" style=\"padding-right: 5px\">\n            \n\n<div class=\"kksr-icon\" style=\"width: 24px; height: 24px;\"><\/div>\n        <\/div>\n    <\/div>\n<\/div>\n                \n\n<div class=\"kksr-legend\" style=\"font-size: 19.2px;\">\n            <span class=\"kksr-muted\">Rate this post<\/span>\n    <\/div>\n    <\/div>\n","protected":false},"excerpt":{"rendered":"<p class=\"p1\" style=\"margin: 0px; font-variant-numeric: normal; font-variant-east-asian: normal; font-variant-alternates: normal; font-kerning: auto; font-optical-sizing: auto; font-feature-settings: normal; font-variation-settings: normal; font-variant-position: normal; font-stretch: normal; font-size: 12px; line-height: normal; font-family: 'Helvetica Neue'; color: #000000;\">Lato to czas, kiedy chcemy czu\u0107 si\u0119 lekko i swobodnie, ale nie oznacza to rezygnacji z klasycznej czerni. Czarna sukienka mo\u017ce by\u0107 idealnym wyborem na letnie dni, je\u015bli dobierzemy odpowiednie stylizacje. W tym wpisie odkryjesz 5 propozycji, kt\u00f3re pomog\u0105 Ci nosi\u0107 czarn\u0105 sukienk\u0119 latem i wygl\u0105da\u0107 \u015bwietnie w ka\u017cdej sytuacji.<\/p>\n","protected":false},"author":3,"featured_media":8776,"comment_status":"open","ping_status":"open","sticky":false,"template":"","format":"standard","meta":[],"categories":[5],"tags":[],"yoast_head":"<!-- This site is optimized with the Yoast SEO plugin v18.4.1 - https:\/\/yoast.com\/wordpress\/plugins\/seo\/ -->\n<title>Czarna sukienka w letniej ods\u0142onie. Poznaj 5 stylizacji na wyj\u0105tkowy look. - Pakuten blog<\/title>\n<meta name=\"description\" content=\"Czarna sukienka mo\u017ce by\u0107 idealnym wyborem na letnie dni, je\u015bli dobierzemy odpowiednie stylizacje. W tym wpisie odkryjesz 5 propozycji\" \/>\n<meta name=\"robots\" content=\"index, follow, max-snippet:-1, max-image-preview:large, max-video-preview:-1\" \/>\n<link rel=\"canonical\" href=\"https:\/\/pakuten.pl\/blog\/czarna-sukienka-w-letniej-odslonie-poznaj-5-stylizacji\/\" \/>\n<meta property=\"og:locale\" content=\"pl_PL\" \/>\n<meta property=\"og:type\" content=\"article\" \/>\n<meta property=\"og:title\" content=\"Czarna sukienka w letniej ods\u0142onie. Poznaj 5 stylizacji na wyj\u0105tkowy look. - Pakuten blog\" \/>\n<meta property=\"og:description\" content=\"Czarna sukienka mo\u017ce by\u0107 idealnym wyborem na letnie dni, je\u015bli dobierzemy odpowiednie stylizacje. W tym wpisie odkryjesz 5 propozycji\" \/>\n<meta property=\"og:url\" content=\"https:\/\/pakuten.pl\/blog\/czarna-sukienka-w-letniej-odslonie-poznaj-5-stylizacji\/\" \/>\n<meta property=\"og:site_name\" content=\"Pakuten blog\" \/>\n<meta property=\"article:published_time\" content=\"2024-07-08T11:57:00+00:00\" \/>\n<meta property=\"article:modified_time\" content=\"2024-06-21T11:58:42+00:00\" \/>\n<meta property=\"og:image\" content=\"https:\/\/pakuten.pl\/blog\/wp-content\/uploads\/2024\/06\/Czarna-sukienka-w-letniej-odslonie.png\" \/>\n\t<meta property=\"og:image:width\" content=\"1280\" \/>\n\t<meta property=\"og:image:height\" content=\"853\" \/>\n\t<meta property=\"og:image:type\" content=\"image\/png\" \/>\n<meta name=\"twitter:card\" content=\"summary_large_image\" \/>\n<meta name=\"twitter:label1\" content=\"Napisane przez\" \/>\n\t<meta name=\"twitter:data1\" content=\"Pakuten Girl\" \/>\n\t<meta name=\"twitter:label2\" content=\"Szacowany czas czytania\" \/>\n\t<meta name=\"twitter:data2\" content=\"4 minuty\" \/>\n<script type=\"application\/ld+json\" class=\"yoast-schema-graph\">{\"@context\":\"https:\/\/schema.org\",\"@graph\":[{\"@type\":\"Organization\",\"@id\":\"https:\/\/pakuten.pl\/blog\/#organization\",\"name\":\"Pakuten\",\"url\":\"https:\/\/pakuten.pl\/blog\/\",\"sameAs\":[],\"logo\":{\"@type\":\"ImageObject\",\"@id\":\"https:\/\/pakuten.pl\/blog\/#logo\",\"inLanguage\":\"pl-PL\",\"url\":\"http:\/\/pakuten.pl\/blog\/wp-content\/uploads\/2018\/01\/pakuten_logo.png\",\"contentUrl\":\"http:\/\/pakuten.pl\/blog\/wp-content\/uploads\/2018\/01\/pakuten_logo.png\",\"width\":300,\"height\":120,\"caption\":\"Pakuten\"},\"image\":{\"@id\":\"https:\/\/pakuten.pl\/blog\/#logo\"}},{\"@type\":\"WebSite\",\"@id\":\"https:\/\/pakuten.pl\/blog\/#website\",\"url\":\"https:\/\/pakuten.pl\/blog\/\",\"name\":\"Pakuten blog\",\"description\":\"Blog sklepu internetowego pakuten.pl\",\"publisher\":{\"@id\":\"https:\/\/pakuten.pl\/blog\/#organization\"},\"potentialAction\":[{\"@type\":\"SearchAction\",\"target\":{\"@type\":\"EntryPoint\",\"urlTemplate\":\"https:\/\/pakuten.pl\/blog\/?s={search_term_string}\"},\"query-input\":\"required name=search_term_string\"}],\"inLanguage\":\"pl-PL\"},{\"@type\":\"ImageObject\",\"@id\":\"https:\/\/pakuten.pl\/blog\/czarna-sukienka-w-letniej-odslonie-poznaj-5-stylizacji\/#primaryimage\",\"inLanguage\":\"pl-PL\",\"url\":\"https:\/\/pakuten.pl\/blog\/wp-content\/uploads\/2024\/06\/Czarna-sukienka-w-letniej-odslonie.png\",\"contentUrl\":\"https:\/\/pakuten.pl\/blog\/wp-content\/uploads\/2024\/06\/Czarna-sukienka-w-letniej-odslonie.png\",\"width\":1280,\"height\":853,\"caption\":\"Czarna sukienka w letniej ods\u0142onie\"},{\"@type\":\"WebPage\",\"@id\":\"https:\/\/pakuten.pl\/blog\/czarna-sukienka-w-letniej-odslonie-poznaj-5-stylizacji\/#webpage\",\"url\":\"https:\/\/pakuten.pl\/blog\/czarna-sukienka-w-letniej-odslonie-poznaj-5-stylizacji\/\",\"name\":\"Czarna sukienka w letniej ods\u0142onie. Poznaj 5 stylizacji na wyj\u0105tkowy look. - Pakuten blog\",\"isPartOf\":{\"@id\":\"https:\/\/pakuten.pl\/blog\/#website\"},\"primaryImageOfPage\":{\"@id\":\"https:\/\/pakuten.pl\/blog\/czarna-sukienka-w-letniej-odslonie-poznaj-5-stylizacji\/#primaryimage\"},\"datePublished\":\"2024-07-08T11:57:00+00:00\",\"dateModified\":\"2024-06-21T11:58:42+00:00\",\"description\":\"Czarna sukienka mo\u017ce by\u0107 idealnym wyborem na letnie dni, je\u015bli dobierzemy odpowiednie stylizacje. W tym wpisie odkryjesz 5 propozycji\",\"breadcrumb\":{\"@id\":\"https:\/\/pakuten.pl\/blog\/czarna-sukienka-w-letniej-odslonie-poznaj-5-stylizacji\/#breadcrumb\"},\"inLanguage\":\"pl-PL\",\"potentialAction\":[{\"@type\":\"ReadAction\",\"target\":[\"https:\/\/pakuten.pl\/blog\/czarna-sukienka-w-letniej-odslonie-poznaj-5-stylizacji\/\"]}]},{\"@type\":\"BreadcrumbList\",\"@id\":\"https:\/\/pakuten.pl\/blog\/czarna-sukienka-w-letniej-odslonie-poznaj-5-stylizacji\/#breadcrumb\",\"itemListElement\":[{\"@type\":\"ListItem\",\"position\":1,\"name\":\"Strona g\u0142\u00f3wna\",\"item\":\"https:\/\/pakuten.pl\/blog\/\"},{\"@type\":\"ListItem\",\"position\":2,\"name\":\"Czarna sukienka w letniej ods\u0142onie. Poznaj 5 stylizacji na wyj\u0105tkowy look.\"}]},{\"@type\":\"Article\",\"@id\":\"https:\/\/pakuten.pl\/blog\/czarna-sukienka-w-letniej-odslonie-poznaj-5-stylizacji\/#article\",\"isPartOf\":{\"@id\":\"https:\/\/pakuten.pl\/blog\/czarna-sukienka-w-letniej-odslonie-poznaj-5-stylizacji\/#webpage\"},\"author\":{\"@id\":\"https:\/\/pakuten.pl\/blog\/#\/schema\/person\/d7133af30211381a4e4536d088384556\"},\"headline\":\"Czarna sukienka w letniej ods\u0142onie. Poznaj 5 stylizacji na wyj\u0105tkowy look.\",\"datePublished\":\"2024-07-08T11:57:00+00:00\",\"dateModified\":\"2024-06-21T11:58:42+00:00\",\"mainEntityOfPage\":{\"@id\":\"https:\/\/pakuten.pl\/blog\/czarna-sukienka-w-letniej-odslonie-poznaj-5-stylizacji\/#webpage\"},\"wordCount\":745,\"commentCount\":0,\"publisher\":{\"@id\":\"https:\/\/pakuten.pl\/blog\/#organization\"},\"image\":{\"@id\":\"https:\/\/pakuten.pl\/blog\/czarna-sukienka-w-letniej-odslonie-poznaj-5-stylizacji\/#primaryimage\"},\"thumbnailUrl\":\"https:\/\/pakuten.pl\/blog\/wp-content\/uploads\/2024\/06\/Czarna-sukienka-w-letniej-odslonie.png\",\"articleSection\":[\"Inspirations\"],\"inLanguage\":\"pl-PL\",\"potentialAction\":[{\"@type\":\"CommentAction\",\"name\":\"Comment\",\"target\":[\"https:\/\/pakuten.pl\/blog\/czarna-sukienka-w-letniej-odslonie-poznaj-5-stylizacji\/#respond\"]}]},{\"@type\":\"Person\",\"@id\":\"https:\/\/pakuten.pl\/blog\/#\/schema\/person\/d7133af30211381a4e4536d088384556\",\"name\":\"Pakuten Girl\",\"image\":{\"@type\":\"ImageObject\",\"@id\":\"https:\/\/pakuten.pl\/blog\/#personlogo\",\"inLanguage\":\"pl-PL\",\"url\":\"https:\/\/secure.gravatar.com\/avatar\/d3df41de2caf92e6cfded9430c2ff352?s=96&d=mm&r=g\",\"contentUrl\":\"https:\/\/secure.gravatar.com\/avatar\/d3df41de2caf92e6cfded9430c2ff352?s=96&d=mm&r=g\",\"caption\":\"Pakuten Girl\"},\"description\":\"Cze\u015b\u0107, nazywam si\u0119 Ola. Kocham Netflixa, sals\u0119, nowo\u015bci kosmetyczne i najnowsze trendy w modzie.\",\"url\":\"https:\/\/pakuten.pl\/blog\/author\/pakuten-girl\/\"}]}<\/script>\n<!-- \/ Yoast SEO plugin. -->","yoast_head_json":{"title":"Czarna sukienka w letniej ods\u0142onie. Poznaj 5 stylizacji na wyj\u0105tkowy look. - Pakuten blog","description":"Czarna sukienka mo\u017ce by\u0107 idealnym wyborem na letnie dni, je\u015bli dobierzemy odpowiednie stylizacje. W tym wpisie odkryjesz 5 propozycji","robots":{"index":"index","follow":"follow","max-snippet":"max-snippet:-1","max-image-preview":"max-image-preview:large","max-video-preview":"max-video-preview:-1"},"canonical":"https:\/\/pakuten.pl\/blog\/czarna-sukienka-w-letniej-odslonie-poznaj-5-stylizacji\/","og_locale":"pl_PL","og_type":"article","og_title":"Czarna sukienka w letniej ods\u0142onie. Poznaj 5 stylizacji na wyj\u0105tkowy look. - Pakuten blog","og_description":"Czarna sukienka mo\u017ce by\u0107 idealnym wyborem na letnie dni, je\u015bli dobierzemy odpowiednie stylizacje. W tym wpisie odkryjesz 5 propozycji","og_url":"https:\/\/pakuten.pl\/blog\/czarna-sukienka-w-letniej-odslonie-poznaj-5-stylizacji\/","og_site_name":"Pakuten blog","article_published_time":"2024-07-08T11:57:00+00:00","article_modified_time":"2024-06-21T11:58:42+00:00","og_image":[{"width":1280,"height":853,"url":"https:\/\/pakuten.pl\/blog\/wp-content\/uploads\/2024\/06\/Czarna-sukienka-w-letniej-odslonie.png","type":"image\/png"}],"twitter_card":"summary_large_image","twitter_misc":{"Napisane przez":"Pakuten Girl","Szacowany czas czytania":"4 minuty"},"schema":{"@context":"https:\/\/schema.org","@graph":[{"@type":"Organization","@id":"https:\/\/pakuten.pl\/blog\/#organization","name":"Pakuten","url":"https:\/\/pakuten.pl\/blog\/","sameAs":[],"logo":{"@type":"ImageObject","@id":"https:\/\/pakuten.pl\/blog\/#logo","inLanguage":"pl-PL","url":"http:\/\/pakuten.pl\/blog\/wp-content\/uploads\/2018\/01\/pakuten_logo.png","contentUrl":"http:\/\/pakuten.pl\/blog\/wp-content\/uploads\/2018\/01\/pakuten_logo.png","width":300,"height":120,"caption":"Pakuten"},"image":{"@id":"https:\/\/pakuten.pl\/blog\/#logo"}},{"@type":"WebSite","@id":"https:\/\/pakuten.pl\/blog\/#website","url":"https:\/\/pakuten.pl\/blog\/","name":"Pakuten blog","description":"Blog sklepu internetowego pakuten.pl","publisher":{"@id":"https:\/\/pakuten.pl\/blog\/#organization"},"potentialAction":[{"@type":"SearchAction","target":{"@type":"EntryPoint","urlTemplate":"https:\/\/pakuten.pl\/blog\/?s={search_term_string}"},"query-input":"required name=search_term_string"}],"inLanguage":"pl-PL"},{"@type":"ImageObject","@id":"https:\/\/pakuten.pl\/blog\/czarna-sukienka-w-letniej-odslonie-poznaj-5-stylizacji\/#primaryimage","inLanguage":"pl-PL","url":"https:\/\/pakuten.pl\/blog\/wp-content\/uploads\/2024\/06\/Czarna-sukienka-w-letniej-odslonie.png","contentUrl":"https:\/\/pakuten.pl\/blog\/wp-content\/uploads\/2024\/06\/Czarna-sukienka-w-letniej-odslonie.png","width":1280,"height":853,"caption":"Czarna sukienka w letniej ods\u0142onie"},{"@type":"WebPage","@id":"https:\/\/pakuten.pl\/blog\/czarna-sukienka-w-letniej-odslonie-poznaj-5-stylizacji\/#webpage","url":"https:\/\/pakuten.pl\/blog\/czarna-sukienka-w-letniej-odslonie-poznaj-5-stylizacji\/","name":"Czarna sukienka w letniej ods\u0142onie. Poznaj 5 stylizacji na wyj\u0105tkowy look. - Pakuten blog","isPartOf":{"@id":"https:\/\/pakuten.pl\/blog\/#website"},"primaryImageOfPage":{"@id":"https:\/\/pakuten.pl\/blog\/czarna-sukienka-w-letniej-odslonie-poznaj-5-stylizacji\/#primaryimage"},"datePublished":"2024-07-08T11:57:00+00:00","dateModified":"2024-06-21T11:58:42+00:00","description":"Czarna sukienka mo\u017ce by\u0107 idealnym wyborem na letnie dni, je\u015bli dobierzemy odpowiednie stylizacje. W tym wpisie odkryjesz 5 propozycji","breadcrumb":{"@id":"https:\/\/pakuten.pl\/blog\/czarna-sukienka-w-letniej-odslonie-poznaj-5-stylizacji\/#breadcrumb"},"inLanguage":"pl-PL","potentialAction":[{"@type":"ReadAction","target":["https:\/\/pakuten.pl\/blog\/czarna-sukienka-w-letniej-odslonie-poznaj-5-stylizacji\/"]}]},{"@type":"BreadcrumbList","@id":"https:\/\/pakuten.pl\/blog\/czarna-sukienka-w-letniej-odslonie-poznaj-5-stylizacji\/#breadcrumb","itemListElement":[{"@type":"ListItem","position":1,"name":"Strona g\u0142\u00f3wna","item":"https:\/\/pakuten.pl\/blog\/"},{"@type":"ListItem","position":2,"name":"Czarna sukienka w letniej ods\u0142onie. Poznaj 5 stylizacji na wyj\u0105tkowy look."}]},{"@type":"Article","@id":"https:\/\/pakuten.pl\/blog\/czarna-sukienka-w-letniej-odslonie-poznaj-5-stylizacji\/#article","isPartOf":{"@id":"https:\/\/pakuten.pl\/blog\/czarna-sukienka-w-letniej-odslonie-poznaj-5-stylizacji\/#webpage"},"author":{"@id":"https:\/\/pakuten.pl\/blog\/#\/schema\/person\/d7133af30211381a4e4536d088384556"},"headline":"Czarna sukienka w letniej ods\u0142onie. Poznaj 5 stylizacji na wyj\u0105tkowy look.","datePublished":"2024-07-08T11:57:00+00:00","dateModified":"2024-06-21T11:58:42+00:00","mainEntityOfPage":{"@id":"https:\/\/pakuten.pl\/blog\/czarna-sukienka-w-letniej-odslonie-poznaj-5-stylizacji\/#webpage"},"wordCount":745,"commentCount":0,"publisher":{"@id":"https:\/\/pakuten.pl\/blog\/#organization"},"image":{"@id":"https:\/\/pakuten.pl\/blog\/czarna-sukienka-w-letniej-odslonie-poznaj-5-stylizacji\/#primaryimage"},"thumbnailUrl":"https:\/\/pakuten.pl\/blog\/wp-content\/uploads\/2024\/06\/Czarna-sukienka-w-letniej-odslonie.png","articleSection":["Inspirations"],"inLanguage":"pl-PL","potentialAction":[{"@type":"CommentAction","name":"Comment","target":["https:\/\/pakuten.pl\/blog\/czarna-sukienka-w-letniej-odslonie-poznaj-5-stylizacji\/#respond"]}]},{"@type":"Person","@id":"https:\/\/pakuten.pl\/blog\/#\/schema\/person\/d7133af30211381a4e4536d088384556","name":"Pakuten Girl","image":{"@type":"ImageObject","@id":"https:\/\/pakuten.pl\/blog\/#personlogo","inLanguage":"pl-PL","url":"https:\/\/secure.gravatar.com\/avatar\/d3df41de2caf92e6cfded9430c2ff352?s=96&d=mm&r=g","contentUrl":"https:\/\/secure.gravatar.com\/avatar\/d3df41de2caf92e6cfded9430c2ff352?s=96&d=mm&r=g","caption":"Pakuten Girl"},"description":"Cze\u015b\u0107, nazywam si\u0119 Ola. Kocham Netflixa, sals\u0119, nowo\u015bci kosmetyczne i najnowsze trendy w modzie.","url":"https:\/\/pakuten.pl\/blog\/author\/pakuten-girl\/"}]}},"_links":{"self":[{"href":"https:\/\/pakuten.pl\/blog\/wp-json\/wp\/v2\/posts\/8774"}],"collection":[{"href":"https:\/\/pakuten.pl\/blog\/wp-json\/wp\/v2\/posts"}],"about":[{"href":"https:\/\/pakuten.pl\/blog\/wp-json\/wp\/v2\/types\/post"}],"author":[{"embeddable":true,"href":"https:\/\/pakuten.pl\/blog\/wp-json\/wp\/v2\/users\/3"}],"replies":[{"embeddable":true,"href":"https:\/\/pakuten.pl\/blog\/wp-json\/wp\/v2\/comments?post=8774"}],"version-history":[{"count":8,"href":"https:\/\/pakuten.pl\/blog\/wp-json\/wp\/v2\/posts\/8774\/revisions"}],"predecessor-version":[{"id":8785,"href":"https:\/\/pakuten.pl\/blog\/wp-json\/wp\/v2\/posts\/8774\/revisions\/8785"}],"wp:featuredmedia":[{"embeddable":true,"href":"https:\/\/pakuten.pl\/blog\/wp-json\/wp\/v2\/media\/8776"}],"wp:attachment":[{"href":"https:\/\/pakuten.pl\/blog\/wp-json\/wp\/v2\/media?parent=8774"}],"wp:term":[{"taxonomy":"category","embeddable":true,"href":"https:\/\/pakuten.pl\/blog\/wp-json\/wp\/v2\/categories?post=8774"},{"taxonomy":"post_tag","embeddable":true,"href":"https:\/\/pakuten.pl\/blog\/wp-json\/wp\/v2\/tags?post=8774"}],"curies":[{"name":"wp","href":"https:\/\/api.w.org\/{rel}","templated":true}]}}