{"id":8854,"date":"2024-08-02T13:58:00","date_gmt":"2024-08-02T11:58:00","guid":{"rendered":"https:\/\/pakuten.pl\/blog\/?p=8854"},"modified":"2024-07-16T14:00:53","modified_gmt":"2024-07-16T12:00:53","slug":"jak-stylowo-laczyc-wzory-i-kolory-latem","status":"publish","type":"post","link":"https:\/\/pakuten.pl\/blog\/jak-stylowo-laczyc-wzory-i-kolory-latem\/","title":{"rendered":"Jak stylowo \u0142\u0105czy\u0107 wzory i kolory latem ? Porady dotycz\u0105ce komponowania odwa\u017cnych, letnich stylizacji."},"content":{"rendered":"\n<p class=\"p1\"><strong>Lato to czas, kiedy mo\u017cemy eksperymentowa\u0107 z mod\u0105 i wyra\u017ca\u0107 siebie poprzez odwa\u017cne stylizacje. To idealny moment, aby \u0142\u0105czy\u0107 wzory i kolory, tworz\u0105c wyj\u0105tkowe i przyci\u0105gaj\u0105ce uwag\u0119 zestawy. W tym wpisie podpowiem, jak stylowo komponowa\u0107 wzory i kolory latem, aby cieszy\u0107 si\u0119 mod\u0105 bez obaw o modowe faux pas.<\/strong><\/p>\n<h2 class=\"p1\"><span style=\"color: #ff9900;\">Wzory jako baza stylizacji<\/span><\/h2>\n<p class=\"p1\">Zacznijmy od wyboru wzoru, kt\u00f3ry b\u0119dzie podstaw\u0105 naszej stylizacji. Wzory mog\u0105 by\u0107 r\u00f3\u017cnorodne: kwiaty, paski, kropki, geometryczne kszta\u0142ty czy abstrakcyjne motywy. Wybierz ten, kt\u00f3ry najbardziej Ci odpowiada i pasuje do Twojej osobowo\u015bci. Pami\u0119taj, \u017ce wzory mog\u0105 nie tylko dodawa\u0107 charakteru, ale r\u00f3wnie\u017c korygowa\u0107 proporcje sylwetki.<\/p>\n<div class=\"product-box-container\">\r\n<div class=\"one_third \" style=\"\">\r\n<div class=\"product-box\">\r\n<a href=\"https:\/\/pakuten.pl\/37263-80627-wzorzysta-sukienka-z-przekladanym-dekoltem-natina-n2-n2.html\" target=\"_blank\">\r\n <img src=\"https:\/\/media.pakuten.pl\/219887-large_default\/wzorzysta-sukienka-z-przekladanym-dekoltem-natina-n2.jpg\" alt=\"Wzorzysta sukienka z przek\u0142adanym dekoltem Natina -N2\"\/>\r\n<\/a>\r\n<p>\r\n<a href=\"https:\/\/pakuten.pl\/37263-80627-wzorzysta-sukienka-z-przekladanym-dekoltem-natina-n2-n2.html\" target=\"_blank\">\r\nWzorzysta sukienka z przek\u0142adanym dekoltem Natina -N2\r\n<\/a><\/p>\r\n  <p>Cena: 125,99\u00a0z\u0142<\/p>\r\n<a href=\"https:\/\/pakuten.pl\/37263-80627-wzorzysta-sukienka-z-przekladanym-dekoltem-natina-n2-n2.html\" target=\"_blank\" class=\"button\">\r\nZobacz w sklepie\r\n<\/a>\r\n<\/div>\r\n<\/div>\r\n<div class=\"one_third \" style=\"\">\r\n<div class=\"product-box\">\r\n<a href=\"https:\/\/pakuten.pl\/39484-84156-bluzka-na-krotki-rekaw-daylee-wzor-1-wzor-1.html\" target=\"_blank\">\r\n  <img src=\"https:\/\/media.pakuten.pl\/231341-large_default\/bluzka-na-krotki-rekaw-daylee-wzor-1.jpg\" alt=\"Bluzka na kr\u00f3tki r\u0119kaw Daylee - wz\u00f3r 1\"\/>\r\n<\/a>\r\n<p>\r\n<a href=\"https:\/\/pakuten.pl\/39484-84156-bluzka-na-krotki-rekaw-daylee-wzor-1-wzor-1.html\" target=\"_blank\">\r\nBluzka na kr\u00f3tki r\u0119kaw Daylee - wz\u00f3r 1\r\n<\/a><\/p>\r\n  <p>Cena: 93,31\u00a0z\u0142<\/p>\r\n<a href=\"https:\/\/pakuten.pl\/39484-84156-bluzka-na-krotki-rekaw-daylee-wzor-1-wzor-1.html\" target=\"_blank\" class=\"button\">\r\nZobacz w sklepie\r\n<\/a>\r\n<\/div>\r\n<\/div>\r\n<div class=\"one_third last \" style=\"\">\r\n<div class=\"product-box\">\r\n<a href=\"https:\/\/pakuten.pl\/38801-83163-wzorzysta-sukienka-maxi-z-marszczeniem-cinna-b14-b14.html\" target=\"_blank\">\r\n  <img src=\"https:\/\/media.pakuten.pl\/227698-large_default\/wzorzysta-sukienka-maxi-z-marszczeniem-cinna-b14.jpg\" alt=\"Wzorzysta sukienka maxi z marszczeniem Cinna - B14\"\/>\r\n<\/a>\r\n<p>\r\n<a href=\"https:\/\/pakuten.pl\/38801-83163-wzorzysta-sukienka-maxi-z-marszczeniem-cinna-b14-b14.html\" target=\"_blank\">\r\nWzorzysta sukienka maxi z marszczeniem Cinna - B14\r\n<\/a><\/p>\r\n  <p>Cena: 89,99\u00a0z\u0142<\/p>\r\n<a href=\"https:\/\/pakuten.pl\/38801-83163-wzorzysta-sukienka-maxi-z-marszczeniem-cinna-b14-b14.html\" target=\"_blank\" class=\"button\">\r\nZobacz w sklepie\r\n<\/a>\r\n<\/div>\r\n<\/div><br class=\"clear\"\/>\r\n<\/div>\n<h2 class=\"p1\"><span style=\"color: #ff9900;\">Wzory i kolory w harmonii<\/span><\/h2>\n<p class=\"p1\">Gdy ju\u017c wybierzesz wz\u00f3r, pomy\u015bl o kolorach, kt\u00f3re go uzupe\u0142ni\u0105. Najbezpieczniejszym rozwi\u0105zaniem jest trzymanie si\u0119 jednej palety kolorystycznej. Na przyk\u0142ad, je\u015bli wybierasz <span style=\"color: #ff9900;\"><a style=\"color: #ff9900;\" href=\"https:\/\/pakuten.pl\/207-sukienki-w-kwiaty\" target=\"_blank\" rel=\"noopener\">sukienk\u0119 w kwiaty<\/a><\/span>, dobierz do niej dodatki w kolorach, kt\u00f3re pojawiaj\u0105 si\u0119 na wzorze. Dzi\u0119ki temu stylizacja b\u0119dzie sp\u00f3jna i harmonijna.<\/p>\n<p><img loading=\"lazy\" class=\"aligncenter size-full wp-image-8857\" src=\"https:\/\/pakuten.pl\/blog\/wp-content\/uploads\/2024\/07\/wzory-i-kolory.jpg\" alt=\"wzory\" width=\"741\" height=\"1000\" \/><\/p>\n<h2 class=\"p1\"><span style=\"color: #ff9900;\">Mieszanie wzor\u00f3w &#8211; zasady i wskaz\u00f3wki<\/span><\/h2>\n<p class=\"p1\">Mieszanie r\u00f3\u017cnych wzor\u00f3w mo\u017ce by\u0107 trudne, ale je\u015bli zrobisz to dobrze, efekt b\u0119dzie osza\u0142amiaj\u0105cy. Oto kilka zasad, kt\u00f3re pomog\u0105 Ci osi\u0105gn\u0105\u0107 sukces:<\/p>\n<ol class=\"ol1\">\n<li class=\"li1\"><b>Zachowaj sp\u00f3jno\u015b\u0107 kolorystyczn\u0105<\/b>: Wybieraj\u0105c dwa r\u00f3\u017cne wzory, upewnij si\u0119, \u017ce maj\u0105 one wsp\u00f3lne kolory. To sprawi, \u017ce b\u0119d\u0105 one ze sob\u0105 wsp\u00f3\u0142gra\u0107, zamiast rywalizowa\u0107.<\/li>\n<li class=\"li1\"><b>R\u00f3\u017cnicuj skale wzor\u00f3w<\/b>: Po\u0142\u0105cz du\u017ce wzory z mniejszymi. Na przyk\u0142ad, bluzka w du\u017ce kwiaty b\u0119dzie \u015bwietnie wygl\u0105da\u0107 z spodniami w drobne paski.<\/li>\n<li class=\"li1\"><b>Unikaj przesady<\/b>: Trzymaj si\u0119 maksymalnie dw\u00f3ch r\u00f3\u017cnych wzor\u00f3w w jednej stylizacji. Wi\u0119ksza ilo\u015b\u0107 mo\u017ce wprowadzi\u0107 chaos i sprawi\u0107, \u017ce stylizacja b\u0119dzie zbyt przyt\u0142aczaj\u0105ca.<\/li>\n<li class=\"li1\"><b>U\u017cywaj neutralnych element\u00f3w<\/b>: Dodaj neutralne elementy, aby z\u0142agodzi\u0107 intensywno\u015b\u0107 wzor\u00f3w. Bia\u0142a koszula lub czarne spodnie mog\u0105 by\u0107 \u015bwietnym uzupe\u0142nieniem odwa\u017cnych wzorzystych element\u00f3w.<\/li>\n<\/ol>\n<p>\u00a0<\/p>\n<p><img loading=\"lazy\" class=\"aligncenter size-full wp-image-8859\" src=\"https:\/\/pakuten.pl\/blog\/wp-content\/uploads\/2024\/07\/Crochet-Verano-2024-Shorts-Ideas.jpeg\" alt=\"Mieszanie r\u00f3\u017cnych wzor\u00f3w\" width=\"720\" height=\"859\" \/><\/p>\n<h2 class=\"p1\"><span style=\"color: #ff9900;\">Kolory lata &#8211; jak je \u0142\u0105czy\u0107?<\/span><\/h2>\n<p class=\"p1\">Lato to czas, kiedy mo\u017cemy si\u0119gn\u0105\u0107 po najbardziej intensywne i \u017cywe kolory. Jednak, aby unikn\u0105\u0107 modowej wpadki, warto zna\u0107 kilka zasad \u0142\u0105czenia kolor\u00f3w.<\/p>\n<h4 class=\"p1\"><span style=\"color: #ff9900;\">Monochromatyczne stylizacje<\/span><\/h4>\n<p class=\"p1\">Monochromatyczne stylizacje, czyli zestawy utrzymane w jednej tonacji kolorystycznej, s\u0105 zawsze eleganckie i stylowe. Wybieraj\u0105c jeden kolor, baw si\u0119 jego odcieniami &#8211; od najja\u015bniejszego do najciemniejszego. Na przyk\u0142ad, jasnor\u00f3\u017cowa bluzka, r\u00f3\u017cowe spodnie i ciemnor\u00f3\u017cowe dodatki stworz\u0105 harmonijn\u0105 i sp\u00f3jn\u0105 ca\u0142o\u015b\u0107.<\/p>\n<div class=\"product-box-container\">\r\n<div class=\"one_third \" style=\"\">\r\n<div class=\"product-box\">\r\n<a href=\"https:\/\/pakuten.pl\/39322-83867-prazkowany-komplet-topspodnica-z-rozcieciem-jinny-fuksja-fuksja.html\" target=\"_blank\">\r\n <img src=\"https:\/\/media.pakuten.pl\/230444-large_default\/prazkowany-komplet-topspodnica-z-rozcieciem-jinny-fuksja.jpg\" alt=\"Pr\u0105\u017ckowany komplet top+sp\u00f3dnica z rozci\u0119ciem Jinny - fuksja\"\/>\r\n<\/a>\r\n<p>\r\n<a href=\"https:\/\/pakuten.pl\/39322-83867-prazkowany-komplet-topspodnica-z-rozcieciem-jinny-fuksja-fuksja.html\" target=\"_blank\">\r\nPr\u0105\u017ckowany komplet top+sp\u00f3dnica z rozci\u0119ciem Jinny - fuksja\r\n<\/a><\/p>\r\n  <p>Cena: 49,99\u00a0z\u0142<\/p>\r\n<a href=\"https:\/\/pakuten.pl\/39322-83867-prazkowany-komplet-topspodnica-z-rozcieciem-jinny-fuksja-fuksja.html\" target=\"_blank\" class=\"button\">\r\nZobacz w sklepie\r\n<\/a>\r\n<\/div>\r\n<\/div>\r\n<div class=\"one_third \" style=\"\">\r\n<div class=\"product-box\">\r\n<a href=\"https:\/\/pakuten.pl\/39317-83860-jasnobezowy-komplet-bluzka-z-wiazaniem-szorty-mallena-jasnobezowy.html\" target=\"_blank\">\r\n  <img src=\"https:\/\/media.pakuten.pl\/230402-large_default\/jasnobezowy-komplet-bluzka-z-wiazaniem-szorty-mallena.jpg\" alt=\"Jasnobe\u017cowy komplet bluzka z wi\u0105zaniem + szorty Mallena\"\/>\r\n<\/a>\r\n<p>\r\n<a href=\"https:\/\/pakuten.pl\/39317-83860-jasnobezowy-komplet-bluzka-z-wiazaniem-szorty-mallena-jasnobezowy.html\" target=\"_blank\">\r\nJasnobe\u017cowy komplet bluzka z wi\u0105zaniem + szorty Mallena\r\n<\/a><\/p>\r\n  <p>Cena: 88,19\u00a0z\u0142<\/p>\r\n<a href=\"https:\/\/pakuten.pl\/39317-83860-jasnobezowy-komplet-bluzka-z-wiazaniem-szorty-mallena-jasnobezowy.html\" target=\"_blank\" class=\"button\">\r\nZobacz w sklepie\r\n<\/a>\r\n<\/div>\r\n<\/div>\r\n<div class=\"one_third last \" style=\"\">\r\n<div class=\"product-box\">\r\n<a href=\"https:\/\/pakuten.pl\/39192-83708-wzorzysty-komplet-bluzka-i-spodnica-blissey-b13-b13.html\" target=\"_blank\">\r\n  <img src=\"https:\/\/media.pakuten.pl\/229769-large_default\/wzorzysty-komplet-bluzka-i-spodnica-blissey-b13.jpg\" alt=\"Wzorzysty komplet bluzka i sp\u00f3dnica Blissey - B13\"\/>\r\n<\/a>\r\n<p>\r\n<a href=\"https:\/\/pakuten.pl\/39192-83708-wzorzysty-komplet-bluzka-i-spodnica-blissey-b13-b13.html\" target=\"_blank\">\r\nWzorzysty komplet bluzka i sp\u00f3dnica Blissey - B13\r\n<\/a><\/p>\r\n  <p>Cena: 39,99\u00a0z\u0142<\/p>\r\n<a href=\"https:\/\/pakuten.pl\/39192-83708-wzorzysty-komplet-bluzka-i-spodnica-blissey-b13-b13.html\" target=\"_blank\" class=\"button\">\r\nZobacz w sklepie\r\n<\/a>\r\n<\/div>\r\n<\/div><br class=\"clear\"\/>\r\n<\/div>\n<h4 class=\"p1\"><span style=\"color: #ff9900;\">Kontrasty<\/span><\/h4>\n<p class=\"p1\">Kontrasty to odwa\u017cna i przyci\u0105gaj\u0105ca uwag\u0119 opcja. Klucz do sukcesu to wyb\u00f3r kolor\u00f3w znajduj\u0105cych si\u0119 naprzeciwko siebie na kole barw. \u017b\u00f3\u0142ty z fioletowym, czerwony z zielonym czy niebieski z pomara\u0144czowym &#8211; te zestawienia z pewno\u015bci\u0105 zrobi\u0105 wra\u017cenie. Pami\u0119taj jednak, aby nie przesadza\u0107 z ilo\u015bci\u0105 kolor\u00f3w. Trzymaj si\u0119 dw\u00f3ch kontrastuj\u0105cych barw i neutralnych dodatk\u00f3w.<\/p>\n<p><img loading=\"lazy\" class=\"aligncenter size-full wp-image-8860\" src=\"https:\/\/pakuten.pl\/blog\/wp-content\/uploads\/2024\/07\/10-1.jpeg\" alt=\"kontrastowe kolory\" width=\"736\" height=\"919\" \/><\/p>\n<h4 class=\"p1\"><span style=\"color: #ff9900;\">Kolory s\u0105siaduj\u0105ce<\/span><\/h4>\n<p class=\"p1\">Kolory s\u0105siaduj\u0105ce na kole barw r\u00f3wnie\u017c tworz\u0105 udane zestawienia. Na przyk\u0142ad, stylizacja w odcieniach b\u0142\u0119kitu i zieleni b\u0119dzie \u015bwie\u017ca i letnia. Mo\u017cesz \u0142\u0105czy\u0107 jasne i ciemne odcienie tych kolor\u00f3w, aby doda\u0107 g\u0142\u0119bi stylizacji.<\/p>\n<h2 class=\"p1\"><span style=\"color: #ff9900;\">Dodatki &#8211; klucz do udanej stylizacji<\/span><\/h2>\n<p class=\"p1\">Dodatki odgrywaj\u0105 kluczow\u0105 rol\u0119 w \u0142\u0105czeniu wzor\u00f3w i kolor\u00f3w. Mog\u0105 one zar\u00f3wno wzbogaci\u0107 stylizacj\u0119, jak i j\u0105 stonowa\u0107. Oto kilka wskaz\u00f3wek:<\/p>\n<ol class=\"ol1\">\n<li class=\"li1\"><b>Bi\u017cuteria<\/b>: Wybieraj\u0105c bi\u017cuteri\u0119, zwr\u00f3\u0107 uwag\u0119 na jej kolor i styl. Delikatne, z\u0142ote lub srebrne dodatki b\u0119d\u0105 pasowa\u0107 do wi\u0119kszo\u015bci wzor\u00f3w i kolor\u00f3w. Je\u015bli chcesz doda\u0107 charakteru, postaw na bi\u017cuteri\u0119 w intensywnych barwach, ale pami\u0119taj o umiarze.<\/li>\n<li class=\"li1\"><b>Torebki i buty<\/b>: Te elementy mog\u0105 by\u0107 zar\u00f3wno neutralne, jak i odwa\u017cne. Je\u015bli Twoja stylizacja jest ju\u017c wzorzysta i kolorowa, postaw na torebk\u0119 i buty w stonowanych barwach. Z kolei, je\u015bli masz na sobie jednolity str\u00f3j, torebka w intensywnym kolorze lub z ciekawym wzorem doda mu \u017cycia.<\/li>\n<li class=\"li1\"><b>Okulary przeciws\u0142oneczne<\/b>: To nie tylko ochrona przed s\u0142o\u0144cem, ale r\u00f3wnie\u017c modny dodatek. Wybieraj modele, kt\u00f3re pasuj\u0105 do kszta\u0142tu Twojej twarzy i koloru stylizacji. Kolorowe oprawki mog\u0105 doda\u0107 letniego charakteru.<\/li>\n<\/ol>\n<blockquote class=\"instagram-media\" style=\"background: #FFF; border: 0; border-radius: 3px; box-shadow: 0 0 1px 0 rgba(0,0,0,0.5),0 1px 10px 0 rgba(0,0,0,0.15); margin: 1px; max-width: 540px; min-width: 326px; padding: 0; width: calc(100% - 2px);\" data-instgrm-permalink=\"https:\/\/www.instagram.com\/reel\/C8ugPEjIA2D\/?utm_source=ig_embed&amp;utm_campaign=loading\" data-instgrm-version=\"14\">\n<div style=\"padding: 16px;\">\n<div style=\"display: flex; flex-direction: row; align-items: center;\">\n<div style=\"background-color: #f4f4f4; border-radius: 50%; flex-grow: 0; height: 40px; margin-right: 14px; width: 40px;\">\u00a0<\/div>\n<div style=\"display: flex; flex-direction: column; flex-grow: 1; justify-content: center;\">\n<div style=\"background-color: #f4f4f4; border-radius: 4px; flex-grow: 0; height: 14px; margin-bottom: 6px; width: 100px;\">\u00a0<\/div>\n<div style=\"background-color: #f4f4f4; border-radius: 4px; flex-grow: 0; height: 14px; width: 60px;\">\u00a0<\/div>\n<\/div>\n<\/div>\n<div style=\"padding: 19% 0;\">\u00a0<\/div>\n<div style=\"display: block; height: 50px; margin: 0 auto 12px; width: 50px;\">\u00a0<\/div>\n<div style=\"padding-top: 8px;\">\n<div style=\"color: #3897f0; font-family: Arial,sans-serif; font-size: 14px; font-style: normal; font-weight: 550; line-height: 18px;\">Wy\u015bwietl ten post na Instagramie<\/div>\n<\/div>\n<div style=\"padding: 12.5% 0;\">\u00a0<\/div>\n<div style=\"display: flex; flex-direction: row; margin-bottom: 14px; align-items: center;\">\n<div>\n<div style=\"background-color: #f4f4f4; border-radius: 50%; height: 12.5px; width: 12.5px; transform: translateX(0px) translateY(7px);\">\u00a0<\/div>\n<div style=\"background-color: #f4f4f4; height: 12.5px; transform: rotate(-45deg) translateX(3px) translateY(1px); width: 12.5px; flex-grow: 0; margin-right: 14px; margin-left: 2px;\">\u00a0<\/div>\n<div style=\"background-color: #f4f4f4; border-radius: 50%; height: 12.5px; width: 12.5px; transform: translateX(9px) translateY(-18px);\">\u00a0<\/div>\n<\/div>\n<div style=\"margin-left: 8px;\">\n<div style=\"background-color: #f4f4f4; border-radius: 50%; flex-grow: 0; height: 20px; width: 20px;\">\u00a0<\/div>\n<div style=\"width: 0; height: 0; border-top: 2px solid transparent; border-left: 6px solid #f4f4f4; border-bottom: 2px solid transparent; transform: translateX(16px) translateY(-4px) rotate(30deg);\">\u00a0<\/div>\n<\/div>\n<div style=\"margin-left: auto;\">\n<div style=\"width: 0px; border-top: 8px solid #F4F4F4; border-right: 8px solid transparent; transform: translateY(16px);\">\u00a0<\/div>\n<div style=\"background-color: #f4f4f4; flex-grow: 0; height: 12px; width: 16px; transform: translateY(-4px);\">\u00a0<\/div>\n<div style=\"width: 0; height: 0; border-top: 8px solid #F4F4F4; border-left: 8px solid transparent; transform: translateY(-4px) translateX(8px);\">\u00a0<\/div>\n<\/div>\n<\/div>\n<div style=\"display: flex; flex-direction: column; flex-grow: 1; justify-content: center; margin-bottom: 24px;\">\n<div style=\"background-color: #f4f4f4; border-radius: 4px; flex-grow: 0; height: 14px; margin-bottom: 6px; width: 224px;\">\u00a0<\/div>\n<div style=\"background-color: #f4f4f4; border-radius: 4px; flex-grow: 0; height: 14px; width: 144px;\">\u00a0<\/div>\n<\/div>\n<p style=\"color: #c9c8cd; font-family: Arial,sans-serif; font-size: 14px; line-height: 17px; margin-bottom: 0; margin-top: 8px; overflow: hidden; padding: 8px 0 7px; text-align: center; text-overflow: ellipsis; white-space: nowrap;\"><a style=\"color: #c9c8cd; font-family: Arial,sans-serif; font-size: 14px; font-style: normal; font-weight: normal; line-height: 17px; text-decoration: none;\" href=\"https:\/\/www.instagram.com\/reel\/C8ugPEjIA2D\/?utm_source=ig_embed&amp;utm_campaign=loading\" target=\"_blank\" rel=\"noopener\">Post udost\u0119pniony przez Roksana R\u0119kas (@x_roksanax)<\/a><\/p>\n<\/div>\n<\/blockquote>\n<p><script async src=\"\/\/www.instagram.com\/embed.js\"><\/script><\/p>\n<p class=\"p1\">\u0141\u0105czenie wzor\u00f3w i kolor\u00f3w latem mo\u017ce by\u0107 \u015bwietn\u0105 zabaw\u0105, je\u015bli b\u0119dziesz pami\u0119ta\u0107 o kilku podstawowych zasadach. Wzory s\u0105 doskona\u0142\u0105 baz\u0105 do tworzenia unikalnych stylizacji, a kolory dodaj\u0105 im \u017cycia. Kluczem do sukcesu jest zachowanie harmonii i umiaru. Pami\u0119taj o sp\u00f3jno\u015bci kolorystycznej, r\u00f3\u017cnicowaniu skali wzor\u00f3w oraz wykorzystywaniu neutralnych element\u00f3w jako t\u0142a dla odwa\u017cnych wybor\u00f3w.<\/p>\n<p class=\"p1\">Stylizacje na lato powinny by\u0107 przede wszystkim radosne i komfortowe. Nie b\u00f3j si\u0119 eksperymentowa\u0107 i wyra\u017ca\u0107 siebie poprzez mod\u0119. Dzi\u0119ki tym poradom, \u0142\u0105czenie wzor\u00f3w i kolor\u00f3w stanie si\u0119 \u0142atwiejsze, a Ty b\u0119dziesz cieszy\u0107 si\u0119 modnymi i przyci\u0105gaj\u0105cymi wzrok zestawami przez ca\u0142e lato.<\/p>\n\n\n<div class=\"kk-star-ratings kksr-auto kksr-align-right kksr-valign-bottom\"\n    data-payload='{&quot;align&quot;:&quot;right&quot;,&quot;id&quot;:&quot;8854&quot;,&quot;slug&quot;:&quot;default&quot;,&quot;valign&quot;:&quot;bottom&quot;,&quot;ignore&quot;:&quot;&quot;,&quot;reference&quot;:&quot;auto&quot;,&quot;class&quot;:&quot;&quot;,&quot;count&quot;:&quot;1&quot;,&quot;legendonly&quot;:&quot;&quot;,&quot;readonly&quot;:&quot;&quot;,&quot;score&quot;:&quot;1&quot;,&quot;starsonly&quot;:&quot;&quot;,&quot;best&quot;:&quot;5&quot;,&quot;gap&quot;:&quot;5&quot;,&quot;greet&quot;:&quot;Rate this post&quot;,&quot;legend&quot;:&quot;1\\\/5 - (1 vote)&quot;,&quot;size&quot;:&quot;24&quot;,&quot;width&quot;:&quot;26.5&quot;,&quot;_legend&quot;:&quot;{score}\\\/{best} - ({count} {votes})&quot;,&quot;font_factor&quot;:&quot;1.25&quot;}'>\n            \n<div class=\"kksr-stars\">\n    \n<div class=\"kksr-stars-inactive\">\n            <div class=\"kksr-star\" data-star=\"1\" style=\"padding-right: 5px\">\n            \n\n<div class=\"kksr-icon\" style=\"width: 24px; height: 24px;\"><\/div>\n        <\/div>\n            <div class=\"kksr-star\" data-star=\"2\" style=\"padding-right: 5px\">\n            \n\n<div class=\"kksr-icon\" style=\"width: 24px; height: 24px;\"><\/div>\n        <\/div>\n            <div class=\"kksr-star\" data-star=\"3\" style=\"padding-right: 5px\">\n            \n\n<div class=\"kksr-icon\" style=\"width: 24px; height: 24px;\"><\/div>\n        <\/div>\n            <div class=\"kksr-star\" data-star=\"4\" style=\"padding-right: 5px\">\n            \n\n<div class=\"kksr-icon\" style=\"width: 24px; height: 24px;\"><\/div>\n        <\/div>\n            <div class=\"kksr-star\" data-star=\"5\" style=\"padding-right: 5px\">\n            \n\n<div class=\"kksr-icon\" style=\"width: 24px; height: 24px;\"><\/div>\n        <\/div>\n    <\/div>\n    \n<div class=\"kksr-stars-active\" style=\"width: 26.5px;\">\n            <div class=\"kksr-star\" style=\"padding-right: 5px\">\n            \n\n<div class=\"kksr-icon\" style=\"width: 24px; height: 24px;\"><\/div>\n        <\/div>\n            <div class=\"kksr-star\" style=\"padding-right: 5px\">\n            \n\n<div class=\"kksr-icon\" style=\"width: 24px; height: 24px;\"><\/div>\n        <\/div>\n            <div class=\"kksr-star\" style=\"padding-right: 5px\">\n            \n\n<div class=\"kksr-icon\" style=\"width: 24px; height: 24px;\"><\/div>\n        <\/div>\n            <div class=\"kksr-star\" style=\"padding-right: 5px\">\n            \n\n<div class=\"kksr-icon\" style=\"width: 24px; height: 24px;\"><\/div>\n        <\/div>\n            <div class=\"kksr-star\" style=\"padding-right: 5px\">\n            \n\n<div class=\"kksr-icon\" style=\"width: 24px; height: 24px;\"><\/div>\n        <\/div>\n    <\/div>\n<\/div>\n                \n\n<div class=\"kksr-legend\" style=\"font-size: 19.2px;\">\n            1\/5 - (1 vote)    <\/div>\n    <\/div>\n","protected":false},"excerpt":{"rendered":"<p class=\"p1\" style=\"margin: 0px; font-variant-numeric: normal; font-variant-east-asian: normal; font-variant-alternates: normal; font-kerning: auto; font-optical-sizing: auto; font-feature-settings: normal; font-variation-settings: normal; font-variant-position: normal; font-stretch: normal; font-size: 12px; line-height: normal; font-family: 'Helvetica Neue'; color: #000000;\">Lato to czas, kiedy mo\u017cemy eksperymentowa\u0107 z mod\u0105 i wyra\u017ca\u0107 siebie poprzez odwa\u017cne stylizacje. To idealny moment, aby \u0142\u0105czy\u0107 wzory i kolory, tworz\u0105c wyj\u0105tkowe i przyci\u0105gaj\u0105ce uwag\u0119 zestawy. W tym wpisie podpowiem, jak stylowo komponowa\u0107 wzory i kolory latem, aby cieszy\u0107 si\u0119 mod\u0105 bez obaw o modowe faux pas.<\/p>\n","protected":false},"author":3,"featured_media":8856,"comment_status":"open","ping_status":"open","sticky":false,"template":"","format":"standard","meta":[],"categories":[3],"tags":[],"yoast_head":"<!-- This site is optimized with the Yoast SEO plugin v18.4.1 - https:\/\/yoast.com\/wordpress\/plugins\/seo\/ -->\n<title>Jak stylowo \u0142\u0105czy\u0107 wzory i kolory latem ? Porady dotycz\u0105ce komponowania odwa\u017cnych, letnich stylizacji. - Pakuten blog<\/title>\n<meta name=\"description\" content=\"Lato to czas, kiedy mo\u017cemy eksperymentowa\u0107 z mod\u0105 i wyra\u017ca\u0107 siebie poprzez odwa\u017cne stylizacje. To idealny moment, aby \u0142\u0105czy\u0107 wzory i kolory, tworz\u0105c wyj\u0105tkowe i przyci\u0105gaj\u0105ce uwag\u0119 zestawy.\" \/>\n<meta name=\"robots\" content=\"index, follow, max-snippet:-1, max-image-preview:large, max-video-preview:-1\" \/>\n<link rel=\"canonical\" href=\"https:\/\/pakuten.pl\/blog\/jak-stylowo-laczyc-wzory-i-kolory-latem\/\" \/>\n<meta property=\"og:locale\" content=\"pl_PL\" \/>\n<meta property=\"og:type\" content=\"article\" \/>\n<meta property=\"og:title\" content=\"Jak stylowo \u0142\u0105czy\u0107 wzory i kolory latem ? Porady dotycz\u0105ce komponowania odwa\u017cnych, letnich stylizacji. - Pakuten blog\" \/>\n<meta property=\"og:description\" content=\"Lato to czas, kiedy mo\u017cemy eksperymentowa\u0107 z mod\u0105 i wyra\u017ca\u0107 siebie poprzez odwa\u017cne stylizacje. To idealny moment, aby \u0142\u0105czy\u0107 wzory i kolory, tworz\u0105c wyj\u0105tkowe i przyci\u0105gaj\u0105ce uwag\u0119 zestawy.\" \/>\n<meta property=\"og:url\" content=\"https:\/\/pakuten.pl\/blog\/jak-stylowo-laczyc-wzory-i-kolory-latem\/\" \/>\n<meta property=\"og:site_name\" content=\"Pakuten blog\" \/>\n<meta property=\"article:published_time\" content=\"2024-08-02T11:58:00+00:00\" \/>\n<meta property=\"article:modified_time\" content=\"2024-07-16T12:00:53+00:00\" \/>\n<meta property=\"og:image\" content=\"https:\/\/pakuten.pl\/blog\/wp-content\/uploads\/2024\/07\/Art-or.png\" \/>\n\t<meta property=\"og:image:width\" content=\"1280\" \/>\n\t<meta property=\"og:image:height\" content=\"853\" \/>\n\t<meta property=\"og:image:type\" content=\"image\/png\" \/>\n<meta name=\"twitter:card\" content=\"summary_large_image\" \/>\n<meta name=\"twitter:label1\" content=\"Napisane przez\" \/>\n\t<meta name=\"twitter:data1\" content=\"Pakuten Girl\" \/>\n\t<meta name=\"twitter:label2\" content=\"Szacowany czas czytania\" \/>\n\t<meta name=\"twitter:data2\" content=\"5 minut\" \/>\n<script type=\"application\/ld+json\" class=\"yoast-schema-graph\">{\"@context\":\"https:\/\/schema.org\",\"@graph\":[{\"@type\":\"Organization\",\"@id\":\"https:\/\/pakuten.pl\/blog\/#organization\",\"name\":\"Pakuten\",\"url\":\"https:\/\/pakuten.pl\/blog\/\",\"sameAs\":[],\"logo\":{\"@type\":\"ImageObject\",\"@id\":\"https:\/\/pakuten.pl\/blog\/#logo\",\"inLanguage\":\"pl-PL\",\"url\":\"http:\/\/pakuten.pl\/blog\/wp-content\/uploads\/2018\/01\/pakuten_logo.png\",\"contentUrl\":\"http:\/\/pakuten.pl\/blog\/wp-content\/uploads\/2018\/01\/pakuten_logo.png\",\"width\":300,\"height\":120,\"caption\":\"Pakuten\"},\"image\":{\"@id\":\"https:\/\/pakuten.pl\/blog\/#logo\"}},{\"@type\":\"WebSite\",\"@id\":\"https:\/\/pakuten.pl\/blog\/#website\",\"url\":\"https:\/\/pakuten.pl\/blog\/\",\"name\":\"Pakuten blog\",\"description\":\"Blog sklepu internetowego pakuten.pl\",\"publisher\":{\"@id\":\"https:\/\/pakuten.pl\/blog\/#organization\"},\"potentialAction\":[{\"@type\":\"SearchAction\",\"target\":{\"@type\":\"EntryPoint\",\"urlTemplate\":\"https:\/\/pakuten.pl\/blog\/?s={search_term_string}\"},\"query-input\":\"required name=search_term_string\"}],\"inLanguage\":\"pl-PL\"},{\"@type\":\"ImageObject\",\"@id\":\"https:\/\/pakuten.pl\/blog\/jak-stylowo-laczyc-wzory-i-kolory-latem\/#primaryimage\",\"inLanguage\":\"pl-PL\",\"url\":\"https:\/\/pakuten.pl\/blog\/wp-content\/uploads\/2024\/07\/Art-or.png\",\"contentUrl\":\"https:\/\/pakuten.pl\/blog\/wp-content\/uploads\/2024\/07\/Art-or.png\",\"width\":1280,\"height\":853,\"caption\":\"wzory i kolory\"},{\"@type\":\"WebPage\",\"@id\":\"https:\/\/pakuten.pl\/blog\/jak-stylowo-laczyc-wzory-i-kolory-latem\/#webpage\",\"url\":\"https:\/\/pakuten.pl\/blog\/jak-stylowo-laczyc-wzory-i-kolory-latem\/\",\"name\":\"Jak stylowo \u0142\u0105czy\u0107 wzory i kolory latem ? Porady dotycz\u0105ce komponowania odwa\u017cnych, letnich stylizacji. - Pakuten blog\",\"isPartOf\":{\"@id\":\"https:\/\/pakuten.pl\/blog\/#website\"},\"primaryImageOfPage\":{\"@id\":\"https:\/\/pakuten.pl\/blog\/jak-stylowo-laczyc-wzory-i-kolory-latem\/#primaryimage\"},\"datePublished\":\"2024-08-02T11:58:00+00:00\",\"dateModified\":\"2024-07-16T12:00:53+00:00\",\"description\":\"Lato to czas, kiedy mo\u017cemy eksperymentowa\u0107 z mod\u0105 i wyra\u017ca\u0107 siebie poprzez odwa\u017cne stylizacje. To idealny moment, aby \u0142\u0105czy\u0107 wzory i kolory, tworz\u0105c wyj\u0105tkowe i przyci\u0105gaj\u0105ce uwag\u0119 zestawy.\",\"breadcrumb\":{\"@id\":\"https:\/\/pakuten.pl\/blog\/jak-stylowo-laczyc-wzory-i-kolory-latem\/#breadcrumb\"},\"inLanguage\":\"pl-PL\",\"potentialAction\":[{\"@type\":\"ReadAction\",\"target\":[\"https:\/\/pakuten.pl\/blog\/jak-stylowo-laczyc-wzory-i-kolory-latem\/\"]}]},{\"@type\":\"BreadcrumbList\",\"@id\":\"https:\/\/pakuten.pl\/blog\/jak-stylowo-laczyc-wzory-i-kolory-latem\/#breadcrumb\",\"itemListElement\":[{\"@type\":\"ListItem\",\"position\":1,\"name\":\"Strona g\u0142\u00f3wna\",\"item\":\"https:\/\/pakuten.pl\/blog\/\"},{\"@type\":\"ListItem\",\"position\":2,\"name\":\"Jak stylowo \u0142\u0105czy\u0107 wzory i kolory latem ? Porady dotycz\u0105ce komponowania odwa\u017cnych, letnich stylizacji.\"}]},{\"@type\":\"Article\",\"@id\":\"https:\/\/pakuten.pl\/blog\/jak-stylowo-laczyc-wzory-i-kolory-latem\/#article\",\"isPartOf\":{\"@id\":\"https:\/\/pakuten.pl\/blog\/jak-stylowo-laczyc-wzory-i-kolory-latem\/#webpage\"},\"author\":{\"@id\":\"https:\/\/pakuten.pl\/blog\/#\/schema\/person\/d7133af30211381a4e4536d088384556\"},\"headline\":\"Jak stylowo \u0142\u0105czy\u0107 wzory i kolory latem ? Porady dotycz\u0105ce komponowania odwa\u017cnych, letnich stylizacji.\",\"datePublished\":\"2024-08-02T11:58:00+00:00\",\"dateModified\":\"2024-07-16T12:00:53+00:00\",\"mainEntityOfPage\":{\"@id\":\"https:\/\/pakuten.pl\/blog\/jak-stylowo-laczyc-wzory-i-kolory-latem\/#webpage\"},\"wordCount\":867,\"commentCount\":0,\"publisher\":{\"@id\":\"https:\/\/pakuten.pl\/blog\/#organization\"},\"image\":{\"@id\":\"https:\/\/pakuten.pl\/blog\/jak-stylowo-laczyc-wzory-i-kolory-latem\/#primaryimage\"},\"thumbnailUrl\":\"https:\/\/pakuten.pl\/blog\/wp-content\/uploads\/2024\/07\/Art-or.png\",\"articleSection\":[\"Top Trends\"],\"inLanguage\":\"pl-PL\",\"potentialAction\":[{\"@type\":\"CommentAction\",\"name\":\"Comment\",\"target\":[\"https:\/\/pakuten.pl\/blog\/jak-stylowo-laczyc-wzory-i-kolory-latem\/#respond\"]}]},{\"@type\":\"Person\",\"@id\":\"https:\/\/pakuten.pl\/blog\/#\/schema\/person\/d7133af30211381a4e4536d088384556\",\"name\":\"Pakuten Girl\",\"image\":{\"@type\":\"ImageObject\",\"@id\":\"https:\/\/pakuten.pl\/blog\/#personlogo\",\"inLanguage\":\"pl-PL\",\"url\":\"https:\/\/secure.gravatar.com\/avatar\/d3df41de2caf92e6cfded9430c2ff352?s=96&d=mm&r=g\",\"contentUrl\":\"https:\/\/secure.gravatar.com\/avatar\/d3df41de2caf92e6cfded9430c2ff352?s=96&d=mm&r=g\",\"caption\":\"Pakuten Girl\"},\"description\":\"Cze\u015b\u0107, nazywam si\u0119 Ola. Kocham Netflixa, sals\u0119, nowo\u015bci kosmetyczne i najnowsze trendy w modzie.\",\"url\":\"https:\/\/pakuten.pl\/blog\/author\/pakuten-girl\/\"}]}<\/script>\n<!-- \/ Yoast SEO plugin. -->","yoast_head_json":{"title":"Jak stylowo \u0142\u0105czy\u0107 wzory i kolory latem ? Porady dotycz\u0105ce komponowania odwa\u017cnych, letnich stylizacji. - Pakuten blog","description":"Lato to czas, kiedy mo\u017cemy eksperymentowa\u0107 z mod\u0105 i wyra\u017ca\u0107 siebie poprzez odwa\u017cne stylizacje. To idealny moment, aby \u0142\u0105czy\u0107 wzory i kolory, tworz\u0105c wyj\u0105tkowe i przyci\u0105gaj\u0105ce uwag\u0119 zestawy.","robots":{"index":"index","follow":"follow","max-snippet":"max-snippet:-1","max-image-preview":"max-image-preview:large","max-video-preview":"max-video-preview:-1"},"canonical":"https:\/\/pakuten.pl\/blog\/jak-stylowo-laczyc-wzory-i-kolory-latem\/","og_locale":"pl_PL","og_type":"article","og_title":"Jak stylowo \u0142\u0105czy\u0107 wzory i kolory latem ? Porady dotycz\u0105ce komponowania odwa\u017cnych, letnich stylizacji. - Pakuten blog","og_description":"Lato to czas, kiedy mo\u017cemy eksperymentowa\u0107 z mod\u0105 i wyra\u017ca\u0107 siebie poprzez odwa\u017cne stylizacje. To idealny moment, aby \u0142\u0105czy\u0107 wzory i kolory, tworz\u0105c wyj\u0105tkowe i przyci\u0105gaj\u0105ce uwag\u0119 zestawy.","og_url":"https:\/\/pakuten.pl\/blog\/jak-stylowo-laczyc-wzory-i-kolory-latem\/","og_site_name":"Pakuten blog","article_published_time":"2024-08-02T11:58:00+00:00","article_modified_time":"2024-07-16T12:00:53+00:00","og_image":[{"width":1280,"height":853,"url":"https:\/\/pakuten.pl\/blog\/wp-content\/uploads\/2024\/07\/Art-or.png","type":"image\/png"}],"twitter_card":"summary_large_image","twitter_misc":{"Napisane przez":"Pakuten Girl","Szacowany czas czytania":"5 minut"},"schema":{"@context":"https:\/\/schema.org","@graph":[{"@type":"Organization","@id":"https:\/\/pakuten.pl\/blog\/#organization","name":"Pakuten","url":"https:\/\/pakuten.pl\/blog\/","sameAs":[],"logo":{"@type":"ImageObject","@id":"https:\/\/pakuten.pl\/blog\/#logo","inLanguage":"pl-PL","url":"http:\/\/pakuten.pl\/blog\/wp-content\/uploads\/2018\/01\/pakuten_logo.png","contentUrl":"http:\/\/pakuten.pl\/blog\/wp-content\/uploads\/2018\/01\/pakuten_logo.png","width":300,"height":120,"caption":"Pakuten"},"image":{"@id":"https:\/\/pakuten.pl\/blog\/#logo"}},{"@type":"WebSite","@id":"https:\/\/pakuten.pl\/blog\/#website","url":"https:\/\/pakuten.pl\/blog\/","name":"Pakuten blog","description":"Blog sklepu internetowego pakuten.pl","publisher":{"@id":"https:\/\/pakuten.pl\/blog\/#organization"},"potentialAction":[{"@type":"SearchAction","target":{"@type":"EntryPoint","urlTemplate":"https:\/\/pakuten.pl\/blog\/?s={search_term_string}"},"query-input":"required name=search_term_string"}],"inLanguage":"pl-PL"},{"@type":"ImageObject","@id":"https:\/\/pakuten.pl\/blog\/jak-stylowo-laczyc-wzory-i-kolory-latem\/#primaryimage","inLanguage":"pl-PL","url":"https:\/\/pakuten.pl\/blog\/wp-content\/uploads\/2024\/07\/Art-or.png","contentUrl":"https:\/\/pakuten.pl\/blog\/wp-content\/uploads\/2024\/07\/Art-or.png","width":1280,"height":853,"caption":"wzory i kolory"},{"@type":"WebPage","@id":"https:\/\/pakuten.pl\/blog\/jak-stylowo-laczyc-wzory-i-kolory-latem\/#webpage","url":"https:\/\/pakuten.pl\/blog\/jak-stylowo-laczyc-wzory-i-kolory-latem\/","name":"Jak stylowo \u0142\u0105czy\u0107 wzory i kolory latem ? Porady dotycz\u0105ce komponowania odwa\u017cnych, letnich stylizacji. - Pakuten blog","isPartOf":{"@id":"https:\/\/pakuten.pl\/blog\/#website"},"primaryImageOfPage":{"@id":"https:\/\/pakuten.pl\/blog\/jak-stylowo-laczyc-wzory-i-kolory-latem\/#primaryimage"},"datePublished":"2024-08-02T11:58:00+00:00","dateModified":"2024-07-16T12:00:53+00:00","description":"Lato to czas, kiedy mo\u017cemy eksperymentowa\u0107 z mod\u0105 i wyra\u017ca\u0107 siebie poprzez odwa\u017cne stylizacje. To idealny moment, aby \u0142\u0105czy\u0107 wzory i kolory, tworz\u0105c wyj\u0105tkowe i przyci\u0105gaj\u0105ce uwag\u0119 zestawy.","breadcrumb":{"@id":"https:\/\/pakuten.pl\/blog\/jak-stylowo-laczyc-wzory-i-kolory-latem\/#breadcrumb"},"inLanguage":"pl-PL","potentialAction":[{"@type":"ReadAction","target":["https:\/\/pakuten.pl\/blog\/jak-stylowo-laczyc-wzory-i-kolory-latem\/"]}]},{"@type":"BreadcrumbList","@id":"https:\/\/pakuten.pl\/blog\/jak-stylowo-laczyc-wzory-i-kolory-latem\/#breadcrumb","itemListElement":[{"@type":"ListItem","position":1,"name":"Strona g\u0142\u00f3wna","item":"https:\/\/pakuten.pl\/blog\/"},{"@type":"ListItem","position":2,"name":"Jak stylowo \u0142\u0105czy\u0107 wzory i kolory latem ? Porady dotycz\u0105ce komponowania odwa\u017cnych, letnich stylizacji."}]},{"@type":"Article","@id":"https:\/\/pakuten.pl\/blog\/jak-stylowo-laczyc-wzory-i-kolory-latem\/#article","isPartOf":{"@id":"https:\/\/pakuten.pl\/blog\/jak-stylowo-laczyc-wzory-i-kolory-latem\/#webpage"},"author":{"@id":"https:\/\/pakuten.pl\/blog\/#\/schema\/person\/d7133af30211381a4e4536d088384556"},"headline":"Jak stylowo \u0142\u0105czy\u0107 wzory i kolory latem ? Porady dotycz\u0105ce komponowania odwa\u017cnych, letnich stylizacji.","datePublished":"2024-08-02T11:58:00+00:00","dateModified":"2024-07-16T12:00:53+00:00","mainEntityOfPage":{"@id":"https:\/\/pakuten.pl\/blog\/jak-stylowo-laczyc-wzory-i-kolory-latem\/#webpage"},"wordCount":867,"commentCount":0,"publisher":{"@id":"https:\/\/pakuten.pl\/blog\/#organization"},"image":{"@id":"https:\/\/pakuten.pl\/blog\/jak-stylowo-laczyc-wzory-i-kolory-latem\/#primaryimage"},"thumbnailUrl":"https:\/\/pakuten.pl\/blog\/wp-content\/uploads\/2024\/07\/Art-or.png","articleSection":["Top Trends"],"inLanguage":"pl-PL","potentialAction":[{"@type":"CommentAction","name":"Comment","target":["https:\/\/pakuten.pl\/blog\/jak-stylowo-laczyc-wzory-i-kolory-latem\/#respond"]}]},{"@type":"Person","@id":"https:\/\/pakuten.pl\/blog\/#\/schema\/person\/d7133af30211381a4e4536d088384556","name":"Pakuten Girl","image":{"@type":"ImageObject","@id":"https:\/\/pakuten.pl\/blog\/#personlogo","inLanguage":"pl-PL","url":"https:\/\/secure.gravatar.com\/avatar\/d3df41de2caf92e6cfded9430c2ff352?s=96&d=mm&r=g","contentUrl":"https:\/\/secure.gravatar.com\/avatar\/d3df41de2caf92e6cfded9430c2ff352?s=96&d=mm&r=g","caption":"Pakuten Girl"},"description":"Cze\u015b\u0107, nazywam si\u0119 Ola. Kocham Netflixa, sals\u0119, nowo\u015bci kosmetyczne i najnowsze trendy w modzie.","url":"https:\/\/pakuten.pl\/blog\/author\/pakuten-girl\/"}]}},"_links":{"self":[{"href":"https:\/\/pakuten.pl\/blog\/wp-json\/wp\/v2\/posts\/8854"}],"collection":[{"href":"https:\/\/pakuten.pl\/blog\/wp-json\/wp\/v2\/posts"}],"about":[{"href":"https:\/\/pakuten.pl\/blog\/wp-json\/wp\/v2\/types\/post"}],"author":[{"embeddable":true,"href":"https:\/\/pakuten.pl\/blog\/wp-json\/wp\/v2\/users\/3"}],"replies":[{"embeddable":true,"href":"https:\/\/pakuten.pl\/blog\/wp-json\/wp\/v2\/comments?post=8854"}],"version-history":[{"count":2,"href":"https:\/\/pakuten.pl\/blog\/wp-json\/wp\/v2\/posts\/8854\/revisions"}],"predecessor-version":[{"id":8862,"href":"https:\/\/pakuten.pl\/blog\/wp-json\/wp\/v2\/posts\/8854\/revisions\/8862"}],"wp:featuredmedia":[{"embeddable":true,"href":"https:\/\/pakuten.pl\/blog\/wp-json\/wp\/v2\/media\/8856"}],"wp:attachment":[{"href":"https:\/\/pakuten.pl\/blog\/wp-json\/wp\/v2\/media?parent=8854"}],"wp:term":[{"taxonomy":"category","embeddable":true,"href":"https:\/\/pakuten.pl\/blog\/wp-json\/wp\/v2\/categories?post=8854"},{"taxonomy":"post_tag","embeddable":true,"href":"https:\/\/pakuten.pl\/blog\/wp-json\/wp\/v2\/tags?post=8854"}],"curies":[{"name":"wp","href":"https:\/\/api.w.org\/{rel}","templated":true}]}}