{"id":8863,"date":"2024-08-05T14:41:00","date_gmt":"2024-08-05T12:41:00","guid":{"rendered":"https:\/\/pakuten.pl\/blog\/?p=8863"},"modified":"2024-07-16T14:59:46","modified_gmt":"2024-07-16T12:59:46","slug":"kolekcja-basic-na-lato-przeglad-najwazniejszych-elementow-garderoby-na-lato-ktore-warto-miec","status":"publish","type":"post","link":"https:\/\/pakuten.pl\/blog\/kolekcja-basic-na-lato-przeglad-najwazniejszych-elementow-garderoby-na-lato-ktore-warto-miec\/","title":{"rendered":"Kolekcja basic na lato: Przegl\u0105d najwa\u017cniejszych element\u00f3w garderoby na lato, kt\u00f3re warto mie\u0107!"},"content":{"rendered":"\n<p class=\"p1\"><strong>Lato to czas, kiedy pragniemy czu\u0107 si\u0119 komfortowo i wygl\u0105da\u0107 stylowo. Kolekcja basic na lato mo\u017ce by\u0107 kluczem do sukcesu. Uniwersalne i ponadczasowe ubrania, kt\u00f3re \u0142atwo \u0142\u0105czy\u0107 w r\u00f3\u017cne stylizacje, to podstawa ka\u017cdej garderoby. Oto przegl\u0105d najwa\u017cniejszych element\u00f3w garderoby na lato, kt\u00f3re warto mie\u0107 w swojej szafie.<\/strong><\/p>\n<h2 class=\"p1\"><span style=\"color: #ff9900;\">Komplety basic &#8211; Idealne na ka\u017cd\u0105 okazj\u0119<\/span><\/h2>\n<p class=\"p1\"><span style=\"color: #ff9900;\"><a style=\"color: #ff9900;\" href=\"https:\/\/pakuten.pl\/126-komplety\" target=\"_blank\" rel=\"noopener\">Komplety<\/a><\/span> basic to doskona\u0142e rozwi\u0105zanie na lato. Sk\u0142adaj\u0105 si\u0119 z dopasowanych do siebie element\u00f3w, takich jak bluzki i szorty, kt\u00f3re mo\u017cna nosi\u0107 razem lub osobno, tworz\u0105c r\u00f3\u017cnorodne stylizacje. Wybieraj modele z bawe\u0142ny lub lnu, kt\u00f3re s\u0105 przewiewne i komfortowe. Dzi\u0119ki neutralnym kolorom, takim jak bia\u0142y, szary czy be\u017cowy, \u0142atwo je zestawia\u0107 z innymi elementami garderoby. Sportowe komplety basic na lato, takie jak legginsy i crop topy, to \u015bwietna opcja na aktywne dni, zapewniaj\u0105 wygod\u0119 podczas \u0107wicze\u0144 na \u015bwie\u017cym powietrzu czy spacer\u00f3w.<\/p>\n<div class=\"product-box-container\">\r\n<div class=\"one_third \" style=\"\">\r\n<div class=\"product-box\">\r\n<a href=\"https:\/\/pakuten.pl\/39321-83866-bezowy-prazkowany-komplet-topspodnica-z-rozcieciem-jinny-bezowy.html\" target=\"_blank\">\r\n <img src=\"https:\/\/media.pakuten.pl\/230432-large_default\/bezowy-prazkowany-komplet-topspodnica-z-rozcieciem-jinny.jpg\" alt=\"Be\u017cowy pr\u0105\u017ckowany komplet top+sp\u00f3dnica z rozci\u0119ciem Jinny\"\/>\r\n<\/a>\r\n<p>\r\n<a href=\"https:\/\/pakuten.pl\/39321-83866-bezowy-prazkowany-komplet-topspodnica-z-rozcieciem-jinny-bezowy.html\" target=\"_blank\">\r\nBe\u017cowy pr\u0105\u017ckowany komplet top+sp\u00f3dnica z rozci\u0119ciem Jinny\r\n<\/a><\/p>\r\n  <p>Cena: 49,99\u00a0z\u0142<\/p>\r\n<a href=\"https:\/\/pakuten.pl\/39321-83866-bezowy-prazkowany-komplet-topspodnica-z-rozcieciem-jinny-bezowy.html\" target=\"_blank\" class=\"button\">\r\nZobacz w sklepie\r\n<\/a>\r\n<\/div>\r\n<\/div>\r\n<div class=\"one_third \" style=\"\">\r\n<div class=\"product-box\">\r\n<a href=\"https:\/\/pakuten.pl\/39315-83861-bialy-komplet-bluzka-z-wiazaniem-szorty-mallena-bialy.html\" target=\"_blank\">\r\n  <img src=\"https:\/\/media.pakuten.pl\/230407-large_default\/bialy-komplet-bluzka-z-wiazaniem-szorty-mallena.jpg\" alt=\"Bia\u0142y komplet bluzka z wi\u0105zaniem + szorty Mallena\"\/>\r\n<\/a>\r\n<p>\r\n<a href=\"https:\/\/pakuten.pl\/39315-83861-bialy-komplet-bluzka-z-wiazaniem-szorty-mallena-bialy.html\" target=\"_blank\">\r\nBia\u0142y komplet bluzka z wi\u0105zaniem + szorty Mallena\r\n<\/a><\/p>\r\n  <p>Cena: 88,19\u00a0z\u0142<\/p>\r\n<a href=\"https:\/\/pakuten.pl\/39315-83861-bialy-komplet-bluzka-z-wiazaniem-szorty-mallena-bialy.html\" target=\"_blank\" class=\"button\">\r\nZobacz w sklepie\r\n<\/a>\r\n<\/div>\r\n<\/div>\r\n<div class=\"one_third last \" style=\"\">\r\n<div class=\"product-box\">\r\n<a href=\"https:\/\/pakuten.pl\/39376-83955-czarny-prazkowany-komplet-bluzka-i-szorty-karmit-czarny.html\" target=\"_blank\">\r\n  <img src=\"https:\/\/media.pakuten.pl\/230752-large_default\/czarny-prazkowany-komplet-bluzka-i-szorty-karmit.jpg\" alt=\"Czarny pr\u0105\u017ckowany komplet bluzka i szorty Karmit\"\/>\r\n<\/a>\r\n<p>\r\n<a href=\"https:\/\/pakuten.pl\/39376-83955-czarny-prazkowany-komplet-bluzka-i-szorty-karmit-czarny.html\" target=\"_blank\">\r\nCzarny pr\u0105\u017ckowany komplet bluzka i szorty Karmit\r\n<\/a><\/p>\r\n  <p>Cena: 29,99\u00a0z\u0142<\/p>\r\n<a href=\"https:\/\/pakuten.pl\/39376-83955-czarny-prazkowany-komplet-bluzka-i-szorty-karmit-czarny.html\" target=\"_blank\" class=\"button\">\r\nZobacz w sklepie\r\n<\/a>\r\n<\/div>\r\n<\/div><br class=\"clear\"\/>\r\n<\/div>\n<h2 class=\"p1\"><span style=\"color: #ff9900;\">Sukienki &#8211; Letnia elegancja i wygoda<\/span><\/h2>\n<p class=\"p1\">Sukienki s\u0105 nieod\u0142\u0105cznym elementem letniej garderoby. Kolekcja basic na lato powinna zawiera\u0107 kilka uniwersalnych modeli, kt\u00f3re mo\u017cna nosi\u0107 na r\u00f3\u017cne okazje. <span style=\"color: #ff9900;\"><a style=\"color: #ff9900;\" href=\"https:\/\/pakuten.pl\/68-dlugie-sukienki\" target=\"_blank\" rel=\"noopener\">Sukienki maxi<\/a><\/span> s\u0105 eleganckie, a jednocze\u015bnie bardzo komfortowe, idealne zar\u00f3wno na pla\u017cy, jak i na wieczornych wyj\u015bciach. Sukienki midi to doskona\u0142a opcja na codzienne stylizacje \u2013 bardziej uniwersalne ni\u017c sukienki maxi, a jednocze\u015bnie r\u00f3wnie wygodne. Wybieraj modele w jednolitych kolorach lub z delikatnymi wzorami, kt\u00f3re \u0142atwo dopasujesz do r\u00f3\u017cnych dodatk\u00f3w.<\/p>\n<p>\u00a0<\/p>\n<blockquote class=\"instagram-media\" style=\"background: #FFF; border: 0; border-radius: 3px; box-shadow: 0 0 1px 0 rgba(0,0,0,0.5),0 1px 10px 0 rgba(0,0,0,0.15); margin: 1px; max-width: 540px; min-width: 326px; padding: 0; width: calc(100% - 2px);\" data-instgrm-permalink=\"https:\/\/www.instagram.com\/reel\/C9MKAdpIcV6\/?utm_source=ig_embed&amp;utm_campaign=loading\" data-instgrm-version=\"14\">\n<div style=\"padding: 16px;\">\n<div style=\"display: flex; flex-direction: row; align-items: center;\">\n<div style=\"background-color: #f4f4f4; border-radius: 50%; flex-grow: 0; height: 40px; margin-right: 14px; width: 40px;\">\u00a0<\/div>\n<div style=\"display: flex; flex-direction: column; flex-grow: 1; justify-content: center;\">\n<div style=\"background-color: #f4f4f4; border-radius: 4px; flex-grow: 0; height: 14px; margin-bottom: 6px; width: 100px;\">\u00a0<\/div>\n<div style=\"background-color: #f4f4f4; border-radius: 4px; flex-grow: 0; height: 14px; width: 60px;\">\u00a0<\/div>\n<\/div>\n<\/div>\n<div style=\"padding: 19% 0;\">\u00a0<\/div>\n<div style=\"display: block; height: 50px; margin: 0 auto 12px; width: 50px;\">\u00a0<\/div>\n<div style=\"padding-top: 8px;\">\n<div style=\"color: #3897f0; font-family: Arial,sans-serif; font-size: 14px; font-style: normal; font-weight: 550; line-height: 18px;\">Wy\u015bwietl ten post na Instagramie<\/div>\n<\/div>\n<div style=\"padding: 12.5% 0;\">\u00a0<\/div>\n<div style=\"display: flex; flex-direction: row; margin-bottom: 14px; align-items: center;\">\n<div>\n<div style=\"background-color: #f4f4f4; border-radius: 50%; height: 12.5px; width: 12.5px; transform: translateX(0px) translateY(7px);\">\u00a0<\/div>\n<div style=\"background-color: #f4f4f4; height: 12.5px; transform: rotate(-45deg) translateX(3px) translateY(1px); width: 12.5px; flex-grow: 0; margin-right: 14px; margin-left: 2px;\">\u00a0<\/div>\n<div style=\"background-color: #f4f4f4; border-radius: 50%; height: 12.5px; width: 12.5px; transform: translateX(9px) translateY(-18px);\">\u00a0<\/div>\n<\/div>\n<div style=\"margin-left: 8px;\">\n<div style=\"background-color: #f4f4f4; border-radius: 50%; flex-grow: 0; height: 20px; width: 20px;\">\u00a0<\/div>\n<div style=\"width: 0; height: 0; border-top: 2px solid transparent; border-left: 6px solid #f4f4f4; border-bottom: 2px solid transparent; transform: translateX(16px) translateY(-4px) rotate(30deg);\">\u00a0<\/div>\n<\/div>\n<div style=\"margin-left: auto;\">\n<div style=\"width: 0px; border-top: 8px solid #F4F4F4; border-right: 8px solid transparent; transform: translateY(16px);\">\u00a0<\/div>\n<div style=\"background-color: #f4f4f4; flex-grow: 0; height: 12px; width: 16px; transform: translateY(-4px);\">\u00a0<\/div>\n<div style=\"width: 0; height: 0; border-top: 8px solid #F4F4F4; border-left: 8px solid transparent; transform: translateY(-4px) translateX(8px);\">\u00a0<\/div>\n<\/div>\n<\/div>\n<div style=\"display: flex; flex-direction: column; flex-grow: 1; justify-content: center; margin-bottom: 24px;\">\n<div style=\"background-color: #f4f4f4; border-radius: 4px; flex-grow: 0; height: 14px; margin-bottom: 6px; width: 224px;\">\u00a0<\/div>\n<div style=\"background-color: #f4f4f4; border-radius: 4px; flex-grow: 0; height: 14px; width: 144px;\">\u00a0<\/div>\n<\/div>\n<p style=\"color: #c9c8cd; font-family: Arial,sans-serif; font-size: 14px; line-height: 17px; margin-bottom: 0; margin-top: 8px; overflow: hidden; padding: 8px 0 7px; text-align: center; text-overflow: ellipsis; white-space: nowrap;\"><a style=\"color: #c9c8cd; font-family: Arial,sans-serif; font-size: 14px; font-style: normal; font-weight: normal; line-height: 17px; text-decoration: none;\" href=\"https:\/\/www.instagram.com\/reel\/C9MKAdpIcV6\/?utm_source=ig_embed&amp;utm_campaign=loading\" target=\"_blank\" rel=\"noopener\">Post udost\u0119pniony przez Pakuten.pl \u2022 Modna i tania odzie\u017c damska (@pakuten.official)<\/a><\/p>\n<\/div>\n<\/blockquote>\n<p><script async src=\"\/\/www.instagram.com\/embed.js\"><\/script><\/p>\n<h2 class=\"p1\"><span style=\"color: #ff9900;\">Komplety pr\u0105\u017ckowane &#8211; Modny hit lata<\/span><\/h2>\n<p class=\"p1\">Komplety pr\u0105\u017ckowane s\u0105 hitem tego lata. Wykonane z mi\u0119kkich, elastycznych materia\u0142\u00f3w, \u015bwietnie dopasowuj\u0105 si\u0119 do sylwetki, podkre\u015blaj\u0105c jej atuty. Komplety pr\u0105\u017ckowane, sk\u0142adaj\u0105ce si\u0119 z top\u00f3w i spodenek, s\u0105 idealne na letnie dni. Mo\u017cna je nosi\u0107 razem lub osobno, tworz\u0105c r\u00f3\u017cnorodne stylizacje. Pr\u0105\u017ckowany materia\u0142 dodaje tekstury i charakteru, nawet najbardziej prostym zestawom. Pr\u0105\u017ckowane sukienki s\u0105 niezwykle kobiece i stylowe. Wybieraj modele na rami\u0105czkach lub z kr\u00f3tkim r\u0119kawem, kt\u00f3re s\u0105 idealne na upalne dni.<\/p>\n<div class=\"product-box-container\">\r\n<div class=\"one_third \" style=\"\">\r\n<div class=\"product-box\">\r\n<a href=\"https:\/\/pakuten.pl\/39362-83946-bezowy-prazkowany-komplet-top-legginsy-typu-kolarki-elayne-bezowy.html\" target=\"_blank\">\r\n <img src=\"https:\/\/media.pakuten.pl\/230701-large_default\/bezowy-prazkowany-komplet-top-legginsy-typu-kolarki-elayne.jpg\" alt=\"Be\u017cowy pr\u0105\u017ckowany komplet top + legginsy typu kolarki Elayne\"\/>\r\n<\/a>\r\n<p>\r\n<a href=\"https:\/\/pakuten.pl\/39362-83946-bezowy-prazkowany-komplet-top-legginsy-typu-kolarki-elayne-bezowy.html\" target=\"_blank\">\r\nBe\u017cowy pr\u0105\u017ckowany komplet top + legginsy typu kolarki Elayne\r\n<\/a><\/p>\r\n  <p>Cena: 84,99\u00a0z\u0142<\/p>\r\n<a href=\"https:\/\/pakuten.pl\/39362-83946-bezowy-prazkowany-komplet-top-legginsy-typu-kolarki-elayne-bezowy.html\" target=\"_blank\" class=\"button\">\r\nZobacz w sklepie\r\n<\/a>\r\n<\/div>\r\n<\/div>\r\n<div class=\"one_third \" style=\"\">\r\n<div class=\"product-box\">\r\n<a href=\"https:\/\/pakuten.pl\/27073-65083-bezowy-prazkowany-komplet-topspodnica-z-rozcieciem-perlla-bezowy.html\" target=\"_blank\">\r\n  <img src=\"https:\/\/media.pakuten.pl\/170707-large_default\/bezowy-prazkowany-komplet-topspodnica-z-rozcieciem-perlla.jpg\" alt=\"Be\u017cowy pr\u0105\u017ckowany komplet top+sp\u00f3dnica z rozci\u0119ciem Perlla\"\/>\r\n<\/a>\r\n<p>\r\n<a href=\"https:\/\/pakuten.pl\/27073-65083-bezowy-prazkowany-komplet-topspodnica-z-rozcieciem-perlla-bezowy.html\" target=\"_blank\">\r\nBe\u017cowy pr\u0105\u017ckowany komplet top+sp\u00f3dnica z rozci\u0119ciem Perlla\r\n<\/a><\/p>\r\n  <p>Cena: 49,99\u00a0z\u0142<\/p>\r\n<a href=\"https:\/\/pakuten.pl\/27073-65083-bezowy-prazkowany-komplet-topspodnica-z-rozcieciem-perlla-bezowy.html\" target=\"_blank\" class=\"button\">\r\nZobacz w sklepie\r\n<\/a>\r\n<\/div>\r\n<\/div>\r\n<div class=\"one_third last \" style=\"\">\r\n<div class=\"product-box\">\r\n<a href=\"https:\/\/pakuten.pl\/38243-82286-bezowy-prazkowany-komplet-bluzka-i-szorty-stephaniee-bezowy.html\" target=\"_blank\">\r\n  <img src=\"https:\/\/media.pakuten.pl\/224741-large_default\/bezowy-prazkowany-komplet-bluzka-i-szorty-stephaniee.jpg\" alt=\"Be\u017cowy pr\u0105\u017ckowany komplet bluzka i szorty Stephaniee\"\/>\r\n<\/a>\r\n<p>\r\n<a href=\"https:\/\/pakuten.pl\/38243-82286-bezowy-prazkowany-komplet-bluzka-i-szorty-stephaniee-bezowy.html\" target=\"_blank\">\r\nBe\u017cowy pr\u0105\u017ckowany komplet bluzka i szorty Stephaniee\r\n<\/a><\/p>\r\n  <p>Cena: 29,99\u00a0z\u0142<\/p>\r\n<a href=\"https:\/\/pakuten.pl\/38243-82286-bezowy-prazkowany-komplet-bluzka-i-szorty-stephaniee-bezowy.html\" target=\"_blank\" class=\"button\">\r\nZobacz w sklepie\r\n<\/a>\r\n<\/div>\r\n<\/div><br class=\"clear\"\/>\r\n<\/div>\n<h2 class=\"p1\"><span style=\"color: #ff9900;\">Koszule &#8211; Elegancja na co dzie\u0144<\/span><\/h2>\n<p class=\"p2\">Koszule to kolejny niezb\u0119dny element letniej garderoby. Wybieraj modele z lekkich, przewiewnych materia\u0142\u00f3w, kt\u00f3re zapewni\u0105 komfort noszenia. Bia\u0142a koszula to klasyka, kt\u00f3ra pasuje do wszystkiego, mo\u017cna j\u0105 nosi\u0107 zar\u00f3wno do pracy, jak i na codzienne wyj\u015bcia. Koszule w krat\u0119 dodaj\u0105 casualowego charakteru ka\u017cdej stylizacji, mo\u017cna je nosi\u0107 rozpi\u0119te na T-shirt lub zawi\u0105zane w talii, tworz\u0105c lu\u017any, letni look.<\/p>\n<p><img loading=\"lazy\" class=\"aligncenter wp-image-8869 size-full\" src=\"https:\/\/pakuten.pl\/blog\/wp-content\/uploads\/2024\/07\/Karlidress-Long-Sleeve-White-Pockets-Shirts-P12640.jpeg\" alt=\"Basic na lato\" width=\"736\" height=\"1104\" \/><\/p>\n<h2 class=\"p1\"><span style=\"color: #ff9900;\">Spodnie &#8211; Komfort na co dzie\u0144<\/span><\/h2>\n<p class=\"p1\">W letniej kolekcji basic na lato nie mo\u017ce zabrakn\u0105\u0107 wygodnych spodni. Jeansy to klasyka, kt\u00f3ra sprawdza si\u0119 o ka\u017cdej porze roku. Latem wybieraj modele z lekkiego denimu, kt\u00f3re b\u0119d\u0105 przewiewne i wygodne. Lniane spodnie to doskona\u0142y wyb\u00f3r na upalne dni, poniewa\u017c s\u0105 lekkie, przewiewne i bardzo stylowe, a dodatkowo mo\u017cna je \u0142\u0105czy\u0107 z koszulami, T-shirtami i topami, tworz\u0105c eleganckie, letnie stylizacje.<\/p>\n<p><img loading=\"lazy\" class=\"aligncenter size-full wp-image-8870\" src=\"https:\/\/pakuten.pl\/blog\/wp-content\/uploads\/2024\/07\/\ud83e\udd0d.jpeg\" alt=\"lniane spodnie basic\" width=\"736\" height=\"1104\" \/><\/p>\n<p>\u00a0<\/p>\n<p>\u00a0<\/p>\n<p class=\"p1\">Kolekcja basic na lato to klucz do stylowych i komfortowych stylizacji. Dzi\u0119ki uniwersalnym elementom garderoby, takim jak komplety basic, sukienki, komplety pr\u0105\u017ckowane, bluzki na rami\u0105czkach, szorty, koszule, spodnie i odpowiednie obuwie, mo\u017cesz tworzy\u0107 niezliczone zestawy na ka\u017cd\u0105 okazj\u0119. Pami\u0119taj, aby wybiera\u0107 ubrania z wysokiej jako\u015bci materia\u0142\u00f3w, kt\u00f3re zapewni\u0105 komfort noszenia i przewiewno\u015b\u0107 w upalne dni. Kolekcja basic na lato to must-have w ka\u017cdej szafie, pozwoli Ci wygl\u0105da\u0107 modnie i czu\u0107 si\u0119 komfortowo w ka\u017cdej sytuacji.<\/p>\n\n\n<div class=\"kk-star-ratings kksr-auto kksr-align-right kksr-valign-bottom\"\n    data-payload='{&quot;align&quot;:&quot;right&quot;,&quot;id&quot;:&quot;8863&quot;,&quot;slug&quot;:&quot;default&quot;,&quot;valign&quot;:&quot;bottom&quot;,&quot;ignore&quot;:&quot;&quot;,&quot;reference&quot;:&quot;auto&quot;,&quot;class&quot;:&quot;&quot;,&quot;count&quot;:&quot;1&quot;,&quot;legendonly&quot;:&quot;&quot;,&quot;readonly&quot;:&quot;&quot;,&quot;score&quot;:&quot;1&quot;,&quot;starsonly&quot;:&quot;&quot;,&quot;best&quot;:&quot;5&quot;,&quot;gap&quot;:&quot;5&quot;,&quot;greet&quot;:&quot;Rate this post&quot;,&quot;legend&quot;:&quot;1\\\/5 - (1 vote)&quot;,&quot;size&quot;:&quot;24&quot;,&quot;width&quot;:&quot;26.5&quot;,&quot;_legend&quot;:&quot;{score}\\\/{best} - ({count} {votes})&quot;,&quot;font_factor&quot;:&quot;1.25&quot;}'>\n            \n<div class=\"kksr-stars\">\n    \n<div class=\"kksr-stars-inactive\">\n            <div class=\"kksr-star\" data-star=\"1\" style=\"padding-right: 5px\">\n            \n\n<div class=\"kksr-icon\" style=\"width: 24px; height: 24px;\"><\/div>\n        <\/div>\n            <div class=\"kksr-star\" data-star=\"2\" style=\"padding-right: 5px\">\n            \n\n<div class=\"kksr-icon\" style=\"width: 24px; height: 24px;\"><\/div>\n        <\/div>\n            <div class=\"kksr-star\" data-star=\"3\" style=\"padding-right: 5px\">\n            \n\n<div class=\"kksr-icon\" style=\"width: 24px; height: 24px;\"><\/div>\n        <\/div>\n            <div class=\"kksr-star\" data-star=\"4\" style=\"padding-right: 5px\">\n            \n\n<div class=\"kksr-icon\" style=\"width: 24px; height: 24px;\"><\/div>\n        <\/div>\n            <div class=\"kksr-star\" data-star=\"5\" style=\"padding-right: 5px\">\n            \n\n<div class=\"kksr-icon\" style=\"width: 24px; height: 24px;\"><\/div>\n        <\/div>\n    <\/div>\n    \n<div class=\"kksr-stars-active\" style=\"width: 26.5px;\">\n            <div class=\"kksr-star\" style=\"padding-right: 5px\">\n            \n\n<div class=\"kksr-icon\" style=\"width: 24px; height: 24px;\"><\/div>\n        <\/div>\n            <div class=\"kksr-star\" style=\"padding-right: 5px\">\n            \n\n<div class=\"kksr-icon\" style=\"width: 24px; height: 24px;\"><\/div>\n        <\/div>\n            <div class=\"kksr-star\" style=\"padding-right: 5px\">\n            \n\n<div class=\"kksr-icon\" style=\"width: 24px; height: 24px;\"><\/div>\n        <\/div>\n            <div class=\"kksr-star\" style=\"padding-right: 5px\">\n            \n\n<div class=\"kksr-icon\" style=\"width: 24px; height: 24px;\"><\/div>\n        <\/div>\n            <div class=\"kksr-star\" style=\"padding-right: 5px\">\n            \n\n<div class=\"kksr-icon\" style=\"width: 24px; height: 24px;\"><\/div>\n        <\/div>\n    <\/div>\n<\/div>\n                \n\n<div class=\"kksr-legend\" style=\"font-size: 19.2px;\">\n            1\/5 - (1 vote)    <\/div>\n    <\/div>\n","protected":false},"excerpt":{"rendered":"<p class=\"p1\" style=\"margin: 0px; font-variant-numeric: normal; font-variant-east-asian: normal; font-variant-alternates: normal; font-kerning: auto; font-optical-sizing: auto; font-feature-settings: normal; font-variation-settings: normal; font-variant-position: normal; font-stretch: normal; font-size: 12px; line-height: normal; font-family: 'Helvetica Neue'; color: #000000;\">Lato to czas, kiedy pragniemy czu\u0107 si\u0119 komfortowo i wygl\u0105da\u0107 stylowo. Kolekcja basic na lato mo\u017ce by\u0107 kluczem do sukcesu. Uniwersalne i ponadczasowe ubrania, kt\u00f3re \u0142atwo \u0142\u0105czy\u0107 w r\u00f3\u017cne stylizacje, to podstawa ka\u017cdej garderoby. Oto przegl\u0105d najwa\u017cniejszych element\u00f3w garderoby na lato, kt\u00f3re warto mie\u0107 w swojej szafie.<\/p>\n","protected":false},"author":3,"featured_media":8871,"comment_status":"open","ping_status":"open","sticky":false,"template":"","format":"standard","meta":[],"categories":[5],"tags":[],"yoast_head":"<!-- This site is optimized with the Yoast SEO plugin v18.4.1 - https:\/\/yoast.com\/wordpress\/plugins\/seo\/ -->\n<title>Kolekcja basic na lato: Przegl\u0105d najwa\u017cniejszych element\u00f3w garderoby na lato, kt\u00f3re warto mie\u0107! - Pakuten blog<\/title>\n<meta name=\"description\" content=\"Kolekcja basic na lato mo\u017ce by\u0107 kluczem do sukcesu. Oto przegl\u0105d najwa\u017cniejszych element\u00f3w garderoby na lato, kt\u00f3re warto mie\u0107 w swojej szafie.\" \/>\n<meta name=\"robots\" content=\"index, follow, max-snippet:-1, max-image-preview:large, max-video-preview:-1\" \/>\n<link rel=\"canonical\" href=\"https:\/\/pakuten.pl\/blog\/kolekcja-basic-na-lato-przeglad-najwazniejszych-elementow-garderoby-na-lato-ktore-warto-miec\/\" \/>\n<meta property=\"og:locale\" content=\"pl_PL\" \/>\n<meta property=\"og:type\" content=\"article\" \/>\n<meta property=\"og:title\" content=\"Kolekcja basic na lato: Przegl\u0105d najwa\u017cniejszych element\u00f3w garderoby na lato, kt\u00f3re warto mie\u0107! - Pakuten blog\" \/>\n<meta property=\"og:description\" content=\"Kolekcja basic na lato mo\u017ce by\u0107 kluczem do sukcesu. Oto przegl\u0105d najwa\u017cniejszych element\u00f3w garderoby na lato, kt\u00f3re warto mie\u0107 w swojej szafie.\" \/>\n<meta property=\"og:url\" content=\"https:\/\/pakuten.pl\/blog\/kolekcja-basic-na-lato-przeglad-najwazniejszych-elementow-garderoby-na-lato-ktore-warto-miec\/\" \/>\n<meta property=\"og:site_name\" content=\"Pakuten blog\" \/>\n<meta property=\"article:published_time\" content=\"2024-08-05T12:41:00+00:00\" \/>\n<meta property=\"article:modified_time\" content=\"2024-07-16T12:59:46+00:00\" \/>\n<meta property=\"og:image\" content=\"https:\/\/pakuten.pl\/blog\/wp-content\/uploads\/2024\/07\/basic.jpg\" \/>\n\t<meta property=\"og:image:width\" content=\"1280\" \/>\n\t<meta property=\"og:image:height\" content=\"853\" \/>\n\t<meta property=\"og:image:type\" content=\"image\/jpeg\" \/>\n<meta name=\"twitter:card\" content=\"summary_large_image\" \/>\n<meta name=\"twitter:label1\" content=\"Napisane przez\" \/>\n\t<meta name=\"twitter:data1\" content=\"Pakuten Girl\" \/>\n\t<meta name=\"twitter:label2\" content=\"Szacowany czas czytania\" \/>\n\t<meta name=\"twitter:data2\" content=\"4 minuty\" \/>\n<script type=\"application\/ld+json\" class=\"yoast-schema-graph\">{\"@context\":\"https:\/\/schema.org\",\"@graph\":[{\"@type\":\"Organization\",\"@id\":\"https:\/\/pakuten.pl\/blog\/#organization\",\"name\":\"Pakuten\",\"url\":\"https:\/\/pakuten.pl\/blog\/\",\"sameAs\":[],\"logo\":{\"@type\":\"ImageObject\",\"@id\":\"https:\/\/pakuten.pl\/blog\/#logo\",\"inLanguage\":\"pl-PL\",\"url\":\"http:\/\/pakuten.pl\/blog\/wp-content\/uploads\/2018\/01\/pakuten_logo.png\",\"contentUrl\":\"http:\/\/pakuten.pl\/blog\/wp-content\/uploads\/2018\/01\/pakuten_logo.png\",\"width\":300,\"height\":120,\"caption\":\"Pakuten\"},\"image\":{\"@id\":\"https:\/\/pakuten.pl\/blog\/#logo\"}},{\"@type\":\"WebSite\",\"@id\":\"https:\/\/pakuten.pl\/blog\/#website\",\"url\":\"https:\/\/pakuten.pl\/blog\/\",\"name\":\"Pakuten blog\",\"description\":\"Blog sklepu internetowego pakuten.pl\",\"publisher\":{\"@id\":\"https:\/\/pakuten.pl\/blog\/#organization\"},\"potentialAction\":[{\"@type\":\"SearchAction\",\"target\":{\"@type\":\"EntryPoint\",\"urlTemplate\":\"https:\/\/pakuten.pl\/blog\/?s={search_term_string}\"},\"query-input\":\"required name=search_term_string\"}],\"inLanguage\":\"pl-PL\"},{\"@type\":\"ImageObject\",\"@id\":\"https:\/\/pakuten.pl\/blog\/kolekcja-basic-na-lato-przeglad-najwazniejszych-elementow-garderoby-na-lato-ktore-warto-miec\/#primaryimage\",\"inLanguage\":\"pl-PL\",\"url\":\"https:\/\/pakuten.pl\/blog\/wp-content\/uploads\/2024\/07\/basic.jpg\",\"contentUrl\":\"https:\/\/pakuten.pl\/blog\/wp-content\/uploads\/2024\/07\/basic.jpg\",\"width\":1280,\"height\":853},{\"@type\":\"WebPage\",\"@id\":\"https:\/\/pakuten.pl\/blog\/kolekcja-basic-na-lato-przeglad-najwazniejszych-elementow-garderoby-na-lato-ktore-warto-miec\/#webpage\",\"url\":\"https:\/\/pakuten.pl\/blog\/kolekcja-basic-na-lato-przeglad-najwazniejszych-elementow-garderoby-na-lato-ktore-warto-miec\/\",\"name\":\"Kolekcja basic na lato: Przegl\u0105d najwa\u017cniejszych element\u00f3w garderoby na lato, kt\u00f3re warto mie\u0107! - Pakuten blog\",\"isPartOf\":{\"@id\":\"https:\/\/pakuten.pl\/blog\/#website\"},\"primaryImageOfPage\":{\"@id\":\"https:\/\/pakuten.pl\/blog\/kolekcja-basic-na-lato-przeglad-najwazniejszych-elementow-garderoby-na-lato-ktore-warto-miec\/#primaryimage\"},\"datePublished\":\"2024-08-05T12:41:00+00:00\",\"dateModified\":\"2024-07-16T12:59:46+00:00\",\"description\":\"Kolekcja basic na lato mo\u017ce by\u0107 kluczem do sukcesu. Oto przegl\u0105d najwa\u017cniejszych element\u00f3w garderoby na lato, kt\u00f3re warto mie\u0107 w swojej szafie.\",\"breadcrumb\":{\"@id\":\"https:\/\/pakuten.pl\/blog\/kolekcja-basic-na-lato-przeglad-najwazniejszych-elementow-garderoby-na-lato-ktore-warto-miec\/#breadcrumb\"},\"inLanguage\":\"pl-PL\",\"potentialAction\":[{\"@type\":\"ReadAction\",\"target\":[\"https:\/\/pakuten.pl\/blog\/kolekcja-basic-na-lato-przeglad-najwazniejszych-elementow-garderoby-na-lato-ktore-warto-miec\/\"]}]},{\"@type\":\"BreadcrumbList\",\"@id\":\"https:\/\/pakuten.pl\/blog\/kolekcja-basic-na-lato-przeglad-najwazniejszych-elementow-garderoby-na-lato-ktore-warto-miec\/#breadcrumb\",\"itemListElement\":[{\"@type\":\"ListItem\",\"position\":1,\"name\":\"Strona g\u0142\u00f3wna\",\"item\":\"https:\/\/pakuten.pl\/blog\/\"},{\"@type\":\"ListItem\",\"position\":2,\"name\":\"Kolekcja basic na lato: Przegl\u0105d najwa\u017cniejszych element\u00f3w garderoby na lato, kt\u00f3re warto mie\u0107!\"}]},{\"@type\":\"Article\",\"@id\":\"https:\/\/pakuten.pl\/blog\/kolekcja-basic-na-lato-przeglad-najwazniejszych-elementow-garderoby-na-lato-ktore-warto-miec\/#article\",\"isPartOf\":{\"@id\":\"https:\/\/pakuten.pl\/blog\/kolekcja-basic-na-lato-przeglad-najwazniejszych-elementow-garderoby-na-lato-ktore-warto-miec\/#webpage\"},\"author\":{\"@id\":\"https:\/\/pakuten.pl\/blog\/#\/schema\/person\/d7133af30211381a4e4536d088384556\"},\"headline\":\"Kolekcja basic na lato: Przegl\u0105d najwa\u017cniejszych element\u00f3w garderoby na lato, kt\u00f3re warto mie\u0107!\",\"datePublished\":\"2024-08-05T12:41:00+00:00\",\"dateModified\":\"2024-07-16T12:59:46+00:00\",\"mainEntityOfPage\":{\"@id\":\"https:\/\/pakuten.pl\/blog\/kolekcja-basic-na-lato-przeglad-najwazniejszych-elementow-garderoby-na-lato-ktore-warto-miec\/#webpage\"},\"wordCount\":646,\"commentCount\":0,\"publisher\":{\"@id\":\"https:\/\/pakuten.pl\/blog\/#organization\"},\"image\":{\"@id\":\"https:\/\/pakuten.pl\/blog\/kolekcja-basic-na-lato-przeglad-najwazniejszych-elementow-garderoby-na-lato-ktore-warto-miec\/#primaryimage\"},\"thumbnailUrl\":\"https:\/\/pakuten.pl\/blog\/wp-content\/uploads\/2024\/07\/basic.jpg\",\"articleSection\":[\"Inspirations\"],\"inLanguage\":\"pl-PL\",\"potentialAction\":[{\"@type\":\"CommentAction\",\"name\":\"Comment\",\"target\":[\"https:\/\/pakuten.pl\/blog\/kolekcja-basic-na-lato-przeglad-najwazniejszych-elementow-garderoby-na-lato-ktore-warto-miec\/#respond\"]}]},{\"@type\":\"Person\",\"@id\":\"https:\/\/pakuten.pl\/blog\/#\/schema\/person\/d7133af30211381a4e4536d088384556\",\"name\":\"Pakuten Girl\",\"image\":{\"@type\":\"ImageObject\",\"@id\":\"https:\/\/pakuten.pl\/blog\/#personlogo\",\"inLanguage\":\"pl-PL\",\"url\":\"https:\/\/secure.gravatar.com\/avatar\/d3df41de2caf92e6cfded9430c2ff352?s=96&d=mm&r=g\",\"contentUrl\":\"https:\/\/secure.gravatar.com\/avatar\/d3df41de2caf92e6cfded9430c2ff352?s=96&d=mm&r=g\",\"caption\":\"Pakuten Girl\"},\"description\":\"Cze\u015b\u0107, nazywam si\u0119 Ola. Kocham Netflixa, sals\u0119, nowo\u015bci kosmetyczne i najnowsze trendy w modzie.\",\"url\":\"https:\/\/pakuten.pl\/blog\/author\/pakuten-girl\/\"}]}<\/script>\n<!-- \/ Yoast SEO plugin. -->","yoast_head_json":{"title":"Kolekcja basic na lato: Przegl\u0105d najwa\u017cniejszych element\u00f3w garderoby na lato, kt\u00f3re warto mie\u0107! - Pakuten blog","description":"Kolekcja basic na lato mo\u017ce by\u0107 kluczem do sukcesu. Oto przegl\u0105d najwa\u017cniejszych element\u00f3w garderoby na lato, kt\u00f3re warto mie\u0107 w swojej szafie.","robots":{"index":"index","follow":"follow","max-snippet":"max-snippet:-1","max-image-preview":"max-image-preview:large","max-video-preview":"max-video-preview:-1"},"canonical":"https:\/\/pakuten.pl\/blog\/kolekcja-basic-na-lato-przeglad-najwazniejszych-elementow-garderoby-na-lato-ktore-warto-miec\/","og_locale":"pl_PL","og_type":"article","og_title":"Kolekcja basic na lato: Przegl\u0105d najwa\u017cniejszych element\u00f3w garderoby na lato, kt\u00f3re warto mie\u0107! - Pakuten blog","og_description":"Kolekcja basic na lato mo\u017ce by\u0107 kluczem do sukcesu. Oto przegl\u0105d najwa\u017cniejszych element\u00f3w garderoby na lato, kt\u00f3re warto mie\u0107 w swojej szafie.","og_url":"https:\/\/pakuten.pl\/blog\/kolekcja-basic-na-lato-przeglad-najwazniejszych-elementow-garderoby-na-lato-ktore-warto-miec\/","og_site_name":"Pakuten blog","article_published_time":"2024-08-05T12:41:00+00:00","article_modified_time":"2024-07-16T12:59:46+00:00","og_image":[{"width":1280,"height":853,"url":"https:\/\/pakuten.pl\/blog\/wp-content\/uploads\/2024\/07\/basic.jpg","type":"image\/jpeg"}],"twitter_card":"summary_large_image","twitter_misc":{"Napisane przez":"Pakuten Girl","Szacowany czas czytania":"4 minuty"},"schema":{"@context":"https:\/\/schema.org","@graph":[{"@type":"Organization","@id":"https:\/\/pakuten.pl\/blog\/#organization","name":"Pakuten","url":"https:\/\/pakuten.pl\/blog\/","sameAs":[],"logo":{"@type":"ImageObject","@id":"https:\/\/pakuten.pl\/blog\/#logo","inLanguage":"pl-PL","url":"http:\/\/pakuten.pl\/blog\/wp-content\/uploads\/2018\/01\/pakuten_logo.png","contentUrl":"http:\/\/pakuten.pl\/blog\/wp-content\/uploads\/2018\/01\/pakuten_logo.png","width":300,"height":120,"caption":"Pakuten"},"image":{"@id":"https:\/\/pakuten.pl\/blog\/#logo"}},{"@type":"WebSite","@id":"https:\/\/pakuten.pl\/blog\/#website","url":"https:\/\/pakuten.pl\/blog\/","name":"Pakuten blog","description":"Blog sklepu internetowego pakuten.pl","publisher":{"@id":"https:\/\/pakuten.pl\/blog\/#organization"},"potentialAction":[{"@type":"SearchAction","target":{"@type":"EntryPoint","urlTemplate":"https:\/\/pakuten.pl\/blog\/?s={search_term_string}"},"query-input":"required name=search_term_string"}],"inLanguage":"pl-PL"},{"@type":"ImageObject","@id":"https:\/\/pakuten.pl\/blog\/kolekcja-basic-na-lato-przeglad-najwazniejszych-elementow-garderoby-na-lato-ktore-warto-miec\/#primaryimage","inLanguage":"pl-PL","url":"https:\/\/pakuten.pl\/blog\/wp-content\/uploads\/2024\/07\/basic.jpg","contentUrl":"https:\/\/pakuten.pl\/blog\/wp-content\/uploads\/2024\/07\/basic.jpg","width":1280,"height":853},{"@type":"WebPage","@id":"https:\/\/pakuten.pl\/blog\/kolekcja-basic-na-lato-przeglad-najwazniejszych-elementow-garderoby-na-lato-ktore-warto-miec\/#webpage","url":"https:\/\/pakuten.pl\/blog\/kolekcja-basic-na-lato-przeglad-najwazniejszych-elementow-garderoby-na-lato-ktore-warto-miec\/","name":"Kolekcja basic na lato: Przegl\u0105d najwa\u017cniejszych element\u00f3w garderoby na lato, kt\u00f3re warto mie\u0107! - Pakuten blog","isPartOf":{"@id":"https:\/\/pakuten.pl\/blog\/#website"},"primaryImageOfPage":{"@id":"https:\/\/pakuten.pl\/blog\/kolekcja-basic-na-lato-przeglad-najwazniejszych-elementow-garderoby-na-lato-ktore-warto-miec\/#primaryimage"},"datePublished":"2024-08-05T12:41:00+00:00","dateModified":"2024-07-16T12:59:46+00:00","description":"Kolekcja basic na lato mo\u017ce by\u0107 kluczem do sukcesu. Oto przegl\u0105d najwa\u017cniejszych element\u00f3w garderoby na lato, kt\u00f3re warto mie\u0107 w swojej szafie.","breadcrumb":{"@id":"https:\/\/pakuten.pl\/blog\/kolekcja-basic-na-lato-przeglad-najwazniejszych-elementow-garderoby-na-lato-ktore-warto-miec\/#breadcrumb"},"inLanguage":"pl-PL","potentialAction":[{"@type":"ReadAction","target":["https:\/\/pakuten.pl\/blog\/kolekcja-basic-na-lato-przeglad-najwazniejszych-elementow-garderoby-na-lato-ktore-warto-miec\/"]}]},{"@type":"BreadcrumbList","@id":"https:\/\/pakuten.pl\/blog\/kolekcja-basic-na-lato-przeglad-najwazniejszych-elementow-garderoby-na-lato-ktore-warto-miec\/#breadcrumb","itemListElement":[{"@type":"ListItem","position":1,"name":"Strona g\u0142\u00f3wna","item":"https:\/\/pakuten.pl\/blog\/"},{"@type":"ListItem","position":2,"name":"Kolekcja basic na lato: Przegl\u0105d najwa\u017cniejszych element\u00f3w garderoby na lato, kt\u00f3re warto mie\u0107!"}]},{"@type":"Article","@id":"https:\/\/pakuten.pl\/blog\/kolekcja-basic-na-lato-przeglad-najwazniejszych-elementow-garderoby-na-lato-ktore-warto-miec\/#article","isPartOf":{"@id":"https:\/\/pakuten.pl\/blog\/kolekcja-basic-na-lato-przeglad-najwazniejszych-elementow-garderoby-na-lato-ktore-warto-miec\/#webpage"},"author":{"@id":"https:\/\/pakuten.pl\/blog\/#\/schema\/person\/d7133af30211381a4e4536d088384556"},"headline":"Kolekcja basic na lato: Przegl\u0105d najwa\u017cniejszych element\u00f3w garderoby na lato, kt\u00f3re warto mie\u0107!","datePublished":"2024-08-05T12:41:00+00:00","dateModified":"2024-07-16T12:59:46+00:00","mainEntityOfPage":{"@id":"https:\/\/pakuten.pl\/blog\/kolekcja-basic-na-lato-przeglad-najwazniejszych-elementow-garderoby-na-lato-ktore-warto-miec\/#webpage"},"wordCount":646,"commentCount":0,"publisher":{"@id":"https:\/\/pakuten.pl\/blog\/#organization"},"image":{"@id":"https:\/\/pakuten.pl\/blog\/kolekcja-basic-na-lato-przeglad-najwazniejszych-elementow-garderoby-na-lato-ktore-warto-miec\/#primaryimage"},"thumbnailUrl":"https:\/\/pakuten.pl\/blog\/wp-content\/uploads\/2024\/07\/basic.jpg","articleSection":["Inspirations"],"inLanguage":"pl-PL","potentialAction":[{"@type":"CommentAction","name":"Comment","target":["https:\/\/pakuten.pl\/blog\/kolekcja-basic-na-lato-przeglad-najwazniejszych-elementow-garderoby-na-lato-ktore-warto-miec\/#respond"]}]},{"@type":"Person","@id":"https:\/\/pakuten.pl\/blog\/#\/schema\/person\/d7133af30211381a4e4536d088384556","name":"Pakuten Girl","image":{"@type":"ImageObject","@id":"https:\/\/pakuten.pl\/blog\/#personlogo","inLanguage":"pl-PL","url":"https:\/\/secure.gravatar.com\/avatar\/d3df41de2caf92e6cfded9430c2ff352?s=96&d=mm&r=g","contentUrl":"https:\/\/secure.gravatar.com\/avatar\/d3df41de2caf92e6cfded9430c2ff352?s=96&d=mm&r=g","caption":"Pakuten Girl"},"description":"Cze\u015b\u0107, nazywam si\u0119 Ola. Kocham Netflixa, sals\u0119, nowo\u015bci kosmetyczne i najnowsze trendy w modzie.","url":"https:\/\/pakuten.pl\/blog\/author\/pakuten-girl\/"}]}},"_links":{"self":[{"href":"https:\/\/pakuten.pl\/blog\/wp-json\/wp\/v2\/posts\/8863"}],"collection":[{"href":"https:\/\/pakuten.pl\/blog\/wp-json\/wp\/v2\/posts"}],"about":[{"href":"https:\/\/pakuten.pl\/blog\/wp-json\/wp\/v2\/types\/post"}],"author":[{"embeddable":true,"href":"https:\/\/pakuten.pl\/blog\/wp-json\/wp\/v2\/users\/3"}],"replies":[{"embeddable":true,"href":"https:\/\/pakuten.pl\/blog\/wp-json\/wp\/v2\/comments?post=8863"}],"version-history":[{"count":8,"href":"https:\/\/pakuten.pl\/blog\/wp-json\/wp\/v2\/posts\/8863\/revisions"}],"predecessor-version":[{"id":8875,"href":"https:\/\/pakuten.pl\/blog\/wp-json\/wp\/v2\/posts\/8863\/revisions\/8875"}],"wp:featuredmedia":[{"embeddable":true,"href":"https:\/\/pakuten.pl\/blog\/wp-json\/wp\/v2\/media\/8871"}],"wp:attachment":[{"href":"https:\/\/pakuten.pl\/blog\/wp-json\/wp\/v2\/media?parent=8863"}],"wp:term":[{"taxonomy":"category","embeddable":true,"href":"https:\/\/pakuten.pl\/blog\/wp-json\/wp\/v2\/categories?post=8863"},{"taxonomy":"post_tag","embeddable":true,"href":"https:\/\/pakuten.pl\/blog\/wp-json\/wp\/v2\/tags?post=8863"}],"curies":[{"name":"wp","href":"https:\/\/api.w.org\/{rel}","templated":true}]}}