{"id":8876,"date":"2024-08-09T11:43:00","date_gmt":"2024-08-09T09:43:00","guid":{"rendered":"https:\/\/pakuten.pl\/blog\/?p=8876"},"modified":"2024-07-18T12:05:00","modified_gmt":"2024-07-18T10:05:00","slug":"pielegnacja-na-koniec-lata-przygotuj-skore-i-wlosy-na-jesien","status":"publish","type":"post","link":"https:\/\/pakuten.pl\/blog\/pielegnacja-na-koniec-lata-przygotuj-skore-i-wlosy-na-jesien\/","title":{"rendered":"Piel\u0119gnacja na koniec lata: Przygotuj Sk\u00f3r\u0119 i W\u0142osy na Jesie\u0144"},"content":{"rendered":"\n<p class=\"p1\"><strong>Lato powoli zbli\u017ca si\u0119 ku ko\u0144cowi, a wraz z nim zmieniaj\u0105 si\u0119 potrzeby naszej sk\u00f3ry i w\u0142os\u00f3w. Piel\u0119gnacja na koniec lata jest kluczowa, aby zadba\u0107 o zdrowie i wygl\u0105d naszej cery oraz w\u0142os\u00f3w, przygotowuj\u0105c je na nadchodz\u0105ce ch\u0142odniejsze miesi\u0105ce. W tym wpisie podzielimy si\u0119 najlepszymi praktykami i produktami, kt\u00f3re pomog\u0105 Ci zachowa\u0107 \u015bwie\u017co\u015b\u0107 i pi\u0119kno podczas przej\u015bcia z lata do jesieni.<\/strong><\/p>\n<h2 class=\"p1\"><span style=\"color: #ff9900;\">Piel\u0119gnacja sk\u00f3ry po intensywnym letnim s\u0142o\u0144cu<\/span><\/h2>\n<p class=\"p1\">Lato cz\u0119sto oznacza wi\u0119cej czasu sp\u0119dzanego na \u015bwie\u017cym powietrzu, co nara\u017ca sk\u00f3r\u0119 na dzia\u0142anie promieni UV, wiatru i soli morskiej. Dlatego piel\u0119gnacja na koniec lata powinna koncentrowa\u0107 si\u0119 na regeneracji i ochronie.<\/p>\n<div class=\"product-box-container\">\r\n<div class=\"one_third \" style=\"\">\r\n<div class=\"product-box\">\r\n<a href=\"https:\/\/pakuten.pl\/39323-83868-czarny-prazkowany-komplet-topspodnica-z-rozcieciem-jinny-czarny.html\" target=\"_blank\">\r\n <img src=\"https:\/\/media.pakuten.pl\/230437-large_default\/czarny-prazkowany-komplet-topspodnica-z-rozcieciem-jinny.jpg\" alt=\"Czarny pr\u0105\u017ckowany komplet top+sp\u00f3dnica z rozci\u0119ciem Jinny\"\/>\r\n<\/a>\r\n<p>\r\n<a href=\"https:\/\/pakuten.pl\/39323-83868-czarny-prazkowany-komplet-topspodnica-z-rozcieciem-jinny-czarny.html\" target=\"_blank\">\r\nCzarny pr\u0105\u017ckowany komplet top+sp\u00f3dnica z rozci\u0119ciem Jinny\r\n<\/a><\/p>\r\n  <p>Cena: 49,99\u00a0z\u0142<\/p>\r\n<a href=\"https:\/\/pakuten.pl\/39323-83868-czarny-prazkowany-komplet-topspodnica-z-rozcieciem-jinny-czarny.html\" target=\"_blank\" class=\"button\">\r\nZobacz w sklepie\r\n<\/a>\r\n<\/div>\r\n<\/div>\r\n<div class=\"one_third \" style=\"\">\r\n<div class=\"product-box\">\r\n<a href=\"https:\/\/pakuten.pl\/39476-84152-koszulka-na-ramiaczkach-laneta-c1-blekit-c1-blekit.html\" target=\"_blank\">\r\n  <img src=\"https:\/\/media.pakuten.pl\/231312-large_default\/koszulka-na-ramiaczkach-laneta-c1-blekit.jpg\" alt=\"Koszulka na rami\u0105czkach Laneta - C1 - B\u0141\u0118KIT\"\/>\r\n<\/a>\r\n<p>\r\n<a href=\"https:\/\/pakuten.pl\/39476-84152-koszulka-na-ramiaczkach-laneta-c1-blekit-c1-blekit.html\" target=\"_blank\">\r\nKoszulka na rami\u0105czkach Laneta - C1 - B\u0141\u0118KIT\r\n<\/a><\/p>\r\n  <p>Cena: 19,99\u00a0z\u0142<\/p>\r\n<a href=\"https:\/\/pakuten.pl\/39476-84152-koszulka-na-ramiaczkach-laneta-c1-blekit-c1-blekit.html\" target=\"_blank\" class=\"button\">\r\nZobacz w sklepie\r\n<\/a>\r\n<\/div>\r\n<\/div>\r\n<div class=\"one_third last \" style=\"\">\r\n<div class=\"product-box\">\r\n<a href=\"https:\/\/pakuten.pl\/39533-84236-czarna-prazkowana-bluzka-na-krotki-rekaw-z-wiazaniem-anaysha-czarny.html\" target=\"_blank\">\r\n  <img src=\"https:\/\/media.pakuten.pl\/231607-large_default\/czarna-prazkowana-bluzka-na-krotki-rekaw-z-wiazaniem-anaysha.jpg\" alt=\"Czarna pr\u0105\u017ckowana bluzka na kr\u00f3tki r\u0119kaw z wi\u0105zaniem Anaysha\"\/>\r\n<\/a>\r\n<p>\r\n<a href=\"https:\/\/pakuten.pl\/39533-84236-czarna-prazkowana-bluzka-na-krotki-rekaw-z-wiazaniem-anaysha-czarny.html\" target=\"_blank\">\r\nCzarna pr\u0105\u017ckowana bluzka na kr\u00f3tki r\u0119kaw z wi\u0105zaniem Anaysha\r\n<\/a><\/p>\r\n  <p>Cena: 54,99\u00a0z\u0142<\/p>\r\n<a href=\"https:\/\/pakuten.pl\/39533-84236-czarna-prazkowana-bluzka-na-krotki-rekaw-z-wiazaniem-anaysha-czarny.html\" target=\"_blank\" class=\"button\">\r\nZobacz w sklepie\r\n<\/a>\r\n<\/div>\r\n<\/div><br class=\"clear\"\/>\r\n<\/div>\n<h4 class=\"p1\"><span style=\"color: #ff9900;\">Nawil\u017cenie i regeneracja<\/span><\/h4>\n<p class=\"p1\">Pierwszym krokiem w piel\u0119gnacji sk\u00f3ry po lecie jest nawil\u017cenie. Po d\u0142ugotrwa\u0142ym nara\u017ceniu na s\u0142o\u0144ce sk\u00f3ra mo\u017ce by\u0107 przesuszona i odwodniona. Warto si\u0119gn\u0105\u0107 po intensywnie nawil\u017caj\u0105ce kremy i serum, kt\u00f3re pomog\u0105 przywr\u00f3ci\u0107 jej elastyczno\u015b\u0107 i zdrowy wygl\u0105d.<\/p>\n<p class=\"p1\">Produkty zawieraj\u0105ce kwas hialuronowy, gliceryn\u0119 i ceramidy b\u0119d\u0105 doskona\u0142ym wyborem. Te sk\u0142adniki pomagaj\u0105 zatrzyma\u0107 wilgo\u0107 w sk\u00f3rze, co jest kluczowe dla jej regeneracji. Regularne stosowanie masek nawil\u017caj\u0105cych, zw\u0142aszcza tych w p\u0142achcie, mo\u017ce przynie\u015b\u0107 szybkie i widoczne rezultaty.<\/p>\n<p><img loading=\"lazy\" class=\"aligncenter wp-image-8878 size-full\" src=\"https:\/\/pakuten.pl\/blog\/wp-content\/uploads\/2024\/07\/Mascaras-caseiras-para-pele.jpeg\" alt=\"piel\u0119gnacja twarzy\" width=\"564\" height=\"752\" \/><\/p>\n<h4 class=\"p1\"><span style=\"color: #ff9900;\">Ochrona przed przebarwieniami<\/span><\/h4>\n<p class=\"p1\">Przebarwienia s\u0142oneczne to kolejny problem, z kt\u00f3rym mo\u017cemy si\u0119 spotka\u0107 po lecie. Aby wyr\u00f3wna\u0107 koloryt sk\u00f3ry, warto w\u0142\u0105czy\u0107 do piel\u0119gnacji produkty zawieraj\u0105ce witamin\u0119 C, niacynamid lub kwas kojowy. Te sk\u0142adniki rozja\u015bniaj\u0105 sk\u00f3r\u0119 i redukuj\u0105 widoczno\u015b\u0107 przebarwie\u0144.<\/p>\n<h4 class=\"p1\"><span style=\"color: #ff9900;\">Eksfoliacja<\/span><\/h4>\n<p class=\"p1\">Regularne z\u0142uszczanie nask\u00f3rka jest niezb\u0119dne w piel\u0119gnacji na koniec lata. Pomaga to usun\u0105\u0107 martwe kom\u00f3rki sk\u00f3ry i stymuluje odnow\u0119 kom\u00f3rkow\u0105. Enzymatyczne peelingi oraz produkty z kwasami AHA i BHA s\u0105 \u0142agodne, ale skuteczne w usuwaniu martwego nask\u00f3rka.<\/p>\n<h2><span style=\"color: #ff9900;\">Piel\u0119gnacja w\u0142os\u00f3w po letnich s\u0142onecznych dniach<\/span><\/h2>\n<p class=\"p1\">Nie tylko sk\u00f3ra, ale i w\u0142osy wymagaj\u0105 szczeg\u00f3lnej troski po lecie. S\u0142o\u0144ce, chlor i s\u0142ona woda mog\u0105 os\u0142abia\u0107 w\u0142osy, powoduj\u0105c ich przesuszenie i \u0142amliwo\u015b\u0107. Piel\u0119gnacja w\u0142os\u00f3w na koniec lata powinna skupi\u0107 si\u0119 na ich odbudowie i nawil\u017ceniu.<\/p>\n<p>\u00a0<\/p>\n<blockquote class=\"instagram-media\" style=\"background: #FFF; border: 0; border-radius: 3px; box-shadow: 0 0 1px 0 rgba(0,0,0,0.5),0 1px 10px 0 rgba(0,0,0,0.15); margin: 1px; max-width: 540px; min-width: 326px; padding: 0; width: calc(100% - 2px);\" data-instgrm-permalink=\"https:\/\/www.instagram.com\/reel\/C9hORPco67D\/?utm_source=ig_embed&amp;utm_campaign=loading\" data-instgrm-version=\"14\">\n<div style=\"padding: 16px;\">\n<div style=\"display: flex; flex-direction: row; align-items: center;\">\n<div style=\"background-color: #f4f4f4; border-radius: 50%; flex-grow: 0; height: 40px; margin-right: 14px; width: 40px;\">\u00a0<\/div>\n<div style=\"display: flex; flex-direction: column; flex-grow: 1; justify-content: center;\">\n<div style=\"background-color: #f4f4f4; border-radius: 4px; flex-grow: 0; height: 14px; margin-bottom: 6px; width: 100px;\">\u00a0<\/div>\n<div style=\"background-color: #f4f4f4; border-radius: 4px; flex-grow: 0; height: 14px; width: 60px;\">\u00a0<\/div>\n<\/div>\n<\/div>\n<div style=\"padding: 19% 0;\">\u00a0<\/div>\n<div style=\"display: block; height: 50px; margin: 0 auto 12px; width: 50px;\">\u00a0<\/div>\n<div style=\"padding-top: 8px;\">\n<div style=\"color: #3897f0; font-family: Arial,sans-serif; font-size: 14px; font-style: normal; font-weight: 550; line-height: 18px;\">Wy\u015bwietl ten post na Instagramie<\/div>\n<\/div>\n<div style=\"padding: 12.5% 0;\">\u00a0<\/div>\n<div style=\"display: flex; flex-direction: row; margin-bottom: 14px; align-items: center;\">\n<div>\n<div style=\"background-color: #f4f4f4; border-radius: 50%; height: 12.5px; width: 12.5px; transform: translateX(0px) translateY(7px);\">\u00a0<\/div>\n<div style=\"background-color: #f4f4f4; height: 12.5px; transform: rotate(-45deg) translateX(3px) translateY(1px); width: 12.5px; flex-grow: 0; margin-right: 14px; margin-left: 2px;\">\u00a0<\/div>\n<div style=\"background-color: #f4f4f4; border-radius: 50%; height: 12.5px; width: 12.5px; transform: translateX(9px) translateY(-18px);\">\u00a0<\/div>\n<\/div>\n<div style=\"margin-left: 8px;\">\n<div style=\"background-color: #f4f4f4; border-radius: 50%; flex-grow: 0; height: 20px; width: 20px;\">\u00a0<\/div>\n<div style=\"width: 0; height: 0; border-top: 2px solid transparent; border-left: 6px solid #f4f4f4; border-bottom: 2px solid transparent; transform: translateX(16px) translateY(-4px) rotate(30deg);\">\u00a0<\/div>\n<\/div>\n<div style=\"margin-left: auto;\">\n<div style=\"width: 0px; border-top: 8px solid #F4F4F4; border-right: 8px solid transparent; transform: translateY(16px);\">\u00a0<\/div>\n<div style=\"background-color: #f4f4f4; flex-grow: 0; height: 12px; width: 16px; transform: translateY(-4px);\">\u00a0<\/div>\n<div style=\"width: 0; height: 0; border-top: 8px solid #F4F4F4; border-left: 8px solid transparent; transform: translateY(-4px) translateX(8px);\">\u00a0<\/div>\n<\/div>\n<\/div>\n<div style=\"display: flex; flex-direction: column; flex-grow: 1; justify-content: center; margin-bottom: 24px;\">\n<div style=\"background-color: #f4f4f4; border-radius: 4px; flex-grow: 0; height: 14px; margin-bottom: 6px; width: 224px;\">\u00a0<\/div>\n<div style=\"background-color: #f4f4f4; border-radius: 4px; flex-grow: 0; height: 14px; width: 144px;\">\u00a0<\/div>\n<\/div>\n<p style=\"color: #c9c8cd; font-family: Arial,sans-serif; font-size: 14px; line-height: 17px; margin-bottom: 0; margin-top: 8px; overflow: hidden; padding: 8px 0 7px; text-align: center; text-overflow: ellipsis; white-space: nowrap;\"><a style=\"color: #c9c8cd; font-family: Arial,sans-serif; font-size: 14px; font-style: normal; font-weight: normal; line-height: 17px; text-decoration: none;\" href=\"https:\/\/www.instagram.com\/reel\/C9hORPco67D\/?utm_source=ig_embed&amp;utm_campaign=loading\" target=\"_blank\" rel=\"noopener\">Post udost\u0119pniony przez Pakuten.pl \u2022 Modna i tania odzie\u017c damska (@pakuten.official)<\/a><\/p>\n<\/div>\n<\/blockquote>\n<p><script async=\"\" src=\"\/\/www.instagram.com\/embed.js\"><\/script><\/p>\n<h4 class=\"p1\"><span style=\"color: #ff9900;\">Nawil\u017caj\u0105ce maski i od\u017cywki<\/span><\/h4>\n<p class=\"p1\">Podobnie jak sk\u00f3ra, w\u0142osy potrzebuj\u0105 nawil\u017cenia. Maski i od\u017cywki nawil\u017caj\u0105ce, kt\u00f3re zawieraj\u0105 oleje (np. arganowy, kokosowy) oraz proteiny (np. keratyna), pomog\u0105 wzmocni\u0107 i zregenerowa\u0107 zniszczone pasma. Regularne stosowanie takich produkt\u00f3w przywr\u00f3ci w\u0142osom blask i elastyczno\u015b\u0107.<\/p>\n<h4 class=\"p1\"><span style=\"color: #ff9900;\">Ochrona ko\u0144c\u00f3wek<\/span><\/h4>\n<p class=\"p1\">Ko\u0144c\u00f3wki w\u0142os\u00f3w s\u0105 najbardziej nara\u017cone na uszkodzenia. Stosowanie serum zabezpieczaj\u0105cego ko\u0144c\u00f3wki pomo\u017ce zapobiec ich rozdwajaniu i \u0142amliwo\u015bci. Dobrze jest tak\u017ce co kilka tygodni podcina\u0107 ko\u0144c\u00f3wki, aby utrzyma\u0107 w\u0142osy w dobrej kondycji.<\/p>\n<h2 class=\"p1\"><span style=\"color: #ff9900;\">Przygotowanie na jesie\u0144<\/span><\/h2>\n<p class=\"p1\">Zmiana sezon\u00f3w to doskona\u0142a okazja, aby dostosowa\u0107 rutyn\u0119 piel\u0119gnacyjn\u0105 do nowych warunk\u00f3w. Jesieni\u0105 sk\u00f3ra i w\u0142osy b\u0119d\u0105 potrzebowa\u0107 jeszcze wi\u0119cej nawil\u017cenia i ochrony przed ch\u0142odem.<\/p>\n<p><img loading=\"lazy\" class=\"aligncenter size-full wp-image-8885\" src=\"https:\/\/pakuten.pl\/blog\/wp-content\/uploads\/2024\/07\/pielegnacja.jpeg\" alt=\"\" width=\"675\" height=\"1200\" \/><\/p>\n<h4 class=\"p1\"><span style=\"color: #ff9900;\">Kremy i serum na ch\u0142odniejsze dni<\/span><\/h4>\n<p class=\"p1\">Jesieni\u0105 warto si\u0119gn\u0105\u0107 po bardziej tre\u015bciwe kremy, kt\u00f3re lepiej zabezpiecz\u0105 sk\u00f3r\u0119 przed utrat\u0105 wilgoci. Kremy z dodatkiem olej\u00f3w, mas\u0142a shea i kwas\u00f3w t\u0142uszczowych b\u0119d\u0105 idealnym wyborem.<\/p>\n<p class=\"p1\">Serum z retinolem mo\u017ce by\u0107 wprowadzone do nocnej piel\u0119gnacji. Retinol pomaga w regeneracji sk\u00f3ry, zmniejsza widoczno\u015b\u0107 zmarszczek i przebarwie\u0144. Pami\u0119taj jednak, aby stosowa\u0107 go z umiarem i zawsze u\u017cywa\u0107 kremu z filtrem UV w ci\u0105gu dnia, poniewa\u017c retinol zwi\u0119ksza wra\u017cliwo\u015b\u0107 sk\u00f3ry na s\u0142o\u0144ce.<\/p>\n<h4 class=\"p1\"><span style=\"color: #ff9900;\">Produkty ochronne do w\u0142os\u00f3w<\/span><\/h4>\n<p class=\"p1\">Na jesie\u0144 warto wybra\u0107 produkty, kt\u00f3re nie tylko nawil\u017caj\u0105, ale i chroni\u0105 w\u0142osy przed czynnikami zewn\u0119trznymi. Od\u017cywki bez sp\u0142ukiwania, olejki oraz mgie\u0142ki ochronne b\u0119d\u0105 doskona\u0142ym uzupe\u0142nieniem codziennej piel\u0119gnacji w\u0142os\u00f3w.<\/p>\n<p>\u00a0<\/p>\n<p class=\"p1\">Piel\u0119gnacja na koniec lata to klucz do utrzymania zdrowej i pi\u0119knej sk\u00f3ry oraz w\u0142os\u00f3w. Nawil\u017cenie, regeneracja, ochrona przed przebarwieniami i regularna eksfoliacja s\u0105 niezb\u0119dne, aby przygotowa\u0107 si\u0119 na ch\u0142odniejsze miesi\u0105ce. Dostosowanie rutyny piel\u0119gnacyjnej do zmieniaj\u0105cych si\u0119 warunk\u00f3w pogodowych pomo\u017ce zachowa\u0107 \u015bwie\u017co\u015b\u0107 i zdrowie zar\u00f3wno sk\u00f3ry, jak i w\u0142os\u00f3w. Pami\u0119taj o regularnym stosowaniu nawil\u017caj\u0105cych masek, tre\u015bciwych krem\u00f3w i ochronnych produkt\u00f3w do w\u0142os\u00f3w, aby cieszy\u0107 si\u0119 pi\u0119knem przez ca\u0142y rok.<\/p>\n<p class=\"p1\">Piel\u0119gnacja na koniec lata to czas, aby zadba\u0107 o siebie i przygotowa\u0107 si\u0119 na jesie\u0144 w pe\u0142nej krasie!<\/p>\n\n\n<div class=\"kk-star-ratings kksr-auto kksr-align-right kksr-valign-bottom\"\n    data-payload='{&quot;align&quot;:&quot;right&quot;,&quot;id&quot;:&quot;8876&quot;,&quot;slug&quot;:&quot;default&quot;,&quot;valign&quot;:&quot;bottom&quot;,&quot;ignore&quot;:&quot;&quot;,&quot;reference&quot;:&quot;auto&quot;,&quot;class&quot;:&quot;&quot;,&quot;count&quot;:&quot;1&quot;,&quot;legendonly&quot;:&quot;&quot;,&quot;readonly&quot;:&quot;&quot;,&quot;score&quot;:&quot;1&quot;,&quot;starsonly&quot;:&quot;&quot;,&quot;best&quot;:&quot;5&quot;,&quot;gap&quot;:&quot;5&quot;,&quot;greet&quot;:&quot;Rate this post&quot;,&quot;legend&quot;:&quot;1\\\/5 - (1 vote)&quot;,&quot;size&quot;:&quot;24&quot;,&quot;width&quot;:&quot;26.5&quot;,&quot;_legend&quot;:&quot;{score}\\\/{best} - ({count} {votes})&quot;,&quot;font_factor&quot;:&quot;1.25&quot;}'>\n            \n<div class=\"kksr-stars\">\n    \n<div class=\"kksr-stars-inactive\">\n            <div class=\"kksr-star\" data-star=\"1\" style=\"padding-right: 5px\">\n            \n\n<div class=\"kksr-icon\" style=\"width: 24px; height: 24px;\"><\/div>\n        <\/div>\n            <div class=\"kksr-star\" data-star=\"2\" style=\"padding-right: 5px\">\n            \n\n<div class=\"kksr-icon\" style=\"width: 24px; height: 24px;\"><\/div>\n        <\/div>\n            <div class=\"kksr-star\" data-star=\"3\" style=\"padding-right: 5px\">\n            \n\n<div class=\"kksr-icon\" style=\"width: 24px; height: 24px;\"><\/div>\n        <\/div>\n            <div class=\"kksr-star\" data-star=\"4\" style=\"padding-right: 5px\">\n            \n\n<div class=\"kksr-icon\" style=\"width: 24px; height: 24px;\"><\/div>\n        <\/div>\n            <div class=\"kksr-star\" data-star=\"5\" style=\"padding-right: 5px\">\n            \n\n<div class=\"kksr-icon\" style=\"width: 24px; height: 24px;\"><\/div>\n        <\/div>\n    <\/div>\n    \n<div class=\"kksr-stars-active\" style=\"width: 26.5px;\">\n            <div class=\"kksr-star\" style=\"padding-right: 5px\">\n            \n\n<div class=\"kksr-icon\" style=\"width: 24px; height: 24px;\"><\/div>\n        <\/div>\n            <div class=\"kksr-star\" style=\"padding-right: 5px\">\n            \n\n<div class=\"kksr-icon\" style=\"width: 24px; height: 24px;\"><\/div>\n        <\/div>\n            <div class=\"kksr-star\" style=\"padding-right: 5px\">\n            \n\n<div class=\"kksr-icon\" style=\"width: 24px; height: 24px;\"><\/div>\n        <\/div>\n            <div class=\"kksr-star\" style=\"padding-right: 5px\">\n            \n\n<div class=\"kksr-icon\" style=\"width: 24px; height: 24px;\"><\/div>\n        <\/div>\n            <div class=\"kksr-star\" style=\"padding-right: 5px\">\n            \n\n<div class=\"kksr-icon\" style=\"width: 24px; height: 24px;\"><\/div>\n        <\/div>\n    <\/div>\n<\/div>\n                \n\n<div class=\"kksr-legend\" style=\"font-size: 19.2px;\">\n            1\/5 - (1 vote)    <\/div>\n    <\/div>\n","protected":false},"excerpt":{"rendered":"<p class=\"p1\" style=\"margin: 0px; font-variant-numeric: normal; font-variant-east-asian: normal; font-variant-alternates: normal; font-kerning: auto; font-optical-sizing: auto; font-feature-settings: normal; font-variation-settings: normal; font-variant-position: normal; font-stretch: normal; font-size: 12px; line-height: normal; font-family: 'Helvetica Neue'; color: #000000;\">Lato powoli zbli\u017ca si\u0119 ku ko\u0144cowi, a wraz z nim zmieniaj\u0105 si\u0119 potrzeby naszej sk\u00f3ry i w\u0142os\u00f3w. Piel\u0119gnacja na koniec lata jest kluczowa, aby zadba\u0107 o zdrowie i wygl\u0105d naszej cery oraz w\u0142os\u00f3w, przygotowuj\u0105c je na nadchodz\u0105ce ch\u0142odniejsze miesi\u0105ce. W tym wpisie podzielimy si\u0119 najlepszymi praktykami i produktami, kt\u00f3re pomog\u0105 Ci zachowa\u0107 \u015bwie\u017co\u015b\u0107 i pi\u0119kno podczas przej\u015bcia z lata do jesieni.<\/p>\n","protected":false},"author":3,"featured_media":8884,"comment_status":"open","ping_status":"open","sticky":false,"template":"","format":"standard","meta":[],"categories":[3],"tags":[],"yoast_head":"<!-- This site is optimized with the Yoast SEO plugin v18.4.1 - https:\/\/yoast.com\/wordpress\/plugins\/seo\/ -->\n<title>Piel\u0119gnacja na koniec lata: Przygotuj Sk\u00f3r\u0119 i W\u0142osy na Jesie\u0144 - Pakuten blog<\/title>\n<meta name=\"description\" content=\"Piel\u0119gnacja na koniec lata jest kluczowa, aby zadba\u0107 o zdrowie i wygl\u0105d naszej cery oraz w\u0142os\u00f3w, przygotowuj\u0105c je na nadchodz\u0105ce ch\u0142odniejsze miesi\u0105ce. W tym wpisie podzielimy si\u0119 najlepszymi praktykami i produktami, kt\u00f3re pomog\u0105 Ci zachowa\u0107 \u015bwie\u017co\u015b\u0107 i pi\u0119kno podczas przej\u015bcia z lata do jesieni.\" \/>\n<meta name=\"robots\" content=\"index, follow, max-snippet:-1, max-image-preview:large, max-video-preview:-1\" \/>\n<link rel=\"canonical\" href=\"https:\/\/pakuten.pl\/blog\/pielegnacja-na-koniec-lata-przygotuj-skore-i-wlosy-na-jesien\/\" \/>\n<meta property=\"og:locale\" content=\"pl_PL\" \/>\n<meta property=\"og:type\" content=\"article\" \/>\n<meta property=\"og:title\" content=\"Piel\u0119gnacja na koniec lata: Przygotuj Sk\u00f3r\u0119 i W\u0142osy na Jesie\u0144 - Pakuten blog\" \/>\n<meta property=\"og:description\" content=\"Piel\u0119gnacja na koniec lata jest kluczowa, aby zadba\u0107 o zdrowie i wygl\u0105d naszej cery oraz w\u0142os\u00f3w, przygotowuj\u0105c je na nadchodz\u0105ce ch\u0142odniejsze miesi\u0105ce. W tym wpisie podzielimy si\u0119 najlepszymi praktykami i produktami, kt\u00f3re pomog\u0105 Ci zachowa\u0107 \u015bwie\u017co\u015b\u0107 i pi\u0119kno podczas przej\u015bcia z lata do jesieni.\" \/>\n<meta property=\"og:url\" content=\"https:\/\/pakuten.pl\/blog\/pielegnacja-na-koniec-lata-przygotuj-skore-i-wlosy-na-jesien\/\" \/>\n<meta property=\"og:site_name\" content=\"Pakuten blog\" \/>\n<meta property=\"article:published_time\" content=\"2024-08-09T09:43:00+00:00\" \/>\n<meta property=\"article:modified_time\" content=\"2024-07-18T10:05:00+00:00\" \/>\n<meta property=\"og:image\" content=\"https:\/\/pakuten.pl\/blog\/wp-content\/uploads\/2024\/07\/Projekt-bez-nazwy-10.jpg\" \/>\n\t<meta property=\"og:image:width\" content=\"1280\" \/>\n\t<meta property=\"og:image:height\" content=\"853\" \/>\n\t<meta property=\"og:image:type\" content=\"image\/jpeg\" \/>\n<meta name=\"twitter:card\" content=\"summary_large_image\" \/>\n<meta name=\"twitter:label1\" content=\"Napisane przez\" \/>\n\t<meta name=\"twitter:data1\" content=\"Pakuten Girl\" \/>\n\t<meta name=\"twitter:label2\" content=\"Szacowany czas czytania\" \/>\n\t<meta name=\"twitter:data2\" content=\"5 minut\" \/>\n<script type=\"application\/ld+json\" class=\"yoast-schema-graph\">{\"@context\":\"https:\/\/schema.org\",\"@graph\":[{\"@type\":\"Organization\",\"@id\":\"https:\/\/pakuten.pl\/blog\/#organization\",\"name\":\"Pakuten\",\"url\":\"https:\/\/pakuten.pl\/blog\/\",\"sameAs\":[],\"logo\":{\"@type\":\"ImageObject\",\"@id\":\"https:\/\/pakuten.pl\/blog\/#logo\",\"inLanguage\":\"pl-PL\",\"url\":\"http:\/\/pakuten.pl\/blog\/wp-content\/uploads\/2018\/01\/pakuten_logo.png\",\"contentUrl\":\"http:\/\/pakuten.pl\/blog\/wp-content\/uploads\/2018\/01\/pakuten_logo.png\",\"width\":300,\"height\":120,\"caption\":\"Pakuten\"},\"image\":{\"@id\":\"https:\/\/pakuten.pl\/blog\/#logo\"}},{\"@type\":\"WebSite\",\"@id\":\"https:\/\/pakuten.pl\/blog\/#website\",\"url\":\"https:\/\/pakuten.pl\/blog\/\",\"name\":\"Pakuten blog\",\"description\":\"Blog sklepu internetowego pakuten.pl\",\"publisher\":{\"@id\":\"https:\/\/pakuten.pl\/blog\/#organization\"},\"potentialAction\":[{\"@type\":\"SearchAction\",\"target\":{\"@type\":\"EntryPoint\",\"urlTemplate\":\"https:\/\/pakuten.pl\/blog\/?s={search_term_string}\"},\"query-input\":\"required name=search_term_string\"}],\"inLanguage\":\"pl-PL\"},{\"@type\":\"ImageObject\",\"@id\":\"https:\/\/pakuten.pl\/blog\/pielegnacja-na-koniec-lata-przygotuj-skore-i-wlosy-na-jesien\/#primaryimage\",\"inLanguage\":\"pl-PL\",\"url\":\"https:\/\/pakuten.pl\/blog\/wp-content\/uploads\/2024\/07\/Projekt-bez-nazwy-10.jpg\",\"contentUrl\":\"https:\/\/pakuten.pl\/blog\/wp-content\/uploads\/2024\/07\/Projekt-bez-nazwy-10.jpg\",\"width\":1280,\"height\":853,\"caption\":\"Piel\u0119gnacja na Koniec Lata: Przygotuj Sk\u00f3r\u0119 i W\u0142osy na Jesie\u0144\"},{\"@type\":\"WebPage\",\"@id\":\"https:\/\/pakuten.pl\/blog\/pielegnacja-na-koniec-lata-przygotuj-skore-i-wlosy-na-jesien\/#webpage\",\"url\":\"https:\/\/pakuten.pl\/blog\/pielegnacja-na-koniec-lata-przygotuj-skore-i-wlosy-na-jesien\/\",\"name\":\"Piel\u0119gnacja na koniec lata: Przygotuj Sk\u00f3r\u0119 i W\u0142osy na Jesie\u0144 - Pakuten blog\",\"isPartOf\":{\"@id\":\"https:\/\/pakuten.pl\/blog\/#website\"},\"primaryImageOfPage\":{\"@id\":\"https:\/\/pakuten.pl\/blog\/pielegnacja-na-koniec-lata-przygotuj-skore-i-wlosy-na-jesien\/#primaryimage\"},\"datePublished\":\"2024-08-09T09:43:00+00:00\",\"dateModified\":\"2024-07-18T10:05:00+00:00\",\"description\":\"Piel\u0119gnacja na koniec lata jest kluczowa, aby zadba\u0107 o zdrowie i wygl\u0105d naszej cery oraz w\u0142os\u00f3w, przygotowuj\u0105c je na nadchodz\u0105ce ch\u0142odniejsze miesi\u0105ce. W tym wpisie podzielimy si\u0119 najlepszymi praktykami i produktami, kt\u00f3re pomog\u0105 Ci zachowa\u0107 \u015bwie\u017co\u015b\u0107 i pi\u0119kno podczas przej\u015bcia z lata do jesieni.\",\"breadcrumb\":{\"@id\":\"https:\/\/pakuten.pl\/blog\/pielegnacja-na-koniec-lata-przygotuj-skore-i-wlosy-na-jesien\/#breadcrumb\"},\"inLanguage\":\"pl-PL\",\"potentialAction\":[{\"@type\":\"ReadAction\",\"target\":[\"https:\/\/pakuten.pl\/blog\/pielegnacja-na-koniec-lata-przygotuj-skore-i-wlosy-na-jesien\/\"]}]},{\"@type\":\"BreadcrumbList\",\"@id\":\"https:\/\/pakuten.pl\/blog\/pielegnacja-na-koniec-lata-przygotuj-skore-i-wlosy-na-jesien\/#breadcrumb\",\"itemListElement\":[{\"@type\":\"ListItem\",\"position\":1,\"name\":\"Strona g\u0142\u00f3wna\",\"item\":\"https:\/\/pakuten.pl\/blog\/\"},{\"@type\":\"ListItem\",\"position\":2,\"name\":\"Piel\u0119gnacja na koniec lata: Przygotuj Sk\u00f3r\u0119 i W\u0142osy na Jesie\u0144\"}]},{\"@type\":\"Article\",\"@id\":\"https:\/\/pakuten.pl\/blog\/pielegnacja-na-koniec-lata-przygotuj-skore-i-wlosy-na-jesien\/#article\",\"isPartOf\":{\"@id\":\"https:\/\/pakuten.pl\/blog\/pielegnacja-na-koniec-lata-przygotuj-skore-i-wlosy-na-jesien\/#webpage\"},\"author\":{\"@id\":\"https:\/\/pakuten.pl\/blog\/#\/schema\/person\/d7133af30211381a4e4536d088384556\"},\"headline\":\"Piel\u0119gnacja na koniec lata: Przygotuj Sk\u00f3r\u0119 i W\u0142osy na Jesie\u0144\",\"datePublished\":\"2024-08-09T09:43:00+00:00\",\"dateModified\":\"2024-07-18T10:05:00+00:00\",\"mainEntityOfPage\":{\"@id\":\"https:\/\/pakuten.pl\/blog\/pielegnacja-na-koniec-lata-przygotuj-skore-i-wlosy-na-jesien\/#webpage\"},\"wordCount\":829,\"commentCount\":0,\"publisher\":{\"@id\":\"https:\/\/pakuten.pl\/blog\/#organization\"},\"image\":{\"@id\":\"https:\/\/pakuten.pl\/blog\/pielegnacja-na-koniec-lata-przygotuj-skore-i-wlosy-na-jesien\/#primaryimage\"},\"thumbnailUrl\":\"https:\/\/pakuten.pl\/blog\/wp-content\/uploads\/2024\/07\/Projekt-bez-nazwy-10.jpg\",\"articleSection\":[\"Top Trends\"],\"inLanguage\":\"pl-PL\",\"potentialAction\":[{\"@type\":\"CommentAction\",\"name\":\"Comment\",\"target\":[\"https:\/\/pakuten.pl\/blog\/pielegnacja-na-koniec-lata-przygotuj-skore-i-wlosy-na-jesien\/#respond\"]}]},{\"@type\":\"Person\",\"@id\":\"https:\/\/pakuten.pl\/blog\/#\/schema\/person\/d7133af30211381a4e4536d088384556\",\"name\":\"Pakuten Girl\",\"image\":{\"@type\":\"ImageObject\",\"@id\":\"https:\/\/pakuten.pl\/blog\/#personlogo\",\"inLanguage\":\"pl-PL\",\"url\":\"https:\/\/secure.gravatar.com\/avatar\/d3df41de2caf92e6cfded9430c2ff352?s=96&d=mm&r=g\",\"contentUrl\":\"https:\/\/secure.gravatar.com\/avatar\/d3df41de2caf92e6cfded9430c2ff352?s=96&d=mm&r=g\",\"caption\":\"Pakuten Girl\"},\"description\":\"Cze\u015b\u0107, nazywam si\u0119 Ola. Kocham Netflixa, sals\u0119, nowo\u015bci kosmetyczne i najnowsze trendy w modzie.\",\"url\":\"https:\/\/pakuten.pl\/blog\/author\/pakuten-girl\/\"}]}<\/script>\n<!-- \/ Yoast SEO plugin. -->","yoast_head_json":{"title":"Piel\u0119gnacja na koniec lata: Przygotuj Sk\u00f3r\u0119 i W\u0142osy na Jesie\u0144 - Pakuten blog","description":"Piel\u0119gnacja na koniec lata jest kluczowa, aby zadba\u0107 o zdrowie i wygl\u0105d naszej cery oraz w\u0142os\u00f3w, przygotowuj\u0105c je na nadchodz\u0105ce ch\u0142odniejsze miesi\u0105ce. W tym wpisie podzielimy si\u0119 najlepszymi praktykami i produktami, kt\u00f3re pomog\u0105 Ci zachowa\u0107 \u015bwie\u017co\u015b\u0107 i pi\u0119kno podczas przej\u015bcia z lata do jesieni.","robots":{"index":"index","follow":"follow","max-snippet":"max-snippet:-1","max-image-preview":"max-image-preview:large","max-video-preview":"max-video-preview:-1"},"canonical":"https:\/\/pakuten.pl\/blog\/pielegnacja-na-koniec-lata-przygotuj-skore-i-wlosy-na-jesien\/","og_locale":"pl_PL","og_type":"article","og_title":"Piel\u0119gnacja na koniec lata: Przygotuj Sk\u00f3r\u0119 i W\u0142osy na Jesie\u0144 - Pakuten blog","og_description":"Piel\u0119gnacja na koniec lata jest kluczowa, aby zadba\u0107 o zdrowie i wygl\u0105d naszej cery oraz w\u0142os\u00f3w, przygotowuj\u0105c je na nadchodz\u0105ce ch\u0142odniejsze miesi\u0105ce. W tym wpisie podzielimy si\u0119 najlepszymi praktykami i produktami, kt\u00f3re pomog\u0105 Ci zachowa\u0107 \u015bwie\u017co\u015b\u0107 i pi\u0119kno podczas przej\u015bcia z lata do jesieni.","og_url":"https:\/\/pakuten.pl\/blog\/pielegnacja-na-koniec-lata-przygotuj-skore-i-wlosy-na-jesien\/","og_site_name":"Pakuten blog","article_published_time":"2024-08-09T09:43:00+00:00","article_modified_time":"2024-07-18T10:05:00+00:00","og_image":[{"width":1280,"height":853,"url":"https:\/\/pakuten.pl\/blog\/wp-content\/uploads\/2024\/07\/Projekt-bez-nazwy-10.jpg","type":"image\/jpeg"}],"twitter_card":"summary_large_image","twitter_misc":{"Napisane przez":"Pakuten Girl","Szacowany czas czytania":"5 minut"},"schema":{"@context":"https:\/\/schema.org","@graph":[{"@type":"Organization","@id":"https:\/\/pakuten.pl\/blog\/#organization","name":"Pakuten","url":"https:\/\/pakuten.pl\/blog\/","sameAs":[],"logo":{"@type":"ImageObject","@id":"https:\/\/pakuten.pl\/blog\/#logo","inLanguage":"pl-PL","url":"http:\/\/pakuten.pl\/blog\/wp-content\/uploads\/2018\/01\/pakuten_logo.png","contentUrl":"http:\/\/pakuten.pl\/blog\/wp-content\/uploads\/2018\/01\/pakuten_logo.png","width":300,"height":120,"caption":"Pakuten"},"image":{"@id":"https:\/\/pakuten.pl\/blog\/#logo"}},{"@type":"WebSite","@id":"https:\/\/pakuten.pl\/blog\/#website","url":"https:\/\/pakuten.pl\/blog\/","name":"Pakuten blog","description":"Blog sklepu internetowego pakuten.pl","publisher":{"@id":"https:\/\/pakuten.pl\/blog\/#organization"},"potentialAction":[{"@type":"SearchAction","target":{"@type":"EntryPoint","urlTemplate":"https:\/\/pakuten.pl\/blog\/?s={search_term_string}"},"query-input":"required name=search_term_string"}],"inLanguage":"pl-PL"},{"@type":"ImageObject","@id":"https:\/\/pakuten.pl\/blog\/pielegnacja-na-koniec-lata-przygotuj-skore-i-wlosy-na-jesien\/#primaryimage","inLanguage":"pl-PL","url":"https:\/\/pakuten.pl\/blog\/wp-content\/uploads\/2024\/07\/Projekt-bez-nazwy-10.jpg","contentUrl":"https:\/\/pakuten.pl\/blog\/wp-content\/uploads\/2024\/07\/Projekt-bez-nazwy-10.jpg","width":1280,"height":853,"caption":"Piel\u0119gnacja na Koniec Lata: Przygotuj Sk\u00f3r\u0119 i W\u0142osy na Jesie\u0144"},{"@type":"WebPage","@id":"https:\/\/pakuten.pl\/blog\/pielegnacja-na-koniec-lata-przygotuj-skore-i-wlosy-na-jesien\/#webpage","url":"https:\/\/pakuten.pl\/blog\/pielegnacja-na-koniec-lata-przygotuj-skore-i-wlosy-na-jesien\/","name":"Piel\u0119gnacja na koniec lata: Przygotuj Sk\u00f3r\u0119 i W\u0142osy na Jesie\u0144 - Pakuten blog","isPartOf":{"@id":"https:\/\/pakuten.pl\/blog\/#website"},"primaryImageOfPage":{"@id":"https:\/\/pakuten.pl\/blog\/pielegnacja-na-koniec-lata-przygotuj-skore-i-wlosy-na-jesien\/#primaryimage"},"datePublished":"2024-08-09T09:43:00+00:00","dateModified":"2024-07-18T10:05:00+00:00","description":"Piel\u0119gnacja na koniec lata jest kluczowa, aby zadba\u0107 o zdrowie i wygl\u0105d naszej cery oraz w\u0142os\u00f3w, przygotowuj\u0105c je na nadchodz\u0105ce ch\u0142odniejsze miesi\u0105ce. W tym wpisie podzielimy si\u0119 najlepszymi praktykami i produktami, kt\u00f3re pomog\u0105 Ci zachowa\u0107 \u015bwie\u017co\u015b\u0107 i pi\u0119kno podczas przej\u015bcia z lata do jesieni.","breadcrumb":{"@id":"https:\/\/pakuten.pl\/blog\/pielegnacja-na-koniec-lata-przygotuj-skore-i-wlosy-na-jesien\/#breadcrumb"},"inLanguage":"pl-PL","potentialAction":[{"@type":"ReadAction","target":["https:\/\/pakuten.pl\/blog\/pielegnacja-na-koniec-lata-przygotuj-skore-i-wlosy-na-jesien\/"]}]},{"@type":"BreadcrumbList","@id":"https:\/\/pakuten.pl\/blog\/pielegnacja-na-koniec-lata-przygotuj-skore-i-wlosy-na-jesien\/#breadcrumb","itemListElement":[{"@type":"ListItem","position":1,"name":"Strona g\u0142\u00f3wna","item":"https:\/\/pakuten.pl\/blog\/"},{"@type":"ListItem","position":2,"name":"Piel\u0119gnacja na koniec lata: Przygotuj Sk\u00f3r\u0119 i W\u0142osy na Jesie\u0144"}]},{"@type":"Article","@id":"https:\/\/pakuten.pl\/blog\/pielegnacja-na-koniec-lata-przygotuj-skore-i-wlosy-na-jesien\/#article","isPartOf":{"@id":"https:\/\/pakuten.pl\/blog\/pielegnacja-na-koniec-lata-przygotuj-skore-i-wlosy-na-jesien\/#webpage"},"author":{"@id":"https:\/\/pakuten.pl\/blog\/#\/schema\/person\/d7133af30211381a4e4536d088384556"},"headline":"Piel\u0119gnacja na koniec lata: Przygotuj Sk\u00f3r\u0119 i W\u0142osy na Jesie\u0144","datePublished":"2024-08-09T09:43:00+00:00","dateModified":"2024-07-18T10:05:00+00:00","mainEntityOfPage":{"@id":"https:\/\/pakuten.pl\/blog\/pielegnacja-na-koniec-lata-przygotuj-skore-i-wlosy-na-jesien\/#webpage"},"wordCount":829,"commentCount":0,"publisher":{"@id":"https:\/\/pakuten.pl\/blog\/#organization"},"image":{"@id":"https:\/\/pakuten.pl\/blog\/pielegnacja-na-koniec-lata-przygotuj-skore-i-wlosy-na-jesien\/#primaryimage"},"thumbnailUrl":"https:\/\/pakuten.pl\/blog\/wp-content\/uploads\/2024\/07\/Projekt-bez-nazwy-10.jpg","articleSection":["Top Trends"],"inLanguage":"pl-PL","potentialAction":[{"@type":"CommentAction","name":"Comment","target":["https:\/\/pakuten.pl\/blog\/pielegnacja-na-koniec-lata-przygotuj-skore-i-wlosy-na-jesien\/#respond"]}]},{"@type":"Person","@id":"https:\/\/pakuten.pl\/blog\/#\/schema\/person\/d7133af30211381a4e4536d088384556","name":"Pakuten Girl","image":{"@type":"ImageObject","@id":"https:\/\/pakuten.pl\/blog\/#personlogo","inLanguage":"pl-PL","url":"https:\/\/secure.gravatar.com\/avatar\/d3df41de2caf92e6cfded9430c2ff352?s=96&d=mm&r=g","contentUrl":"https:\/\/secure.gravatar.com\/avatar\/d3df41de2caf92e6cfded9430c2ff352?s=96&d=mm&r=g","caption":"Pakuten Girl"},"description":"Cze\u015b\u0107, nazywam si\u0119 Ola. Kocham Netflixa, sals\u0119, nowo\u015bci kosmetyczne i najnowsze trendy w modzie.","url":"https:\/\/pakuten.pl\/blog\/author\/pakuten-girl\/"}]}},"_links":{"self":[{"href":"https:\/\/pakuten.pl\/blog\/wp-json\/wp\/v2\/posts\/8876"}],"collection":[{"href":"https:\/\/pakuten.pl\/blog\/wp-json\/wp\/v2\/posts"}],"about":[{"href":"https:\/\/pakuten.pl\/blog\/wp-json\/wp\/v2\/types\/post"}],"author":[{"embeddable":true,"href":"https:\/\/pakuten.pl\/blog\/wp-json\/wp\/v2\/users\/3"}],"replies":[{"embeddable":true,"href":"https:\/\/pakuten.pl\/blog\/wp-json\/wp\/v2\/comments?post=8876"}],"version-history":[{"count":6,"href":"https:\/\/pakuten.pl\/blog\/wp-json\/wp\/v2\/posts\/8876\/revisions"}],"predecessor-version":[{"id":8886,"href":"https:\/\/pakuten.pl\/blog\/wp-json\/wp\/v2\/posts\/8876\/revisions\/8886"}],"wp:featuredmedia":[{"embeddable":true,"href":"https:\/\/pakuten.pl\/blog\/wp-json\/wp\/v2\/media\/8884"}],"wp:attachment":[{"href":"https:\/\/pakuten.pl\/blog\/wp-json\/wp\/v2\/media?parent=8876"}],"wp:term":[{"taxonomy":"category","embeddable":true,"href":"https:\/\/pakuten.pl\/blog\/wp-json\/wp\/v2\/categories?post=8876"},{"taxonomy":"post_tag","embeddable":true,"href":"https:\/\/pakuten.pl\/blog\/wp-json\/wp\/v2\/tags?post=8876"}],"curies":[{"name":"wp","href":"https:\/\/api.w.org\/{rel}","templated":true}]}}