{"id":8972,"date":"2024-08-30T13:45:00","date_gmt":"2024-08-30T11:45:00","guid":{"rendered":"https:\/\/pakuten.pl\/blog\/?p=8972"},"modified":"2024-08-27T13:48:07","modified_gmt":"2024-08-27T11:48:07","slug":"jesienne-stylizacje-z-letnich-ubran-pomysly-na-modne-przejscie-miedzy-sezonami","status":"publish","type":"post","link":"https:\/\/pakuten.pl\/blog\/jesienne-stylizacje-z-letnich-ubran-pomysly-na-modne-przejscie-miedzy-sezonami\/","title":{"rendered":"Jesienne stylizacje z letnich ubra\u0144: pomys\u0142y na modne przej\u015bcie mi\u0119dzy sezonami"},"content":{"rendered":"\n<p class=\"p1\"><strong>Jesienne stylizacje cz\u0119sto kojarz\u0105 si\u0119 z grubymi swetrami, p\u0142aszczami i ciep\u0142ymi dodatkami. Jednak czy wiesz, \u017ce wiele letnich ubra\u0144 mo\u017cna z powodzeniem nosi\u0107 tak\u017ce w ch\u0142odniejsze dni? Warto maksymalnie wykorzysta\u0107 swoj\u0105 garderob\u0119, tworz\u0105c modne i funkcjonalne zestawy na przej\u015bciowy sezon. Zamiast chowa\u0107 ulubione sukienki czy lekkie bluzki na dno szafy, spr\u00f3buj po\u0142\u0105czy\u0107 je z jesiennymi elementami garderoby. Oto kilka sposob\u00f3w na przekszta\u0142cenie letnich ubra\u0144 w modne i komfortowe zestawy na ch\u0142odniejsze dni.<\/strong><\/p>\n<h2 class=\"p1\"><span style=\"color: #ff9900;\">Sukienki na nowo: jak nosic\u0301 letnie sukienki jesieni\u0105<\/span><\/h2>\n<p class=\"p1\">Jednym z najprostszych sposob\u00f3w na <b>jesienne stylizacje<\/b> z letnich ubra\u0144 jest dodanie warstw. <span style=\"color: #ff9900;\"><a style=\"color: #ff9900;\" href=\"https:\/\/pakuten.pl\/27-sukienki\" target=\"_blank\" rel=\"noopener\">Sukienki<\/a><\/span>, kt\u00f3re nosi\u0142a\u015b latem, mog\u0105 sta\u0107 si\u0119 \u015bwietn\u0105 baz\u0105 do stworzenia jesiennych zestaw\u00f3w. Wystarczy, \u017ce dodasz ciep\u0142y sweter lub golf pod sukienk\u0119 na rami\u0105czkach. Mo\u017cesz tak\u017ce na\u0142o\u017cy\u0107 na ni\u0105 kardigan lub kr\u00f3tki p\u0142aszcz. Stylizacja stanie si\u0119 bardziej jesienna, gdy dodasz do niej rajstopy, kozaki lub botki.<\/p>\n<div class=\"product-box-container\">\r\n<div class=\"one_third \" style=\"\">\r\n<div class=\"product-box\">\r\n<a href=\"https:\/\/pakuten.pl\/40112-84968-wzorzysta-sukienka-midi-na-ramiaczkach-devern-p8.html\" target=\"_blank\">\r\n <img src=\"https:\/\/media.pakuten.pl\/234770-large_default\/wzorzysta-sukienka-midi-na-ramiaczkach-devern.jpg\" alt=\"Wzorzysta sukienka midi na rami\u0105czkach Devern - P8\"\/>\r\n<\/a>\r\n<p>\r\n<a href=\"https:\/\/pakuten.pl\/40112-84968-wzorzysta-sukienka-midi-na-ramiaczkach-devern-p8.html\" target=\"_blank\">\r\nWzorzysta sukienka midi na rami\u0105czkach Devern - P8\r\n<\/a><\/p>\r\n  <p>Cena: 19,99\u00a0z\u0142<\/p>\r\n<a href=\"https:\/\/pakuten.pl\/40112-84968-wzorzysta-sukienka-midi-na-ramiaczkach-devern-p8.html\" target=\"_blank\" class=\"button\">\r\nZobacz w sklepie\r\n<\/a>\r\n<\/div>\r\n<\/div>\r\n<div class=\"one_third \" style=\"\">\r\n<div class=\"product-box\">\r\n<a href=\"https:\/\/pakuten.pl\/40062-84918-wzorzysta-sukienka-mini-z-wiazaniem-w-talii-cherisy-wzor-1-wzor-1.html\" target=\"_blank\">\r\n  <img src=\"https:\/\/media.pakuten.pl\/234499-large_default\/wzorzysta-sukienka-mini-z-wiazaniem-w-talii-cherisy-wzor-1.jpg\" alt=\"Wzorzysta sukienka mini z wi\u0105zaniem w talii Cherisy - wz\u00f3r 1\"\/>\r\n<\/a>\r\n<p>\r\n<a href=\"https:\/\/pakuten.pl\/40062-84918-wzorzysta-sukienka-mini-z-wiazaniem-w-talii-cherisy-wzor-1-wzor-1.html\" target=\"_blank\">\r\nWzorzysta sukienka mini z wi\u0105zaniem w talii Cherisy - wz\u00f3r 1\r\n<\/a><\/p>\r\n  <p>Cena: 139,97\u00a0z\u0142<\/p>\r\n<a href=\"https:\/\/pakuten.pl\/40062-84918-wzorzysta-sukienka-mini-z-wiazaniem-w-talii-cherisy-wzor-1-wzor-1.html\" target=\"_blank\" class=\"button\">\r\nZobacz w sklepie\r\n<\/a>\r\n<\/div>\r\n<\/div>\r\n<div class=\"one_third last \" style=\"\">\r\n<div class=\"product-box\">\r\n<a href=\"https:\/\/pakuten.pl\/39992-84850-bezowa-dopasowana-spodnica-midi-z-rozcieciami-pirjio-bezowy.html\" target=\"_blank\">\r\n  <img src=\"https:\/\/media.pakuten.pl\/234109-large_default\/bezowa-dopasowana-spodnica-midi-z-rozcieciami-pirjio.jpg\" alt=\"Be\u017cowa dopasowana sp\u00f3dnica midi z rozci\u0119ciami Pirjio\"\/>\r\n<\/a>\r\n<p>\r\n<a href=\"https:\/\/pakuten.pl\/39992-84850-bezowa-dopasowana-spodnica-midi-z-rozcieciami-pirjio-bezowy.html\" target=\"_blank\">\r\nBe\u017cowa dopasowana sp\u00f3dnica midi z rozci\u0119ciami Pirjio\r\n<\/a><\/p>\r\n  <p>Cena: 29,99\u00a0z\u0142<\/p>\r\n<a href=\"https:\/\/pakuten.pl\/39992-84850-bezowa-dopasowana-spodnica-midi-z-rozcieciami-pirjio-bezowy.html\" target=\"_blank\" class=\"button\">\r\nZobacz w sklepie\r\n<\/a>\r\n<\/div>\r\n<\/div><br class=\"clear\"\/>\r\n<\/div>\n<p class=\"p1\">Spr\u00f3buj po\u0142\u0105czy\u0107 lekk\u0105, zwiewn\u0105 sukienk\u0119 z grubym, we\u0142nianym swetrem i paskiem w talii. Taki kontrast mi\u0119dzy lekkim materia\u0142em sukienki a ciep\u0142ym swetrem nada Twojej stylizacji nowoczesnego wygl\u0105du. Do tego dodaj kapelusz z szerokim rondem i du\u017cy szalik, aby podkre\u015bli\u0107 jesienny charakter stroju.<\/p>\n<h2 class=\"p1\"><span style=\"color: #ff9900;\">Bluzki i koszule: warstwowanie na jesie\u0144<\/span><\/h2>\n<p class=\"p1\">Bluzki i koszule z kr\u00f3tkim r\u0119kawem r\u00f3wnie\u017c mog\u0105 by\u0107 cz\u0119\u015bci\u0105 Twoich <b>jesiennych stylizacji<\/b>. Wystarczy, \u017ce zestawisz je z d\u0142u\u017cszymi r\u0119kawami lub cieplejszymi materia\u0142ami. Przyk\u0142adowo, koszula z lekkiej bawe\u0142ny \u015bwietnie wygl\u0105da pod swetrem oversize. Mo\u017cesz te\u017c na\u0142o\u017cy\u0107 j\u0105 na cienki golf lub d\u0142ugi r\u0119kaw w kontrastowym kolorze, co doda stylizacji g\u0142\u0119bi.<\/p>\n<div class=\"product-box-container\">\r\n<div class=\"one_third \" style=\"\">\r\n<div class=\"product-box\">\r\n<a href=\"https:\/\/pakuten.pl\/39973-84830-biala-sukienka-koszulowa-z-paskiem-w-talii-christanne-bialy.html\" target=\"_blank\">\r\n <img src=\"https:\/\/media.pakuten.pl\/234022-large_default\/biala-sukienka-koszulowa-z-paskiem-w-talii-christanne.jpg\" alt=\"Bia\u0142a sukienka koszulowa z paskiem w talii Christanne\"\/>\r\n<\/a>\r\n<p>\r\n<a href=\"https:\/\/pakuten.pl\/39973-84830-biala-sukienka-koszulowa-z-paskiem-w-talii-christanne-bialy.html\" target=\"_blank\">\r\nBia\u0142a sukienka koszulowa z paskiem w talii Christanne\r\n<\/a><\/p>\r\n  <p>Cena: 19,99\u00a0z\u0142<\/p>\r\n<a href=\"https:\/\/pakuten.pl\/39973-84830-biala-sukienka-koszulowa-z-paskiem-w-talii-christanne-bialy.html\" target=\"_blank\" class=\"button\">\r\nZobacz w sklepie\r\n<\/a>\r\n<\/div>\r\n<\/div>\r\n<div class=\"one_third \" style=\"\">\r\n<div class=\"product-box\">\r\n<a href=\"https:\/\/pakuten.pl\/40094-84953-bezowa-koszula-z-ozdobnymi-napisami-lallie-bezowy.html\" target=\"_blank\">\r\n  <img src=\"https:\/\/media.pakuten.pl\/234690-large_default\/bezowa-koszula-z-ozdobnymi-napisami-lallie.jpg\" alt=\"Be\u017cowa koszula z ozdobnymi napisami Lallie\"\/>\r\n<\/a>\r\n<p>\r\n<a href=\"https:\/\/pakuten.pl\/40094-84953-bezowa-koszula-z-ozdobnymi-napisami-lallie-bezowy.html\" target=\"_blank\">\r\nBe\u017cowa koszula z ozdobnymi napisami Lallie\r\n<\/a><\/p>\r\n  <p>Cena: 81,63\u00a0z\u0142<\/p>\r\n<a href=\"https:\/\/pakuten.pl\/40094-84953-bezowa-koszula-z-ozdobnymi-napisami-lallie-bezowy.html\" target=\"_blank\" class=\"button\">\r\nZobacz w sklepie\r\n<\/a>\r\n<\/div>\r\n<\/div>\r\n<div class=\"one_third last \" style=\"\">\r\n<div class=\"product-box\">\r\n<a href=\"https:\/\/pakuten.pl\/32668-72818-bialy-top-na-ramiaczka-cristii-bialy.html\" target=\"_blank\">\r\n  <img src=\"https:\/\/media.pakuten.pl\/197409-large_default\/bialy-top-na-ramiaczka-cristii.jpg\" alt=\"Bia\u0142y top na rami\u0105czka Cristii\"\/>\r\n<\/a>\r\n<p>\r\n<a href=\"https:\/\/pakuten.pl\/32668-72818-bialy-top-na-ramiaczka-cristii-bialy.html\" target=\"_blank\">\r\nBia\u0142y top na rami\u0105czka Cristii\r\n<\/a><\/p>\r\n  <p>Cena: 41,99\u00a0z\u0142<\/p>\r\n<a href=\"https:\/\/pakuten.pl\/32668-72818-bialy-top-na-ramiaczka-cristii-bialy.html\" target=\"_blank\" class=\"button\">\r\nZobacz w sklepie\r\n<\/a>\r\n<\/div>\r\n<\/div><br class=\"clear\"\/>\r\n<\/div>\n<p class=\"p1\">Koszule w krat\u0119 lub z kwiatowymi wzorami idealnie nadaj\u0105 si\u0119 do zestawienia z d\u017cinsow\u0105 kurtk\u0105 lub sk\u00f3rzan\u0105 ramonesk\u0105. Mo\u017cesz tak\u017ce doda\u0107 do nich kamizelk\u0119, kt\u00f3ra jest hitem tej jesieni. Taki look b\u0119dzie nie tylko ciep\u0142y, ale i bardzo modny.<\/p>\n<h2 class=\"p1\"><span style=\"color: #ff9900;\">Spodnie i szorty: przed\u0142u\u017cenie letnich trend\u00f3w na jesie\u0144<\/span><\/h2>\n<p class=\"p1\">Letnie szorty mog\u0105 by\u0107 baz\u0105 do stworzenia wielu <b>jesiennych stylizacji<\/b>. Wystarczy doda\u0107 do nich rajstopy lub legginsy, aby uzyska\u0107 ciep\u0142y, warstwowy efekt. Szorty dobrze komponuj\u0105 si\u0119 z wysokimi kozakami, a do tego mo\u017cesz na\u0142o\u017cy\u0107 gruby sweter lub kardigan.<\/p>\n<div class=\"product-box-container\">\r\n<div class=\"one_third \" style=\"\">\r\n<div class=\"product-box\">\r\n<a href=\"https:\/\/pakuten.pl\/34657-76298-czarne-spodnico-spodenki-palmer-czarny.html\" target=\"_blank\">\r\n <img src=\"https:\/\/media.pakuten.pl\/206915-large_default\/czarne-spodnico-spodenki-palmer.jpg\" alt=\"Czarne sp\u00f3dnico- spodenki Palmer\"\/>\r\n<\/a>\r\n<p>\r\n<a href=\"https:\/\/pakuten.pl\/34657-76298-czarne-spodnico-spodenki-palmer-czarny.html\" target=\"_blank\">\r\nCzarne sp\u00f3dnico- spodenki Palmer\r\n<\/a><\/p>\r\n  <p>Cena: 86,99\u00a0z\u0142<\/p>\r\n<a href=\"https:\/\/pakuten.pl\/34657-76298-czarne-spodnico-spodenki-palmer-czarny.html\" target=\"_blank\" class=\"button\">\r\nZobacz w sklepie\r\n<\/a>\r\n<\/div>\r\n<\/div>\r\n<div class=\"one_third \" style=\"\">\r\n<div class=\"product-box\">\r\n<a href=\"https:\/\/pakuten.pl\/39856-84655-czarne-spodnico-spodenki-petimmo-czarny.html\" target=\"_blank\">\r\n  <img src=\"https:\/\/media.pakuten.pl\/233459-large_default\/czarne-spodnico-spodenki-petimmo.jpg\" alt=\"Czarne sp\u00f3dnico - spodenki Petimmo\"\/>\r\n<\/a>\r\n<p>\r\n<a href=\"https:\/\/pakuten.pl\/39856-84655-czarne-spodnico-spodenki-petimmo-czarny.html\" target=\"_blank\">\r\nCzarne sp\u00f3dnico - spodenki Petimmo\r\n<\/a><\/p>\r\n  <p>Cena: 86,99\u00a0z\u0142<\/p>\r\n<a href=\"https:\/\/pakuten.pl\/39856-84655-czarne-spodnico-spodenki-petimmo-czarny.html\" target=\"_blank\" class=\"button\">\r\nZobacz w sklepie\r\n<\/a>\r\n<\/div>\r\n<\/div>\r\n<div class=\"one_third last \" style=\"\">\r\n<div class=\"product-box\">\r\n<a href=\"https:\/\/pakuten.pl\/34899-76626-bezowe-spodnico-spodenki-mezzo-bezowy.html\" target=\"_blank\">\r\n  <img src=\"https:\/\/media.pakuten.pl\/207934-large_default\/bezowe-spodnico-spodenki-mezzo.jpg\" alt=\"Be\u017cowe sp\u00f3dnico- spodenki Mezzo\"\/>\r\n<\/a>\r\n<p>\r\n<a href=\"https:\/\/pakuten.pl\/34899-76626-bezowe-spodnico-spodenki-mezzo-bezowy.html\" target=\"_blank\">\r\nBe\u017cowe sp\u00f3dnico- spodenki Mezzo\r\n<\/a><\/p>\r\n  <p>Cena: 86,09\u00a0z\u0142<\/p>\r\n<a href=\"https:\/\/pakuten.pl\/34899-76626-bezowe-spodnico-spodenki-mezzo-bezowy.html\" target=\"_blank\" class=\"button\">\r\nZobacz w sklepie\r\n<\/a>\r\n<\/div>\r\n<\/div><br class=\"clear\"\/>\r\n<\/div>\n<p class=\"p1\">Je\u015bli chodzi o letnie spodnie, takie jak lekkie chinosy czy lniane modele, mog\u0105 one sta\u0107 si\u0119 cz\u0119\u015bci\u0105 jesiennych zestaw\u00f3w poprzez dodanie ci\u0119\u017cszych but\u00f3w, takich jak botki na obcasie lub mokasyny, oraz cieplejszych dodatk\u00f3w, jak we\u0142niane skarpety. Spodnie te mo\u017cesz zestawi\u0107 z d\u0142u\u017cszym p\u0142aszczem i szalikiem, co nada stylizacji elegancji i ciep\u0142a.<\/p>\n<h2 class=\"p1\"><span style=\"color: #ff9900;\">Letnie tkaniny w jesiennym wydaniu<\/span><\/h2>\n<p class=\"p1\">Jednym z kluczowych element\u00f3w przej\u015bcia z lata do jesieni jest umiej\u0119tne wykorzystanie tkanin. Lekkie materia\u0142y, takie jak len czy bawe\u0142na, mog\u0105 by\u0107 noszone tak\u017ce jesieni\u0105, je\u015bli s\u0105 odpowiednio zestawione. Na przyk\u0142ad, lekka lniana sukienka \u015bwietnie wygl\u0105da z ci\u0119\u017ckim we\u0142nianym p\u0142aszczem lub kamizelk\u0105 z futerka. Taki kontrast materia\u0142\u00f3w sprawia, \u017ce stylizacja staje si\u0119 interesuj\u0105ca i idealna na ch\u0142odniejsze dni.<\/p>\n<p class=\"p1\">Innym pomys\u0142em jest dodanie sk\u00f3rzanych element\u00f3w, takich jak kurtka czy spodnie. Sk\u00f3ra dodaje stylizacji charakteru i sprawia, \u017ce staje si\u0119 bardziej \u201ejesienna\u201d. Po\u0142\u0105czenie lekkiej bluzki z jedwabiu z ci\u0119\u017ck\u0105 sk\u00f3rzan\u0105 kurtk\u0105 to \u015bwietny spos\u00f3b na stworzenie modnego, warstwowego looku.<\/p>\n<p>\u00a0<\/p>\n<blockquote class=\"instagram-media\" style=\"background: #FFF; border: 0; border-radius: 3px; box-shadow: 0 0 1px 0 rgba(0,0,0,0.5),0 1px 10px 0 rgba(0,0,0,0.15); margin: 1px; max-width: 540px; min-width: 326px; padding: 0; width: calc(100% - 2px);\" data-instgrm-permalink=\"https:\/\/www.instagram.com\/reel\/C_GM024oDWO\/?utm_source=ig_embed&amp;utm_campaign=loading\" data-instgrm-version=\"14\">\n<div style=\"padding: 16px;\">\n<div style=\"display: flex; flex-direction: row; align-items: center;\">\n<div style=\"background-color: #f4f4f4; border-radius: 50%; flex-grow: 0; height: 40px; margin-right: 14px; width: 40px;\">\u00a0<\/div>\n<div style=\"display: flex; flex-direction: column; flex-grow: 1; justify-content: center;\">\n<div style=\"background-color: #f4f4f4; border-radius: 4px; flex-grow: 0; height: 14px; margin-bottom: 6px; width: 100px;\">\u00a0<\/div>\n<div style=\"background-color: #f4f4f4; border-radius: 4px; flex-grow: 0; height: 14px; width: 60px;\">\u00a0<\/div>\n<\/div>\n<\/div>\n<div style=\"padding: 19% 0;\">\u00a0<\/div>\n<div style=\"display: block; height: 50px; margin: 0 auto 12px; width: 50px;\">\u00a0<\/div>\n<div style=\"padding-top: 8px;\">\n<div style=\"color: #3897f0; font-family: Arial,sans-serif; font-size: 14px; font-style: normal; font-weight: 550; line-height: 18px;\">Wy\u015bwietl ten post na Instagramie<\/div>\n<\/div>\n<div style=\"padding: 12.5% 0;\">\u00a0<\/div>\n<div style=\"display: flex; flex-direction: row; margin-bottom: 14px; align-items: center;\">\n<div>\n<div style=\"background-color: #f4f4f4; border-radius: 50%; height: 12.5px; width: 12.5px; transform: translateX(0px) translateY(7px);\">\u00a0<\/div>\n<div style=\"background-color: #f4f4f4; height: 12.5px; transform: rotate(-45deg) translateX(3px) translateY(1px); width: 12.5px; flex-grow: 0; margin-right: 14px; margin-left: 2px;\">\u00a0<\/div>\n<div style=\"background-color: #f4f4f4; border-radius: 50%; height: 12.5px; width: 12.5px; transform: translateX(9px) translateY(-18px);\">\u00a0<\/div>\n<\/div>\n<div style=\"margin-left: 8px;\">\n<div style=\"background-color: #f4f4f4; border-radius: 50%; flex-grow: 0; height: 20px; width: 20px;\">\u00a0<\/div>\n<div style=\"width: 0; height: 0; border-top: 2px solid transparent; border-left: 6px solid #f4f4f4; border-bottom: 2px solid transparent; transform: translateX(16px) translateY(-4px) rotate(30deg);\">\u00a0<\/div>\n<\/div>\n<div style=\"margin-left: auto;\">\n<div style=\"width: 0px; border-top: 8px solid #F4F4F4; border-right: 8px solid transparent; transform: translateY(16px);\">\u00a0<\/div>\n<div style=\"background-color: #f4f4f4; flex-grow: 0; height: 12px; width: 16px; transform: translateY(-4px);\">\u00a0<\/div>\n<div style=\"width: 0; height: 0; border-top: 8px solid #F4F4F4; border-left: 8px solid transparent; transform: translateY(-4px) translateX(8px);\">\u00a0<\/div>\n<\/div>\n<\/div>\n<div style=\"display: flex; flex-direction: column; flex-grow: 1; justify-content: center; margin-bottom: 24px;\">\n<div style=\"background-color: #f4f4f4; border-radius: 4px; flex-grow: 0; height: 14px; margin-bottom: 6px; width: 224px;\">\u00a0<\/div>\n<div style=\"background-color: #f4f4f4; border-radius: 4px; flex-grow: 0; height: 14px; width: 144px;\">\u00a0<\/div>\n<\/div>\n<p style=\"color: #c9c8cd; font-family: Arial,sans-serif; font-size: 14px; line-height: 17px; margin-bottom: 0; margin-top: 8px; overflow: hidden; padding: 8px 0 7px; text-align: center; text-overflow: ellipsis; white-space: nowrap;\"><a style=\"color: #c9c8cd; font-family: Arial,sans-serif; font-size: 14px; font-style: normal; font-weight: normal; line-height: 17px; text-decoration: none;\" href=\"https:\/\/www.instagram.com\/reel\/C_GM024oDWO\/?utm_source=ig_embed&amp;utm_campaign=loading\" target=\"_blank\" rel=\"noopener\">Post udost\u0119pniony przez Roksana R\u0119kas (@x_roksanax)<\/a><\/p>\n<\/div>\n<\/blockquote>\n<p><script async src=\"\/\/www.instagram.com\/embed.js\"><\/script><\/p>\n<h2 class=\"p1\"><span style=\"color: #ff9900;\">Akcesoria, kt\u00f3re odmieni\u0105 jesienn\u0105 stylizacj\u0119<\/span><\/h2>\n<p class=\"p1\">Akcesoria odgrywaj\u0105 kluczow\u0105 rol\u0119 w przekszta\u0142caniu letnich ubra\u0144 w <b>jesienne stylizacje<\/b>. Szaliki, czapki, r\u0119kawiczki i torebki mog\u0105 doda\u0107 Twojej stylizacji nowego, jesiennego wymiaru. Ciep\u0142y, du\u017cy szalik dodany do letniej sukienki od razu sprawia, \u017ce staje si\u0119 ona bardziej odpowiednia na ch\u0142odniejsze dni. Mo\u017cesz te\u017c doda\u0107 grube, we\u0142niane skarpety do letnich botk\u00f3w, co nie tylko ociepli Twoje stopy, ale i doda uroku stylizacji.<\/p>\n<div class=\"product-box-container\">\r\n<div class=\"one_third \" style=\"\">\r\n<div class=\"product-box\">\r\n<a href=\"https:\/\/pakuten.pl\/40123-84981-bezowe-wsuwane-sniegowce-na-platformie-puebla-bezowy.html\" target=\"_blank\">\r\n <img src=\"https:\/\/media.pakuten.pl\/234827-large_default\/bezowe-wsuwane-sniegowce-na-platformie-puebla.jpg\" alt=\"Be\u017cowe wsuwane \u015bniegowce na platformie Puebla\"\/>\r\n<\/a>\r\n<p>\r\n<a href=\"https:\/\/pakuten.pl\/40123-84981-bezowe-wsuwane-sniegowce-na-platformie-puebla-bezowy.html\" target=\"_blank\">\r\nBe\u017cowe wsuwane \u015bniegowce na platformie Puebla\r\n<\/a><\/p>\r\n  <p>Cena: 129,99\u00a0z\u0142<\/p>\r\n<a href=\"https:\/\/pakuten.pl\/40123-84981-bezowe-wsuwane-sniegowce-na-platformie-puebla-bezowy.html\" target=\"_blank\" class=\"button\">\r\nZobacz w sklepie\r\n<\/a>\r\n<\/div>\r\n<\/div>\r\n<div class=\"one_third \" style=\"\">\r\n<div class=\"product-box\">\r\n<a href=\"https:\/\/pakuten.pl\/40128-85008-czarne-kozaki-na-obcasie-crissie-czarny.html\" target=\"_blank\">\r\n  <img src=\"https:\/\/media.pakuten.pl\/234849-large_default\/czarne-kozaki-na-obcasie-crissie.jpg\" alt=\"Czarne kozaki na obcasie Crissie\"\/>\r\n<\/a>\r\n<p>\r\n<a href=\"https:\/\/pakuten.pl\/40128-85008-czarne-kozaki-na-obcasie-crissie-czarny.html\" target=\"_blank\">\r\nCzarne kozaki na obcasie Crissie\r\n<\/a><\/p>\r\n  <p>Cena: 99,99\u00a0z\u0142<\/p>\r\n<a href=\"https:\/\/pakuten.pl\/40128-85008-czarne-kozaki-na-obcasie-crissie-czarny.html\" target=\"_blank\" class=\"button\">\r\nZobacz w sklepie\r\n<\/a>\r\n<\/div>\r\n<\/div>\r\n<div class=\"one_third last \" style=\"\">\r\n<div class=\"product-box\">\r\n<a href=\"https:\/\/pakuten.pl\/40132-85032-czarne-kozaki-glea-czarny.html\" target=\"_blank\">\r\n  <img src=\"https:\/\/media.pakuten.pl\/234872-large_default\/czarne-kozaki-glea.jpg\" alt=\"Czarne kozaki Glea\"\/>\r\n<\/a>\r\n<p>\r\n<a href=\"https:\/\/pakuten.pl\/40132-85032-czarne-kozaki-glea-czarny.html\" target=\"_blank\">\r\nCzarne kozaki Glea\r\n<\/a><\/p>\r\n  <p>Cena: 99,99\u00a0z\u0142<\/p>\r\n<a href=\"https:\/\/pakuten.pl\/40132-85032-czarne-kozaki-glea-czarny.html\" target=\"_blank\" class=\"button\">\r\nZobacz w sklepie\r\n<\/a>\r\n<\/div>\r\n<\/div><br class=\"clear\"\/>\r\n<\/div>\n<p class=\"p1\">Nie zapomnij o bi\u017cuterii. Grube bransolety, d\u0142ugie naszyjniki czy kolczyki w ciep\u0142ych, jesiennych kolorach mog\u0105 w subtelny spos\u00f3b podkre\u015bli\u0107 charakter stylizacji. Warto tak\u017ce pami\u0119ta\u0107 o pasach, kt\u00f3re mog\u0105 doda\u0107 struktury i kszta\u0142tu lu\u017aniejszym elementom garderoby.<\/p>\n<p><img loading=\"lazy\" class=\"aligncenter size-full wp-image-8984\" src=\"https:\/\/pakuten.pl\/blog\/wp-content\/uploads\/2024\/08\/akcesoria.jpg\" alt=\"jesienne stylizacje\" width=\"741\" height=\"1000\" \/><\/p>\n<h2 class=\"p1\"><span style=\"color: #ff9900;\">Obuwie na przej\u015bciowy sezon<\/span><\/h2>\n<p class=\"p1\">Wa\u017cnym elementem ka\u017cdej stylizacji, zw\u0142aszcza przej\u015bciowej, jest obuwie. Letnie sanda\u0142y zamie\u0144 na botki lub kozaki, kt\u00f3re s\u0105 nie tylko bardziej odpowiednie na jesienne ch\u0142ody, ale i dodaj\u0105 stylizacji charakteru. Spr\u00f3buj nosi\u0107 letnie sukienki z botkami na obcasie lub sneakersami, je\u015bli chcesz uzyska\u0107 bardziej swobodny look. Mo\u017cliwo\u015bci s\u0105 nieograniczone \u2013 kluczem jest eksperymentowanie i odnajdywanie w\u0142asnego stylu.<\/p>\n<div class=\"product-box-container\">\r\n<div class=\"one_third \" style=\"\">\r\n<div class=\"product-box\">\r\n<a href=\"https:\/\/pakuten.pl\/40134-85041-czarne-mokasyny-z-lancuszkiem-brezziana-czarny.html\" target=\"_blank\">\r\n <img src=\"https:\/\/media.pakuten.pl\/234883-large_default\/czarne-mokasyny-z-lancuszkiem-brezziana.jpg\" alt=\"Czarne mokasyny z \u0142a\u0144cuszkiem Brezziana\"\/>\r\n<\/a>\r\n<p>\r\n<a href=\"https:\/\/pakuten.pl\/40134-85041-czarne-mokasyny-z-lancuszkiem-brezziana-czarny.html\" target=\"_blank\">\r\nCzarne mokasyny z \u0142a\u0144cuszkiem Brezziana\r\n<\/a><\/p>\r\n  <p>Cena: 59,99\u00a0z\u0142<\/p>\r\n<a href=\"https:\/\/pakuten.pl\/40134-85041-czarne-mokasyny-z-lancuszkiem-brezziana-czarny.html\" target=\"_blank\" class=\"button\">\r\nZobacz w sklepie\r\n<\/a>\r\n<\/div>\r\n<\/div>\r\n<div class=\"one_third \" style=\"\">\r\n<div class=\"product-box\">\r\n<a href=\"https:\/\/pakuten.pl\/40127-86849-czarne-botki-z-ozdobnym-lancuszkiem-gennie-czarny.html\" target=\"_blank\">\r\n  <img src=\"https:\/\/media.pakuten.pl\/234845-large_default\/czarne-botki-z-ozdobnym-lancuszkiem-gennie.jpg\" alt=\"Czarne botki z ozdobnym \u0142a\u0144cuszkiem Gennie\"\/>\r\n<\/a>\r\n<p>\r\n<a href=\"https:\/\/pakuten.pl\/40127-86849-czarne-botki-z-ozdobnym-lancuszkiem-gennie-czarny.html\" target=\"_blank\">\r\nCzarne botki z ozdobnym \u0142a\u0144cuszkiem Gennie\r\n<\/a><\/p>\r\n  <p>Cena: 89,99\u00a0z\u0142<\/p>\r\n<a href=\"https:\/\/pakuten.pl\/40127-86849-czarne-botki-z-ozdobnym-lancuszkiem-gennie-czarny.html\" target=\"_blank\" class=\"button\">\r\nZobacz w sklepie\r\n<\/a>\r\n<\/div>\r\n<\/div>\r\n<div class=\"one_third last \" style=\"\">\r\n<div class=\"product-box\">\r\n<a href=\"https:\/\/pakuten.pl\/40135-85044-czarne-botki-wiazane-na-sznurowki-jaleen-czarny.html\" target=\"_blank\">\r\n  <img src=\"https:\/\/media.pakuten.pl\/234886-large_default\/czarne-botki-wiazane-na-sznurowki-jaleen.jpg\" alt=\"Czarne botki wi\u0105zane na sznur\u00f3wki Jaleen\"\/>\r\n<\/a>\r\n<p>\r\n<a href=\"https:\/\/pakuten.pl\/40135-85044-czarne-botki-wiazane-na-sznurowki-jaleen-czarny.html\" target=\"_blank\">\r\nCzarne botki wi\u0105zane na sznur\u00f3wki Jaleen\r\n<\/a><\/p>\r\n  <p>Cena: 129,99\u00a0z\u0142<\/p>\r\n<a href=\"https:\/\/pakuten.pl\/40135-85044-czarne-botki-wiazane-na-sznurowki-jaleen-czarny.html\" target=\"_blank\" class=\"button\">\r\nZobacz w sklepie\r\n<\/a>\r\n<\/div>\r\n<\/div><br class=\"clear\"\/>\r\n<\/div>\n<h2 class=\"p1\"><span style=\"color: #ff9900;\">Warstwowanie \u2013 klucz do jesiennych stylizacji<\/span><\/h2>\n<p class=\"p1\">Warstwowanie to doskona\u0142y spos\u00f3b na stworzenie <b>jesiennych stylizacji<\/b> z letnich ubra\u0144. Pozwala na kreatywno\u015b\u0107 i dostosowanie stroju do zmieniaj\u0105cej si\u0119 pogody. Zacznij od lekkich, letnich ubra\u0144, a nast\u0119pnie dodawaj warstwy \u2013 swetry, kurtki, p\u0142aszcze. Dzi\u0119ki temu nie tylko stworzysz ciep\u0142y i wygodny str\u00f3j, ale i zyskasz mo\u017cliwo\u015b\u0107 zdejmowania lub dodawania warstw w zale\u017cno\u015bci od temperatury.<\/p>\n<p>\u00a0<\/p>\n<p class=\"p1\">Tworzenie jesiennych stylizacji z letnich ubra\u0144 to \u015bwietny spos\u00f3b na wykorzystanie ca\u0142ej garderoby przez ca\u0142y rok. Kluczem jest kreatywno\u015b\u0107 i umiej\u0119tne \u0142\u0105czenie r\u00f3\u017cnych element\u00f3w w harmonijn\u0105 ca\u0142o\u015b\u0107. Nie b\u00f3j si\u0119 eksperymentowa\u0107 z kolorami, tkaninami i akcesoriami \u2013 to one nadadz\u0105 Twoim stylizacjom wyj\u0105tkowego charakteru. Pami\u0119taj, \u017ce moda jest zabaw\u0105 i sposobem na wyra\u017cenie siebie, a przej\u015bciowy sezon to doskona\u0142y moment na odkrycie nowych mo\u017cliwo\u015bci w swojej szafie.<\/p>\n\n\n<div class=\"kk-star-ratings kksr-auto kksr-align-right kksr-valign-bottom\"\n    data-payload='{&quot;align&quot;:&quot;right&quot;,&quot;id&quot;:&quot;8972&quot;,&quot;slug&quot;:&quot;default&quot;,&quot;valign&quot;:&quot;bottom&quot;,&quot;ignore&quot;:&quot;&quot;,&quot;reference&quot;:&quot;auto&quot;,&quot;class&quot;:&quot;&quot;,&quot;count&quot;:&quot;1&quot;,&quot;legendonly&quot;:&quot;&quot;,&quot;readonly&quot;:&quot;&quot;,&quot;score&quot;:&quot;1&quot;,&quot;starsonly&quot;:&quot;&quot;,&quot;best&quot;:&quot;5&quot;,&quot;gap&quot;:&quot;5&quot;,&quot;greet&quot;:&quot;Rate this post&quot;,&quot;legend&quot;:&quot;1\\\/5 - (1 vote)&quot;,&quot;size&quot;:&quot;24&quot;,&quot;width&quot;:&quot;26.5&quot;,&quot;_legend&quot;:&quot;{score}\\\/{best} - ({count} {votes})&quot;,&quot;font_factor&quot;:&quot;1.25&quot;}'>\n            \n<div class=\"kksr-stars\">\n    \n<div class=\"kksr-stars-inactive\">\n            <div class=\"kksr-star\" data-star=\"1\" style=\"padding-right: 5px\">\n            \n\n<div class=\"kksr-icon\" style=\"width: 24px; height: 24px;\"><\/div>\n        <\/div>\n            <div class=\"kksr-star\" data-star=\"2\" style=\"padding-right: 5px\">\n            \n\n<div class=\"kksr-icon\" style=\"width: 24px; height: 24px;\"><\/div>\n        <\/div>\n            <div class=\"kksr-star\" data-star=\"3\" style=\"padding-right: 5px\">\n            \n\n<div class=\"kksr-icon\" style=\"width: 24px; height: 24px;\"><\/div>\n        <\/div>\n            <div class=\"kksr-star\" data-star=\"4\" style=\"padding-right: 5px\">\n            \n\n<div class=\"kksr-icon\" style=\"width: 24px; height: 24px;\"><\/div>\n        <\/div>\n            <div class=\"kksr-star\" data-star=\"5\" style=\"padding-right: 5px\">\n            \n\n<div class=\"kksr-icon\" style=\"width: 24px; height: 24px;\"><\/div>\n        <\/div>\n    <\/div>\n    \n<div class=\"kksr-stars-active\" style=\"width: 26.5px;\">\n            <div class=\"kksr-star\" style=\"padding-right: 5px\">\n            \n\n<div class=\"kksr-icon\" style=\"width: 24px; height: 24px;\"><\/div>\n        <\/div>\n            <div class=\"kksr-star\" style=\"padding-right: 5px\">\n            \n\n<div class=\"kksr-icon\" style=\"width: 24px; height: 24px;\"><\/div>\n        <\/div>\n            <div class=\"kksr-star\" style=\"padding-right: 5px\">\n            \n\n<div class=\"kksr-icon\" style=\"width: 24px; height: 24px;\"><\/div>\n        <\/div>\n            <div class=\"kksr-star\" style=\"padding-right: 5px\">\n            \n\n<div class=\"kksr-icon\" style=\"width: 24px; height: 24px;\"><\/div>\n        <\/div>\n            <div class=\"kksr-star\" style=\"padding-right: 5px\">\n            \n\n<div class=\"kksr-icon\" style=\"width: 24px; height: 24px;\"><\/div>\n        <\/div>\n    <\/div>\n<\/div>\n                \n\n<div class=\"kksr-legend\" style=\"font-size: 19.2px;\">\n            1\/5 - (1 vote)    <\/div>\n    <\/div>\n","protected":false},"excerpt":{"rendered":"<p>Jesienne stylizacje cz\u0119sto kojarz\u0105 si\u0119 z grubymi swetrami, p\u0142aszczami i ciep\u0142ymi dodatkami. Jednak czy wiesz, \u017ce wiele letnich ubra\u0144 mo\u017cna z powodzeniem nosi\u0107 tak\u017ce w ch\u0142odniejsze dni? Warto maksymalnie wykorzysta\u0107 swoj\u0105 garderob\u0119, tworz\u0105c modne i funkcjonalne zestawy na przej\u015bciowy sezon. Zamiast chowa\u0107 ulubione sukienki czy lekkie bluzki na dno szafy, spr\u00f3buj po\u0142\u0105czy\u0107 je z jesiennymi elementami garderoby. Oto kilka sposob\u00f3w na przekszta\u0142cenie letnich ubra\u0144 w modne i komfortowe zestawy na ch\u0142odniejsze dni.<\/p>\n","protected":false},"author":3,"featured_media":8987,"comment_status":"open","ping_status":"open","sticky":false,"template":"","format":"standard","meta":[],"categories":[5],"tags":[],"yoast_head":"<!-- This site is optimized with the Yoast SEO plugin v18.4.1 - https:\/\/yoast.com\/wordpress\/plugins\/seo\/ -->\n<title>Jesienne stylizacje z letnich ubra\u0144: pomys\u0142y na modne przej\u015bcie mi\u0119dzy sezonami - Pakuten blog<\/title>\n<meta name=\"description\" content=\"Jesienne stylizacje cz\u0119sto kojarz\u0105 si\u0119 z grubymi swetrami, p\u0142aszczami i ciep\u0142ymi dodatkami. Jednak czy wiesz, \u017ce wiele letnich ubra\u0144 mo\u017cna z powodzeniem nosi\u0107 tak\u017ce w ch\u0142odniejsze dni?\" \/>\n<meta name=\"robots\" content=\"index, follow, max-snippet:-1, max-image-preview:large, max-video-preview:-1\" \/>\n<link rel=\"canonical\" href=\"https:\/\/pakuten.pl\/blog\/jesienne-stylizacje-z-letnich-ubran-pomysly-na-modne-przejscie-miedzy-sezonami\/\" \/>\n<meta property=\"og:locale\" content=\"pl_PL\" \/>\n<meta property=\"og:type\" content=\"article\" \/>\n<meta property=\"og:title\" content=\"Jesienne stylizacje z letnich ubra\u0144: pomys\u0142y na modne przej\u015bcie mi\u0119dzy sezonami - Pakuten blog\" \/>\n<meta property=\"og:description\" content=\"Jesienne stylizacje cz\u0119sto kojarz\u0105 si\u0119 z grubymi swetrami, p\u0142aszczami i ciep\u0142ymi dodatkami. Jednak czy wiesz, \u017ce wiele letnich ubra\u0144 mo\u017cna z powodzeniem nosi\u0107 tak\u017ce w ch\u0142odniejsze dni?\" \/>\n<meta property=\"og:url\" content=\"https:\/\/pakuten.pl\/blog\/jesienne-stylizacje-z-letnich-ubran-pomysly-na-modne-przejscie-miedzy-sezonami\/\" \/>\n<meta property=\"og:site_name\" content=\"Pakuten blog\" \/>\n<meta property=\"article:published_time\" content=\"2024-08-30T11:45:00+00:00\" \/>\n<meta property=\"article:modified_time\" content=\"2024-08-27T11:48:07+00:00\" \/>\n<meta property=\"og:image\" content=\"https:\/\/pakuten.pl\/blog\/wp-content\/uploads\/2024\/08\/Jesienne-Stylizacje-z-Letnich-Ubran\u0301.png\" \/>\n\t<meta property=\"og:image:width\" content=\"1280\" \/>\n\t<meta property=\"og:image:height\" content=\"853\" \/>\n\t<meta property=\"og:image:type\" content=\"image\/png\" \/>\n<meta name=\"twitter:card\" content=\"summary_large_image\" \/>\n<meta name=\"twitter:label1\" content=\"Napisane przez\" \/>\n\t<meta name=\"twitter:data1\" content=\"Pakuten Girl\" \/>\n\t<meta name=\"twitter:label2\" content=\"Szacowany czas czytania\" \/>\n\t<meta name=\"twitter:data2\" content=\"6 minut\" \/>\n<script type=\"application\/ld+json\" class=\"yoast-schema-graph\">{\"@context\":\"https:\/\/schema.org\",\"@graph\":[{\"@type\":\"Organization\",\"@id\":\"https:\/\/pakuten.pl\/blog\/#organization\",\"name\":\"Pakuten\",\"url\":\"https:\/\/pakuten.pl\/blog\/\",\"sameAs\":[],\"logo\":{\"@type\":\"ImageObject\",\"@id\":\"https:\/\/pakuten.pl\/blog\/#logo\",\"inLanguage\":\"pl-PL\",\"url\":\"http:\/\/pakuten.pl\/blog\/wp-content\/uploads\/2018\/01\/pakuten_logo.png\",\"contentUrl\":\"http:\/\/pakuten.pl\/blog\/wp-content\/uploads\/2018\/01\/pakuten_logo.png\",\"width\":300,\"height\":120,\"caption\":\"Pakuten\"},\"image\":{\"@id\":\"https:\/\/pakuten.pl\/blog\/#logo\"}},{\"@type\":\"WebSite\",\"@id\":\"https:\/\/pakuten.pl\/blog\/#website\",\"url\":\"https:\/\/pakuten.pl\/blog\/\",\"name\":\"Pakuten blog\",\"description\":\"Blog sklepu internetowego pakuten.pl\",\"publisher\":{\"@id\":\"https:\/\/pakuten.pl\/blog\/#organization\"},\"potentialAction\":[{\"@type\":\"SearchAction\",\"target\":{\"@type\":\"EntryPoint\",\"urlTemplate\":\"https:\/\/pakuten.pl\/blog\/?s={search_term_string}\"},\"query-input\":\"required name=search_term_string\"}],\"inLanguage\":\"pl-PL\"},{\"@type\":\"ImageObject\",\"@id\":\"https:\/\/pakuten.pl\/blog\/jesienne-stylizacje-z-letnich-ubran-pomysly-na-modne-przejscie-miedzy-sezonami\/#primaryimage\",\"inLanguage\":\"pl-PL\",\"url\":\"https:\/\/pakuten.pl\/blog\/wp-content\/uploads\/2024\/08\/Jesienne-Stylizacje-z-Letnich-Ubran\u0301.png\",\"contentUrl\":\"https:\/\/pakuten.pl\/blog\/wp-content\/uploads\/2024\/08\/Jesienne-Stylizacje-z-Letnich-Ubran\u0301.png\",\"width\":1280,\"height\":853},{\"@type\":\"WebPage\",\"@id\":\"https:\/\/pakuten.pl\/blog\/jesienne-stylizacje-z-letnich-ubran-pomysly-na-modne-przejscie-miedzy-sezonami\/#webpage\",\"url\":\"https:\/\/pakuten.pl\/blog\/jesienne-stylizacje-z-letnich-ubran-pomysly-na-modne-przejscie-miedzy-sezonami\/\",\"name\":\"Jesienne stylizacje z letnich ubra\u0144: pomys\u0142y na modne przej\u015bcie mi\u0119dzy sezonami - Pakuten blog\",\"isPartOf\":{\"@id\":\"https:\/\/pakuten.pl\/blog\/#website\"},\"primaryImageOfPage\":{\"@id\":\"https:\/\/pakuten.pl\/blog\/jesienne-stylizacje-z-letnich-ubran-pomysly-na-modne-przejscie-miedzy-sezonami\/#primaryimage\"},\"datePublished\":\"2024-08-30T11:45:00+00:00\",\"dateModified\":\"2024-08-27T11:48:07+00:00\",\"description\":\"Jesienne stylizacje cz\u0119sto kojarz\u0105 si\u0119 z grubymi swetrami, p\u0142aszczami i ciep\u0142ymi dodatkami. Jednak czy wiesz, \u017ce wiele letnich ubra\u0144 mo\u017cna z powodzeniem nosi\u0107 tak\u017ce w ch\u0142odniejsze dni?\",\"breadcrumb\":{\"@id\":\"https:\/\/pakuten.pl\/blog\/jesienne-stylizacje-z-letnich-ubran-pomysly-na-modne-przejscie-miedzy-sezonami\/#breadcrumb\"},\"inLanguage\":\"pl-PL\",\"potentialAction\":[{\"@type\":\"ReadAction\",\"target\":[\"https:\/\/pakuten.pl\/blog\/jesienne-stylizacje-z-letnich-ubran-pomysly-na-modne-przejscie-miedzy-sezonami\/\"]}]},{\"@type\":\"BreadcrumbList\",\"@id\":\"https:\/\/pakuten.pl\/blog\/jesienne-stylizacje-z-letnich-ubran-pomysly-na-modne-przejscie-miedzy-sezonami\/#breadcrumb\",\"itemListElement\":[{\"@type\":\"ListItem\",\"position\":1,\"name\":\"Strona g\u0142\u00f3wna\",\"item\":\"https:\/\/pakuten.pl\/blog\/\"},{\"@type\":\"ListItem\",\"position\":2,\"name\":\"Jesienne stylizacje z letnich ubra\u0144: pomys\u0142y na modne przej\u015bcie mi\u0119dzy sezonami\"}]},{\"@type\":\"Article\",\"@id\":\"https:\/\/pakuten.pl\/blog\/jesienne-stylizacje-z-letnich-ubran-pomysly-na-modne-przejscie-miedzy-sezonami\/#article\",\"isPartOf\":{\"@id\":\"https:\/\/pakuten.pl\/blog\/jesienne-stylizacje-z-letnich-ubran-pomysly-na-modne-przejscie-miedzy-sezonami\/#webpage\"},\"author\":{\"@id\":\"https:\/\/pakuten.pl\/blog\/#\/schema\/person\/d7133af30211381a4e4536d088384556\"},\"headline\":\"Jesienne stylizacje z letnich ubra\u0144: pomys\u0142y na modne przej\u015bcie mi\u0119dzy sezonami\",\"datePublished\":\"2024-08-30T11:45:00+00:00\",\"dateModified\":\"2024-08-27T11:48:07+00:00\",\"mainEntityOfPage\":{\"@id\":\"https:\/\/pakuten.pl\/blog\/jesienne-stylizacje-z-letnich-ubran-pomysly-na-modne-przejscie-miedzy-sezonami\/#webpage\"},\"wordCount\":1003,\"commentCount\":0,\"publisher\":{\"@id\":\"https:\/\/pakuten.pl\/blog\/#organization\"},\"image\":{\"@id\":\"https:\/\/pakuten.pl\/blog\/jesienne-stylizacje-z-letnich-ubran-pomysly-na-modne-przejscie-miedzy-sezonami\/#primaryimage\"},\"thumbnailUrl\":\"https:\/\/pakuten.pl\/blog\/wp-content\/uploads\/2024\/08\/Jesienne-Stylizacje-z-Letnich-Ubran\u0301.png\",\"articleSection\":[\"Inspirations\"],\"inLanguage\":\"pl-PL\",\"potentialAction\":[{\"@type\":\"CommentAction\",\"name\":\"Comment\",\"target\":[\"https:\/\/pakuten.pl\/blog\/jesienne-stylizacje-z-letnich-ubran-pomysly-na-modne-przejscie-miedzy-sezonami\/#respond\"]}]},{\"@type\":\"Person\",\"@id\":\"https:\/\/pakuten.pl\/blog\/#\/schema\/person\/d7133af30211381a4e4536d088384556\",\"name\":\"Pakuten Girl\",\"image\":{\"@type\":\"ImageObject\",\"@id\":\"https:\/\/pakuten.pl\/blog\/#personlogo\",\"inLanguage\":\"pl-PL\",\"url\":\"https:\/\/secure.gravatar.com\/avatar\/d3df41de2caf92e6cfded9430c2ff352?s=96&d=mm&r=g\",\"contentUrl\":\"https:\/\/secure.gravatar.com\/avatar\/d3df41de2caf92e6cfded9430c2ff352?s=96&d=mm&r=g\",\"caption\":\"Pakuten Girl\"},\"description\":\"Cze\u015b\u0107, nazywam si\u0119 Ola. Kocham Netflixa, sals\u0119, nowo\u015bci kosmetyczne i najnowsze trendy w modzie.\",\"url\":\"https:\/\/pakuten.pl\/blog\/author\/pakuten-girl\/\"}]}<\/script>\n<!-- \/ Yoast SEO plugin. -->","yoast_head_json":{"title":"Jesienne stylizacje z letnich ubra\u0144: pomys\u0142y na modne przej\u015bcie mi\u0119dzy sezonami - Pakuten blog","description":"Jesienne stylizacje cz\u0119sto kojarz\u0105 si\u0119 z grubymi swetrami, p\u0142aszczami i ciep\u0142ymi dodatkami. Jednak czy wiesz, \u017ce wiele letnich ubra\u0144 mo\u017cna z powodzeniem nosi\u0107 tak\u017ce w ch\u0142odniejsze dni?","robots":{"index":"index","follow":"follow","max-snippet":"max-snippet:-1","max-image-preview":"max-image-preview:large","max-video-preview":"max-video-preview:-1"},"canonical":"https:\/\/pakuten.pl\/blog\/jesienne-stylizacje-z-letnich-ubran-pomysly-na-modne-przejscie-miedzy-sezonami\/","og_locale":"pl_PL","og_type":"article","og_title":"Jesienne stylizacje z letnich ubra\u0144: pomys\u0142y na modne przej\u015bcie mi\u0119dzy sezonami - Pakuten blog","og_description":"Jesienne stylizacje cz\u0119sto kojarz\u0105 si\u0119 z grubymi swetrami, p\u0142aszczami i ciep\u0142ymi dodatkami. Jednak czy wiesz, \u017ce wiele letnich ubra\u0144 mo\u017cna z powodzeniem nosi\u0107 tak\u017ce w ch\u0142odniejsze dni?","og_url":"https:\/\/pakuten.pl\/blog\/jesienne-stylizacje-z-letnich-ubran-pomysly-na-modne-przejscie-miedzy-sezonami\/","og_site_name":"Pakuten blog","article_published_time":"2024-08-30T11:45:00+00:00","article_modified_time":"2024-08-27T11:48:07+00:00","og_image":[{"width":1280,"height":853,"url":"https:\/\/pakuten.pl\/blog\/wp-content\/uploads\/2024\/08\/Jesienne-Stylizacje-z-Letnich-Ubran\u0301.png","type":"image\/png"}],"twitter_card":"summary_large_image","twitter_misc":{"Napisane przez":"Pakuten Girl","Szacowany czas czytania":"6 minut"},"schema":{"@context":"https:\/\/schema.org","@graph":[{"@type":"Organization","@id":"https:\/\/pakuten.pl\/blog\/#organization","name":"Pakuten","url":"https:\/\/pakuten.pl\/blog\/","sameAs":[],"logo":{"@type":"ImageObject","@id":"https:\/\/pakuten.pl\/blog\/#logo","inLanguage":"pl-PL","url":"http:\/\/pakuten.pl\/blog\/wp-content\/uploads\/2018\/01\/pakuten_logo.png","contentUrl":"http:\/\/pakuten.pl\/blog\/wp-content\/uploads\/2018\/01\/pakuten_logo.png","width":300,"height":120,"caption":"Pakuten"},"image":{"@id":"https:\/\/pakuten.pl\/blog\/#logo"}},{"@type":"WebSite","@id":"https:\/\/pakuten.pl\/blog\/#website","url":"https:\/\/pakuten.pl\/blog\/","name":"Pakuten blog","description":"Blog sklepu internetowego pakuten.pl","publisher":{"@id":"https:\/\/pakuten.pl\/blog\/#organization"},"potentialAction":[{"@type":"SearchAction","target":{"@type":"EntryPoint","urlTemplate":"https:\/\/pakuten.pl\/blog\/?s={search_term_string}"},"query-input":"required name=search_term_string"}],"inLanguage":"pl-PL"},{"@type":"ImageObject","@id":"https:\/\/pakuten.pl\/blog\/jesienne-stylizacje-z-letnich-ubran-pomysly-na-modne-przejscie-miedzy-sezonami\/#primaryimage","inLanguage":"pl-PL","url":"https:\/\/pakuten.pl\/blog\/wp-content\/uploads\/2024\/08\/Jesienne-Stylizacje-z-Letnich-Ubran\u0301.png","contentUrl":"https:\/\/pakuten.pl\/blog\/wp-content\/uploads\/2024\/08\/Jesienne-Stylizacje-z-Letnich-Ubran\u0301.png","width":1280,"height":853},{"@type":"WebPage","@id":"https:\/\/pakuten.pl\/blog\/jesienne-stylizacje-z-letnich-ubran-pomysly-na-modne-przejscie-miedzy-sezonami\/#webpage","url":"https:\/\/pakuten.pl\/blog\/jesienne-stylizacje-z-letnich-ubran-pomysly-na-modne-przejscie-miedzy-sezonami\/","name":"Jesienne stylizacje z letnich ubra\u0144: pomys\u0142y na modne przej\u015bcie mi\u0119dzy sezonami - Pakuten blog","isPartOf":{"@id":"https:\/\/pakuten.pl\/blog\/#website"},"primaryImageOfPage":{"@id":"https:\/\/pakuten.pl\/blog\/jesienne-stylizacje-z-letnich-ubran-pomysly-na-modne-przejscie-miedzy-sezonami\/#primaryimage"},"datePublished":"2024-08-30T11:45:00+00:00","dateModified":"2024-08-27T11:48:07+00:00","description":"Jesienne stylizacje cz\u0119sto kojarz\u0105 si\u0119 z grubymi swetrami, p\u0142aszczami i ciep\u0142ymi dodatkami. Jednak czy wiesz, \u017ce wiele letnich ubra\u0144 mo\u017cna z powodzeniem nosi\u0107 tak\u017ce w ch\u0142odniejsze dni?","breadcrumb":{"@id":"https:\/\/pakuten.pl\/blog\/jesienne-stylizacje-z-letnich-ubran-pomysly-na-modne-przejscie-miedzy-sezonami\/#breadcrumb"},"inLanguage":"pl-PL","potentialAction":[{"@type":"ReadAction","target":["https:\/\/pakuten.pl\/blog\/jesienne-stylizacje-z-letnich-ubran-pomysly-na-modne-przejscie-miedzy-sezonami\/"]}]},{"@type":"BreadcrumbList","@id":"https:\/\/pakuten.pl\/blog\/jesienne-stylizacje-z-letnich-ubran-pomysly-na-modne-przejscie-miedzy-sezonami\/#breadcrumb","itemListElement":[{"@type":"ListItem","position":1,"name":"Strona g\u0142\u00f3wna","item":"https:\/\/pakuten.pl\/blog\/"},{"@type":"ListItem","position":2,"name":"Jesienne stylizacje z letnich ubra\u0144: pomys\u0142y na modne przej\u015bcie mi\u0119dzy sezonami"}]},{"@type":"Article","@id":"https:\/\/pakuten.pl\/blog\/jesienne-stylizacje-z-letnich-ubran-pomysly-na-modne-przejscie-miedzy-sezonami\/#article","isPartOf":{"@id":"https:\/\/pakuten.pl\/blog\/jesienne-stylizacje-z-letnich-ubran-pomysly-na-modne-przejscie-miedzy-sezonami\/#webpage"},"author":{"@id":"https:\/\/pakuten.pl\/blog\/#\/schema\/person\/d7133af30211381a4e4536d088384556"},"headline":"Jesienne stylizacje z letnich ubra\u0144: pomys\u0142y na modne przej\u015bcie mi\u0119dzy sezonami","datePublished":"2024-08-30T11:45:00+00:00","dateModified":"2024-08-27T11:48:07+00:00","mainEntityOfPage":{"@id":"https:\/\/pakuten.pl\/blog\/jesienne-stylizacje-z-letnich-ubran-pomysly-na-modne-przejscie-miedzy-sezonami\/#webpage"},"wordCount":1003,"commentCount":0,"publisher":{"@id":"https:\/\/pakuten.pl\/blog\/#organization"},"image":{"@id":"https:\/\/pakuten.pl\/blog\/jesienne-stylizacje-z-letnich-ubran-pomysly-na-modne-przejscie-miedzy-sezonami\/#primaryimage"},"thumbnailUrl":"https:\/\/pakuten.pl\/blog\/wp-content\/uploads\/2024\/08\/Jesienne-Stylizacje-z-Letnich-Ubran\u0301.png","articleSection":["Inspirations"],"inLanguage":"pl-PL","potentialAction":[{"@type":"CommentAction","name":"Comment","target":["https:\/\/pakuten.pl\/blog\/jesienne-stylizacje-z-letnich-ubran-pomysly-na-modne-przejscie-miedzy-sezonami\/#respond"]}]},{"@type":"Person","@id":"https:\/\/pakuten.pl\/blog\/#\/schema\/person\/d7133af30211381a4e4536d088384556","name":"Pakuten Girl","image":{"@type":"ImageObject","@id":"https:\/\/pakuten.pl\/blog\/#personlogo","inLanguage":"pl-PL","url":"https:\/\/secure.gravatar.com\/avatar\/d3df41de2caf92e6cfded9430c2ff352?s=96&d=mm&r=g","contentUrl":"https:\/\/secure.gravatar.com\/avatar\/d3df41de2caf92e6cfded9430c2ff352?s=96&d=mm&r=g","caption":"Pakuten Girl"},"description":"Cze\u015b\u0107, nazywam si\u0119 Ola. Kocham Netflixa, sals\u0119, nowo\u015bci kosmetyczne i najnowsze trendy w modzie.","url":"https:\/\/pakuten.pl\/blog\/author\/pakuten-girl\/"}]}},"_links":{"self":[{"href":"https:\/\/pakuten.pl\/blog\/wp-json\/wp\/v2\/posts\/8972"}],"collection":[{"href":"https:\/\/pakuten.pl\/blog\/wp-json\/wp\/v2\/posts"}],"about":[{"href":"https:\/\/pakuten.pl\/blog\/wp-json\/wp\/v2\/types\/post"}],"author":[{"embeddable":true,"href":"https:\/\/pakuten.pl\/blog\/wp-json\/wp\/v2\/users\/3"}],"replies":[{"embeddable":true,"href":"https:\/\/pakuten.pl\/blog\/wp-json\/wp\/v2\/comments?post=8972"}],"version-history":[{"count":14,"href":"https:\/\/pakuten.pl\/blog\/wp-json\/wp\/v2\/posts\/8972\/revisions"}],"predecessor-version":[{"id":8989,"href":"https:\/\/pakuten.pl\/blog\/wp-json\/wp\/v2\/posts\/8972\/revisions\/8989"}],"wp:featuredmedia":[{"embeddable":true,"href":"https:\/\/pakuten.pl\/blog\/wp-json\/wp\/v2\/media\/8987"}],"wp:attachment":[{"href":"https:\/\/pakuten.pl\/blog\/wp-json\/wp\/v2\/media?parent=8972"}],"wp:term":[{"taxonomy":"category","embeddable":true,"href":"https:\/\/pakuten.pl\/blog\/wp-json\/wp\/v2\/categories?post=8972"},{"taxonomy":"post_tag","embeddable":true,"href":"https:\/\/pakuten.pl\/blog\/wp-json\/wp\/v2\/tags?post=8972"}],"curies":[{"name":"wp","href":"https:\/\/api.w.org\/{rel}","templated":true}]}}