{"id":8990,"date":"2024-09-02T14:16:00","date_gmt":"2024-09-02T12:16:00","guid":{"rendered":"https:\/\/pakuten.pl\/blog\/?p=8990"},"modified":"2024-08-28T14:21:54","modified_gmt":"2024-08-28T12:21:54","slug":"niezbedniki-na-jesien-jakie-okrycia-wierzchnie-i-buty-warto-miec-w-swojej-garderobie","status":"publish","type":"post","link":"https:\/\/pakuten.pl\/blog\/niezbedniki-na-jesien-jakie-okrycia-wierzchnie-i-buty-warto-miec-w-swojej-garderobie\/","title":{"rendered":"Niezb\u0119dniki na jesie\u0144: Jakie okrycia wierzchnie i buty warto mie\u0107 w swojej garderobie?"},"content":{"rendered":"\n<p class=\"p1\"><strong>Buty s\u0105 kluczowym elementem ka\u017cdej jesiennej stylizacji. Odpowiednio dobrane mog\u0105 nie tylko podkre\u015bli\u0107 indywidualny styl, ale r\u00f3wnie\u017c zapewni\u0107 komfort i ochron\u0119 przed zmiennymi warunkami pogodowymi. Kiedy li\u015bcie zaczynaj\u0105 zmienia\u0107 kolory, a temperatura spada, warto zainwestowa\u0107 w buty, kt\u00f3re b\u0119d\u0105 zar\u00f3wno funkcjonalne, jak i modne. Jednak buty to tylko cz\u0119\u015b\u0107 r\u00f3wnania. W\u0142a\u015bciwe okrycia wierzchnie s\u0105 r\u00f3wnie wa\u017cne, aby stworzy\u0107 sp\u00f3jn\u0105 i stylow\u0105 jesienn\u0105 garderob\u0119. W tym wpisie przyjrzymy si\u0119, jakie okrycia wierzchnie i buty powinny znale\u017a\u0107 si\u0119 w Twojej szafie tej jesieni.<\/strong><\/p>\n<h2 class=\"p1\"><span style=\"color: #ff9900;\">Klasyka i elegancja: P\u0142aszcze i botki na jesie\u0144<\/span><\/h2>\n<p class=\"p1\" style=\"text-align: left;\">P\u0142aszcze i botki to klasyki, kt\u00f3re zawsze powinny znajdowa\u0107 si\u0119 w jesiennej garderobie. P\u0142aszcze to nie tylko praktyczne <span style=\"color: #ff9900;\"><a style=\"color: #ff9900;\" href=\"https:\/\/pakuten.pl\/23-okrycia-wierzchnie\" target=\"_blank\" rel=\"noopener\">okrycia<\/a><\/span>, ale tak\u017ce stylowe elementy, kt\u00f3re mog\u0105 zdefiniowa\u0107 Twoje outfity. W tym sezonie na czo\u0142o wysuwaj\u0105 si\u0119 p\u0142aszcze w odcieniach be\u017cu, szaro\u015bci i g\u0142\u0119bokich br\u0105z\u00f3w. Klasyczny trencz to must-have, kt\u00f3ry \u0142\u0105czy elegancj\u0119 z funkcjonalno\u015bci\u0105. Z kolei botki w odcieniach czerni, br\u0105zu i bordo stanowi\u0105 uniwersalne uzupe\u0142nienie ka\u017cdej stylizacji.<\/p>\n<div class=\"product-box-container\">\r\n<div class=\"one_third \" style=\"\">\r\n<div class=\"product-box\">\r\n<a href=\"https:\/\/pakuten.pl\/40152-85104-dlugi-wiazany-plaszcz-kaydence-odcienie-brazu-odcienie-brazu.html\" target=\"_blank\">\r\n <img src=\"https:\/\/media.pakuten.pl\/234970-large_default\/dlugi-wiazany-plaszcz-kaydence-odcienie-brazu.jpg\" alt=\"D\u0142ugi wi\u0105zany trencz Kaydence - odcienie br\u0105zu\"\/>\r\n<\/a>\r\n<p>\r\n<a href=\"https:\/\/pakuten.pl\/40152-85104-dlugi-wiazany-plaszcz-kaydence-odcienie-brazu-odcienie-brazu.html\" target=\"_blank\">\r\nD\u0142ugi wi\u0105zany trencz Kaydence - odcienie br\u0105zu\r\n<\/a><\/p>\r\n  <p>Cena: 149,99\u00a0z\u0142<\/p>\r\n<a href=\"https:\/\/pakuten.pl\/40152-85104-dlugi-wiazany-plaszcz-kaydence-odcienie-brazu-odcienie-brazu.html\" target=\"_blank\" class=\"button\">\r\nZobacz w sklepie\r\n<\/a>\r\n<\/div>\r\n<\/div>\r\n<div class=\"one_third \" style=\"\">\r\n<div class=\"product-box\">\r\n<a href=\"https:\/\/pakuten.pl\/33726-74731-plaszcz-typu-teddy-lerzzko-odcienie-brazu-odcienie-brazu.html\" target=\"_blank\">\r\n  <img src=\"https:\/\/media.pakuten.pl\/202538-large_default\/plaszcz-typu-teddy-lerzzko-odcienie-brazu.jpg\" alt=\"P\u0142aszcz typu teddy Lerzzko - odcienie br\u0105zu\"\/>\r\n<\/a>\r\n<p>\r\n<a href=\"https:\/\/pakuten.pl\/33726-74731-plaszcz-typu-teddy-lerzzko-odcienie-brazu-odcienie-brazu.html\" target=\"_blank\">\r\nP\u0142aszcz typu teddy Lerzzko - odcienie br\u0105zu\r\n<\/a><\/p>\r\n  <p>Cena: 265,99\u00a0z\u0142<\/p>\r\n<a href=\"https:\/\/pakuten.pl\/33726-74731-plaszcz-typu-teddy-lerzzko-odcienie-brazu-odcienie-brazu.html\" target=\"_blank\" class=\"button\">\r\nZobacz w sklepie\r\n<\/a>\r\n<\/div>\r\n<\/div>\r\n<div class=\"one_third last \" style=\"\">\r\n<div class=\"product-box\">\r\n<a href=\"https:\/\/pakuten.pl\/33447-74199-czarny-dlugi-mieciutki-plaszcz-ze-sztucznego-futra-menillo-czarny.html\" target=\"_blank\">\r\n  <img src=\"https:\/\/media.pakuten.pl\/201417-large_default\/czarny-dlugi-mieciutki-plaszcz-ze-sztucznego-futra-menillo.jpg\" alt=\"Czarny d\u0142ugi mi\u0119ciutki p\u0142aszcz ze sztucznego futra Menillo\"\/>\r\n<\/a>\r\n<p>\r\n<a href=\"https:\/\/pakuten.pl\/33447-74199-czarny-dlugi-mieciutki-plaszcz-ze-sztucznego-futra-menillo-czarny.html\" target=\"_blank\">\r\nCzarny d\u0142ugi mi\u0119ciutki p\u0142aszcz ze sztucznego futra Menillo\r\n<\/a><\/p>\r\n  <p>Cena: 199,99\u00a0z\u0142<\/p>\r\n<a href=\"https:\/\/pakuten.pl\/33447-74199-czarny-dlugi-mieciutki-plaszcz-ze-sztucznego-futra-menillo-czarny.html\" target=\"_blank\" class=\"button\">\r\nZobacz w sklepie\r\n<\/a>\r\n<\/div>\r\n<\/div><br class=\"clear\"\/>\r\n<\/div>\n<p class=\"p1\">P\u0142aszcze w krat\u0119 s\u0105 tak\u017ce na topie. To \u015bwietna opcja dla tych, kt\u00f3rzy lubi\u0105 nieco bardziej odwa\u017cne wzory, ale nie chc\u0105 rezygnowa\u0107 z elegancji. Kratka doskonale komponuje si\u0119 z prostymi, jednokolorowymi butami, tworz\u0105c harmonijn\u0105 ca\u0142o\u015b\u0107.<\/p>\n<p class=\"p1\">Botki na s\u0142upku to idealny wyb\u00f3r dla os\u00f3b, kt\u00f3re ceni\u0105 sobie wygod\u0119 i styl. Dzi\u0119ki stabilnemu obcasowi mo\u017cna je nosi\u0107 przez ca\u0142y dzie\u0144, a ich r\u00f3\u017cnorodne wzory i kolory pozwalaj\u0105 na \u0142atwe dopasowanie do r\u00f3\u017cnych stylizacji.<\/p>\n<p><img loading=\"lazy\" class=\"aligncenter size-full wp-image-8992\" src=\"https:\/\/pakuten.pl\/blog\/wp-content\/uploads\/2024\/08\/Botki-na-slupku.jpg\" alt=\"\" width=\"741\" height=\"1000\" \/><\/p>\n<h2 class=\"p1\"><span style=\"color: #ff9900;\">Casualowa wygoda: Kurtki i sneakersy<\/span><\/h2>\n<p class=\"p1\">Nie ka\u017cdy dzie\u0144 jesieni wymaga formalnych rozwi\u0105za\u0144. Warto mie\u0107 w swojej szafie tak\u017ce kurtki, kt\u00f3re zapewni\u0105 komfort w mniej oficjalnych okoliczno\u015bciach. Kurtki typu bomber czy parka to doskona\u0142y wyb\u00f3r na codzienne, casualowe stylizacje. Parka, cz\u0119sto ocieplana i wodoodporna, sprawdzi si\u0119 w ch\u0142odniejsze dni, natomiast bomberka b\u0119dzie idealna na bardziej \u0142agodne, suche dni.<\/p>\n<div class=\"product-box-container\">\r\n<div class=\"one_third \" style=\"\">\r\n<div class=\"product-box\">\r\n<a href=\"https:\/\/pakuten.pl\/40138-85058-malinowa-kurtka-zapinana-na-zamek-kirstenn-malinowy.html\" target=\"_blank\">\r\n <img src=\"https:\/\/media.pakuten.pl\/234898-large_default\/malinowa-kurtka-zapinana-na-zamek-kirstenn.jpg\" alt=\"Malinowa kurtka zapinana na zamek Kirstenn\"\/>\r\n<\/a>\r\n<p>\r\n<a href=\"https:\/\/pakuten.pl\/40138-85058-malinowa-kurtka-zapinana-na-zamek-kirstenn-malinowy.html\" target=\"_blank\">\r\nMalinowa kurtka zapinana na zamek Kirstenn\r\n<\/a><\/p>\r\n  <p>Cena: 169,99\u00a0z\u0142<\/p>\r\n<a href=\"https:\/\/pakuten.pl\/40138-85058-malinowa-kurtka-zapinana-na-zamek-kirstenn-malinowy.html\" target=\"_blank\" class=\"button\">\r\nZobacz w sklepie\r\n<\/a>\r\n<\/div>\r\n<\/div>\r\n<div class=\"one_third \" style=\"\">\r\n<div class=\"product-box\">\r\n<a href=\"https:\/\/pakuten.pl\/40133-85037-kamizelka-z-kozuszkiem-criselda-odcienie-brazu-odcienie-brazu.html\" target=\"_blank\">\r\n  <img src=\"https:\/\/media.pakuten.pl\/234878-large_default\/kamizelka-z-kozuszkiem-criselda-odcienie-brazu.jpg\" alt=\"Kamizelka z ko\u017cuszkiem Criselda - odcienie br\u0105zu\"\/>\r\n<\/a>\r\n<p>\r\n<a href=\"https:\/\/pakuten.pl\/40133-85037-kamizelka-z-kozuszkiem-criselda-odcienie-brazu-odcienie-brazu.html\" target=\"_blank\">\r\nKamizelka z ko\u017cuszkiem Criselda - odcienie br\u0105zu\r\n<\/a><\/p>\r\n  <p>Cena: 149,99\u00a0z\u0142<\/p>\r\n<a href=\"https:\/\/pakuten.pl\/40133-85037-kamizelka-z-kozuszkiem-criselda-odcienie-brazu-odcienie-brazu.html\" target=\"_blank\" class=\"button\">\r\nZobacz w sklepie\r\n<\/a>\r\n<\/div>\r\n<\/div>\r\n<div class=\"one_third last \" style=\"\">\r\n<div class=\"product-box\">\r\n<a href=\"https:\/\/pakuten.pl\/40139-85056-bezowy-krotki-trencz-z-eko-skory-liealia-bezowy.html\" target=\"_blank\">\r\n  <img src=\"https:\/\/media.pakuten.pl\/234903-large_default\/bezowy-krotki-trencz-z-eko-skory-liealia.jpg\" alt=\"Be\u017cowy kr\u00f3tki trencz z eko sk\u00f3ry Liealia\"\/>\r\n<\/a>\r\n<p>\r\n<a href=\"https:\/\/pakuten.pl\/40139-85056-bezowy-krotki-trencz-z-eko-skory-liealia-bezowy.html\" target=\"_blank\">\r\nBe\u017cowy kr\u00f3tki trencz z eko sk\u00f3ry Liealia\r\n<\/a><\/p>\r\n  <p>Cena: 149,99\u00a0z\u0142<\/p>\r\n<a href=\"https:\/\/pakuten.pl\/40139-85056-bezowy-krotki-trencz-z-eko-skory-liealia-bezowy.html\" target=\"_blank\" class=\"button\">\r\nZobacz w sklepie\r\n<\/a>\r\n<\/div>\r\n<\/div><br class=\"clear\"\/>\r\n<\/div>\n<p class=\"p1\">Do casualowych stylizacji \u015bwietnie pasuj\u0105 sneakersy. W tym sezonie modne s\u0105 zar\u00f3wno klasyczne bia\u0142e modele, jak i te w bardziej wyrazistych kolorach. Sneakersy s\u0105 wszechstronne i wygodne, co czyni je doskona\u0142ym wyborem na d\u0142ugie spacery czy codzienne obowi\u0105zki. Po\u0142\u0105czenie sportowych but\u00f3w z jeansami i kurtk\u0105 bomberk\u0105 to sprawdzony spos\u00f3b na stworzenie modnego i wygodnego looku.<\/p>\n<h2 class=\"p1\"><span style=\"color: #ff9900;\">Elegancja i komfort: Ciep\u0142e p\u0142aszcze i eleganckie sztyblety<\/span><\/h2>\n<p class=\"p1\">Na bardziej eleganckie okazje warto postawi\u0107 na ciep\u0142e p\u0142aszcze w klasycznych fasonach, takie jak dwurz\u0119dowe modele czy p\u0142aszcze z we\u0142ny. To idealne rozwi\u0105zanie na wieczorne wyj\u015bcia czy spotkania biznesowe. W po\u0142\u0105czeniu z eleganckimi sztybletami stworz\u0105 sp\u00f3jn\u0105, wysmakowan\u0105 stylizacj\u0119.<\/p>\n<p class=\"p1\">Sztyblety, podobnie jak botki, s\u0105 doskona\u0142ym wyborem na ch\u0142odne dni. Charakteryzuj\u0105 si\u0119 prost\u0105, eleganck\u0105 form\u0105, kt\u00f3ra sprawia, \u017ce pasuj\u0105 zar\u00f3wno do spodni, jak i sukienek. Wybieraj\u0105c sztyblety, zwr\u00f3\u0107 uwag\u0119 na materia\u0142y \u2013 sk\u00f3rzane modele s\u0105 bardziej trwa\u0142e i odporne na zmienne warunki pogodowe.<\/p>\n<h2><span style=\"color: #ff9900;\">\u015aniegowce i kozaki: Nowoczesne akcenty w jesiennej garderobie<\/span><\/h2>\n<p>Kiedy nadchodzi jesie\u0144, a pogoda staje si\u0119 coraz bardziej kapry\u015bna, warto pomy\u015ble\u0107 o \u015bniegowcach, kt\u00f3re genialnie komponuj\u0105 si\u0119 z jesiennymi stylizacjami. \u015aniegowce, cho\u0107 cz\u0119sto kojarzone z zimowym sezonem, s\u0105 r\u00f3wnie\u017c \u015bwietnym wyborem na jesie\u0144, szczeg\u00f3lnie w deszczowe dni. Wykonane z wodoodpornych materia\u0142\u00f3w i wyposa\u017cone w antypo\u015blizgowe podeszwy, zapewniaj\u0105 wygod\u0119 i ochron\u0119 przed wilgoci\u0105. Mo\u017cna je zestawi\u0107 z casualowymi jeansami, kurtkami typu parka lub z p\u0142aszczami, tworz\u0105c modny i funkcjonalny look.<div class=\"product-box-container\">\r\n<div class=\"one_third \" style=\"\">\r\n<div class=\"product-box\">\r\n<a href=\"https:\/\/pakuten.pl\/40126-84995-wsuwane-sniegowce-na-platformie-puebla-odcienie-brazu-odcienie-brazu.html\" target=\"_blank\">\r\n <img src=\"https:\/\/media.pakuten.pl\/234840-large_default\/wsuwane-sniegowce-na-platformie-puebla-odcienie-brazu.jpg\" alt=\"Wsuwane \u015bniegowce na platformie Puebla - odcienie br\u0105zu\"\/>\r\n<\/a>\r\n<p>\r\n<a href=\"https:\/\/pakuten.pl\/40126-84995-wsuwane-sniegowce-na-platformie-puebla-odcienie-brazu-odcienie-brazu.html\" target=\"_blank\">\r\nWsuwane \u015bniegowce na platformie Puebla - odcienie br\u0105zu\r\n<\/a><\/p>\r\n  <p>Cena: 129,99\u00a0z\u0142<\/p>\r\n<a href=\"https:\/\/pakuten.pl\/40126-84995-wsuwane-sniegowce-na-platformie-puebla-odcienie-brazu-odcienie-brazu.html\" target=\"_blank\" class=\"button\">\r\nZobacz w sklepie\r\n<\/a>\r\n<\/div>\r\n<\/div>\r\n<div class=\"one_third \" style=\"\">\r\n<div class=\"product-box\">\r\n<a href=\"https:\/\/pakuten.pl\/40125-84992-czarne-wsuwane-sniegowce-na-platformie-puebla-czarny.html\" target=\"_blank\">\r\n  <img src=\"https:\/\/media.pakuten.pl\/234835-large_default\/czarne-wsuwane-sniegowce-na-platformie-puebla.jpg\" alt=\"Czarne wsuwane \u015bniegowce na platformie Puebla\"\/>\r\n<\/a>\r\n<p>\r\n<a href=\"https:\/\/pakuten.pl\/40125-84992-czarne-wsuwane-sniegowce-na-platformie-puebla-czarny.html\" target=\"_blank\">\r\nCzarne wsuwane \u015bniegowce na platformie Puebla\r\n<\/a><\/p>\r\n  <p>Cena: 129,99\u00a0z\u0142<\/p>\r\n<a href=\"https:\/\/pakuten.pl\/40125-84992-czarne-wsuwane-sniegowce-na-platformie-puebla-czarny.html\" target=\"_blank\" class=\"button\">\r\nZobacz w sklepie\r\n<\/a>\r\n<\/div>\r\n<\/div>\r\n<div class=\"one_third last \" style=\"\">\r\n<div class=\"product-box\">\r\n<a href=\"https:\/\/pakuten.pl\/40124-84988-karmelowe-wsuwane-sniegowce-na-platformie-puebla-karmelowy.html\" target=\"_blank\">\r\n  <img src=\"https:\/\/media.pakuten.pl\/234830-large_default\/karmelowe-wsuwane-sniegowce-na-platformie-puebla.jpg\" alt=\"Karmelowe wsuwane \u015bniegowce na platformie Puebla\"\/>\r\n<\/a>\r\n<p>\r\n<a href=\"https:\/\/pakuten.pl\/40124-84988-karmelowe-wsuwane-sniegowce-na-platformie-puebla-karmelowy.html\" target=\"_blank\">\r\nKarmelowe wsuwane \u015bniegowce na platformie Puebla\r\n<\/a><\/p>\r\n  <p>Cena: 129,99\u00a0z\u0142<\/p>\r\n<a href=\"https:\/\/pakuten.pl\/40124-84988-karmelowe-wsuwane-sniegowce-na-platformie-puebla-karmelowy.html\" target=\"_blank\" class=\"button\">\r\nZobacz w sklepie\r\n<\/a>\r\n<\/div>\r\n<\/div><br class=\"clear\"\/>\r\n<\/div>\n<p>Kozaki z kolei to doskona\u0142a alternatywa na ch\u0142odniejsze dni, kt\u00f3re dodaj\u0105 elegancji i stylu ka\u017cdej stylizacji. W tym sezonie popularne s\u0105 zar\u00f3wno wysokie kozaki na obcasie, kt\u00f3re \u015bwietnie komponuj\u0105 si\u0119 z sukienkami i sp\u00f3dnicami, jak i modele na p\u0142askiej podeszwie, idealne do codziennych, miejskich stylizacji. Kozaki w odcieniach klasycznej czerni, br\u0105zu czy w odwa\u017cniejszych kolorach, jak bordo czy oliwka, mog\u0105 by\u0107 doskona\u0142ym uzupe\u0142nieniem zar\u00f3wno eleganckich, jak i casualowych outfit\u00f3w.<\/p>\n<div class=\"product-box-container\">\r\n<div class=\"one_third \" style=\"\">\r\n<div class=\"product-box\">\r\n<a href=\"https:\/\/pakuten.pl\/40128-85008-czarne-kozaki-na-obcasie-crissie-czarny.html\" target=\"_blank\">\r\n <img src=\"https:\/\/media.pakuten.pl\/234849-large_default\/czarne-kozaki-na-obcasie-crissie.jpg\" alt=\"Czarne kozaki na obcasie Crissie\"\/>\r\n<\/a>\r\n<p>\r\n<a href=\"https:\/\/pakuten.pl\/40128-85008-czarne-kozaki-na-obcasie-crissie-czarny.html\" target=\"_blank\">\r\nCzarne kozaki na obcasie Crissie\r\n<\/a><\/p>\r\n  <p>Cena: 99,99\u00a0z\u0142<\/p>\r\n<a href=\"https:\/\/pakuten.pl\/40128-85008-czarne-kozaki-na-obcasie-crissie-czarny.html\" target=\"_blank\" class=\"button\">\r\nZobacz w sklepie\r\n<\/a>\r\n<\/div>\r\n<\/div>\r\n<div class=\"one_third \" style=\"\">\r\n<div class=\"product-box\">\r\n<a href=\"https:\/\/pakuten.pl\/40165-85139-czarne-kozaki-na-obcasie-elethea-czarny.html\" target=\"_blank\">\r\n  <img src=\"https:\/\/media.pakuten.pl\/235034-large_default\/czarne-kozaki-na-obcasie-elethea.jpg\" alt=\"Czarne kozaki na obcasie Elethea\"\/>\r\n<\/a>\r\n<p>\r\n<a href=\"https:\/\/pakuten.pl\/40165-85139-czarne-kozaki-na-obcasie-elethea-czarny.html\" target=\"_blank\">\r\nCzarne kozaki na obcasie Elethea\r\n<\/a><\/p>\r\n  <p>Cena: 99,99\u00a0z\u0142<\/p>\r\n<a href=\"https:\/\/pakuten.pl\/40165-85139-czarne-kozaki-na-obcasie-elethea-czarny.html\" target=\"_blank\" class=\"button\">\r\nZobacz w sklepie\r\n<\/a>\r\n<\/div>\r\n<\/div>\r\n<div class=\"one_third last \" style=\"\">\r\n<div class=\"product-box\">\r\n<a href=\"https:\/\/pakuten.pl\/40136-85054-czarne-kozaki-z-ozdobnym-lancuszkiem-fajar-czarny.html\" target=\"_blank\">\r\n  <img src=\"https:\/\/media.pakuten.pl\/234892-large_default\/czarne-kozaki-z-ozdobnym-lancuszkiem-fajar.jpg\" alt=\"Czarne kozaki z ozdobnym \u0142a\u0144cuszkiem Fajar\"\/>\r\n<\/a>\r\n<p>\r\n<a href=\"https:\/\/pakuten.pl\/40136-85054-czarne-kozaki-z-ozdobnym-lancuszkiem-fajar-czarny.html\" target=\"_blank\">\r\nCzarne kozaki z ozdobnym \u0142a\u0144cuszkiem Fajar\r\n<\/a><\/p>\r\n  <p>Cena: 99,99\u00a0z\u0142<\/p>\r\n<a href=\"https:\/\/pakuten.pl\/40136-85054-czarne-kozaki-z-ozdobnym-lancuszkiem-fajar-czarny.html\" target=\"_blank\" class=\"button\">\r\nZobacz w sklepie\r\n<\/a>\r\n<\/div>\r\n<\/div><br class=\"clear\"\/>\r\n<\/div>\n<h2 class=\"p1\"><span style=\"color: #ff9900;\">Wzory i kolory: Jak \u0142\u0105czy\u0107 okrycia wierzchnie i buty<\/span><\/h2>\n<p class=\"p1\">W tym sezonie warto bawi\u0107 si\u0119 kolorami i wzorami. P\u0142aszcze w odcieniach pastelowych, jak pudrowy r\u00f3\u017c czy mi\u0119ta, mog\u0105 by\u0107 \u015bwietnym kontrastem dla ciemniejszych, bardziej stonowanych but\u00f3w. Z kolei klasyczne odcienie p\u0142aszczy, jak granat czy szaro\u015b\u0107, doskonale komponuj\u0105 si\u0119 z butami w intensywniejszych kolorach, takich jak czerwie\u0144 czy ziele\u0144.<\/p>\n<p class=\"p1\">Kratka i pepitka to wzory, kt\u00f3re zdominowa\u0142y tegoroczne trendy. Je\u015bli zdecydujesz si\u0119 na okrycie wierzchnie w krat\u0119, warto postawi\u0107 na jednokolorowe <span style=\"color: #ff9900;\"><a style=\"color: #ff9900;\" href=\"https:\/\/pakuten.pl\/87-buty\" target=\"_blank\" rel=\"noopener\">buty<\/a><\/span>, kt\u00f3re nie b\u0119d\u0105 przyt\u0142acza\u0107 stylizacji. Z kolei je\u015bli Twoje buty s\u0105 wzorzyste, postaraj si\u0119, aby reszta stroju by\u0142a stonowana i jednolita.<\/p>\n<h2 class=\"p1\"><span style=\"color: #ff9900;\">Piel\u0119gnacja i przechowywanie: Jak dba\u0107 o okrycia wierzchnie i buty<\/span><\/h2>\n<p class=\"p1\">Piel\u0119gnacja okry\u0107 wierzchnich i but\u00f3w jest kluczowa, aby mog\u0142y s\u0142u\u017cy\u0107 przez wiele sezon\u00f3w. P\u0142aszcze i kurtki warto regularnie czy\u015bci\u0107 zgodnie z instrukcj\u0105 na metce, a tak\u017ce impregnowa\u0107, aby chroni\u0107 je przed wilgoci\u0105. Buty nale\u017cy czy\u015bci\u0107 i konserwowa\u0107 odpowiednimi preparatami, kt\u00f3re zabezpiecz\u0105 sk\u00f3r\u0119 przed dzia\u0142aniem czynnik\u00f3w atmosferycznych.<\/p>\n<blockquote class=\"instagram-media\" style=\"background: #FFF; border: 0; border-radius: 3px; box-shadow: 0 0 1px 0 rgba(0,0,0,0.5),0 1px 10px 0 rgba(0,0,0,0.15); margin: 1px; max-width: 540px; min-width: 326px; padding: 0; width: calc(100% - 2px);\" data-instgrm-permalink=\"https:\/\/www.instagram.com\/p\/C_Igr4jobb6\/?utm_source=ig_embed&amp;utm_campaign=loading\" data-instgrm-version=\"14\">\n<div style=\"padding: 16px;\">\n<div style=\"display: flex; flex-direction: row; align-items: center;\">\n<div style=\"background-color: #f4f4f4; border-radius: 50%; flex-grow: 0; height: 40px; margin-right: 14px; width: 40px;\">\u00a0<\/div>\n<div style=\"display: flex; flex-direction: column; flex-grow: 1; justify-content: center;\">\n<div style=\"background-color: #f4f4f4; border-radius: 4px; flex-grow: 0; height: 14px; margin-bottom: 6px; width: 100px;\">\u00a0<\/div>\n<div style=\"background-color: #f4f4f4; border-radius: 4px; flex-grow: 0; height: 14px; width: 60px;\">\u00a0<\/div>\n<\/div>\n<\/div>\n<div style=\"padding: 19% 0;\">\u00a0<\/div>\n<div style=\"display: block; height: 50px; margin: 0 auto 12px; width: 50px;\">\u00a0<\/div>\n<div style=\"padding-top: 8px;\">\n<div style=\"color: #3897f0; font-family: Arial,sans-serif; font-size: 14px; font-style: normal; font-weight: 550; line-height: 18px;\">Wy\u015bwietl ten post na Instagramie<\/div>\n<\/div>\n<div style=\"padding: 12.5% 0;\">\u00a0<\/div>\n<div style=\"display: flex; flex-direction: row; margin-bottom: 14px; align-items: center;\">\n<div>\n<div style=\"background-color: #f4f4f4; border-radius: 50%; height: 12.5px; width: 12.5px; transform: translateX(0px) translateY(7px);\">\u00a0<\/div>\n<div style=\"background-color: #f4f4f4; height: 12.5px; transform: rotate(-45deg) translateX(3px) translateY(1px); width: 12.5px; flex-grow: 0; margin-right: 14px; margin-left: 2px;\">\u00a0<\/div>\n<div style=\"background-color: #f4f4f4; border-radius: 50%; height: 12.5px; width: 12.5px; transform: translateX(9px) translateY(-18px);\">\u00a0<\/div>\n<\/div>\n<div style=\"margin-left: 8px;\">\n<div style=\"background-color: #f4f4f4; border-radius: 50%; flex-grow: 0; height: 20px; width: 20px;\">\u00a0<\/div>\n<div style=\"width: 0; height: 0; border-top: 2px solid transparent; border-left: 6px solid #f4f4f4; border-bottom: 2px solid transparent; transform: translateX(16px) translateY(-4px) rotate(30deg);\">\u00a0<\/div>\n<\/div>\n<div style=\"margin-left: auto;\">\n<div style=\"width: 0px; border-top: 8px solid #F4F4F4; border-right: 8px solid transparent; transform: translateY(16px);\">\u00a0<\/div>\n<div style=\"background-color: #f4f4f4; flex-grow: 0; height: 12px; width: 16px; transform: translateY(-4px);\">\u00a0<\/div>\n<div style=\"width: 0; height: 0; border-top: 8px solid #F4F4F4; border-left: 8px solid transparent; transform: translateY(-4px) translateX(8px);\">\u00a0<\/div>\n<\/div>\n<\/div>\n<div style=\"display: flex; flex-direction: column; flex-grow: 1; justify-content: center; margin-bottom: 24px;\">\n<div style=\"background-color: #f4f4f4; border-radius: 4px; flex-grow: 0; height: 14px; margin-bottom: 6px; width: 224px;\">\u00a0<\/div>\n<div style=\"background-color: #f4f4f4; border-radius: 4px; flex-grow: 0; height: 14px; width: 144px;\">\u00a0<\/div>\n<\/div>\n<p style=\"color: #c9c8cd; font-family: Arial,sans-serif; font-size: 14px; line-height: 17px; margin-bottom: 0; margin-top: 8px; overflow: hidden; padding: 8px 0 7px; text-align: center; text-overflow: ellipsis; white-space: nowrap;\"><a style=\"color: #c9c8cd; font-family: Arial,sans-serif; font-size: 14px; font-style: normal; font-weight: normal; line-height: 17px; text-decoration: none;\" href=\"https:\/\/www.instagram.com\/p\/C_Igr4jobb6\/?utm_source=ig_embed&amp;utm_campaign=loading\" target=\"_blank\" rel=\"noopener\">Post udost\u0119pniony przez Pakuten.pl \u2022 Modna i tania odzie\u017c damska (@pakuten.official)<\/a><\/p>\n<\/div>\n<\/blockquote>\n<p><script async src=\"\/\/www.instagram.com\/embed.js\"><\/script><\/p>\n<p class=\"p1\">Odpowiednie przechowywanie r\u00f3wnie\u017c jest istotne. Buty najlepiej trzyma\u0107 w pude\u0142kach lub na specjalnych p\u00f3\u0142kach, kt\u00f3re zapewni\u0105 im odpowiedni\u0105 cyrkulacj\u0119 powietrza. Okrycia wierzchnie najlepiej przechowywa\u0107 na wieszakach, kt\u00f3re nie zniekszta\u0142caj\u0105 ich fasonu.<\/p>\n<p>\u00a0<\/p>\n<p class=\"p1\">W tym sezonie jesiennym warto zainwestowa\u0107 zar\u00f3wno w eleganckie p\u0142aszcze, jak i praktyczne kurtki, oraz w r\u00f3\u017cnorodne buty, kt\u00f3re b\u0119d\u0105 odpowiada\u0142y na r\u00f3\u017cne potrzeby i okazje. Klasyczne p\u0142aszcze, botki, casualowe kurtki i sneakersy to must-have ka\u017cdej garderoby, kt\u00f3re pozwol\u0105 Ci cieszy\u0107 si\u0119 modnym i komfortowym wygl\u0105dem przez ca\u0142y sezon. Nie zapominaj r\u00f3wnie\u017c o piel\u0119gnacji swoich okry\u0107 wierzchnich i but\u00f3w, aby mog\u0142y s\u0142u\u017cy\u0107 Ci przez wiele lat. Dzi\u0119ki odpowiednim wyborom i dba\u0142o\u015bci o szczeg\u00f3\u0142y, Twoja jesienna garderoba zyska nowy, \u015bwie\u017cy wygl\u0105d.<\/p>\n\n\n<div class=\"kk-star-ratings kksr-auto kksr-align-right kksr-valign-bottom\"\n    data-payload='{&quot;align&quot;:&quot;right&quot;,&quot;id&quot;:&quot;8990&quot;,&quot;slug&quot;:&quot;default&quot;,&quot;valign&quot;:&quot;bottom&quot;,&quot;ignore&quot;:&quot;&quot;,&quot;reference&quot;:&quot;auto&quot;,&quot;class&quot;:&quot;&quot;,&quot;count&quot;:&quot;1&quot;,&quot;legendonly&quot;:&quot;&quot;,&quot;readonly&quot;:&quot;&quot;,&quot;score&quot;:&quot;1&quot;,&quot;starsonly&quot;:&quot;&quot;,&quot;best&quot;:&quot;5&quot;,&quot;gap&quot;:&quot;5&quot;,&quot;greet&quot;:&quot;Rate this post&quot;,&quot;legend&quot;:&quot;1\\\/5 - (1 vote)&quot;,&quot;size&quot;:&quot;24&quot;,&quot;width&quot;:&quot;26.5&quot;,&quot;_legend&quot;:&quot;{score}\\\/{best} - ({count} {votes})&quot;,&quot;font_factor&quot;:&quot;1.25&quot;}'>\n            \n<div class=\"kksr-stars\">\n    \n<div class=\"kksr-stars-inactive\">\n            <div class=\"kksr-star\" data-star=\"1\" style=\"padding-right: 5px\">\n            \n\n<div class=\"kksr-icon\" style=\"width: 24px; height: 24px;\"><\/div>\n        <\/div>\n            <div class=\"kksr-star\" data-star=\"2\" style=\"padding-right: 5px\">\n            \n\n<div class=\"kksr-icon\" style=\"width: 24px; height: 24px;\"><\/div>\n        <\/div>\n            <div class=\"kksr-star\" data-star=\"3\" style=\"padding-right: 5px\">\n            \n\n<div class=\"kksr-icon\" style=\"width: 24px; height: 24px;\"><\/div>\n        <\/div>\n            <div class=\"kksr-star\" data-star=\"4\" style=\"padding-right: 5px\">\n            \n\n<div class=\"kksr-icon\" style=\"width: 24px; height: 24px;\"><\/div>\n        <\/div>\n            <div class=\"kksr-star\" data-star=\"5\" style=\"padding-right: 5px\">\n            \n\n<div class=\"kksr-icon\" style=\"width: 24px; height: 24px;\"><\/div>\n        <\/div>\n    <\/div>\n    \n<div class=\"kksr-stars-active\" style=\"width: 26.5px;\">\n            <div class=\"kksr-star\" style=\"padding-right: 5px\">\n            \n\n<div class=\"kksr-icon\" style=\"width: 24px; height: 24px;\"><\/div>\n        <\/div>\n            <div class=\"kksr-star\" style=\"padding-right: 5px\">\n            \n\n<div class=\"kksr-icon\" style=\"width: 24px; height: 24px;\"><\/div>\n        <\/div>\n            <div class=\"kksr-star\" style=\"padding-right: 5px\">\n            \n\n<div class=\"kksr-icon\" style=\"width: 24px; height: 24px;\"><\/div>\n        <\/div>\n            <div class=\"kksr-star\" style=\"padding-right: 5px\">\n            \n\n<div class=\"kksr-icon\" style=\"width: 24px; height: 24px;\"><\/div>\n        <\/div>\n            <div class=\"kksr-star\" style=\"padding-right: 5px\">\n            \n\n<div class=\"kksr-icon\" style=\"width: 24px; height: 24px;\"><\/div>\n        <\/div>\n    <\/div>\n<\/div>\n                \n\n<div class=\"kksr-legend\" style=\"font-size: 19.2px;\">\n            1\/5 - (1 vote)    <\/div>\n    <\/div>\n","protected":false},"excerpt":{"rendered":"<p class=\"p1\" style=\"margin: 0px; font-variant-numeric: normal; font-variant-east-asian: normal; font-variant-alternates: normal; font-size-adjust: none; font-kerning: auto; font-optical-sizing: auto; font-feature-settings: normal; font-variation-settings: normal; font-variant-position: normal; font-stretch: normal; font-size: 12px; line-height: normal; font-family: 'Helvetica Neue'; color: #000000;\">Buty s\u0105 kluczowym elementem ka\u017cdej jesiennej stylizacji. Odpowiednio dobrane mog\u0105 nie tylko podkre\u015bli\u0107 indywidualny styl, ale r\u00f3wnie\u017c zapewni\u0107 komfort i ochron\u0119 przed zmiennymi warunkami pogodowymi. Kiedy li\u015bcie zaczynaj\u0105 zmienia\u0107 kolory, a temperatura spada, warto zainwestowa\u0107 w buty, kt\u00f3re b\u0119d\u0105 zar\u00f3wno funkcjonalne, jak i modne. Jednak buty to tylko cz\u0119\u015b\u0107 r\u00f3wnania. W\u0142a\u015bciwe okrycia wierzchnie s\u0105 r\u00f3wnie wa\u017cne, aby stworzy\u0107 sp\u00f3jn\u0105 i stylow\u0105 jesienn\u0105 garderob\u0119. W tym wpisie przyjrzymy si\u0119, jakie okrycia wierzchnie i buty powinny znale\u017a\u0107 si\u0119 w Twojej szafie tej jesieni.<\/p>\n","protected":false},"author":3,"featured_media":8998,"comment_status":"open","ping_status":"open","sticky":false,"template":"","format":"standard","meta":[],"categories":[3],"tags":[],"yoast_head":"<!-- This site is optimized with the Yoast SEO plugin v18.4.1 - https:\/\/yoast.com\/wordpress\/plugins\/seo\/ -->\n<title>Niezb\u0119dniki na jesie\u0144: Jakie okrycia wierzchnie i buty warto mie\u0107 w swojej garderobie? - Pakuten blog<\/title>\n<meta name=\"description\" content=\"W tym wpisie przyjrzymy si\u0119, jakie okrycia wierzchnie i buty powinny znale\u017a\u0107 si\u0119 w Twojej szafie tej jesieni.\" \/>\n<meta name=\"robots\" content=\"index, follow, max-snippet:-1, max-image-preview:large, max-video-preview:-1\" \/>\n<link rel=\"canonical\" href=\"https:\/\/pakuten.pl\/blog\/niezbedniki-na-jesien-jakie-okrycia-wierzchnie-i-buty-warto-miec-w-swojej-garderobie\/\" \/>\n<meta property=\"og:locale\" content=\"pl_PL\" \/>\n<meta property=\"og:type\" content=\"article\" \/>\n<meta property=\"og:title\" content=\"Niezb\u0119dniki na jesie\u0144: Jakie okrycia wierzchnie i buty warto mie\u0107 w swojej garderobie? - Pakuten blog\" \/>\n<meta property=\"og:description\" content=\"W tym wpisie przyjrzymy si\u0119, jakie okrycia wierzchnie i buty powinny znale\u017a\u0107 si\u0119 w Twojej szafie tej jesieni.\" \/>\n<meta property=\"og:url\" content=\"https:\/\/pakuten.pl\/blog\/niezbedniki-na-jesien-jakie-okrycia-wierzchnie-i-buty-warto-miec-w-swojej-garderobie\/\" \/>\n<meta property=\"og:site_name\" content=\"Pakuten blog\" \/>\n<meta property=\"article:published_time\" content=\"2024-09-02T12:16:00+00:00\" \/>\n<meta property=\"article:modified_time\" content=\"2024-08-28T12:21:54+00:00\" \/>\n<meta property=\"og:image\" content=\"https:\/\/pakuten.pl\/blog\/wp-content\/uploads\/2024\/08\/Niezbe\u0328dniki-na-jesien\u0301-Jakie-okrycia-wierzchnie-i-buty-warto-miec\u0301-w-swojej-garderobie.png\" \/>\n\t<meta property=\"og:image:width\" content=\"1280\" \/>\n\t<meta property=\"og:image:height\" content=\"853\" \/>\n\t<meta property=\"og:image:type\" content=\"image\/png\" \/>\n<meta name=\"twitter:card\" content=\"summary_large_image\" \/>\n<meta name=\"twitter:label1\" content=\"Napisane przez\" \/>\n\t<meta name=\"twitter:data1\" content=\"Pakuten Girl\" \/>\n\t<meta name=\"twitter:label2\" content=\"Szacowany czas czytania\" \/>\n\t<meta name=\"twitter:data2\" content=\"6 minut\" \/>\n<script type=\"application\/ld+json\" class=\"yoast-schema-graph\">{\"@context\":\"https:\/\/schema.org\",\"@graph\":[{\"@type\":\"Organization\",\"@id\":\"https:\/\/pakuten.pl\/blog\/#organization\",\"name\":\"Pakuten\",\"url\":\"https:\/\/pakuten.pl\/blog\/\",\"sameAs\":[],\"logo\":{\"@type\":\"ImageObject\",\"@id\":\"https:\/\/pakuten.pl\/blog\/#logo\",\"inLanguage\":\"pl-PL\",\"url\":\"http:\/\/pakuten.pl\/blog\/wp-content\/uploads\/2018\/01\/pakuten_logo.png\",\"contentUrl\":\"http:\/\/pakuten.pl\/blog\/wp-content\/uploads\/2018\/01\/pakuten_logo.png\",\"width\":300,\"height\":120,\"caption\":\"Pakuten\"},\"image\":{\"@id\":\"https:\/\/pakuten.pl\/blog\/#logo\"}},{\"@type\":\"WebSite\",\"@id\":\"https:\/\/pakuten.pl\/blog\/#website\",\"url\":\"https:\/\/pakuten.pl\/blog\/\",\"name\":\"Pakuten blog\",\"description\":\"Blog sklepu internetowego pakuten.pl\",\"publisher\":{\"@id\":\"https:\/\/pakuten.pl\/blog\/#organization\"},\"potentialAction\":[{\"@type\":\"SearchAction\",\"target\":{\"@type\":\"EntryPoint\",\"urlTemplate\":\"https:\/\/pakuten.pl\/blog\/?s={search_term_string}\"},\"query-input\":\"required name=search_term_string\"}],\"inLanguage\":\"pl-PL\"},{\"@type\":\"ImageObject\",\"@id\":\"https:\/\/pakuten.pl\/blog\/niezbedniki-na-jesien-jakie-okrycia-wierzchnie-i-buty-warto-miec-w-swojej-garderobie\/#primaryimage\",\"inLanguage\":\"pl-PL\",\"url\":\"https:\/\/pakuten.pl\/blog\/wp-content\/uploads\/2024\/08\/Niezbe\u0328dniki-na-jesien\u0301-Jakie-okrycia-wierzchnie-i-buty-warto-miec\u0301-w-swojej-garderobie.png\",\"contentUrl\":\"https:\/\/pakuten.pl\/blog\/wp-content\/uploads\/2024\/08\/Niezbe\u0328dniki-na-jesien\u0301-Jakie-okrycia-wierzchnie-i-buty-warto-miec\u0301-w-swojej-garderobie.png\",\"width\":1280,\"height\":853},{\"@type\":\"WebPage\",\"@id\":\"https:\/\/pakuten.pl\/blog\/niezbedniki-na-jesien-jakie-okrycia-wierzchnie-i-buty-warto-miec-w-swojej-garderobie\/#webpage\",\"url\":\"https:\/\/pakuten.pl\/blog\/niezbedniki-na-jesien-jakie-okrycia-wierzchnie-i-buty-warto-miec-w-swojej-garderobie\/\",\"name\":\"Niezb\u0119dniki na jesie\u0144: Jakie okrycia wierzchnie i buty warto mie\u0107 w swojej garderobie? - Pakuten blog\",\"isPartOf\":{\"@id\":\"https:\/\/pakuten.pl\/blog\/#website\"},\"primaryImageOfPage\":{\"@id\":\"https:\/\/pakuten.pl\/blog\/niezbedniki-na-jesien-jakie-okrycia-wierzchnie-i-buty-warto-miec-w-swojej-garderobie\/#primaryimage\"},\"datePublished\":\"2024-09-02T12:16:00+00:00\",\"dateModified\":\"2024-08-28T12:21:54+00:00\",\"description\":\"W tym wpisie przyjrzymy si\u0119, jakie okrycia wierzchnie i buty powinny znale\u017a\u0107 si\u0119 w Twojej szafie tej jesieni.\",\"breadcrumb\":{\"@id\":\"https:\/\/pakuten.pl\/blog\/niezbedniki-na-jesien-jakie-okrycia-wierzchnie-i-buty-warto-miec-w-swojej-garderobie\/#breadcrumb\"},\"inLanguage\":\"pl-PL\",\"potentialAction\":[{\"@type\":\"ReadAction\",\"target\":[\"https:\/\/pakuten.pl\/blog\/niezbedniki-na-jesien-jakie-okrycia-wierzchnie-i-buty-warto-miec-w-swojej-garderobie\/\"]}]},{\"@type\":\"BreadcrumbList\",\"@id\":\"https:\/\/pakuten.pl\/blog\/niezbedniki-na-jesien-jakie-okrycia-wierzchnie-i-buty-warto-miec-w-swojej-garderobie\/#breadcrumb\",\"itemListElement\":[{\"@type\":\"ListItem\",\"position\":1,\"name\":\"Strona g\u0142\u00f3wna\",\"item\":\"https:\/\/pakuten.pl\/blog\/\"},{\"@type\":\"ListItem\",\"position\":2,\"name\":\"Niezb\u0119dniki na jesie\u0144: Jakie okrycia wierzchnie i buty warto mie\u0107 w swojej garderobie?\"}]},{\"@type\":\"Article\",\"@id\":\"https:\/\/pakuten.pl\/blog\/niezbedniki-na-jesien-jakie-okrycia-wierzchnie-i-buty-warto-miec-w-swojej-garderobie\/#article\",\"isPartOf\":{\"@id\":\"https:\/\/pakuten.pl\/blog\/niezbedniki-na-jesien-jakie-okrycia-wierzchnie-i-buty-warto-miec-w-swojej-garderobie\/#webpage\"},\"author\":{\"@id\":\"https:\/\/pakuten.pl\/blog\/#\/schema\/person\/d7133af30211381a4e4536d088384556\"},\"headline\":\"Niezb\u0119dniki na jesie\u0144: Jakie okrycia wierzchnie i buty warto mie\u0107 w swojej garderobie?\",\"datePublished\":\"2024-09-02T12:16:00+00:00\",\"dateModified\":\"2024-08-28T12:21:54+00:00\",\"mainEntityOfPage\":{\"@id\":\"https:\/\/pakuten.pl\/blog\/niezbedniki-na-jesien-jakie-okrycia-wierzchnie-i-buty-warto-miec-w-swojej-garderobie\/#webpage\"},\"wordCount\":1085,\"commentCount\":0,\"publisher\":{\"@id\":\"https:\/\/pakuten.pl\/blog\/#organization\"},\"image\":{\"@id\":\"https:\/\/pakuten.pl\/blog\/niezbedniki-na-jesien-jakie-okrycia-wierzchnie-i-buty-warto-miec-w-swojej-garderobie\/#primaryimage\"},\"thumbnailUrl\":\"https:\/\/pakuten.pl\/blog\/wp-content\/uploads\/2024\/08\/Niezbe\u0328dniki-na-jesien\u0301-Jakie-okrycia-wierzchnie-i-buty-warto-miec\u0301-w-swojej-garderobie.png\",\"articleSection\":[\"Top Trends\"],\"inLanguage\":\"pl-PL\",\"potentialAction\":[{\"@type\":\"CommentAction\",\"name\":\"Comment\",\"target\":[\"https:\/\/pakuten.pl\/blog\/niezbedniki-na-jesien-jakie-okrycia-wierzchnie-i-buty-warto-miec-w-swojej-garderobie\/#respond\"]}]},{\"@type\":\"Person\",\"@id\":\"https:\/\/pakuten.pl\/blog\/#\/schema\/person\/d7133af30211381a4e4536d088384556\",\"name\":\"Pakuten Girl\",\"image\":{\"@type\":\"ImageObject\",\"@id\":\"https:\/\/pakuten.pl\/blog\/#personlogo\",\"inLanguage\":\"pl-PL\",\"url\":\"https:\/\/secure.gravatar.com\/avatar\/d3df41de2caf92e6cfded9430c2ff352?s=96&d=mm&r=g\",\"contentUrl\":\"https:\/\/secure.gravatar.com\/avatar\/d3df41de2caf92e6cfded9430c2ff352?s=96&d=mm&r=g\",\"caption\":\"Pakuten Girl\"},\"description\":\"Cze\u015b\u0107, nazywam si\u0119 Ola. Kocham Netflixa, sals\u0119, nowo\u015bci kosmetyczne i najnowsze trendy w modzie.\",\"url\":\"https:\/\/pakuten.pl\/blog\/author\/pakuten-girl\/\"}]}<\/script>\n<!-- \/ Yoast SEO plugin. -->","yoast_head_json":{"title":"Niezb\u0119dniki na jesie\u0144: Jakie okrycia wierzchnie i buty warto mie\u0107 w swojej garderobie? - Pakuten blog","description":"W tym wpisie przyjrzymy si\u0119, jakie okrycia wierzchnie i buty powinny znale\u017a\u0107 si\u0119 w Twojej szafie tej jesieni.","robots":{"index":"index","follow":"follow","max-snippet":"max-snippet:-1","max-image-preview":"max-image-preview:large","max-video-preview":"max-video-preview:-1"},"canonical":"https:\/\/pakuten.pl\/blog\/niezbedniki-na-jesien-jakie-okrycia-wierzchnie-i-buty-warto-miec-w-swojej-garderobie\/","og_locale":"pl_PL","og_type":"article","og_title":"Niezb\u0119dniki na jesie\u0144: Jakie okrycia wierzchnie i buty warto mie\u0107 w swojej garderobie? - Pakuten blog","og_description":"W tym wpisie przyjrzymy si\u0119, jakie okrycia wierzchnie i buty powinny znale\u017a\u0107 si\u0119 w Twojej szafie tej jesieni.","og_url":"https:\/\/pakuten.pl\/blog\/niezbedniki-na-jesien-jakie-okrycia-wierzchnie-i-buty-warto-miec-w-swojej-garderobie\/","og_site_name":"Pakuten blog","article_published_time":"2024-09-02T12:16:00+00:00","article_modified_time":"2024-08-28T12:21:54+00:00","og_image":[{"width":1280,"height":853,"url":"https:\/\/pakuten.pl\/blog\/wp-content\/uploads\/2024\/08\/Niezbe\u0328dniki-na-jesien\u0301-Jakie-okrycia-wierzchnie-i-buty-warto-miec\u0301-w-swojej-garderobie.png","type":"image\/png"}],"twitter_card":"summary_large_image","twitter_misc":{"Napisane przez":"Pakuten Girl","Szacowany czas czytania":"6 minut"},"schema":{"@context":"https:\/\/schema.org","@graph":[{"@type":"Organization","@id":"https:\/\/pakuten.pl\/blog\/#organization","name":"Pakuten","url":"https:\/\/pakuten.pl\/blog\/","sameAs":[],"logo":{"@type":"ImageObject","@id":"https:\/\/pakuten.pl\/blog\/#logo","inLanguage":"pl-PL","url":"http:\/\/pakuten.pl\/blog\/wp-content\/uploads\/2018\/01\/pakuten_logo.png","contentUrl":"http:\/\/pakuten.pl\/blog\/wp-content\/uploads\/2018\/01\/pakuten_logo.png","width":300,"height":120,"caption":"Pakuten"},"image":{"@id":"https:\/\/pakuten.pl\/blog\/#logo"}},{"@type":"WebSite","@id":"https:\/\/pakuten.pl\/blog\/#website","url":"https:\/\/pakuten.pl\/blog\/","name":"Pakuten blog","description":"Blog sklepu internetowego pakuten.pl","publisher":{"@id":"https:\/\/pakuten.pl\/blog\/#organization"},"potentialAction":[{"@type":"SearchAction","target":{"@type":"EntryPoint","urlTemplate":"https:\/\/pakuten.pl\/blog\/?s={search_term_string}"},"query-input":"required name=search_term_string"}],"inLanguage":"pl-PL"},{"@type":"ImageObject","@id":"https:\/\/pakuten.pl\/blog\/niezbedniki-na-jesien-jakie-okrycia-wierzchnie-i-buty-warto-miec-w-swojej-garderobie\/#primaryimage","inLanguage":"pl-PL","url":"https:\/\/pakuten.pl\/blog\/wp-content\/uploads\/2024\/08\/Niezbe\u0328dniki-na-jesien\u0301-Jakie-okrycia-wierzchnie-i-buty-warto-miec\u0301-w-swojej-garderobie.png","contentUrl":"https:\/\/pakuten.pl\/blog\/wp-content\/uploads\/2024\/08\/Niezbe\u0328dniki-na-jesien\u0301-Jakie-okrycia-wierzchnie-i-buty-warto-miec\u0301-w-swojej-garderobie.png","width":1280,"height":853},{"@type":"WebPage","@id":"https:\/\/pakuten.pl\/blog\/niezbedniki-na-jesien-jakie-okrycia-wierzchnie-i-buty-warto-miec-w-swojej-garderobie\/#webpage","url":"https:\/\/pakuten.pl\/blog\/niezbedniki-na-jesien-jakie-okrycia-wierzchnie-i-buty-warto-miec-w-swojej-garderobie\/","name":"Niezb\u0119dniki na jesie\u0144: Jakie okrycia wierzchnie i buty warto mie\u0107 w swojej garderobie? - Pakuten blog","isPartOf":{"@id":"https:\/\/pakuten.pl\/blog\/#website"},"primaryImageOfPage":{"@id":"https:\/\/pakuten.pl\/blog\/niezbedniki-na-jesien-jakie-okrycia-wierzchnie-i-buty-warto-miec-w-swojej-garderobie\/#primaryimage"},"datePublished":"2024-09-02T12:16:00+00:00","dateModified":"2024-08-28T12:21:54+00:00","description":"W tym wpisie przyjrzymy si\u0119, jakie okrycia wierzchnie i buty powinny znale\u017a\u0107 si\u0119 w Twojej szafie tej jesieni.","breadcrumb":{"@id":"https:\/\/pakuten.pl\/blog\/niezbedniki-na-jesien-jakie-okrycia-wierzchnie-i-buty-warto-miec-w-swojej-garderobie\/#breadcrumb"},"inLanguage":"pl-PL","potentialAction":[{"@type":"ReadAction","target":["https:\/\/pakuten.pl\/blog\/niezbedniki-na-jesien-jakie-okrycia-wierzchnie-i-buty-warto-miec-w-swojej-garderobie\/"]}]},{"@type":"BreadcrumbList","@id":"https:\/\/pakuten.pl\/blog\/niezbedniki-na-jesien-jakie-okrycia-wierzchnie-i-buty-warto-miec-w-swojej-garderobie\/#breadcrumb","itemListElement":[{"@type":"ListItem","position":1,"name":"Strona g\u0142\u00f3wna","item":"https:\/\/pakuten.pl\/blog\/"},{"@type":"ListItem","position":2,"name":"Niezb\u0119dniki na jesie\u0144: Jakie okrycia wierzchnie i buty warto mie\u0107 w swojej garderobie?"}]},{"@type":"Article","@id":"https:\/\/pakuten.pl\/blog\/niezbedniki-na-jesien-jakie-okrycia-wierzchnie-i-buty-warto-miec-w-swojej-garderobie\/#article","isPartOf":{"@id":"https:\/\/pakuten.pl\/blog\/niezbedniki-na-jesien-jakie-okrycia-wierzchnie-i-buty-warto-miec-w-swojej-garderobie\/#webpage"},"author":{"@id":"https:\/\/pakuten.pl\/blog\/#\/schema\/person\/d7133af30211381a4e4536d088384556"},"headline":"Niezb\u0119dniki na jesie\u0144: Jakie okrycia wierzchnie i buty warto mie\u0107 w swojej garderobie?","datePublished":"2024-09-02T12:16:00+00:00","dateModified":"2024-08-28T12:21:54+00:00","mainEntityOfPage":{"@id":"https:\/\/pakuten.pl\/blog\/niezbedniki-na-jesien-jakie-okrycia-wierzchnie-i-buty-warto-miec-w-swojej-garderobie\/#webpage"},"wordCount":1085,"commentCount":0,"publisher":{"@id":"https:\/\/pakuten.pl\/blog\/#organization"},"image":{"@id":"https:\/\/pakuten.pl\/blog\/niezbedniki-na-jesien-jakie-okrycia-wierzchnie-i-buty-warto-miec-w-swojej-garderobie\/#primaryimage"},"thumbnailUrl":"https:\/\/pakuten.pl\/blog\/wp-content\/uploads\/2024\/08\/Niezbe\u0328dniki-na-jesien\u0301-Jakie-okrycia-wierzchnie-i-buty-warto-miec\u0301-w-swojej-garderobie.png","articleSection":["Top Trends"],"inLanguage":"pl-PL","potentialAction":[{"@type":"CommentAction","name":"Comment","target":["https:\/\/pakuten.pl\/blog\/niezbedniki-na-jesien-jakie-okrycia-wierzchnie-i-buty-warto-miec-w-swojej-garderobie\/#respond"]}]},{"@type":"Person","@id":"https:\/\/pakuten.pl\/blog\/#\/schema\/person\/d7133af30211381a4e4536d088384556","name":"Pakuten Girl","image":{"@type":"ImageObject","@id":"https:\/\/pakuten.pl\/blog\/#personlogo","inLanguage":"pl-PL","url":"https:\/\/secure.gravatar.com\/avatar\/d3df41de2caf92e6cfded9430c2ff352?s=96&d=mm&r=g","contentUrl":"https:\/\/secure.gravatar.com\/avatar\/d3df41de2caf92e6cfded9430c2ff352?s=96&d=mm&r=g","caption":"Pakuten Girl"},"description":"Cze\u015b\u0107, nazywam si\u0119 Ola. Kocham Netflixa, sals\u0119, nowo\u015bci kosmetyczne i najnowsze trendy w modzie.","url":"https:\/\/pakuten.pl\/blog\/author\/pakuten-girl\/"}]}},"_links":{"self":[{"href":"https:\/\/pakuten.pl\/blog\/wp-json\/wp\/v2\/posts\/8990"}],"collection":[{"href":"https:\/\/pakuten.pl\/blog\/wp-json\/wp\/v2\/posts"}],"about":[{"href":"https:\/\/pakuten.pl\/blog\/wp-json\/wp\/v2\/types\/post"}],"author":[{"embeddable":true,"href":"https:\/\/pakuten.pl\/blog\/wp-json\/wp\/v2\/users\/3"}],"replies":[{"embeddable":true,"href":"https:\/\/pakuten.pl\/blog\/wp-json\/wp\/v2\/comments?post=8990"}],"version-history":[{"count":6,"href":"https:\/\/pakuten.pl\/blog\/wp-json\/wp\/v2\/posts\/8990\/revisions"}],"predecessor-version":[{"id":8999,"href":"https:\/\/pakuten.pl\/blog\/wp-json\/wp\/v2\/posts\/8990\/revisions\/8999"}],"wp:featuredmedia":[{"embeddable":true,"href":"https:\/\/pakuten.pl\/blog\/wp-json\/wp\/v2\/media\/8998"}],"wp:attachment":[{"href":"https:\/\/pakuten.pl\/blog\/wp-json\/wp\/v2\/media?parent=8990"}],"wp:term":[{"taxonomy":"category","embeddable":true,"href":"https:\/\/pakuten.pl\/blog\/wp-json\/wp\/v2\/categories?post=8990"},{"taxonomy":"post_tag","embeddable":true,"href":"https:\/\/pakuten.pl\/blog\/wp-json\/wp\/v2\/tags?post=8990"}],"curies":[{"name":"wp","href":"https:\/\/api.w.org\/{rel}","templated":true}]}}