{"id":9035,"date":"2024-09-13T13:43:00","date_gmt":"2024-09-13T11:43:00","guid":{"rendered":"https:\/\/pakuten.pl\/blog\/?p=9035"},"modified":"2024-09-12T13:56:02","modified_gmt":"2024-09-12T11:56:02","slug":"burgund-w-twojej-garderobie","status":"publish","type":"post","link":"https:\/\/pakuten.pl\/blog\/burgund-w-twojej-garderobie\/","title":{"rendered":"Burgund w Twojej garderobie: Jak nosi\u0107 kolor sezonu tej jesieni?"},"content":{"rendered":"\n<p class=\"p1\"><strong>Burgund to kolor, kt\u00f3ry zdominowa\u0142 modowe wybory tej jesieni. Wype\u0142nia on p\u00f3\u0142ki sklepowe i pojawia si\u0119 na wybiegach, jako najnowszy trend, kt\u00f3ry nie mo\u017ce umkn\u0105\u0107 Twojej uwadze. Ten g\u0142\u0119boki odcie\u0144 czerwieni z nut\u0105 fioletu od lat kojarzy si\u0119 z elegancj\u0105 i luksusem, a w tym sezonie zyskuje nowe oblicze. Je\u015bli zastanawiasz si\u0119, jak wprowadzi\u0107 burgund do swojej garderoby i stylizowa\u0107 go zar\u00f3wno na eleganckie okazje, jak i na co dzie\u0144, ten wpis jest w\u0142a\u015bnie dla Ciebie. Przyjrzymy si\u0119 najnowszym trendom, kt\u00f3re wprowadz\u0105 burgund na sta\u0142e do Twojej jesiennej garderoby.<\/strong><\/p>\n<h2 class=\"p1\"><span style=\"color: #ff9900;\">Burgund \u2013 dlaczego warto go mie\u0107 w swojej garderobie?<\/span><\/h2>\n<p class=\"p1\">Burgund to kolor, kt\u00f3ry sprawdza si\u0119 w ka\u017cdej sytuacji. Jest uniwersalny, a jednocze\u015bnie pe\u0142en wyrazu. Dzi\u0119ki swojej g\u0142\u0119bi doskonale pasuje do jesienno-zimowych stylizacji, dodaj\u0105c im elegancji i szyku. Idealnie komponuje si\u0119 zar\u00f3wno z neutralnymi barwami, jak i odwa\u017cniejszymi akcentami kolorystycznymi.<\/p>\n<p class=\"p1\">Jedn\u0105 z g\u0142\u00f3wnych zalet burgundu jest jego wszechstronno\u015b\u0107. Odcie\u0144 ten mo\u017cna \u0142atwo zaadaptowa\u0107 do r\u00f3\u017cnych styl\u00f3w \u2013 od formalnych, po codzienne zestawy. Co wi\u0119cej, jest to kolor, kt\u00f3ry dobrze wsp\u00f3\u0142gra z niemal ka\u017cdym typem urody. Niezale\u017cnie od tego, czy masz jasn\u0105, oliwkow\u0105, czy ciemn\u0105 karnacj\u0119, burgund podkre\u015bli Twoj\u0105 naturaln\u0105 urod\u0119.<\/p>\n<p><img loading=\"lazy\" class=\"aligncenter size-full wp-image-9039\" src=\"https:\/\/pakuten.pl\/blog\/wp-content\/uploads\/2024\/09\/1.jpg\" alt=\"Burgundowy zestaw\" width=\"1280\" height=\"1920\" \/><\/p>\n<h2 class=\"p1\"><span style=\"color: #ff9900;\">Eleganckie stylizacje na jesie\u0144<\/span><\/h2>\n<p class=\"p1\">Je\u015bli szukasz sposobu na wprowadzenie burgundu do bardziej formalnych stylizacji, nic prostszego. Burgundowy garnitur czy sukienka to strza\u0142 w dziesi\u0105tk\u0119, je\u015bli chodzi o jesienne przyj\u0119cia, spotkania biznesowe czy kolacje. W modzie biurowej kolor ten zast\u0119puje klasyczn\u0105 czer\u0144 i granat, dodaj\u0105c stylizacji nowoczesnego charakteru.<\/p>\n<p class=\"p1\"><b>Kluczowe elementy eleganckich stylizacji z burgundem:<\/b><\/p>\n<ul class=\"ul1\">\n<li class=\"li1\"><b>Sukienki midi lub maxi<\/b>: W wersji wieczorowej <span style=\"color: #ff9900;\"><a style=\"color: #ff9900;\" href=\"https:\/\/pakuten.pl\/27-sukienki\" target=\"_blank\" rel=\"noopener\">sukienka<\/a><\/span> w odcieniach burgundu prezentuje si\u0119 niezwykle szykownie. Wybierz model o prostym kroju, a dla urozmaicenia dodaj z\u0142ot\u0105 bi\u017cuteri\u0119.<\/li>\n<li class=\"li1\"><b>Marynarki i garnitury<\/b>: Bordowe garnitury to hit tego sezonu. \u015awietnie sprawdz\u0105 si\u0119 na bardziej formalnych okazjach, zw\u0142aszcza w po\u0142\u0105czeniu z bia\u0142\u0105 koszul\u0105 i minimalistycznymi dodatkami.<\/li>\n<li class=\"li1\"><b>Buty i torebki<\/b>: Bordowe dodatki to subtelny spos\u00f3b na dodanie koloru do eleganckiej stylizacji. Bordowe szpilki lub kopert\u00f3wka nadadz\u0105 klasy nawet najprostszej sukience.<\/li>\n<\/ul>\n<div class=\"product-box-container\">\r\n<div class=\"one_third \" style=\"\">\r\n<div class=\"product-box\">\r\n<a href=\"https:\/\/pakuten.pl\/40179-85179-bordowa-marynarka-z-lampasami-na-rekawach-keithia-bordowy.html\" target=\"_blank\">\r\n <img src=\"https:\/\/media.pakuten.pl\/235107-large_default\/bordowa-marynarka-z-lampasami-na-rekawach-keithia.jpg\" alt=\"Bordowa marynarka z lampasami na r\u0119kawach Keithia\"\/>\r\n<\/a>\r\n<p>\r\n<a href=\"https:\/\/pakuten.pl\/40179-85179-bordowa-marynarka-z-lampasami-na-rekawach-keithia-bordowy.html\" target=\"_blank\">\r\nBordowa marynarka z lampasami na r\u0119kawach Keithia\r\n<\/a><\/p>\r\n  <p>Cena: 159,99\u00a0z\u0142<\/p>\r\n<a href=\"https:\/\/pakuten.pl\/40179-85179-bordowa-marynarka-z-lampasami-na-rekawach-keithia-bordowy.html\" target=\"_blank\" class=\"button\">\r\nZobacz w sklepie\r\n<\/a>\r\n<\/div>\r\n<\/div>\r\n<div class=\"one_third \" style=\"\">\r\n<div class=\"product-box\">\r\n<a href=\"https:\/\/pakuten.pl\/40163-85125-bordowa-sukienka-satynowa-maxi-na-ramiaczkach-eloyse-bordowy.html\" target=\"_blank\">\r\n  <img src=\"https:\/\/media.pakuten.pl\/235024-large_default\/bordowa-sukienka-satynowa-maxi-na-ramiaczkach-eloyse.jpg\" alt=\"Bordowa sukienka satynowa maxi na rami\u0105czkach Eloyse\"\/>\r\n<\/a>\r\n<p>\r\n<a href=\"https:\/\/pakuten.pl\/40163-85125-bordowa-sukienka-satynowa-maxi-na-ramiaczkach-eloyse-bordowy.html\" target=\"_blank\">\r\nBordowa sukienka satynowa maxi na rami\u0105czkach Eloyse\r\n<\/a><\/p>\r\n  <p>Cena: 144,99\u00a0z\u0142<\/p>\r\n<a href=\"https:\/\/pakuten.pl\/40163-85125-bordowa-sukienka-satynowa-maxi-na-ramiaczkach-eloyse-bordowy.html\" target=\"_blank\" class=\"button\">\r\nZobacz w sklepie\r\n<\/a>\r\n<\/div>\r\n<\/div>\r\n<div class=\"one_third last \" style=\"\">\r\n<div class=\"product-box\">\r\n<a href=\"https:\/\/pakuten.pl\/23639-61316-bordowa-sukienka-z-przekladanym-dekoltem-likiaa-bordowy.html\" target=\"_blank\">\r\n  <img src=\"https:\/\/media.pakuten.pl\/153810-large_default\/bordowa-sukienka-z-przekladanym-dekoltem-likiaa.jpg\" alt=\"Bordowa sukienka z przek\u0142adanym dekoltem Likiaa\"\/>\r\n<\/a>\r\n<p>\r\n<a href=\"https:\/\/pakuten.pl\/23639-61316-bordowa-sukienka-z-przekladanym-dekoltem-likiaa-bordowy.html\" target=\"_blank\">\r\nBordowa sukienka z przek\u0142adanym dekoltem Likiaa\r\n<\/a><\/p>\r\n  <p>Cena: 91,69\u00a0z\u0142<\/p>\r\n<a href=\"https:\/\/pakuten.pl\/23639-61316-bordowa-sukienka-z-przekladanym-dekoltem-likiaa-bordowy.html\" target=\"_blank\" class=\"button\">\r\nZobacz w sklepie\r\n<\/a>\r\n<\/div>\r\n<\/div><br class=\"clear\"\/>\r\n<\/div>\n<p class=\"p1\">Pami\u0119taj, \u017ce burgund w formalnych stylizacjach najlepiej komponuje si\u0119 z neutralnymi kolorami, takimi jak be\u017c, biel czy czer\u0144. Mo\u017cesz r\u00f3wnie\u017c postawi\u0107 na kontrast, \u0142\u0105cz\u0105c go z metalicznymi dodatkami \u2013 z\u0142oto i srebro wspaniale podkre\u015bl\u0105 g\u0142\u0119bi\u0119 tego odcienia.<\/p>\n<h2 class=\"p1\"><span style=\"color: #ff9900;\">Burgund w casualowych stylizacjach \u2013 wygoda i styl na co dzie\u0144<\/span><\/h2>\n<p class=\"p1\">Cho\u0107 burgund mo\u017ce kojarzy\u0107 si\u0119 z elegancj\u0105, doskonale sprawdza si\u0119 tak\u017ce w codziennych zestawach. Jesienne stylizacje cz\u0119sto stawiaj\u0105 na wygod\u0119, ale to nie oznacza, \u017ce musz\u0105 by\u0107 pozbawione stylu. W casualowych outfitach burgund doda Twojej garderobie charakteru, bez rezygnowania z komfortu.<\/p>\n<p class=\"p1\"><b>Kluczowe elementy casualowych stylizacji z burgundem:<\/b><\/p>\n<ul class=\"ul1\">\n<li class=\"li1\"><b>Swetry i kardigany<\/b>: Bordowy sweter z grubym splotem to absolutny must-have na jesie\u0144. W po\u0142\u0105czeniu z d\u017cinsami i botkami tworzy idealny zestaw na ch\u0142odniejsze dni.<img loading=\"lazy\" class=\"aligncenter size-full wp-image-9042\" src=\"https:\/\/pakuten.pl\/blog\/wp-content\/uploads\/2024\/09\/burgund-w-stylizacjach-jesiennych.jpeg\" alt=\"burgund\" width=\"736\" height=\"1308\" \/><\/li>\n<li class=\"li1\"><b>Kurtki i p\u0142aszcze<\/b>: Burgundowe p\u0142aszcze to hit tego sezonu. S\u0105 praktyczne, a jednocze\u015bnie modne. Mo\u017cesz wybra\u0107 zar\u00f3wno klasyczny trencz, jak i oversize&#8217;owy p\u0142aszcz z we\u0142ny, kt\u00f3ry b\u0119dzie idealnie wsp\u00f3\u0142gra\u0142 z casualowym lookiem.<\/li>\n<li class=\"li1\"><b>Szale i czapki<\/b>: Je\u015bli nie chcesz, by burgund dominowa\u0142 w Twojej stylizacji, postaw na akcesoria w tym kolorze. Bordowy szalik czy czapka to prosty spos\u00f3b na dodanie modnego akcentu do codziennego stroju.<\/li>\n<\/ul>\n<p>\u00a0<\/p>\n<blockquote class=\"instagram-media\" style=\"background: #FFF; border: 0; border-radius: 3px; box-shadow: 0 0 1px 0 rgba(0,0,0,0.5),0 1px 10px 0 rgba(0,0,0,0.15); margin: 1px; max-width: 540px; min-width: 326px; padding: 0; width: calc(100% - 2px);\" data-instgrm-permalink=\"https:\/\/www.instagram.com\/reel\/C_feU5lIIfX\/?utm_source=ig_embed&amp;utm_campaign=loading\" data-instgrm-version=\"14\">\n<div style=\"padding: 16px;\">\n<div style=\"display: flex; flex-direction: row; align-items: center;\">\n<div style=\"background-color: #f4f4f4; border-radius: 50%; flex-grow: 0; height: 40px; margin-right: 14px; width: 40px;\">\u00a0<\/div>\n<div style=\"display: flex; flex-direction: column; flex-grow: 1; justify-content: center;\">\n<div style=\"background-color: #f4f4f4; border-radius: 4px; flex-grow: 0; height: 14px; margin-bottom: 6px; width: 100px;\">\u00a0<\/div>\n<div style=\"background-color: #f4f4f4; border-radius: 4px; flex-grow: 0; height: 14px; width: 60px;\">\u00a0<\/div>\n<\/div>\n<\/div>\n<div style=\"padding: 19% 0;\">\u00a0<\/div>\n<div style=\"display: block; height: 50px; margin: 0 auto 12px; width: 50px;\">\u00a0<\/div>\n<div style=\"padding-top: 8px;\">\n<div style=\"color: #3897f0; font-family: Arial,sans-serif; font-size: 14px; font-style: normal; font-weight: 550; line-height: 18px;\">Wy\u015bwietl ten post na Instagramie<\/div>\n<\/div>\n<div style=\"padding: 12.5% 0;\">\u00a0<\/div>\n<div style=\"display: flex; flex-direction: row; margin-bottom: 14px; align-items: center;\">\n<div>\n<div style=\"background-color: #f4f4f4; border-radius: 50%; height: 12.5px; width: 12.5px; transform: translateX(0px) translateY(7px);\">\u00a0<\/div>\n<div style=\"background-color: #f4f4f4; height: 12.5px; transform: rotate(-45deg) translateX(3px) translateY(1px); width: 12.5px; flex-grow: 0; margin-right: 14px; margin-left: 2px;\">\u00a0<\/div>\n<div style=\"background-color: #f4f4f4; border-radius: 50%; height: 12.5px; width: 12.5px; transform: translateX(9px) translateY(-18px);\">\u00a0<\/div>\n<\/div>\n<div style=\"margin-left: 8px;\">\n<div style=\"background-color: #f4f4f4; border-radius: 50%; flex-grow: 0; height: 20px; width: 20px;\">\u00a0<\/div>\n<div style=\"width: 0; height: 0; border-top: 2px solid transparent; border-left: 6px solid #f4f4f4; border-bottom: 2px solid transparent; transform: translateX(16px) translateY(-4px) rotate(30deg);\">\u00a0<\/div>\n<\/div>\n<div style=\"margin-left: auto;\">\n<div style=\"width: 0px; border-top: 8px solid #F4F4F4; border-right: 8px solid transparent; transform: translateY(16px);\">\u00a0<\/div>\n<div style=\"background-color: #f4f4f4; flex-grow: 0; height: 12px; width: 16px; transform: translateY(-4px);\">\u00a0<\/div>\n<div style=\"width: 0; height: 0; border-top: 8px solid #F4F4F4; border-left: 8px solid transparent; transform: translateY(-4px) translateX(8px);\">\u00a0<\/div>\n<\/div>\n<\/div>\n<div style=\"display: flex; flex-direction: column; flex-grow: 1; justify-content: center; margin-bottom: 24px;\">\n<div style=\"background-color: #f4f4f4; border-radius: 4px; flex-grow: 0; height: 14px; margin-bottom: 6px; width: 224px;\">\u00a0<\/div>\n<div style=\"background-color: #f4f4f4; border-radius: 4px; flex-grow: 0; height: 14px; width: 144px;\">\u00a0<\/div>\n<\/div>\n<p style=\"color: #c9c8cd; font-family: Arial,sans-serif; font-size: 14px; line-height: 17px; margin-bottom: 0; margin-top: 8px; overflow: hidden; padding: 8px 0 7px; text-align: center; text-overflow: ellipsis; white-space: nowrap;\"><a style=\"color: #c9c8cd; font-family: Arial,sans-serif; font-size: 14px; font-style: normal; font-weight: normal; line-height: 17px; text-decoration: none;\" href=\"https:\/\/www.instagram.com\/reel\/C_feU5lIIfX\/?utm_source=ig_embed&amp;utm_campaign=loading\" target=\"_blank\" rel=\"noopener\">Post udost\u0119pniony przez Pakuten.pl \u2022 Modna i tania odzie\u017c damska (@pakuten.official)<\/a><\/p>\n<\/div>\n<\/blockquote>\n<p><script async src=\"\/\/www.instagram.com\/embed.js\"><\/script><\/p>\n<p class=\"p1\">W casualowych stylizacjach burgund \u015bwietnie komponuje si\u0119 z innymi odcieniami jesieni \u2013 musztardowym, oliwkow\u0105 zieleni\u0105 czy ciep\u0142ym br\u0105zem. Taka paleta kolor\u00f3w sprawia, \u017ce stylizacja staje si\u0119 sp\u00f3jna i harmonijna, jednocze\u015bnie nie trac\u0105c na wyrazisto\u015bci.<\/p>\n<div class=\"product-box-container\">\r\n<div class=\"one_third \" style=\"\">\r\n<div class=\"product-box\">\r\n<a href=\"https:\/\/pakuten.pl\/40156-85109-bordowy-komplet-bluzka-i-spodnie-belesse-bordowy.html\" target=\"_blank\">\r\n <img src=\"https:\/\/media.pakuten.pl\/234990-large_default\/bordowy-komplet-bluzka-i-spodnie-belesse.jpg\" alt=\"Bordowy komplet bluzka i spodnie Belesse\"\/>\r\n<\/a>\r\n<p>\r\n<a href=\"https:\/\/pakuten.pl\/40156-85109-bordowy-komplet-bluzka-i-spodnie-belesse-bordowy.html\" target=\"_blank\">\r\nBordowy komplet bluzka i spodnie Belesse\r\n<\/a><\/p>\r\n  <p>Cena: 64,99\u00a0z\u0142<\/p>\r\n<a href=\"https:\/\/pakuten.pl\/40156-85109-bordowy-komplet-bluzka-i-spodnie-belesse-bordowy.html\" target=\"_blank\" class=\"button\">\r\nZobacz w sklepie\r\n<\/a>\r\n<\/div>\r\n<\/div>\r\n<div class=\"one_third \" style=\"\">\r\n<div class=\"product-box\">\r\n<a href=\"https:\/\/pakuten.pl\/39987-84848-bordowy-prazkowany-komplet-top-i-spodnie-berkeley-bordowy.html\" target=\"_blank\">\r\n  <img src=\"https:\/\/media.pakuten.pl\/234142-large_default\/bordowy-prazkowany-komplet-top-i-spodnie-berkeley.jpg\" alt=\"Bordowy pr\u0105\u017ckowany komplet top i spodnie Berkeley\"\/>\r\n<\/a>\r\n<p>\r\n<a href=\"https:\/\/pakuten.pl\/39987-84848-bordowy-prazkowany-komplet-top-i-spodnie-berkeley-bordowy.html\" target=\"_blank\">\r\nBordowy pr\u0105\u017ckowany komplet top i spodnie Berkeley\r\n<\/a><\/p>\r\n  <p>Cena: 69,99\u00a0z\u0142<\/p>\r\n<a href=\"https:\/\/pakuten.pl\/39987-84848-bordowy-prazkowany-komplet-top-i-spodnie-berkeley-bordowy.html\" target=\"_blank\" class=\"button\">\r\nZobacz w sklepie\r\n<\/a>\r\n<\/div>\r\n<\/div>\r\n<div class=\"one_third last \" style=\"\">\r\n<div class=\"product-box\">\r\n<a href=\"https:\/\/pakuten.pl\/39994-84854-bordowy-prazkowany-komplet-top-i-spodnie-hattie-bordowy.html\" target=\"_blank\">\r\n  <img src=\"https:\/\/media.pakuten.pl\/234121-large_default\/bordowy-prazkowany-komplet-top-i-spodnie-hattie.jpg\" alt=\"Bordowy pr\u0105\u017ckowany komplet top i spodnie Hattie\"\/>\r\n<\/a>\r\n<p>\r\n<a href=\"https:\/\/pakuten.pl\/39994-84854-bordowy-prazkowany-komplet-top-i-spodnie-hattie-bordowy.html\" target=\"_blank\">\r\nBordowy pr\u0105\u017ckowany komplet top i spodnie Hattie\r\n<\/a><\/p>\r\n  <p>Cena: 108,49\u00a0z\u0142<\/p>\r\n<a href=\"https:\/\/pakuten.pl\/39994-84854-bordowy-prazkowany-komplet-top-i-spodnie-hattie-bordowy.html\" target=\"_blank\" class=\"button\">\r\nZobacz w sklepie\r\n<\/a>\r\n<\/div>\r\n<\/div><br class=\"clear\"\/>\r\n<\/div>\n<h2 class=\"p1\"><span style=\"color: #ff9900;\">Jak \u0142\u0105czy\u0107 burgund z innymi kolorami?<\/span><\/h2>\n<p class=\"p1\">Burgund to odcie\u0144, kt\u00f3ry daje wiele mo\u017cliwo\u015bci w kontek\u015bcie stylizacji kolorystycznych. Mo\u017cna go z powodzeniem \u0142\u0105czy\u0107 zar\u00f3wno z neutralnymi barwami, jak i z intensywnymi akcentami. Jakie zestawienia kolorystyczne b\u0119d\u0105 najmodniejsze tej jesieni?<\/p>\n<p class=\"p1\"><b>1. Burgund i be\u017c- <\/b>Bardzo eleganckie i subtelne po\u0142\u0105czenie. Be\u017cowe elementy garderoby, takie jak spodnie, p\u0142aszcz czy sweter, zr\u00f3wnowa\u017c\u0105 intensywno\u015b\u0107 burgundu, tworz\u0105c stonowan\u0105 i eleganck\u0105 stylizacj\u0119.<\/p>\n<p><img loading=\"lazy\" class=\"aligncenter size-full wp-image-9045\" src=\"https:\/\/pakuten.pl\/blog\/wp-content\/uploads\/2024\/09\/IMG_7369.jpg\" alt=\"BURGUNDOWA SP\u00d3DNICA\" width=\"1280\" height=\"1920\" \/><\/p>\n<p class=\"p1\"><b>2. Burgund i granat- <\/b>Po\u0142\u0105czenie bordowego z granatem to klasyka, kt\u00f3ra nigdy nie wychodzi z mody. Granat podkre\u015bla g\u0142\u0119bi\u0119 burgundu, nadaj\u0105c stylizacji wyrazisto\u015bci. Sprawdzi si\u0119 zar\u00f3wno w eleganckich, jak i casualowych zestawach.<\/p>\n<p class=\"p1\"><b>3. Burgund i musztardowy- <\/b>Musztardowy \u017c\u00f3\u0142ty to jeden z czo\u0142owych kolor\u00f3w jesieni, a w zestawieniu z burgundem tworzy energetyczn\u0105 i ciep\u0142\u0105 stylizacj\u0119. Takie po\u0142\u0105czenie doskonale sprawdzi si\u0119 w codziennych outfitach.<\/p>\n<p class=\"p1\"><b>4. Burgund i szaro\u015b\u0107- <\/b>Szary to doskona\u0142y kolor bazowy, kt\u00f3ry pozwala burgundowi gra\u0107 g\u0142\u00f3wn\u0105 rol\u0119. Szare spodnie, swetry lub p\u0142aszcze stworz\u0105 minimalistyczny, a zarazem wyrazisty look.<\/p>\n<h2 class=\"p1\"><span style=\"color: #ff9900;\">Kolor sezonu \u2013 must-have w ka\u017cdej szafie?<\/span><\/h2>\n<p class=\"p1\">Burgund to kolor, kt\u00f3ry tej jesieni podbija wybiegi i ulice. Jego uniwersalno\u015b\u0107, elegancja i \u0142atwo\u015b\u0107 w \u0142\u0105czeniu z innymi barwami sprawiaj\u0105, \u017ce ka\u017cda stylizacja z jego udzia\u0142em zyskuje na wyrazisto\u015bci. Bez wzgl\u0119du na to, czy wybierasz si\u0119 na eleganckie spotkanie, czy szukasz stylizacji na co dzie\u0144, burgund doskonale si\u0119 sprawdzi.<\/p>\n<p class=\"p1\">Nie musisz wprowadza\u0107 go do swojej garderoby w formie g\u0142\u00f3wnych element\u00f3w ubioru \u2013 czasem wystarcz\u0105 subtelne akcenty, takie jak torebka, buty czy szalik, by Twoja stylizacja nabra\u0142a modnego charakteru. Pami\u0119taj, \u017ce moda to przede wszystkim zabawa kolorami i teksturami. Z pomoc\u0105 burgundu, tej jesieni Twoje stylizacje z pewno\u015bci\u0105 b\u0119d\u0105 na topie!<\/p>\n<p>\u00a0<\/p>\n<p class=\"p1\">Burgund w Twojej garderobie to kolor, kt\u00f3ry tej jesieni nie mo\u017ce zosta\u0107 pomini\u0119ty. Jest elegancki, wyrazisty i wszechstronny, idealny zar\u00f3wno na formalne okazje, jak i codzienne stylizacje. Dzi\u0119ki swojej intensywno\u015bci \u015bwietnie komponuje si\u0119 z innymi jesiennymi barwami, tworz\u0105c harmonijne, ale zarazem wyraziste zestawienia. Niezale\u017cnie od tego, czy preferujesz minimalistyczny styl, czy lubisz odwa\u017cne po\u0142\u0105czenia \u2013 burgund b\u0119dzie Twoim najlepszym sprzymierze\u0144cem tej jesieni.<\/p>\n<p>\u00a0<\/p>\n<p>\u00a0<\/p>\n\n\n<div class=\"kk-star-ratings kksr-auto kksr-align-right kksr-valign-bottom\"\n    data-payload='{&quot;align&quot;:&quot;right&quot;,&quot;id&quot;:&quot;9035&quot;,&quot;slug&quot;:&quot;default&quot;,&quot;valign&quot;:&quot;bottom&quot;,&quot;ignore&quot;:&quot;&quot;,&quot;reference&quot;:&quot;auto&quot;,&quot;class&quot;:&quot;&quot;,&quot;count&quot;:&quot;1&quot;,&quot;legendonly&quot;:&quot;&quot;,&quot;readonly&quot;:&quot;&quot;,&quot;score&quot;:&quot;1&quot;,&quot;starsonly&quot;:&quot;&quot;,&quot;best&quot;:&quot;5&quot;,&quot;gap&quot;:&quot;5&quot;,&quot;greet&quot;:&quot;Rate this post&quot;,&quot;legend&quot;:&quot;1\\\/5 - (1 vote)&quot;,&quot;size&quot;:&quot;24&quot;,&quot;width&quot;:&quot;26.5&quot;,&quot;_legend&quot;:&quot;{score}\\\/{best} - ({count} {votes})&quot;,&quot;font_factor&quot;:&quot;1.25&quot;}'>\n            \n<div class=\"kksr-stars\">\n    \n<div class=\"kksr-stars-inactive\">\n            <div class=\"kksr-star\" data-star=\"1\" style=\"padding-right: 5px\">\n            \n\n<div class=\"kksr-icon\" style=\"width: 24px; height: 24px;\"><\/div>\n        <\/div>\n            <div class=\"kksr-star\" data-star=\"2\" style=\"padding-right: 5px\">\n            \n\n<div class=\"kksr-icon\" style=\"width: 24px; height: 24px;\"><\/div>\n        <\/div>\n            <div class=\"kksr-star\" data-star=\"3\" style=\"padding-right: 5px\">\n            \n\n<div class=\"kksr-icon\" style=\"width: 24px; height: 24px;\"><\/div>\n        <\/div>\n            <div class=\"kksr-star\" data-star=\"4\" style=\"padding-right: 5px\">\n            \n\n<div class=\"kksr-icon\" style=\"width: 24px; height: 24px;\"><\/div>\n        <\/div>\n            <div class=\"kksr-star\" data-star=\"5\" style=\"padding-right: 5px\">\n            \n\n<div class=\"kksr-icon\" style=\"width: 24px; height: 24px;\"><\/div>\n        <\/div>\n    <\/div>\n    \n<div class=\"kksr-stars-active\" style=\"width: 26.5px;\">\n            <div class=\"kksr-star\" style=\"padding-right: 5px\">\n            \n\n<div class=\"kksr-icon\" style=\"width: 24px; height: 24px;\"><\/div>\n        <\/div>\n            <div class=\"kksr-star\" style=\"padding-right: 5px\">\n            \n\n<div class=\"kksr-icon\" style=\"width: 24px; height: 24px;\"><\/div>\n        <\/div>\n            <div class=\"kksr-star\" style=\"padding-right: 5px\">\n            \n\n<div class=\"kksr-icon\" style=\"width: 24px; height: 24px;\"><\/div>\n        <\/div>\n            <div class=\"kksr-star\" style=\"padding-right: 5px\">\n            \n\n<div class=\"kksr-icon\" style=\"width: 24px; height: 24px;\"><\/div>\n        <\/div>\n            <div class=\"kksr-star\" style=\"padding-right: 5px\">\n            \n\n<div class=\"kksr-icon\" style=\"width: 24px; height: 24px;\"><\/div>\n        <\/div>\n    <\/div>\n<\/div>\n                \n\n<div class=\"kksr-legend\" style=\"font-size: 19.2px;\">\n            1\/5 - (1 vote)    <\/div>\n    <\/div>\n","protected":false},"excerpt":{"rendered":"<p class=\"p1\" style=\"margin: 0px; font-variant-numeric: normal; font-variant-east-asian: normal; font-variant-alternates: normal; font-size-adjust: none; font-kerning: auto; font-optical-sizing: auto; font-feature-settings: normal; font-variation-settings: normal; font-variant-position: normal; font-stretch: normal; font-size: 12px; line-height: normal; font-family: 'Helvetica Neue'; color: #000000;\">Burgund to kolor, kt\u00f3ry zdominowa\u0142 modowe wybory tej jesieni. Wype\u0142nia on p\u00f3\u0142ki sklepowe i pojawia si\u0119 na wybiegach, jako najnowszy trend, kt\u00f3ry nie mo\u017ce umkn\u0105\u0107 Twojej uwadze. Ten g\u0142\u0119boki odcie\u0144 czerwieni z nut\u0105 fioletu od lat kojarzy si\u0119 z elegancj\u0105 i luksusem, a w tym sezonie zyskuje nowe oblicze. Je\u015bli zastanawiasz si\u0119, jak wprowadzi\u0107 burgund do swojej garderoby i stylizowa\u0107 go zar\u00f3wno na eleganckie okazje, jak i na co dzie\u0144, ten wpis jest w\u0142a\u015bnie dla Ciebie. Przyjrzymy si\u0119 najnowszym trendom, kt\u00f3re wprowadz\u0105 burgund na sta\u0142e do Twojej jesiennej garderoby.<\/p>\n","protected":false},"author":3,"featured_media":9048,"comment_status":"open","ping_status":"open","sticky":false,"template":"","format":"standard","meta":[],"categories":[4],"tags":[],"yoast_head":"<!-- This site is optimized with the Yoast SEO plugin v18.4.1 - https:\/\/yoast.com\/wordpress\/plugins\/seo\/ -->\n<title>Burgund w Twojej garderobie: Jak nosi\u0107 kolor sezonu tej jesieni? -<\/title>\n<meta name=\"description\" content=\"Burgund to kolor, kt\u00f3ry zdominowa\u0142 modowe wybory tej jesieni. Przyjrzymy si\u0119 najnowszym trendom, kt\u00f3re wprowadz\u0105 burgund na sta\u0142e do Twojej jesiennej garderoby.\" \/>\n<meta name=\"robots\" content=\"index, follow, max-snippet:-1, max-image-preview:large, max-video-preview:-1\" \/>\n<link rel=\"canonical\" href=\"https:\/\/pakuten.pl\/blog\/burgund-w-twojej-garderobie\/\" \/>\n<meta property=\"og:locale\" content=\"pl_PL\" \/>\n<meta property=\"og:type\" content=\"article\" \/>\n<meta property=\"og:title\" content=\"Burgund w Twojej garderobie: Jak nosi\u0107 kolor sezonu tej jesieni? -\" \/>\n<meta property=\"og:description\" content=\"Burgund to kolor, kt\u00f3ry zdominowa\u0142 modowe wybory tej jesieni. Przyjrzymy si\u0119 najnowszym trendom, kt\u00f3re wprowadz\u0105 burgund na sta\u0142e do Twojej jesiennej garderoby.\" \/>\n<meta property=\"og:url\" content=\"https:\/\/pakuten.pl\/blog\/burgund-w-twojej-garderobie\/\" \/>\n<meta property=\"og:site_name\" content=\"Pakuten blog\" \/>\n<meta property=\"article:published_time\" content=\"2024-09-13T11:43:00+00:00\" \/>\n<meta property=\"article:modified_time\" content=\"2024-09-12T11:56:02+00:00\" \/>\n<meta property=\"og:image\" content=\"https:\/\/pakuten.pl\/blog\/wp-content\/uploads\/2024\/09\/Burgund-w-Twojej-garderobie-Jak-nosic\u0301-kolor-sezonu-tej-jesieni.png\" \/>\n\t<meta property=\"og:image:width\" content=\"1280\" \/>\n\t<meta property=\"og:image:height\" content=\"853\" \/>\n\t<meta property=\"og:image:type\" content=\"image\/png\" \/>\n<meta name=\"twitter:card\" content=\"summary_large_image\" \/>\n<meta name=\"twitter:label1\" content=\"Napisane przez\" \/>\n\t<meta name=\"twitter:data1\" content=\"Pakuten Girl\" \/>\n\t<meta name=\"twitter:label2\" content=\"Szacowany czas czytania\" \/>\n\t<meta name=\"twitter:data2\" content=\"6 minut\" \/>\n<script type=\"application\/ld+json\" class=\"yoast-schema-graph\">{\"@context\":\"https:\/\/schema.org\",\"@graph\":[{\"@type\":\"Organization\",\"@id\":\"https:\/\/pakuten.pl\/blog\/#organization\",\"name\":\"Pakuten\",\"url\":\"https:\/\/pakuten.pl\/blog\/\",\"sameAs\":[],\"logo\":{\"@type\":\"ImageObject\",\"@id\":\"https:\/\/pakuten.pl\/blog\/#logo\",\"inLanguage\":\"pl-PL\",\"url\":\"http:\/\/pakuten.pl\/blog\/wp-content\/uploads\/2018\/01\/pakuten_logo.png\",\"contentUrl\":\"http:\/\/pakuten.pl\/blog\/wp-content\/uploads\/2018\/01\/pakuten_logo.png\",\"width\":300,\"height\":120,\"caption\":\"Pakuten\"},\"image\":{\"@id\":\"https:\/\/pakuten.pl\/blog\/#logo\"}},{\"@type\":\"WebSite\",\"@id\":\"https:\/\/pakuten.pl\/blog\/#website\",\"url\":\"https:\/\/pakuten.pl\/blog\/\",\"name\":\"Pakuten blog\",\"description\":\"Blog sklepu internetowego pakuten.pl\",\"publisher\":{\"@id\":\"https:\/\/pakuten.pl\/blog\/#organization\"},\"potentialAction\":[{\"@type\":\"SearchAction\",\"target\":{\"@type\":\"EntryPoint\",\"urlTemplate\":\"https:\/\/pakuten.pl\/blog\/?s={search_term_string}\"},\"query-input\":\"required name=search_term_string\"}],\"inLanguage\":\"pl-PL\"},{\"@type\":\"ImageObject\",\"@id\":\"https:\/\/pakuten.pl\/blog\/burgund-w-twojej-garderobie\/#primaryimage\",\"inLanguage\":\"pl-PL\",\"url\":\"https:\/\/pakuten.pl\/blog\/wp-content\/uploads\/2024\/09\/Burgund-w-Twojej-garderobie-Jak-nosic\u0301-kolor-sezonu-tej-jesieni.png\",\"contentUrl\":\"https:\/\/pakuten.pl\/blog\/wp-content\/uploads\/2024\/09\/Burgund-w-Twojej-garderobie-Jak-nosic\u0301-kolor-sezonu-tej-jesieni.png\",\"width\":1280,\"height\":853},{\"@type\":\"WebPage\",\"@id\":\"https:\/\/pakuten.pl\/blog\/burgund-w-twojej-garderobie\/#webpage\",\"url\":\"https:\/\/pakuten.pl\/blog\/burgund-w-twojej-garderobie\/\",\"name\":\"Burgund w Twojej garderobie: Jak nosi\u0107 kolor sezonu tej jesieni? -\",\"isPartOf\":{\"@id\":\"https:\/\/pakuten.pl\/blog\/#website\"},\"primaryImageOfPage\":{\"@id\":\"https:\/\/pakuten.pl\/blog\/burgund-w-twojej-garderobie\/#primaryimage\"},\"datePublished\":\"2024-09-13T11:43:00+00:00\",\"dateModified\":\"2024-09-12T11:56:02+00:00\",\"description\":\"Burgund to kolor, kt\u00f3ry zdominowa\u0142 modowe wybory tej jesieni. Przyjrzymy si\u0119 najnowszym trendom, kt\u00f3re wprowadz\u0105 burgund na sta\u0142e do Twojej jesiennej garderoby.\",\"breadcrumb\":{\"@id\":\"https:\/\/pakuten.pl\/blog\/burgund-w-twojej-garderobie\/#breadcrumb\"},\"inLanguage\":\"pl-PL\",\"potentialAction\":[{\"@type\":\"ReadAction\",\"target\":[\"https:\/\/pakuten.pl\/blog\/burgund-w-twojej-garderobie\/\"]}]},{\"@type\":\"BreadcrumbList\",\"@id\":\"https:\/\/pakuten.pl\/blog\/burgund-w-twojej-garderobie\/#breadcrumb\",\"itemListElement\":[{\"@type\":\"ListItem\",\"position\":1,\"name\":\"Strona g\u0142\u00f3wna\",\"item\":\"https:\/\/pakuten.pl\/blog\/\"},{\"@type\":\"ListItem\",\"position\":2,\"name\":\"Burgund w Twojej garderobie: Jak nosi\u0107 kolor sezonu tej jesieni?\"}]},{\"@type\":\"Article\",\"@id\":\"https:\/\/pakuten.pl\/blog\/burgund-w-twojej-garderobie\/#article\",\"isPartOf\":{\"@id\":\"https:\/\/pakuten.pl\/blog\/burgund-w-twojej-garderobie\/#webpage\"},\"author\":{\"@id\":\"https:\/\/pakuten.pl\/blog\/#\/schema\/person\/d7133af30211381a4e4536d088384556\"},\"headline\":\"Burgund w Twojej garderobie: Jak nosi\u0107 kolor sezonu tej jesieni?\",\"datePublished\":\"2024-09-13T11:43:00+00:00\",\"dateModified\":\"2024-09-12T11:56:02+00:00\",\"mainEntityOfPage\":{\"@id\":\"https:\/\/pakuten.pl\/blog\/burgund-w-twojej-garderobie\/#webpage\"},\"wordCount\":1021,\"commentCount\":0,\"publisher\":{\"@id\":\"https:\/\/pakuten.pl\/blog\/#organization\"},\"image\":{\"@id\":\"https:\/\/pakuten.pl\/blog\/burgund-w-twojej-garderobie\/#primaryimage\"},\"thumbnailUrl\":\"https:\/\/pakuten.pl\/blog\/wp-content\/uploads\/2024\/09\/Burgund-w-Twojej-garderobie-Jak-nosic\u0301-kolor-sezonu-tej-jesieni.png\",\"articleSection\":[\"Tips&amp;Tricks\"],\"inLanguage\":\"pl-PL\",\"potentialAction\":[{\"@type\":\"CommentAction\",\"name\":\"Comment\",\"target\":[\"https:\/\/pakuten.pl\/blog\/burgund-w-twojej-garderobie\/#respond\"]}]},{\"@type\":\"Person\",\"@id\":\"https:\/\/pakuten.pl\/blog\/#\/schema\/person\/d7133af30211381a4e4536d088384556\",\"name\":\"Pakuten Girl\",\"image\":{\"@type\":\"ImageObject\",\"@id\":\"https:\/\/pakuten.pl\/blog\/#personlogo\",\"inLanguage\":\"pl-PL\",\"url\":\"https:\/\/secure.gravatar.com\/avatar\/d3df41de2caf92e6cfded9430c2ff352?s=96&d=mm&r=g\",\"contentUrl\":\"https:\/\/secure.gravatar.com\/avatar\/d3df41de2caf92e6cfded9430c2ff352?s=96&d=mm&r=g\",\"caption\":\"Pakuten Girl\"},\"description\":\"Cze\u015b\u0107, nazywam si\u0119 Ola. Kocham Netflixa, sals\u0119, nowo\u015bci kosmetyczne i najnowsze trendy w modzie.\",\"url\":\"https:\/\/pakuten.pl\/blog\/author\/pakuten-girl\/\"}]}<\/script>\n<!-- \/ Yoast SEO plugin. -->","yoast_head_json":{"title":"Burgund w Twojej garderobie: Jak nosi\u0107 kolor sezonu tej jesieni? -","description":"Burgund to kolor, kt\u00f3ry zdominowa\u0142 modowe wybory tej jesieni. Przyjrzymy si\u0119 najnowszym trendom, kt\u00f3re wprowadz\u0105 burgund na sta\u0142e do Twojej jesiennej garderoby.","robots":{"index":"index","follow":"follow","max-snippet":"max-snippet:-1","max-image-preview":"max-image-preview:large","max-video-preview":"max-video-preview:-1"},"canonical":"https:\/\/pakuten.pl\/blog\/burgund-w-twojej-garderobie\/","og_locale":"pl_PL","og_type":"article","og_title":"Burgund w Twojej garderobie: Jak nosi\u0107 kolor sezonu tej jesieni? -","og_description":"Burgund to kolor, kt\u00f3ry zdominowa\u0142 modowe wybory tej jesieni. Przyjrzymy si\u0119 najnowszym trendom, kt\u00f3re wprowadz\u0105 burgund na sta\u0142e do Twojej jesiennej garderoby.","og_url":"https:\/\/pakuten.pl\/blog\/burgund-w-twojej-garderobie\/","og_site_name":"Pakuten blog","article_published_time":"2024-09-13T11:43:00+00:00","article_modified_time":"2024-09-12T11:56:02+00:00","og_image":[{"width":1280,"height":853,"url":"https:\/\/pakuten.pl\/blog\/wp-content\/uploads\/2024\/09\/Burgund-w-Twojej-garderobie-Jak-nosic\u0301-kolor-sezonu-tej-jesieni.png","type":"image\/png"}],"twitter_card":"summary_large_image","twitter_misc":{"Napisane przez":"Pakuten Girl","Szacowany czas czytania":"6 minut"},"schema":{"@context":"https:\/\/schema.org","@graph":[{"@type":"Organization","@id":"https:\/\/pakuten.pl\/blog\/#organization","name":"Pakuten","url":"https:\/\/pakuten.pl\/blog\/","sameAs":[],"logo":{"@type":"ImageObject","@id":"https:\/\/pakuten.pl\/blog\/#logo","inLanguage":"pl-PL","url":"http:\/\/pakuten.pl\/blog\/wp-content\/uploads\/2018\/01\/pakuten_logo.png","contentUrl":"http:\/\/pakuten.pl\/blog\/wp-content\/uploads\/2018\/01\/pakuten_logo.png","width":300,"height":120,"caption":"Pakuten"},"image":{"@id":"https:\/\/pakuten.pl\/blog\/#logo"}},{"@type":"WebSite","@id":"https:\/\/pakuten.pl\/blog\/#website","url":"https:\/\/pakuten.pl\/blog\/","name":"Pakuten blog","description":"Blog sklepu internetowego pakuten.pl","publisher":{"@id":"https:\/\/pakuten.pl\/blog\/#organization"},"potentialAction":[{"@type":"SearchAction","target":{"@type":"EntryPoint","urlTemplate":"https:\/\/pakuten.pl\/blog\/?s={search_term_string}"},"query-input":"required name=search_term_string"}],"inLanguage":"pl-PL"},{"@type":"ImageObject","@id":"https:\/\/pakuten.pl\/blog\/burgund-w-twojej-garderobie\/#primaryimage","inLanguage":"pl-PL","url":"https:\/\/pakuten.pl\/blog\/wp-content\/uploads\/2024\/09\/Burgund-w-Twojej-garderobie-Jak-nosic\u0301-kolor-sezonu-tej-jesieni.png","contentUrl":"https:\/\/pakuten.pl\/blog\/wp-content\/uploads\/2024\/09\/Burgund-w-Twojej-garderobie-Jak-nosic\u0301-kolor-sezonu-tej-jesieni.png","width":1280,"height":853},{"@type":"WebPage","@id":"https:\/\/pakuten.pl\/blog\/burgund-w-twojej-garderobie\/#webpage","url":"https:\/\/pakuten.pl\/blog\/burgund-w-twojej-garderobie\/","name":"Burgund w Twojej garderobie: Jak nosi\u0107 kolor sezonu tej jesieni? -","isPartOf":{"@id":"https:\/\/pakuten.pl\/blog\/#website"},"primaryImageOfPage":{"@id":"https:\/\/pakuten.pl\/blog\/burgund-w-twojej-garderobie\/#primaryimage"},"datePublished":"2024-09-13T11:43:00+00:00","dateModified":"2024-09-12T11:56:02+00:00","description":"Burgund to kolor, kt\u00f3ry zdominowa\u0142 modowe wybory tej jesieni. Przyjrzymy si\u0119 najnowszym trendom, kt\u00f3re wprowadz\u0105 burgund na sta\u0142e do Twojej jesiennej garderoby.","breadcrumb":{"@id":"https:\/\/pakuten.pl\/blog\/burgund-w-twojej-garderobie\/#breadcrumb"},"inLanguage":"pl-PL","potentialAction":[{"@type":"ReadAction","target":["https:\/\/pakuten.pl\/blog\/burgund-w-twojej-garderobie\/"]}]},{"@type":"BreadcrumbList","@id":"https:\/\/pakuten.pl\/blog\/burgund-w-twojej-garderobie\/#breadcrumb","itemListElement":[{"@type":"ListItem","position":1,"name":"Strona g\u0142\u00f3wna","item":"https:\/\/pakuten.pl\/blog\/"},{"@type":"ListItem","position":2,"name":"Burgund w Twojej garderobie: Jak nosi\u0107 kolor sezonu tej jesieni?"}]},{"@type":"Article","@id":"https:\/\/pakuten.pl\/blog\/burgund-w-twojej-garderobie\/#article","isPartOf":{"@id":"https:\/\/pakuten.pl\/blog\/burgund-w-twojej-garderobie\/#webpage"},"author":{"@id":"https:\/\/pakuten.pl\/blog\/#\/schema\/person\/d7133af30211381a4e4536d088384556"},"headline":"Burgund w Twojej garderobie: Jak nosi\u0107 kolor sezonu tej jesieni?","datePublished":"2024-09-13T11:43:00+00:00","dateModified":"2024-09-12T11:56:02+00:00","mainEntityOfPage":{"@id":"https:\/\/pakuten.pl\/blog\/burgund-w-twojej-garderobie\/#webpage"},"wordCount":1021,"commentCount":0,"publisher":{"@id":"https:\/\/pakuten.pl\/blog\/#organization"},"image":{"@id":"https:\/\/pakuten.pl\/blog\/burgund-w-twojej-garderobie\/#primaryimage"},"thumbnailUrl":"https:\/\/pakuten.pl\/blog\/wp-content\/uploads\/2024\/09\/Burgund-w-Twojej-garderobie-Jak-nosic\u0301-kolor-sezonu-tej-jesieni.png","articleSection":["Tips&amp;Tricks"],"inLanguage":"pl-PL","potentialAction":[{"@type":"CommentAction","name":"Comment","target":["https:\/\/pakuten.pl\/blog\/burgund-w-twojej-garderobie\/#respond"]}]},{"@type":"Person","@id":"https:\/\/pakuten.pl\/blog\/#\/schema\/person\/d7133af30211381a4e4536d088384556","name":"Pakuten Girl","image":{"@type":"ImageObject","@id":"https:\/\/pakuten.pl\/blog\/#personlogo","inLanguage":"pl-PL","url":"https:\/\/secure.gravatar.com\/avatar\/d3df41de2caf92e6cfded9430c2ff352?s=96&d=mm&r=g","contentUrl":"https:\/\/secure.gravatar.com\/avatar\/d3df41de2caf92e6cfded9430c2ff352?s=96&d=mm&r=g","caption":"Pakuten Girl"},"description":"Cze\u015b\u0107, nazywam si\u0119 Ola. Kocham Netflixa, sals\u0119, nowo\u015bci kosmetyczne i najnowsze trendy w modzie.","url":"https:\/\/pakuten.pl\/blog\/author\/pakuten-girl\/"}]}},"_links":{"self":[{"href":"https:\/\/pakuten.pl\/blog\/wp-json\/wp\/v2\/posts\/9035"}],"collection":[{"href":"https:\/\/pakuten.pl\/blog\/wp-json\/wp\/v2\/posts"}],"about":[{"href":"https:\/\/pakuten.pl\/blog\/wp-json\/wp\/v2\/types\/post"}],"author":[{"embeddable":true,"href":"https:\/\/pakuten.pl\/blog\/wp-json\/wp\/v2\/users\/3"}],"replies":[{"embeddable":true,"href":"https:\/\/pakuten.pl\/blog\/wp-json\/wp\/v2\/comments?post=9035"}],"version-history":[{"count":10,"href":"https:\/\/pakuten.pl\/blog\/wp-json\/wp\/v2\/posts\/9035\/revisions"}],"predecessor-version":[{"id":9050,"href":"https:\/\/pakuten.pl\/blog\/wp-json\/wp\/v2\/posts\/9035\/revisions\/9050"}],"wp:featuredmedia":[{"embeddable":true,"href":"https:\/\/pakuten.pl\/blog\/wp-json\/wp\/v2\/media\/9048"}],"wp:attachment":[{"href":"https:\/\/pakuten.pl\/blog\/wp-json\/wp\/v2\/media?parent=9035"}],"wp:term":[{"taxonomy":"category","embeddable":true,"href":"https:\/\/pakuten.pl\/blog\/wp-json\/wp\/v2\/categories?post=9035"},{"taxonomy":"post_tag","embeddable":true,"href":"https:\/\/pakuten.pl\/blog\/wp-json\/wp\/v2\/tags?post=9035"}],"curies":[{"name":"wp","href":"https:\/\/api.w.org\/{rel}","templated":true}]}}