{"id":9086,"date":"2024-09-23T13:17:00","date_gmt":"2024-09-23T11:17:00","guid":{"rendered":"https:\/\/pakuten.pl\/blog\/?p=9086"},"modified":"2024-09-19T13:34:23","modified_gmt":"2024-09-19T11:34:23","slug":"influencerki-inspiruja-jak-burgund-stal-sie-kolorem-obowiazkowym-tej-jesieni","status":"publish","type":"post","link":"https:\/\/pakuten.pl\/blog\/influencerki-inspiruja-jak-burgund-stal-sie-kolorem-obowiazkowym-tej-jesieni\/","title":{"rendered":"Influencerki inspiruj\u0105: Jak burgund sta\u0142 si\u0119 kolorem obowi\u0105zkowym tej jesieni?"},"content":{"rendered":"\n<p class=\"p1\"><strong>Influencerki od lat wyznaczaj\u0105 trendy i inspiruj\u0105 nas swoimi wyj\u0105tkowymi stylizacjami. Tej jesieni nie mog\u0142o by\u0107 inaczej. Kr\u00f3lem sezonu sta\u0142 si\u0119 kolor burgundowy \u2013 g\u0142\u0119boki, elegancki i niezwykle uniwersalny. W swoich codziennych i wieczorowych lookach influencerki doskonale pokazuj\u0105, jak wple\u015b\u0107 burgund w jesienn\u0105 garderob\u0119, tworz\u0105c stylizacje zar\u00f3wno pe\u0142ne klasy, jak i lu\u017ane, ale nadal stylowe. Jak influencerki nosz\u0105 burgund i dlaczego warto zainwestowa\u0107 w ten odcie\u0144? Przekonajmy si\u0119!<\/strong><\/p>\n<h2 class=\"p1\"><span style=\"color: #ff9900;\">Dlaczego burgund to kolor jesieni?<\/span><\/h2>\n<p class=\"p1\">Jesie\u0144 to czas, kiedy li\u015bcie przybieraj\u0105 ciep\u0142e, g\u0142\u0119bokie barwy, a dni staj\u0105 si\u0119 ch\u0142odniejsze. Naturalnie szukamy wtedy kolor\u00f3w, kt\u00f3re oddadz\u0105 atmosfer\u0119 tego okresu, a jednocze\u015bnie zapewni\u0105 poczucie ciep\u0142a i przytulno\u015bci. Burgund doskonale wpasowuje si\u0119 w te potrzeby \u2013 to kolor, kt\u00f3ry dodaje szyku, a jednocze\u015bnie jest niezwykle praktyczny i \u0142atwy do stylizowania.<\/p>\n<p class=\"p1\">Influencerki zauwa\u017cy\u0142y to ju\u017c dawno, i w swoich jesiennych stylizacjach coraz cz\u0119\u015bciej pojawiaj\u0105 si\u0119 <span style=\"color: #ff9900;\"><a style=\"color: #ff9900;\" href=\"https:\/\/pakuten.pl\/86-ubrania?kolor=bordowy\" target=\"_blank\" rel=\"noopener\">ubrania<\/a><\/span> oraz dodatki w tym w\u0142a\u015bnie odcieniu. Burgund \u2013 Kr\u00f3l Jesieni to has\u0142o, kt\u00f3re zdominowa\u0142o modowe kana\u0142y spo\u0142eczno\u015bciowe. W po\u0142\u0105czeniu z neutralnymi barwami, takimi jak be\u017c, czer\u0144 czy granat, tworzy kompozycje pe\u0142ne harmonii, jednocze\u015bnie zachowuj\u0105c swoj\u0105 wyj\u0105tkowo\u015b\u0107.<\/p>\n<div class=\"product-box-container\">\r\n<div class=\"one_third \" style=\"\">\r\n<div class=\"product-box\">\r\n<a href=\"https:\/\/pakuten.pl\/40532-85619-bordowa-satynowa-dluga-spodnica-artemis-bordowy.html\" target=\"_blank\">\r\n <img src=\"https:\/\/media.pakuten.pl\/236812-large_default\/bordowa-satynowa-dluga-spodnica-artemis.jpg\" alt=\"Bordowa satynowa d\u0142uga sp\u00f3dnica Artemis\"\/>\r\n<\/a>\r\n<p>\r\n<a href=\"https:\/\/pakuten.pl\/40532-85619-bordowa-satynowa-dluga-spodnica-artemis-bordowy.html\" target=\"_blank\">\r\nBordowa satynowa d\u0142uga sp\u00f3dnica Artemis\r\n<\/a><\/p>\r\n  <p>Cena: 49,99\u00a0z\u0142<\/p>\r\n<a href=\"https:\/\/pakuten.pl\/40532-85619-bordowa-satynowa-dluga-spodnica-artemis-bordowy.html\" target=\"_blank\" class=\"button\">\r\nZobacz w sklepie\r\n<\/a>\r\n<\/div>\r\n<\/div>\r\n<div class=\"one_third \" style=\"\">\r\n<div class=\"product-box\">\r\n<a href=\"https:\/\/pakuten.pl\/40536-85606-bordowe-spodnico-spodenki-z-wiazaniem-stephania-bordowy.html\" target=\"_blank\">\r\n  <img src=\"https:\/\/media.pakuten.pl\/236790-large_default\/bordowe-spodnico-spodenki-z-wiazaniem-stephania.jpg\" alt=\"Bordowe sp\u00f3dnico - spodenki z wi\u0105zaniem Stephania\"\/>\r\n<\/a>\r\n<p>\r\n<a href=\"https:\/\/pakuten.pl\/40536-85606-bordowe-spodnico-spodenki-z-wiazaniem-stephania-bordowy.html\" target=\"_blank\">\r\nBordowe sp\u00f3dnico - spodenki z wi\u0105zaniem Stephania\r\n<\/a><\/p>\r\n  <p>Cena: 49,99\u00a0z\u0142<\/p>\r\n<a href=\"https:\/\/pakuten.pl\/40536-85606-bordowe-spodnico-spodenki-z-wiazaniem-stephania-bordowy.html\" target=\"_blank\" class=\"button\">\r\nZobacz w sklepie\r\n<\/a>\r\n<\/div>\r\n<\/div>\r\n<div class=\"one_third last \" style=\"\">\r\n<div class=\"product-box\">\r\n<a href=\"https:\/\/pakuten.pl\/39994-84854-bordowy-prazkowany-komplet-top-i-spodnie-hattie-bordowy.html\" target=\"_blank\">\r\n  <img src=\"https:\/\/media.pakuten.pl\/234121-large_default\/bordowy-prazkowany-komplet-top-i-spodnie-hattie.jpg\" alt=\"Bordowy pr\u0105\u017ckowany komplet top i spodnie Hattie\"\/>\r\n<\/a>\r\n<p>\r\n<a href=\"https:\/\/pakuten.pl\/39994-84854-bordowy-prazkowany-komplet-top-i-spodnie-hattie-bordowy.html\" target=\"_blank\">\r\nBordowy pr\u0105\u017ckowany komplet top i spodnie Hattie\r\n<\/a><\/p>\r\n  <p>Cena: 108,49\u00a0z\u0142<\/p>\r\n<a href=\"https:\/\/pakuten.pl\/39994-84854-bordowy-prazkowany-komplet-top-i-spodnie-hattie-bordowy.html\" target=\"_blank\" class=\"button\">\r\nZobacz w sklepie\r\n<\/a>\r\n<\/div>\r\n<\/div><br class=\"clear\"\/>\r\n<\/div>\n<h2 class=\"p1\"><span style=\"color: #ff9900;\">Casualowa elegancja: jak influencerki nosz\u0105 burgund na co dzie\u0144?<\/span><\/h2>\n<p>Burgund \u015bwietnie sprawdza si\u0119 r\u00f3wnie\u017c w casualowych, ale eleganckich stylizacjach. Jednym z najgor\u0119tszych trend\u00f3w tego sezonu s\u0105 burgundowe komplety. Zestawy sk\u0142adaj\u0105ce si\u0119 z dopasowanych spodni i topu w tym samym odcieniu. <strong>Influencerki<\/strong> uwielbiaj\u0105 nosi\u0107 burgund w pe\u0142nych zestawach, kt\u00f3re tworz\u0105 sp\u00f3jn\u0105 i stylow\u0105 ca\u0142o\u015b\u0107. Spodnie z wysokim stanem, po\u0142\u0105czone z prostym, burgundowym topem, to idealne rozwi\u0105zanie na co dzie\u0144, gdy chcesz wygl\u0105da\u0107 modnie, ale jednocze\u015bnie komfortowo.<\/p>\n<p>Co wi\u0119cej, taki monochromatyczny zestaw prezentuje si\u0119 elegancko, a jednocze\u015bnie jest niezwykle \u0142atwy do noszenia. Dodaj\u0105c do niego minimalistyczne dodatki, takie jak delikatna bi\u017cuteria czy sk\u00f3rzana torebka, influencerki udowadniaj\u0105, \u017ce burgundowe komplety to doskona\u0142y wyb\u00f3r zar\u00f3wno na spotkanie z przyjaci\u00f3\u0142mi, jak i na bardziej formalne wyj\u015bcia. Dzi\u0119ki prostocie i sp\u00f3jno\u015bci tego looku, ca\u0142o\u015b\u0107 staje si\u0119 wyj\u0105tkowo uniwersalna. Ten trend pozwala wi\u0119c na stworzenie stylizacji, kt\u00f3ra \u0142\u0105czy w sobie wygod\u0119 i szyk, co czyni go absolutnym hitem jesieni.<\/p>\n<p>\u00a0<\/p>\n<blockquote class=\"instagram-media\" style=\"background: #FFF; border: 0; border-radius: 3px; box-shadow: 0 0 1px 0 rgba(0,0,0,0.5),0 1px 10px 0 rgba(0,0,0,0.15); margin: 1px; max-width: 540px; min-width: 326px; padding: 0; width: calc(100% - 2px);\" data-instgrm-permalink=\"https:\/\/www.instagram.com\/reel\/DABGdqbtRVX\/?utm_source=ig_embed&amp;utm_campaign=loading\" data-instgrm-version=\"14\">\n<div style=\"padding: 16px;\">\n<div style=\"display: flex; flex-direction: row; align-items: center;\">\n<div style=\"background-color: #f4f4f4; border-radius: 50%; flex-grow: 0; height: 40px; margin-right: 14px; width: 40px;\">\u00a0<\/div>\n<div style=\"display: flex; flex-direction: column; flex-grow: 1; justify-content: center;\">\n<div style=\"background-color: #f4f4f4; border-radius: 4px; flex-grow: 0; height: 14px; margin-bottom: 6px; width: 100px;\">\u00a0<\/div>\n<div style=\"background-color: #f4f4f4; border-radius: 4px; flex-grow: 0; height: 14px; width: 60px;\">\u00a0<\/div>\n<\/div>\n<\/div>\n<div style=\"padding: 19% 0;\">\u00a0<\/div>\n<div style=\"display: block; height: 50px; margin: 0 auto 12px; width: 50px;\">\u00a0<\/div>\n<div style=\"padding-top: 8px;\">\n<div style=\"color: #3897f0; font-family: Arial,sans-serif; font-size: 14px; font-style: normal; font-weight: 550; line-height: 18px;\">Wy\u015bwietl ten post na Instagramie<\/div>\n<\/div>\n<div style=\"padding: 12.5% 0;\">\u00a0<\/div>\n<div style=\"display: flex; flex-direction: row; margin-bottom: 14px; align-items: center;\">\n<div>\n<div style=\"background-color: #f4f4f4; border-radius: 50%; height: 12.5px; width: 12.5px; transform: translateX(0px) translateY(7px);\">\u00a0<\/div>\n<div style=\"background-color: #f4f4f4; height: 12.5px; transform: rotate(-45deg) translateX(3px) translateY(1px); width: 12.5px; flex-grow: 0; margin-right: 14px; margin-left: 2px;\">\u00a0<\/div>\n<div style=\"background-color: #f4f4f4; border-radius: 50%; height: 12.5px; width: 12.5px; transform: translateX(9px) translateY(-18px);\">\u00a0<\/div>\n<\/div>\n<div style=\"margin-left: 8px;\">\n<div style=\"background-color: #f4f4f4; border-radius: 50%; flex-grow: 0; height: 20px; width: 20px;\">\u00a0<\/div>\n<div style=\"width: 0; height: 0; border-top: 2px solid transparent; border-left: 6px solid #f4f4f4; border-bottom: 2px solid transparent; transform: translateX(16px) translateY(-4px) rotate(30deg);\">\u00a0<\/div>\n<\/div>\n<div style=\"margin-left: auto;\">\n<div style=\"width: 0px; border-top: 8px solid #F4F4F4; border-right: 8px solid transparent; transform: translateY(16px);\">\u00a0<\/div>\n<div style=\"background-color: #f4f4f4; flex-grow: 0; height: 12px; width: 16px; transform: translateY(-4px);\">\u00a0<\/div>\n<div style=\"width: 0; height: 0; border-top: 8px solid #F4F4F4; border-left: 8px solid transparent; transform: translateY(-4px) translateX(8px);\">\u00a0<\/div>\n<\/div>\n<\/div>\n<div style=\"display: flex; flex-direction: column; flex-grow: 1; justify-content: center; margin-bottom: 24px;\">\n<div style=\"background-color: #f4f4f4; border-radius: 4px; flex-grow: 0; height: 14px; margin-bottom: 6px; width: 224px;\">\u00a0<\/div>\n<div style=\"background-color: #f4f4f4; border-radius: 4px; flex-grow: 0; height: 14px; width: 144px;\">\u00a0<\/div>\n<\/div>\n<p style=\"color: #c9c8cd; font-family: Arial,sans-serif; font-size: 14px; line-height: 17px; margin-bottom: 0; margin-top: 8px; overflow: hidden; padding: 8px 0 7px; text-align: center; text-overflow: ellipsis; white-space: nowrap;\"><a style=\"color: #c9c8cd; font-family: Arial,sans-serif; font-size: 14px; font-style: normal; font-weight: normal; line-height: 17px; text-decoration: none;\" href=\"https:\/\/www.instagram.com\/reel\/DABGdqbtRVX\/?utm_source=ig_embed&amp;utm_campaign=loading\" target=\"_blank\" rel=\"noopener\">Post udost\u0119pniony przez Daria Latos (@darqa.latos)<\/a><\/p>\n<\/div>\n<\/blockquote>\n<p><script async src=\"\/\/www.instagram.com\/embed.js\"><\/script><\/p>\n<p class=\"p1\">Burgundowy kolor w casualowych zestawach ma jeszcze jedn\u0105 zalet\u0119 \u2013 jest uniwersalny i pasuje praktycznie do ka\u017cdego typu urody. Zar\u00f3wno blondynki, jak i brunetki znajd\u0105 w nim co\u015b dla siebie, co tylko podkre\u015bla jego status jako Kr\u00f3l Jesieni.<\/p>\n<h2 class=\"p1\"><span style=\"color: #ff9900;\">Wieczorowa magia: burgund w eleganckich stylizacjach influencerek<\/span><\/h2>\n<p class=\"p1\">Gdy przychodzi czas na wieczorne wyj\u015bcia, burgund wkracza na scen\u0119 w jeszcze bardziej wyrafinowanej ods\u0142onie. Influencerki cz\u0119sto wybieraj\u0105 burgundowe<span style=\"color: #ff9900;\"><a style=\"color: #ff9900;\" href=\"https:\/\/pakuten.pl\/27-sukienki?kolor=bordowy\" target=\"_blank\" rel=\"noopener\"> sukienki<\/a><\/span> lub garnitury, kt\u00f3re dodaj\u0105 klasy i pewno\u015bci siebie. Ten g\u0142\u0119boki odcie\u0144 doskonale prezentuje si\u0119 na aksamitnych tkaninach, co czyni go idealnym wyborem na specjalne okazje.<\/p>\n<div class=\"product-box-container\">\r\n<div class=\"one_third \" style=\"\">\r\n<div class=\"product-box\">\r\n<a href=\"https:\/\/pakuten.pl\/40163-85125-bordowa-sukienka-satynowa-maxi-na-ramiaczkach-eloyse-bordowy.html\" target=\"_blank\">\r\n <img src=\"https:\/\/media.pakuten.pl\/235024-large_default\/bordowa-sukienka-satynowa-maxi-na-ramiaczkach-eloyse.jpg\" alt=\"Bordowa sukienka satynowa maxi na rami\u0105czkach Eloyse\"\/>\r\n<\/a>\r\n<p>\r\n<a href=\"https:\/\/pakuten.pl\/40163-85125-bordowa-sukienka-satynowa-maxi-na-ramiaczkach-eloyse-bordowy.html\" target=\"_blank\">\r\nBordowa sukienka satynowa maxi na rami\u0105czkach Eloyse\r\n<\/a><\/p>\r\n  <p>Cena: 144,99\u00a0z\u0142<\/p>\r\n<a href=\"https:\/\/pakuten.pl\/40163-85125-bordowa-sukienka-satynowa-maxi-na-ramiaczkach-eloyse-bordowy.html\" target=\"_blank\" class=\"button\">\r\nZobacz w sklepie\r\n<\/a>\r\n<\/div>\r\n<\/div>\r\n<div class=\"one_third \" style=\"\">\r\n<div class=\"product-box\">\r\n<a href=\"https:\/\/pakuten.pl\/40332-85340-bordowa-sukienka-z-rozcieciem-amrynna-bordowy.html\" target=\"_blank\">\r\n  <img src=\"https:\/\/media.pakuten.pl\/235813-large_default\/bordowa-sukienka-z-rozcieciem-amrynna.jpg\" alt=\"Bordowa sukienka z rozci\u0119ciem Amrynna\"\/>\r\n<\/a>\r\n<p>\r\n<a href=\"https:\/\/pakuten.pl\/40332-85340-bordowa-sukienka-z-rozcieciem-amrynna-bordowy.html\" target=\"_blank\">\r\nBordowa sukienka z rozci\u0119ciem Amrynna\r\n<\/a><\/p>\r\n  <p>Cena: 106,99\u00a0z\u0142<\/p>\r\n<a href=\"https:\/\/pakuten.pl\/40332-85340-bordowa-sukienka-z-rozcieciem-amrynna-bordowy.html\" target=\"_blank\" class=\"button\">\r\nZobacz w sklepie\r\n<\/a>\r\n<\/div>\r\n<\/div>\r\n<div class=\"one_third last \" style=\"\">\r\n<div class=\"product-box\">\r\n<a href=\"https:\/\/pakuten.pl\/40518-85583-bordowa-sukienka-mini-z-przekladanym-dekoltem-cerys-bordowy.html\" target=\"_blank\">\r\n  <img src=\"https:\/\/media.pakuten.pl\/236717-large_default\/bordowa-sukienka-mini-z-przekladanym-dekoltem-cerys.jpg\" alt=\"Bordowa sukienka mini z przek\u0142adanym dekoltem Cerys\"\/>\r\n<\/a>\r\n<p>\r\n<a href=\"https:\/\/pakuten.pl\/40518-85583-bordowa-sukienka-mini-z-przekladanym-dekoltem-cerys-bordowy.html\" target=\"_blank\">\r\nBordowa sukienka mini z przek\u0142adanym dekoltem Cerys\r\n<\/a><\/p>\r\n  <p>Cena: 98,99\u00a0z\u0142<\/p>\r\n<a href=\"https:\/\/pakuten.pl\/40518-85583-bordowa-sukienka-mini-z-przekladanym-dekoltem-cerys-bordowy.html\" target=\"_blank\" class=\"button\">\r\nZobacz w sklepie\r\n<\/a>\r\n<\/div>\r\n<\/div><br class=\"clear\"\/>\r\n<\/div>\n<p class=\"p1\">Burgundowe sukienki midi i maxi s\u0105 absolutnym hitem jesiennych wyj\u015b\u0107. Po\u0142\u0105czenie tego koloru z mi\u0119kkimi materia\u0142ami, takimi jak aksamit czy jedwab, sprawia, \u017ce stylizacje influencerek przyci\u0105gaj\u0105 wzrok i nie pozostawiaj\u0105 nikogo oboj\u0119tnym. Cz\u0119sto mo\u017cna zauwa\u017cy\u0107, \u017ce <b>influencerki<\/b> wybieraj\u0105 proste kroje, kt\u00f3re podkre\u015blaj\u0105 naturalne pi\u0119kno koloru, pozwalaj\u0105c mu by\u0107 g\u0142\u00f3wnym bohaterem stylizacji.<\/p>\n<p class=\"p1\">\u00a0<\/p>\n<blockquote class=\"instagram-media\" style=\"background: #FFF; border: 0; border-radius: 3px; box-shadow: 0 0 1px 0 rgba(0,0,0,0.5),0 1px 10px 0 rgba(0,0,0,0.15); margin: 1px; max-width: 540px; min-width: 326px; padding: 0; width: calc(100% - 2px);\" data-instgrm-permalink=\"https:\/\/www.instagram.com\/reel\/C__D3-no23g\/?utm_source=ig_embed&amp;utm_campaign=loading\" data-instgrm-version=\"14\">\n<div style=\"padding: 16px;\">\n<div style=\"display: flex; flex-direction: row; align-items: center;\">\n<div style=\"background-color: #f4f4f4; border-radius: 50%; flex-grow: 0; height: 40px; margin-right: 14px; width: 40px;\">\u00a0<\/div>\n<div style=\"display: flex; flex-direction: column; flex-grow: 1; justify-content: center;\">\n<div style=\"background-color: #f4f4f4; border-radius: 4px; flex-grow: 0; height: 14px; margin-bottom: 6px; width: 100px;\">\u00a0<\/div>\n<div style=\"background-color: #f4f4f4; border-radius: 4px; flex-grow: 0; height: 14px; width: 60px;\">\u00a0<\/div>\n<\/div>\n<\/div>\n<div style=\"padding: 19% 0;\">\u00a0<\/div>\n<div style=\"display: block; height: 50px; margin: 0 auto 12px; width: 50px;\">\u00a0<\/div>\n<div style=\"padding-top: 8px;\">\n<div style=\"color: #3897f0; font-family: Arial,sans-serif; font-size: 14px; font-style: normal; font-weight: 550; line-height: 18px;\">Wy\u015bwietl ten post na Instagramie<\/div>\n<\/div>\n<div style=\"padding: 12.5% 0;\">\u00a0<\/div>\n<div style=\"display: flex; flex-direction: row; margin-bottom: 14px; align-items: center;\">\n<div>\n<div style=\"background-color: #f4f4f4; border-radius: 50%; height: 12.5px; width: 12.5px; transform: translateX(0px) translateY(7px);\">\u00a0<\/div>\n<div style=\"background-color: #f4f4f4; height: 12.5px; transform: rotate(-45deg) translateX(3px) translateY(1px); width: 12.5px; flex-grow: 0; margin-right: 14px; margin-left: 2px;\">\u00a0<\/div>\n<div style=\"background-color: #f4f4f4; border-radius: 50%; height: 12.5px; width: 12.5px; transform: translateX(9px) translateY(-18px);\">\u00a0<\/div>\n<\/div>\n<div style=\"margin-left: 8px;\">\n<div style=\"background-color: #f4f4f4; border-radius: 50%; flex-grow: 0; height: 20px; width: 20px;\">\u00a0<\/div>\n<div style=\"width: 0; height: 0; border-top: 2px solid transparent; border-left: 6px solid #f4f4f4; border-bottom: 2px solid transparent; transform: translateX(16px) translateY(-4px) rotate(30deg);\">\u00a0<\/div>\n<\/div>\n<div style=\"margin-left: auto;\">\n<div style=\"width: 0px; border-top: 8px solid #F4F4F4; border-right: 8px solid transparent; transform: translateY(16px);\">\u00a0<\/div>\n<div style=\"background-color: #f4f4f4; flex-grow: 0; height: 12px; width: 16px; transform: translateY(-4px);\">\u00a0<\/div>\n<div style=\"width: 0; height: 0; border-top: 8px solid #F4F4F4; border-left: 8px solid transparent; transform: translateY(-4px) translateX(8px);\">\u00a0<\/div>\n<\/div>\n<\/div>\n<div style=\"display: flex; flex-direction: column; flex-grow: 1; justify-content: center; margin-bottom: 24px;\">\n<div style=\"background-color: #f4f4f4; border-radius: 4px; flex-grow: 0; height: 14px; margin-bottom: 6px; width: 224px;\">\u00a0<\/div>\n<div style=\"background-color: #f4f4f4; border-radius: 4px; flex-grow: 0; height: 14px; width: 144px;\">\u00a0<\/div>\n<\/div>\n<p style=\"color: #c9c8cd; font-family: Arial,sans-serif; font-size: 14px; line-height: 17px; margin-bottom: 0; margin-top: 8px; overflow: hidden; padding: 8px 0 7px; text-align: center; text-overflow: ellipsis; white-space: nowrap;\"><a style=\"color: #c9c8cd; font-family: Arial,sans-serif; font-size: 14px; font-style: normal; font-weight: normal; line-height: 17px; text-decoration: none;\" href=\"https:\/\/www.instagram.com\/reel\/C__D3-no23g\/?utm_source=ig_embed&amp;utm_campaign=loading\" target=\"_blank\" rel=\"noopener\">Post udost\u0119pniony przez Paulina M\u0142odzik | Stylizacje, porady modowe \u2b50\ufe0f (@paulinamlodzik)<\/a><\/p>\n<\/div>\n<\/blockquote>\n<p><script async src=\"\/\/www.instagram.com\/embed.js\"><\/script><\/p>\n<h2 class=\"p1\"><span style=\"color: #ff9900;\">Monochromatyczne stylizacje: burgund od st\u00f3p do g\u0142\u00f3w<\/span><\/h2>\n<p class=\"p1\">Jednym z najciekawszych trend\u00f3w, kt\u00f3ry lansuj\u0105 <b>influencerki<\/b>, s\u0105 monochromatyczne stylizacje w odcieniach burgundu. Cho\u0107 mo\u017ce si\u0119 wydawa\u0107, \u017ce noszenie jednego koloru od st\u00f3p do g\u0142\u00f3w jest ryzykowne, burgund ma w sobie co\u015b, co sprawia, \u017ce takie zestawy wygl\u0105daj\u0105 bardzo stylowo i elegancko.<\/p>\n<blockquote class=\"instagram-media\" style=\"background: #FFF; border: 0; border-radius: 3px; box-shadow: 0 0 1px 0 rgba(0,0,0,0.5),0 1px 10px 0 rgba(0,0,0,0.15); margin: 1px; max-width: 540px; min-width: 326px; padding: 0; width: calc(100% - 2px);\" data-instgrm-permalink=\"https:\/\/www.instagram.com\/p\/DABo1sYo0a2\/?utm_source=ig_embed&amp;utm_campaign=loading\" data-instgrm-version=\"14\">\n<div style=\"padding: 16px;\">\n<div style=\"display: flex; flex-direction: row; align-items: center;\">\n<div style=\"background-color: #f4f4f4; border-radius: 50%; flex-grow: 0; height: 40px; margin-right: 14px; width: 40px;\">\u00a0<\/div>\n<div style=\"display: flex; flex-direction: column; flex-grow: 1; justify-content: center;\">\n<div style=\"background-color: #f4f4f4; border-radius: 4px; flex-grow: 0; height: 14px; margin-bottom: 6px; width: 100px;\">\u00a0<\/div>\n<div style=\"background-color: #f4f4f4; border-radius: 4px; flex-grow: 0; height: 14px; width: 60px;\">\u00a0<\/div>\n<\/div>\n<\/div>\n<div style=\"padding: 19% 0;\">\u00a0<\/div>\n<div style=\"display: block; height: 50px; margin: 0 auto 12px; width: 50px;\">\u00a0<\/div>\n<div style=\"padding-top: 8px;\">\n<div style=\"color: #3897f0; font-family: Arial,sans-serif; font-size: 14px; font-style: normal; font-weight: 550; line-height: 18px;\">Wy\u015bwietl ten post na Instagramie<\/div>\n<\/div>\n<div style=\"padding: 12.5% 0;\">\u00a0<\/div>\n<div style=\"display: flex; flex-direction: row; margin-bottom: 14px; align-items: center;\">\n<div>\n<div style=\"background-color: #f4f4f4; border-radius: 50%; height: 12.5px; width: 12.5px; transform: translateX(0px) translateY(7px);\">\u00a0<\/div>\n<div style=\"background-color: #f4f4f4; height: 12.5px; transform: rotate(-45deg) translateX(3px) translateY(1px); width: 12.5px; flex-grow: 0; margin-right: 14px; margin-left: 2px;\">\u00a0<\/div>\n<div style=\"background-color: #f4f4f4; border-radius: 50%; height: 12.5px; width: 12.5px; transform: translateX(9px) translateY(-18px);\">\u00a0<\/div>\n<\/div>\n<div style=\"margin-left: 8px;\">\n<div style=\"background-color: #f4f4f4; border-radius: 50%; flex-grow: 0; height: 20px; width: 20px;\">\u00a0<\/div>\n<div style=\"width: 0; height: 0; border-top: 2px solid transparent; border-left: 6px solid #f4f4f4; border-bottom: 2px solid transparent; transform: translateX(16px) translateY(-4px) rotate(30deg);\">\u00a0<\/div>\n<\/div>\n<div style=\"margin-left: auto;\">\n<div style=\"width: 0px; border-top: 8px solid #F4F4F4; border-right: 8px solid transparent; transform: translateY(16px);\">\u00a0<\/div>\n<div style=\"background-color: #f4f4f4; flex-grow: 0; height: 12px; width: 16px; transform: translateY(-4px);\">\u00a0<\/div>\n<div style=\"width: 0; height: 0; border-top: 8px solid #F4F4F4; border-left: 8px solid transparent; transform: translateY(-4px) translateX(8px);\">\u00a0<\/div>\n<\/div>\n<\/div>\n<div style=\"display: flex; flex-direction: column; flex-grow: 1; justify-content: center; margin-bottom: 24px;\">\n<div style=\"background-color: #f4f4f4; border-radius: 4px; flex-grow: 0; height: 14px; margin-bottom: 6px; width: 224px;\">\u00a0<\/div>\n<div style=\"background-color: #f4f4f4; border-radius: 4px; flex-grow: 0; height: 14px; width: 144px;\">\u00a0<\/div>\n<\/div>\n<p style=\"color: #c9c8cd; font-family: Arial,sans-serif; font-size: 14px; line-height: 17px; margin-bottom: 0; margin-top: 8px; overflow: hidden; padding: 8px 0 7px; text-align: center; text-overflow: ellipsis; white-space: nowrap;\"><a style=\"color: #c9c8cd; font-family: Arial,sans-serif; font-size: 14px; font-style: normal; font-weight: normal; line-height: 17px; text-decoration: none;\" href=\"https:\/\/www.instagram.com\/p\/DABo1sYo0a2\/?utm_source=ig_embed&amp;utm_campaign=loading\" target=\"_blank\" rel=\"noopener\">Post udost\u0119pniony przez \ud835\udce2\ud835\udcea\ud835\udceb\ud835\udcf2\ud835\udcf7\ud835\udcea \ud835\udcd1\ud835\udcf2\ud835\udcee\ud835\udcf5\ud835\udcee\ud835\udd00\ud835\udcf2\ud835\udcec\ud835\udd03 (@sabi_livi)<\/a><\/p>\n<\/div>\n<\/blockquote>\n<p><script async src=\"\/\/www.instagram.com\/embed.js\"><\/script><\/p>\n<p class=\"p1\">Monochromatyczne zestawy, sk\u0142adaj\u0105ce si\u0119 z burgundowego p\u0142aszcza, swetra, spodni i but\u00f3w, tworz\u0105 sp\u00f3jn\u0105 ca\u0142o\u015b\u0107, kt\u00f3ra wygl\u0105da nie tylko modnie, ale tak\u017ce niezwykle harmonijnie. Wa\u017cnym elementem takich stylizacji s\u0105 r\u00f3\u017cnorodne faktury materia\u0142\u00f3w. Zestawienie we\u0142nianego p\u0142aszcza z aksamitn\u0105 sp\u00f3dnic\u0105 czy sk\u00f3rzanymi butami w tym samym odcieniu dodaje ca\u0142o\u015bci g\u0142\u0119bi i intryguje.<\/p>\n<p class=\"p1\">Dzi\u0119ki temu trendowi influencerki udowadniaj\u0105, \u017ce burgund nie musi by\u0107 jedynie dodatkiem do stylizacji. Mo\u017ce sta\u0107 si\u0119 jej centralnym punktem, a nawet motywem przewodnim.<\/p>\n<p>\u00a0<\/p>\n<blockquote class=\"instagram-media\" style=\"background: #FFF; border: 0; border-radius: 3px; box-shadow: 0 0 1px 0 rgba(0,0,0,0.5),0 1px 10px 0 rgba(0,0,0,0.15); margin: 1px; max-width: 540px; min-width: 326px; padding: 0; width: calc(100% - 2px);\" data-instgrm-permalink=\"https:\/\/www.instagram.com\/reel\/DAFpPqDopeV\/?utm_source=ig_embed&amp;utm_campaign=loading\" data-instgrm-version=\"14\">\n<div style=\"padding: 16px;\">\n<div style=\"display: flex; flex-direction: row; align-items: center;\">\n<div style=\"background-color: #f4f4f4; border-radius: 50%; flex-grow: 0; height: 40px; margin-right: 14px; width: 40px;\">\u00a0<\/div>\n<div style=\"display: flex; flex-direction: column; flex-grow: 1; justify-content: center;\">\n<div style=\"background-color: #f4f4f4; border-radius: 4px; flex-grow: 0; height: 14px; margin-bottom: 6px; width: 100px;\">\u00a0<\/div>\n<div style=\"background-color: #f4f4f4; border-radius: 4px; flex-grow: 0; height: 14px; width: 60px;\">\u00a0<\/div>\n<\/div>\n<\/div>\n<div style=\"padding: 19% 0;\">\u00a0<\/div>\n<div style=\"display: block; height: 50px; margin: 0 auto 12px; width: 50px;\">\u00a0<\/div>\n<div style=\"padding-top: 8px;\">\n<div style=\"color: #3897f0; font-family: Arial,sans-serif; font-size: 14px; font-style: normal; font-weight: 550; line-height: 18px;\">Wy\u015bwietl ten post na Instagramie<\/div>\n<\/div>\n<div style=\"padding: 12.5% 0;\">\u00a0<\/div>\n<div style=\"display: flex; flex-direction: row; margin-bottom: 14px; align-items: center;\">\n<div>\n<div style=\"background-color: #f4f4f4; border-radius: 50%; height: 12.5px; width: 12.5px; transform: translateX(0px) translateY(7px);\">\u00a0<\/div>\n<div style=\"background-color: #f4f4f4; height: 12.5px; transform: rotate(-45deg) translateX(3px) translateY(1px); width: 12.5px; flex-grow: 0; margin-right: 14px; margin-left: 2px;\">\u00a0<\/div>\n<div style=\"background-color: #f4f4f4; border-radius: 50%; height: 12.5px; width: 12.5px; transform: translateX(9px) translateY(-18px);\">\u00a0<\/div>\n<\/div>\n<div style=\"margin-left: 8px;\">\n<div style=\"background-color: #f4f4f4; border-radius: 50%; flex-grow: 0; height: 20px; width: 20px;\">\u00a0<\/div>\n<div style=\"width: 0; height: 0; border-top: 2px solid transparent; border-left: 6px solid #f4f4f4; border-bottom: 2px solid transparent; transform: translateX(16px) translateY(-4px) rotate(30deg);\">\u00a0<\/div>\n<\/div>\n<div style=\"margin-left: auto;\">\n<div style=\"width: 0px; border-top: 8px solid #F4F4F4; border-right: 8px solid transparent; transform: translateY(16px);\">\u00a0<\/div>\n<div style=\"background-color: #f4f4f4; flex-grow: 0; height: 12px; width: 16px; transform: translateY(-4px);\">\u00a0<\/div>\n<div style=\"width: 0; height: 0; border-top: 8px solid #F4F4F4; border-left: 8px solid transparent; transform: translateY(-4px) translateX(8px);\">\u00a0<\/div>\n<\/div>\n<\/div>\n<div style=\"display: flex; flex-direction: column; flex-grow: 1; justify-content: center; margin-bottom: 24px;\">\n<div style=\"background-color: #f4f4f4; border-radius: 4px; flex-grow: 0; height: 14px; margin-bottom: 6px; width: 224px;\">\u00a0<\/div>\n<div style=\"background-color: #f4f4f4; border-radius: 4px; flex-grow: 0; height: 14px; width: 144px;\">\u00a0<\/div>\n<\/div>\n<p style=\"color: #c9c8cd; font-family: Arial,sans-serif; font-size: 14px; line-height: 17px; margin-bottom: 0; margin-top: 8px; overflow: hidden; padding: 8px 0 7px; text-align: center; text-overflow: ellipsis; white-space: nowrap;\"><a style=\"color: #c9c8cd; font-family: Arial,sans-serif; font-size: 14px; font-style: normal; font-weight: normal; line-height: 17px; text-decoration: none;\" href=\"https:\/\/www.instagram.com\/reel\/DAFpPqDopeV\/?utm_source=ig_embed&amp;utm_campaign=loading\" target=\"_blank\" rel=\"noopener\">Post udost\u0119pniony przez Pakuten.pl \u2022 Modna i tania odzie\u017c damska (@pakuten.official)<\/a><\/p>\n<\/div>\n<\/blockquote>\n<p><script async src=\"\/\/www.instagram.com\/embed.js\"><\/script><\/p>\n<h2 class=\"p1\"><span style=\"color: #ff9900;\">Jak influencerki \u0142\u0105cz\u0105 burgund z innymi kolorami?<\/span><\/h2>\n<p class=\"p1\">Burgund to kolor, kt\u00f3ry doskonale wsp\u00f3\u0142gra z wieloma innymi barwami, co czyni go niezwykle wszechstronnym. Influencerki z ch\u0119ci\u0105 \u0142\u0105cz\u0105 burgund z klasycznymi kolorami jesieni, takimi jak be\u017c, karmel czy granat. Te zestawienia tworz\u0105 ciep\u0142e, harmonijne kompozycje, kt\u00f3re idealnie wpisuj\u0105 si\u0119 w jesienny klimat.<\/p>\n<p class=\"p1\">Jednym z najcz\u0119\u015bciej spotykanych po\u0142\u0105cze\u0144 jest zestawienie burgundowych element\u00f3w z be\u017cem. Be\u017cowe p\u0142aszcze, spodnie lub swetry stanowi\u0105 neutraln\u0105 baz\u0119, a burgundowe dodatki dodaj\u0105 ca\u0142o\u015bci wyrazisto\u015bci. To po\u0142\u0105czenie jest nie tylko eleganckie, ale tak\u017ce bardzo bezpieczne. Sprawdzi si\u0119 zar\u00f3wno na co dzie\u0144, jak i podczas bardziej formalnych okazji.<\/p>\n<p><img loading=\"lazy\" class=\"aligncenter size-full wp-image-9045\" src=\"https:\/\/pakuten.pl\/blog\/wp-content\/uploads\/2024\/09\/IMG_7369.jpg\" alt=\"influencerki stylizuj\u0105 burgund z be\u017cem\" width=\"1280\" height=\"1920\" \/><\/p>\n<p class=\"p1\">\u00a0<\/p>\n<p>\u00a0<\/p>\n<p class=\"p1\">Burgund bez w\u0105tpienia zas\u0142u\u017cy\u0142 na miano Kr\u00f3la Jesieni. To kolor, kt\u00f3ry \u0142\u0105czy w sobie elegancj\u0119, g\u0142\u0119bi\u0119 i wszechstronno\u015b\u0107, dlatego tak ch\u0119tnie nosz\u0105 go influencerki. Niezale\u017cnie od tego, czy zdecydujesz si\u0119 na monochromatyczny zestaw, wieczorow\u0105 sukni\u0119, czy tylko na ma\u0142e burgundowe dodatki \u2013 ten kolor zawsze dodaje stylizacji wyj\u0105tkowego charakteru. Zainspiruj si\u0119 stylizacjami influencerek i wprowad\u017a burgund do swojej garderoby, by tej jesieni wygl\u0105da\u0107 modnie i stylowo!<\/p>\n\n\n<div class=\"kk-star-ratings kksr-auto kksr-align-right kksr-valign-bottom\"\n    data-payload='{&quot;align&quot;:&quot;right&quot;,&quot;id&quot;:&quot;9086&quot;,&quot;slug&quot;:&quot;default&quot;,&quot;valign&quot;:&quot;bottom&quot;,&quot;ignore&quot;:&quot;&quot;,&quot;reference&quot;:&quot;auto&quot;,&quot;class&quot;:&quot;&quot;,&quot;count&quot;:&quot;21&quot;,&quot;legendonly&quot;:&quot;&quot;,&quot;readonly&quot;:&quot;&quot;,&quot;score&quot;:&quot;1&quot;,&quot;starsonly&quot;:&quot;&quot;,&quot;best&quot;:&quot;5&quot;,&quot;gap&quot;:&quot;5&quot;,&quot;greet&quot;:&quot;Rate this post&quot;,&quot;legend&quot;:&quot;1\\\/5 - (21 votes)&quot;,&quot;size&quot;:&quot;24&quot;,&quot;width&quot;:&quot;26.5&quot;,&quot;_legend&quot;:&quot;{score}\\\/{best} - ({count} {votes})&quot;,&quot;font_factor&quot;:&quot;1.25&quot;}'>\n            \n<div class=\"kksr-stars\">\n    \n<div class=\"kksr-stars-inactive\">\n            <div class=\"kksr-star\" data-star=\"1\" style=\"padding-right: 5px\">\n            \n\n<div class=\"kksr-icon\" style=\"width: 24px; height: 24px;\"><\/div>\n        <\/div>\n            <div class=\"kksr-star\" data-star=\"2\" style=\"padding-right: 5px\">\n            \n\n<div class=\"kksr-icon\" style=\"width: 24px; height: 24px;\"><\/div>\n        <\/div>\n            <div class=\"kksr-star\" data-star=\"3\" style=\"padding-right: 5px\">\n            \n\n<div class=\"kksr-icon\" style=\"width: 24px; height: 24px;\"><\/div>\n        <\/div>\n            <div class=\"kksr-star\" data-star=\"4\" style=\"padding-right: 5px\">\n            \n\n<div class=\"kksr-icon\" style=\"width: 24px; height: 24px;\"><\/div>\n        <\/div>\n            <div class=\"kksr-star\" data-star=\"5\" style=\"padding-right: 5px\">\n            \n\n<div class=\"kksr-icon\" style=\"width: 24px; height: 24px;\"><\/div>\n        <\/div>\n    <\/div>\n    \n<div class=\"kksr-stars-active\" style=\"width: 26.5px;\">\n            <div class=\"kksr-star\" style=\"padding-right: 5px\">\n            \n\n<div class=\"kksr-icon\" style=\"width: 24px; height: 24px;\"><\/div>\n        <\/div>\n            <div class=\"kksr-star\" style=\"padding-right: 5px\">\n            \n\n<div class=\"kksr-icon\" style=\"width: 24px; height: 24px;\"><\/div>\n        <\/div>\n            <div class=\"kksr-star\" style=\"padding-right: 5px\">\n            \n\n<div class=\"kksr-icon\" style=\"width: 24px; height: 24px;\"><\/div>\n        <\/div>\n            <div class=\"kksr-star\" style=\"padding-right: 5px\">\n            \n\n<div class=\"kksr-icon\" style=\"width: 24px; height: 24px;\"><\/div>\n        <\/div>\n            <div class=\"kksr-star\" style=\"padding-right: 5px\">\n            \n\n<div class=\"kksr-icon\" style=\"width: 24px; height: 24px;\"><\/div>\n        <\/div>\n    <\/div>\n<\/div>\n                \n\n<div class=\"kksr-legend\" style=\"font-size: 19.2px;\">\n            1\/5 - (21 votes)    <\/div>\n    <\/div>\n","protected":false},"excerpt":{"rendered":"<p class=\"p1\" style=\"margin: 0px; font-variant-numeric: normal; font-variant-east-asian: normal; font-variant-alternates: normal; font-size-adjust: none; font-kerning: auto; font-optical-sizing: auto; font-feature-settings: normal; font-variation-settings: normal; font-variant-position: normal; font-stretch: normal; font-size: 12px; line-height: normal; font-family: 'Helvetica Neue'; color: #000000;\">Influencerki od lat wyznaczaj\u0105 trendy i inspiruj\u0105 nas swoimi wyj\u0105tkowymi stylizacjami. Tej jesieni nie mog\u0142o by\u0107 inaczej. Kr\u00f3lem sezonu sta\u0142 si\u0119 kolor burgundowy \u2013 g\u0142\u0119boki, elegancki i niezwykle uniwersalny. W swoich codziennych i wieczorowych lookach influencerki doskonale pokazuj\u0105, jak wple\u015b\u0107 burgund w jesienn\u0105 garderob\u0119, tworz\u0105c stylizacje zar\u00f3wno pe\u0142ne klasy, jak i lu\u017ane, ale nadal stylowe. Jak influencerki nosz\u0105 burgund i dlaczego warto zainwestowa\u0107 w ten odcie\u0144? Przekonajmy si\u0119!<\/p>\n","protected":false},"author":3,"featured_media":9095,"comment_status":"open","ping_status":"open","sticky":false,"template":"","format":"standard","meta":[],"categories":[5],"tags":[],"yoast_head":"<!-- This site is optimized with the Yoast SEO plugin v18.4.1 - https:\/\/yoast.com\/wordpress\/plugins\/seo\/ -->\n<title>Influencerki inspiruj\u0105: Jak burgund sta\u0142 si\u0119 kolorem obowi\u0105zkowym tej jesieni? Pakuten blog -<\/title>\n<meta name=\"description\" content=\"Influencerki od lat wyznaczaj\u0105 trendy i inspiruj\u0105 nas swoimi wyj\u0105tkowymi stylizacjami. Kr\u00f3lem sezonu sta\u0142 si\u0119 kolor burgundowy.\" \/>\n<meta name=\"robots\" content=\"index, follow, max-snippet:-1, max-image-preview:large, max-video-preview:-1\" \/>\n<link rel=\"canonical\" href=\"https:\/\/pakuten.pl\/blog\/influencerki-inspiruja-jak-burgund-stal-sie-kolorem-obowiazkowym-tej-jesieni\/\" \/>\n<meta property=\"og:locale\" content=\"pl_PL\" \/>\n<meta property=\"og:type\" content=\"article\" \/>\n<meta property=\"og:title\" content=\"Influencerki inspiruj\u0105: Jak burgund sta\u0142 si\u0119 kolorem obowi\u0105zkowym tej jesieni? Pakuten blog -\" \/>\n<meta property=\"og:description\" content=\"Influencerki od lat wyznaczaj\u0105 trendy i inspiruj\u0105 nas swoimi wyj\u0105tkowymi stylizacjami. Kr\u00f3lem sezonu sta\u0142 si\u0119 kolor burgundowy.\" \/>\n<meta property=\"og:url\" content=\"https:\/\/pakuten.pl\/blog\/influencerki-inspiruja-jak-burgund-stal-sie-kolorem-obowiazkowym-tej-jesieni\/\" \/>\n<meta property=\"og:site_name\" content=\"Pakuten blog\" \/>\n<meta property=\"article:published_time\" content=\"2024-09-23T11:17:00+00:00\" \/>\n<meta property=\"article:modified_time\" content=\"2024-09-19T11:34:23+00:00\" \/>\n<meta property=\"og:image\" content=\"https:\/\/pakuten.pl\/blog\/wp-content\/uploads\/2024\/09\/Influencerki-inspiruja\u0328_Jak-burgund-stal-sie\u0328-kolorem-obowia\u0328zkowym-tej-jesieni.jpg\" \/>\n\t<meta property=\"og:image:width\" content=\"1280\" \/>\n\t<meta property=\"og:image:height\" content=\"853\" \/>\n\t<meta property=\"og:image:type\" content=\"image\/jpeg\" \/>\n<meta name=\"twitter:card\" content=\"summary_large_image\" \/>\n<meta name=\"twitter:label1\" content=\"Napisane przez\" \/>\n\t<meta name=\"twitter:data1\" content=\"Pakuten Girl\" \/>\n\t<meta name=\"twitter:label2\" content=\"Szacowany czas czytania\" \/>\n\t<meta name=\"twitter:data2\" content=\"6 minut\" \/>\n<script type=\"application\/ld+json\" class=\"yoast-schema-graph\">{\"@context\":\"https:\/\/schema.org\",\"@graph\":[{\"@type\":\"Organization\",\"@id\":\"https:\/\/pakuten.pl\/blog\/#organization\",\"name\":\"Pakuten\",\"url\":\"https:\/\/pakuten.pl\/blog\/\",\"sameAs\":[],\"logo\":{\"@type\":\"ImageObject\",\"@id\":\"https:\/\/pakuten.pl\/blog\/#logo\",\"inLanguage\":\"pl-PL\",\"url\":\"http:\/\/pakuten.pl\/blog\/wp-content\/uploads\/2018\/01\/pakuten_logo.png\",\"contentUrl\":\"http:\/\/pakuten.pl\/blog\/wp-content\/uploads\/2018\/01\/pakuten_logo.png\",\"width\":300,\"height\":120,\"caption\":\"Pakuten\"},\"image\":{\"@id\":\"https:\/\/pakuten.pl\/blog\/#logo\"}},{\"@type\":\"WebSite\",\"@id\":\"https:\/\/pakuten.pl\/blog\/#website\",\"url\":\"https:\/\/pakuten.pl\/blog\/\",\"name\":\"Pakuten blog\",\"description\":\"Blog sklepu internetowego pakuten.pl\",\"publisher\":{\"@id\":\"https:\/\/pakuten.pl\/blog\/#organization\"},\"potentialAction\":[{\"@type\":\"SearchAction\",\"target\":{\"@type\":\"EntryPoint\",\"urlTemplate\":\"https:\/\/pakuten.pl\/blog\/?s={search_term_string}\"},\"query-input\":\"required name=search_term_string\"}],\"inLanguage\":\"pl-PL\"},{\"@type\":\"ImageObject\",\"@id\":\"https:\/\/pakuten.pl\/blog\/influencerki-inspiruja-jak-burgund-stal-sie-kolorem-obowiazkowym-tej-jesieni\/#primaryimage\",\"inLanguage\":\"pl-PL\",\"url\":\"https:\/\/pakuten.pl\/blog\/wp-content\/uploads\/2024\/09\/Influencerki-inspiruja\u0328_Jak-burgund-stal-sie\u0328-kolorem-obowia\u0328zkowym-tej-jesieni.jpg\",\"contentUrl\":\"https:\/\/pakuten.pl\/blog\/wp-content\/uploads\/2024\/09\/Influencerki-inspiruja\u0328_Jak-burgund-stal-sie\u0328-kolorem-obowia\u0328zkowym-tej-jesieni.jpg\",\"width\":1280,\"height\":853,\"caption\":\"Influencerki inspiruj\u0105: Jak burgund sta\u0142 si\u0119 kolorem obowi\u0105zkowym tej jesieni?\"},{\"@type\":\"WebPage\",\"@id\":\"https:\/\/pakuten.pl\/blog\/influencerki-inspiruja-jak-burgund-stal-sie-kolorem-obowiazkowym-tej-jesieni\/#webpage\",\"url\":\"https:\/\/pakuten.pl\/blog\/influencerki-inspiruja-jak-burgund-stal-sie-kolorem-obowiazkowym-tej-jesieni\/\",\"name\":\"Influencerki inspiruj\u0105: Jak burgund sta\u0142 si\u0119 kolorem obowi\u0105zkowym tej jesieni? Pakuten blog -\",\"isPartOf\":{\"@id\":\"https:\/\/pakuten.pl\/blog\/#website\"},\"primaryImageOfPage\":{\"@id\":\"https:\/\/pakuten.pl\/blog\/influencerki-inspiruja-jak-burgund-stal-sie-kolorem-obowiazkowym-tej-jesieni\/#primaryimage\"},\"datePublished\":\"2024-09-23T11:17:00+00:00\",\"dateModified\":\"2024-09-19T11:34:23+00:00\",\"description\":\"Influencerki od lat wyznaczaj\u0105 trendy i inspiruj\u0105 nas swoimi wyj\u0105tkowymi stylizacjami. Kr\u00f3lem sezonu sta\u0142 si\u0119 kolor burgundowy.\",\"breadcrumb\":{\"@id\":\"https:\/\/pakuten.pl\/blog\/influencerki-inspiruja-jak-burgund-stal-sie-kolorem-obowiazkowym-tej-jesieni\/#breadcrumb\"},\"inLanguage\":\"pl-PL\",\"potentialAction\":[{\"@type\":\"ReadAction\",\"target\":[\"https:\/\/pakuten.pl\/blog\/influencerki-inspiruja-jak-burgund-stal-sie-kolorem-obowiazkowym-tej-jesieni\/\"]}]},{\"@type\":\"BreadcrumbList\",\"@id\":\"https:\/\/pakuten.pl\/blog\/influencerki-inspiruja-jak-burgund-stal-sie-kolorem-obowiazkowym-tej-jesieni\/#breadcrumb\",\"itemListElement\":[{\"@type\":\"ListItem\",\"position\":1,\"name\":\"Strona g\u0142\u00f3wna\",\"item\":\"https:\/\/pakuten.pl\/blog\/\"},{\"@type\":\"ListItem\",\"position\":2,\"name\":\"Influencerki inspiruj\u0105: Jak burgund sta\u0142 si\u0119 kolorem obowi\u0105zkowym tej jesieni?\"}]},{\"@type\":\"Article\",\"@id\":\"https:\/\/pakuten.pl\/blog\/influencerki-inspiruja-jak-burgund-stal-sie-kolorem-obowiazkowym-tej-jesieni\/#article\",\"isPartOf\":{\"@id\":\"https:\/\/pakuten.pl\/blog\/influencerki-inspiruja-jak-burgund-stal-sie-kolorem-obowiazkowym-tej-jesieni\/#webpage\"},\"author\":{\"@id\":\"https:\/\/pakuten.pl\/blog\/#\/schema\/person\/d7133af30211381a4e4536d088384556\"},\"headline\":\"Influencerki inspiruj\u0105: Jak burgund sta\u0142 si\u0119 kolorem obowi\u0105zkowym tej jesieni?\",\"datePublished\":\"2024-09-23T11:17:00+00:00\",\"dateModified\":\"2024-09-19T11:34:23+00:00\",\"mainEntityOfPage\":{\"@id\":\"https:\/\/pakuten.pl\/blog\/influencerki-inspiruja-jak-burgund-stal-sie-kolorem-obowiazkowym-tej-jesieni\/#webpage\"},\"wordCount\":990,\"commentCount\":0,\"publisher\":{\"@id\":\"https:\/\/pakuten.pl\/blog\/#organization\"},\"image\":{\"@id\":\"https:\/\/pakuten.pl\/blog\/influencerki-inspiruja-jak-burgund-stal-sie-kolorem-obowiazkowym-tej-jesieni\/#primaryimage\"},\"thumbnailUrl\":\"https:\/\/pakuten.pl\/blog\/wp-content\/uploads\/2024\/09\/Influencerki-inspiruja\u0328_Jak-burgund-stal-sie\u0328-kolorem-obowia\u0328zkowym-tej-jesieni.jpg\",\"articleSection\":[\"Inspirations\"],\"inLanguage\":\"pl-PL\",\"potentialAction\":[{\"@type\":\"CommentAction\",\"name\":\"Comment\",\"target\":[\"https:\/\/pakuten.pl\/blog\/influencerki-inspiruja-jak-burgund-stal-sie-kolorem-obowiazkowym-tej-jesieni\/#respond\"]}]},{\"@type\":\"Person\",\"@id\":\"https:\/\/pakuten.pl\/blog\/#\/schema\/person\/d7133af30211381a4e4536d088384556\",\"name\":\"Pakuten Girl\",\"image\":{\"@type\":\"ImageObject\",\"@id\":\"https:\/\/pakuten.pl\/blog\/#personlogo\",\"inLanguage\":\"pl-PL\",\"url\":\"https:\/\/secure.gravatar.com\/avatar\/d3df41de2caf92e6cfded9430c2ff352?s=96&d=mm&r=g\",\"contentUrl\":\"https:\/\/secure.gravatar.com\/avatar\/d3df41de2caf92e6cfded9430c2ff352?s=96&d=mm&r=g\",\"caption\":\"Pakuten Girl\"},\"description\":\"Cze\u015b\u0107, nazywam si\u0119 Ola. Kocham Netflixa, sals\u0119, nowo\u015bci kosmetyczne i najnowsze trendy w modzie.\",\"url\":\"https:\/\/pakuten.pl\/blog\/author\/pakuten-girl\/\"}]}<\/script>\n<!-- \/ Yoast SEO plugin. -->","yoast_head_json":{"title":"Influencerki inspiruj\u0105: Jak burgund sta\u0142 si\u0119 kolorem obowi\u0105zkowym tej jesieni? Pakuten blog -","description":"Influencerki od lat wyznaczaj\u0105 trendy i inspiruj\u0105 nas swoimi wyj\u0105tkowymi stylizacjami. Kr\u00f3lem sezonu sta\u0142 si\u0119 kolor burgundowy.","robots":{"index":"index","follow":"follow","max-snippet":"max-snippet:-1","max-image-preview":"max-image-preview:large","max-video-preview":"max-video-preview:-1"},"canonical":"https:\/\/pakuten.pl\/blog\/influencerki-inspiruja-jak-burgund-stal-sie-kolorem-obowiazkowym-tej-jesieni\/","og_locale":"pl_PL","og_type":"article","og_title":"Influencerki inspiruj\u0105: Jak burgund sta\u0142 si\u0119 kolorem obowi\u0105zkowym tej jesieni? Pakuten blog -","og_description":"Influencerki od lat wyznaczaj\u0105 trendy i inspiruj\u0105 nas swoimi wyj\u0105tkowymi stylizacjami. Kr\u00f3lem sezonu sta\u0142 si\u0119 kolor burgundowy.","og_url":"https:\/\/pakuten.pl\/blog\/influencerki-inspiruja-jak-burgund-stal-sie-kolorem-obowiazkowym-tej-jesieni\/","og_site_name":"Pakuten blog","article_published_time":"2024-09-23T11:17:00+00:00","article_modified_time":"2024-09-19T11:34:23+00:00","og_image":[{"width":1280,"height":853,"url":"https:\/\/pakuten.pl\/blog\/wp-content\/uploads\/2024\/09\/Influencerki-inspiruja\u0328_Jak-burgund-stal-sie\u0328-kolorem-obowia\u0328zkowym-tej-jesieni.jpg","type":"image\/jpeg"}],"twitter_card":"summary_large_image","twitter_misc":{"Napisane przez":"Pakuten Girl","Szacowany czas czytania":"6 minut"},"schema":{"@context":"https:\/\/schema.org","@graph":[{"@type":"Organization","@id":"https:\/\/pakuten.pl\/blog\/#organization","name":"Pakuten","url":"https:\/\/pakuten.pl\/blog\/","sameAs":[],"logo":{"@type":"ImageObject","@id":"https:\/\/pakuten.pl\/blog\/#logo","inLanguage":"pl-PL","url":"http:\/\/pakuten.pl\/blog\/wp-content\/uploads\/2018\/01\/pakuten_logo.png","contentUrl":"http:\/\/pakuten.pl\/blog\/wp-content\/uploads\/2018\/01\/pakuten_logo.png","width":300,"height":120,"caption":"Pakuten"},"image":{"@id":"https:\/\/pakuten.pl\/blog\/#logo"}},{"@type":"WebSite","@id":"https:\/\/pakuten.pl\/blog\/#website","url":"https:\/\/pakuten.pl\/blog\/","name":"Pakuten blog","description":"Blog sklepu internetowego pakuten.pl","publisher":{"@id":"https:\/\/pakuten.pl\/blog\/#organization"},"potentialAction":[{"@type":"SearchAction","target":{"@type":"EntryPoint","urlTemplate":"https:\/\/pakuten.pl\/blog\/?s={search_term_string}"},"query-input":"required name=search_term_string"}],"inLanguage":"pl-PL"},{"@type":"ImageObject","@id":"https:\/\/pakuten.pl\/blog\/influencerki-inspiruja-jak-burgund-stal-sie-kolorem-obowiazkowym-tej-jesieni\/#primaryimage","inLanguage":"pl-PL","url":"https:\/\/pakuten.pl\/blog\/wp-content\/uploads\/2024\/09\/Influencerki-inspiruja\u0328_Jak-burgund-stal-sie\u0328-kolorem-obowia\u0328zkowym-tej-jesieni.jpg","contentUrl":"https:\/\/pakuten.pl\/blog\/wp-content\/uploads\/2024\/09\/Influencerki-inspiruja\u0328_Jak-burgund-stal-sie\u0328-kolorem-obowia\u0328zkowym-tej-jesieni.jpg","width":1280,"height":853,"caption":"Influencerki inspiruj\u0105: Jak burgund sta\u0142 si\u0119 kolorem obowi\u0105zkowym tej jesieni?"},{"@type":"WebPage","@id":"https:\/\/pakuten.pl\/blog\/influencerki-inspiruja-jak-burgund-stal-sie-kolorem-obowiazkowym-tej-jesieni\/#webpage","url":"https:\/\/pakuten.pl\/blog\/influencerki-inspiruja-jak-burgund-stal-sie-kolorem-obowiazkowym-tej-jesieni\/","name":"Influencerki inspiruj\u0105: Jak burgund sta\u0142 si\u0119 kolorem obowi\u0105zkowym tej jesieni? Pakuten blog -","isPartOf":{"@id":"https:\/\/pakuten.pl\/blog\/#website"},"primaryImageOfPage":{"@id":"https:\/\/pakuten.pl\/blog\/influencerki-inspiruja-jak-burgund-stal-sie-kolorem-obowiazkowym-tej-jesieni\/#primaryimage"},"datePublished":"2024-09-23T11:17:00+00:00","dateModified":"2024-09-19T11:34:23+00:00","description":"Influencerki od lat wyznaczaj\u0105 trendy i inspiruj\u0105 nas swoimi wyj\u0105tkowymi stylizacjami. Kr\u00f3lem sezonu sta\u0142 si\u0119 kolor burgundowy.","breadcrumb":{"@id":"https:\/\/pakuten.pl\/blog\/influencerki-inspiruja-jak-burgund-stal-sie-kolorem-obowiazkowym-tej-jesieni\/#breadcrumb"},"inLanguage":"pl-PL","potentialAction":[{"@type":"ReadAction","target":["https:\/\/pakuten.pl\/blog\/influencerki-inspiruja-jak-burgund-stal-sie-kolorem-obowiazkowym-tej-jesieni\/"]}]},{"@type":"BreadcrumbList","@id":"https:\/\/pakuten.pl\/blog\/influencerki-inspiruja-jak-burgund-stal-sie-kolorem-obowiazkowym-tej-jesieni\/#breadcrumb","itemListElement":[{"@type":"ListItem","position":1,"name":"Strona g\u0142\u00f3wna","item":"https:\/\/pakuten.pl\/blog\/"},{"@type":"ListItem","position":2,"name":"Influencerki inspiruj\u0105: Jak burgund sta\u0142 si\u0119 kolorem obowi\u0105zkowym tej jesieni?"}]},{"@type":"Article","@id":"https:\/\/pakuten.pl\/blog\/influencerki-inspiruja-jak-burgund-stal-sie-kolorem-obowiazkowym-tej-jesieni\/#article","isPartOf":{"@id":"https:\/\/pakuten.pl\/blog\/influencerki-inspiruja-jak-burgund-stal-sie-kolorem-obowiazkowym-tej-jesieni\/#webpage"},"author":{"@id":"https:\/\/pakuten.pl\/blog\/#\/schema\/person\/d7133af30211381a4e4536d088384556"},"headline":"Influencerki inspiruj\u0105: Jak burgund sta\u0142 si\u0119 kolorem obowi\u0105zkowym tej jesieni?","datePublished":"2024-09-23T11:17:00+00:00","dateModified":"2024-09-19T11:34:23+00:00","mainEntityOfPage":{"@id":"https:\/\/pakuten.pl\/blog\/influencerki-inspiruja-jak-burgund-stal-sie-kolorem-obowiazkowym-tej-jesieni\/#webpage"},"wordCount":990,"commentCount":0,"publisher":{"@id":"https:\/\/pakuten.pl\/blog\/#organization"},"image":{"@id":"https:\/\/pakuten.pl\/blog\/influencerki-inspiruja-jak-burgund-stal-sie-kolorem-obowiazkowym-tej-jesieni\/#primaryimage"},"thumbnailUrl":"https:\/\/pakuten.pl\/blog\/wp-content\/uploads\/2024\/09\/Influencerki-inspiruja\u0328_Jak-burgund-stal-sie\u0328-kolorem-obowia\u0328zkowym-tej-jesieni.jpg","articleSection":["Inspirations"],"inLanguage":"pl-PL","potentialAction":[{"@type":"CommentAction","name":"Comment","target":["https:\/\/pakuten.pl\/blog\/influencerki-inspiruja-jak-burgund-stal-sie-kolorem-obowiazkowym-tej-jesieni\/#respond"]}]},{"@type":"Person","@id":"https:\/\/pakuten.pl\/blog\/#\/schema\/person\/d7133af30211381a4e4536d088384556","name":"Pakuten Girl","image":{"@type":"ImageObject","@id":"https:\/\/pakuten.pl\/blog\/#personlogo","inLanguage":"pl-PL","url":"https:\/\/secure.gravatar.com\/avatar\/d3df41de2caf92e6cfded9430c2ff352?s=96&d=mm&r=g","contentUrl":"https:\/\/secure.gravatar.com\/avatar\/d3df41de2caf92e6cfded9430c2ff352?s=96&d=mm&r=g","caption":"Pakuten Girl"},"description":"Cze\u015b\u0107, nazywam si\u0119 Ola. Kocham Netflixa, sals\u0119, nowo\u015bci kosmetyczne i najnowsze trendy w modzie.","url":"https:\/\/pakuten.pl\/blog\/author\/pakuten-girl\/"}]}},"_links":{"self":[{"href":"https:\/\/pakuten.pl\/blog\/wp-json\/wp\/v2\/posts\/9086"}],"collection":[{"href":"https:\/\/pakuten.pl\/blog\/wp-json\/wp\/v2\/posts"}],"about":[{"href":"https:\/\/pakuten.pl\/blog\/wp-json\/wp\/v2\/types\/post"}],"author":[{"embeddable":true,"href":"https:\/\/pakuten.pl\/blog\/wp-json\/wp\/v2\/users\/3"}],"replies":[{"embeddable":true,"href":"https:\/\/pakuten.pl\/blog\/wp-json\/wp\/v2\/comments?post=9086"}],"version-history":[{"count":8,"href":"https:\/\/pakuten.pl\/blog\/wp-json\/wp\/v2\/posts\/9086\/revisions"}],"predecessor-version":[{"id":9097,"href":"https:\/\/pakuten.pl\/blog\/wp-json\/wp\/v2\/posts\/9086\/revisions\/9097"}],"wp:featuredmedia":[{"embeddable":true,"href":"https:\/\/pakuten.pl\/blog\/wp-json\/wp\/v2\/media\/9095"}],"wp:attachment":[{"href":"https:\/\/pakuten.pl\/blog\/wp-json\/wp\/v2\/media?parent=9086"}],"wp:term":[{"taxonomy":"category","embeddable":true,"href":"https:\/\/pakuten.pl\/blog\/wp-json\/wp\/v2\/categories?post=9086"},{"taxonomy":"post_tag","embeddable":true,"href":"https:\/\/pakuten.pl\/blog\/wp-json\/wp\/v2\/tags?post=9086"}],"curies":[{"name":"wp","href":"https:\/\/api.w.org\/{rel}","templated":true}]}}