{"id":9130,"date":"2024-10-04T11:02:00","date_gmt":"2024-10-04T09:02:00","guid":{"rendered":"https:\/\/pakuten.pl\/blog\/?p=9130"},"modified":"2024-10-02T11:21:59","modified_gmt":"2024-10-02T09:21:59","slug":"szafa-kapsulowa-na-jesien-zime","status":"publish","type":"post","link":"https:\/\/pakuten.pl\/blog\/szafa-kapsulowa-na-jesien-zime\/","title":{"rendered":"Szafa kapsu\u0142owa na jesie\u0144-zim\u0119 \u2013 jak stworzy\u0107 funkcjonaln\u0105 garderob\u0119 na ch\u0142odne dni?"},"content":{"rendered":"\n<p class=\"p1\"><strong>Szafa kapsu\u0142owa to poj\u0119cie, kt\u00f3re coraz cz\u0119\u015bciej pojawia si\u0119 w modzie, zw\u0142aszcza w kontek\u015bcie minimalizmu i zr\u00f3wnowa\u017conego stylu \u017cycia. Tworzenie takiej garderoby to doskona\u0142y spos\u00f3b na oszcz\u0119dno\u015b\u0107 czasu, pieni\u0119dzy oraz \u015bwiadome podej\u015bcie do mody. Jesie\u0144 i zima to idealne sezony, by wprowadzi\u0107 zasady szafy kapsu\u0142owej, gdy licz\u0105 si\u0119 przede wszystkim funkcjonalno\u015b\u0107 i wygoda. W tym wpisie podpowiemy, jak stworzy\u0107 szaf\u0119 kapsu\u0142ow\u0105 na jesie\u0144-zim\u0119, kt\u00f3ra b\u0119dzie nie tylko praktyczna, ale tak\u017ce stylowa.<\/strong><\/p>\n<h2 class=\"p1\"><span style=\"color: #ff9900;\">Dlaczego warto stworzy\u0107 szaf\u0119 kapsu\u0142ow\u0105 na jesie\u0144-zim\u0119?<\/span><\/h2>\n<p class=\"p1\">Zimowa garderoba powinna by\u0107 przemy\u015blana, poniewa\u017c w ch\u0142odniejszych miesi\u0105cach stawiamy na warstwy i odzie\u017c, kt\u00f3ra zapewnia ciep\u0142o, ale jednocze\u015bnie wygl\u0105da dobrze. Szafa kapsu\u0142owa to idealne rozwi\u0105zanie \u2013 to zbi\u00f3r kluczowych, dobrze dopasowanych element\u00f3w, kt\u00f3re mo\u017cna ze sob\u0105 \u0142\u0105czy\u0107, tworz\u0105c r\u00f3\u017cnorodne stylizacje.<\/p>\n<p class=\"p1\">Taka szafa pomaga unika\u0107 zakup\u00f3w niepotrzebnych ubra\u0144 i ogranicza czas sp\u0119dzany na zastanawianiu si\u0119, co za\u0142o\u017cy\u0107 ka\u017cdego dnia. Dzi\u0119ki niej Twoje stylizacje staj\u0105 si\u0119 bardziej sp\u00f3jne, a Ty czujesz si\u0119 pewniej w swoim stylu. Wystarczy kilka dobrze dobranych ubra\u0144, by stworzy\u0107 wiele r\u00f3\u017cnych zestaw\u00f3w na ka\u017cd\u0105 okazj\u0119.<\/p>\n<h2 class=\"p1\"><span style=\"color: #ff9900;\">Swetry \u2013 podstawa zimowej garderoby<\/span><\/h2>\n<p class=\"p1\">Swetry to nieodzowny element ka\u017cdej szafy kapsu\u0142owej na jesie\u0144-zim\u0119. Zainwestuj w kilka modeli w neutralnych kolorach, kt\u00f3re \u0142atwo po\u0142\u0105czysz z innymi ubraniami. G\u0142adki sweter w odcieniach szaro\u015bci, be\u017cu czy czerni b\u0119dzie idealny do codziennych stylizacji, a tak\u017ce na bardziej eleganckie okazje. Swetry oversize mo\u017cesz zestawia\u0107 zar\u00f3wno z jeansami, jak i sp\u00f3dnicami, tworz\u0105c ciekawe kontrasty.<\/p>\n<p class=\"p1\">Warto te\u017c zwr\u00f3ci\u0107 uwag\u0119 na swetry w klasyczne wzory, takie jak warkocze czy pr\u0105\u017cki, kt\u00f3re dodaj\u0105 tekstury i g\u0142\u0119bi ka\u017cdej stylizacji. W ch\u0142odniejsze dni po\u0142\u0105cz je z eleganckim p\u0142aszczem i botkami, a ca\u0142o\u015b\u0107 dope\u0142nij du\u017cym szalikiem. Pami\u0119taj, \u017ce szafa kapsu\u0142owa opiera si\u0119 na prostocie i wielofunkcyjno\u015bci \u2013 wybieraj wi\u0119c modele, kt\u00f3re sprawdz\u0105 si\u0119 w r\u00f3\u017cnych zestawieniach.<\/p>\n<div class=\"product-box-container\">\r\n<div class=\"one_third \" style=\"\">\r\n<div class=\"product-box\">\r\n<a href=\"https:\/\/pakuten.pl\/41017-86236-bezowy-sweter-azurowy-z-dekoltem-w-serek-cheyenne-bezowy.html\" target=\"_blank\">\r\n <img src=\"https:\/\/media.pakuten.pl\/239269-large_default\/bezowy-sweter-azurowy-z-dekoltem-w-serek-cheyenne.jpg\" alt=\"Be\u017cowy sweter a\u017curowy z dekoltem w serek Cheyenne\"\/>\r\n<\/a>\r\n<p>\r\n<a href=\"https:\/\/pakuten.pl\/41017-86236-bezowy-sweter-azurowy-z-dekoltem-w-serek-cheyenne-bezowy.html\" target=\"_blank\">\r\nBe\u017cowy sweter a\u017curowy z dekoltem w serek Cheyenne\r\n<\/a><\/p>\r\n  <p>Cena: 34,99\u00a0z\u0142<\/p>\r\n<a href=\"https:\/\/pakuten.pl\/41017-86236-bezowy-sweter-azurowy-z-dekoltem-w-serek-cheyenne-bezowy.html\" target=\"_blank\" class=\"button\">\r\nZobacz w sklepie\r\n<\/a>\r\n<\/div>\r\n<\/div>\r\n<div class=\"one_third \" style=\"\">\r\n<div class=\"product-box\">\r\n<a href=\"https:\/\/pakuten.pl\/40997-86212-szary-sweter-z-ozdobna-rozyczka-shmily-szary.html\" target=\"_blank\">\r\n  <img src=\"https:\/\/media.pakuten.pl\/239137-large_default\/szary-sweter-z-ozdobna-rozyczka-shmily.jpg\" alt=\"Szary sweter z ozdobn\u0105 r\u00f3\u017cyczk\u0105 Shmily\"\/>\r\n<\/a>\r\n<p>\r\n<a href=\"https:\/\/pakuten.pl\/40997-86212-szary-sweter-z-ozdobna-rozyczka-shmily-szary.html\" target=\"_blank\">\r\nSzary sweter z ozdobn\u0105 r\u00f3\u017cyczk\u0105 Shmily\r\n<\/a><\/p>\r\n  <p>Cena: 59,99\u00a0z\u0142<\/p>\r\n<a href=\"https:\/\/pakuten.pl\/40997-86212-szary-sweter-z-ozdobna-rozyczka-shmily-szary.html\" target=\"_blank\" class=\"button\">\r\nZobacz w sklepie\r\n<\/a>\r\n<\/div>\r\n<\/div>\r\n<div class=\"one_third last \" style=\"\">\r\n<div class=\"product-box\">\r\n<a href=\"https:\/\/pakuten.pl\/40981-86190-czarny-sweter-z-kieszonka-merilyn-czarny.html\" target=\"_blank\">\r\n  <img src=\"https:\/\/media.pakuten.pl\/239062-large_default\/czarny-sweter-z-kieszonka-merilyn.jpg\" alt=\"Czarny sweter z kieszonk\u0105 Merilyn\"\/>\r\n<\/a>\r\n<p>\r\n<a href=\"https:\/\/pakuten.pl\/40981-86190-czarny-sweter-z-kieszonka-merilyn-czarny.html\" target=\"_blank\">\r\nCzarny sweter z kieszonk\u0105 Merilyn\r\n<\/a><\/p>\r\n  <p>Cena: 59,99\u00a0z\u0142<\/p>\r\n<a href=\"https:\/\/pakuten.pl\/40981-86190-czarny-sweter-z-kieszonka-merilyn-czarny.html\" target=\"_blank\" class=\"button\">\r\nZobacz w sklepie\r\n<\/a>\r\n<\/div>\r\n<\/div><br class=\"clear\"\/>\r\n<\/div>\n<h2 class=\"p1\"><span style=\"color: #ff9900;\">Komplet dresowy \u2013 wygoda i styl w jednym<\/span><\/h2>\n<p class=\"p1\">Zima to czas, gdy szczeg\u00f3lnie cenimy sobie wygod\u0119, dlatego warto w swojej kapsu\u0142owej garderobie uwzgl\u0119dni\u0107 komplety dresowe. <span style=\"color: #ff9900;\"><a style=\"color: #ff9900;\" href=\"https:\/\/pakuten.pl\/30-komplety-dresowe\" target=\"_blank\" rel=\"noopener\">Dres<\/a><\/span> w neutralnym kolorze \u2013 szarym, czarnym czy be\u017cowym \u2013 mo\u017ce by\u0107 zar\u00f3wno casualowym strojem na leniwy dzie\u0144 w domu, jak i modnym elementem na co dzie\u0144, gdy po\u0142\u0105czysz go z eleganckim p\u0142aszczem i stylowymi sneakersami.<\/p>\n<p class=\"p1\">Komplet dresowy mo\u017cna nosi\u0107 jako zestaw lub rozdzieli\u0107, tworz\u0105c inne kombinacje. Spodnie dresowe z wysokim stanem \u015bwietnie wygl\u0105daj\u0105 w po\u0142\u0105czeniu z basicow\u0105 bluzk\u0105 i d\u0142ugim kardiganem. Bluza natomiast mo\u017ce pe\u0142ni\u0107 rol\u0119 warstwy pod kurtk\u0105 puchow\u0105, nadaj\u0105c stylizacji sportowy charakter. W szafie kapsu\u0142owej liczy si\u0119 przede wszystkim uniwersalno\u015b\u0107, a dresy s\u0105 tego doskona\u0142ym przyk\u0142adem.<\/p>\n<p>\u00a0<\/p>\n<blockquote class=\"instagram-media\" style=\"background: #FFF; border: 0; border-radius: 3px; box-shadow: 0 0 1px 0 rgba(0,0,0,0.5),0 1px 10px 0 rgba(0,0,0,0.15); margin: 1px; max-width: 540px; min-width: 326px; padding: 0; width: calc(100% - 2px);\" data-instgrm-permalink=\"https:\/\/www.instagram.com\/reel\/DAiwNgoIXsk\/?utm_source=ig_embed&amp;utm_campaign=loading\" data-instgrm-version=\"14\">\n<div style=\"padding: 16px;\">\n<div style=\"display: flex; flex-direction: row; align-items: center;\">\n<div style=\"background-color: #f4f4f4; border-radius: 50%; flex-grow: 0; height: 40px; margin-right: 14px; width: 40px;\">\u00a0<\/div>\n<div style=\"display: flex; flex-direction: column; flex-grow: 1; justify-content: center;\">\n<div style=\"background-color: #f4f4f4; border-radius: 4px; flex-grow: 0; height: 14px; margin-bottom: 6px; width: 100px;\">\u00a0<\/div>\n<div style=\"background-color: #f4f4f4; border-radius: 4px; flex-grow: 0; height: 14px; width: 60px;\">\u00a0<\/div>\n<\/div>\n<\/div>\n<div style=\"padding: 19% 0;\">\u00a0<\/div>\n<div style=\"display: block; height: 50px; margin: 0 auto 12px; width: 50px;\">\u00a0<\/div>\n<div style=\"padding-top: 8px;\">\n<div style=\"color: #3897f0; font-family: Arial,sans-serif; font-size: 14px; font-style: normal; font-weight: 550; line-height: 18px;\">Wy\u015bwietl ten post na Instagramie<\/div>\n<\/div>\n<div style=\"padding: 12.5% 0;\">\u00a0<\/div>\n<div style=\"display: flex; flex-direction: row; margin-bottom: 14px; align-items: center;\">\n<div>\n<div style=\"background-color: #f4f4f4; border-radius: 50%; height: 12.5px; width: 12.5px; transform: translateX(0px) translateY(7px);\">\u00a0<\/div>\n<div style=\"background-color: #f4f4f4; height: 12.5px; transform: rotate(-45deg) translateX(3px) translateY(1px); width: 12.5px; flex-grow: 0; margin-right: 14px; margin-left: 2px;\">\u00a0<\/div>\n<div style=\"background-color: #f4f4f4; border-radius: 50%; height: 12.5px; width: 12.5px; transform: translateX(9px) translateY(-18px);\">\u00a0<\/div>\n<\/div>\n<div style=\"margin-left: 8px;\">\n<div style=\"background-color: #f4f4f4; border-radius: 50%; flex-grow: 0; height: 20px; width: 20px;\">\u00a0<\/div>\n<div style=\"width: 0; height: 0; border-top: 2px solid transparent; border-left: 6px solid #f4f4f4; border-bottom: 2px solid transparent; transform: translateX(16px) translateY(-4px) rotate(30deg);\">\u00a0<\/div>\n<\/div>\n<div style=\"margin-left: auto;\">\n<div style=\"width: 0px; border-top: 8px solid #F4F4F4; border-right: 8px solid transparent; transform: translateY(16px);\">\u00a0<\/div>\n<div style=\"background-color: #f4f4f4; flex-grow: 0; height: 12px; width: 16px; transform: translateY(-4px);\">\u00a0<\/div>\n<div style=\"width: 0; height: 0; border-top: 8px solid #F4F4F4; border-left: 8px solid transparent; transform: translateY(-4px) translateX(8px);\">\u00a0<\/div>\n<\/div>\n<\/div>\n<div style=\"display: flex; flex-direction: column; flex-grow: 1; justify-content: center; margin-bottom: 24px;\">\n<div style=\"background-color: #f4f4f4; border-radius: 4px; flex-grow: 0; height: 14px; margin-bottom: 6px; width: 224px;\">\u00a0<\/div>\n<div style=\"background-color: #f4f4f4; border-radius: 4px; flex-grow: 0; height: 14px; width: 144px;\">\u00a0<\/div>\n<\/div>\n<p style=\"color: #c9c8cd; font-family: Arial,sans-serif; font-size: 14px; line-height: 17px; margin-bottom: 0; margin-top: 8px; overflow: hidden; padding: 8px 0 7px; text-align: center; text-overflow: ellipsis; white-space: nowrap;\"><a style=\"color: #c9c8cd; font-family: Arial,sans-serif; font-size: 14px; font-style: normal; font-weight: normal; line-height: 17px; text-decoration: none;\" href=\"https:\/\/www.instagram.com\/reel\/DAiwNgoIXsk\/?utm_source=ig_embed&amp;utm_campaign=loading\" target=\"_blank\" rel=\"noopener\">Post udost\u0119pniony przez Pakuten.pl \u2022 Modna i tania odzie\u017c damska (@pakuten.official)<\/a><\/p>\n<\/div>\n<\/blockquote>\n<p><script async src=\"\/\/www.instagram.com\/embed.js\"><\/script><\/p>\n<h2 class=\"p1\"><span style=\"color: #ff9900;\">Szafa kapsu\u0142owa=Basicowe bluzki<\/span><\/h2>\n<p class=\"p1\">Podstaw\u0105 szafy kapsu\u0142owej na jesie\u0144-zim\u0119 s\u0105 tak\u017ce basicowe bluzki. G\u0142adkie modele w klasycznych kolorach, takich jak biel, czer\u0144, szary czy be\u017c, stanowi\u0105 baz\u0119 do wielu stylizacji. Bluzki typu basic doskonale sprawdzaj\u0105 si\u0119 jako warstwa pod cieplejsze swetry, marynarki czy kurtki.<\/p>\n<p class=\"p1\">Bluzki z d\u0142ugim r\u0119kawem, wykonane z bawe\u0142ny lub modal, zapewni\u0105 komfort i ciep\u0142o w ch\u0142odniejsze dni. Mo\u017cna je nosi\u0107 zar\u00f3wno na co dzie\u0144, jak i w bardziej formalnych stylizacjach. Zestawione z eleganckimi spodniami i kozakami, nadadz\u0105 si\u0119 nawet na biurowe spotkania. Dzi\u0119ki prostocie i minimalizmowi, basicowe bluzki s\u0105 kluczowym elementem ka\u017cdej szafy kapsu\u0142owej.<\/p>\n<div class=\"product-box-container\">\r\n<div class=\"one_third \" style=\"\">\r\n<div class=\"product-box\">\r\n<a href=\"https:\/\/pakuten.pl\/36801-79871-bezowa-prazkowana-bluzka-z-dekoltem-w-serek-monesa-bezowy.html\" target=\"_blank\">\r\n <img src=\"https:\/\/media.pakuten.pl\/217183-large_default\/bezowa-prazkowana-bluzka-z-dekoltem-w-serek-monesa.jpg\" alt=\"Be\u017cowa pr\u0105\u017ckowana bluzka z dekoltem w serek Monesa\"\/>\r\n<\/a>\r\n<p>\r\n<a href=\"https:\/\/pakuten.pl\/36801-79871-bezowa-prazkowana-bluzka-z-dekoltem-w-serek-monesa-bezowy.html\" target=\"_blank\">\r\nBe\u017cowa pr\u0105\u017ckowana bluzka z dekoltem w serek Monesa\r\n<\/a><\/p>\r\n  <p>Cena: 29,99\u00a0z\u0142<\/p>\r\n<a href=\"https:\/\/pakuten.pl\/36801-79871-bezowa-prazkowana-bluzka-z-dekoltem-w-serek-monesa-bezowy.html\" target=\"_blank\" class=\"button\">\r\nZobacz w sklepie\r\n<\/a>\r\n<\/div>\r\n<\/div>\r\n<div class=\"one_third \" style=\"\">\r\n<div class=\"product-box\">\r\n<a href=\"https:\/\/pakuten.pl\/40059-85191-czarna-bluzka-z-tiulowymi-rekawami-mardene-czarny.html\" target=\"_blank\">\r\n  <img src=\"https:\/\/media.pakuten.pl\/235176-large_default\/czarna-bluzka-z-tiulowymi-rekawami-mardene.jpg\" alt=\"Czarna bluzka z tiulowymi r\u0119kawami Mardene\"\/>\r\n<\/a>\r\n<p>\r\n<a href=\"https:\/\/pakuten.pl\/40059-85191-czarna-bluzka-z-tiulowymi-rekawami-mardene-czarny.html\" target=\"_blank\">\r\nCzarna bluzka z tiulowymi r\u0119kawami Mardene\r\n<\/a><\/p>\r\n  <p>Cena: 29,99\u00a0z\u0142<\/p>\r\n<a href=\"https:\/\/pakuten.pl\/40059-85191-czarna-bluzka-z-tiulowymi-rekawami-mardene-czarny.html\" target=\"_blank\" class=\"button\">\r\nZobacz w sklepie\r\n<\/a>\r\n<\/div>\r\n<\/div>\r\n<div class=\"one_third last \" style=\"\">\r\n<div class=\"product-box\">\r\n<a href=\"https:\/\/pakuten.pl\/28759-66804-biala-bluzka-z-przekladanym-dekoltem-i-wiazaniem-shakin-bialy.html\" target=\"_blank\">\r\n  <img src=\"https:\/\/media.pakuten.pl\/178822-large_default\/biala-bluzka-z-przekladanym-dekoltem-i-wiazaniem-shakin.jpg\" alt=\"Bia\u0142a bluzka z przek\u0142adanym dekoltem i wi\u0105zaniem Shakin\"\/>\r\n<\/a>\r\n<p>\r\n<a href=\"https:\/\/pakuten.pl\/28759-66804-biala-bluzka-z-przekladanym-dekoltem-i-wiazaniem-shakin-bialy.html\" target=\"_blank\">\r\nBia\u0142a bluzka z przek\u0142adanym dekoltem i wi\u0105zaniem Shakin\r\n<\/a><\/p>\r\n  <p>Cena: 34,99\u00a0z\u0142<\/p>\r\n<a href=\"https:\/\/pakuten.pl\/28759-66804-biala-bluzka-z-przekladanym-dekoltem-i-wiazaniem-shakin-bialy.html\" target=\"_blank\" class=\"button\">\r\nZobacz w sklepie\r\n<\/a>\r\n<\/div>\r\n<\/div><br class=\"clear\"\/>\r\n<\/div>\n<h2 class=\"p1\"><span style=\"color: #ff9900;\">P\u0142aszcz lub kurtka \u2013 szafa kapsu\u0142owa musi go zawiera\u0107<\/span><\/h2>\n<p class=\"p1\">Nie mo\u017ce zabrakn\u0105\u0107 ciep\u0142ego okrycia, kt\u00f3re pos\u0142u\u017cy na wiele sezon\u00f3w. Wybierz klasyczny p\u0142aszcz, kt\u00f3ry b\u0119dzie pasowa\u0107 do zar\u00f3wno eleganckich, jak i casualowych stylizacji. Be\u017cowy trencz, czarny p\u0142aszcz we\u0142niany czy puchowa kurtka w neutralnym kolorze to doskona\u0142e wybory, kt\u00f3re zapewni\u0105 Ci ciep\u0142o i styl przez ca\u0142\u0105 zim\u0119.<\/p>\n<p class=\"p1\">P\u0142aszcz o prostym kroju mo\u017cna zestawi\u0107 z d\u017cinsami, botkami i du\u017cym szalem, tworz\u0105c codzienn\u0105, a jednocze\u015bnie eleganck\u0105 stylizacj\u0119. Je\u015bli preferujesz sportowy look, postaw na kurtk\u0119 puchow\u0105, kt\u00f3ra dobrze wsp\u00f3\u0142gra z jeansami, dresami czy legginsami. Szafa kapsu\u0142owa powinna by\u0107 praktyczna, dlatego wybieraj okrycia, kt\u00f3re b\u0119d\u0105 uniwersalne i pos\u0142u\u017c\u0105 na r\u00f3\u017cne okazje.<\/p>\n<div class=\"product-box-container\">\r\n<div class=\"one_third \" style=\"\">\r\n<div class=\"product-box\">\r\n<a href=\"https:\/\/pakuten.pl\/40193-85209-bezowy-dlugi-trencz-z-ozdobnymi-guzikami-braelynn-bezowy.html\" target=\"_blank\">\r\n <img src=\"https:\/\/media.pakuten.pl\/235212-large_default\/bezowy-dlugi-trencz-z-ozdobnymi-guzikami-braelynn.jpg\" alt=\"Be\u017cowy d\u0142ugi p\u0142aszcz z ozdobnymi guzikami Braelynn\"\/>\r\n<\/a>\r\n<p>\r\n<a href=\"https:\/\/pakuten.pl\/40193-85209-bezowy-dlugi-trencz-z-ozdobnymi-guzikami-braelynn-bezowy.html\" target=\"_blank\">\r\nBe\u017cowy d\u0142ugi p\u0142aszcz z ozdobnymi guzikami Braelynn\r\n<\/a><\/p>\r\n  <p>Cena: 149,99\u00a0z\u0142<\/p>\r\n<a href=\"https:\/\/pakuten.pl\/40193-85209-bezowy-dlugi-trencz-z-ozdobnymi-guzikami-braelynn-bezowy.html\" target=\"_blank\" class=\"button\">\r\nZobacz w sklepie\r\n<\/a>\r\n<\/div>\r\n<\/div>\r\n<div class=\"one_third \" style=\"\">\r\n<div class=\"product-box\">\r\n<a href=\"https:\/\/pakuten.pl\/40152-85104-dlugi-wiazany-plaszcz-kaydence-odcienie-brazu-odcienie-brazu.html\" target=\"_blank\">\r\n  <img src=\"https:\/\/media.pakuten.pl\/234970-large_default\/dlugi-wiazany-plaszcz-kaydence-odcienie-brazu.jpg\" alt=\"D\u0142ugi wi\u0105zany trencz Kaydence - odcienie br\u0105zu\"\/>\r\n<\/a>\r\n<p>\r\n<a href=\"https:\/\/pakuten.pl\/40152-85104-dlugi-wiazany-plaszcz-kaydence-odcienie-brazu-odcienie-brazu.html\" target=\"_blank\">\r\nD\u0142ugi wi\u0105zany trencz Kaydence - odcienie br\u0105zu\r\n<\/a><\/p>\r\n  <p>Cena: 149,99\u00a0z\u0142<\/p>\r\n<a href=\"https:\/\/pakuten.pl\/40152-85104-dlugi-wiazany-plaszcz-kaydence-odcienie-brazu-odcienie-brazu.html\" target=\"_blank\" class=\"button\">\r\nZobacz w sklepie\r\n<\/a>\r\n<\/div>\r\n<\/div>\r\n<div class=\"one_third last \" style=\"\">\r\n<div class=\"product-box\">\r\n<a href=\"https:\/\/pakuten.pl\/40173-85166-czarny-dlugi-miekki-plaszcz-journee-czarny.html\" target=\"_blank\">\r\n  <img src=\"https:\/\/media.pakuten.pl\/235183-large_default\/czarny-dlugi-miekki-plaszcz-journee.jpg\" alt=\"Czarny d\u0142ugi mi\u0119kki p\u0142aszcz Journee\"\/>\r\n<\/a>\r\n<p>\r\n<a href=\"https:\/\/pakuten.pl\/40173-85166-czarny-dlugi-miekki-plaszcz-journee-czarny.html\" target=\"_blank\">\r\nCzarny d\u0142ugi mi\u0119kki p\u0142aszcz Journee\r\n<\/a><\/p>\r\n  <p>Cena: 219,99\u00a0z\u0142<\/p>\r\n<a href=\"https:\/\/pakuten.pl\/40173-85166-czarny-dlugi-miekki-plaszcz-journee-czarny.html\" target=\"_blank\" class=\"button\">\r\nZobacz w sklepie\r\n<\/a>\r\n<\/div>\r\n<\/div><br class=\"clear\"\/>\r\n<\/div>\n<h2 class=\"p1\"><span style=\"color: #ff9900;\"> Sp\u00f3dnice i sukienki \u2013 zimowe stylizacje w kobiecym stylu<\/span><\/h2>\n<p class=\"p1\">W szafie kapsu\u0142owej na jesie\u0144-zim\u0119 warto uwzgl\u0119dni\u0107 tak\u017ce sp\u00f3dnice i sukienki, kt\u00f3re b\u0119d\u0105 odpowiednie na ch\u0142odniejsze dni. Ciep\u0142e, dzianinowe sukienki w neutralnych kolorach s\u0105 \u015bwietnym wyborem na zimowe stylizacje. Mo\u017cna je \u0142\u0105czy\u0107 z kozakami i grubymi rajstopami, tworz\u0105c stylowy look na co dzie\u0144, ale te\u017c na bardziej formalne okazje.<\/p>\n<div class=\"product-box-container\">\r\n<div class=\"one_third \" style=\"\">\r\n<div class=\"product-box\">\r\n<a href=\"https:\/\/pakuten.pl\/40813-85998-bezowa-swetrowa-sukienka-z-ozdobnym-splotem-sedova-bezowy.html\" target=\"_blank\">\r\n <img src=\"https:\/\/media.pakuten.pl\/238238-large_default\/bezowa-swetrowa-sukienka-z-ozdobnym-splotem-sedova.jpg\" alt=\"Be\u017cowa swetrowa sukienka z ozdobnym splotem Sedova\"\/>\r\n<\/a>\r\n<p>\r\n<a href=\"https:\/\/pakuten.pl\/40813-85998-bezowa-swetrowa-sukienka-z-ozdobnym-splotem-sedova-bezowy.html\" target=\"_blank\">\r\nBe\u017cowa swetrowa sukienka z ozdobnym splotem Sedova\r\n<\/a><\/p>\r\n  <p>Cena: 99,99\u00a0z\u0142<\/p>\r\n<a href=\"https:\/\/pakuten.pl\/40813-85998-bezowa-swetrowa-sukienka-z-ozdobnym-splotem-sedova-bezowy.html\" target=\"_blank\" class=\"button\">\r\nZobacz w sklepie\r\n<\/a>\r\n<\/div>\r\n<\/div>\r\n<div class=\"one_third \" style=\"\">\r\n<div class=\"product-box\">\r\n<a href=\"https:\/\/pakuten.pl\/39918-84769-swetrowa-sukienka-z-rozcieciem-pertheina-odcienie-brazu-odcienie-brazu.html\" target=\"_blank\">\r\n  <img src=\"https:\/\/media.pakuten.pl\/233734-large_default\/swetrowa-sukienka-z-rozcieciem-pertheina-odcienie-brazu.jpg\" alt=\"Swetrowa sukienka z rozci\u0119ciem Pertheina - odcienie br\u0105zu\"\/>\r\n<\/a>\r\n<p>\r\n<a href=\"https:\/\/pakuten.pl\/39918-84769-swetrowa-sukienka-z-rozcieciem-pertheina-odcienie-brazu-odcienie-brazu.html\" target=\"_blank\">\r\nSwetrowa sukienka z rozci\u0119ciem Pertheina - odcienie br\u0105zu\r\n<\/a><\/p>\r\n  <p>Cena: 39,99\u00a0z\u0142<\/p>\r\n<a href=\"https:\/\/pakuten.pl\/39918-84769-swetrowa-sukienka-z-rozcieciem-pertheina-odcienie-brazu-odcienie-brazu.html\" target=\"_blank\" class=\"button\">\r\nZobacz w sklepie\r\n<\/a>\r\n<\/div>\r\n<\/div>\r\n<div class=\"one_third last \" style=\"\">\r\n<div class=\"product-box\">\r\n<a href=\"https:\/\/pakuten.pl\/40514-85577--sweterkowa-sukienka-z-ozdobnym-splotem-brynley-ecru-ecru.html\" target=\"_blank\">\r\n  <img src=\"https:\/\/media.pakuten.pl\/236696-large_default\/-sweterkowa-sukienka-z-ozdobnym-splotem-brynley-ecru.jpg\" alt=\"Sweterkowa sukienka z ozdobnym splotem Brynley - ecru\"\/>\r\n<\/a>\r\n<p>\r\n<a href=\"https:\/\/pakuten.pl\/40514-85577--sweterkowa-sukienka-z-ozdobnym-splotem-brynley-ecru-ecru.html\" target=\"_blank\">\r\nSweterkowa sukienka z ozdobnym splotem Brynley - ecru\r\n<\/a><\/p>\r\n  <p>Cena: 29,99\u00a0z\u0142<\/p>\r\n<a href=\"https:\/\/pakuten.pl\/40514-85577--sweterkowa-sukienka-z-ozdobnym-splotem-brynley-ecru-ecru.html\" target=\"_blank\" class=\"button\">\r\nZobacz w sklepie\r\n<\/a>\r\n<\/div>\r\n<\/div><br class=\"clear\"\/>\r\n<\/div>\n<p class=\"p1\">Sp\u00f3dnice z we\u0142ny lub ekosk\u00f3ry w po\u0142\u0105czeniu z ciep\u0142ymi swetrami r\u00f3wnie\u017c doskonale sprawdz\u0105 si\u0119 zim\u0105. Wybieraj modele o klasycznych krojach, kt\u00f3re mo\u017cna \u0142atwo \u0142\u0105czy\u0107 z innymi elementami garderoby, tworz\u0105c r\u00f3\u017cnorodne zestawy na r\u00f3\u017cne okazje.<\/p>\n<div class=\"product-box-container\">\r\n<div class=\"one_third \" style=\"\">\r\n<div class=\"product-box\">\r\n<a href=\"https:\/\/pakuten.pl\/40529-85613-bezowa-satynowa-dluga-spodnica-artemis-bezowy.html\" target=\"_blank\">\r\n <img src=\"https:\/\/media.pakuten.pl\/236784-large_default\/bezowa-satynowa-dluga-spodnica-artemis.jpg\" alt=\"Be\u017cowa satynowa d\u0142uga sp\u00f3dnica Artemis\"\/>\r\n<\/a>\r\n<p>\r\n<a href=\"https:\/\/pakuten.pl\/40529-85613-bezowa-satynowa-dluga-spodnica-artemis-bezowy.html\" target=\"_blank\">\r\nBe\u017cowa satynowa d\u0142uga sp\u00f3dnica Artemis\r\n<\/a><\/p>\r\n  <p>Cena: 49,99\u00a0z\u0142<\/p>\r\n<a href=\"https:\/\/pakuten.pl\/40529-85613-bezowa-satynowa-dluga-spodnica-artemis-bezowy.html\" target=\"_blank\" class=\"button\">\r\nZobacz w sklepie\r\n<\/a>\r\n<\/div>\r\n<\/div>\r\n<div class=\"one_third \" style=\"\">\r\n<div class=\"product-box\">\r\n<a href=\"https:\/\/pakuten.pl\/40552-85652-czarna-dluga-skorzana-spodnica-raychel-czarny.html\" target=\"_blank\">\r\n  <img src=\"https:\/\/media.pakuten.pl\/236883-large_default\/czarna-dluga-skorzana-spodnica-raychel.jpg\" alt=\"Czarna d\u0142uga sk\u00f3rzana sp\u00f3dnica Raychel\"\/>\r\n<\/a>\r\n<p>\r\n<a href=\"https:\/\/pakuten.pl\/40552-85652-czarna-dluga-skorzana-spodnica-raychel-czarny.html\" target=\"_blank\">\r\nCzarna d\u0142uga sk\u00f3rzana sp\u00f3dnica Raychel\r\n<\/a><\/p>\r\n  <p>Cena: 49,99\u00a0z\u0142<\/p>\r\n<a href=\"https:\/\/pakuten.pl\/40552-85652-czarna-dluga-skorzana-spodnica-raychel-czarny.html\" target=\"_blank\" class=\"button\">\r\nZobacz w sklepie\r\n<\/a>\r\n<\/div>\r\n<\/div>\r\n<div class=\"one_third last \" style=\"\">\r\n<div class=\"product-box\">\r\n<a href=\"https:\/\/pakuten.pl\/40668-85819-wzorzyste-spodnico-spodenki-z-marszczeniem-w-bezowa-kratke-maeveen-g6-g6.html\" target=\"_blank\">\r\n  <img src=\"https:\/\/media.pakuten.pl\/237513-large_default\/wzorzyste-spodnico-spodenki-z-marszczeniem-w-bezowa-kratke-maeveen-g6.jpg\" alt=\"Wzorzyste sp\u00f3dnico-spodenki z marszczeniem w be\u017cow\u0105 kratk\u0119 Maeveen - G6\"\/>\r\n<\/a>\r\n<p>\r\n<a href=\"https:\/\/pakuten.pl\/40668-85819-wzorzyste-spodnico-spodenki-z-marszczeniem-w-bezowa-kratke-maeveen-g6-g6.html\" target=\"_blank\">\r\nWzorzyste sp\u00f3dnico-spodenki z marszczeniem w be\u017cow\u0105 kratk\u0119 Maeveen - G6\r\n<\/a><\/p>\r\n  <p>Cena: 49,99\u00a0z\u0142<\/p>\r\n<a href=\"https:\/\/pakuten.pl\/40668-85819-wzorzyste-spodnico-spodenki-z-marszczeniem-w-bezowa-kratke-maeveen-g6-g6.html\" target=\"_blank\" class=\"button\">\r\nZobacz w sklepie\r\n<\/a>\r\n<\/div>\r\n<\/div><br class=\"clear\"\/>\r\n<\/div>\n<h2 class=\"p1\"><span style=\"color: #ff9900;\">Akcesoria \u2013 klucz do funkcjonalnej szafy kapsu\u0142owej<\/span><\/h2>\n<p class=\"p1\">Akcesoria odgrywaj\u0105 wa\u017cn\u0105 rol\u0119 w tworzeniu zimowej kapsu\u0142owej garderoby. Ciep\u0142e szaliki, czapki, r\u0119kawiczki i torby nie tylko zapewniaj\u0105 ciep\u0142o, ale tak\u017ce dodaj\u0105 stylizacjom charakteru. Postaw na dodatki w stonowanych kolorach, kt\u00f3re \u0142atwo po\u0142\u0105czysz z reszt\u0105 garderoby.<\/p>\n<p class=\"p1\">D\u0142ugie szale z we\u0142ny, czapki w klasycznych fasonach czy eleganckie r\u0119kawiczki z ekosk\u00f3ry to akcesoria, kt\u00f3re dodadz\u0105 Twoim zimowym stylizacjom elegancji i praktyczno\u015bci. Torby w stylu shopperki b\u0119d\u0105 idealne na codzienne zakupy, a ma\u0142e, eleganckie torebki na wieczorne wyj\u015bcia.<\/p>\n<p>\u00a0<\/p>\n<p class=\"p1\">Szafa kapsu\u0142owa na jesie\u0144-zim\u0119 to idealne rozwi\u0105zanie dla os\u00f3b ceni\u0105cych minimalizm i funkcjonalno\u015b\u0107 w modzie. Kilka kluczowych ubra\u0144, takich jak swetry, dresy, basicowe bluzki, sp\u00f3dnice oraz ciep\u0142e okrycia, pozwoli stworzy\u0107 r\u00f3\u017cnorodne stylizacje na ka\u017cd\u0105 okazj\u0119. Pami\u0119taj, \u017ce szafa kapsu\u0142owa opiera si\u0119 na prostocie, wysokiej jako\u015bci materia\u0142ach i ponadczasowych krojach, kt\u00f3re przetrwaj\u0105 wiele sezon\u00f3w.<\/p>\n\n\n<div class=\"kk-star-ratings kksr-auto kksr-align-right kksr-valign-bottom\"\n    data-payload='{&quot;align&quot;:&quot;right&quot;,&quot;id&quot;:&quot;9130&quot;,&quot;slug&quot;:&quot;default&quot;,&quot;valign&quot;:&quot;bottom&quot;,&quot;ignore&quot;:&quot;&quot;,&quot;reference&quot;:&quot;auto&quot;,&quot;class&quot;:&quot;&quot;,&quot;count&quot;:&quot;1&quot;,&quot;legendonly&quot;:&quot;&quot;,&quot;readonly&quot;:&quot;&quot;,&quot;score&quot;:&quot;1&quot;,&quot;starsonly&quot;:&quot;&quot;,&quot;best&quot;:&quot;5&quot;,&quot;gap&quot;:&quot;5&quot;,&quot;greet&quot;:&quot;Rate this post&quot;,&quot;legend&quot;:&quot;1\\\/5 - (1 vote)&quot;,&quot;size&quot;:&quot;24&quot;,&quot;width&quot;:&quot;26.5&quot;,&quot;_legend&quot;:&quot;{score}\\\/{best} - ({count} {votes})&quot;,&quot;font_factor&quot;:&quot;1.25&quot;}'>\n            \n<div class=\"kksr-stars\">\n    \n<div class=\"kksr-stars-inactive\">\n            <div class=\"kksr-star\" data-star=\"1\" style=\"padding-right: 5px\">\n            \n\n<div class=\"kksr-icon\" style=\"width: 24px; height: 24px;\"><\/div>\n        <\/div>\n            <div class=\"kksr-star\" data-star=\"2\" style=\"padding-right: 5px\">\n            \n\n<div class=\"kksr-icon\" style=\"width: 24px; height: 24px;\"><\/div>\n        <\/div>\n            <div class=\"kksr-star\" data-star=\"3\" style=\"padding-right: 5px\">\n            \n\n<div class=\"kksr-icon\" style=\"width: 24px; height: 24px;\"><\/div>\n        <\/div>\n            <div class=\"kksr-star\" data-star=\"4\" style=\"padding-right: 5px\">\n            \n\n<div class=\"kksr-icon\" style=\"width: 24px; height: 24px;\"><\/div>\n        <\/div>\n            <div class=\"kksr-star\" data-star=\"5\" style=\"padding-right: 5px\">\n            \n\n<div class=\"kksr-icon\" style=\"width: 24px; height: 24px;\"><\/div>\n        <\/div>\n    <\/div>\n    \n<div class=\"kksr-stars-active\" style=\"width: 26.5px;\">\n            <div class=\"kksr-star\" style=\"padding-right: 5px\">\n            \n\n<div class=\"kksr-icon\" style=\"width: 24px; height: 24px;\"><\/div>\n        <\/div>\n            <div class=\"kksr-star\" style=\"padding-right: 5px\">\n            \n\n<div class=\"kksr-icon\" style=\"width: 24px; height: 24px;\"><\/div>\n        <\/div>\n            <div class=\"kksr-star\" style=\"padding-right: 5px\">\n            \n\n<div class=\"kksr-icon\" style=\"width: 24px; height: 24px;\"><\/div>\n        <\/div>\n            <div class=\"kksr-star\" style=\"padding-right: 5px\">\n            \n\n<div class=\"kksr-icon\" style=\"width: 24px; height: 24px;\"><\/div>\n        <\/div>\n            <div class=\"kksr-star\" style=\"padding-right: 5px\">\n            \n\n<div class=\"kksr-icon\" style=\"width: 24px; height: 24px;\"><\/div>\n        <\/div>\n    <\/div>\n<\/div>\n                \n\n<div class=\"kksr-legend\" style=\"font-size: 19.2px;\">\n            1\/5 - (1 vote)    <\/div>\n    <\/div>\n","protected":false},"excerpt":{"rendered":"<p class=\"p1\" style=\"margin: 0px; font-variant-numeric: normal; font-variant-east-asian: normal; font-variant-alternates: normal; font-size-adjust: none; font-kerning: auto; font-optical-sizing: auto; font-feature-settings: normal; font-variation-settings: normal; font-variant-position: normal; font-stretch: normal; font-size: 12px; line-height: normal; font-family: 'Helvetica Neue'; color: #000000;\">Szafa kapsu\u0142owa to poj\u0119cie, kt\u00f3re coraz cz\u0119\u015bciej pojawia si\u0119 w modzie, zw\u0142aszcza w kontek\u015bcie minimalizmu i zr\u00f3wnowa\u017conego stylu \u017cycia. Tworzenie takiej garderoby to doskona\u0142y spos\u00f3b na oszcz\u0119dno\u015b\u0107 czasu, pieni\u0119dzy oraz \u015bwiadome podej\u015bcie do mody. Jesie\u0144 i zima to idealne sezony, by wprowadzi\u0107 zasady szafy kapsu\u0142owej, gdy licz\u0105 si\u0119 przede wszystkim funkcjonalno\u015b\u0107 i wygoda. W tym wpisie podpowiemy, jak stworzy\u0107 szaf\u0119 kapsu\u0142ow\u0105 na jesie\u0144-zim\u0119, kt\u00f3ra b\u0119dzie nie tylko praktyczna, ale tak\u017ce stylowa.<\/p>\n","protected":false},"author":3,"featured_media":9132,"comment_status":"open","ping_status":"open","sticky":false,"template":"","format":"standard","meta":[],"categories":[3],"tags":[],"yoast_head":"<!-- This site is optimized with the Yoast SEO plugin v18.4.1 - https:\/\/yoast.com\/wordpress\/plugins\/seo\/ -->\n<title>Pakuten blog<\/title>\n<meta name=\"description\" content=\"Szafa kapsu\u0142owa-dowiedz si\u0119, jak j\u0105 stworzy\u0107 na jesie\u0144-zim\u0119. Praktyczne porady, kluczowe elementy i stylowe inspiracje na ch\u0142odne dni.\" \/>\n<meta name=\"robots\" content=\"index, follow, max-snippet:-1, max-image-preview:large, max-video-preview:-1\" \/>\n<link rel=\"canonical\" href=\"https:\/\/pakuten.pl\/blog\/szafa-kapsulowa-na-jesien-zime\/\" \/>\n<meta property=\"og:locale\" content=\"pl_PL\" \/>\n<meta property=\"og:type\" content=\"article\" \/>\n<meta property=\"og:title\" content=\"Pakuten blog\" \/>\n<meta property=\"og:description\" content=\"Szafa kapsu\u0142owa-dowiedz si\u0119, jak j\u0105 stworzy\u0107 na jesie\u0144-zim\u0119. Praktyczne porady, kluczowe elementy i stylowe inspiracje na ch\u0142odne dni.\" \/>\n<meta property=\"og:url\" content=\"https:\/\/pakuten.pl\/blog\/szafa-kapsulowa-na-jesien-zime\/\" \/>\n<meta property=\"og:site_name\" content=\"Pakuten blog\" \/>\n<meta property=\"article:published_time\" content=\"2024-10-04T09:02:00+00:00\" \/>\n<meta property=\"article:modified_time\" content=\"2024-10-02T09:21:59+00:00\" \/>\n<meta property=\"og:image\" content=\"https:\/\/pakuten.pl\/blog\/wp-content\/uploads\/2024\/10\/Szafa-kapsulowa-na-jesien\u0301-zime\u0328.png\" \/>\n\t<meta property=\"og:image:width\" content=\"1280\" \/>\n\t<meta property=\"og:image:height\" content=\"853\" \/>\n\t<meta property=\"og:image:type\" content=\"image\/png\" \/>\n<meta name=\"twitter:card\" content=\"summary_large_image\" \/>\n<meta name=\"twitter:label1\" content=\"Napisane przez\" \/>\n\t<meta name=\"twitter:data1\" content=\"Pakuten Girl\" \/>\n\t<meta name=\"twitter:label2\" content=\"Szacowany czas czytania\" \/>\n\t<meta name=\"twitter:data2\" content=\"6 minut\" \/>\n<script type=\"application\/ld+json\" class=\"yoast-schema-graph\">{\"@context\":\"https:\/\/schema.org\",\"@graph\":[{\"@type\":\"Organization\",\"@id\":\"https:\/\/pakuten.pl\/blog\/#organization\",\"name\":\"Pakuten\",\"url\":\"https:\/\/pakuten.pl\/blog\/\",\"sameAs\":[],\"logo\":{\"@type\":\"ImageObject\",\"@id\":\"https:\/\/pakuten.pl\/blog\/#logo\",\"inLanguage\":\"pl-PL\",\"url\":\"http:\/\/pakuten.pl\/blog\/wp-content\/uploads\/2018\/01\/pakuten_logo.png\",\"contentUrl\":\"http:\/\/pakuten.pl\/blog\/wp-content\/uploads\/2018\/01\/pakuten_logo.png\",\"width\":300,\"height\":120,\"caption\":\"Pakuten\"},\"image\":{\"@id\":\"https:\/\/pakuten.pl\/blog\/#logo\"}},{\"@type\":\"WebSite\",\"@id\":\"https:\/\/pakuten.pl\/blog\/#website\",\"url\":\"https:\/\/pakuten.pl\/blog\/\",\"name\":\"Pakuten blog\",\"description\":\"Blog sklepu internetowego pakuten.pl\",\"publisher\":{\"@id\":\"https:\/\/pakuten.pl\/blog\/#organization\"},\"potentialAction\":[{\"@type\":\"SearchAction\",\"target\":{\"@type\":\"EntryPoint\",\"urlTemplate\":\"https:\/\/pakuten.pl\/blog\/?s={search_term_string}\"},\"query-input\":\"required name=search_term_string\"}],\"inLanguage\":\"pl-PL\"},{\"@type\":\"ImageObject\",\"@id\":\"https:\/\/pakuten.pl\/blog\/szafa-kapsulowa-na-jesien-zime\/#primaryimage\",\"inLanguage\":\"pl-PL\",\"url\":\"https:\/\/pakuten.pl\/blog\/wp-content\/uploads\/2024\/10\/Szafa-kapsulowa-na-jesien\u0301-zime\u0328.png\",\"contentUrl\":\"https:\/\/pakuten.pl\/blog\/wp-content\/uploads\/2024\/10\/Szafa-kapsulowa-na-jesien\u0301-zime\u0328.png\",\"width\":1280,\"height\":853,\"caption\":\"Szafa kapsu\u0142owa na jesie\u0144-zim\u0119 \u2013 jak stworzy\u0107 funkcjonaln\u0105 garderob\u0119 na ch\u0142odne dni?\"},{\"@type\":\"WebPage\",\"@id\":\"https:\/\/pakuten.pl\/blog\/szafa-kapsulowa-na-jesien-zime\/#webpage\",\"url\":\"https:\/\/pakuten.pl\/blog\/szafa-kapsulowa-na-jesien-zime\/\",\"name\":\"Pakuten blog\",\"isPartOf\":{\"@id\":\"https:\/\/pakuten.pl\/blog\/#website\"},\"primaryImageOfPage\":{\"@id\":\"https:\/\/pakuten.pl\/blog\/szafa-kapsulowa-na-jesien-zime\/#primaryimage\"},\"datePublished\":\"2024-10-04T09:02:00+00:00\",\"dateModified\":\"2024-10-02T09:21:59+00:00\",\"description\":\"Szafa kapsu\u0142owa-dowiedz si\u0119, jak j\u0105 stworzy\u0107 na jesie\u0144-zim\u0119. Praktyczne porady, kluczowe elementy i stylowe inspiracje na ch\u0142odne dni.\",\"breadcrumb\":{\"@id\":\"https:\/\/pakuten.pl\/blog\/szafa-kapsulowa-na-jesien-zime\/#breadcrumb\"},\"inLanguage\":\"pl-PL\",\"potentialAction\":[{\"@type\":\"ReadAction\",\"target\":[\"https:\/\/pakuten.pl\/blog\/szafa-kapsulowa-na-jesien-zime\/\"]}]},{\"@type\":\"BreadcrumbList\",\"@id\":\"https:\/\/pakuten.pl\/blog\/szafa-kapsulowa-na-jesien-zime\/#breadcrumb\",\"itemListElement\":[{\"@type\":\"ListItem\",\"position\":1,\"name\":\"Strona g\u0142\u00f3wna\",\"item\":\"https:\/\/pakuten.pl\/blog\/\"},{\"@type\":\"ListItem\",\"position\":2,\"name\":\"Szafa kapsu\u0142owa na jesie\u0144-zim\u0119 \u2013 jak stworzy\u0107 funkcjonaln\u0105 garderob\u0119 na ch\u0142odne dni?\"}]},{\"@type\":\"Article\",\"@id\":\"https:\/\/pakuten.pl\/blog\/szafa-kapsulowa-na-jesien-zime\/#article\",\"isPartOf\":{\"@id\":\"https:\/\/pakuten.pl\/blog\/szafa-kapsulowa-na-jesien-zime\/#webpage\"},\"author\":{\"@id\":\"https:\/\/pakuten.pl\/blog\/#\/schema\/person\/d7133af30211381a4e4536d088384556\"},\"headline\":\"Szafa kapsu\u0142owa na jesie\u0144-zim\u0119 \u2013 jak stworzy\u0107 funkcjonaln\u0105 garderob\u0119 na ch\u0142odne dni?\",\"datePublished\":\"2024-10-04T09:02:00+00:00\",\"dateModified\":\"2024-10-02T09:21:59+00:00\",\"mainEntityOfPage\":{\"@id\":\"https:\/\/pakuten.pl\/blog\/szafa-kapsulowa-na-jesien-zime\/#webpage\"},\"wordCount\":1102,\"commentCount\":0,\"publisher\":{\"@id\":\"https:\/\/pakuten.pl\/blog\/#organization\"},\"image\":{\"@id\":\"https:\/\/pakuten.pl\/blog\/szafa-kapsulowa-na-jesien-zime\/#primaryimage\"},\"thumbnailUrl\":\"https:\/\/pakuten.pl\/blog\/wp-content\/uploads\/2024\/10\/Szafa-kapsulowa-na-jesien\u0301-zime\u0328.png\",\"articleSection\":[\"Top Trends\"],\"inLanguage\":\"pl-PL\",\"potentialAction\":[{\"@type\":\"CommentAction\",\"name\":\"Comment\",\"target\":[\"https:\/\/pakuten.pl\/blog\/szafa-kapsulowa-na-jesien-zime\/#respond\"]}]},{\"@type\":\"Person\",\"@id\":\"https:\/\/pakuten.pl\/blog\/#\/schema\/person\/d7133af30211381a4e4536d088384556\",\"name\":\"Pakuten Girl\",\"image\":{\"@type\":\"ImageObject\",\"@id\":\"https:\/\/pakuten.pl\/blog\/#personlogo\",\"inLanguage\":\"pl-PL\",\"url\":\"https:\/\/secure.gravatar.com\/avatar\/d3df41de2caf92e6cfded9430c2ff352?s=96&d=mm&r=g\",\"contentUrl\":\"https:\/\/secure.gravatar.com\/avatar\/d3df41de2caf92e6cfded9430c2ff352?s=96&d=mm&r=g\",\"caption\":\"Pakuten Girl\"},\"description\":\"Cze\u015b\u0107, nazywam si\u0119 Ola. Kocham Netflixa, sals\u0119, nowo\u015bci kosmetyczne i najnowsze trendy w modzie.\",\"url\":\"https:\/\/pakuten.pl\/blog\/author\/pakuten-girl\/\"}]}<\/script>\n<!-- \/ Yoast SEO plugin. -->","yoast_head_json":{"title":"Pakuten blog","description":"Szafa kapsu\u0142owa-dowiedz si\u0119, jak j\u0105 stworzy\u0107 na jesie\u0144-zim\u0119. Praktyczne porady, kluczowe elementy i stylowe inspiracje na ch\u0142odne dni.","robots":{"index":"index","follow":"follow","max-snippet":"max-snippet:-1","max-image-preview":"max-image-preview:large","max-video-preview":"max-video-preview:-1"},"canonical":"https:\/\/pakuten.pl\/blog\/szafa-kapsulowa-na-jesien-zime\/","og_locale":"pl_PL","og_type":"article","og_title":"Pakuten blog","og_description":"Szafa kapsu\u0142owa-dowiedz si\u0119, jak j\u0105 stworzy\u0107 na jesie\u0144-zim\u0119. Praktyczne porady, kluczowe elementy i stylowe inspiracje na ch\u0142odne dni.","og_url":"https:\/\/pakuten.pl\/blog\/szafa-kapsulowa-na-jesien-zime\/","og_site_name":"Pakuten blog","article_published_time":"2024-10-04T09:02:00+00:00","article_modified_time":"2024-10-02T09:21:59+00:00","og_image":[{"width":1280,"height":853,"url":"https:\/\/pakuten.pl\/blog\/wp-content\/uploads\/2024\/10\/Szafa-kapsulowa-na-jesien\u0301-zime\u0328.png","type":"image\/png"}],"twitter_card":"summary_large_image","twitter_misc":{"Napisane przez":"Pakuten Girl","Szacowany czas czytania":"6 minut"},"schema":{"@context":"https:\/\/schema.org","@graph":[{"@type":"Organization","@id":"https:\/\/pakuten.pl\/blog\/#organization","name":"Pakuten","url":"https:\/\/pakuten.pl\/blog\/","sameAs":[],"logo":{"@type":"ImageObject","@id":"https:\/\/pakuten.pl\/blog\/#logo","inLanguage":"pl-PL","url":"http:\/\/pakuten.pl\/blog\/wp-content\/uploads\/2018\/01\/pakuten_logo.png","contentUrl":"http:\/\/pakuten.pl\/blog\/wp-content\/uploads\/2018\/01\/pakuten_logo.png","width":300,"height":120,"caption":"Pakuten"},"image":{"@id":"https:\/\/pakuten.pl\/blog\/#logo"}},{"@type":"WebSite","@id":"https:\/\/pakuten.pl\/blog\/#website","url":"https:\/\/pakuten.pl\/blog\/","name":"Pakuten blog","description":"Blog sklepu internetowego pakuten.pl","publisher":{"@id":"https:\/\/pakuten.pl\/blog\/#organization"},"potentialAction":[{"@type":"SearchAction","target":{"@type":"EntryPoint","urlTemplate":"https:\/\/pakuten.pl\/blog\/?s={search_term_string}"},"query-input":"required name=search_term_string"}],"inLanguage":"pl-PL"},{"@type":"ImageObject","@id":"https:\/\/pakuten.pl\/blog\/szafa-kapsulowa-na-jesien-zime\/#primaryimage","inLanguage":"pl-PL","url":"https:\/\/pakuten.pl\/blog\/wp-content\/uploads\/2024\/10\/Szafa-kapsulowa-na-jesien\u0301-zime\u0328.png","contentUrl":"https:\/\/pakuten.pl\/blog\/wp-content\/uploads\/2024\/10\/Szafa-kapsulowa-na-jesien\u0301-zime\u0328.png","width":1280,"height":853,"caption":"Szafa kapsu\u0142owa na jesie\u0144-zim\u0119 \u2013 jak stworzy\u0107 funkcjonaln\u0105 garderob\u0119 na ch\u0142odne dni?"},{"@type":"WebPage","@id":"https:\/\/pakuten.pl\/blog\/szafa-kapsulowa-na-jesien-zime\/#webpage","url":"https:\/\/pakuten.pl\/blog\/szafa-kapsulowa-na-jesien-zime\/","name":"Pakuten blog","isPartOf":{"@id":"https:\/\/pakuten.pl\/blog\/#website"},"primaryImageOfPage":{"@id":"https:\/\/pakuten.pl\/blog\/szafa-kapsulowa-na-jesien-zime\/#primaryimage"},"datePublished":"2024-10-04T09:02:00+00:00","dateModified":"2024-10-02T09:21:59+00:00","description":"Szafa kapsu\u0142owa-dowiedz si\u0119, jak j\u0105 stworzy\u0107 na jesie\u0144-zim\u0119. Praktyczne porady, kluczowe elementy i stylowe inspiracje na ch\u0142odne dni.","breadcrumb":{"@id":"https:\/\/pakuten.pl\/blog\/szafa-kapsulowa-na-jesien-zime\/#breadcrumb"},"inLanguage":"pl-PL","potentialAction":[{"@type":"ReadAction","target":["https:\/\/pakuten.pl\/blog\/szafa-kapsulowa-na-jesien-zime\/"]}]},{"@type":"BreadcrumbList","@id":"https:\/\/pakuten.pl\/blog\/szafa-kapsulowa-na-jesien-zime\/#breadcrumb","itemListElement":[{"@type":"ListItem","position":1,"name":"Strona g\u0142\u00f3wna","item":"https:\/\/pakuten.pl\/blog\/"},{"@type":"ListItem","position":2,"name":"Szafa kapsu\u0142owa na jesie\u0144-zim\u0119 \u2013 jak stworzy\u0107 funkcjonaln\u0105 garderob\u0119 na ch\u0142odne dni?"}]},{"@type":"Article","@id":"https:\/\/pakuten.pl\/blog\/szafa-kapsulowa-na-jesien-zime\/#article","isPartOf":{"@id":"https:\/\/pakuten.pl\/blog\/szafa-kapsulowa-na-jesien-zime\/#webpage"},"author":{"@id":"https:\/\/pakuten.pl\/blog\/#\/schema\/person\/d7133af30211381a4e4536d088384556"},"headline":"Szafa kapsu\u0142owa na jesie\u0144-zim\u0119 \u2013 jak stworzy\u0107 funkcjonaln\u0105 garderob\u0119 na ch\u0142odne dni?","datePublished":"2024-10-04T09:02:00+00:00","dateModified":"2024-10-02T09:21:59+00:00","mainEntityOfPage":{"@id":"https:\/\/pakuten.pl\/blog\/szafa-kapsulowa-na-jesien-zime\/#webpage"},"wordCount":1102,"commentCount":0,"publisher":{"@id":"https:\/\/pakuten.pl\/blog\/#organization"},"image":{"@id":"https:\/\/pakuten.pl\/blog\/szafa-kapsulowa-na-jesien-zime\/#primaryimage"},"thumbnailUrl":"https:\/\/pakuten.pl\/blog\/wp-content\/uploads\/2024\/10\/Szafa-kapsulowa-na-jesien\u0301-zime\u0328.png","articleSection":["Top Trends"],"inLanguage":"pl-PL","potentialAction":[{"@type":"CommentAction","name":"Comment","target":["https:\/\/pakuten.pl\/blog\/szafa-kapsulowa-na-jesien-zime\/#respond"]}]},{"@type":"Person","@id":"https:\/\/pakuten.pl\/blog\/#\/schema\/person\/d7133af30211381a4e4536d088384556","name":"Pakuten Girl","image":{"@type":"ImageObject","@id":"https:\/\/pakuten.pl\/blog\/#personlogo","inLanguage":"pl-PL","url":"https:\/\/secure.gravatar.com\/avatar\/d3df41de2caf92e6cfded9430c2ff352?s=96&d=mm&r=g","contentUrl":"https:\/\/secure.gravatar.com\/avatar\/d3df41de2caf92e6cfded9430c2ff352?s=96&d=mm&r=g","caption":"Pakuten Girl"},"description":"Cze\u015b\u0107, nazywam si\u0119 Ola. Kocham Netflixa, sals\u0119, nowo\u015bci kosmetyczne i najnowsze trendy w modzie.","url":"https:\/\/pakuten.pl\/blog\/author\/pakuten-girl\/"}]}},"_links":{"self":[{"href":"https:\/\/pakuten.pl\/blog\/wp-json\/wp\/v2\/posts\/9130"}],"collection":[{"href":"https:\/\/pakuten.pl\/blog\/wp-json\/wp\/v2\/posts"}],"about":[{"href":"https:\/\/pakuten.pl\/blog\/wp-json\/wp\/v2\/types\/post"}],"author":[{"embeddable":true,"href":"https:\/\/pakuten.pl\/blog\/wp-json\/wp\/v2\/users\/3"}],"replies":[{"embeddable":true,"href":"https:\/\/pakuten.pl\/blog\/wp-json\/wp\/v2\/comments?post=9130"}],"version-history":[{"count":9,"href":"https:\/\/pakuten.pl\/blog\/wp-json\/wp\/v2\/posts\/9130\/revisions"}],"predecessor-version":[{"id":9141,"href":"https:\/\/pakuten.pl\/blog\/wp-json\/wp\/v2\/posts\/9130\/revisions\/9141"}],"wp:featuredmedia":[{"embeddable":true,"href":"https:\/\/pakuten.pl\/blog\/wp-json\/wp\/v2\/media\/9132"}],"wp:attachment":[{"href":"https:\/\/pakuten.pl\/blog\/wp-json\/wp\/v2\/media?parent=9130"}],"wp:term":[{"taxonomy":"category","embeddable":true,"href":"https:\/\/pakuten.pl\/blog\/wp-json\/wp\/v2\/categories?post=9130"},{"taxonomy":"post_tag","embeddable":true,"href":"https:\/\/pakuten.pl\/blog\/wp-json\/wp\/v2\/tags?post=9130"}],"curies":[{"name":"wp","href":"https:\/\/api.w.org\/{rel}","templated":true}]}}