{"id":9259,"date":"2025-11-04T14:02:00","date_gmt":"2025-11-04T13:02:00","guid":{"rendered":"https:\/\/pakuten.pl\/blog\/?p=9259"},"modified":"2025-11-05T10:31:45","modified_gmt":"2025-11-05T09:31:45","slug":"imprezy-firmowe-jak-sie-ubrac-aby-wygladac-profesjonalnie-ale-stylowo","status":"publish","type":"post","link":"https:\/\/pakuten.pl\/blog\/imprezy-firmowe-jak-sie-ubrac-aby-wygladac-profesjonalnie-ale-stylowo\/","title":{"rendered":"Jak si\u0119 ubra\u0107 na imprez\u0119 firmow\u0105? Kompletny przewodnik po stylizacjach"},"content":{"rendered":"\n<p><span style=\"font-weight: 400;\">W okresie zimowym, gdy coraz cz\u0119\u015bciej odbywaj\u0105 si\u0119 spotkania integracyjne, \u015bwi\u0105teczne przyj\u0119cia czy wigilie firmowe, wiele os\u00f3b zastanawia si\u0119, jak si\u0119 ubra\u0107, aby wygl\u0105da\u0107 elegancko i profesjonalnie, a jednocze\u015bnie doda\u0107 stylizacji odrobin\u0119 szale\u0144stwa, kt\u00f3ra nada jej wyj\u0105tkowego charakteru.\u00a0<\/span><\/p>\n<p><span style=\"font-weight: 400;\">Niezale\u017cnie od bran\u017cy, w kt\u00f3rej pracujesz, istniej\u0105 uniwersalne zasady, kt\u00f3re pozwol\u0105 Ci stworzy\u0107 stylizacj\u0119 odpowiedni\u0105 na imprez\u0119 firmow\u0105. Zobacz nasze propozycje i inspiracje, kt\u00f3re pomog\u0105 Ci zab\u0142ysn\u0105\u0107!<\/span><\/p>\n<h2><b>Zanim otworzysz szaf\u0119<\/b><\/h2>\n<p><span style=\"font-weight: 400;\">Wybieraj\u0105c stylizacj\u0119 na imprezy firmowe, warto zacz\u0105\u0107 od sprawdzenia, czy obowi\u0105zuje okre\u015blony dress code. Je\u015bli firma jasno okre\u015bla zasady ubioru, warto si\u0119 ich trzyma\u0107, aby nie wypa\u015b\u0107 poza ramy przyj\u0119tych norm.\u00a0<\/span><\/p>\n<p><span style=\"font-weight: 400;\">Przyj\u0119cia firmowe, nawet te mniej formalne, s\u0105 nadal zwi\u0105zane z zawodow\u0105 etykiet\u0105, a to oznacza, \u017ce stylizacja powinna \u0142\u0105czy\u0107 elegancj\u0119 z umiarem. Co to oznacza w praktyce?<\/span><\/p>\n<ul>\n<li style=\"font-weight: 400;\" aria-level=\"1\"><b>Miejsce i charakter wydarzenia:<\/b><span style=\"font-weight: 400;\"> inny str\u00f3j b\u0119dzie odpowiedni na uroczysty bankiet w pi\u0119ciogwiazdkowym hotelu, a inny na lu\u017ane spotkanie w kr\u0119gielni czy piknik w plenerze. Lokalizacja narzuca pewien poziom formalno\u015bci.<\/span><\/li>\n<li style=\"font-weight: 400;\" aria-level=\"1\"><b>Pora dnia i roku:<\/b><span style=\"font-weight: 400;\"> stylizacja na popo\u0142udniowe garden party w \u015brodku lata b\u0119dzie diametralnie r\u00f3\u017cna od tej na wieczorn\u0105, zimow\u0105 gal\u0119. Pogoda i pora dnia maj\u0105 ogromne znaczenie.<\/span><\/li>\n<li style=\"font-weight: 400;\" aria-level=\"1\"><b>Okre\u015blony dress code:<\/b><span style=\"font-weight: 400;\"> czasami organizatorzy u\u0142atwiaj\u0105 zadanie, podaj\u0105c na zaproszeniu konkretny kod ubioru. Je\u015bli go brakuje, nale\u017cy samodzielnie oceni\u0107 formalno\u015b\u0107 wydarzenia.<\/span><\/li>\n<\/ul>\n<p><span style=\"font-weight: 400;\">Nie bez znaczenia pozostaje r\u00f3wnie\u017c kultura organizacyjna firmy. W bran\u017cy kreatywnej czy technologicznej, gdzie codzienny styl jest swobodny, str\u00f3j na imprez\u0119 integracyjn\u0105 b\u0119dzie mniej formalny ni\u017c w kancelarii prawnej czy instytucji finansowej, gdzie panuj\u0105 konserwatywne zasady.<\/span><\/p>\n<h2><b>S\u0142owniczek firmowego dress code&#8217;u<\/b><\/h2>\n<p><span style=\"font-weight: 400;\">Terminy okre\u015blaj\u0105ce dress code bywaj\u0105 myl\u0105ce. Zrozumienie ich jest jednak kluczowe, aby unikn\u0105\u0107 modowego faux pas. Oto kr\u00f3tkie wyja\u015bnienie najpopularniejszych kod\u00f3w ubioru:<\/span><\/p>\n<ul>\n<li style=\"font-weight: 400;\" aria-level=\"1\"><b><i>Black Tie:<\/i><\/b><span style=\"font-weight: 400;\"> to najwy\u017cszy stopie\u0144 formalno\u015bci. Dla pa\u0144 oznacza d\u0142ug\u0105 sukni\u0119 wieczorow\u0105. Dla pan\u00f3w jest to smoking, bia\u0142a koszula z mankietami na spinki oraz czarna mucha.<\/span><\/li>\n<li style=\"font-weight: 400;\" aria-level=\"1\"><b><i>Cocktail Attire (str\u00f3j koktajlowy):<\/i><\/b><span style=\"font-weight: 400;\"> p\u00f3\u0142formalny styl, idealny na wieczorne przyj\u0119cia. Kobiety mog\u0105 wybra\u0107 eleganck\u0105 sukienk\u0119 do kolan, stylowy kombinezon lub zestaw ze sp\u00f3dnic\u0105. M\u0119\u017cczy\u017ani powinni postawi\u0107 na ciemny garnitur, niekoniecznie z krawatem.<\/span><\/li>\n<li style=\"font-weight: 400;\" aria-level=\"1\"><b><i>Smart Casual:<\/i><\/b><span style=\"font-weight: 400;\"> to tak zwana sportowa elegancja. Stanowi po\u0142\u0105czenie formalnych i codziennych element\u00f3w garderoby. Dla pa\u0144 to na przyk\u0142ad cygaretki i jedwabna bluzka lub prosta sukienka. Dla pan\u00f3w \u2013 marynarka, koszula (bez krawata) i spodnie typu chino.<\/span><\/li>\n<\/ul>\n<p>\u00a0<\/p>\n<h2><b>Sukienki na imprezy firmowe \u2013 klasyka z nut\u0105 szale\u0144stwa<\/b><\/h2>\n<p><span style=\"font-weight: 400;\">Sukienka to jeden z najcz\u0119stszych wybor\u00f3w na imprezy firmowe. Na co warto postawi\u0107, aby prezentowa\u0107 si\u0119 elegancko, a jednocze\u015bnie wyr\u00f3\u017cni\u0107 si\u0119 subtelnym stylem? Poni\u017cej znajdziesz propozycje, kt\u00f3re pomog\u0105 Ci stworzy\u0107 perfekcyjn\u0105 stylizacj\u0119 na ka\u017cd\u0105 firmow\u0105 okazj\u0119.<\/span><\/p>\n<h3><b>Sukienka midi z d\u0142ugim r\u0119kawem \u2013 ciep\u0142o i szyk w jednym<\/b><\/h3>\n<p><span style=\"font-weight: 400;\">D\u0142ugo\u015b\u0107 midi to strza\u0142 w dziesi\u0105tk\u0119 na spotkania biznesowe i oficjalne przyj\u0119cia. Sukienka o tej d\u0142ugo\u015bci dodaje profesjonalizmu, a d\u0142ugi r\u0119kaw zapewnia ciep\u0142o, co jest idealne na zimowe imprezy firmowe. Mo\u017cesz wybra\u0107 klasyczny kr\u00f3j o\u0142\u00f3wkowy lub sukienk\u0119 kopertow\u0105, kt\u00f3ra b\u0119dzie wygodna i elegancka.<\/span><\/p>\n<div class=\"product-box-container\">\r\n<div class=\"one_third \" style=\"\">\r\n<div class=\"product-box\">\r\n<a href=\"https:\/\/pakuten.pl\/48150-97104-czekoladowa-sukienka-z-rozcieciem-cathey-czekoladowy.html\" target=\"_blank\">\r\n <img src=\"https:\/\/media.pakuten.pl\/275413-large_default\/czekoladowa-sukienka-z-rozcieciem-cathey.jpg\" alt=\"Czekoladowa sukienka z rozci\u0119ciem Cathey\"\/>\r\n<\/a>\r\n<p>\r\n<a href=\"https:\/\/pakuten.pl\/48150-97104-czekoladowa-sukienka-z-rozcieciem-cathey-czekoladowy.html\" target=\"_blank\">\r\nCzekoladowa sukienka z rozci\u0119ciem Cathey\r\n<\/a><\/p>\r\n  <p>Cena: 106,99\u00a0z\u0142<\/p>\r\n<a href=\"https:\/\/pakuten.pl\/48150-97104-czekoladowa-sukienka-z-rozcieciem-cathey-czekoladowy.html\" target=\"_blank\" class=\"button\">\r\nZobacz w sklepie\r\n<\/a>\r\n<\/div>\r\n<\/div>\r\n<div class=\"one_third \" style=\"\">\r\n<div class=\"product-box\">\r\n<a href=\"https:\/\/pakuten.pl\/30108-68435-welurowa-sukienka-z-rozcieciem-villo-butelkowa-zielen-butelkowa-zielen.html\" target=\"_blank\">\r\n  <img src=\"https:\/\/media.pakuten.pl\/213294-large_default\/welurowa-sukienka-z-rozcieciem-villo-butelkowa-zielen.jpg\" alt=\"Welurowa sukienka z rozci\u0119ciem Villo - butelkowa ziele\u0144\"\/>\r\n<\/a>\r\n<p>\r\n<a href=\"https:\/\/pakuten.pl\/30108-68435-welurowa-sukienka-z-rozcieciem-villo-butelkowa-zielen-butelkowa-zielen.html\" target=\"_blank\">\r\nWelurowa sukienka z rozci\u0119ciem Villo - butelkowa ziele\u0144\r\n<\/a><\/p>\r\n  <p>Cena: 119,99\u00a0z\u0142<\/p>\r\n<a href=\"https:\/\/pakuten.pl\/30108-68435-welurowa-sukienka-z-rozcieciem-villo-butelkowa-zielen-butelkowa-zielen.html\" target=\"_blank\" class=\"button\">\r\nZobacz w sklepie\r\n<\/a>\r\n<\/div>\r\n<\/div>\r\n<div class=\"one_third last \" style=\"\">\r\n<div class=\"product-box\">\r\n<a href=\"https:\/\/pakuten.pl\/30125-68458-malinowa-sukienka-z-rozcieciem-dalena-malinowy.html\" target=\"_blank\">\r\n  <img src=\"https:\/\/media.pakuten.pl\/185465-large_default\/malinowa-sukienka-z-rozcieciem-dalena.jpg\" alt=\"Malinowa sukienka z rozci\u0119ciem Dalena\"\/>\r\n<\/a>\r\n<p>\r\n<a href=\"https:\/\/pakuten.pl\/30125-68458-malinowa-sukienka-z-rozcieciem-dalena-malinowy.html\" target=\"_blank\">\r\nMalinowa sukienka z rozci\u0119ciem Dalena\r\n<\/a><\/p>\r\n  <p>Cena: 106,99\u00a0z\u0142<\/p>\r\n<a href=\"https:\/\/pakuten.pl\/30125-68458-malinowa-sukienka-z-rozcieciem-dalena-malinowy.html\" target=\"_blank\" class=\"button\">\r\nZobacz w sklepie\r\n<\/a>\r\n<\/div>\r\n<\/div><br class=\"clear\"\/>\r\n<\/div>\n<p><span style=\"font-weight: 400;\">Dlaczego warto? <\/span><a href=\"https:\/\/pakuten.pl\/122-sukienki-midi\"><span style=\"font-weight: 400;\">Sukienka midi<\/span><\/a><span style=\"font-weight: 400;\"> pozwala zachowa\u0107 profesjonalny wygl\u0105d, a jednocze\u015bnie wygl\u0105da niezwykle szykownie. To klasyczna opcja, kt\u00f3ra nigdy nie wychodzi z mody.<\/span><\/p>\n<h3><b>Ma\u0142a czarna z akcentem \u2013 klasyka z twistem<\/b><\/h3>\n<p><span style=\"font-weight: 400;\">Nie mo\u017cna zapomnie\u0107 o \u201ema\u0142ej czarnej\u201d \u2013 sukience, kt\u00f3ra pasuje na ka\u017cd\u0105 okazj\u0119. Aby nada\u0107 jej bardziej \u015bwi\u0105teczny charakter, wybierz model z delikatnymi zdobieniami, np. cekinami na r\u0119kawach, subteln\u0105 koronk\u0105 lub wi\u0105zaniem przy dekolcie. Taki subtelny detal sprawi, \u017ce sukienka nabierze \u015bwi\u0105tecznego blasku, nie trac\u0105c swojego klasycznego charakteru.<\/span><\/p>\n<p><span style=\"font-weight: 400;\">Dlaczego warto? <\/span><a href=\"https:\/\/pakuten.pl\/178-sukienki-czarne\"><span style=\"font-weight: 400;\">Ma\u0142a czarna<\/span><\/a><span style=\"font-weight: 400;\"> to bezpieczny wyb\u00f3r, ale dzi\u0119ki modnym akcentom mo\u017cesz nada\u0107 jej unikalny, niebanalny styl.<\/span><\/p>\n<p><br \/><div class=\"product-box-container\">\r\n<div class=\"one_third \" style=\"\">\r\n<div class=\"product-box\">\r\n<a href=\"https:\/\/pakuten.pl\/41675-87241-czarna-cekinowa-sukienka-z-wycieciem-na-plecach-kameronaa-czarny.html\" target=\"_blank\">\r\n <img src=\"https:\/\/media.pakuten.pl\/242451-large_default\/czarna-cekinowa-sukienka-z-wycieciem-na-plecach-kameronaa.jpg\" alt=\"Czarna cekinowa sukienka z wyci\u0119ciem na plecach Kameronaa\"\/>\r\n<\/a>\r\n<p>\r\n<a href=\"https:\/\/pakuten.pl\/41675-87241-czarna-cekinowa-sukienka-z-wycieciem-na-plecach-kameronaa-czarny.html\" target=\"_blank\">\r\nCzarna cekinowa sukienka z wyci\u0119ciem na plecach Kameronaa\r\n<\/a><\/p>\r\n  <p>Cena: 97,99\u00a0z\u0142<\/p>\r\n<a href=\"https:\/\/pakuten.pl\/41675-87241-czarna-cekinowa-sukienka-z-wycieciem-na-plecach-kameronaa-czarny.html\" target=\"_blank\" class=\"button\">\r\nZobacz w sklepie\r\n<\/a>\r\n<\/div>\r\n<\/div>\r\n<div class=\"one_third \" style=\"\">\r\n<div class=\"product-box\">\r\n<a href=\"https:\/\/pakuten.pl\/42113-87980-czarna-cekinowa-sukienka-z-wycieciem-na-plecach-tanica-czarny.html\" target=\"_blank\">\r\n  <img src=\"https:\/\/media.pakuten.pl\/244866-large_default\/czarna-cekinowa-sukienka-z-wycieciem-na-plecach-tanica.jpg\" alt=\"Czarna cekinowa sukienka z wyci\u0119ciem na plecach Tanica\"\/>\r\n<\/a>\r\n<p>\r\n<a href=\"https:\/\/pakuten.pl\/42113-87980-czarna-cekinowa-sukienka-z-wycieciem-na-plecach-tanica-czarny.html\" target=\"_blank\">\r\nCzarna cekinowa sukienka z wyci\u0119ciem na plecach Tanica\r\n<\/a><\/p>\r\n  <p>Cena: 97,99\u00a0z\u0142<\/p>\r\n<a href=\"https:\/\/pakuten.pl\/42113-87980-czarna-cekinowa-sukienka-z-wycieciem-na-plecach-tanica-czarny.html\" target=\"_blank\" class=\"button\">\r\nZobacz w sklepie\r\n<\/a>\r\n<\/div>\r\n<\/div>\r\n<div class=\"one_third last \" style=\"\">\r\n<div class=\"product-box\">\r\n<a href=\"https:\/\/pakuten.pl\/48235-97283-czarna-swetrowa-sukienka-z-ozdobnymi-guzikami-milteisha-czarny.html\" target=\"_blank\">\r\n  <img src=\"https:\/\/media.pakuten.pl\/275853-large_default\/czarna-swetrowa-sukienka-z-ozdobnymi-guzikami-milteisha.jpg\" alt=\"Czarna swetrowa sukienka z ozdobnymi guzikami Milteisha\"\/>\r\n<\/a>\r\n<p>\r\n<a href=\"https:\/\/pakuten.pl\/48235-97283-czarna-swetrowa-sukienka-z-ozdobnymi-guzikami-milteisha-czarny.html\" target=\"_blank\">\r\nCzarna swetrowa sukienka z ozdobnymi guzikami Milteisha\r\n<\/a><\/p>\r\n  <p>Cena: 49,82\u00a0z\u0142<\/p>\r\n<a href=\"https:\/\/pakuten.pl\/48235-97283-czarna-swetrowa-sukienka-z-ozdobnymi-guzikami-milteisha-czarny.html\" target=\"_blank\" class=\"button\">\r\nZobacz w sklepie\r\n<\/a>\r\n<\/div>\r\n<\/div><br class=\"clear\"\/>\r\n<\/div>\n<h2><b>Zimowe trendy na imprezy firmowe \u2013 jak podkre\u015bli\u0107 stylizacj\u0119 odpowiednim okryciem?<\/b><\/h2>\n<p>\u00a0<\/p>\n<p><span style=\"font-weight: 400;\">Wybieraj\u0105c stylizacj\u0119 na imprez\u0119 firmow\u0105, warto pomy\u015ble\u0107 r\u00f3wnie\u017c o odpowiednim okryciu wierzchnim, kt\u00f3re uzupe\u0142ni ca\u0142y look i zapewni komfort w ch\u0142odniejsze dni. Zim\u0105 \u015bwietnym rozwi\u0105zaniem b\u0119dzie elegancki p\u0142aszcz w klasycznym kolorze, takim jak czer\u0144, granat czy szaro\u015b\u0107 \u2013 to ponadczasowy wyb\u00f3r, kt\u00f3ry dodaje stylizacji klasy i jednocze\u015bnie chroni przed zimnem.\u00a0<\/span><\/p>\n<p><span style=\"font-weight: 400;\">Na bardziej formalne spotkania doskonale sprawdzi si\u0119 futrzana etola lub du\u017cy, elegancki szal, kt\u00f3ry doda szyku i wprowadzi nut\u0119 wieczorowej elegancji.\u00a0<\/span><\/p>\n<p><span style=\"font-weight: 400;\">Je\u015bli natomiast impreza ma mniej formalny charakter, mo\u017cna postawi\u0107 na oversize\u2019ow\u0105 marynark\u0119, kt\u00f3ra nada stylizacji nowoczesnego, modnego wygl\u0105du, zachowuj\u0105c przy tym profesjonalny ton.<\/span><\/p>\n<h2><b>Najcz\u0119stsze b\u0142\u0119dy w stylizacjach na imprezy firmowe<\/b><\/h2>\n<p><span style=\"font-weight: 400;\">Kiedy przygotowujesz si\u0119 na imprez\u0119 firmow\u0105, \u0142atwo o pomy\u0142k\u0119. Oto najcz\u0119stsze b\u0142\u0119dy, kt\u00f3rych warto unika\u0107:<\/span><\/p>\n<ul>\n<li style=\"font-weight: 400;\" aria-level=\"1\"><b>Zbyt odwa\u017cne kroje:<\/b><span style=\"font-weight: 400;\"> Upewnij si\u0119, \u017ce sukienka nie jest zbyt kr\u00f3tka lub obcis\u0142a. Impreza firmowa to nie jest miejsce na stylizacje wieczorowe czy mocno odkryte.<\/span><\/li>\n<li style=\"font-weight: 400;\" aria-level=\"1\"><b>Przesadna bi\u017cuteria:<\/b><span style=\"font-weight: 400;\"> Unikaj nadmiaru ozd\u00f3b. Zbyt bogata bi\u017cuteria mo\u017ce odci\u0105gn\u0105\u0107 uwag\u0119 od ca\u0142o\u015bci stylizacji.<\/span><\/li>\n<li style=\"font-weight: 400;\" aria-level=\"1\"><b>Brak sp\u00f3jno\u015bci:<\/b><span style=\"font-weight: 400;\"> Wybieraj\u0105c stylizacj\u0119, upewnij si\u0119, \u017ce ka\u017cdy element pasuje do reszty. Stawiaj na harmonijne po\u0142\u0105czenia<\/span><\/li>\n<\/ul>\n<h2><b>Ostateczna checklista przed wyj\u015bciem<\/b><\/h2>\n<p><span style=\"font-weight: 400;\">Zanim zamkniesz za sob\u0105 drzwi, odpowiedz na pi\u0119\u0107 pyta\u0144:<\/span><\/p>\n<ol>\n<li style=\"font-weight: 400;\" aria-level=\"1\"><span style=\"font-weight: 400;\">Czy m\u00f3j str\u00f3j jest zgodny z miejscem, pogod\u0105 i dress code&#8217;em?<\/span><\/li>\n<li style=\"font-weight: 400;\" aria-level=\"1\"><span style=\"font-weight: 400;\">Czy jest wystarczaj\u0105co wygodny, aby swobodnie si\u0119 porusza\u0107?<\/span><\/li>\n<li style=\"font-weight: 400;\" aria-level=\"1\"><span style=\"font-weight: 400;\">Czy nie jest zbyt swobodny ani zbyt wyzywaj\u0105cy?<\/span><\/li>\n<li style=\"font-weight: 400;\" aria-level=\"1\"><span style=\"font-weight: 400;\">Czy pasuje do kultury mojej firmy i bran\u017cy?<\/span><\/li>\n<li style=\"font-weight: 400;\" aria-level=\"1\"><span style=\"font-weight: 400;\">Czy czuj\u0119 si\u0119 w nim pewnie i profesjonalnie?<\/span><\/li>\n<\/ol>\n<p><span style=\"font-weight: 400;\">Stylizacje na imprezy firmowe powinny \u0142\u0105czy\u0107 elegancj\u0119 z umiarem i dopasowaniem do okazji. Wybieraj\u0105c sukienk\u0119, pami\u0119taj o stonowanych kolorach, odpowiedniej d\u0142ugo\u015bci oraz subtelnych dodatkach, kt\u00f3re podkre\u015bl\u0105 Tw\u00f3j profesjonalizm, ale dodadz\u0105 odrobin\u0119 \u015bwi\u0105tecznego blasku. W ten spos\u00f3b stworzysz stylizacj\u0119, kt\u00f3ra b\u0119dzie wywa\u017cona i elegancka, jednocze\u015bnie podkre\u015blaj\u0105c Twoj\u0105 osobowo\u015b\u0107.\u00a0<\/span><\/p>\n<p><span style=\"font-weight: 400;\">Dobrze dobrane okrycie wierzchnie i odpowiedni wyb\u00f3r dodatk\u00f3w mog\u0105 by\u0107 kluczowe, aby poczu\u0107 si\u0119 pewnie i stylowo podczas firmowego \u015bwi\u0119towania.<\/span><\/p>\n<h2><b>Kluczowe informacje<\/b><\/h2>\n<ul>\n<li style=\"font-weight: 400;\" aria-level=\"1\"><span style=\"font-weight: 400;\">Odpowiedni str\u00f3j na imprez\u0119 firmow\u0105 jest kluczowy dla budowania profesjonalnego wizerunku i \u015bwiadczy o szacunku dla okazji. Stanowi niewerbaln\u0105 komunikacj\u0119, odzwierciedlaj\u0105c\u0105 zrozumienie kultury organizacyjnej oraz podej\u015bcie do profesjonalizmu, wp\u0142ywaj\u0105c na pewno\u015b\u0107 siebie.<\/span><\/li>\n<li style=\"font-weight: 400;\" aria-level=\"1\"><span style=\"font-weight: 400;\">Wyb\u00f3r stylizacji powinien by\u0107 poprzedzony analiz\u0105 zaproszenia, obejmuj\u0105c\u0105 miejsce, charakter, por\u0119 dnia oraz rok wydarzenia. Kluczowe jest r\u00f3wnie\u017c uwzgl\u0119dnienie okre\u015blonego dress code&#8217;u oraz panuj\u0105cej kultury organizacyjnej firmy.<\/span><\/li>\n<li style=\"font-weight: 400;\" aria-level=\"1\"><span style=\"font-weight: 400;\">Nale\u017cy zna\u0107 i prawid\u0142owo interpretowa\u0107 terminy okre\u015blaj\u0105ce dress code, takie jak &#8222;Black Tie&#8221; (najwy\u017csza formalno\u015b\u0107), &#8222;Cocktail Attire&#8221; (p\u00f3\u0142formalny styl) czy &#8222;Smart Casual&#8221; (sportowa elegancja), aby unikn\u0105\u0107 modowych faux pas.<\/span><\/li>\n<li style=\"font-weight: 400;\" aria-level=\"1\"><span style=\"font-weight: 400;\">Stylizacja musi by\u0107 precyzyjnie dopasowana do formatu wydarzenia, od uroczystej gali wymagaj\u0105cej smokingu i d\u0142ugiej sukni, po lu\u017any piknik, gdzie akceptowalne s\u0105 lniane spodnie czy sukienki maxi.<\/span><\/li>\n<li style=\"font-weight: 400;\" aria-level=\"1\"><span style=\"font-weight: 400;\">Ca\u0142o\u015b\u0107 wizerunku dope\u0142niaj\u0105 subtelne dodatki, schludna fryzura i makija\u017c, oraz umiarkowane u\u017cycie perfum. Nale\u017cy kategorycznie unika\u0107 ubra\u0144 wyzywaj\u0105cych, znoszonych, czy typowo sportowych, kt\u00f3re obni\u017caj\u0105 profesjonalizm.<\/span><\/li>\n<\/ul>\n\n\n<div class=\"kk-star-ratings kksr-auto kksr-align-right kksr-valign-bottom\"\n    data-payload='{&quot;align&quot;:&quot;right&quot;,&quot;id&quot;:&quot;9259&quot;,&quot;slug&quot;:&quot;default&quot;,&quot;valign&quot;:&quot;bottom&quot;,&quot;ignore&quot;:&quot;&quot;,&quot;reference&quot;:&quot;auto&quot;,&quot;class&quot;:&quot;&quot;,&quot;count&quot;:&quot;1&quot;,&quot;legendonly&quot;:&quot;&quot;,&quot;readonly&quot;:&quot;&quot;,&quot;score&quot;:&quot;5&quot;,&quot;starsonly&quot;:&quot;&quot;,&quot;best&quot;:&quot;5&quot;,&quot;gap&quot;:&quot;5&quot;,&quot;greet&quot;:&quot;Rate this post&quot;,&quot;legend&quot;:&quot;5\\\/5 - (1 vote)&quot;,&quot;size&quot;:&quot;24&quot;,&quot;width&quot;:&quot;142.5&quot;,&quot;_legend&quot;:&quot;{score}\\\/{best} - ({count} {votes})&quot;,&quot;font_factor&quot;:&quot;1.25&quot;}'>\n            \n<div class=\"kksr-stars\">\n    \n<div class=\"kksr-stars-inactive\">\n            <div class=\"kksr-star\" data-star=\"1\" style=\"padding-right: 5px\">\n            \n\n<div class=\"kksr-icon\" style=\"width: 24px; height: 24px;\"><\/div>\n        <\/div>\n            <div class=\"kksr-star\" data-star=\"2\" style=\"padding-right: 5px\">\n            \n\n<div class=\"kksr-icon\" style=\"width: 24px; height: 24px;\"><\/div>\n        <\/div>\n            <div class=\"kksr-star\" data-star=\"3\" style=\"padding-right: 5px\">\n            \n\n<div class=\"kksr-icon\" style=\"width: 24px; height: 24px;\"><\/div>\n        <\/div>\n            <div class=\"kksr-star\" data-star=\"4\" style=\"padding-right: 5px\">\n            \n\n<div class=\"kksr-icon\" style=\"width: 24px; height: 24px;\"><\/div>\n        <\/div>\n            <div class=\"kksr-star\" data-star=\"5\" style=\"padding-right: 5px\">\n            \n\n<div class=\"kksr-icon\" style=\"width: 24px; height: 24px;\"><\/div>\n        <\/div>\n    <\/div>\n    \n<div class=\"kksr-stars-active\" style=\"width: 142.5px;\">\n            <div class=\"kksr-star\" style=\"padding-right: 5px\">\n            \n\n<div class=\"kksr-icon\" style=\"width: 24px; height: 24px;\"><\/div>\n        <\/div>\n            <div class=\"kksr-star\" style=\"padding-right: 5px\">\n            \n\n<div class=\"kksr-icon\" style=\"width: 24px; height: 24px;\"><\/div>\n        <\/div>\n            <div class=\"kksr-star\" style=\"padding-right: 5px\">\n            \n\n<div class=\"kksr-icon\" style=\"width: 24px; height: 24px;\"><\/div>\n        <\/div>\n            <div class=\"kksr-star\" style=\"padding-right: 5px\">\n            \n\n<div class=\"kksr-icon\" style=\"width: 24px; height: 24px;\"><\/div>\n        <\/div>\n            <div class=\"kksr-star\" style=\"padding-right: 5px\">\n            \n\n<div class=\"kksr-icon\" style=\"width: 24px; height: 24px;\"><\/div>\n        <\/div>\n    <\/div>\n<\/div>\n                \n\n<div class=\"kksr-legend\" style=\"font-size: 19.2px;\">\n            5\/5 - (1 vote)    <\/div>\n    <\/div>\n","protected":false},"excerpt":{"rendered":"<p class=\"p1\" style=\"margin: 0px; font-variant-numeric: normal; font-variant-east-asian: normal; font-variant-alternates: normal; font-size-adjust: none; font-kerning: auto; font-optical-sizing: auto; font-feature-settings: normal; font-variation-settings: normal; font-variant-position: normal; font-stretch: normal; font-size: 12px; line-height: normal; font-family: 'Helvetica Neue'; color: #000000;\">Imprezy firmowe to wyj\u0105tkowa okazja, by po\u0142\u0105czy\u0107 profesjonalny wygl\u0105d z nut\u0105 \u015bwi\u0105tecznego luzu. W okresie zimowym, gdy coraz cz\u0119\u015bciej odbywaj\u0105 si\u0119 spotkania integracyjne, \u015bwi\u0105teczne przyj\u0119cia czy wigilie firmowe, wiele os\u00f3b zastanawia si\u0119, jak si\u0119 ubra\u0107, aby wygl\u0105da\u0107 elegancko i profesjonalnie, a jednocze\u015bnie doda\u0107 stylizacji odrobin\u0119 szale\u0144stwa, kt\u00f3ra nada jej wyj\u0105tkowego charakteru. Niezale\u017cnie od bran\u017cy, w kt\u00f3rej pracujesz, istniej\u0105 uniwersalne zasady, kt\u00f3re pozwol\u0105 Ci stworzy\u0107 stylizacj\u0119 odpowiedni\u0105 na imprez\u0119 firmow\u0105. Zobacz nasze propozycje i inspiracje, kt\u00f3re pomog\u0105 Ci zab\u0142ysn\u0105\u0107!<\/p>\n","protected":false},"author":3,"featured_media":9267,"comment_status":"open","ping_status":"open","sticky":false,"template":"","format":"standard","meta":[],"categories":[5],"tags":[],"yoast_head":"<!-- This site is optimized with the Yoast SEO plugin v18.4.1 - https:\/\/yoast.com\/wordpress\/plugins\/seo\/ -->\n<title>Jak si\u0119 ubra\u0107 na imprez\u0119 firmow\u0105? Kompletny przewodnik po stylizacjach - Pakuten blog<\/title>\n<meta name=\"description\" content=\"Eleganckie stylizacje na zimowe imprezy firmowe \u2013 jak wygl\u0105da\u0107 profesjonalnie i stylowo na przyj\u0119ciach \u015bwi\u0105tecznych i spotkaniach w pracy?\" \/>\n<meta name=\"robots\" content=\"index, follow, max-snippet:-1, max-image-preview:large, max-video-preview:-1\" \/>\n<link rel=\"canonical\" href=\"https:\/\/pakuten.pl\/blog\/imprezy-firmowe-jak-sie-ubrac-aby-wygladac-profesjonalnie-ale-stylowo\/\" \/>\n<meta property=\"og:locale\" content=\"pl_PL\" \/>\n<meta property=\"og:type\" content=\"article\" \/>\n<meta property=\"og:title\" content=\"Jak si\u0119 ubra\u0107 na imprez\u0119 firmow\u0105? Kompletny przewodnik po stylizacjach - Pakuten blog\" \/>\n<meta property=\"og:description\" content=\"Eleganckie stylizacje na zimowe imprezy firmowe \u2013 jak wygl\u0105da\u0107 profesjonalnie i stylowo na przyj\u0119ciach \u015bwi\u0105tecznych i spotkaniach w pracy?\" \/>\n<meta property=\"og:url\" content=\"https:\/\/pakuten.pl\/blog\/imprezy-firmowe-jak-sie-ubrac-aby-wygladac-profesjonalnie-ale-stylowo\/\" \/>\n<meta property=\"og:site_name\" content=\"Pakuten blog\" \/>\n<meta property=\"article:published_time\" content=\"2025-11-04T13:02:00+00:00\" \/>\n<meta property=\"article:modified_time\" content=\"2025-11-05T09:31:45+00:00\" \/>\n<meta property=\"og:image\" content=\"https:\/\/pakuten.pl\/blog\/wp-content\/uploads\/2024\/11\/Imprezy-firmowe.png\" \/>\n\t<meta property=\"og:image:width\" content=\"1280\" \/>\n\t<meta property=\"og:image:height\" content=\"853\" \/>\n\t<meta property=\"og:image:type\" content=\"image\/png\" \/>\n<meta name=\"twitter:card\" content=\"summary_large_image\" \/>\n<meta name=\"twitter:label1\" content=\"Napisane przez\" \/>\n\t<meta name=\"twitter:data1\" content=\"Pakuten Girl\" \/>\n\t<meta name=\"twitter:label2\" content=\"Szacowany czas czytania\" \/>\n\t<meta name=\"twitter:data2\" content=\"7 minut\" \/>\n<script type=\"application\/ld+json\" class=\"yoast-schema-graph\">{\"@context\":\"https:\/\/schema.org\",\"@graph\":[{\"@type\":\"Organization\",\"@id\":\"https:\/\/pakuten.pl\/blog\/#organization\",\"name\":\"Pakuten\",\"url\":\"https:\/\/pakuten.pl\/blog\/\",\"sameAs\":[],\"logo\":{\"@type\":\"ImageObject\",\"@id\":\"https:\/\/pakuten.pl\/blog\/#logo\",\"inLanguage\":\"pl-PL\",\"url\":\"http:\/\/pakuten.pl\/blog\/wp-content\/uploads\/2018\/01\/pakuten_logo.png\",\"contentUrl\":\"http:\/\/pakuten.pl\/blog\/wp-content\/uploads\/2018\/01\/pakuten_logo.png\",\"width\":300,\"height\":120,\"caption\":\"Pakuten\"},\"image\":{\"@id\":\"https:\/\/pakuten.pl\/blog\/#logo\"}},{\"@type\":\"WebSite\",\"@id\":\"https:\/\/pakuten.pl\/blog\/#website\",\"url\":\"https:\/\/pakuten.pl\/blog\/\",\"name\":\"Pakuten blog\",\"description\":\"Blog sklepu internetowego pakuten.pl\",\"publisher\":{\"@id\":\"https:\/\/pakuten.pl\/blog\/#organization\"},\"potentialAction\":[{\"@type\":\"SearchAction\",\"target\":{\"@type\":\"EntryPoint\",\"urlTemplate\":\"https:\/\/pakuten.pl\/blog\/?s={search_term_string}\"},\"query-input\":\"required name=search_term_string\"}],\"inLanguage\":\"pl-PL\"},{\"@type\":\"ImageObject\",\"@id\":\"https:\/\/pakuten.pl\/blog\/imprezy-firmowe-jak-sie-ubrac-aby-wygladac-profesjonalnie-ale-stylowo\/#primaryimage\",\"inLanguage\":\"pl-PL\",\"url\":\"https:\/\/pakuten.pl\/blog\/wp-content\/uploads\/2024\/11\/Imprezy-firmowe.png\",\"contentUrl\":\"https:\/\/pakuten.pl\/blog\/wp-content\/uploads\/2024\/11\/Imprezy-firmowe.png\",\"width\":1280,\"height\":853,\"caption\":\"Imprezy firmowe\"},{\"@type\":\"WebPage\",\"@id\":\"https:\/\/pakuten.pl\/blog\/imprezy-firmowe-jak-sie-ubrac-aby-wygladac-profesjonalnie-ale-stylowo\/#webpage\",\"url\":\"https:\/\/pakuten.pl\/blog\/imprezy-firmowe-jak-sie-ubrac-aby-wygladac-profesjonalnie-ale-stylowo\/\",\"name\":\"Jak si\u0119 ubra\u0107 na imprez\u0119 firmow\u0105? Kompletny przewodnik po stylizacjach - Pakuten blog\",\"isPartOf\":{\"@id\":\"https:\/\/pakuten.pl\/blog\/#website\"},\"primaryImageOfPage\":{\"@id\":\"https:\/\/pakuten.pl\/blog\/imprezy-firmowe-jak-sie-ubrac-aby-wygladac-profesjonalnie-ale-stylowo\/#primaryimage\"},\"datePublished\":\"2025-11-04T13:02:00+00:00\",\"dateModified\":\"2025-11-05T09:31:45+00:00\",\"description\":\"Eleganckie stylizacje na zimowe imprezy firmowe \u2013 jak wygl\u0105da\u0107 profesjonalnie i stylowo na przyj\u0119ciach \u015bwi\u0105tecznych i spotkaniach w pracy?\",\"breadcrumb\":{\"@id\":\"https:\/\/pakuten.pl\/blog\/imprezy-firmowe-jak-sie-ubrac-aby-wygladac-profesjonalnie-ale-stylowo\/#breadcrumb\"},\"inLanguage\":\"pl-PL\",\"potentialAction\":[{\"@type\":\"ReadAction\",\"target\":[\"https:\/\/pakuten.pl\/blog\/imprezy-firmowe-jak-sie-ubrac-aby-wygladac-profesjonalnie-ale-stylowo\/\"]}]},{\"@type\":\"BreadcrumbList\",\"@id\":\"https:\/\/pakuten.pl\/blog\/imprezy-firmowe-jak-sie-ubrac-aby-wygladac-profesjonalnie-ale-stylowo\/#breadcrumb\",\"itemListElement\":[{\"@type\":\"ListItem\",\"position\":1,\"name\":\"Strona g\u0142\u00f3wna\",\"item\":\"https:\/\/pakuten.pl\/blog\/\"},{\"@type\":\"ListItem\",\"position\":2,\"name\":\"Jak si\u0119 ubra\u0107 na imprez\u0119 firmow\u0105? Kompletny przewodnik po stylizacjach\"}]},{\"@type\":\"Article\",\"@id\":\"https:\/\/pakuten.pl\/blog\/imprezy-firmowe-jak-sie-ubrac-aby-wygladac-profesjonalnie-ale-stylowo\/#article\",\"isPartOf\":{\"@id\":\"https:\/\/pakuten.pl\/blog\/imprezy-firmowe-jak-sie-ubrac-aby-wygladac-profesjonalnie-ale-stylowo\/#webpage\"},\"author\":{\"@id\":\"https:\/\/pakuten.pl\/blog\/#\/schema\/person\/d7133af30211381a4e4536d088384556\"},\"headline\":\"Jak si\u0119 ubra\u0107 na imprez\u0119 firmow\u0105? Kompletny przewodnik po stylizacjach\",\"datePublished\":\"2025-11-04T13:02:00+00:00\",\"dateModified\":\"2025-11-05T09:31:45+00:00\",\"mainEntityOfPage\":{\"@id\":\"https:\/\/pakuten.pl\/blog\/imprezy-firmowe-jak-sie-ubrac-aby-wygladac-profesjonalnie-ale-stylowo\/#webpage\"},\"wordCount\":1221,\"commentCount\":0,\"publisher\":{\"@id\":\"https:\/\/pakuten.pl\/blog\/#organization\"},\"image\":{\"@id\":\"https:\/\/pakuten.pl\/blog\/imprezy-firmowe-jak-sie-ubrac-aby-wygladac-profesjonalnie-ale-stylowo\/#primaryimage\"},\"thumbnailUrl\":\"https:\/\/pakuten.pl\/blog\/wp-content\/uploads\/2024\/11\/Imprezy-firmowe.png\",\"articleSection\":[\"Inspirations\"],\"inLanguage\":\"pl-PL\",\"potentialAction\":[{\"@type\":\"CommentAction\",\"name\":\"Comment\",\"target\":[\"https:\/\/pakuten.pl\/blog\/imprezy-firmowe-jak-sie-ubrac-aby-wygladac-profesjonalnie-ale-stylowo\/#respond\"]}]},{\"@type\":\"Person\",\"@id\":\"https:\/\/pakuten.pl\/blog\/#\/schema\/person\/d7133af30211381a4e4536d088384556\",\"name\":\"Pakuten Girl\",\"image\":{\"@type\":\"ImageObject\",\"@id\":\"https:\/\/pakuten.pl\/blog\/#personlogo\",\"inLanguage\":\"pl-PL\",\"url\":\"https:\/\/secure.gravatar.com\/avatar\/d3df41de2caf92e6cfded9430c2ff352?s=96&d=mm&r=g\",\"contentUrl\":\"https:\/\/secure.gravatar.com\/avatar\/d3df41de2caf92e6cfded9430c2ff352?s=96&d=mm&r=g\",\"caption\":\"Pakuten Girl\"},\"description\":\"Cze\u015b\u0107, nazywam si\u0119 Ola. Kocham Netflixa, sals\u0119, nowo\u015bci kosmetyczne i najnowsze trendy w modzie.\",\"url\":\"https:\/\/pakuten.pl\/blog\/author\/pakuten-girl\/\"}]}<\/script>\n<!-- \/ Yoast SEO plugin. -->","yoast_head_json":{"title":"Jak si\u0119 ubra\u0107 na imprez\u0119 firmow\u0105? Kompletny przewodnik po stylizacjach - Pakuten blog","description":"Eleganckie stylizacje na zimowe imprezy firmowe \u2013 jak wygl\u0105da\u0107 profesjonalnie i stylowo na przyj\u0119ciach \u015bwi\u0105tecznych i spotkaniach w pracy?","robots":{"index":"index","follow":"follow","max-snippet":"max-snippet:-1","max-image-preview":"max-image-preview:large","max-video-preview":"max-video-preview:-1"},"canonical":"https:\/\/pakuten.pl\/blog\/imprezy-firmowe-jak-sie-ubrac-aby-wygladac-profesjonalnie-ale-stylowo\/","og_locale":"pl_PL","og_type":"article","og_title":"Jak si\u0119 ubra\u0107 na imprez\u0119 firmow\u0105? Kompletny przewodnik po stylizacjach - Pakuten blog","og_description":"Eleganckie stylizacje na zimowe imprezy firmowe \u2013 jak wygl\u0105da\u0107 profesjonalnie i stylowo na przyj\u0119ciach \u015bwi\u0105tecznych i spotkaniach w pracy?","og_url":"https:\/\/pakuten.pl\/blog\/imprezy-firmowe-jak-sie-ubrac-aby-wygladac-profesjonalnie-ale-stylowo\/","og_site_name":"Pakuten blog","article_published_time":"2025-11-04T13:02:00+00:00","article_modified_time":"2025-11-05T09:31:45+00:00","og_image":[{"width":1280,"height":853,"url":"https:\/\/pakuten.pl\/blog\/wp-content\/uploads\/2024\/11\/Imprezy-firmowe.png","type":"image\/png"}],"twitter_card":"summary_large_image","twitter_misc":{"Napisane przez":"Pakuten Girl","Szacowany czas czytania":"7 minut"},"schema":{"@context":"https:\/\/schema.org","@graph":[{"@type":"Organization","@id":"https:\/\/pakuten.pl\/blog\/#organization","name":"Pakuten","url":"https:\/\/pakuten.pl\/blog\/","sameAs":[],"logo":{"@type":"ImageObject","@id":"https:\/\/pakuten.pl\/blog\/#logo","inLanguage":"pl-PL","url":"http:\/\/pakuten.pl\/blog\/wp-content\/uploads\/2018\/01\/pakuten_logo.png","contentUrl":"http:\/\/pakuten.pl\/blog\/wp-content\/uploads\/2018\/01\/pakuten_logo.png","width":300,"height":120,"caption":"Pakuten"},"image":{"@id":"https:\/\/pakuten.pl\/blog\/#logo"}},{"@type":"WebSite","@id":"https:\/\/pakuten.pl\/blog\/#website","url":"https:\/\/pakuten.pl\/blog\/","name":"Pakuten blog","description":"Blog sklepu internetowego pakuten.pl","publisher":{"@id":"https:\/\/pakuten.pl\/blog\/#organization"},"potentialAction":[{"@type":"SearchAction","target":{"@type":"EntryPoint","urlTemplate":"https:\/\/pakuten.pl\/blog\/?s={search_term_string}"},"query-input":"required name=search_term_string"}],"inLanguage":"pl-PL"},{"@type":"ImageObject","@id":"https:\/\/pakuten.pl\/blog\/imprezy-firmowe-jak-sie-ubrac-aby-wygladac-profesjonalnie-ale-stylowo\/#primaryimage","inLanguage":"pl-PL","url":"https:\/\/pakuten.pl\/blog\/wp-content\/uploads\/2024\/11\/Imprezy-firmowe.png","contentUrl":"https:\/\/pakuten.pl\/blog\/wp-content\/uploads\/2024\/11\/Imprezy-firmowe.png","width":1280,"height":853,"caption":"Imprezy firmowe"},{"@type":"WebPage","@id":"https:\/\/pakuten.pl\/blog\/imprezy-firmowe-jak-sie-ubrac-aby-wygladac-profesjonalnie-ale-stylowo\/#webpage","url":"https:\/\/pakuten.pl\/blog\/imprezy-firmowe-jak-sie-ubrac-aby-wygladac-profesjonalnie-ale-stylowo\/","name":"Jak si\u0119 ubra\u0107 na imprez\u0119 firmow\u0105? Kompletny przewodnik po stylizacjach - Pakuten blog","isPartOf":{"@id":"https:\/\/pakuten.pl\/blog\/#website"},"primaryImageOfPage":{"@id":"https:\/\/pakuten.pl\/blog\/imprezy-firmowe-jak-sie-ubrac-aby-wygladac-profesjonalnie-ale-stylowo\/#primaryimage"},"datePublished":"2025-11-04T13:02:00+00:00","dateModified":"2025-11-05T09:31:45+00:00","description":"Eleganckie stylizacje na zimowe imprezy firmowe \u2013 jak wygl\u0105da\u0107 profesjonalnie i stylowo na przyj\u0119ciach \u015bwi\u0105tecznych i spotkaniach w pracy?","breadcrumb":{"@id":"https:\/\/pakuten.pl\/blog\/imprezy-firmowe-jak-sie-ubrac-aby-wygladac-profesjonalnie-ale-stylowo\/#breadcrumb"},"inLanguage":"pl-PL","potentialAction":[{"@type":"ReadAction","target":["https:\/\/pakuten.pl\/blog\/imprezy-firmowe-jak-sie-ubrac-aby-wygladac-profesjonalnie-ale-stylowo\/"]}]},{"@type":"BreadcrumbList","@id":"https:\/\/pakuten.pl\/blog\/imprezy-firmowe-jak-sie-ubrac-aby-wygladac-profesjonalnie-ale-stylowo\/#breadcrumb","itemListElement":[{"@type":"ListItem","position":1,"name":"Strona g\u0142\u00f3wna","item":"https:\/\/pakuten.pl\/blog\/"},{"@type":"ListItem","position":2,"name":"Jak si\u0119 ubra\u0107 na imprez\u0119 firmow\u0105? Kompletny przewodnik po stylizacjach"}]},{"@type":"Article","@id":"https:\/\/pakuten.pl\/blog\/imprezy-firmowe-jak-sie-ubrac-aby-wygladac-profesjonalnie-ale-stylowo\/#article","isPartOf":{"@id":"https:\/\/pakuten.pl\/blog\/imprezy-firmowe-jak-sie-ubrac-aby-wygladac-profesjonalnie-ale-stylowo\/#webpage"},"author":{"@id":"https:\/\/pakuten.pl\/blog\/#\/schema\/person\/d7133af30211381a4e4536d088384556"},"headline":"Jak si\u0119 ubra\u0107 na imprez\u0119 firmow\u0105? Kompletny przewodnik po stylizacjach","datePublished":"2025-11-04T13:02:00+00:00","dateModified":"2025-11-05T09:31:45+00:00","mainEntityOfPage":{"@id":"https:\/\/pakuten.pl\/blog\/imprezy-firmowe-jak-sie-ubrac-aby-wygladac-profesjonalnie-ale-stylowo\/#webpage"},"wordCount":1221,"commentCount":0,"publisher":{"@id":"https:\/\/pakuten.pl\/blog\/#organization"},"image":{"@id":"https:\/\/pakuten.pl\/blog\/imprezy-firmowe-jak-sie-ubrac-aby-wygladac-profesjonalnie-ale-stylowo\/#primaryimage"},"thumbnailUrl":"https:\/\/pakuten.pl\/blog\/wp-content\/uploads\/2024\/11\/Imprezy-firmowe.png","articleSection":["Inspirations"],"inLanguage":"pl-PL","potentialAction":[{"@type":"CommentAction","name":"Comment","target":["https:\/\/pakuten.pl\/blog\/imprezy-firmowe-jak-sie-ubrac-aby-wygladac-profesjonalnie-ale-stylowo\/#respond"]}]},{"@type":"Person","@id":"https:\/\/pakuten.pl\/blog\/#\/schema\/person\/d7133af30211381a4e4536d088384556","name":"Pakuten Girl","image":{"@type":"ImageObject","@id":"https:\/\/pakuten.pl\/blog\/#personlogo","inLanguage":"pl-PL","url":"https:\/\/secure.gravatar.com\/avatar\/d3df41de2caf92e6cfded9430c2ff352?s=96&d=mm&r=g","contentUrl":"https:\/\/secure.gravatar.com\/avatar\/d3df41de2caf92e6cfded9430c2ff352?s=96&d=mm&r=g","caption":"Pakuten Girl"},"description":"Cze\u015b\u0107, nazywam si\u0119 Ola. Kocham Netflixa, sals\u0119, nowo\u015bci kosmetyczne i najnowsze trendy w modzie.","url":"https:\/\/pakuten.pl\/blog\/author\/pakuten-girl\/"}]}},"_links":{"self":[{"href":"https:\/\/pakuten.pl\/blog\/wp-json\/wp\/v2\/posts\/9259"}],"collection":[{"href":"https:\/\/pakuten.pl\/blog\/wp-json\/wp\/v2\/posts"}],"about":[{"href":"https:\/\/pakuten.pl\/blog\/wp-json\/wp\/v2\/types\/post"}],"author":[{"embeddable":true,"href":"https:\/\/pakuten.pl\/blog\/wp-json\/wp\/v2\/users\/3"}],"replies":[{"embeddable":true,"href":"https:\/\/pakuten.pl\/blog\/wp-json\/wp\/v2\/comments?post=9259"}],"version-history":[{"count":9,"href":"https:\/\/pakuten.pl\/blog\/wp-json\/wp\/v2\/posts\/9259\/revisions"}],"predecessor-version":[{"id":10452,"href":"https:\/\/pakuten.pl\/blog\/wp-json\/wp\/v2\/posts\/9259\/revisions\/10452"}],"wp:featuredmedia":[{"embeddable":true,"href":"https:\/\/pakuten.pl\/blog\/wp-json\/wp\/v2\/media\/9267"}],"wp:attachment":[{"href":"https:\/\/pakuten.pl\/blog\/wp-json\/wp\/v2\/media?parent=9259"}],"wp:term":[{"taxonomy":"category","embeddable":true,"href":"https:\/\/pakuten.pl\/blog\/wp-json\/wp\/v2\/categories?post=9259"},{"taxonomy":"post_tag","embeddable":true,"href":"https:\/\/pakuten.pl\/blog\/wp-json\/wp\/v2\/tags?post=9259"}],"curies":[{"name":"wp","href":"https:\/\/api.w.org\/{rel}","templated":true}]}}