{"id":9638,"date":"2025-02-28T12:42:40","date_gmt":"2025-02-28T11:42:40","guid":{"rendered":"https:\/\/pakuten.pl\/blog\/?p=9638"},"modified":"2025-02-28T12:42:41","modified_gmt":"2025-02-28T11:42:41","slug":"stylizacje-na-pierwsze-cieplejsze-dni-jak-ubrac-sie-modnie-i-nie-zmarznac","status":"publish","type":"post","link":"https:\/\/pakuten.pl\/blog\/stylizacje-na-pierwsze-cieplejsze-dni-jak-ubrac-sie-modnie-i-nie-zmarznac\/","title":{"rendered":"Stylizacje na pierwsze cieplejsze dni \u2013 jak ubra\u0107 si\u0119 modnie i nie zmarzn\u0105\u0107?"},"content":{"rendered":"\n<p class=\"p1\"><strong>Pierwsze cieplejsze dni zach\u0119caj\u0105 do l\u017cejszych stylizacji, ale pogoda bywa kapry\u015bna. Jak ubra\u0107 si\u0119 modnie, a jednocze\u015bnie nie zmarzn\u0105\u0107? Wiosenna aura potrafi zaskoczy\u0107 \u2013 rano ch\u0142odno, w po\u0142udnie ciep\u0142o, a wieczorem zn\u00f3w zimno. W\u0142a\u015bnie dlatego warto postawi\u0107 na warstwowe stylizacje, odpowiednie tkaniny i modne dodatki. Sprawd\u017a nasze propozycje i ciesz si\u0119 komfortem, niezale\u017cnie od temperatury.<\/strong><\/p>\n<h2 class=\"p1\"><span style=\"color: #ff9900;\"><b>Stylizacje na pierwsze cieplejsze dni \u2013 warstwowy must-have<\/b><\/span><\/h2>\n<p class=\"p1\">Ubieranie si\u0119 na cebulk\u0119 to klucz do wygody. Wiosn\u0105 temperatury cz\u0119sto si\u0119 zmieniaj\u0105, dlatego warto mie\u0107 kilka lekkich warstw, kt\u00f3re mo\u017cna \u0142atwo zdj\u0105\u0107 lub za\u0142o\u017cy\u0107.<\/p>\n<p class=\"p1\">Co sprawdzi si\u0119 najlepiej?<\/p>\n<p><b>Koszulki basic<\/b> \u2013 idealna baza, kt\u00f3r\u0105 \u0142atwo zestawi\u0107 z innymi elementami garderoby.<\/p>\n<p><b>Cienkie swetry i kardigany<\/b> \u2013 dodaj\u0105 ciep\u0142a, ale nie s\u0105 przyt\u0142aczaj\u0105ce.<\/p>\n<p><b>Marynarki i lekkie p\u0142aszcze<\/b> \u2013 stylowe, uniwersalne i ponadczasowe.<\/p>\n<p><b>Kamizelki<\/b> \u2013 \u015bwietnie izoluj\u0105 i dodaj\u0105 charakteru stylizacji.<\/p>\n<p class=\"p1\">Dzi\u0119ki warstwowym stylizacjom mo\u017cesz kontrolowa\u0107 sw\u00f3j komfort termiczny przez ca\u0142y dzie\u0144. To sprawdzony spos\u00f3b, aby wygl\u0105da\u0107 modnie i czu\u0107 si\u0119 wygodnie.<\/p>\n<div class=\"product-box-container\">\r\n<div class=\"one_third \" style=\"\">\r\n<div class=\"product-box\">\r\n<a href=\"https:\/\/pakuten.pl\/43261-89901-ciemnobezowa-koszulka-na-krotki-rekaw-z-ozdobnym-nadrukiem-kornekia-ciemnobezowy.html\" target=\"_blank\">\r\n <img src=\"https:\/\/media.pakuten.pl\/251230-large_default\/ciemnobezowa-koszulka-na-krotki-rekaw-z-ozdobnym-nadrukiem-kornekia.jpg\" alt=\"Ciemnobe\u017cowa koszulka na kr\u00f3tki r\u0119kaw z ozdobnym nadrukiem Kornekia\"\/>\r\n<\/a>\r\n<p>\r\n<a href=\"https:\/\/pakuten.pl\/43261-89901-ciemnobezowa-koszulka-na-krotki-rekaw-z-ozdobnym-nadrukiem-kornekia-ciemnobezowy.html\" target=\"_blank\">\r\nCiemnobe\u017cowa koszulka na kr\u00f3tki r\u0119kaw z ozdobnym nadrukiem Kornekia\r\n<\/a><\/p>\r\n  <p>Cena: 19,99\u00a0z\u0142<\/p>\r\n<a href=\"https:\/\/pakuten.pl\/43261-89901-ciemnobezowa-koszulka-na-krotki-rekaw-z-ozdobnym-nadrukiem-kornekia-ciemnobezowy.html\" target=\"_blank\" class=\"button\">\r\nZobacz w sklepie\r\n<\/a>\r\n<\/div>\r\n<\/div>\r\n<div class=\"one_third \" style=\"\">\r\n<div class=\"product-box\">\r\n<a href=\"https:\/\/pakuten.pl\/43897-90700-bezowa-lekka-kurtka-z-imitacji-zamszu-livvy-bezowy.html\" target=\"_blank\">\r\n  <img src=\"https:\/\/media.pakuten.pl\/254485-large_default\/bezowa-lekka-kurtka-z-imitacji-zamszu-livvy.jpg\" alt=\"Be\u017cowa lekka kurtka z imitacji zamszu Livvy\"\/>\r\n<\/a>\r\n<p>\r\n<a href=\"https:\/\/pakuten.pl\/43897-90700-bezowa-lekka-kurtka-z-imitacji-zamszu-livvy-bezowy.html\" target=\"_blank\">\r\nBe\u017cowa lekka kurtka z imitacji zamszu Livvy\r\n<\/a><\/p>\r\n  <p>Cena: 39,99\u00a0z\u0142<\/p>\r\n<a href=\"https:\/\/pakuten.pl\/43897-90700-bezowa-lekka-kurtka-z-imitacji-zamszu-livvy-bezowy.html\" target=\"_blank\" class=\"button\">\r\nZobacz w sklepie\r\n<\/a>\r\n<\/div>\r\n<\/div>\r\n<div class=\"one_third last \" style=\"\">\r\n<div class=\"product-box\">\r\n<a href=\"https:\/\/pakuten.pl\/43613-90337-bananowy-dlugi-kardigan-taydem-bananowy.html\" target=\"_blank\">\r\n  <img src=\"https:\/\/media.pakuten.pl\/253044-large_default\/bananowy-dlugi-kardigan-taydem.jpg\" alt=\"Bananowy d\u0142ugi kardigan Taydem\"\/>\r\n<\/a>\r\n<p>\r\n<a href=\"https:\/\/pakuten.pl\/43613-90337-bananowy-dlugi-kardigan-taydem-bananowy.html\" target=\"_blank\">\r\nBananowy d\u0142ugi kardigan Taydem\r\n<\/a><\/p>\r\n  <p>Cena: 146,99\u00a0z\u0142<\/p>\r\n<a href=\"https:\/\/pakuten.pl\/43613-90337-bananowy-dlugi-kardigan-taydem-bananowy.html\" target=\"_blank\" class=\"button\">\r\nZobacz w sklepie\r\n<\/a>\r\n<\/div>\r\n<\/div><br class=\"clear\"\/>\r\n<\/div>\n<h2 class=\"p1\"><span style=\"color: #ff9900;\"><b>Wiosenne sukienki na d\u0142ugi r\u0119kaw \u2013 kobieco\u015b\u0107 i komfort w jednym<\/b><\/span><\/h2>\n<p class=\"p1\">Wiosna to idealny czas na sukienki, ale poranki bywaj\u0105 jeszcze ch\u0142odne. W\u0142a\u015bnie dlatego <span style=\"color: #ff9900;\"><a style=\"color: #ff9900;\" href=\"https:\/\/pakuten.pl\/192-sukienki-z-dlugim-rekawem\" target=\"_blank\" rel=\"noopener\"><b>sukienki na d\u0142ugi r\u0119kaw<\/b><\/a><\/span> s\u0105 doskona\u0142ym wyborem na pierwsze cieplejsze dni. S\u0105 kobiece, stylowe i zapewniaj\u0105 komfort termiczny.<\/p>\n<p class=\"p1\">Jakie modele warto wybra\u0107?<\/p>\n<p><b>Sukienki sweterkowe<\/b> \u2013 ciep\u0142e i elastyczne, \u015bwietnie sprawdzaj\u0105 si\u0119 w ch\u0142odniejsze dni. Mo\u017cna je \u0142\u0105czy\u0107 z botkami lub sneakersami.<\/p>\n<p><b>Sukienki koszulowe<\/b> \u2013 lekkie, przewiewne i bardzo modne. Wystarczy przewi\u0105za\u0107 je paskiem, by podkre\u015bli\u0107 tali\u0119.<\/p>\n<p><b>Sukienki midi z rozci\u0119ciem<\/b> \u2013 stylowe i wygodne, a jednocze\u015bnie os\u0142aniaj\u0105 nogi przed wiatrem.<\/p>\n<p><img loading=\"lazy\" class=\"aligncenter size-full wp-image-9642\" src=\"https:\/\/pakuten.pl\/blog\/wp-content\/uploads\/2025\/02\/Bez-tytulu-600-x-900-px.png\" alt=\"stylizacje sukienki z d\u0142ugim r\u0119kawem\" width=\"600\" height=\"900\" \/><\/p>\n<p class=\"p1\">Dzi\u0119ki d\u0142ugim r\u0119kawom nie musisz obawia\u0107 si\u0119 ch\u0142odnych porank\u00f3w, a je\u015bli w ci\u0105gu dnia zrobi si\u0119 cieplej, wystarczy podwin\u0105\u0107 r\u0119kawy lub narzuci\u0107 lekki trencz. Wiosenne sukienki doskonale komponuj\u0105 si\u0119 z ramoneskami, d\u0142ugimi kardiganami i klasycznymi marynarkami.<\/p>\n<h2 class=\"p1\"><span style=\"color: #ff9900;\">Komplety dresowe \u2013 ciep\u0142a i wygodna stylizacja na wiosn\u0119<\/span><\/h2>\n<p class=\"p1\">Je\u015bli cenisz sobie komfort, <span style=\"color: #ff9900;\"><a style=\"color: #ff9900;\" href=\"https:\/\/pakuten.pl\/30-komplety-dresowe\" target=\"_blank\" rel=\"noopener\">komplety dresowe<\/a><\/span> to must-have na wiosenne dni. Wygodne, modne i niezwykle praktyczne \u2013 \u015bwietnie sprawdz\u0105 si\u0119 na codzienne wyj\u015bcia, spacery czy szybkie zakupy.<\/p>\n<p class=\"p1\">Dlaczego warto je mie\u0107 w szafie?<\/p>\n<p><b>Ciep\u0142y materia\u0142<\/b> \u2013 bawe\u0142niane komplety dresowe chroni\u0105 przed ch\u0142odem, ale jednocze\u015bnie pozwalaj\u0105 sk\u00f3rze oddycha\u0107.<\/p>\n<p><b>Stylowy look bez wysi\u0142ku<\/b> \u2013 wystarczy dobra\u0107 modne sneakersy, torebk\u0119 i okulary przeciws\u0142oneczne, aby stworzy\u0107 modny outfit.<\/p>\n<p><b>Idealne na r\u00f3\u017cne okazje<\/b> \u2013 noszone solo zapewniaj\u0105 wygod\u0119, a w po\u0142\u0105czeniu z eleganckim p\u0142aszczem lub sk\u00f3rzan\u0105 kurtk\u0105 tworz\u0105 modny streetwearowy look.<\/p>\n<p class=\"p1\">Na cieplejsze dni warto wybiera\u0107 <b>dresy w pastelowych kolorach<\/b> lub modele z lekkiej bawe\u0142ny. W po\u0142\u0105czeniu z bia\u0142ymi sneakersami i du\u017c\u0105 shopperk\u0105 stworz\u0105 stylizacj\u0119, kt\u00f3ra \u0142\u0105czy wygod\u0119 z trendami.<\/p>\n<div class=\"product-box-container\">\r\n<div class=\"one_third \" style=\"\">\r\n<div class=\"product-box\">\r\n<a href=\"https:\/\/pakuten.pl\/43783-90545-komplet-dresowy-mocha-mousse-w-biale-kwiatki-mama-i-corka-melyssa-l1-l1.html\" target=\"_blank\">\r\n <img src=\"https:\/\/media.pakuten.pl\/253911-large_default\/komplet-dresowy-mocha-mousse-w-biale-kwiatki-mama-i-corka-melyssa-l1.jpg\" alt=\"Komplet dresowy mocha mousse w bia\u0142e kwiatki mama i c\u00f3rka Melyssa - L1\"\/>\r\n<\/a>\r\n<p>\r\n<a href=\"https:\/\/pakuten.pl\/43783-90545-komplet-dresowy-mocha-mousse-w-biale-kwiatki-mama-i-corka-melyssa-l1-l1.html\" target=\"_blank\">\r\nKomplet dresowy mocha mousse w bia\u0142e kwiatki mama i c\u00f3rka Melyssa - L1\r\n<\/a><\/p>\r\n  <p>Cena: 129,99\u00a0z\u0142<\/p>\r\n<a href=\"https:\/\/pakuten.pl\/43783-90545-komplet-dresowy-mocha-mousse-w-biale-kwiatki-mama-i-corka-melyssa-l1-l1.html\" target=\"_blank\" class=\"button\">\r\nZobacz w sklepie\r\n<\/a>\r\n<\/div>\r\n<\/div>\r\n<div class=\"one_third \" style=\"\">\r\n<div class=\"product-box\">\r\n<a href=\"https:\/\/pakuten.pl\/43401-90096-pudrowy-komplet-dresowy-bluza-i-spodnie-meagan-pudrowy.html\" target=\"_blank\">\r\n  <img src=\"https:\/\/media.pakuten.pl\/251934-large_default\/pudrowy-komplet-dresowy-bluza-i-spodnie-meagan.jpg\" alt=\"Pudrowy komplet dresowy bluza i spodnie Meagan\"\/>\r\n<\/a>\r\n<p>\r\n<a href=\"https:\/\/pakuten.pl\/43401-90096-pudrowy-komplet-dresowy-bluza-i-spodnie-meagan-pudrowy.html\" target=\"_blank\">\r\nPudrowy komplet dresowy bluza i spodnie Meagan\r\n<\/a><\/p>\r\n  <p>Cena: 99,99\u00a0z\u0142<\/p>\r\n<a href=\"https:\/\/pakuten.pl\/43401-90096-pudrowy-komplet-dresowy-bluza-i-spodnie-meagan-pudrowy.html\" target=\"_blank\" class=\"button\">\r\nZobacz w sklepie\r\n<\/a>\r\n<\/div>\r\n<\/div>\r\n<div class=\"one_third last \" style=\"\">\r\n<div class=\"product-box\">\r\n<a href=\"https:\/\/pakuten.pl\/43807-90599-komplet-welurowy-3-czesciowy-merryl-brudny-roz-brudny-roz.html\" target=\"_blank\">\r\n  <img src=\"https:\/\/media.pakuten.pl\/254034-large_default\/komplet-welurowy-3-czesciowy-merryl-brudny-roz.jpg\" alt=\"Komplet welurowy 3-cz\u0119\u015bciowy Merryl - brudny r\u00f3\u017c\"\/>\r\n<\/a>\r\n<p>\r\n<a href=\"https:\/\/pakuten.pl\/43807-90599-komplet-welurowy-3-czesciowy-merryl-brudny-roz-brudny-roz.html\" target=\"_blank\">\r\nKomplet welurowy 3-cz\u0119\u015bciowy Merryl - brudny r\u00f3\u017c\r\n<\/a><\/p>\r\n  <p>Cena: 69,99\u00a0z\u0142<\/p>\r\n<a href=\"https:\/\/pakuten.pl\/43807-90599-komplet-welurowy-3-czesciowy-merryl-brudny-roz-brudny-roz.html\" target=\"_blank\" class=\"button\">\r\nZobacz w sklepie\r\n<\/a>\r\n<\/div>\r\n<\/div><br class=\"clear\"\/>\r\n<\/div>\n<h2><span style=\"color: #ff9900;\">Stylizacje z bluzami \u2013 komfort i moda na pierwsze wiosenne dni<\/span><\/h2>\n<p class=\"p1\"><b>Bluza<\/b> to must-have na wiosn\u0119. Mo\u017cna j\u0105 nosi\u0107 zar\u00f3wno w sportowych, jak i casualowych stylizacjach. \u015awietnie sprawdza si\u0119 w ch\u0142odniejsze dni, a w cieplejsze mo\u017cna j\u0105 zarzuci\u0107 na ramiona lub przewi\u0105za\u0107 w pasie.<\/p>\n<p class=\"p1\">Jakie bluzy wybiera\u0107?<\/p>\n<p><b>Oversize<\/b> \u2013 lu\u017ane i wygodne, idealne do leggins\u00f3w lub spodni cargo.<\/p>\n<p><b>Z kapturem<\/b> \u2013 praktyczne rozwi\u0105zanie na wietrzne dni, \u015bwietne do dres\u00f3w i sneakers\u00f3w.<\/p>\n<p><b>Kr\u00f3tkie, crop top<\/b> \u2013 \u015bwietne do jeans\u00f3w z wysokim stanem i sportowych sp\u00f3dnic.<\/p>\n<p class=\"p1\">Bluza sprawdzi si\u0119 zar\u00f3wno w domowym zaciszu, jak i na wyj\u015bcie do miasta. W po\u0142\u0105czeniu z klasycznym trenczem lub ramonesk\u0105 stworzy modny i komfortowy look na wiosn\u0119.<\/p>\n<p class=\"p1\">Dzi\u0119ki sukienkom na d\u0142ugi r\u0119kaw, dresowym kompletom i bluzom, mo\u017cesz cieszy\u0107 si\u0119 pierwszymi cieplejszymi dniami bez obawy o zimno. Warto \u0142\u0105czy\u0107 wygod\u0119 z mod\u0105 i wybiera\u0107 ubrania, kt\u00f3re sprawdz\u0105 si\u0119 w r\u00f3\u017cnych warunkach pogodowych.<\/p>\n<p>\u00a0<\/p>\n<blockquote class=\"instagram-media\" style=\"background: #FFF; border: 0; border-radius: 3px; box-shadow: 0 0 1px 0 rgba(0,0,0,0.5),0 1px 10px 0 rgba(0,0,0,0.15); margin: 1px; max-width: 540px; min-width: 326px; padding: 0; width: calc(100% - 2px);\" data-instgrm-permalink=\"https:\/\/www.instagram.com\/reel\/DGkg-62MBRG\/?utm_source=ig_embed&amp;utm_campaign=loading\" data-instgrm-version=\"14\">\n<div style=\"padding: 16px;\">\n<div style=\"display: flex; flex-direction: row; align-items: center;\">\n<div style=\"background-color: #f4f4f4; border-radius: 50%; flex-grow: 0; height: 40px; margin-right: 14px; width: 40px;\">\u00a0<\/div>\n<div style=\"display: flex; flex-direction: column; flex-grow: 1; justify-content: center;\">\n<div style=\"background-color: #f4f4f4; border-radius: 4px; flex-grow: 0; height: 14px; margin-bottom: 6px; width: 100px;\">\u00a0<\/div>\n<div style=\"background-color: #f4f4f4; border-radius: 4px; flex-grow: 0; height: 14px; width: 60px;\">\u00a0<\/div>\n<\/div>\n<\/div>\n<div style=\"padding: 19% 0;\">\u00a0<\/div>\n<div style=\"display: block; height: 50px; margin: 0 auto 12px; width: 50px;\">\u00a0<\/div>\n<div style=\"padding-top: 8px;\">\n<div style=\"color: #3897f0; font-family: Arial,sans-serif; font-size: 14px; font-style: normal; font-weight: 550; line-height: 18px;\">Wy\u015bwietl ten post na Instagramie<\/div>\n<\/div>\n<div style=\"padding: 12.5% 0;\">\u00a0<\/div>\n<div style=\"display: flex; flex-direction: row; margin-bottom: 14px; align-items: center;\">\n<div>\n<div style=\"background-color: #f4f4f4; border-radius: 50%; height: 12.5px; width: 12.5px; transform: translateX(0px) translateY(7px);\">\u00a0<\/div>\n<div style=\"background-color: #f4f4f4; height: 12.5px; transform: rotate(-45deg) translateX(3px) translateY(1px); width: 12.5px; flex-grow: 0; margin-right: 14px; margin-left: 2px;\">\u00a0<\/div>\n<div style=\"background-color: #f4f4f4; border-radius: 50%; height: 12.5px; width: 12.5px; transform: translateX(9px) translateY(-18px);\">\u00a0<\/div>\n<\/div>\n<div style=\"margin-left: 8px;\">\n<div style=\"background-color: #f4f4f4; border-radius: 50%; flex-grow: 0; height: 20px; width: 20px;\">\u00a0<\/div>\n<div style=\"width: 0; height: 0; border-top: 2px solid transparent; border-left: 6px solid #f4f4f4; border-bottom: 2px solid transparent; transform: translateX(16px) translateY(-4px) rotate(30deg);\">\u00a0<\/div>\n<\/div>\n<div style=\"margin-left: auto;\">\n<div style=\"width: 0px; border-top: 8px solid #F4F4F4; border-right: 8px solid transparent; transform: translateY(16px);\">\u00a0<\/div>\n<div style=\"background-color: #f4f4f4; flex-grow: 0; height: 12px; width: 16px; transform: translateY(-4px);\">\u00a0<\/div>\n<div style=\"width: 0; height: 0; border-top: 8px solid #F4F4F4; border-left: 8px solid transparent; transform: translateY(-4px) translateX(8px);\">\u00a0<\/div>\n<\/div>\n<\/div>\n<div style=\"display: flex; flex-direction: column; flex-grow: 1; justify-content: center; margin-bottom: 24px;\">\n<div style=\"background-color: #f4f4f4; border-radius: 4px; flex-grow: 0; height: 14px; margin-bottom: 6px; width: 224px;\">\u00a0<\/div>\n<div style=\"background-color: #f4f4f4; border-radius: 4px; flex-grow: 0; height: 14px; width: 144px;\">\u00a0<\/div>\n<\/div>\n<p style=\"color: #c9c8cd; font-family: Arial,sans-serif; font-size: 14px; line-height: 17px; margin-bottom: 0; margin-top: 8px; overflow: hidden; padding: 8px 0 7px; text-align: center; text-overflow: ellipsis; white-space: nowrap;\"><a style=\"color: #c9c8cd; font-family: Arial,sans-serif; font-size: 14px; font-style: normal; font-weight: normal; line-height: 17px; text-decoration: none;\" href=\"https:\/\/www.instagram.com\/reel\/DGkg-62MBRG\/?utm_source=ig_embed&amp;utm_campaign=loading\" target=\"_blank\" rel=\"noopener\">Post udost\u0119pniony przez Aleksandra Kami\u0144ska (@olakaminska_blog)<\/a><\/p>\n<\/div>\n<\/blockquote>\n<p><script async src=\"\/\/www.instagram.com\/embed.js\"><\/script><\/p>\n<p class=\"p1\">Pierwsze cieplejsze dni to idealny moment, aby od\u015bwie\u017cy\u0107 garderob\u0119. Wybieraj\u0105c warstwowe stylizacje, odpowiednie materia\u0142y i funkcjonalne dodatki, mo\u017cesz wygl\u0105da\u0107 stylowo i czu\u0107 si\u0119 komfortowo. Postaw na modne kurtki, wygodne buty i stylowe akcesoria, aby cieszy\u0107 si\u0119 wiosenn\u0105 aur\u0105 bez obaw o pogodowe niespodzianki.<\/p>\n<p class=\"p1\">Nie zapominaj, \u017ce moda to przede wszystkim zabawa! Eksperymentuj z kolorami, fasonami i dodatkami, aby stworzy\u0107 stylizacje idealne na pierwsze cieplejsze dni.<\/p>\n\n\n<div class=\"kk-star-ratings kksr-auto kksr-align-right kksr-valign-bottom\"\n    data-payload='{&quot;align&quot;:&quot;right&quot;,&quot;id&quot;:&quot;9638&quot;,&quot;slug&quot;:&quot;default&quot;,&quot;valign&quot;:&quot;bottom&quot;,&quot;ignore&quot;:&quot;&quot;,&quot;reference&quot;:&quot;auto&quot;,&quot;class&quot;:&quot;&quot;,&quot;count&quot;:&quot;0&quot;,&quot;legendonly&quot;:&quot;&quot;,&quot;readonly&quot;:&quot;&quot;,&quot;score&quot;:&quot;0&quot;,&quot;starsonly&quot;:&quot;&quot;,&quot;best&quot;:&quot;5&quot;,&quot;gap&quot;:&quot;5&quot;,&quot;greet&quot;:&quot;Rate this post&quot;,&quot;legend&quot;:&quot;0\\\/5 - (0 votes)&quot;,&quot;size&quot;:&quot;24&quot;,&quot;width&quot;:&quot;0&quot;,&quot;_legend&quot;:&quot;{score}\\\/{best} - ({count} {votes})&quot;,&quot;font_factor&quot;:&quot;1.25&quot;}'>\n            \n<div class=\"kksr-stars\">\n    \n<div class=\"kksr-stars-inactive\">\n            <div class=\"kksr-star\" data-star=\"1\" style=\"padding-right: 5px\">\n            \n\n<div class=\"kksr-icon\" style=\"width: 24px; height: 24px;\"><\/div>\n        <\/div>\n            <div class=\"kksr-star\" data-star=\"2\" style=\"padding-right: 5px\">\n            \n\n<div class=\"kksr-icon\" style=\"width: 24px; height: 24px;\"><\/div>\n        <\/div>\n            <div class=\"kksr-star\" data-star=\"3\" style=\"padding-right: 5px\">\n            \n\n<div class=\"kksr-icon\" style=\"width: 24px; height: 24px;\"><\/div>\n        <\/div>\n            <div class=\"kksr-star\" data-star=\"4\" style=\"padding-right: 5px\">\n            \n\n<div class=\"kksr-icon\" style=\"width: 24px; height: 24px;\"><\/div>\n        <\/div>\n            <div class=\"kksr-star\" data-star=\"5\" style=\"padding-right: 5px\">\n            \n\n<div class=\"kksr-icon\" style=\"width: 24px; height: 24px;\"><\/div>\n        <\/div>\n    <\/div>\n    \n<div class=\"kksr-stars-active\" style=\"width: 0px;\">\n            <div class=\"kksr-star\" style=\"padding-right: 5px\">\n            \n\n<div class=\"kksr-icon\" style=\"width: 24px; height: 24px;\"><\/div>\n        <\/div>\n            <div class=\"kksr-star\" style=\"padding-right: 5px\">\n            \n\n<div class=\"kksr-icon\" style=\"width: 24px; height: 24px;\"><\/div>\n        <\/div>\n            <div class=\"kksr-star\" style=\"padding-right: 5px\">\n            \n\n<div class=\"kksr-icon\" style=\"width: 24px; height: 24px;\"><\/div>\n        <\/div>\n            <div class=\"kksr-star\" style=\"padding-right: 5px\">\n            \n\n<div class=\"kksr-icon\" style=\"width: 24px; height: 24px;\"><\/div>\n        <\/div>\n            <div class=\"kksr-star\" style=\"padding-right: 5px\">\n            \n\n<div class=\"kksr-icon\" style=\"width: 24px; height: 24px;\"><\/div>\n        <\/div>\n    <\/div>\n<\/div>\n                \n\n<div class=\"kksr-legend\" style=\"font-size: 19.2px;\">\n            <span class=\"kksr-muted\">Rate this post<\/span>\n    <\/div>\n    <\/div>\n","protected":false},"excerpt":{"rendered":"<p>Pierwsze cieplejsze dni zach\u0119caj\u0105 do l\u017cejszych stylizacji, ale pogoda bywa kapry\u015bna. Jak ubra\u0107 si\u0119 modnie, a jednocze\u015bnie nie zmarzn\u0105\u0107? Wiosenna aura potrafi zaskoczy\u0107 \u2013 rano ch\u0142odno, w po\u0142udnie ciep\u0142o, a wieczorem zn\u00f3w zimno. W\u0142a\u015bnie dlatego warto postawi\u0107 na warstwowe stylizacje, odpowiednie tkaniny i modne dodatki. Sprawd\u017a nasze propozycje i ciesz si\u0119 komfortem, niezale\u017cnie od temperatury.<\/p>\n","protected":false},"author":3,"featured_media":9647,"comment_status":"open","ping_status":"open","sticky":false,"template":"","format":"standard","meta":[],"categories":[4],"tags":[],"yoast_head":"<!-- This site is optimized with the Yoast SEO plugin v18.4.1 - https:\/\/yoast.com\/wordpress\/plugins\/seo\/ -->\n<title>Stylizacje na pierwsze cieplejsze dni \u2013 jak ubra\u0107 si\u0119 modnie i nie zmarzn\u0105\u0107? - Pakuten blog<\/title>\n<meta name=\"description\" content=\"Stylizacje na pierwsze cieplejsze dni \u2013 jak wygl\u0105da\u0107 modnie i nie zmarzn\u0105\u0107? Odkryj najlepsze sukienki, dresy i bluzy na wiosenne dni!\" \/>\n<meta name=\"robots\" content=\"index, follow, max-snippet:-1, max-image-preview:large, max-video-preview:-1\" \/>\n<link rel=\"canonical\" href=\"https:\/\/pakuten.pl\/blog\/stylizacje-na-pierwsze-cieplejsze-dni-jak-ubrac-sie-modnie-i-nie-zmarznac\/\" \/>\n<meta property=\"og:locale\" content=\"pl_PL\" \/>\n<meta property=\"og:type\" content=\"article\" \/>\n<meta property=\"og:title\" content=\"Stylizacje na pierwsze cieplejsze dni \u2013 jak ubra\u0107 si\u0119 modnie i nie zmarzn\u0105\u0107? - Pakuten blog\" \/>\n<meta property=\"og:description\" content=\"Stylizacje na pierwsze cieplejsze dni \u2013 jak wygl\u0105da\u0107 modnie i nie zmarzn\u0105\u0107? Odkryj najlepsze sukienki, dresy i bluzy na wiosenne dni!\" \/>\n<meta property=\"og:url\" content=\"https:\/\/pakuten.pl\/blog\/stylizacje-na-pierwsze-cieplejsze-dni-jak-ubrac-sie-modnie-i-nie-zmarznac\/\" \/>\n<meta property=\"og:site_name\" content=\"Pakuten blog\" \/>\n<meta property=\"article:published_time\" content=\"2025-02-28T11:42:40+00:00\" \/>\n<meta property=\"article:modified_time\" content=\"2025-02-28T11:42:41+00:00\" \/>\n<meta property=\"og:image\" content=\"https:\/\/pakuten.pl\/blog\/wp-content\/uploads\/2025\/02\/Projekt-bez-nazwy-23.png\" \/>\n\t<meta property=\"og:image:width\" content=\"1280\" \/>\n\t<meta property=\"og:image:height\" content=\"853\" \/>\n\t<meta property=\"og:image:type\" content=\"image\/png\" \/>\n<meta name=\"twitter:card\" content=\"summary_large_image\" \/>\n<meta name=\"twitter:label1\" content=\"Napisane przez\" \/>\n\t<meta name=\"twitter:data1\" content=\"Pakuten Girl\" \/>\n\t<meta name=\"twitter:label2\" content=\"Szacowany czas czytania\" \/>\n\t<meta name=\"twitter:data2\" content=\"4 minuty\" \/>\n<script type=\"application\/ld+json\" class=\"yoast-schema-graph\">{\"@context\":\"https:\/\/schema.org\",\"@graph\":[{\"@type\":\"Organization\",\"@id\":\"https:\/\/pakuten.pl\/blog\/#organization\",\"name\":\"Pakuten\",\"url\":\"https:\/\/pakuten.pl\/blog\/\",\"sameAs\":[],\"logo\":{\"@type\":\"ImageObject\",\"@id\":\"https:\/\/pakuten.pl\/blog\/#logo\",\"inLanguage\":\"pl-PL\",\"url\":\"http:\/\/pakuten.pl\/blog\/wp-content\/uploads\/2018\/01\/pakuten_logo.png\",\"contentUrl\":\"http:\/\/pakuten.pl\/blog\/wp-content\/uploads\/2018\/01\/pakuten_logo.png\",\"width\":300,\"height\":120,\"caption\":\"Pakuten\"},\"image\":{\"@id\":\"https:\/\/pakuten.pl\/blog\/#logo\"}},{\"@type\":\"WebSite\",\"@id\":\"https:\/\/pakuten.pl\/blog\/#website\",\"url\":\"https:\/\/pakuten.pl\/blog\/\",\"name\":\"Pakuten blog\",\"description\":\"Blog sklepu internetowego pakuten.pl\",\"publisher\":{\"@id\":\"https:\/\/pakuten.pl\/blog\/#organization\"},\"potentialAction\":[{\"@type\":\"SearchAction\",\"target\":{\"@type\":\"EntryPoint\",\"urlTemplate\":\"https:\/\/pakuten.pl\/blog\/?s={search_term_string}\"},\"query-input\":\"required name=search_term_string\"}],\"inLanguage\":\"pl-PL\"},{\"@type\":\"ImageObject\",\"@id\":\"https:\/\/pakuten.pl\/blog\/stylizacje-na-pierwsze-cieplejsze-dni-jak-ubrac-sie-modnie-i-nie-zmarznac\/#primaryimage\",\"inLanguage\":\"pl-PL\",\"url\":\"https:\/\/pakuten.pl\/blog\/wp-content\/uploads\/2025\/02\/Projekt-bez-nazwy-23.png\",\"contentUrl\":\"https:\/\/pakuten.pl\/blog\/wp-content\/uploads\/2025\/02\/Projekt-bez-nazwy-23.png\",\"width\":1280,\"height\":853,\"caption\":\"Stylizacje na pierwsze cieplejsze dni \u2013 jak ubra\u0107 si\u0119 modnie i nie zmarzn\u0105\u0107?\"},{\"@type\":\"WebPage\",\"@id\":\"https:\/\/pakuten.pl\/blog\/stylizacje-na-pierwsze-cieplejsze-dni-jak-ubrac-sie-modnie-i-nie-zmarznac\/#webpage\",\"url\":\"https:\/\/pakuten.pl\/blog\/stylizacje-na-pierwsze-cieplejsze-dni-jak-ubrac-sie-modnie-i-nie-zmarznac\/\",\"name\":\"Stylizacje na pierwsze cieplejsze dni \u2013 jak ubra\u0107 si\u0119 modnie i nie zmarzn\u0105\u0107? - Pakuten blog\",\"isPartOf\":{\"@id\":\"https:\/\/pakuten.pl\/blog\/#website\"},\"primaryImageOfPage\":{\"@id\":\"https:\/\/pakuten.pl\/blog\/stylizacje-na-pierwsze-cieplejsze-dni-jak-ubrac-sie-modnie-i-nie-zmarznac\/#primaryimage\"},\"datePublished\":\"2025-02-28T11:42:40+00:00\",\"dateModified\":\"2025-02-28T11:42:41+00:00\",\"description\":\"Stylizacje na pierwsze cieplejsze dni \u2013 jak wygl\u0105da\u0107 modnie i nie zmarzn\u0105\u0107? Odkryj najlepsze sukienki, dresy i bluzy na wiosenne dni!\",\"breadcrumb\":{\"@id\":\"https:\/\/pakuten.pl\/blog\/stylizacje-na-pierwsze-cieplejsze-dni-jak-ubrac-sie-modnie-i-nie-zmarznac\/#breadcrumb\"},\"inLanguage\":\"pl-PL\",\"potentialAction\":[{\"@type\":\"ReadAction\",\"target\":[\"https:\/\/pakuten.pl\/blog\/stylizacje-na-pierwsze-cieplejsze-dni-jak-ubrac-sie-modnie-i-nie-zmarznac\/\"]}]},{\"@type\":\"BreadcrumbList\",\"@id\":\"https:\/\/pakuten.pl\/blog\/stylizacje-na-pierwsze-cieplejsze-dni-jak-ubrac-sie-modnie-i-nie-zmarznac\/#breadcrumb\",\"itemListElement\":[{\"@type\":\"ListItem\",\"position\":1,\"name\":\"Strona g\u0142\u00f3wna\",\"item\":\"https:\/\/pakuten.pl\/blog\/\"},{\"@type\":\"ListItem\",\"position\":2,\"name\":\"Stylizacje na pierwsze cieplejsze dni \u2013 jak ubra\u0107 si\u0119 modnie i nie zmarzn\u0105\u0107?\"}]},{\"@type\":\"Article\",\"@id\":\"https:\/\/pakuten.pl\/blog\/stylizacje-na-pierwsze-cieplejsze-dni-jak-ubrac-sie-modnie-i-nie-zmarznac\/#article\",\"isPartOf\":{\"@id\":\"https:\/\/pakuten.pl\/blog\/stylizacje-na-pierwsze-cieplejsze-dni-jak-ubrac-sie-modnie-i-nie-zmarznac\/#webpage\"},\"author\":{\"@id\":\"https:\/\/pakuten.pl\/blog\/#\/schema\/person\/d7133af30211381a4e4536d088384556\"},\"headline\":\"Stylizacje na pierwsze cieplejsze dni \u2013 jak ubra\u0107 si\u0119 modnie i nie zmarzn\u0105\u0107?\",\"datePublished\":\"2025-02-28T11:42:40+00:00\",\"dateModified\":\"2025-02-28T11:42:41+00:00\",\"mainEntityOfPage\":{\"@id\":\"https:\/\/pakuten.pl\/blog\/stylizacje-na-pierwsze-cieplejsze-dni-jak-ubrac-sie-modnie-i-nie-zmarznac\/#webpage\"},\"wordCount\":745,\"commentCount\":0,\"publisher\":{\"@id\":\"https:\/\/pakuten.pl\/blog\/#organization\"},\"image\":{\"@id\":\"https:\/\/pakuten.pl\/blog\/stylizacje-na-pierwsze-cieplejsze-dni-jak-ubrac-sie-modnie-i-nie-zmarznac\/#primaryimage\"},\"thumbnailUrl\":\"https:\/\/pakuten.pl\/blog\/wp-content\/uploads\/2025\/02\/Projekt-bez-nazwy-23.png\",\"articleSection\":[\"Tips&amp;Tricks\"],\"inLanguage\":\"pl-PL\",\"potentialAction\":[{\"@type\":\"CommentAction\",\"name\":\"Comment\",\"target\":[\"https:\/\/pakuten.pl\/blog\/stylizacje-na-pierwsze-cieplejsze-dni-jak-ubrac-sie-modnie-i-nie-zmarznac\/#respond\"]}]},{\"@type\":\"Person\",\"@id\":\"https:\/\/pakuten.pl\/blog\/#\/schema\/person\/d7133af30211381a4e4536d088384556\",\"name\":\"Pakuten Girl\",\"image\":{\"@type\":\"ImageObject\",\"@id\":\"https:\/\/pakuten.pl\/blog\/#personlogo\",\"inLanguage\":\"pl-PL\",\"url\":\"https:\/\/secure.gravatar.com\/avatar\/d3df41de2caf92e6cfded9430c2ff352?s=96&d=mm&r=g\",\"contentUrl\":\"https:\/\/secure.gravatar.com\/avatar\/d3df41de2caf92e6cfded9430c2ff352?s=96&d=mm&r=g\",\"caption\":\"Pakuten Girl\"},\"description\":\"Cze\u015b\u0107, nazywam si\u0119 Ola. Kocham Netflixa, sals\u0119, nowo\u015bci kosmetyczne i najnowsze trendy w modzie.\",\"url\":\"https:\/\/pakuten.pl\/blog\/author\/pakuten-girl\/\"}]}<\/script>\n<!-- \/ Yoast SEO plugin. -->","yoast_head_json":{"title":"Stylizacje na pierwsze cieplejsze dni \u2013 jak ubra\u0107 si\u0119 modnie i nie zmarzn\u0105\u0107? - Pakuten blog","description":"Stylizacje na pierwsze cieplejsze dni \u2013 jak wygl\u0105da\u0107 modnie i nie zmarzn\u0105\u0107? Odkryj najlepsze sukienki, dresy i bluzy na wiosenne dni!","robots":{"index":"index","follow":"follow","max-snippet":"max-snippet:-1","max-image-preview":"max-image-preview:large","max-video-preview":"max-video-preview:-1"},"canonical":"https:\/\/pakuten.pl\/blog\/stylizacje-na-pierwsze-cieplejsze-dni-jak-ubrac-sie-modnie-i-nie-zmarznac\/","og_locale":"pl_PL","og_type":"article","og_title":"Stylizacje na pierwsze cieplejsze dni \u2013 jak ubra\u0107 si\u0119 modnie i nie zmarzn\u0105\u0107? - Pakuten blog","og_description":"Stylizacje na pierwsze cieplejsze dni \u2013 jak wygl\u0105da\u0107 modnie i nie zmarzn\u0105\u0107? Odkryj najlepsze sukienki, dresy i bluzy na wiosenne dni!","og_url":"https:\/\/pakuten.pl\/blog\/stylizacje-na-pierwsze-cieplejsze-dni-jak-ubrac-sie-modnie-i-nie-zmarznac\/","og_site_name":"Pakuten blog","article_published_time":"2025-02-28T11:42:40+00:00","article_modified_time":"2025-02-28T11:42:41+00:00","og_image":[{"width":1280,"height":853,"url":"https:\/\/pakuten.pl\/blog\/wp-content\/uploads\/2025\/02\/Projekt-bez-nazwy-23.png","type":"image\/png"}],"twitter_card":"summary_large_image","twitter_misc":{"Napisane przez":"Pakuten Girl","Szacowany czas czytania":"4 minuty"},"schema":{"@context":"https:\/\/schema.org","@graph":[{"@type":"Organization","@id":"https:\/\/pakuten.pl\/blog\/#organization","name":"Pakuten","url":"https:\/\/pakuten.pl\/blog\/","sameAs":[],"logo":{"@type":"ImageObject","@id":"https:\/\/pakuten.pl\/blog\/#logo","inLanguage":"pl-PL","url":"http:\/\/pakuten.pl\/blog\/wp-content\/uploads\/2018\/01\/pakuten_logo.png","contentUrl":"http:\/\/pakuten.pl\/blog\/wp-content\/uploads\/2018\/01\/pakuten_logo.png","width":300,"height":120,"caption":"Pakuten"},"image":{"@id":"https:\/\/pakuten.pl\/blog\/#logo"}},{"@type":"WebSite","@id":"https:\/\/pakuten.pl\/blog\/#website","url":"https:\/\/pakuten.pl\/blog\/","name":"Pakuten blog","description":"Blog sklepu internetowego pakuten.pl","publisher":{"@id":"https:\/\/pakuten.pl\/blog\/#organization"},"potentialAction":[{"@type":"SearchAction","target":{"@type":"EntryPoint","urlTemplate":"https:\/\/pakuten.pl\/blog\/?s={search_term_string}"},"query-input":"required name=search_term_string"}],"inLanguage":"pl-PL"},{"@type":"ImageObject","@id":"https:\/\/pakuten.pl\/blog\/stylizacje-na-pierwsze-cieplejsze-dni-jak-ubrac-sie-modnie-i-nie-zmarznac\/#primaryimage","inLanguage":"pl-PL","url":"https:\/\/pakuten.pl\/blog\/wp-content\/uploads\/2025\/02\/Projekt-bez-nazwy-23.png","contentUrl":"https:\/\/pakuten.pl\/blog\/wp-content\/uploads\/2025\/02\/Projekt-bez-nazwy-23.png","width":1280,"height":853,"caption":"Stylizacje na pierwsze cieplejsze dni \u2013 jak ubra\u0107 si\u0119 modnie i nie zmarzn\u0105\u0107?"},{"@type":"WebPage","@id":"https:\/\/pakuten.pl\/blog\/stylizacje-na-pierwsze-cieplejsze-dni-jak-ubrac-sie-modnie-i-nie-zmarznac\/#webpage","url":"https:\/\/pakuten.pl\/blog\/stylizacje-na-pierwsze-cieplejsze-dni-jak-ubrac-sie-modnie-i-nie-zmarznac\/","name":"Stylizacje na pierwsze cieplejsze dni \u2013 jak ubra\u0107 si\u0119 modnie i nie zmarzn\u0105\u0107? - Pakuten blog","isPartOf":{"@id":"https:\/\/pakuten.pl\/blog\/#website"},"primaryImageOfPage":{"@id":"https:\/\/pakuten.pl\/blog\/stylizacje-na-pierwsze-cieplejsze-dni-jak-ubrac-sie-modnie-i-nie-zmarznac\/#primaryimage"},"datePublished":"2025-02-28T11:42:40+00:00","dateModified":"2025-02-28T11:42:41+00:00","description":"Stylizacje na pierwsze cieplejsze dni \u2013 jak wygl\u0105da\u0107 modnie i nie zmarzn\u0105\u0107? Odkryj najlepsze sukienki, dresy i bluzy na wiosenne dni!","breadcrumb":{"@id":"https:\/\/pakuten.pl\/blog\/stylizacje-na-pierwsze-cieplejsze-dni-jak-ubrac-sie-modnie-i-nie-zmarznac\/#breadcrumb"},"inLanguage":"pl-PL","potentialAction":[{"@type":"ReadAction","target":["https:\/\/pakuten.pl\/blog\/stylizacje-na-pierwsze-cieplejsze-dni-jak-ubrac-sie-modnie-i-nie-zmarznac\/"]}]},{"@type":"BreadcrumbList","@id":"https:\/\/pakuten.pl\/blog\/stylizacje-na-pierwsze-cieplejsze-dni-jak-ubrac-sie-modnie-i-nie-zmarznac\/#breadcrumb","itemListElement":[{"@type":"ListItem","position":1,"name":"Strona g\u0142\u00f3wna","item":"https:\/\/pakuten.pl\/blog\/"},{"@type":"ListItem","position":2,"name":"Stylizacje na pierwsze cieplejsze dni \u2013 jak ubra\u0107 si\u0119 modnie i nie zmarzn\u0105\u0107?"}]},{"@type":"Article","@id":"https:\/\/pakuten.pl\/blog\/stylizacje-na-pierwsze-cieplejsze-dni-jak-ubrac-sie-modnie-i-nie-zmarznac\/#article","isPartOf":{"@id":"https:\/\/pakuten.pl\/blog\/stylizacje-na-pierwsze-cieplejsze-dni-jak-ubrac-sie-modnie-i-nie-zmarznac\/#webpage"},"author":{"@id":"https:\/\/pakuten.pl\/blog\/#\/schema\/person\/d7133af30211381a4e4536d088384556"},"headline":"Stylizacje na pierwsze cieplejsze dni \u2013 jak ubra\u0107 si\u0119 modnie i nie zmarzn\u0105\u0107?","datePublished":"2025-02-28T11:42:40+00:00","dateModified":"2025-02-28T11:42:41+00:00","mainEntityOfPage":{"@id":"https:\/\/pakuten.pl\/blog\/stylizacje-na-pierwsze-cieplejsze-dni-jak-ubrac-sie-modnie-i-nie-zmarznac\/#webpage"},"wordCount":745,"commentCount":0,"publisher":{"@id":"https:\/\/pakuten.pl\/blog\/#organization"},"image":{"@id":"https:\/\/pakuten.pl\/blog\/stylizacje-na-pierwsze-cieplejsze-dni-jak-ubrac-sie-modnie-i-nie-zmarznac\/#primaryimage"},"thumbnailUrl":"https:\/\/pakuten.pl\/blog\/wp-content\/uploads\/2025\/02\/Projekt-bez-nazwy-23.png","articleSection":["Tips&amp;Tricks"],"inLanguage":"pl-PL","potentialAction":[{"@type":"CommentAction","name":"Comment","target":["https:\/\/pakuten.pl\/blog\/stylizacje-na-pierwsze-cieplejsze-dni-jak-ubrac-sie-modnie-i-nie-zmarznac\/#respond"]}]},{"@type":"Person","@id":"https:\/\/pakuten.pl\/blog\/#\/schema\/person\/d7133af30211381a4e4536d088384556","name":"Pakuten Girl","image":{"@type":"ImageObject","@id":"https:\/\/pakuten.pl\/blog\/#personlogo","inLanguage":"pl-PL","url":"https:\/\/secure.gravatar.com\/avatar\/d3df41de2caf92e6cfded9430c2ff352?s=96&d=mm&r=g","contentUrl":"https:\/\/secure.gravatar.com\/avatar\/d3df41de2caf92e6cfded9430c2ff352?s=96&d=mm&r=g","caption":"Pakuten Girl"},"description":"Cze\u015b\u0107, nazywam si\u0119 Ola. Kocham Netflixa, sals\u0119, nowo\u015bci kosmetyczne i najnowsze trendy w modzie.","url":"https:\/\/pakuten.pl\/blog\/author\/pakuten-girl\/"}]}},"_links":{"self":[{"href":"https:\/\/pakuten.pl\/blog\/wp-json\/wp\/v2\/posts\/9638"}],"collection":[{"href":"https:\/\/pakuten.pl\/blog\/wp-json\/wp\/v2\/posts"}],"about":[{"href":"https:\/\/pakuten.pl\/blog\/wp-json\/wp\/v2\/types\/post"}],"author":[{"embeddable":true,"href":"https:\/\/pakuten.pl\/blog\/wp-json\/wp\/v2\/users\/3"}],"replies":[{"embeddable":true,"href":"https:\/\/pakuten.pl\/blog\/wp-json\/wp\/v2\/comments?post=9638"}],"version-history":[{"count":8,"href":"https:\/\/pakuten.pl\/blog\/wp-json\/wp\/v2\/posts\/9638\/revisions"}],"predecessor-version":[{"id":9649,"href":"https:\/\/pakuten.pl\/blog\/wp-json\/wp\/v2\/posts\/9638\/revisions\/9649"}],"wp:featuredmedia":[{"embeddable":true,"href":"https:\/\/pakuten.pl\/blog\/wp-json\/wp\/v2\/media\/9647"}],"wp:attachment":[{"href":"https:\/\/pakuten.pl\/blog\/wp-json\/wp\/v2\/media?parent=9638"}],"wp:term":[{"taxonomy":"category","embeddable":true,"href":"https:\/\/pakuten.pl\/blog\/wp-json\/wp\/v2\/categories?post=9638"},{"taxonomy":"post_tag","embeddable":true,"href":"https:\/\/pakuten.pl\/blog\/wp-json\/wp\/v2\/tags?post=9638"}],"curies":[{"name":"wp","href":"https:\/\/api.w.org\/{rel}","templated":true}]}}