{"id":9767,"date":"2025-04-03T07:52:25","date_gmt":"2025-04-03T05:52:25","guid":{"rendered":"https:\/\/pakuten.pl\/blog\/?p=9767"},"modified":"2025-04-03T07:52:25","modified_gmt":"2025-04-03T05:52:25","slug":"sukienki-na-komunie-2025-co-jest-modne-w-tym-sezonie-2","status":"publish","type":"post","link":"https:\/\/pakuten.pl\/blog\/sukienki-na-komunie-2025-co-jest-modne-w-tym-sezonie-2\/","title":{"rendered":"Sukienki na komuni\u0119 2025 \u2013 co jest modne w tym sezonie?"},"content":{"rendered":"\n<p class=\"p1\"><b>Sukienki na komuni\u0119 to temat, kt\u00f3ry co roku budzi wiele emocji w\u015br\u00f3d mam, chrzestnych oraz go\u015bci zaproszonych na t\u0119 uroczysto\u015b\u0107. W 2025 roku moda komunijna \u0142\u0105czy klasyczn\u0105 elegancj\u0119 z nowoczesnymi akcentami, oferuj\u0105c szeroki wyb\u00f3r fason\u00f3w, kolor\u00f3w i styl\u00f3w. W tym artykule przedstawimy najnowsze trendy, kt\u00f3re pomog\u0105 Ci wybra\u0107 idealn\u0105 sukienk\u0119 na t\u0119 wyj\u0105tkow\u0105 okazj\u0119.<\/b><\/p>\n<h2 class=\"p1\"><span style=\"color: #ff9900;\">Sukienki na komuni\u0119 2025 \u2013 co jest modne w tym sezonie?<\/span><\/h2>\n<p class=\"p1\">W nadchodz\u0105cym sezonie komunijnym dominowa\u0107 b\u0119d\u0105 <span style=\"color: #ff9900;\"><a style=\"color: #ff9900;\" href=\"https:\/\/pakuten.pl\/129-sukienki-na-komunie\"><span class=\"s1\">sukienki<\/span><\/a><\/span> w pastelowych odcieniach, takich jak pudrowy r\u00f3\u017c, b\u0142\u0119kit, mi\u0119ta czy liliowy fiolet. Te delikatne barwy doskonale wpisuj\u0105 si\u0119 w wiosenn\u0105 aur\u0119 i podkre\u015blaj\u0105 uroczysty charakter wydarzenia. Warto zwr\u00f3ci\u0107 uwag\u0119 na sukienki midi, kt\u00f3re od lat s\u0105 symbolem ponadczasowej elegancji i klasy. Ich d\u0142ugo\u015b\u0107 sprawia, \u017ce s\u0105 idealnym wyborem na formalne uroczysto\u015bci, zapewniaj\u0105c komfort i wygod\u0119 przez ca\u0142y dzie\u0144.<\/p>\n<div class=\"product-box-container\">\r\n<div class=\"one_third \" style=\"\">\r\n<div class=\"product-box\">\r\n<a href=\"https:\/\/pakuten.pl\/44282-91282-bezowy-kombinezon-jak-sukienka-wiazany-w-talii-florene-bezowy.html\" target=\"_blank\">\r\n <img src=\"https:\/\/media.pakuten.pl\/256480-large_default\/bezowy-kombinezon-jak-sukienka-wiazany-w-talii-florene.jpg\" alt=\"Be\u017cowy kombinezon jak sukienka wi\u0105zany w talii Florene\"\/>\r\n<\/a>\r\n<p>\r\n<a href=\"https:\/\/pakuten.pl\/44282-91282-bezowy-kombinezon-jak-sukienka-wiazany-w-talii-florene-bezowy.html\" target=\"_blank\">\r\nBe\u017cowy kombinezon jak sukienka wi\u0105zany w talii Florene\r\n<\/a><\/p>\r\n  <p>Cena: 173,99\u00a0z\u0142<\/p>\r\n<a href=\"https:\/\/pakuten.pl\/44282-91282-bezowy-kombinezon-jak-sukienka-wiazany-w-talii-florene-bezowy.html\" target=\"_blank\" class=\"button\">\r\nZobacz w sklepie\r\n<\/a>\r\n<\/div>\r\n<\/div>\r\n<div class=\"one_third \" style=\"\">\r\n<div class=\"product-box\">\r\n<a href=\"https:\/\/pakuten.pl\/44272-91263-kwiecista-sukienka-midi-z-rozcieciem-mekette-r15-r15.html\" target=\"_blank\">\r\n  <img src=\"https:\/\/media.pakuten.pl\/256432-large_default\/kwiecista-sukienka-midi-z-rozcieciem-mekette-r15.jpg\" alt=\"Kwiecista sukienka midi z rozci\u0119ciem Mekette - R15\"\/>\r\n<\/a>\r\n<p>\r\n<a href=\"https:\/\/pakuten.pl\/44272-91263-kwiecista-sukienka-midi-z-rozcieciem-mekette-r15-r15.html\" target=\"_blank\">\r\nKwiecista sukienka midi z rozci\u0119ciem Mekette - R15\r\n<\/a><\/p>\r\n  <p>Cena: 122,49\u00a0z\u0142<\/p>\r\n<a href=\"https:\/\/pakuten.pl\/44272-91263-kwiecista-sukienka-midi-z-rozcieciem-mekette-r15-r15.html\" target=\"_blank\" class=\"button\">\r\nZobacz w sklepie\r\n<\/a>\r\n<\/div>\r\n<\/div>\r\n<div class=\"one_third last \" style=\"\">\r\n<div class=\"product-box\">\r\n<a href=\"https:\/\/pakuten.pl\/44280-91271-rozkloszowana-sukienka-mini-dolonna-brudny-roz-brudny-roz.html\" target=\"_blank\">\r\n  <img src=\"https:\/\/media.pakuten.pl\/256489-large_default\/rozkloszowana-sukienka-mini-dolonna-brudny-roz.jpg\" alt=\"Rozkloszowana sukienka mini Dolonna - brudny r\u00f3\u017c\"\/>\r\n<\/a>\r\n<p>\r\n<a href=\"https:\/\/pakuten.pl\/44280-91271-rozkloszowana-sukienka-mini-dolonna-brudny-roz-brudny-roz.html\" target=\"_blank\">\r\nRozkloszowana sukienka mini Dolonna - brudny r\u00f3\u017c\r\n<\/a><\/p>\r\n  <p>Cena: 88,19\u00a0z\u0142<\/p>\r\n<a href=\"https:\/\/pakuten.pl\/44280-91271-rozkloszowana-sukienka-mini-dolonna-brudny-roz-brudny-roz.html\" target=\"_blank\" class=\"button\">\r\nZobacz w sklepie\r\n<\/a>\r\n<\/div>\r\n<\/div><br class=\"clear\"\/>\r\n<\/div>\n<h2 class=\"p1\"><span style=\"color: #ff9900;\">Fasony sukienek na komuni\u0119 \u2013 klasyka spotyka nowoczesno\u015b\u0107<\/span><\/h2>\n<p class=\"p1\">W 2025 roku projektanci proponuj\u0105 po\u0142\u0105czenie klasycznych kroj\u00f3w z nowoczesnymi detalami. Sukienki o kroju litery A, delikatnie rozszerzaj\u0105ce si\u0119 ku do\u0142owi, s\u0105 doskona\u0142ym wyborem dla kobiet ceni\u0105cych sobie elegancj\u0119 i wygod\u0119. Modele z subtelnymi falbanami, koronkowymi wstawkami czy asymetrycznymi elementami dodaj\u0105 kreacji unikatowego charakteru. Warto r\u00f3wnie\u017c zwr\u00f3ci\u0107 uwag\u0119 na sukienki kopertowe z paskiem w talii, kt\u00f3re podkre\u015blaj\u0105 kobiec\u0105 sylwetk\u0119, zachowuj\u0105c przy tym odpowiedni\u0105 skromno\u015b\u0107.<\/p>\n<p class=\"p1\">\u00a0<\/p>\n<blockquote class=\"instagram-media\" style=\"background: #FFF; border: 0; border-radius: 3px; box-shadow: 0 0 1px 0 rgba(0,0,0,0.5),0 1px 10px 0 rgba(0,0,0,0.15); margin: 1px; max-width: 540px; min-width: 326px; padding: 0; width: calc(100% - 2px);\" data-instgrm-permalink=\"https:\/\/www.instagram.com\/reel\/DHsYbs-sdkc\/?utm_source=ig_embed&amp;utm_campaign=loading\" data-instgrm-version=\"14\">\n<div style=\"padding: 16px;\">\n<div style=\"display: flex; flex-direction: row; align-items: center;\">\n<div style=\"background-color: #f4f4f4; border-radius: 50%; flex-grow: 0; height: 40px; margin-right: 14px; width: 40px;\">\u00a0<\/div>\n<div style=\"display: flex; flex-direction: column; flex-grow: 1; justify-content: center;\">\n<div style=\"background-color: #f4f4f4; border-radius: 4px; flex-grow: 0; height: 14px; margin-bottom: 6px; width: 100px;\">\u00a0<\/div>\n<div style=\"background-color: #f4f4f4; border-radius: 4px; flex-grow: 0; height: 14px; width: 60px;\">\u00a0<\/div>\n<\/div>\n<\/div>\n<div style=\"padding: 19% 0;\">\u00a0<\/div>\n<div style=\"display: block; height: 50px; margin: 0 auto 12px; width: 50px;\">\u00a0<\/div>\n<div style=\"padding-top: 8px;\">\n<div style=\"color: #3897f0; font-family: Arial,sans-serif; font-size: 14px; font-style: normal; font-weight: 550; line-height: 18px;\">Wy\u015bwietl ten post na Instagramie<\/div>\n<\/div>\n<div style=\"padding: 12.5% 0;\">\u00a0<\/div>\n<div style=\"display: flex; flex-direction: row; margin-bottom: 14px; align-items: center;\">\n<div>\n<div style=\"background-color: #f4f4f4; border-radius: 50%; height: 12.5px; width: 12.5px; transform: translateX(0px) translateY(7px);\">\u00a0<\/div>\n<div style=\"background-color: #f4f4f4; height: 12.5px; transform: rotate(-45deg) translateX(3px) translateY(1px); width: 12.5px; flex-grow: 0; margin-right: 14px; margin-left: 2px;\">\u00a0<\/div>\n<div style=\"background-color: #f4f4f4; border-radius: 50%; height: 12.5px; width: 12.5px; transform: translateX(9px) translateY(-18px);\">\u00a0<\/div>\n<\/div>\n<div style=\"margin-left: 8px;\">\n<div style=\"background-color: #f4f4f4; border-radius: 50%; flex-grow: 0; height: 20px; width: 20px;\">\u00a0<\/div>\n<div style=\"width: 0; height: 0; border-top: 2px solid transparent; border-left: 6px solid #f4f4f4; border-bottom: 2px solid transparent; transform: translateX(16px) translateY(-4px) rotate(30deg);\">\u00a0<\/div>\n<\/div>\n<div style=\"margin-left: auto;\">\n<div style=\"width: 0px; border-top: 8px solid #F4F4F4; border-right: 8px solid transparent; transform: translateY(16px);\">\u00a0<\/div>\n<div style=\"background-color: #f4f4f4; flex-grow: 0; height: 12px; width: 16px; transform: translateY(-4px);\">\u00a0<\/div>\n<div style=\"width: 0; height: 0; border-top: 8px solid #F4F4F4; border-left: 8px solid transparent; transform: translateY(-4px) translateX(8px);\">\u00a0<\/div>\n<\/div>\n<\/div>\n<div style=\"display: flex; flex-direction: column; flex-grow: 1; justify-content: center; margin-bottom: 24px;\">\n<div style=\"background-color: #f4f4f4; border-radius: 4px; flex-grow: 0; height: 14px; margin-bottom: 6px; width: 224px;\">\u00a0<\/div>\n<div style=\"background-color: #f4f4f4; border-radius: 4px; flex-grow: 0; height: 14px; width: 144px;\">\u00a0<\/div>\n<\/div>\n<p style=\"color: #c9c8cd; font-family: Arial,sans-serif; font-size: 14px; line-height: 17px; margin-bottom: 0; margin-top: 8px; overflow: hidden; padding: 8px 0 7px; text-align: center; text-overflow: ellipsis; white-space: nowrap;\"><a style=\"color: #c9c8cd; font-family: Arial,sans-serif; font-size: 14px; font-style: normal; font-weight: normal; line-height: 17px; text-decoration: none;\" href=\"https:\/\/www.instagram.com\/reel\/DHsYbs-sdkc\/?utm_source=ig_embed&amp;utm_campaign=loading\" target=\"_blank\" rel=\"noopener\">Post udost\u0119pniony przez Fashion Beauty Lifestyle (@lo_tiszka)<\/a><\/p>\n<\/div>\n<\/blockquote>\n<p><script async src=\"\/\/www.instagram.com\/embed.js\"><\/script><\/p>\n<h2 class=\"p1\"><span style=\"color: #ff9900;\">Dla kogo sukienki na komuni\u0119 w kwiaty?<\/span><\/h2>\n<p class=\"p1\">Sukienki w kwiaty to propozycja dla kobiet, kt\u00f3re chc\u0105 wnie\u015b\u0107 do stylizacji odrobin\u0119 romantyzmu i swobody. Tego typu modele doskonale pasuj\u0105 na komunie odbywaj\u0105ce si\u0119 w ogrodzie lub w plenerze. Kwiatowe wzory prze\u0142amuj\u0105 formalny charakter stroju, ale nadal wpisuj\u0105 si\u0119 w elegancki dress code uroczysto\u015bci.<\/p>\n<p class=\"p1\">W kolekcji Pakuten znajdziesz wiele sukienek w kwiaty, takich jak bestsellerowa sukienka Linann, kt\u00f3ra \u0142\u0105czy klasyk\u0119 z modowym twistem. To \u015bwietny wyb\u00f3r nie tylko dla go\u015bci, ale tak\u017ce dla chrzestnych mam czy si\u00f3str dziecka przyst\u0119puj\u0105cego do komunii.<\/p>\n<p class=\"p1\">Co wi\u0119cej, takie sukienki \u015bwietnie sprawdz\u0105 si\u0119 r\u00f3wnie\u017c po uroczysto\u015bci \u2013 na letnie przyj\u0119cie, garden party czy rodzinny obiad. Dzi\u0119ki temu inwestujesz w kreacj\u0119, kt\u00f3r\u0105 za\u0142o\u017cysz wi\u0119cej ni\u017c raz.<\/p>\n<div class=\"product-box-container\">\r\n<div class=\"one_third \" style=\"\">\r\n<div class=\"product-box\">\r\n<a href=\"https:\/\/pakuten.pl\/37263-80627-wzorzysta-sukienka-z-przekladanym-dekoltem-natina-n2-n2.html\" target=\"_blank\">\r\n <img src=\"https:\/\/media.pakuten.pl\/219887-large_default\/wzorzysta-sukienka-z-przekladanym-dekoltem-natina-n2.jpg\" alt=\"Wzorzysta sukienka z przek\u0142adanym dekoltem Natina -N2\"\/>\r\n<\/a>\r\n<p>\r\n<a href=\"https:\/\/pakuten.pl\/37263-80627-wzorzysta-sukienka-z-przekladanym-dekoltem-natina-n2-n2.html\" target=\"_blank\">\r\nWzorzysta sukienka z przek\u0142adanym dekoltem Natina -N2\r\n<\/a><\/p>\r\n  <p>Cena: 125,99\u00a0z\u0142<\/p>\r\n<a href=\"https:\/\/pakuten.pl\/37263-80627-wzorzysta-sukienka-z-przekladanym-dekoltem-natina-n2-n2.html\" target=\"_blank\" class=\"button\">\r\nZobacz w sklepie\r\n<\/a>\r\n<\/div>\r\n<\/div>\r\n<div class=\"one_third \" style=\"\">\r\n<div class=\"product-box\">\r\n<a href=\"https:\/\/pakuten.pl\/44261-91242-rozkloszowana-sukienka-mini-z-wiazaniem-niccalya-r11-r11.html\" target=\"_blank\">\r\n  <img src=\"https:\/\/media.pakuten.pl\/256373-large_default\/rozkloszowana-sukienka-mini-z-wiazaniem-niccalya-r11.jpg\" alt=\"Rozkloszowana sukienka mini z wi\u0105zaniem Niccalya - R11\"\/>\r\n<\/a>\r\n<p>\r\n<a href=\"https:\/\/pakuten.pl\/44261-91242-rozkloszowana-sukienka-mini-z-wiazaniem-niccalya-r11-r11.html\" target=\"_blank\">\r\nRozkloszowana sukienka mini z wi\u0105zaniem Niccalya - R11\r\n<\/a><\/p>\r\n  <p>Cena: 130,19\u00a0z\u0142<\/p>\r\n<a href=\"https:\/\/pakuten.pl\/44261-91242-rozkloszowana-sukienka-mini-z-wiazaniem-niccalya-r11-r11.html\" target=\"_blank\" class=\"button\">\r\nZobacz w sklepie\r\n<\/a>\r\n<\/div>\r\n<\/div>\r\n<div class=\"one_third last \" style=\"\">\r\n<div class=\"product-box\">\r\n<a href=\"https:\/\/pakuten.pl\/44202-91132-zestaw-sukienek-w-kwiatki-z-tiulowym-dolem-mama-i-corka-leara-wzor-1.html\" target=\"_blank\">\r\n  <img src=\"https:\/\/media.pakuten.pl\/256078-large_default\/zestaw-sukienek-w-kwiatki-z-tiulowym-dolem-mama-i-corka-leara.jpg\" alt=\"Zestaw sukienek w kwiatki z tiulowym do\u0142em mama i c\u00f3rka Leara - wz\u00f3r 1\"\/>\r\n<\/a>\r\n<p>\r\n<a href=\"https:\/\/pakuten.pl\/44202-91132-zestaw-sukienek-w-kwiatki-z-tiulowym-dolem-mama-i-corka-leara-wzor-1.html\" target=\"_blank\">\r\nZestaw sukienek w kwiatki z tiulowym do\u0142em mama i c\u00f3rka Leara - wz\u00f3r 1\r\n<\/a><\/p>\r\n  <p>Cena: 279,99\u00a0z\u0142<\/p>\r\n<a href=\"https:\/\/pakuten.pl\/44202-91132-zestaw-sukienek-w-kwiatki-z-tiulowym-dolem-mama-i-corka-leara-wzor-1.html\" target=\"_blank\" class=\"button\">\r\nZobacz w sklepie\r\n<\/a>\r\n<\/div>\r\n<\/div><br class=\"clear\"\/>\r\n<\/div>\n<h2 class=\"p1\"><span style=\"color: #ff9900;\">Matchy-matchy \u2013 harmonijne stylizacje dla mamy i c\u00f3rki<\/span><\/h2>\n<p class=\"p1\">Coraz wi\u0119ksz\u0105 popularno\u015b\u0107 zdobywa trend <a href=\"https:\/\/pakuten.pl\/160-zestawy-dla-mamy-i-dziecka\"><span class=\"s1\"><span style=\"color: #ff9900;\">matchy-matchy<\/span><\/span><\/a>, polegaj\u0105cy na dopasowaniu stylizacji mamy i c\u00f3rki. Wsp\u00f3lne kreacje podkre\u015blaj\u0105 wi\u0119\u017a mi\u0119dzy matk\u0105 a dzieckiem i prezentuj\u0105 si\u0119 niezwykle uroczo na rodzinnych fotografiach. W naszej ofercie znajdziesz zestawy sukienek, kt\u00f3re doskonale wpisuj\u0105 si\u0119 w ten trend. Przyk\u0142adem jest zestaw sukienek z tiulowym do\u0142em Mykene w kolorze brudnego r\u00f3\u017cu, czy bieli dost\u0119pny w r\u00f3\u017cnych rozmiarach dla mamy i c\u00f3rki. Ten elegancki komplet sprawdzi si\u0119 nie tylko podczas komunii, ale r\u00f3wnie\u017c na innych rodzinnych uroczysto\u015bciach.<\/p>\n<h2 class=\"p1\"><span style=\"color: #ff9900;\">Sukienki na komuni\u0119 dost\u0119pne w Pakuten<\/span><\/h2>\n<p class=\"p1\">W sklepie Pakuten czeka na Ciebie szeroka kolekcja sukienek na komuni\u0119, zachwycaj\u0105ca r\u00f3\u017cnorodno\u015bci\u0105 modeli, fason\u00f3w, kolor\u00f3w i styl\u00f3w. Znajdziesz tu zar\u00f3wno zwiewne sukienki maxi jak i eleganckie rozkloszowane midi. Nie brakuje r\u00f3wnie\u017c dopasowanych fason\u00f3w koktajlowych, dzi\u0119ki czemu z \u0142atwo\u015bci\u0105 dobierzesz idealn\u0105 kreacj\u0119 na t\u0119 uroczysto\u015b\u0107. Paleta barw si\u0119ga od subtelnych pasteli i klasycznej bieli po bardziej wyraziste odcienie, co pozwala wyrazi\u0107 Tw\u00f3j indywidualny styl. Ponadto ka\u017cdy model \u0142\u0105czy modny wygl\u0105d z komfortem noszenia, dlatego nasze sukienki na komuni\u0119 to idealny wyb\u00f3r na tak wa\u017cn\u0105 okazj\u0119.<\/p>\n<div id=\"attachment_9759\" style=\"width: 610px\" class=\"wp-caption aligncenter\"><img aria-describedby=\"caption-attachment-9759\" loading=\"lazy\" class=\"size-full wp-image-9759\" src=\"https:\/\/pakuten.pl\/blog\/wp-content\/uploads\/2025\/04\/sukienka-z-ozdobna\u0328-kokarda\u0328-Maribella.png\" alt=\"Sukienki na komuni\u0119\" width=\"600\" height=\"800\" \/><p id=\"caption-attachment-9759\" class=\"wp-caption-text\">Sukienka z ozdobn\u0105 kokard\u0105 Maribella<\/p><\/div>\n<h2 class=\"p1\"><span style=\"color: #ff9900;\">Szybka dostawa \u2013 Twoja sukienka na czas<\/span><\/h2>\n<p class=\"p2\">Wiemy, jak wa\u017cne jest, aby sukienka na komuni\u0119 dotar\u0142a do Ciebie na czas. Dlatego w naszym sklepie internetowym gwarantujemy wysy\u0142k\u0119 w ci\u0105gu 24 godzin od z\u0142o\u017cenia zam\u00f3wienia. Dzi\u0119ki temu mo\u017cesz by\u0107 pewna, \u017ce Twoja kreacja dotrze na czas, a Ty b\u0119dziesz mog\u0142a skupi\u0107 si\u0119 na przygotowaniach do tej wyj\u0105tkowej uroczysto\u015bci.<\/p>\n<p>\u00a0<\/p>\n<p class=\"p1\">Wyb\u00f3r sukienki na komuni\u0119 w 2025 roku to po\u0142\u0105czenie klasycznej elegancji z nowoczesnymi akcentami. Pastelowe kolory, subtelne zdobienia i wysokiej jako\u015bci materia\u0142y to kluczowe elementy modnych kreacji na t\u0119 uroczysto\u015b\u0107. Niezale\u017cnie od tego, czy zdecydujesz si\u0119 na klasyczn\u0105 sukienk\u0119 midi, czy postawisz na dopasowan\u0105 stylizacj\u0119 matchy-matchy z c\u00f3rk\u0105, pami\u0119taj, \u017ce najwa\u017cniejsze jest, aby\u015b czu\u0142a si\u0119 komfortowo i wyj\u0105tkowo w tym wa\u017cnym dniu. Zapraszamy do zapoznania si\u0119 z nasz\u0105 ofert\u0105 sukienek na komuni\u0119, gdzie z pewno\u015bci\u0105 znajdziesz kreacj\u0119 idealn\u0105 dla siebie.<\/p>\n\n\n<div class=\"kk-star-ratings kksr-auto kksr-align-right kksr-valign-bottom\"\n    data-payload='{&quot;align&quot;:&quot;right&quot;,&quot;id&quot;:&quot;9767&quot;,&quot;slug&quot;:&quot;default&quot;,&quot;valign&quot;:&quot;bottom&quot;,&quot;ignore&quot;:&quot;&quot;,&quot;reference&quot;:&quot;auto&quot;,&quot;class&quot;:&quot;&quot;,&quot;count&quot;:&quot;0&quot;,&quot;legendonly&quot;:&quot;&quot;,&quot;readonly&quot;:&quot;&quot;,&quot;score&quot;:&quot;0&quot;,&quot;starsonly&quot;:&quot;&quot;,&quot;best&quot;:&quot;5&quot;,&quot;gap&quot;:&quot;5&quot;,&quot;greet&quot;:&quot;Rate this post&quot;,&quot;legend&quot;:&quot;0\\\/5 - (0 votes)&quot;,&quot;size&quot;:&quot;24&quot;,&quot;width&quot;:&quot;0&quot;,&quot;_legend&quot;:&quot;{score}\\\/{best} - ({count} {votes})&quot;,&quot;font_factor&quot;:&quot;1.25&quot;}'>\n            \n<div class=\"kksr-stars\">\n    \n<div class=\"kksr-stars-inactive\">\n            <div class=\"kksr-star\" data-star=\"1\" style=\"padding-right: 5px\">\n            \n\n<div class=\"kksr-icon\" style=\"width: 24px; height: 24px;\"><\/div>\n        <\/div>\n            <div class=\"kksr-star\" data-star=\"2\" style=\"padding-right: 5px\">\n            \n\n<div class=\"kksr-icon\" style=\"width: 24px; height: 24px;\"><\/div>\n        <\/div>\n            <div class=\"kksr-star\" data-star=\"3\" style=\"padding-right: 5px\">\n            \n\n<div class=\"kksr-icon\" style=\"width: 24px; height: 24px;\"><\/div>\n        <\/div>\n            <div class=\"kksr-star\" data-star=\"4\" style=\"padding-right: 5px\">\n            \n\n<div class=\"kksr-icon\" style=\"width: 24px; height: 24px;\"><\/div>\n        <\/div>\n            <div class=\"kksr-star\" data-star=\"5\" style=\"padding-right: 5px\">\n            \n\n<div class=\"kksr-icon\" style=\"width: 24px; height: 24px;\"><\/div>\n        <\/div>\n    <\/div>\n    \n<div class=\"kksr-stars-active\" style=\"width: 0px;\">\n            <div class=\"kksr-star\" style=\"padding-right: 5px\">\n            \n\n<div class=\"kksr-icon\" style=\"width: 24px; height: 24px;\"><\/div>\n        <\/div>\n            <div class=\"kksr-star\" style=\"padding-right: 5px\">\n            \n\n<div class=\"kksr-icon\" style=\"width: 24px; height: 24px;\"><\/div>\n        <\/div>\n            <div class=\"kksr-star\" style=\"padding-right: 5px\">\n            \n\n<div class=\"kksr-icon\" style=\"width: 24px; height: 24px;\"><\/div>\n        <\/div>\n            <div class=\"kksr-star\" style=\"padding-right: 5px\">\n            \n\n<div class=\"kksr-icon\" style=\"width: 24px; height: 24px;\"><\/div>\n        <\/div>\n            <div class=\"kksr-star\" style=\"padding-right: 5px\">\n            \n\n<div class=\"kksr-icon\" style=\"width: 24px; height: 24px;\"><\/div>\n        <\/div>\n    <\/div>\n<\/div>\n                \n\n<div class=\"kksr-legend\" style=\"font-size: 19.2px;\">\n            <span class=\"kksr-muted\">Rate this post<\/span>\n    <\/div>\n    <\/div>\n","protected":false},"excerpt":{"rendered":"<p class=\"p1\" style=\"margin: 0px; font-variant-numeric: normal; font-variant-east-asian: normal; font-variant-alternates: normal; font-size-adjust: none; font-kerning: auto; font-optical-sizing: auto; font-feature-settings: normal; font-variation-settings: normal; font-variant-position: normal; font-stretch: normal; font-size: 12px; line-height: normal; font-family: 'Helvetica Neue'; color: #000000;\">Sukienki na komuni\u0119 to temat, kt\u00f3ry co roku budzi wiele emocji w\u015br\u00f3d mam, chrzestnych oraz go\u015bci zaproszonych na t\u0119 uroczysto\u015b\u0107. W 2025 roku moda komunijna \u0142\u0105czy klasyczn\u0105 elegancj\u0119 z nowoczesnymi akcentami, oferuj\u0105c szeroki wyb\u00f3r fason\u00f3w, kolor\u00f3w i styl\u00f3w. W tym artykule przedstawimy najnowsze trendy, kt\u00f3re pomog\u0105 Ci wybra\u0107 idealn\u0105 sukienk\u0119 na t\u0119 wyj\u0105tkow\u0105 okazj\u0119.<\/p>\n","protected":false},"author":3,"featured_media":9760,"comment_status":"open","ping_status":"open","sticky":false,"template":"","format":"standard","meta":[],"categories":[3],"tags":[],"yoast_head":"<!-- This site is optimized with the Yoast SEO plugin v18.4.1 - https:\/\/yoast.com\/wordpress\/plugins\/seo\/ -->\n<title>Sukienki na komuni\u0119 2025 \u2013 co jest modne w tym sezonie? - Pakuten blog<\/title>\n<meta name=\"description\" content=\"Sukienki na komuni\u0119 2025 \u2013 modne fasony, pastelowe kolory i szybka wysy\u0142ka w 24h. Wybierz kreacj\u0119 z Pakuten i zachwy\u0107 w wyj\u0105tkowym dniu!\" \/>\n<meta name=\"robots\" content=\"index, follow, max-snippet:-1, max-image-preview:large, max-video-preview:-1\" \/>\n<link rel=\"canonical\" href=\"https:\/\/pakuten.pl\/blog\/sukienki-na-komunie-2025-co-jest-modne-w-tym-sezonie-2\/\" \/>\n<meta property=\"og:locale\" content=\"pl_PL\" \/>\n<meta property=\"og:type\" content=\"article\" \/>\n<meta property=\"og:title\" content=\"Sukienki na komuni\u0119 2025 \u2013 co jest modne w tym sezonie? - Pakuten blog\" \/>\n<meta property=\"og:description\" content=\"Sukienki na komuni\u0119 2025 \u2013 modne fasony, pastelowe kolory i szybka wysy\u0142ka w 24h. Wybierz kreacj\u0119 z Pakuten i zachwy\u0107 w wyj\u0105tkowym dniu!\" \/>\n<meta property=\"og:url\" content=\"https:\/\/pakuten.pl\/blog\/sukienki-na-komunie-2025-co-jest-modne-w-tym-sezonie-2\/\" \/>\n<meta property=\"og:site_name\" content=\"Pakuten blog\" \/>\n<meta property=\"article:published_time\" content=\"2025-04-03T05:52:25+00:00\" \/>\n<meta property=\"og:image\" content=\"https:\/\/pakuten.pl\/blog\/wp-content\/uploads\/2025\/04\/Sukienki-na-komunie\u0328-2025-\u2013-co-jest-modne-w-tym-sezonie.png\" \/>\n\t<meta property=\"og:image:width\" content=\"1280\" \/>\n\t<meta property=\"og:image:height\" content=\"853\" \/>\n\t<meta property=\"og:image:type\" content=\"image\/png\" \/>\n<meta name=\"twitter:card\" content=\"summary_large_image\" \/>\n<meta name=\"twitter:label1\" content=\"Napisane przez\" \/>\n\t<meta name=\"twitter:data1\" content=\"Pakuten Girl\" \/>\n\t<meta name=\"twitter:label2\" content=\"Szacowany czas czytania\" \/>\n\t<meta name=\"twitter:data2\" content=\"5 minut\" \/>\n<script type=\"application\/ld+json\" class=\"yoast-schema-graph\">{\"@context\":\"https:\/\/schema.org\",\"@graph\":[{\"@type\":\"Organization\",\"@id\":\"https:\/\/pakuten.pl\/blog\/#organization\",\"name\":\"Pakuten\",\"url\":\"https:\/\/pakuten.pl\/blog\/\",\"sameAs\":[],\"logo\":{\"@type\":\"ImageObject\",\"@id\":\"https:\/\/pakuten.pl\/blog\/#logo\",\"inLanguage\":\"pl-PL\",\"url\":\"http:\/\/pakuten.pl\/blog\/wp-content\/uploads\/2018\/01\/pakuten_logo.png\",\"contentUrl\":\"http:\/\/pakuten.pl\/blog\/wp-content\/uploads\/2018\/01\/pakuten_logo.png\",\"width\":300,\"height\":120,\"caption\":\"Pakuten\"},\"image\":{\"@id\":\"https:\/\/pakuten.pl\/blog\/#logo\"}},{\"@type\":\"WebSite\",\"@id\":\"https:\/\/pakuten.pl\/blog\/#website\",\"url\":\"https:\/\/pakuten.pl\/blog\/\",\"name\":\"Pakuten blog\",\"description\":\"Blog sklepu internetowego pakuten.pl\",\"publisher\":{\"@id\":\"https:\/\/pakuten.pl\/blog\/#organization\"},\"potentialAction\":[{\"@type\":\"SearchAction\",\"target\":{\"@type\":\"EntryPoint\",\"urlTemplate\":\"https:\/\/pakuten.pl\/blog\/?s={search_term_string}\"},\"query-input\":\"required name=search_term_string\"}],\"inLanguage\":\"pl-PL\"},{\"@type\":\"ImageObject\",\"@id\":\"https:\/\/pakuten.pl\/blog\/sukienki-na-komunie-2025-co-jest-modne-w-tym-sezonie-2\/#primaryimage\",\"inLanguage\":\"pl-PL\",\"url\":\"https:\/\/pakuten.pl\/blog\/wp-content\/uploads\/2025\/04\/Sukienki-na-komunie\u0328-2025-\u2013-co-jest-modne-w-tym-sezonie.png\",\"contentUrl\":\"https:\/\/pakuten.pl\/blog\/wp-content\/uploads\/2025\/04\/Sukienki-na-komunie\u0328-2025-\u2013-co-jest-modne-w-tym-sezonie.png\",\"width\":1280,\"height\":853},{\"@type\":\"WebPage\",\"@id\":\"https:\/\/pakuten.pl\/blog\/sukienki-na-komunie-2025-co-jest-modne-w-tym-sezonie-2\/#webpage\",\"url\":\"https:\/\/pakuten.pl\/blog\/sukienki-na-komunie-2025-co-jest-modne-w-tym-sezonie-2\/\",\"name\":\"Sukienki na komuni\u0119 2025 \u2013 co jest modne w tym sezonie? - Pakuten blog\",\"isPartOf\":{\"@id\":\"https:\/\/pakuten.pl\/blog\/#website\"},\"primaryImageOfPage\":{\"@id\":\"https:\/\/pakuten.pl\/blog\/sukienki-na-komunie-2025-co-jest-modne-w-tym-sezonie-2\/#primaryimage\"},\"datePublished\":\"2025-04-03T05:52:25+00:00\",\"dateModified\":\"2025-04-03T05:52:25+00:00\",\"description\":\"Sukienki na komuni\u0119 2025 \u2013 modne fasony, pastelowe kolory i szybka wysy\u0142ka w 24h. Wybierz kreacj\u0119 z Pakuten i zachwy\u0107 w wyj\u0105tkowym dniu!\",\"breadcrumb\":{\"@id\":\"https:\/\/pakuten.pl\/blog\/sukienki-na-komunie-2025-co-jest-modne-w-tym-sezonie-2\/#breadcrumb\"},\"inLanguage\":\"pl-PL\",\"potentialAction\":[{\"@type\":\"ReadAction\",\"target\":[\"https:\/\/pakuten.pl\/blog\/sukienki-na-komunie-2025-co-jest-modne-w-tym-sezonie-2\/\"]}]},{\"@type\":\"BreadcrumbList\",\"@id\":\"https:\/\/pakuten.pl\/blog\/sukienki-na-komunie-2025-co-jest-modne-w-tym-sezonie-2\/#breadcrumb\",\"itemListElement\":[{\"@type\":\"ListItem\",\"position\":1,\"name\":\"Strona g\u0142\u00f3wna\",\"item\":\"https:\/\/pakuten.pl\/blog\/\"},{\"@type\":\"ListItem\",\"position\":2,\"name\":\"Sukienki na komuni\u0119 2025 \u2013 co jest modne w tym sezonie?\"}]},{\"@type\":\"Article\",\"@id\":\"https:\/\/pakuten.pl\/blog\/sukienki-na-komunie-2025-co-jest-modne-w-tym-sezonie-2\/#article\",\"isPartOf\":{\"@id\":\"https:\/\/pakuten.pl\/blog\/sukienki-na-komunie-2025-co-jest-modne-w-tym-sezonie-2\/#webpage\"},\"author\":{\"@id\":\"https:\/\/pakuten.pl\/blog\/#\/schema\/person\/d7133af30211381a4e4536d088384556\"},\"headline\":\"Sukienki na komuni\u0119 2025 \u2013 co jest modne w tym sezonie?\",\"datePublished\":\"2025-04-03T05:52:25+00:00\",\"dateModified\":\"2025-04-03T05:52:25+00:00\",\"mainEntityOfPage\":{\"@id\":\"https:\/\/pakuten.pl\/blog\/sukienki-na-komunie-2025-co-jest-modne-w-tym-sezonie-2\/#webpage\"},\"wordCount\":795,\"commentCount\":0,\"publisher\":{\"@id\":\"https:\/\/pakuten.pl\/blog\/#organization\"},\"image\":{\"@id\":\"https:\/\/pakuten.pl\/blog\/sukienki-na-komunie-2025-co-jest-modne-w-tym-sezonie-2\/#primaryimage\"},\"thumbnailUrl\":\"https:\/\/pakuten.pl\/blog\/wp-content\/uploads\/2025\/04\/Sukienki-na-komunie\u0328-2025-\u2013-co-jest-modne-w-tym-sezonie.png\",\"articleSection\":[\"Top Trends\"],\"inLanguage\":\"pl-PL\",\"potentialAction\":[{\"@type\":\"CommentAction\",\"name\":\"Comment\",\"target\":[\"https:\/\/pakuten.pl\/blog\/sukienki-na-komunie-2025-co-jest-modne-w-tym-sezonie-2\/#respond\"]}]},{\"@type\":\"Person\",\"@id\":\"https:\/\/pakuten.pl\/blog\/#\/schema\/person\/d7133af30211381a4e4536d088384556\",\"name\":\"Pakuten Girl\",\"image\":{\"@type\":\"ImageObject\",\"@id\":\"https:\/\/pakuten.pl\/blog\/#personlogo\",\"inLanguage\":\"pl-PL\",\"url\":\"https:\/\/secure.gravatar.com\/avatar\/d3df41de2caf92e6cfded9430c2ff352?s=96&d=mm&r=g\",\"contentUrl\":\"https:\/\/secure.gravatar.com\/avatar\/d3df41de2caf92e6cfded9430c2ff352?s=96&d=mm&r=g\",\"caption\":\"Pakuten Girl\"},\"description\":\"Cze\u015b\u0107, nazywam si\u0119 Ola. Kocham Netflixa, sals\u0119, nowo\u015bci kosmetyczne i najnowsze trendy w modzie.\",\"url\":\"https:\/\/pakuten.pl\/blog\/author\/pakuten-girl\/\"}]}<\/script>\n<!-- \/ Yoast SEO plugin. -->","yoast_head_json":{"title":"Sukienki na komuni\u0119 2025 \u2013 co jest modne w tym sezonie? - Pakuten blog","description":"Sukienki na komuni\u0119 2025 \u2013 modne fasony, pastelowe kolory i szybka wysy\u0142ka w 24h. Wybierz kreacj\u0119 z Pakuten i zachwy\u0107 w wyj\u0105tkowym dniu!","robots":{"index":"index","follow":"follow","max-snippet":"max-snippet:-1","max-image-preview":"max-image-preview:large","max-video-preview":"max-video-preview:-1"},"canonical":"https:\/\/pakuten.pl\/blog\/sukienki-na-komunie-2025-co-jest-modne-w-tym-sezonie-2\/","og_locale":"pl_PL","og_type":"article","og_title":"Sukienki na komuni\u0119 2025 \u2013 co jest modne w tym sezonie? - Pakuten blog","og_description":"Sukienki na komuni\u0119 2025 \u2013 modne fasony, pastelowe kolory i szybka wysy\u0142ka w 24h. Wybierz kreacj\u0119 z Pakuten i zachwy\u0107 w wyj\u0105tkowym dniu!","og_url":"https:\/\/pakuten.pl\/blog\/sukienki-na-komunie-2025-co-jest-modne-w-tym-sezonie-2\/","og_site_name":"Pakuten blog","article_published_time":"2025-04-03T05:52:25+00:00","og_image":[{"width":1280,"height":853,"url":"https:\/\/pakuten.pl\/blog\/wp-content\/uploads\/2025\/04\/Sukienki-na-komunie\u0328-2025-\u2013-co-jest-modne-w-tym-sezonie.png","type":"image\/png"}],"twitter_card":"summary_large_image","twitter_misc":{"Napisane przez":"Pakuten Girl","Szacowany czas czytania":"5 minut"},"schema":{"@context":"https:\/\/schema.org","@graph":[{"@type":"Organization","@id":"https:\/\/pakuten.pl\/blog\/#organization","name":"Pakuten","url":"https:\/\/pakuten.pl\/blog\/","sameAs":[],"logo":{"@type":"ImageObject","@id":"https:\/\/pakuten.pl\/blog\/#logo","inLanguage":"pl-PL","url":"http:\/\/pakuten.pl\/blog\/wp-content\/uploads\/2018\/01\/pakuten_logo.png","contentUrl":"http:\/\/pakuten.pl\/blog\/wp-content\/uploads\/2018\/01\/pakuten_logo.png","width":300,"height":120,"caption":"Pakuten"},"image":{"@id":"https:\/\/pakuten.pl\/blog\/#logo"}},{"@type":"WebSite","@id":"https:\/\/pakuten.pl\/blog\/#website","url":"https:\/\/pakuten.pl\/blog\/","name":"Pakuten blog","description":"Blog sklepu internetowego pakuten.pl","publisher":{"@id":"https:\/\/pakuten.pl\/blog\/#organization"},"potentialAction":[{"@type":"SearchAction","target":{"@type":"EntryPoint","urlTemplate":"https:\/\/pakuten.pl\/blog\/?s={search_term_string}"},"query-input":"required name=search_term_string"}],"inLanguage":"pl-PL"},{"@type":"ImageObject","@id":"https:\/\/pakuten.pl\/blog\/sukienki-na-komunie-2025-co-jest-modne-w-tym-sezonie-2\/#primaryimage","inLanguage":"pl-PL","url":"https:\/\/pakuten.pl\/blog\/wp-content\/uploads\/2025\/04\/Sukienki-na-komunie\u0328-2025-\u2013-co-jest-modne-w-tym-sezonie.png","contentUrl":"https:\/\/pakuten.pl\/blog\/wp-content\/uploads\/2025\/04\/Sukienki-na-komunie\u0328-2025-\u2013-co-jest-modne-w-tym-sezonie.png","width":1280,"height":853},{"@type":"WebPage","@id":"https:\/\/pakuten.pl\/blog\/sukienki-na-komunie-2025-co-jest-modne-w-tym-sezonie-2\/#webpage","url":"https:\/\/pakuten.pl\/blog\/sukienki-na-komunie-2025-co-jest-modne-w-tym-sezonie-2\/","name":"Sukienki na komuni\u0119 2025 \u2013 co jest modne w tym sezonie? - Pakuten blog","isPartOf":{"@id":"https:\/\/pakuten.pl\/blog\/#website"},"primaryImageOfPage":{"@id":"https:\/\/pakuten.pl\/blog\/sukienki-na-komunie-2025-co-jest-modne-w-tym-sezonie-2\/#primaryimage"},"datePublished":"2025-04-03T05:52:25+00:00","dateModified":"2025-04-03T05:52:25+00:00","description":"Sukienki na komuni\u0119 2025 \u2013 modne fasony, pastelowe kolory i szybka wysy\u0142ka w 24h. Wybierz kreacj\u0119 z Pakuten i zachwy\u0107 w wyj\u0105tkowym dniu!","breadcrumb":{"@id":"https:\/\/pakuten.pl\/blog\/sukienki-na-komunie-2025-co-jest-modne-w-tym-sezonie-2\/#breadcrumb"},"inLanguage":"pl-PL","potentialAction":[{"@type":"ReadAction","target":["https:\/\/pakuten.pl\/blog\/sukienki-na-komunie-2025-co-jest-modne-w-tym-sezonie-2\/"]}]},{"@type":"BreadcrumbList","@id":"https:\/\/pakuten.pl\/blog\/sukienki-na-komunie-2025-co-jest-modne-w-tym-sezonie-2\/#breadcrumb","itemListElement":[{"@type":"ListItem","position":1,"name":"Strona g\u0142\u00f3wna","item":"https:\/\/pakuten.pl\/blog\/"},{"@type":"ListItem","position":2,"name":"Sukienki na komuni\u0119 2025 \u2013 co jest modne w tym sezonie?"}]},{"@type":"Article","@id":"https:\/\/pakuten.pl\/blog\/sukienki-na-komunie-2025-co-jest-modne-w-tym-sezonie-2\/#article","isPartOf":{"@id":"https:\/\/pakuten.pl\/blog\/sukienki-na-komunie-2025-co-jest-modne-w-tym-sezonie-2\/#webpage"},"author":{"@id":"https:\/\/pakuten.pl\/blog\/#\/schema\/person\/d7133af30211381a4e4536d088384556"},"headline":"Sukienki na komuni\u0119 2025 \u2013 co jest modne w tym sezonie?","datePublished":"2025-04-03T05:52:25+00:00","dateModified":"2025-04-03T05:52:25+00:00","mainEntityOfPage":{"@id":"https:\/\/pakuten.pl\/blog\/sukienki-na-komunie-2025-co-jest-modne-w-tym-sezonie-2\/#webpage"},"wordCount":795,"commentCount":0,"publisher":{"@id":"https:\/\/pakuten.pl\/blog\/#organization"},"image":{"@id":"https:\/\/pakuten.pl\/blog\/sukienki-na-komunie-2025-co-jest-modne-w-tym-sezonie-2\/#primaryimage"},"thumbnailUrl":"https:\/\/pakuten.pl\/blog\/wp-content\/uploads\/2025\/04\/Sukienki-na-komunie\u0328-2025-\u2013-co-jest-modne-w-tym-sezonie.png","articleSection":["Top Trends"],"inLanguage":"pl-PL","potentialAction":[{"@type":"CommentAction","name":"Comment","target":["https:\/\/pakuten.pl\/blog\/sukienki-na-komunie-2025-co-jest-modne-w-tym-sezonie-2\/#respond"]}]},{"@type":"Person","@id":"https:\/\/pakuten.pl\/blog\/#\/schema\/person\/d7133af30211381a4e4536d088384556","name":"Pakuten Girl","image":{"@type":"ImageObject","@id":"https:\/\/pakuten.pl\/blog\/#personlogo","inLanguage":"pl-PL","url":"https:\/\/secure.gravatar.com\/avatar\/d3df41de2caf92e6cfded9430c2ff352?s=96&d=mm&r=g","contentUrl":"https:\/\/secure.gravatar.com\/avatar\/d3df41de2caf92e6cfded9430c2ff352?s=96&d=mm&r=g","caption":"Pakuten Girl"},"description":"Cze\u015b\u0107, nazywam si\u0119 Ola. Kocham Netflixa, sals\u0119, nowo\u015bci kosmetyczne i najnowsze trendy w modzie.","url":"https:\/\/pakuten.pl\/blog\/author\/pakuten-girl\/"}]}},"_links":{"self":[{"href":"https:\/\/pakuten.pl\/blog\/wp-json\/wp\/v2\/posts\/9767"}],"collection":[{"href":"https:\/\/pakuten.pl\/blog\/wp-json\/wp\/v2\/posts"}],"about":[{"href":"https:\/\/pakuten.pl\/blog\/wp-json\/wp\/v2\/types\/post"}],"author":[{"embeddable":true,"href":"https:\/\/pakuten.pl\/blog\/wp-json\/wp\/v2\/users\/3"}],"replies":[{"embeddable":true,"href":"https:\/\/pakuten.pl\/blog\/wp-json\/wp\/v2\/comments?post=9767"}],"version-history":[{"count":5,"href":"https:\/\/pakuten.pl\/blog\/wp-json\/wp\/v2\/posts\/9767\/revisions"}],"predecessor-version":[{"id":9775,"href":"https:\/\/pakuten.pl\/blog\/wp-json\/wp\/v2\/posts\/9767\/revisions\/9775"}],"wp:featuredmedia":[{"embeddable":true,"href":"https:\/\/pakuten.pl\/blog\/wp-json\/wp\/v2\/media\/9760"}],"wp:attachment":[{"href":"https:\/\/pakuten.pl\/blog\/wp-json\/wp\/v2\/media?parent=9767"}],"wp:term":[{"taxonomy":"category","embeddable":true,"href":"https:\/\/pakuten.pl\/blog\/wp-json\/wp\/v2\/categories?post=9767"},{"taxonomy":"post_tag","embeddable":true,"href":"https:\/\/pakuten.pl\/blog\/wp-json\/wp\/v2\/tags?post=9767"}],"curies":[{"name":"wp","href":"https:\/\/api.w.org\/{rel}","templated":true}]}}