{"id":9838,"date":"2025-04-19T14:23:00","date_gmt":"2025-04-19T12:23:00","guid":{"rendered":"https:\/\/pakuten.pl\/blog\/?p=9838"},"modified":"2025-04-16T14:48:57","modified_gmt":"2025-04-16T12:48:57","slug":"modna-walizka-na-weekend","status":"publish","type":"post","link":"https:\/\/pakuten.pl\/blog\/modna-walizka-na-weekend\/","title":{"rendered":"Modna walizka na weekend \u2013 stylizacje, kt\u00f3re zmieszcz\u0105 si\u0119 w baga\u017cu podr\u0119cznym"},"content":{"rendered":"\n<p class=\"p1\"><strong>Modna walizka to nie tylko dobrze dobrany baga\u017c, ale te\u017c zawarto\u015b\u0107, kt\u00f3ra pozwala czu\u0107 si\u0119 stylowo i komfortowo. Maj i czerwiec to idealne miesi\u0105ce na kr\u00f3tkie wyjazdy \u2013 city breaki, weekendy na wsi czy wypady nad jezioro. Niezale\u017cnie od kierunku, jedno pozostaje niezmienne: chcemy wygl\u0105da\u0107 dobrze, ale nie d\u017awiga\u0107 po\u0142owy garderoby.<\/strong><\/p>\n<p class=\"p1\"><strong>Jak wi\u0119c spakowa\u0107 si\u0119 lekko, nie trac\u0105c stylu? W tym wpisie znajdziesz praktyczne wskaz\u00f3wki i gotowe zestawy, kt\u00f3re sprawi\u0105, \u017ce modna walizka stanie si\u0119 Twoj\u0105 supermoc\u0105.<\/strong><\/p>\n\n\n\n<h2 class=\"p1\"><span style=\"color: #ff9900;\">Modna walizka \u2013 jakie ubrania sprawdz\u0105 si\u0119 najlepiej?<\/span><\/h2>\n<p class=\"p2\">Pierwsza zasada: my\u015bl zestawami. Pakowanie pojedynczych, przypadkowych rzeczy ko\u0144czy si\u0119 ba\u0142aganem i niewykorzystan\u0105 zawarto\u015bci\u0105 walizki. Postaw na elementy, kt\u00f3re mo\u017cesz miksowa\u0107.<\/p>\n<h5 class=\"p3\"><span style=\"color: #ff9900;\">Co warto zabra\u0107:<\/span><\/h5>\n<p class=\"p1\"><b>Sukienka midi<\/b> to absolutny must-have w ka\u017cdej <b>modnej walizce<\/b>. Dzi\u0119ki swojej d\u0142ugo\u015bci \u2013 si\u0119gaj\u0105cej za kolano \u2013 jest niezwykle uniwersalna. \u015awietnie sprawdza si\u0119 zar\u00f3wno w ci\u0105gu dnia, jak i wieczorem. Mo\u017cesz za\u0142o\u017cy\u0107 j\u0105 na zwiedzanie miasta, spacer promenad\u0105, lunch w kawiarni, a wieczorem wystylizowa\u0107 z innymi dodatkami na romantyczn\u0105 kolacj\u0119 czy przyj\u0119cie w ogrodzie.<\/p>\n<p class=\"p1\">W kolekcji Pakuten znajdziesz wiele <span style=\"color: #ff9900;\"><a style=\"color: #ff9900;\" href=\"https:\/\/pakuten.pl\/27-sukienki\" target=\"_blank\" rel=\"noopener\">sukienek<\/a><\/span> midi, kt\u00f3re \u015bwietnie \u0142\u0105cz\u0105 styl z funkcjonalno\u015bci\u0105. Wystarczy doda\u0107 do niej sportowe buty na dzie\u0144 lub delikatne sanda\u0142ki wieczorem, by stworzy\u0107 dwa zupe\u0142nie r\u00f3\u017cne, ale r\u00f3wnie efektowne zestawy. W\u0142a\u015bnie dlatego to jeden z najlepszych element\u00f3w garderoby na ka\u017cdy weekendowy wyjazd.<\/p>\n<div class=\"product-box-container\">\r\n<div class=\"one_third \" style=\"\">\r\n<div class=\"product-box\">\r\n<a href=\"https:\/\/pakuten.pl\/44717-91921-kwiecista-sukienka-midi-z-rozcieciem-estrella-r15-r15.html\" target=\"_blank\">\r\n <img src=\"https:\/\/media.pakuten.pl\/258916-large_default\/kwiecista-sukienka-midi-z-rozcieciem-estrella-r15.jpg\" alt=\"Kwiecista sukienka midi z rozci\u0119ciem Estrella - R15\"\/>\r\n<\/a>\r\n<p>\r\n<a href=\"https:\/\/pakuten.pl\/44717-91921-kwiecista-sukienka-midi-z-rozcieciem-estrella-r15-r15.html\" target=\"_blank\">\r\nKwiecista sukienka midi z rozci\u0119ciem Estrella - R15\r\n<\/a><\/p>\r\n  <p>Cena: 122,49\u00a0z\u0142<\/p>\r\n<a href=\"https:\/\/pakuten.pl\/44717-91921-kwiecista-sukienka-midi-z-rozcieciem-estrella-r15-r15.html\" target=\"_blank\" class=\"button\">\r\nZobacz w sklepie\r\n<\/a>\r\n<\/div>\r\n<\/div>\r\n<div class=\"one_third \" style=\"\">\r\n<div class=\"product-box\">\r\n<a href=\"https:\/\/pakuten.pl\/44757-92006-kwiecista-sukienka-typu-hiszpanka-andreina-wzor-2515-2515.html\" target=\"_blank\">\r\n  <img src=\"https:\/\/media.pakuten.pl\/259145-large_default\/kwiecista-sukienka-typu-hiszpanka-andreina-wzor-2515.jpg\" alt=\"Kwiecista sukienka typu hiszpanka Andreina - wz\u00f3r 2515\"\/>\r\n<\/a>\r\n<p>\r\n<a href=\"https:\/\/pakuten.pl\/44757-92006-kwiecista-sukienka-typu-hiszpanka-andreina-wzor-2515-2515.html\" target=\"_blank\">\r\nKwiecista sukienka typu hiszpanka Andreina - wz\u00f3r 2515\r\n<\/a><\/p>\r\n  <p>Cena: 122,49\u00a0z\u0142<\/p>\r\n<a href=\"https:\/\/pakuten.pl\/44757-92006-kwiecista-sukienka-typu-hiszpanka-andreina-wzor-2515-2515.html\" target=\"_blank\" class=\"button\">\r\nZobacz w sklepie\r\n<\/a>\r\n<\/div>\r\n<\/div>\r\n<div class=\"one_third last \" style=\"\">\r\n<div class=\"product-box\">\r\n<a href=\"https:\/\/pakuten.pl\/44703-91901-kwiecista-sukienka-midi-z-rozcieciem-luisa-r17-r17.html\" target=\"_blank\">\r\n  <img src=\"https:\/\/media.pakuten.pl\/258829-large_default\/kwiecista-sukienka-midi-z-rozcieciem-luisa-r17.jpg\" alt=\"Kwiecista sukienka midi z rozci\u0119ciem Luisa - R17\"\/>\r\n<\/a>\r\n<p>\r\n<a href=\"https:\/\/pakuten.pl\/44703-91901-kwiecista-sukienka-midi-z-rozcieciem-luisa-r17-r17.html\" target=\"_blank\">\r\nKwiecista sukienka midi z rozci\u0119ciem Luisa - R17\r\n<\/a><\/p>\r\n  <p>Cena: 129,49\u00a0z\u0142<\/p>\r\n<a href=\"https:\/\/pakuten.pl\/44703-91901-kwiecista-sukienka-midi-z-rozcieciem-luisa-r17-r17.html\" target=\"_blank\" class=\"button\">\r\nZobacz w sklepie\r\n<\/a>\r\n<\/div>\r\n<\/div><br class=\"clear\"\/>\r\n<\/div>\n<p><b>Koszula oversize<\/b> \u2013 \u015bwietna jako tunika, narzutka lub klasyczny top do spodni.<\/p>\n<p><b>Spodenki lub sp\u00f3dnica<\/b> \u2013 w neutralnym kolorze, kt\u00f3ry pasuje do wszystkiego.<\/p>\n<p><b>T-shirt lub top basic<\/b> \u2013 mo\u017cesz je za\u0142o\u017cy\u0107 z jeansami, sp\u00f3dnic\u0105 lub pod marynark\u0119.<\/p>\n<p><b>Jedna para wygodnych but\u00f3w i jedna bardziej elegancka<\/b> \u2013 np. sneakersy i baleriny.<\/p>\n<p class=\"p2\">W kolekcji Pakuten znajdziesz sukienki z lekkiej wiskozy, komplety z dzianiny oraz koszule idealne na letnie wypady. Styl i wygoda w jednym!<\/p>\n<blockquote class=\"instagram-media\" style=\"background: #FFF; border: 0; border-radius: 3px; box-shadow: 0 0 1px 0 rgba(0,0,0,0.5),0 1px 10px 0 rgba(0,0,0,0.15); margin: 1px; max-width: 540px; min-width: 326px; padding: 0; width: calc(100% - 2px);\" data-instgrm-permalink=\"https:\/\/www.instagram.com\/reel\/DIebIJoNlHL\/?utm_source=ig_embed&amp;utm_campaign=loading\" data-instgrm-version=\"14\">\n<div style=\"padding: 16px;\">\n<div style=\"display: flex; flex-direction: row; align-items: center;\">\n<div style=\"background-color: #f4f4f4; border-radius: 50%; flex-grow: 0; height: 40px; margin-right: 14px; width: 40px;\">\u00a0<\/div>\n<div style=\"display: flex; flex-direction: column; flex-grow: 1; justify-content: center;\">\n<div style=\"background-color: #f4f4f4; border-radius: 4px; flex-grow: 0; height: 14px; margin-bottom: 6px; width: 100px;\">\u00a0<\/div>\n<div style=\"background-color: #f4f4f4; border-radius: 4px; flex-grow: 0; height: 14px; width: 60px;\">\u00a0<\/div>\n<\/div>\n<\/div>\n<div style=\"padding: 19% 0;\">\u00a0<\/div>\n<div style=\"display: block; height: 50px; margin: 0 auto 12px; width: 50px;\">\u00a0<\/div>\n<div style=\"padding-top: 8px;\">\n<div style=\"color: #3897f0; font-family: Arial,sans-serif; font-size: 14px; font-style: normal; font-weight: 550; line-height: 18px;\">Wy\u015bwietl ten post na Instagramie<\/div>\n<\/div>\n<div style=\"padding: 12.5% 0;\">\u00a0<\/div>\n<div style=\"display: flex; flex-direction: row; margin-bottom: 14px; align-items: center;\">\n<div>\n<div style=\"background-color: #f4f4f4; border-radius: 50%; height: 12.5px; width: 12.5px; transform: translateX(0px) translateY(7px);\">\u00a0<\/div>\n<div style=\"background-color: #f4f4f4; height: 12.5px; transform: rotate(-45deg) translateX(3px) translateY(1px); width: 12.5px; flex-grow: 0; margin-right: 14px; margin-left: 2px;\">\u00a0<\/div>\n<div style=\"background-color: #f4f4f4; border-radius: 50%; height: 12.5px; width: 12.5px; transform: translateX(9px) translateY(-18px);\">\u00a0<\/div>\n<\/div>\n<div style=\"margin-left: 8px;\">\n<div style=\"background-color: #f4f4f4; border-radius: 50%; flex-grow: 0; height: 20px; width: 20px;\">\u00a0<\/div>\n<div style=\"width: 0; height: 0; border-top: 2px solid transparent; border-left: 6px solid #f4f4f4; border-bottom: 2px solid transparent; transform: translateX(16px) translateY(-4px) rotate(30deg);\">\u00a0<\/div>\n<\/div>\n<div style=\"margin-left: auto;\">\n<div style=\"width: 0px; border-top: 8px solid #F4F4F4; border-right: 8px solid transparent; transform: translateY(16px);\">\u00a0<\/div>\n<div style=\"background-color: #f4f4f4; flex-grow: 0; height: 12px; width: 16px; transform: translateY(-4px);\">\u00a0<\/div>\n<div style=\"width: 0; height: 0; border-top: 8px solid #F4F4F4; border-left: 8px solid transparent; transform: translateY(-4px) translateX(8px);\">\u00a0<\/div>\n<\/div>\n<\/div>\n<div style=\"display: flex; flex-direction: column; flex-grow: 1; justify-content: center; margin-bottom: 24px;\">\n<div style=\"background-color: #f4f4f4; border-radius: 4px; flex-grow: 0; height: 14px; margin-bottom: 6px; width: 224px;\">\u00a0<\/div>\n<div style=\"background-color: #f4f4f4; border-radius: 4px; flex-grow: 0; height: 14px; width: 144px;\">\u00a0<\/div>\n<\/div>\n<p style=\"color: #c9c8cd; font-family: Arial,sans-serif; font-size: 14px; line-height: 17px; margin-bottom: 0; margin-top: 8px; overflow: hidden; padding: 8px 0 7px; text-align: center; text-overflow: ellipsis; white-space: nowrap;\"><a style=\"color: #c9c8cd; font-family: Arial,sans-serif; font-size: 14px; font-style: normal; font-weight: normal; line-height: 17px; text-decoration: none;\" href=\"https:\/\/www.instagram.com\/reel\/DIebIJoNlHL\/?utm_source=ig_embed&amp;utm_campaign=loading\" target=\"_blank\" rel=\"noopener\">Post udost\u0119pniony przez Agnieszka Jacu\u0144ska (@joy_liifeee)<\/a><\/p>\n<\/div>\n<\/blockquote>\n<p><script async src=\"\/\/www.instagram.com\/embed.js\"><\/script><\/p>\n<h2 class=\"p1\"><span style=\"color: #ff9900;\">Modna walizka \u2013 jak dobra\u0107 dodatki, kt\u00f3re nie zajmuj\u0105 miejsca?<\/span><\/h2>\n<p class=\"p2\">Dodatki potrafi\u0105 ca\u0142kowicie odmieni\u0107 stylizacj\u0119, a zajmuj\u0105 niewiele miejsca. Wybieraj\u0105c je m\u0105drze, zyskasz wiele mo\u017cliwo\u015bci stylizacyjnych.<\/p>\n<p class=\"p2\">Postaw na:<\/p>\n<p><b>Okulary przeciws\u0142oneczne<\/b> \u2013 praktyczne i stylowe.<\/p>\n<p><b>Bi\u017cuteri\u0119<\/b> \u2013 delikatne kolczyki, pier\u015bcionki i jeden efektowny naszyjnik wystarcz\u0105.<\/p>\n<p><b>Chustk\u0119 lub opask\u0119<\/b> \u2013 idealna do w\u0142os\u00f3w lub jako ozdoba torby.<\/p>\n<p><b>Torebk\u0119 typu crossbody<\/b> \u2013 sprawdzi si\u0119 w ka\u017cdej sytuacji.<\/p>\n<p class=\"p2\">Dodatki powinny by\u0107 lekkie, uniwersalne i pasowa\u0107 do wszystkich zaplanowanych stylizacji. Dzi\u0119ki nim <b>modna walizka<\/b> nabiera charakteru!<\/p>\n<div id=\"attachment_9844\" style=\"width: 510px\" class=\"wp-caption aligncenter\"><img aria-describedby=\"caption-attachment-9844\" loading=\"lazy\" class=\"size-full wp-image-9844\" src=\"https:\/\/pakuten.pl\/blog\/wp-content\/uploads\/2025\/04\/Projekt-bez-nazwy-36.png\" alt=\"Modna walizka\" width=\"500\" height=\"700\" \/><p id=\"caption-attachment-9844\" class=\"wp-caption-text\">Komplet bluzka i spodnie Darlada<\/p><\/div>\n<h2 class=\"p1\"><span style=\"color: #ff9900;\">Modna walizka \u2013 jak spakowa\u0107 si\u0119 sprytnie i nie pogubi\u0107 w chaosie?<\/span><\/h2>\n<p class=\"p1\">Pakowanie to sztuka organizacji. Dobrze zaplanowana walizka to mniej stresu i wi\u0119cej miejsca na spontaniczno\u015b\u0107. Zamiast tradycyjnego sk\u0142adania ubra\u0144, warto je rolowa\u0107 \u2013 zajmuj\u0105 wtedy mniej przestrzeni i mniej si\u0119 gniot\u0105. Zamiast wrzuca\u0107 do walizki pojedyncze elementy garderoby, pakuj je w gotowych zestawach \u2013 na przyk\u0142ad top z dopasowanym do\u0142em i pasuj\u0105cymi dodatkami. Ka\u017cdy komplet mo\u017cesz umie\u015bci\u0107 w osobnym woreczku, co u\u0142atwi Ci codzienne wybory na miejscu. Je\u015bli chodzi o kosmetyki, najlepiej zabra\u0107 ich miniaturowe wersje lub przela\u0107 ulubione produkty do mniejszych pojemnik\u00f3w. Nie zapomnij te\u017c zostawi\u0107 odrobiny wolnego miejsca \u2013 przyda si\u0119 na pami\u0105tki lub spontaniczne zakupy. Wybieraj\u0105c baga\u017c podr\u0119czny, wcale nie musisz rezygnowa\u0107 ze stylu. Wr\u0119cz przeciwnie \u2013 ograniczenia sprawiaj\u0105, \u017ce my\u015blisz sprytniej i pakujesz tylko to, co naprawd\u0119 lubisz i nosisz.<\/p>\n<h2 class=\"p1\"><span style=\"color: #ff9900;\">Gotowe stylizacje od Pakuten<\/span><\/h2>\n<p class=\"p1\">Pakuten doskonale rozumie potrzeby kobiet, kt\u00f3re chc\u0105 wygl\u0105da\u0107 modnie i czu\u0107 si\u0119 swobodnie r\u00f3wnie\u017c w podr\u00f3\u017cy. Ubrania z kolekcji s\u0105 lekkie, wygodne i \u0142atwe do \u0142\u0105czenia w r\u00f3\u017cnorodne <span style=\"color: #ff9900;\"><a style=\"color: #ff9900;\" href=\"https:\/\/pakuten.pl\/156-komplety-damskie-ze-spodniami\" target=\"_blank\" rel=\"noopener\">zestawy<\/a><\/span>. Szczeg\u00f3lnie warte uwagi s\u0105 komplety ze spodniami \u2013 to rozwi\u0105zanie, kt\u00f3re sprawdzi si\u0119 idealnie na weekendowy wyjazd. Wystarczy jeden dobrze dobrany komplet, by stworzy\u0107 stylizacj\u0119 na zwiedzanie, kaw\u0119 w mie\u015bcie czy wieczorne wyj\u015bcie. Modele dost\u0119pne na stronie Pakuten.pl oferuj\u0105 nowoczesne fasony i pastelowe odcienie, kt\u00f3re pi\u0119knie podkre\u015blaj\u0105 letni charakter wyjazdu. Taki zestaw nie tylko wygl\u0105da stylowo, ale te\u017c oszcz\u0119dza miejsce w walizce \u2013 nie musisz ju\u017c zastanawia\u0107 si\u0119, co do czego pasuje. Wystarczy dobra\u0107 buty i kilka dodatk\u00f3w. Komplet ze spodniami mo\u017cesz te\u017c \u0142atwo rozdzieli\u0107 \u2013 nosi\u0107 top z innym do\u0142em lub spodnie z klasyczn\u0105 koszul\u0105. To idealny wyb\u00f3r dla kobiet, kt\u00f3re ceni\u0105 mod\u0119, funkcjonalno\u015b\u0107 i podr\u00f3\u017cowanie z lekko\u015bci\u0105.<\/p>\n<div class=\"product-box-container\">\r\n<div class=\"one_third \" style=\"\">\r\n<div class=\"product-box\">\r\n<a href=\"https:\/\/pakuten.pl\/44634-91762-komplet-bluzka-z-krotkim-rekawem-i-spodnie-esperanza-mocha-mousse-mocha-mousse.html\" target=\"_blank\">\r\n <img src=\"https:\/\/media.pakuten.pl\/258439-large_default\/komplet-bluzka-z-krotkim-rekawem-i-spodnie-esperanza-mocha-mousse.jpg\" alt=\"Komplet bluzka z kr\u00f3tkim r\u0119kawem i spodnie Esperanza - mocha mousse\"\/>\r\n<\/a>\r\n<p>\r\n<a href=\"https:\/\/pakuten.pl\/44634-91762-komplet-bluzka-z-krotkim-rekawem-i-spodnie-esperanza-mocha-mousse-mocha-mousse.html\" target=\"_blank\">\r\nKomplet bluzka z kr\u00f3tkim r\u0119kawem i spodnie Esperanza - mocha mousse\r\n<\/a><\/p>\r\n  <p>Cena: 74,99\u00a0z\u0142<\/p>\r\n<a href=\"https:\/\/pakuten.pl\/44634-91762-komplet-bluzka-z-krotkim-rekawem-i-spodnie-esperanza-mocha-mousse-mocha-mousse.html\" target=\"_blank\" class=\"button\">\r\nZobacz w sklepie\r\n<\/a>\r\n<\/div>\r\n<\/div>\r\n<div class=\"one_third \" style=\"\">\r\n<div class=\"product-box\">\r\n<a href=\"https:\/\/pakuten.pl\/44698-91886-bezowy-komplet-bluzka-i-szerokie-spodnie-manilaa-bezowy.html\" target=\"_blank\">\r\n  <img src=\"https:\/\/media.pakuten.pl\/258806-large_default\/bezowy-komplet-bluzka-i-szerokie-spodnie-manilaa.jpg\" alt=\"Be\u017cowy komplet bluzka i szerokie spodnie Manilaa\"\/>\r\n<\/a>\r\n<p>\r\n<a href=\"https:\/\/pakuten.pl\/44698-91886-bezowy-komplet-bluzka-i-szerokie-spodnie-manilaa-bezowy.html\" target=\"_blank\">\r\nBe\u017cowy komplet bluzka i szerokie spodnie Manilaa\r\n<\/a><\/p>\r\n  <p>Cena: 79,99\u00a0z\u0142<\/p>\r\n<a href=\"https:\/\/pakuten.pl\/44698-91886-bezowy-komplet-bluzka-i-szerokie-spodnie-manilaa-bezowy.html\" target=\"_blank\" class=\"button\">\r\nZobacz w sklepie\r\n<\/a>\r\n<\/div>\r\n<\/div>\r\n<div class=\"one_third last \" style=\"\">\r\n<div class=\"product-box\">\r\n<a href=\"https:\/\/pakuten.pl\/44756-91999-czarny-komplet-bluzka-i-spodnie-roselia-czarny.html\" target=\"_blank\">\r\n  <img src=\"https:\/\/media.pakuten.pl\/259138-large_default\/czarny-komplet-bluzka-i-spodnie-roselia.jpg\" alt=\"Czarny komplet bluzka i spodnie Roselia\"\/>\r\n<\/a>\r\n<p>\r\n<a href=\"https:\/\/pakuten.pl\/44756-91999-czarny-komplet-bluzka-i-spodnie-roselia-czarny.html\" target=\"_blank\">\r\nCzarny komplet bluzka i spodnie Roselia\r\n<\/a><\/p>\r\n  <p>Cena: 99,99\u00a0z\u0142<\/p>\r\n<a href=\"https:\/\/pakuten.pl\/44756-91999-czarny-komplet-bluzka-i-spodnie-roselia-czarny.html\" target=\"_blank\" class=\"button\">\r\nZobacz w sklepie\r\n<\/a>\r\n<\/div>\r\n<\/div><br class=\"clear\"\/>\r\n<\/div>\n<p>\u00a0<\/p>\n<p class=\"p1\">Nie potrzebujesz wielkiej walizki, by wygl\u0105da\u0107 \u015bwietnie. Wystarczy dobry plan, sprawdzone elementy garderoby i dodatki, kt\u00f3re podkre\u015bl\u0105 Tw\u00f3j styl.<\/p>\n<p class=\"p1\"><b>Modna walizka<\/b> na weekend to taka, kt\u00f3ra mie\u015bci tylko to, co naprawd\u0119 potrzebne, ale daje Ci pe\u0142ni\u0119 mo\u017cliwo\u015bci. Wybieraj rzeczy, kt\u00f3re lubisz nosi\u0107, czujesz si\u0119 w nich sob\u0105 i kt\u00f3re \u0142atwo \u0142\u0105cz\u0105 si\u0119 ze sob\u0105.<\/p>\n<p class=\"p1\">Z kolekcj\u0105 Pakuten pakowanie staje si\u0119 przyjemno\u015bci\u0105, a ka\u017cda stylizacja \u2013 gotowa do dzia\u0142ania. Wyrusz lekko, wygl\u0105daj stylowo i ciesz si\u0119 wyjazdem!<\/p>\n\n\n<div class=\"kk-star-ratings kksr-auto kksr-align-right kksr-valign-bottom\"\n    data-payload='{&quot;align&quot;:&quot;right&quot;,&quot;id&quot;:&quot;9838&quot;,&quot;slug&quot;:&quot;default&quot;,&quot;valign&quot;:&quot;bottom&quot;,&quot;ignore&quot;:&quot;&quot;,&quot;reference&quot;:&quot;auto&quot;,&quot;class&quot;:&quot;&quot;,&quot;count&quot;:&quot;0&quot;,&quot;legendonly&quot;:&quot;&quot;,&quot;readonly&quot;:&quot;&quot;,&quot;score&quot;:&quot;0&quot;,&quot;starsonly&quot;:&quot;&quot;,&quot;best&quot;:&quot;5&quot;,&quot;gap&quot;:&quot;5&quot;,&quot;greet&quot;:&quot;Rate this post&quot;,&quot;legend&quot;:&quot;0\\\/5 - (0 votes)&quot;,&quot;size&quot;:&quot;24&quot;,&quot;width&quot;:&quot;0&quot;,&quot;_legend&quot;:&quot;{score}\\\/{best} - ({count} {votes})&quot;,&quot;font_factor&quot;:&quot;1.25&quot;}'>\n            \n<div class=\"kksr-stars\">\n    \n<div class=\"kksr-stars-inactive\">\n            <div class=\"kksr-star\" data-star=\"1\" style=\"padding-right: 5px\">\n            \n\n<div class=\"kksr-icon\" style=\"width: 24px; height: 24px;\"><\/div>\n        <\/div>\n            <div class=\"kksr-star\" data-star=\"2\" style=\"padding-right: 5px\">\n            \n\n<div class=\"kksr-icon\" style=\"width: 24px; height: 24px;\"><\/div>\n        <\/div>\n            <div class=\"kksr-star\" data-star=\"3\" style=\"padding-right: 5px\">\n            \n\n<div class=\"kksr-icon\" style=\"width: 24px; height: 24px;\"><\/div>\n        <\/div>\n            <div class=\"kksr-star\" data-star=\"4\" style=\"padding-right: 5px\">\n            \n\n<div class=\"kksr-icon\" style=\"width: 24px; height: 24px;\"><\/div>\n        <\/div>\n            <div class=\"kksr-star\" data-star=\"5\" style=\"padding-right: 5px\">\n            \n\n<div class=\"kksr-icon\" style=\"width: 24px; height: 24px;\"><\/div>\n        <\/div>\n    <\/div>\n    \n<div class=\"kksr-stars-active\" style=\"width: 0px;\">\n            <div class=\"kksr-star\" style=\"padding-right: 5px\">\n            \n\n<div class=\"kksr-icon\" style=\"width: 24px; height: 24px;\"><\/div>\n        <\/div>\n            <div class=\"kksr-star\" style=\"padding-right: 5px\">\n            \n\n<div class=\"kksr-icon\" style=\"width: 24px; height: 24px;\"><\/div>\n        <\/div>\n            <div class=\"kksr-star\" style=\"padding-right: 5px\">\n            \n\n<div class=\"kksr-icon\" style=\"width: 24px; height: 24px;\"><\/div>\n        <\/div>\n            <div class=\"kksr-star\" style=\"padding-right: 5px\">\n            \n\n<div class=\"kksr-icon\" style=\"width: 24px; height: 24px;\"><\/div>\n        <\/div>\n            <div class=\"kksr-star\" style=\"padding-right: 5px\">\n            \n\n<div class=\"kksr-icon\" style=\"width: 24px; height: 24px;\"><\/div>\n        <\/div>\n    <\/div>\n<\/div>\n                \n\n<div class=\"kksr-legend\" style=\"font-size: 19.2px;\">\n            <span class=\"kksr-muted\">Rate this post<\/span>\n    <\/div>\n    <\/div>\n","protected":false},"excerpt":{"rendered":"<p class=\"p1\">Modna walizka to nie tylko dobrze dobrany baga\u017c, ale te\u017c zawarto\u015b\u0107, kt\u00f3ra pozwala czu\u0107 si\u0119 stylowo i komfortowo. Maj i czerwiec to idealne miesi\u0105ce na kr\u00f3tkie wyjazdy \u2013 city breaki, weekendy na wsi czy wypady nad jezioro. Niezale\u017cnie od kierunku, jedno pozostaje niezmienne: chcemy wygl\u0105da\u0107 dobrze, ale nie d\u017awiga\u0107 po\u0142owy garderoby.<\/p>\n<p>&nbsp;<\/p>\n<p class=\"p1\">Jak wi\u0119c spakowa\u0107 si\u0119 lekko, nie trac\u0105c stylu? W tym wpisie znajdziesz praktyczne wskaz\u00f3wki i gotowe zestawy, kt\u00f3re sprawi\u0105, \u017ce modna walizka stanie si\u0119 Twoj\u0105 supermoc\u0105.<\/p>\n","protected":false},"author":3,"featured_media":9840,"comment_status":"open","ping_status":"open","sticky":false,"template":"","format":"standard","meta":[],"categories":[4],"tags":[119,115,117,118,116],"yoast_head":"<!-- This site is optimized with the Yoast SEO plugin v18.4.1 - https:\/\/yoast.com\/wordpress\/plugins\/seo\/ -->\n<title>Modna walizka na weekend \u2013 stylizacje, kt\u00f3re zmieszcz\u0105 si\u0119 w baga\u017cu podr\u0119cznym - Pakuten blog<\/title>\n<meta name=\"description\" content=\"Modna walizka na weekend? Oto stylizacje, kt\u00f3re zmie\u015bcisz w baga\u017cu podr\u0119cznym i nadal b\u0119dziesz wygl\u0105da\u0107 \u015bwietnie.\" \/>\n<meta name=\"robots\" content=\"index, follow, max-snippet:-1, max-image-preview:large, max-video-preview:-1\" \/>\n<link rel=\"canonical\" href=\"https:\/\/pakuten.pl\/blog\/modna-walizka-na-weekend\/\" \/>\n<meta property=\"og:locale\" content=\"pl_PL\" \/>\n<meta property=\"og:type\" content=\"article\" \/>\n<meta property=\"og:title\" content=\"Modna walizka na weekend \u2013 stylizacje, kt\u00f3re zmieszcz\u0105 si\u0119 w baga\u017cu podr\u0119cznym - Pakuten blog\" \/>\n<meta property=\"og:description\" content=\"Modna walizka na weekend? Oto stylizacje, kt\u00f3re zmie\u015bcisz w baga\u017cu podr\u0119cznym i nadal b\u0119dziesz wygl\u0105da\u0107 \u015bwietnie.\" \/>\n<meta property=\"og:url\" content=\"https:\/\/pakuten.pl\/blog\/modna-walizka-na-weekend\/\" \/>\n<meta property=\"og:site_name\" content=\"Pakuten blog\" \/>\n<meta property=\"article:published_time\" content=\"2025-04-19T12:23:00+00:00\" \/>\n<meta property=\"article:modified_time\" content=\"2025-04-16T12:48:57+00:00\" \/>\n<meta property=\"og:image\" content=\"https:\/\/pakuten.pl\/blog\/wp-content\/uploads\/2025\/04\/Projekt-bez-nazwy-35.png\" \/>\n\t<meta property=\"og:image:width\" content=\"1280\" \/>\n\t<meta property=\"og:image:height\" content=\"853\" \/>\n\t<meta property=\"og:image:type\" content=\"image\/png\" \/>\n<meta name=\"twitter:card\" content=\"summary_large_image\" \/>\n<meta name=\"twitter:label1\" content=\"Napisane przez\" \/>\n\t<meta name=\"twitter:data1\" content=\"Pakuten Girl\" \/>\n\t<meta name=\"twitter:label2\" content=\"Szacowany czas czytania\" \/>\n\t<meta name=\"twitter:data2\" content=\"5 minut\" \/>\n<script type=\"application\/ld+json\" class=\"yoast-schema-graph\">{\"@context\":\"https:\/\/schema.org\",\"@graph\":[{\"@type\":\"Organization\",\"@id\":\"https:\/\/pakuten.pl\/blog\/#organization\",\"name\":\"Pakuten\",\"url\":\"https:\/\/pakuten.pl\/blog\/\",\"sameAs\":[],\"logo\":{\"@type\":\"ImageObject\",\"@id\":\"https:\/\/pakuten.pl\/blog\/#logo\",\"inLanguage\":\"pl-PL\",\"url\":\"http:\/\/pakuten.pl\/blog\/wp-content\/uploads\/2018\/01\/pakuten_logo.png\",\"contentUrl\":\"http:\/\/pakuten.pl\/blog\/wp-content\/uploads\/2018\/01\/pakuten_logo.png\",\"width\":300,\"height\":120,\"caption\":\"Pakuten\"},\"image\":{\"@id\":\"https:\/\/pakuten.pl\/blog\/#logo\"}},{\"@type\":\"WebSite\",\"@id\":\"https:\/\/pakuten.pl\/blog\/#website\",\"url\":\"https:\/\/pakuten.pl\/blog\/\",\"name\":\"Pakuten blog\",\"description\":\"Blog sklepu internetowego pakuten.pl\",\"publisher\":{\"@id\":\"https:\/\/pakuten.pl\/blog\/#organization\"},\"potentialAction\":[{\"@type\":\"SearchAction\",\"target\":{\"@type\":\"EntryPoint\",\"urlTemplate\":\"https:\/\/pakuten.pl\/blog\/?s={search_term_string}\"},\"query-input\":\"required name=search_term_string\"}],\"inLanguage\":\"pl-PL\"},{\"@type\":\"ImageObject\",\"@id\":\"https:\/\/pakuten.pl\/blog\/modna-walizka-na-weekend\/#primaryimage\",\"inLanguage\":\"pl-PL\",\"url\":\"https:\/\/pakuten.pl\/blog\/wp-content\/uploads\/2025\/04\/Projekt-bez-nazwy-35.png\",\"contentUrl\":\"https:\/\/pakuten.pl\/blog\/wp-content\/uploads\/2025\/04\/Projekt-bez-nazwy-35.png\",\"width\":1280,\"height\":853},{\"@type\":\"WebPage\",\"@id\":\"https:\/\/pakuten.pl\/blog\/modna-walizka-na-weekend\/#webpage\",\"url\":\"https:\/\/pakuten.pl\/blog\/modna-walizka-na-weekend\/\",\"name\":\"Modna walizka na weekend \u2013 stylizacje, kt\u00f3re zmieszcz\u0105 si\u0119 w baga\u017cu podr\u0119cznym - Pakuten blog\",\"isPartOf\":{\"@id\":\"https:\/\/pakuten.pl\/blog\/#website\"},\"primaryImageOfPage\":{\"@id\":\"https:\/\/pakuten.pl\/blog\/modna-walizka-na-weekend\/#primaryimage\"},\"datePublished\":\"2025-04-19T12:23:00+00:00\",\"dateModified\":\"2025-04-16T12:48:57+00:00\",\"description\":\"Modna walizka na weekend? Oto stylizacje, kt\u00f3re zmie\u015bcisz w baga\u017cu podr\u0119cznym i nadal b\u0119dziesz wygl\u0105da\u0107 \u015bwietnie.\",\"breadcrumb\":{\"@id\":\"https:\/\/pakuten.pl\/blog\/modna-walizka-na-weekend\/#breadcrumb\"},\"inLanguage\":\"pl-PL\",\"potentialAction\":[{\"@type\":\"ReadAction\",\"target\":[\"https:\/\/pakuten.pl\/blog\/modna-walizka-na-weekend\/\"]}]},{\"@type\":\"BreadcrumbList\",\"@id\":\"https:\/\/pakuten.pl\/blog\/modna-walizka-na-weekend\/#breadcrumb\",\"itemListElement\":[{\"@type\":\"ListItem\",\"position\":1,\"name\":\"Strona g\u0142\u00f3wna\",\"item\":\"https:\/\/pakuten.pl\/blog\/\"},{\"@type\":\"ListItem\",\"position\":2,\"name\":\"Modna walizka na weekend \u2013 stylizacje, kt\u00f3re zmieszcz\u0105 si\u0119 w baga\u017cu podr\u0119cznym\"}]},{\"@type\":\"Article\",\"@id\":\"https:\/\/pakuten.pl\/blog\/modna-walizka-na-weekend\/#article\",\"isPartOf\":{\"@id\":\"https:\/\/pakuten.pl\/blog\/modna-walizka-na-weekend\/#webpage\"},\"author\":{\"@id\":\"https:\/\/pakuten.pl\/blog\/#\/schema\/person\/d7133af30211381a4e4536d088384556\"},\"headline\":\"Modna walizka na weekend \u2013 stylizacje, kt\u00f3re zmieszcz\u0105 si\u0119 w baga\u017cu podr\u0119cznym\",\"datePublished\":\"2025-04-19T12:23:00+00:00\",\"dateModified\":\"2025-04-16T12:48:57+00:00\",\"mainEntityOfPage\":{\"@id\":\"https:\/\/pakuten.pl\/blog\/modna-walizka-na-weekend\/#webpage\"},\"wordCount\":871,\"commentCount\":0,\"publisher\":{\"@id\":\"https:\/\/pakuten.pl\/blog\/#organization\"},\"image\":{\"@id\":\"https:\/\/pakuten.pl\/blog\/modna-walizka-na-weekend\/#primaryimage\"},\"thumbnailUrl\":\"https:\/\/pakuten.pl\/blog\/wp-content\/uploads\/2025\/04\/Projekt-bez-nazwy-35.png\",\"keywords\":[\"jak pakowa\u0107 walizk\u0119\",\"modna walizka\",\"modne stylizacje\",\"modne sukienki\",\"stylizacje na weekend\"],\"articleSection\":[\"Tips&amp;Tricks\"],\"inLanguage\":\"pl-PL\",\"potentialAction\":[{\"@type\":\"CommentAction\",\"name\":\"Comment\",\"target\":[\"https:\/\/pakuten.pl\/blog\/modna-walizka-na-weekend\/#respond\"]}]},{\"@type\":\"Person\",\"@id\":\"https:\/\/pakuten.pl\/blog\/#\/schema\/person\/d7133af30211381a4e4536d088384556\",\"name\":\"Pakuten Girl\",\"image\":{\"@type\":\"ImageObject\",\"@id\":\"https:\/\/pakuten.pl\/blog\/#personlogo\",\"inLanguage\":\"pl-PL\",\"url\":\"https:\/\/secure.gravatar.com\/avatar\/d3df41de2caf92e6cfded9430c2ff352?s=96&d=mm&r=g\",\"contentUrl\":\"https:\/\/secure.gravatar.com\/avatar\/d3df41de2caf92e6cfded9430c2ff352?s=96&d=mm&r=g\",\"caption\":\"Pakuten Girl\"},\"description\":\"Cze\u015b\u0107, nazywam si\u0119 Ola. Kocham Netflixa, sals\u0119, nowo\u015bci kosmetyczne i najnowsze trendy w modzie.\",\"url\":\"https:\/\/pakuten.pl\/blog\/author\/pakuten-girl\/\"}]}<\/script>\n<!-- \/ Yoast SEO plugin. -->","yoast_head_json":{"title":"Modna walizka na weekend \u2013 stylizacje, kt\u00f3re zmieszcz\u0105 si\u0119 w baga\u017cu podr\u0119cznym - Pakuten blog","description":"Modna walizka na weekend? Oto stylizacje, kt\u00f3re zmie\u015bcisz w baga\u017cu podr\u0119cznym i nadal b\u0119dziesz wygl\u0105da\u0107 \u015bwietnie.","robots":{"index":"index","follow":"follow","max-snippet":"max-snippet:-1","max-image-preview":"max-image-preview:large","max-video-preview":"max-video-preview:-1"},"canonical":"https:\/\/pakuten.pl\/blog\/modna-walizka-na-weekend\/","og_locale":"pl_PL","og_type":"article","og_title":"Modna walizka na weekend \u2013 stylizacje, kt\u00f3re zmieszcz\u0105 si\u0119 w baga\u017cu podr\u0119cznym - Pakuten blog","og_description":"Modna walizka na weekend? Oto stylizacje, kt\u00f3re zmie\u015bcisz w baga\u017cu podr\u0119cznym i nadal b\u0119dziesz wygl\u0105da\u0107 \u015bwietnie.","og_url":"https:\/\/pakuten.pl\/blog\/modna-walizka-na-weekend\/","og_site_name":"Pakuten blog","article_published_time":"2025-04-19T12:23:00+00:00","article_modified_time":"2025-04-16T12:48:57+00:00","og_image":[{"width":1280,"height":853,"url":"https:\/\/pakuten.pl\/blog\/wp-content\/uploads\/2025\/04\/Projekt-bez-nazwy-35.png","type":"image\/png"}],"twitter_card":"summary_large_image","twitter_misc":{"Napisane przez":"Pakuten Girl","Szacowany czas czytania":"5 minut"},"schema":{"@context":"https:\/\/schema.org","@graph":[{"@type":"Organization","@id":"https:\/\/pakuten.pl\/blog\/#organization","name":"Pakuten","url":"https:\/\/pakuten.pl\/blog\/","sameAs":[],"logo":{"@type":"ImageObject","@id":"https:\/\/pakuten.pl\/blog\/#logo","inLanguage":"pl-PL","url":"http:\/\/pakuten.pl\/blog\/wp-content\/uploads\/2018\/01\/pakuten_logo.png","contentUrl":"http:\/\/pakuten.pl\/blog\/wp-content\/uploads\/2018\/01\/pakuten_logo.png","width":300,"height":120,"caption":"Pakuten"},"image":{"@id":"https:\/\/pakuten.pl\/blog\/#logo"}},{"@type":"WebSite","@id":"https:\/\/pakuten.pl\/blog\/#website","url":"https:\/\/pakuten.pl\/blog\/","name":"Pakuten blog","description":"Blog sklepu internetowego pakuten.pl","publisher":{"@id":"https:\/\/pakuten.pl\/blog\/#organization"},"potentialAction":[{"@type":"SearchAction","target":{"@type":"EntryPoint","urlTemplate":"https:\/\/pakuten.pl\/blog\/?s={search_term_string}"},"query-input":"required name=search_term_string"}],"inLanguage":"pl-PL"},{"@type":"ImageObject","@id":"https:\/\/pakuten.pl\/blog\/modna-walizka-na-weekend\/#primaryimage","inLanguage":"pl-PL","url":"https:\/\/pakuten.pl\/blog\/wp-content\/uploads\/2025\/04\/Projekt-bez-nazwy-35.png","contentUrl":"https:\/\/pakuten.pl\/blog\/wp-content\/uploads\/2025\/04\/Projekt-bez-nazwy-35.png","width":1280,"height":853},{"@type":"WebPage","@id":"https:\/\/pakuten.pl\/blog\/modna-walizka-na-weekend\/#webpage","url":"https:\/\/pakuten.pl\/blog\/modna-walizka-na-weekend\/","name":"Modna walizka na weekend \u2013 stylizacje, kt\u00f3re zmieszcz\u0105 si\u0119 w baga\u017cu podr\u0119cznym - Pakuten blog","isPartOf":{"@id":"https:\/\/pakuten.pl\/blog\/#website"},"primaryImageOfPage":{"@id":"https:\/\/pakuten.pl\/blog\/modna-walizka-na-weekend\/#primaryimage"},"datePublished":"2025-04-19T12:23:00+00:00","dateModified":"2025-04-16T12:48:57+00:00","description":"Modna walizka na weekend? Oto stylizacje, kt\u00f3re zmie\u015bcisz w baga\u017cu podr\u0119cznym i nadal b\u0119dziesz wygl\u0105da\u0107 \u015bwietnie.","breadcrumb":{"@id":"https:\/\/pakuten.pl\/blog\/modna-walizka-na-weekend\/#breadcrumb"},"inLanguage":"pl-PL","potentialAction":[{"@type":"ReadAction","target":["https:\/\/pakuten.pl\/blog\/modna-walizka-na-weekend\/"]}]},{"@type":"BreadcrumbList","@id":"https:\/\/pakuten.pl\/blog\/modna-walizka-na-weekend\/#breadcrumb","itemListElement":[{"@type":"ListItem","position":1,"name":"Strona g\u0142\u00f3wna","item":"https:\/\/pakuten.pl\/blog\/"},{"@type":"ListItem","position":2,"name":"Modna walizka na weekend \u2013 stylizacje, kt\u00f3re zmieszcz\u0105 si\u0119 w baga\u017cu podr\u0119cznym"}]},{"@type":"Article","@id":"https:\/\/pakuten.pl\/blog\/modna-walizka-na-weekend\/#article","isPartOf":{"@id":"https:\/\/pakuten.pl\/blog\/modna-walizka-na-weekend\/#webpage"},"author":{"@id":"https:\/\/pakuten.pl\/blog\/#\/schema\/person\/d7133af30211381a4e4536d088384556"},"headline":"Modna walizka na weekend \u2013 stylizacje, kt\u00f3re zmieszcz\u0105 si\u0119 w baga\u017cu podr\u0119cznym","datePublished":"2025-04-19T12:23:00+00:00","dateModified":"2025-04-16T12:48:57+00:00","mainEntityOfPage":{"@id":"https:\/\/pakuten.pl\/blog\/modna-walizka-na-weekend\/#webpage"},"wordCount":871,"commentCount":0,"publisher":{"@id":"https:\/\/pakuten.pl\/blog\/#organization"},"image":{"@id":"https:\/\/pakuten.pl\/blog\/modna-walizka-na-weekend\/#primaryimage"},"thumbnailUrl":"https:\/\/pakuten.pl\/blog\/wp-content\/uploads\/2025\/04\/Projekt-bez-nazwy-35.png","keywords":["jak pakowa\u0107 walizk\u0119","modna walizka","modne stylizacje","modne sukienki","stylizacje na weekend"],"articleSection":["Tips&amp;Tricks"],"inLanguage":"pl-PL","potentialAction":[{"@type":"CommentAction","name":"Comment","target":["https:\/\/pakuten.pl\/blog\/modna-walizka-na-weekend\/#respond"]}]},{"@type":"Person","@id":"https:\/\/pakuten.pl\/blog\/#\/schema\/person\/d7133af30211381a4e4536d088384556","name":"Pakuten Girl","image":{"@type":"ImageObject","@id":"https:\/\/pakuten.pl\/blog\/#personlogo","inLanguage":"pl-PL","url":"https:\/\/secure.gravatar.com\/avatar\/d3df41de2caf92e6cfded9430c2ff352?s=96&d=mm&r=g","contentUrl":"https:\/\/secure.gravatar.com\/avatar\/d3df41de2caf92e6cfded9430c2ff352?s=96&d=mm&r=g","caption":"Pakuten Girl"},"description":"Cze\u015b\u0107, nazywam si\u0119 Ola. Kocham Netflixa, sals\u0119, nowo\u015bci kosmetyczne i najnowsze trendy w modzie.","url":"https:\/\/pakuten.pl\/blog\/author\/pakuten-girl\/"}]}},"_links":{"self":[{"href":"https:\/\/pakuten.pl\/blog\/wp-json\/wp\/v2\/posts\/9838"}],"collection":[{"href":"https:\/\/pakuten.pl\/blog\/wp-json\/wp\/v2\/posts"}],"about":[{"href":"https:\/\/pakuten.pl\/blog\/wp-json\/wp\/v2\/types\/post"}],"author":[{"embeddable":true,"href":"https:\/\/pakuten.pl\/blog\/wp-json\/wp\/v2\/users\/3"}],"replies":[{"embeddable":true,"href":"https:\/\/pakuten.pl\/blog\/wp-json\/wp\/v2\/comments?post=9838"}],"version-history":[{"count":4,"href":"https:\/\/pakuten.pl\/blog\/wp-json\/wp\/v2\/posts\/9838\/revisions"}],"predecessor-version":[{"id":9846,"href":"https:\/\/pakuten.pl\/blog\/wp-json\/wp\/v2\/posts\/9838\/revisions\/9846"}],"wp:featuredmedia":[{"embeddable":true,"href":"https:\/\/pakuten.pl\/blog\/wp-json\/wp\/v2\/media\/9840"}],"wp:attachment":[{"href":"https:\/\/pakuten.pl\/blog\/wp-json\/wp\/v2\/media?parent=9838"}],"wp:term":[{"taxonomy":"category","embeddable":true,"href":"https:\/\/pakuten.pl\/blog\/wp-json\/wp\/v2\/categories?post=9838"},{"taxonomy":"post_tag","embeddable":true,"href":"https:\/\/pakuten.pl\/blog\/wp-json\/wp\/v2\/tags?post=9838"}],"curies":[{"name":"wp","href":"https:\/\/api.w.org\/{rel}","templated":true}]}}